{"id":27170,"date":"2025-01-24T11:42:05","date_gmt":"2025-01-24T08:42:05","guid":{"rendered":"https:\/\/denizcankizil.tr\/uncategorized-tr\/tek-isaret-tek-anlam-icin-ko-mekte-egitim-aliyor\/"},"modified":"2025-01-24T11:42:05","modified_gmt":"2025-01-24T08:42:05","slug":"tek-isaret-tek-anlam-icin-ko-mekte-egitim-aliyor","status":"publish","type":"post","link":"https:\/\/denizcankizil.tr\/uk\/haberler\/gundem\/tek-isaret-tek-anlam-icin-ko-mekte-egitim-aliyor\/","title":{"rendered":"Tek i\u015faret tek anlam i\u00e7in KO-MEK\u2019te e\u011fitim al\u0131yor"},"content":{"rendered":"<p>Kocaeli B\u00fcy\u00fck\u015fehir Belediyesi Meslek ve Sanat E\u011fitim Kurslar\u0131\u2019nda geli\u015ftirilen \u00f6zel yaz\u0131l\u0131m ile 142 farkl\u0131 i\u015faret dilinin tek standartta birle\u015ftirilmesi hedefleniyor.KOCAEL\u0130 (\u0130GFA) &#8211; Kocaeli B\u00fcy\u00fck\u015fehir Belediyesi Meslek ve Sanat E\u011fitim Kurslar\u0131\u2019na gelerek i\u015faret dili \u00f6\u011frenmeye ve kendini geli\u015ftirmeye karar veren emekli Albay G\u00f6kalp At\u0131lm\u0131\u015f, 142 farkl\u0131 i\u015faret dilinin tek standartta birle\u015ftirilmesi i\u00e7in \u00e7al\u0131\u015fma ba\u015flatt\u0131.<br \/>\nBu kapsamda kendisi de bir yaz\u0131l\u0131mc\u0131 olan ve De\u011firmendere KO-MEK Kurs Merkezi i\u015faret dili bran\u015f\u0131nda e\u011fitim alan G\u00f6kalp At\u0131lm\u0131\u015f, \u201c\u0130\u015faret dili; i\u015fitme ya da konu\u015fma yetisi k\u0131s\u0131tl\u0131 olan ki\u015filerin di\u011fer ki\u015filerle ileti\u015fim kurabilmesini sa\u011flayan, g\u00f6rsel ve beden diliyle desteklenen sistemdir. Bu dil engelli bireylerin topluma daha iyi adapte olmalar\u0131n\u0131 ve sosyal hayatta kendilerini daha iyi ifade etmelerini sa\u011flar. \u0130\u015faret dilinde de konu\u015fma dilindeki gibi kelimelerin okunu\u015fu ya da hareket bi\u00e7imleri farkl\u0131l\u0131k g\u00f6steriyor. Amac\u0131m\u0131z d\u00fcnyan\u0131n her neresinde olursa olsun i\u015faret dili ile konu\u015fan herkesin farkl\u0131l\u0131k g\u00f6stermeden ayn\u0131 anlam\u0131 anlamalar\u0131n\u0131 sa\u011flamak\u2019\u2019 dedi.<\/p>\n<p>STANDART B\u0130R D\u0130L HEDEFLEN\u0130YOR<br \/>\nSon d\u00f6nemde yap\u0131lan ara\u015ft\u0131rmalara g\u00f6re d\u00fcnya \u00e7ap\u0131nda 142 farkl\u0131 i\u015faret dili bulundu\u011funu ifade eden At\u0131lm\u0131\u015f, \u201cBu kadar farkl\u0131l\u0131\u011f\u0131n olmas\u0131 d\u00fcnyan\u0131n farkl\u0131 noktalar\u0131nda ya\u015fayan i\u015fitme engelli bireylerin birbiri aras\u0131nda ileti\u015fim kurmas\u0131n\u0131 zorla\u015ft\u0131rmaktad\u0131r. KO-MEK\u2019te ald\u0131\u011f\u0131m e\u011fitimlerden sonra bu duruma kay\u0131ts\u0131z kalmak istemedim ve yaz\u0131l\u0131m konusunda neler yapabilirim diye d\u00fc\u015f\u00fcnd\u00fcm. \u0130\u015faret dili ile yeni bir yaz\u0131l\u0131m geli\u015ftirerek d\u00fcnyan\u0131n her yerinde ge\u00e7erli olacak standart bir dil olu\u015fturmaya karar verdim\u201d dedi.<br \/>\nDe\u011firmendere KO-MEK kurs merkezinde kursiyer arkada\u015flar\u0131 ile olduk\u00e7a e\u011flenceli bir ortamda e\u011fitim alan G\u00f6kalp At\u0131lm\u0131\u015f, standart bir i\u015faret dili olu\u015fturmak i\u00e7in \u00e7al\u0131\u015fma yapmay\u0131 d\u00fc\u015f\u00fcnd\u00fc\u011f\u00fcn\u00fc belirterek, &#8220;\u0130\u015faret dilinin sese, sesin de i\u015faret diline \u00e7evrildi\u011fi yeni bir yaz\u0131l\u0131m geli\u015ftirmek istiyorum. \u0130\u015fte bu noktada i\u015faret dili \u00f6\u011frenerek insanlar\u0131n kendi i\u00e7indeki duygular\u0131n\u0131 yapay zeka ile i\u015faret diline \u00e7evirmeyi ba\u015faran bir yaz\u0131l\u0131m \u00fczerinde \u00e7al\u0131\u015fmak i\u00e7in projeler haz\u0131rl\u0131yorum\u201d dedi.<\/p>\n<p>\u200bKocaeli B\u00fcy\u00fck\u015fehir Belediyesi Meslek ve Sanat E\u011fitim Kurslar\u0131\u2019nda geli\u015ftirilen \u00f6zel yaz\u0131l\u0131m ile 142 farkl\u0131 i\u015faret dilinin tek standartta birle\u015ftirilmesi hedefleniyor.KOCAEL\u0130 (\u0130GFA) &#8211; Kocaeli B\u00fcy\u00fck\u015fehir Belediyesi Meslek ve Sanat E\u011fitim Kurslar\u0131\u2019na gelerek i\u015faret dili \u00f6\u011frenmeye ve kendini geli\u015ftirmeye karar veren emekli Albay G\u00f6kalp At\u0131lm\u0131\u015f, 142 farkl\u0131 i\u015faret dilinin tek standartta birle\u015ftirilmesi i\u00e7in \u00e7al\u0131\u015fma ba\u015flatt\u0131.<br \/>\nBu kapsamda kendisi de bir yaz\u0131l\u0131mc\u0131 olan ve De\u011firmendere KO-MEK Kurs Merkezi i\u015faret dili bran\u015f\u0131nda e\u011fitim alan G\u00f6kalp At\u0131lm\u0131\u015f, \u201c\u0130\u015faret dili; i\u015fitme ya da konu\u015fma yetisi k\u0131s\u0131tl\u0131 olan ki\u015filerin di\u011fer ki\u015filerle ileti\u015fim kurabilmesini sa\u011flayan, g\u00f6rsel ve beden diliyle desteklenen sistemdir. Bu dil engelli bireylerin topluma daha iyi adapte olmalar\u0131n\u0131 ve sosyal hayatta kendilerini daha iyi ifade etmelerini sa\u011flar. \u0130\u015faret dilinde de konu\u015fma dilindeki gibi kelimelerin okunu\u015fu ya da hareket bi\u00e7imleri farkl\u0131l\u0131k g\u00f6steriyor. Amac\u0131m\u0131z d\u00fcnyan\u0131n her neresinde olursa olsun i\u015faret dili ile konu\u015fan herkesin farkl\u0131l\u0131k g\u00f6stermeden ayn\u0131 anlam\u0131 anlamalar\u0131n\u0131 sa\u011flamak\u2019\u2019 dedi.<\/p>\n<p>STANDART B\u0130R D\u0130L HEDEFLEN\u0130YOR<br \/>\nSon d\u00f6nemde yap\u0131lan ara\u015ft\u0131rmalara g\u00f6re d\u00fcnya \u00e7ap\u0131nda 142 farkl\u0131 i\u015faret dili bulundu\u011funu ifade eden At\u0131lm\u0131\u015f, \u201cBu kadar farkl\u0131l\u0131\u011f\u0131n olmas\u0131 d\u00fcnyan\u0131n farkl\u0131 noktalar\u0131nda ya\u015fayan i\u015fitme engelli bireylerin birbiri aras\u0131nda ileti\u015fim kurmas\u0131n\u0131 zorla\u015ft\u0131rmaktad\u0131r. KO-MEK\u2019te ald\u0131\u011f\u0131m e\u011fitimlerden sonra bu duruma kay\u0131ts\u0131z kalmak istemedim ve yaz\u0131l\u0131m konusunda neler yapabilirim diye d\u00fc\u015f\u00fcnd\u00fcm. \u0130\u015faret dili ile yeni bir yaz\u0131l\u0131m geli\u015ftirerek d\u00fcnyan\u0131n her yerinde ge\u00e7erli olacak standart bir dil olu\u015fturmaya karar verdim\u201d dedi.<br \/>\nDe\u011firmendere KO-MEK kurs merkezinde kursiyer arkada\u015flar\u0131 ile olduk\u00e7a e\u011flenceli bir ortamda e\u011fitim alan G\u00f6kalp At\u0131lm\u0131\u015f, standart bir i\u015faret dili olu\u015fturmak i\u00e7in \u00e7al\u0131\u015fma yapmay\u0131 d\u00fc\u015f\u00fcnd\u00fc\u011f\u00fcn\u00fc belirterek, &#8220;\u0130\u015faret dilinin sese, sesin de i\u015faret diline \u00e7evrildi\u011fi yeni bir yaz\u0131l\u0131m geli\u015ftirmek istiyorum. \u0130\u015fte bu noktada i\u015faret dili \u00f6\u011frenerek insanlar\u0131n kendi i\u00e7indeki duygular\u0131n\u0131 yapay zeka ile i\u015faret diline \u00e7evirmeyi ba\u015faran bir yaz\u0131l\u0131m \u00fczerinde \u00e7al\u0131\u015fmak i\u00e7in projeler haz\u0131rl\u0131yorum\u201d dedi.\u00a0<\/p>\n<p>\u200bHaberin Al\u0131nt\u0131land\u0131\u011f\u0131 Kaynak: www.iskenderun.org<\/p>","protected":false},"excerpt":{"rendered":"<p>Kocaeli B\u00fcy\u00fck\u015fehir Belediyesi Meslek ve Sanat E\u011fitim Kurslar\u0131\u2019nda geli\u015ftirilen \u00f6zel yaz\u0131l\u0131m ile 142 farkl\u0131 i\u015faret dilinin tek standartta birle\u015ftirilmesi hedefleniyor.KOCAEL\u0130 (\u0130GFA) &#8211; Kocaeli B\u00fcy\u00fck\u015fehir Belediyesi Meslek ve Sanat E\u011fitim Kurslar\u0131\u2019na gelerek i\u015faret dili \u00f6\u011frenmeye ve kendini geli\u015ftirmeye karar veren emekli Albay G\u00f6kalp At\u0131lm\u0131\u015f, 142 farkl\u0131 i\u015faret dilinin tek standartta birle\u015ftirilmesi i\u00e7in \u00e7al\u0131\u015fma ba\u015flatt\u0131. Bu kapsamda kendisi de bir yaz\u0131l\u0131mc\u0131 olan ve De\u011firmendere KO-MEK Kurs Merkezi i\u015faret dili bran\u015f\u0131nda e\u011fitim alan G\u00f6kalp At\u0131lm\u0131\u015f, \u201c\u0130\u015faret dili; i\u015fitme ya da konu\u015fma yetisi k\u0131s\u0131tl\u0131 olan ki\u015filerin di\u011fer ki\u015filerle ileti\u015fim kurabilmesini sa\u011flayan, g\u00f6rsel ve beden diliyle desteklenen sistemdir. Bu dil engelli bireylerin topluma daha iyi adapte olmalar\u0131n\u0131 ve sosyal hayatta kendilerini daha iyi ifade etmelerini sa\u011flar. \u0130\u015faret dilinde de konu\u015fma dilindeki gibi kelimelerin okunu\u015fu ya da hareket bi\u00e7imleri farkl\u0131l\u0131k g\u00f6steriyor. Amac\u0131m\u0131z d\u00fcnyan\u0131n her neresinde olursa olsun i\u015faret dili ile konu\u015fan herkesin farkl\u0131l\u0131k g\u00f6stermeden ayn\u0131 anlam\u0131 anlamalar\u0131n\u0131 sa\u011flamak\u2019\u2019 dedi. STANDART B\u0130R D\u0130L HEDEFLEN\u0130YOR Son d\u00f6nemde yap\u0131lan ara\u015ft\u0131rmalara g\u00f6re d\u00fcnya \u00e7ap\u0131nda 142 farkl\u0131 i\u015faret dili bulundu\u011funu ifade eden At\u0131lm\u0131\u015f, \u201cBu kadar farkl\u0131l\u0131\u011f\u0131n olmas\u0131 d\u00fcnyan\u0131n farkl\u0131 noktalar\u0131nda ya\u015fayan i\u015fitme engelli bireylerin birbiri aras\u0131nda ileti\u015fim kurmas\u0131n\u0131 zorla\u015ft\u0131rmaktad\u0131r. KO-MEK\u2019te ald\u0131\u011f\u0131m e\u011fitimlerden sonra bu duruma kay\u0131ts\u0131z kalmak istemedim ve yaz\u0131l\u0131m konusunda neler yapabilirim diye d\u00fc\u015f\u00fcnd\u00fcm. \u0130\u015faret dili ile yeni bir yaz\u0131l\u0131m &hellip;<\/p>","protected":false},"author":1,"featured_media":0,"comment_status":"open","ping_status":"open","sticky":false,"template":"","format":"standard","meta":{"_acf_changed":false,"footnotes":""},"categories":[24],"tags":[],"class_list":["post-27170","post","type-post","status-publish","format-standard","has-post-thumbnail","hentry","category-gundem"],"acf":[],"yoast_head":"<!-- This site is optimized with the Yoast SEO Premium plugin v26.6 (Yoast SEO v27.1.1) - https:\/\/yoast.com\/product\/yoast-seo-premium-wordpress\/ -->\n<title>Tek i\u015faret tek anlam i\u00e7in KO-MEK\u2019te e\u011fitim al\u0131yor - Av. Deniz Can K\u0131z\u0131l<\/title>\n<meta name=\"robots\" content=\"index, follow, max-snippet:-1, max-image-preview:large, max-video-preview:-1\" \/>\n<link rel=\"canonical\" href=\"https:\/\/denizcankizil.tr\/uk\/haberler\/gundem\/tek-isaret-tek-anlam-icin-ko-mekte-egitim-aliyor\/\" \/>\n<meta property=\"og:locale\" content=\"uk_UA\" \/>\n<meta property=\"og:type\" content=\"article\" \/>\n<meta property=\"og:title\" content=\"Tek i\u015faret tek anlam i\u00e7in KO-MEK\u2019te e\u011fitim al\u0131yor\" \/>\n<meta property=\"og:description\" content=\"Kocaeli B\u00fcy\u00fck\u015fehir Belediyesi Meslek ve Sanat E\u011fitim Kurslar\u0131\u2019nda geli\u015ftirilen \u00f6zel yaz\u0131l\u0131m ile 142 farkl\u0131 i\u015faret dilinin tek standartta birle\u015ftirilmesi hedefleniyor.KOCAEL\u0130 (\u0130GFA) &#8211; Kocaeli B\u00fcy\u00fck\u015fehir Belediyesi Meslek ve Sanat E\u011fitim Kurslar\u0131\u2019na gelerek i\u015faret dili \u00f6\u011frenmeye ve kendini geli\u015ftirmeye karar veren emekli Albay G\u00f6kalp At\u0131lm\u0131\u015f, 142 farkl\u0131 i\u015faret dilinin tek standartta birle\u015ftirilmesi i\u00e7in \u00e7al\u0131\u015fma ba\u015flatt\u0131. Bu kapsamda kendisi de bir yaz\u0131l\u0131mc\u0131 olan ve De\u011firmendere KO-MEK Kurs Merkezi i\u015faret dili bran\u015f\u0131nda e\u011fitim alan G\u00f6kalp At\u0131lm\u0131\u015f, \u201c\u0130\u015faret dili; i\u015fitme ya da konu\u015fma yetisi k\u0131s\u0131tl\u0131 olan ki\u015filerin di\u011fer ki\u015filerle ileti\u015fim kurabilmesini sa\u011flayan, g\u00f6rsel ve beden diliyle desteklenen sistemdir. Bu dil engelli bireylerin topluma daha iyi adapte olmalar\u0131n\u0131 ve sosyal hayatta kendilerini daha iyi ifade etmelerini sa\u011flar. \u0130\u015faret dilinde de konu\u015fma dilindeki gibi kelimelerin okunu\u015fu ya da hareket bi\u00e7imleri farkl\u0131l\u0131k g\u00f6steriyor. Amac\u0131m\u0131z d\u00fcnyan\u0131n her neresinde olursa olsun i\u015faret dili ile konu\u015fan herkesin farkl\u0131l\u0131k g\u00f6stermeden ayn\u0131 anlam\u0131 anlamalar\u0131n\u0131 sa\u011flamak\u2019\u2019 dedi. STANDART B\u0130R D\u0130L HEDEFLEN\u0130YOR Son d\u00f6nemde yap\u0131lan ara\u015ft\u0131rmalara g\u00f6re d\u00fcnya \u00e7ap\u0131nda 142 farkl\u0131 i\u015faret dili bulundu\u011funu ifade eden At\u0131lm\u0131\u015f, \u201cBu kadar farkl\u0131l\u0131\u011f\u0131n olmas\u0131 d\u00fcnyan\u0131n farkl\u0131 noktalar\u0131nda ya\u015fayan i\u015fitme engelli bireylerin birbiri aras\u0131nda ileti\u015fim kurmas\u0131n\u0131 zorla\u015ft\u0131rmaktad\u0131r. KO-MEK\u2019te ald\u0131\u011f\u0131m e\u011fitimlerden sonra bu duruma kay\u0131ts\u0131z kalmak istemedim ve yaz\u0131l\u0131m konusunda neler yapabilirim diye d\u00fc\u015f\u00fcnd\u00fcm. \u0130\u015faret dili ile yeni bir yaz\u0131l\u0131m &hellip;\" \/>\n<meta property=\"og:url\" content=\"https:\/\/denizcankizil.tr\/uk\/haberler\/gundem\/tek-isaret-tek-anlam-icin-ko-mekte-egitim-aliyor\/\" \/>\n<meta property=\"og:site_name\" content=\"Av. Deniz Can K\u0131z\u0131l\" \/>\n<meta property=\"article:published_time\" content=\"2025-01-24T08:42:05+00:00\" \/>\n<meta name=\"author\" content=\"admin\" \/>\n<meta name=\"twitter:card\" content=\"summary_large_image\" \/>\n<meta name=\"twitter:label1\" content=\"\u041d\u0430\u043f\u0438\u0441\u0430\u043d\u043e\" \/>\n\t<meta name=\"twitter:data1\" content=\"admin\" \/>\n\t<meta name=\"twitter:label2\" content=\"\u041f\u0440\u0438\u0431\u043b. \u0447\u0430\u0441 \u0447\u0438\u0442\u0430\u043d\u043d\u044f\" \/>\n\t<meta name=\"twitter:data2\" content=\"4 \u0445\u0432\u0438\u043b\u0438\u043d\u0438\" \/>\n<script type=\"application\/ld+json\" class=\"yoast-schema-graph\">{\"@context\":\"https:\/\/schema.org\",\"@graph\":[{\"@type\":\"Article\",\"@id\":\"https:\/\/denizcankizil.tr\/ru\/haberler\/gundem\/tek-isaret-tek-anlam-icin-ko-mekte-egitim-aliyor\/#article\",\"isPartOf\":{\"@id\":\"https:\/\/denizcankizil.tr\/ru\/haberler\/gundem\/tek-isaret-tek-anlam-icin-ko-mekte-egitim-aliyor\/\"},\"author\":{\"name\":\"admin\",\"@id\":\"https:\/\/denizcankizil.tr\/de\/#\/schema\/person\/be3c05fe6a12686905512445d8185489\"},\"headline\":\"Tek i\u015faret tek anlam i\u00e7in KO-MEK\u2019te e\u011fitim al\u0131yor\",\"datePublished\":\"2025-01-24T08:42:05+00:00\",\"mainEntityOfPage\":{\"@id\":\"https:\/\/denizcankizil.tr\/ru\/haberler\/gundem\/tek-isaret-tek-anlam-icin-ko-mekte-egitim-aliyor\/\"},\"wordCount\":835,\"commentCount\":0,\"publisher\":{\"@id\":\"https:\/\/denizcankizil.tr\/de\/#organization\"},\"articleSection\":[\"G\u00fcndem\"],\"inLanguage\":\"uk\",\"potentialAction\":[{\"@type\":\"CommentAction\",\"name\":\"Comment\",\"target\":[\"https:\/\/denizcankizil.tr\/ru\/haberler\/gundem\/tek-isaret-tek-anlam-icin-ko-mekte-egitim-aliyor\/#respond\"]}]},{\"@type\":\"WebPage\",\"@id\":\"https:\/\/denizcankizil.tr\/ru\/haberler\/gundem\/tek-isaret-tek-anlam-icin-ko-mekte-egitim-aliyor\/\",\"url\":\"https:\/\/denizcankizil.tr\/ru\/haberler\/gundem\/tek-isaret-tek-anlam-icin-ko-mekte-egitim-aliyor\/\",\"name\":\"Tek i\u015faret tek anlam i\u00e7in KO-MEK\u2019te e\u011fitim al\u0131yor - Av. Deniz Can K\u0131z\u0131l\",\"isPartOf\":{\"@id\":\"https:\/\/denizcankizil.tr\/de\/#website\"},\"datePublished\":\"2025-01-24T08:42:05+00:00\",\"breadcrumb\":{\"@id\":\"https:\/\/denizcankizil.tr\/ru\/haberler\/gundem\/tek-isaret-tek-anlam-icin-ko-mekte-egitim-aliyor\/#breadcrumb\"},\"inLanguage\":\"uk\",\"potentialAction\":[{\"@type\":\"ReadAction\",\"target\":[\"https:\/\/denizcankizil.tr\/ru\/haberler\/gundem\/tek-isaret-tek-anlam-icin-ko-mekte-egitim-aliyor\/\"]}]},{\"@type\":\"BreadcrumbList\",\"@id\":\"https:\/\/denizcankizil.tr\/ru\/haberler\/gundem\/tek-isaret-tek-anlam-icin-ko-mekte-egitim-aliyor\/#breadcrumb\",\"itemListElement\":[{\"@type\":\"ListItem\",\"position\":1,\"name\":\"Home\",\"item\":\"https:\/\/denizcankizil.tr\/de\/\"},{\"@type\":\"ListItem\",\"position\":2,\"name\":\"Tek i\u015faret tek anlam i\u00e7in KO-MEK\u2019te e\u011fitim al\u0131yor\"}]},{\"@type\":\"WebSite\",\"@id\":\"https:\/\/denizcankizil.tr\/de\/#website\",\"url\":\"https:\/\/denizcankizil.tr\/de\/\",\"name\":\"Av. Deniz Can K\u0131z\u0131l\",\"description\":\"Avukat Deniz Can K\u0131z\u0131l Antalya Barosu\",\"publisher\":{\"@id\":\"https:\/\/denizcankizil.tr\/de\/#organization\"},\"potentialAction\":[{\"@type\":\"SearchAction\",\"target\":{\"@type\":\"EntryPoint\",\"urlTemplate\":\"https:\/\/denizcankizil.tr\/de\/?s={search_term_string}\"},\"query-input\":{\"@type\":\"PropertyValueSpecification\",\"valueRequired\":true,\"valueName\":\"search_term_string\"}}],\"inLanguage\":\"uk\"},{\"@type\":\"Organization\",\"@id\":\"https:\/\/denizcankizil.tr\/de\/#organization\",\"name\":\"Av. Deniz Can K\u0131z\u0131l\",\"url\":\"https:\/\/denizcankizil.tr\/de\/\",\"logo\":{\"@type\":\"ImageObject\",\"inLanguage\":\"uk\",\"@id\":\"https:\/\/denizcankizil.tr\/de\/#\/schema\/logo\/image\/\",\"url\":\"https:\/\/denizcankizil.tr\/wp-content\/uploads\/2024\/10\/siyah-logo-svg.svg\",\"contentUrl\":\"https:\/\/denizcankizil.tr\/wp-content\/uploads\/2024\/10\/siyah-logo-svg.svg\",\"width\":1080,\"height\":1080,\"caption\":\"Av. Deniz Can K\u0131z\u0131l\"},\"image\":{\"@id\":\"https:\/\/denizcankizil.tr\/de\/#\/schema\/logo\/image\/\"}},{\"@type\":\"Person\",\"@id\":\"https:\/\/denizcankizil.tr\/de\/#\/schema\/person\/be3c05fe6a12686905512445d8185489\",\"name\":\"admin\",\"image\":{\"@type\":\"ImageObject\",\"inLanguage\":\"uk\",\"@id\":\"https:\/\/denizcankizil.tr\/de\/#\/schema\/person\/image\/\",\"url\":\"https:\/\/secure.gravatar.com\/avatar\/c1fce94c830dc79107e174f890d7210541c4a63e8e5d816341794a2151c9d58c?s=96&d=mm&r=g\",\"contentUrl\":\"https:\/\/secure.gravatar.com\/avatar\/c1fce94c830dc79107e174f890d7210541c4a63e8e5d816341794a2151c9d58c?s=96&d=mm&r=g\",\"caption\":\"admin\"},\"sameAs\":[\"http:\/\/denizcankizil.tr\"],\"url\":\"https:\/\/www.iskenderun.org\/tek-isaret-tek-anlam-icin-ko-mekte-egitim-aliyor\"}]}<\/script>\n<!-- \/ Yoast SEO Premium plugin. -->","yoast_head_json":{"title":"Tek i\u015faret tek anlam i\u00e7in KO-MEK\u2019te e\u011fitim al\u0131yor - Av. Deniz Can K\u0131z\u0131l","robots":{"index":"index","follow":"follow","max-snippet":"max-snippet:-1","max-image-preview":"max-image-preview:large","max-video-preview":"max-video-preview:-1"},"canonical":"https:\/\/denizcankizil.tr\/uk\/haberler\/gundem\/tek-isaret-tek-anlam-icin-ko-mekte-egitim-aliyor\/","og_locale":"uk_UA","og_type":"article","og_title":"Tek i\u015faret tek anlam i\u00e7in KO-MEK\u2019te e\u011fitim al\u0131yor","og_description":"Kocaeli B\u00fcy\u00fck\u015fehir Belediyesi Meslek ve Sanat E\u011fitim Kurslar\u0131\u2019nda geli\u015ftirilen \u00f6zel yaz\u0131l\u0131m ile 142 farkl\u0131 i\u015faret dilinin tek standartta birle\u015ftirilmesi hedefleniyor.KOCAEL\u0130 (\u0130GFA) &#8211; Kocaeli B\u00fcy\u00fck\u015fehir Belediyesi Meslek ve Sanat E\u011fitim Kurslar\u0131\u2019na gelerek i\u015faret dili \u00f6\u011frenmeye ve kendini geli\u015ftirmeye karar veren emekli Albay G\u00f6kalp At\u0131lm\u0131\u015f, 142 farkl\u0131 i\u015faret dilinin tek standartta birle\u015ftirilmesi i\u00e7in \u00e7al\u0131\u015fma ba\u015flatt\u0131. Bu kapsamda kendisi de bir yaz\u0131l\u0131mc\u0131 olan ve De\u011firmendere KO-MEK Kurs Merkezi i\u015faret dili bran\u015f\u0131nda e\u011fitim alan G\u00f6kalp At\u0131lm\u0131\u015f, \u201c\u0130\u015faret dili; i\u015fitme ya da konu\u015fma yetisi k\u0131s\u0131tl\u0131 olan ki\u015filerin di\u011fer ki\u015filerle ileti\u015fim kurabilmesini sa\u011flayan, g\u00f6rsel ve beden diliyle desteklenen sistemdir. Bu dil engelli bireylerin topluma daha iyi adapte olmalar\u0131n\u0131 ve sosyal hayatta kendilerini daha iyi ifade etmelerini sa\u011flar. \u0130\u015faret dilinde de konu\u015fma dilindeki gibi kelimelerin okunu\u015fu ya da hareket bi\u00e7imleri farkl\u0131l\u0131k g\u00f6steriyor. Amac\u0131m\u0131z d\u00fcnyan\u0131n her neresinde olursa olsun i\u015faret dili ile konu\u015fan herkesin farkl\u0131l\u0131k g\u00f6stermeden ayn\u0131 anlam\u0131 anlamalar\u0131n\u0131 sa\u011flamak\u2019\u2019 dedi. STANDART B\u0130R D\u0130L HEDEFLEN\u0130YOR Son d\u00f6nemde yap\u0131lan ara\u015ft\u0131rmalara g\u00f6re d\u00fcnya \u00e7ap\u0131nda 142 farkl\u0131 i\u015faret dili bulundu\u011funu ifade eden At\u0131lm\u0131\u015f, \u201cBu kadar farkl\u0131l\u0131\u011f\u0131n olmas\u0131 d\u00fcnyan\u0131n farkl\u0131 noktalar\u0131nda ya\u015fayan i\u015fitme engelli bireylerin birbiri aras\u0131nda ileti\u015fim kurmas\u0131n\u0131 zorla\u015ft\u0131rmaktad\u0131r. KO-MEK\u2019te ald\u0131\u011f\u0131m e\u011fitimlerden sonra bu duruma kay\u0131ts\u0131z kalmak istemedim ve yaz\u0131l\u0131m konusunda neler yapabilirim diye d\u00fc\u015f\u00fcnd\u00fcm. \u0130\u015faret dili ile yeni bir yaz\u0131l\u0131m &hellip;","og_url":"https:\/\/denizcankizil.tr\/uk\/haberler\/gundem\/tek-isaret-tek-anlam-icin-ko-mekte-egitim-aliyor\/","og_site_name":"Av. Deniz Can K\u0131z\u0131l","article_published_time":"2025-01-24T08:42:05+00:00","author":"admin","twitter_card":"summary_large_image","twitter_misc":{"\u041d\u0430\u043f\u0438\u0441\u0430\u043d\u043e":"admin","\u041f\u0440\u0438\u0431\u043b. \u0447\u0430\u0441 \u0447\u0438\u0442\u0430\u043d\u043d\u044f":"4 \u0445\u0432\u0438\u043b\u0438\u043d\u0438"},"schema":{"@context":"https:\/\/schema.org","@graph":[{"@type":"Article","@id":"https:\/\/denizcankizil.tr\/ru\/haberler\/gundem\/tek-isaret-tek-anlam-icin-ko-mekte-egitim-aliyor\/#article","isPartOf":{"@id":"https:\/\/denizcankizil.tr\/ru\/haberler\/gundem\/tek-isaret-tek-anlam-icin-ko-mekte-egitim-aliyor\/"},"author":{"name":"admin","@id":"https:\/\/denizcankizil.tr\/de\/#\/schema\/person\/be3c05fe6a12686905512445d8185489"},"headline":"Tek i\u015faret tek anlam i\u00e7in KO-MEK\u2019te e\u011fitim al\u0131yor","datePublished":"2025-01-24T08:42:05+00:00","mainEntityOfPage":{"@id":"https:\/\/denizcankizil.tr\/ru\/haberler\/gundem\/tek-isaret-tek-anlam-icin-ko-mekte-egitim-aliyor\/"},"wordCount":835,"commentCount":0,"publisher":{"@id":"https:\/\/denizcankizil.tr\/de\/#organization"},"articleSection":["G\u00fcndem"],"inLanguage":"uk","potentialAction":[{"@type":"CommentAction","name":"Comment","target":["https:\/\/denizcankizil.tr\/ru\/haberler\/gundem\/tek-isaret-tek-anlam-icin-ko-mekte-egitim-aliyor\/#respond"]}]},{"@type":"WebPage","@id":"https:\/\/denizcankizil.tr\/ru\/haberler\/gundem\/tek-isaret-tek-anlam-icin-ko-mekte-egitim-aliyor\/","url":"https:\/\/denizcankizil.tr\/ru\/haberler\/gundem\/tek-isaret-tek-anlam-icin-ko-mekte-egitim-aliyor\/","name":"Tek i\u015faret tek anlam i\u00e7in KO-MEK\u2019te e\u011fitim al\u0131yor - Av. Deniz Can K\u0131z\u0131l","isPartOf":{"@id":"https:\/\/denizcankizil.tr\/de\/#website"},"datePublished":"2025-01-24T08:42:05+00:00","breadcrumb":{"@id":"https:\/\/denizcankizil.tr\/ru\/haberler\/gundem\/tek-isaret-tek-anlam-icin-ko-mekte-egitim-aliyor\/#breadcrumb"},"inLanguage":"uk","potentialAction":[{"@type":"ReadAction","target":["https:\/\/denizcankizil.tr\/ru\/haberler\/gundem\/tek-isaret-tek-anlam-icin-ko-mekte-egitim-aliyor\/"]}]},{"@type":"BreadcrumbList","@id":"https:\/\/denizcankizil.tr\/ru\/haberler\/gundem\/tek-isaret-tek-anlam-icin-ko-mekte-egitim-aliyor\/#breadcrumb","itemListElement":[{"@type":"ListItem","position":1,"name":"Home","item":"https:\/\/denizcankizil.tr\/de\/"},{"@type":"ListItem","position":2,"name":"Tek i\u015faret tek anlam i\u00e7in KO-MEK\u2019te e\u011fitim al\u0131yor"}]},{"@type":"WebSite","@id":"https:\/\/denizcankizil.tr\/de\/#website","url":"https:\/\/denizcankizil.tr\/de\/","name":"Av. Deniz Can K\u0131z\u0131l","description":"Avukat Deniz Can K\u0131z\u0131l Antalya Barosu","publisher":{"@id":"https:\/\/denizcankizil.tr\/de\/#organization"},"potentialAction":[{"@type":"SearchAction","target":{"@type":"EntryPoint","urlTemplate":"https:\/\/denizcankizil.tr\/de\/?s={search_term_string}"},"query-input":{"@type":"PropertyValueSpecification","valueRequired":true,"valueName":"search_term_string"}}],"inLanguage":"uk"},{"@type":"Organization","@id":"https:\/\/denizcankizil.tr\/de\/#organization","name":"Av. Deniz Can K\u0131z\u0131l","url":"https:\/\/denizcankizil.tr\/de\/","logo":{"@type":"ImageObject","inLanguage":"uk","@id":"https:\/\/denizcankizil.tr\/de\/#\/schema\/logo\/image\/","url":"https:\/\/denizcankizil.tr\/wp-content\/uploads\/2024\/10\/siyah-logo-svg.svg","contentUrl":"https:\/\/denizcankizil.tr\/wp-content\/uploads\/2024\/10\/siyah-logo-svg.svg","width":1080,"height":1080,"caption":"Av. Deniz Can K\u0131z\u0131l"},"image":{"@id":"https:\/\/denizcankizil.tr\/de\/#\/schema\/logo\/image\/"}},{"@type":"Person","@id":"https:\/\/denizcankizil.tr\/de\/#\/schema\/person\/be3c05fe6a12686905512445d8185489","name":"\u0430\u0434\u043c\u0456\u043d","image":{"@type":"ImageObject","inLanguage":"uk","@id":"https:\/\/denizcankizil.tr\/de\/#\/schema\/person\/image\/","url":"https:\/\/secure.gravatar.com\/avatar\/c1fce94c830dc79107e174f890d7210541c4a63e8e5d816341794a2151c9d58c?s=96&d=mm&r=g","contentUrl":"https:\/\/secure.gravatar.com\/avatar\/c1fce94c830dc79107e174f890d7210541c4a63e8e5d816341794a2151c9d58c?s=96&d=mm&r=g","caption":"admin"},"sameAs":["http:\/\/denizcankizil.tr"],"url":"https:\/\/www.iskenderun.org\/tek-isaret-tek-anlam-icin-ko-mekte-egitim-aliyor"}]}},"_links":{"self":[{"href":"https:\/\/denizcankizil.tr\/uk\/wp-json\/wp\/v2\/posts\/27170","targetHints":{"allow":["GET"]}}],"collection":[{"href":"https:\/\/denizcankizil.tr\/uk\/wp-json\/wp\/v2\/posts"}],"about":[{"href":"https:\/\/denizcankizil.tr\/uk\/wp-json\/wp\/v2\/types\/post"}],"author":[{"embeddable":true,"href":"https:\/\/denizcankizil.tr\/uk\/wp-json\/wp\/v2\/users\/1"}],"replies":[{"embeddable":true,"href":"https:\/\/denizcankizil.tr\/uk\/wp-json\/wp\/v2\/comments?post=27170"}],"version-history":[{"count":0,"href":"https:\/\/denizcankizil.tr\/uk\/wp-json\/wp\/v2\/posts\/27170\/revisions"}],"wp:attachment":[{"href":"https:\/\/denizcankizil.tr\/uk\/wp-json\/wp\/v2\/media?parent=27170"}],"wp:term":[{"taxonomy":"category","embeddable":true,"href":"https:\/\/denizcankizil.tr\/uk\/wp-json\/wp\/v2\/categories?post=27170"},{"taxonomy":"post_tag","embeddable":true,"href":"https:\/\/denizcankizil.tr\/uk\/wp-json\/wp\/v2\/tags?post=27170"}],"curies":[{"name":"wp","href":"https:\/\/api.w.org\/{rel}","templated":true}]}}