{"id":27001,"date":"2025-01-23T16:41:47","date_gmt":"2025-01-23T13:41:47","guid":{"rendered":"https:\/\/denizcankizil.tr\/uncategorized-tr\/calisan-annelere-15-milyon-tl-destek\/"},"modified":"2025-01-23T16:41:47","modified_gmt":"2025-01-23T13:41:47","slug":"calisan-annelere-15-milyon-tl-destek","status":"publish","type":"post","link":"https:\/\/denizcankizil.tr\/uk\/haberler\/gundem\/calisan-annelere-15-milyon-tl-destek\/","title":{"rendered":"\u00c7al\u0131\u015fan annelere 15 milyon TL destek"},"content":{"rendered":"<p>\u00c7al\u0131\u015fma ve Sosyal G\u00fcvenlik Bakanl\u0131\u011f\u0131, Ankara, \u0130stanbul ve \u0130zmir\u2019de y\u00fcr\u00fct\u00fclen EDU-CARE II projesi kapsam\u0131nda \u00e7al\u0131\u015fan annelere bu y\u0131l 15 milyon liradan fazla destek sa\u011flanaca\u011f\u0131n\u0131 a\u00e7\u0131klad\u0131.ANKARA (\u0130GFA) &#8211; A\u00e7\u0131klama \u00c7al\u0131\u015fma ve Sosyal G\u00fcvenlik Bakan\u0131 Prof. Dr. Vedat I\u015f\u0131khan&#8217;dan geldi.<br \/>\n\u00c7al\u0131\u015fma ve Sosyal G\u00fcvenlik Bakan\u0131 Vedat I\u015f\u0131khan, \u201cE\u011fitimli \u00c7ocuk Bak\u0131c\u0131lar\u0131n\u0131n Te\u015fviki Yoluyla Kay\u0131tl\u0131 Kad\u0131n \u0130stihdam\u0131n\u0131n Desteklenmesi Projesi (EDU-CARE II)\u201d \u00e7er\u00e7evesinde, 2025 y\u0131l\u0131nda \u00e7al\u0131\u015fan annelere toplam 15 milyon liradan fazla destek sa\u011flanaca\u011f\u0131n\u0131 duyurdu.<br \/>\nBakan I\u015f\u0131khan, E\u011fitimli \u00c7ocuk Bak\u0131c\u0131lar\u0131n\u0131n Te\u015fviki Yoluyla Kay\u0131tl\u0131 Kad\u0131n \u0130stihdam\u0131n\u0131n Desteklenmesi Projesi II (EDU-CARE II) sayesinde annelerin kay\u0131tl\u0131 istihdama kat\u0131lmas\u0131n\u0131 destekliyor, sigortal\u0131 ve e\u011fitimli \u00e7ocuk bak\u0131c\u0131l\u0131\u011f\u0131n\u0131 te\u015fvik ettiklerini belirterek, Ankara, \u0130stanbul, \u0130zmir illerinde y\u00fcr\u00fct\u00fclen projeye 2025 y\u0131l\u0131nda toplam 15 milyon liradan fazla destek tutar\u0131 sa\u011flanaca\u011f\u0131n\u0131 kaydetti.<\/p>\n<p>\u200b\u00c7al\u0131\u015fma ve Sosyal G\u00fcvenlik Bakanl\u0131\u011f\u0131, Ankara, \u0130stanbul ve \u0130zmir\u2019de y\u00fcr\u00fct\u00fclen EDU-CARE II projesi kapsam\u0131nda \u00e7al\u0131\u015fan annelere bu y\u0131l 15 milyon liradan fazla destek sa\u011flanaca\u011f\u0131n\u0131 a\u00e7\u0131klad\u0131.ANKARA (\u0130GFA) &#8211; A\u00e7\u0131klama \u00c7al\u0131\u015fma ve Sosyal G\u00fcvenlik Bakan\u0131 Prof. Dr. Vedat I\u015f\u0131khan&#8217;dan geldi.<br \/>\n\u00c7al\u0131\u015fma ve Sosyal G\u00fcvenlik Bakan\u0131 Vedat I\u015f\u0131khan, \u201cE\u011fitimli \u00c7ocuk Bak\u0131c\u0131lar\u0131n\u0131n Te\u015fviki Yoluyla Kay\u0131tl\u0131 Kad\u0131n \u0130stihdam\u0131n\u0131n Desteklenmesi Projesi (EDU-CARE II)\u201d \u00e7er\u00e7evesinde, 2025 y\u0131l\u0131nda \u00e7al\u0131\u015fan annelere toplam 15 milyon liradan fazla destek sa\u011flanaca\u011f\u0131n\u0131 duyurdu.<br \/>\nBakan I\u015f\u0131khan, E\u011fitimli \u00c7ocuk Bak\u0131c\u0131lar\u0131n\u0131n Te\u015fviki Yoluyla Kay\u0131tl\u0131 Kad\u0131n \u0130stihdam\u0131n\u0131n Desteklenmesi Projesi II (EDU-CARE II) sayesinde annelerin kay\u0131tl\u0131 istihdama kat\u0131lmas\u0131n\u0131 destekliyor, sigortal\u0131 ve e\u011fitimli \u00e7ocuk bak\u0131c\u0131l\u0131\u011f\u0131n\u0131 te\u015fvik ettiklerini belirterek, Ankara, \u0130stanbul, \u0130zmir illerinde y\u00fcr\u00fct\u00fclen projeye 2025 y\u0131l\u0131nda toplam 15 milyon liradan fazla destek tutar\u0131 sa\u011flanaca\u011f\u0131n\u0131 kaydetti.\u00a0<\/p>\n<p>\u200bHaberin Al\u0131nt\u0131land\u0131\u011f\u0131 Kaynak: www.iskenderun.org<\/p>","protected":false},"excerpt":{"rendered":"<p>\u00c7al\u0131\u015fma ve Sosyal G\u00fcvenlik Bakanl\u0131\u011f\u0131, Ankara, \u0130stanbul ve \u0130zmir\u2019de y\u00fcr\u00fct\u00fclen EDU-CARE II projesi kapsam\u0131nda \u00e7al\u0131\u015fan annelere bu y\u0131l 15 milyon liradan fazla destek sa\u011flanaca\u011f\u0131n\u0131 a\u00e7\u0131klad\u0131.ANKARA (\u0130GFA) &#8211; A\u00e7\u0131klama \u00c7al\u0131\u015fma ve Sosyal G\u00fcvenlik Bakan\u0131 Prof. Dr. Vedat I\u015f\u0131khan&#8217;dan geldi. \u00c7al\u0131\u015fma ve Sosyal G\u00fcvenlik Bakan\u0131 Vedat I\u015f\u0131khan, \u201cE\u011fitimli \u00c7ocuk Bak\u0131c\u0131lar\u0131n\u0131n Te\u015fviki Yoluyla Kay\u0131tl\u0131 Kad\u0131n \u0130stihdam\u0131n\u0131n Desteklenmesi Projesi (EDU-CARE II)\u201d \u00e7er\u00e7evesinde, 2025 y\u0131l\u0131nda \u00e7al\u0131\u015fan annelere toplam 15 milyon liradan fazla destek sa\u011flanaca\u011f\u0131n\u0131 duyurdu. Bakan I\u015f\u0131khan, E\u011fitimli \u00c7ocuk Bak\u0131c\u0131lar\u0131n\u0131n Te\u015fviki Yoluyla Kay\u0131tl\u0131 Kad\u0131n \u0130stihdam\u0131n\u0131n Desteklenmesi Projesi II (EDU-CARE II) sayesinde annelerin kay\u0131tl\u0131 istihdama kat\u0131lmas\u0131n\u0131 destekliyor, sigortal\u0131 ve e\u011fitimli \u00e7ocuk bak\u0131c\u0131l\u0131\u011f\u0131n\u0131 te\u015fvik ettiklerini belirterek, Ankara, \u0130stanbul, \u0130zmir illerinde y\u00fcr\u00fct\u00fclen projeye 2025 y\u0131l\u0131nda toplam 15 milyon liradan fazla destek tutar\u0131 sa\u011flanaca\u011f\u0131n\u0131 kaydetti. \u200b\u00c7al\u0131\u015fma ve Sosyal G\u00fcvenlik Bakanl\u0131\u011f\u0131, Ankara, \u0130stanbul ve \u0130zmir\u2019de y\u00fcr\u00fct\u00fclen EDU-CARE II projesi kapsam\u0131nda \u00e7al\u0131\u015fan annelere bu y\u0131l 15 milyon liradan fazla destek sa\u011flanaca\u011f\u0131n\u0131 a\u00e7\u0131klad\u0131.ANKARA (\u0130GFA) &#8211; A\u00e7\u0131klama \u00c7al\u0131\u015fma ve Sosyal G\u00fcvenlik Bakan\u0131 Prof. Dr. Vedat I\u015f\u0131khan&#8217;dan geldi. \u00c7al\u0131\u015fma ve Sosyal G\u00fcvenlik Bakan\u0131 Vedat I\u015f\u0131khan, \u201cE\u011fitimli \u00c7ocuk Bak\u0131c\u0131lar\u0131n\u0131n Te\u015fviki Yoluyla Kay\u0131tl\u0131 Kad\u0131n \u0130stihdam\u0131n\u0131n Desteklenmesi Projesi (EDU-CARE II)\u201d \u00e7er\u00e7evesinde, 2025 y\u0131l\u0131nda \u00e7al\u0131\u015fan annelere toplam 15 milyon liradan fazla destek sa\u011flanaca\u011f\u0131n\u0131 duyurdu. Bakan I\u015f\u0131khan, E\u011fitimli \u00c7ocuk Bak\u0131c\u0131lar\u0131n\u0131n Te\u015fviki Yoluyla Kay\u0131tl\u0131 Kad\u0131n \u0130stihdam\u0131n\u0131n Desteklenmesi Projesi II (EDU-CARE &hellip;<\/p>","protected":false},"author":1,"featured_media":0,"comment_status":"open","ping_status":"open","sticky":false,"template":"","format":"standard","meta":{"_acf_changed":false,"footnotes":""},"categories":[24],"tags":[],"class_list":["post-27001","post","type-post","status-publish","format-standard","has-post-thumbnail","hentry","category-gundem"],"acf":[],"yoast_head":"<!-- This site is optimized with the Yoast SEO Premium plugin v26.6 (Yoast SEO v27.1.1) - https:\/\/yoast.com\/product\/yoast-seo-premium-wordpress\/ -->\n<title>\u00c7al\u0131\u015fan annelere 15 milyon TL destek - Av. Deniz Can K\u0131z\u0131l<\/title>\n<meta name=\"robots\" content=\"index, follow, max-snippet:-1, max-image-preview:large, max-video-preview:-1\" \/>\n<link rel=\"canonical\" href=\"https:\/\/denizcankizil.tr\/uk\/haberler\/gundem\/calisan-annelere-15-milyon-tl-destek\/\" \/>\n<meta property=\"og:locale\" content=\"uk_UA\" \/>\n<meta property=\"og:type\" content=\"article\" \/>\n<meta property=\"og:title\" content=\"\u00c7al\u0131\u015fan annelere 15 milyon TL destek\" \/>\n<meta property=\"og:description\" content=\"\u00c7al\u0131\u015fma ve Sosyal G\u00fcvenlik Bakanl\u0131\u011f\u0131, Ankara, \u0130stanbul ve \u0130zmir\u2019de y\u00fcr\u00fct\u00fclen EDU-CARE II projesi kapsam\u0131nda \u00e7al\u0131\u015fan annelere bu y\u0131l 15 milyon liradan fazla destek sa\u011flanaca\u011f\u0131n\u0131 a\u00e7\u0131klad\u0131.ANKARA (\u0130GFA) &#8211; A\u00e7\u0131klama \u00c7al\u0131\u015fma ve Sosyal G\u00fcvenlik Bakan\u0131 Prof. Dr. Vedat I\u015f\u0131khan&#8217;dan geldi. \u00c7al\u0131\u015fma ve Sosyal G\u00fcvenlik Bakan\u0131 Vedat I\u015f\u0131khan, \u201cE\u011fitimli \u00c7ocuk Bak\u0131c\u0131lar\u0131n\u0131n Te\u015fviki Yoluyla Kay\u0131tl\u0131 Kad\u0131n \u0130stihdam\u0131n\u0131n Desteklenmesi Projesi (EDU-CARE II)\u201d \u00e7er\u00e7evesinde, 2025 y\u0131l\u0131nda \u00e7al\u0131\u015fan annelere toplam 15 milyon liradan fazla destek sa\u011flanaca\u011f\u0131n\u0131 duyurdu. Bakan I\u015f\u0131khan, E\u011fitimli \u00c7ocuk Bak\u0131c\u0131lar\u0131n\u0131n Te\u015fviki Yoluyla Kay\u0131tl\u0131 Kad\u0131n \u0130stihdam\u0131n\u0131n Desteklenmesi Projesi II (EDU-CARE II) sayesinde annelerin kay\u0131tl\u0131 istihdama kat\u0131lmas\u0131n\u0131 destekliyor, sigortal\u0131 ve e\u011fitimli \u00e7ocuk bak\u0131c\u0131l\u0131\u011f\u0131n\u0131 te\u015fvik ettiklerini belirterek, Ankara, \u0130stanbul, \u0130zmir illerinde y\u00fcr\u00fct\u00fclen projeye 2025 y\u0131l\u0131nda toplam 15 milyon liradan fazla destek tutar\u0131 sa\u011flanaca\u011f\u0131n\u0131 kaydetti. \u200b\u00c7al\u0131\u015fma ve Sosyal G\u00fcvenlik Bakanl\u0131\u011f\u0131, Ankara, \u0130stanbul ve \u0130zmir\u2019de y\u00fcr\u00fct\u00fclen EDU-CARE II projesi kapsam\u0131nda \u00e7al\u0131\u015fan annelere bu y\u0131l 15 milyon liradan fazla destek sa\u011flanaca\u011f\u0131n\u0131 a\u00e7\u0131klad\u0131.ANKARA (\u0130GFA) &#8211; A\u00e7\u0131klama \u00c7al\u0131\u015fma ve Sosyal G\u00fcvenlik Bakan\u0131 Prof. Dr. Vedat I\u015f\u0131khan&#8217;dan geldi. \u00c7al\u0131\u015fma ve Sosyal G\u00fcvenlik Bakan\u0131 Vedat I\u015f\u0131khan, \u201cE\u011fitimli \u00c7ocuk Bak\u0131c\u0131lar\u0131n\u0131n Te\u015fviki Yoluyla Kay\u0131tl\u0131 Kad\u0131n \u0130stihdam\u0131n\u0131n Desteklenmesi Projesi (EDU-CARE II)\u201d \u00e7er\u00e7evesinde, 2025 y\u0131l\u0131nda \u00e7al\u0131\u015fan annelere toplam 15 milyon liradan fazla destek sa\u011flanaca\u011f\u0131n\u0131 duyurdu. Bakan I\u015f\u0131khan, E\u011fitimli \u00c7ocuk Bak\u0131c\u0131lar\u0131n\u0131n Te\u015fviki Yoluyla Kay\u0131tl\u0131 Kad\u0131n \u0130stihdam\u0131n\u0131n Desteklenmesi Projesi II (EDU-CARE &hellip;\" \/>\n<meta property=\"og:url\" content=\"https:\/\/denizcankizil.tr\/uk\/haberler\/gundem\/calisan-annelere-15-milyon-tl-destek\/\" \/>\n<meta property=\"og:site_name\" content=\"Av. Deniz Can K\u0131z\u0131l\" \/>\n<meta property=\"article:published_time\" content=\"2025-01-23T13:41:47+00:00\" \/>\n<meta name=\"author\" content=\"admin\" \/>\n<meta name=\"twitter:card\" content=\"summary_large_image\" \/>\n<meta name=\"twitter:label1\" content=\"\u041d\u0430\u043f\u0438\u0441\u0430\u043d\u043e\" \/>\n\t<meta name=\"twitter:data1\" content=\"admin\" \/>\n\t<meta name=\"twitter:label2\" content=\"\u041f\u0440\u0438\u0431\u043b. \u0447\u0430\u0441 \u0447\u0438\u0442\u0430\u043d\u043d\u044f\" \/>\n\t<meta name=\"twitter:data2\" content=\"2 \u0445\u0432\u0438\u043b\u0438\u043d\u0438\" \/>\n<script type=\"application\/ld+json\" class=\"yoast-schema-graph\">{\"@context\":\"https:\/\/schema.org\",\"@graph\":[{\"@type\":\"Article\",\"@id\":\"https:\/\/denizcankizil.tr\/uk\/haberler\/gundem\/calisan-annelere-15-milyon-tl-destek\/#article\",\"isPartOf\":{\"@id\":\"https:\/\/denizcankizil.tr\/uk\/haberler\/gundem\/calisan-annelere-15-milyon-tl-destek\/\"},\"author\":{\"name\":\"admin\",\"@id\":\"https:\/\/denizcankizil.tr\/#\/schema\/person\/be3c05fe6a12686905512445d8185489\"},\"headline\":\"\u00c7al\u0131\u015fan annelere 15 milyon TL destek\",\"datePublished\":\"2025-01-23T13:41:47+00:00\",\"mainEntityOfPage\":{\"@id\":\"https:\/\/denizcankizil.tr\/uk\/haberler\/gundem\/calisan-annelere-15-milyon-tl-destek\/\"},\"wordCount\":362,\"commentCount\":0,\"publisher\":{\"@id\":\"https:\/\/denizcankizil.tr\/#organization\"},\"articleSection\":[\"G\u00fcndem\"],\"inLanguage\":\"uk\",\"potentialAction\":[{\"@type\":\"CommentAction\",\"name\":\"Comment\",\"target\":[\"https:\/\/denizcankizil.tr\/uk\/haberler\/gundem\/calisan-annelere-15-milyon-tl-destek\/#respond\"]}]},{\"@type\":\"WebPage\",\"@id\":\"https:\/\/denizcankizil.tr\/uk\/haberler\/gundem\/calisan-annelere-15-milyon-tl-destek\/\",\"url\":\"https:\/\/denizcankizil.tr\/uk\/haberler\/gundem\/calisan-annelere-15-milyon-tl-destek\/\",\"name\":\"\u00c7al\u0131\u015fan annelere 15 milyon TL destek - Av. Deniz Can K\u0131z\u0131l\",\"isPartOf\":{\"@id\":\"https:\/\/denizcankizil.tr\/#website\"},\"datePublished\":\"2025-01-23T13:41:47+00:00\",\"breadcrumb\":{\"@id\":\"https:\/\/denizcankizil.tr\/uk\/haberler\/gundem\/calisan-annelere-15-milyon-tl-destek\/#breadcrumb\"},\"inLanguage\":\"uk\",\"potentialAction\":[{\"@type\":\"ReadAction\",\"target\":[\"https:\/\/denizcankizil.tr\/uk\/haberler\/gundem\/calisan-annelere-15-milyon-tl-destek\/\"]}]},{\"@type\":\"BreadcrumbList\",\"@id\":\"https:\/\/denizcankizil.tr\/uk\/haberler\/gundem\/calisan-annelere-15-milyon-tl-destek\/#breadcrumb\",\"itemListElement\":[{\"@type\":\"ListItem\",\"position\":1,\"name\":\"Home\",\"item\":\"https:\/\/denizcankizil.tr\/de\/\"},{\"@type\":\"ListItem\",\"position\":2,\"name\":\"\u00c7al\u0131\u015fan annelere 15 milyon TL destek\"}]},{\"@type\":\"WebSite\",\"@id\":\"https:\/\/denizcankizil.tr\/#website\",\"url\":\"https:\/\/denizcankizil.tr\/\",\"name\":\"Av. Deniz Can K\u0131z\u0131l\",\"description\":\"Avukat Deniz Can K\u0131z\u0131l Antalya Barosu\",\"publisher\":{\"@id\":\"https:\/\/denizcankizil.tr\/#organization\"},\"potentialAction\":[{\"@type\":\"SearchAction\",\"target\":{\"@type\":\"EntryPoint\",\"urlTemplate\":\"https:\/\/denizcankizil.tr\/?s={search_term_string}\"},\"query-input\":{\"@type\":\"PropertyValueSpecification\",\"valueRequired\":true,\"valueName\":\"search_term_string\"}}],\"inLanguage\":\"uk\"},{\"@type\":\"Organization\",\"@id\":\"https:\/\/denizcankizil.tr\/#organization\",\"name\":\"Av. Deniz Can K\u0131z\u0131l\",\"url\":\"https:\/\/denizcankizil.tr\/\",\"logo\":{\"@type\":\"ImageObject\",\"inLanguage\":\"uk\",\"@id\":\"https:\/\/denizcankizil.tr\/#\/schema\/logo\/image\/\",\"url\":\"https:\/\/denizcankizil.tr\/wp-content\/uploads\/2024\/10\/siyah-logo-svg.svg\",\"contentUrl\":\"https:\/\/denizcankizil.tr\/wp-content\/uploads\/2024\/10\/siyah-logo-svg.svg\",\"width\":1080,\"height\":1080,\"caption\":\"Av. Deniz Can K\u0131z\u0131l\"},\"image\":{\"@id\":\"https:\/\/denizcankizil.tr\/#\/schema\/logo\/image\/\"}},{\"@type\":\"Person\",\"@id\":\"https:\/\/denizcankizil.tr\/#\/schema\/person\/be3c05fe6a12686905512445d8185489\",\"name\":\"admin\",\"image\":{\"@type\":\"ImageObject\",\"inLanguage\":\"uk\",\"@id\":\"https:\/\/denizcankizil.tr\/#\/schema\/person\/image\/\",\"url\":\"https:\/\/secure.gravatar.com\/avatar\/c1fce94c830dc79107e174f890d7210541c4a63e8e5d816341794a2151c9d58c?s=96&d=mm&r=g\",\"contentUrl\":\"https:\/\/secure.gravatar.com\/avatar\/c1fce94c830dc79107e174f890d7210541c4a63e8e5d816341794a2151c9d58c?s=96&d=mm&r=g\",\"caption\":\"admin\"},\"sameAs\":[\"http:\/\/denizcankizil.tr\"],\"url\":\"https:\/\/www.iskenderun.org\/calisan-annelere-15-milyon-tl-destek\"}]}<\/script>\n<!-- \/ Yoast SEO Premium plugin. -->","yoast_head_json":{"title":"\u00c7al\u0131\u015fan annelere 15 milyon TL destek - Av. Deniz Can K\u0131z\u0131l","robots":{"index":"index","follow":"follow","max-snippet":"max-snippet:-1","max-image-preview":"max-image-preview:large","max-video-preview":"max-video-preview:-1"},"canonical":"https:\/\/denizcankizil.tr\/uk\/haberler\/gundem\/calisan-annelere-15-milyon-tl-destek\/","og_locale":"uk_UA","og_type":"article","og_title":"\u00c7al\u0131\u015fan annelere 15 milyon TL destek","og_description":"\u00c7al\u0131\u015fma ve Sosyal G\u00fcvenlik Bakanl\u0131\u011f\u0131, Ankara, \u0130stanbul ve \u0130zmir\u2019de y\u00fcr\u00fct\u00fclen EDU-CARE II projesi kapsam\u0131nda \u00e7al\u0131\u015fan annelere bu y\u0131l 15 milyon liradan fazla destek sa\u011flanaca\u011f\u0131n\u0131 a\u00e7\u0131klad\u0131.ANKARA (\u0130GFA) &#8211; A\u00e7\u0131klama \u00c7al\u0131\u015fma ve Sosyal G\u00fcvenlik Bakan\u0131 Prof. Dr. Vedat I\u015f\u0131khan&#8217;dan geldi. \u00c7al\u0131\u015fma ve Sosyal G\u00fcvenlik Bakan\u0131 Vedat I\u015f\u0131khan, \u201cE\u011fitimli \u00c7ocuk Bak\u0131c\u0131lar\u0131n\u0131n Te\u015fviki Yoluyla Kay\u0131tl\u0131 Kad\u0131n \u0130stihdam\u0131n\u0131n Desteklenmesi Projesi (EDU-CARE II)\u201d \u00e7er\u00e7evesinde, 2025 y\u0131l\u0131nda \u00e7al\u0131\u015fan annelere toplam 15 milyon liradan fazla destek sa\u011flanaca\u011f\u0131n\u0131 duyurdu. Bakan I\u015f\u0131khan, E\u011fitimli \u00c7ocuk Bak\u0131c\u0131lar\u0131n\u0131n Te\u015fviki Yoluyla Kay\u0131tl\u0131 Kad\u0131n \u0130stihdam\u0131n\u0131n Desteklenmesi Projesi II (EDU-CARE II) sayesinde annelerin kay\u0131tl\u0131 istihdama kat\u0131lmas\u0131n\u0131 destekliyor, sigortal\u0131 ve e\u011fitimli \u00e7ocuk bak\u0131c\u0131l\u0131\u011f\u0131n\u0131 te\u015fvik ettiklerini belirterek, Ankara, \u0130stanbul, \u0130zmir illerinde y\u00fcr\u00fct\u00fclen projeye 2025 y\u0131l\u0131nda toplam 15 milyon liradan fazla destek tutar\u0131 sa\u011flanaca\u011f\u0131n\u0131 kaydetti. \u200b\u00c7al\u0131\u015fma ve Sosyal G\u00fcvenlik Bakanl\u0131\u011f\u0131, Ankara, \u0130stanbul ve \u0130zmir\u2019de y\u00fcr\u00fct\u00fclen EDU-CARE II projesi kapsam\u0131nda \u00e7al\u0131\u015fan annelere bu y\u0131l 15 milyon liradan fazla destek sa\u011flanaca\u011f\u0131n\u0131 a\u00e7\u0131klad\u0131.ANKARA (\u0130GFA) &#8211; A\u00e7\u0131klama \u00c7al\u0131\u015fma ve Sosyal G\u00fcvenlik Bakan\u0131 Prof. Dr. Vedat I\u015f\u0131khan&#8217;dan geldi. \u00c7al\u0131\u015fma ve Sosyal G\u00fcvenlik Bakan\u0131 Vedat I\u015f\u0131khan, \u201cE\u011fitimli \u00c7ocuk Bak\u0131c\u0131lar\u0131n\u0131n Te\u015fviki Yoluyla Kay\u0131tl\u0131 Kad\u0131n \u0130stihdam\u0131n\u0131n Desteklenmesi Projesi (EDU-CARE II)\u201d \u00e7er\u00e7evesinde, 2025 y\u0131l\u0131nda \u00e7al\u0131\u015fan annelere toplam 15 milyon liradan fazla destek sa\u011flanaca\u011f\u0131n\u0131 duyurdu. Bakan I\u015f\u0131khan, E\u011fitimli \u00c7ocuk Bak\u0131c\u0131lar\u0131n\u0131n Te\u015fviki Yoluyla Kay\u0131tl\u0131 Kad\u0131n \u0130stihdam\u0131n\u0131n Desteklenmesi Projesi II (EDU-CARE &hellip;","og_url":"https:\/\/denizcankizil.tr\/uk\/haberler\/gundem\/calisan-annelere-15-milyon-tl-destek\/","og_site_name":"Av. Deniz Can K\u0131z\u0131l","article_published_time":"2025-01-23T13:41:47+00:00","author":"admin","twitter_card":"summary_large_image","twitter_misc":{"\u041d\u0430\u043f\u0438\u0441\u0430\u043d\u043e":"admin","\u041f\u0440\u0438\u0431\u043b. \u0447\u0430\u0441 \u0447\u0438\u0442\u0430\u043d\u043d\u044f":"2 \u0445\u0432\u0438\u043b\u0438\u043d\u0438"},"schema":{"@context":"https:\/\/schema.org","@graph":[{"@type":"Article","@id":"https:\/\/denizcankizil.tr\/uk\/haberler\/gundem\/calisan-annelere-15-milyon-tl-destek\/#article","isPartOf":{"@id":"https:\/\/denizcankizil.tr\/uk\/haberler\/gundem\/calisan-annelere-15-milyon-tl-destek\/"},"author":{"name":"admin","@id":"https:\/\/denizcankizil.tr\/#\/schema\/person\/be3c05fe6a12686905512445d8185489"},"headline":"\u00c7al\u0131\u015fan annelere 15 milyon TL destek","datePublished":"2025-01-23T13:41:47+00:00","mainEntityOfPage":{"@id":"https:\/\/denizcankizil.tr\/uk\/haberler\/gundem\/calisan-annelere-15-milyon-tl-destek\/"},"wordCount":362,"commentCount":0,"publisher":{"@id":"https:\/\/denizcankizil.tr\/#organization"},"articleSection":["G\u00fcndem"],"inLanguage":"uk","potentialAction":[{"@type":"CommentAction","name":"Comment","target":["https:\/\/denizcankizil.tr\/uk\/haberler\/gundem\/calisan-annelere-15-milyon-tl-destek\/#respond"]}]},{"@type":"WebPage","@id":"https:\/\/denizcankizil.tr\/uk\/haberler\/gundem\/calisan-annelere-15-milyon-tl-destek\/","url":"https:\/\/denizcankizil.tr\/uk\/haberler\/gundem\/calisan-annelere-15-milyon-tl-destek\/","name":"\u00c7al\u0131\u015fan annelere 15 milyon TL destek - Av. Deniz Can K\u0131z\u0131l","isPartOf":{"@id":"https:\/\/denizcankizil.tr\/#website"},"datePublished":"2025-01-23T13:41:47+00:00","breadcrumb":{"@id":"https:\/\/denizcankizil.tr\/uk\/haberler\/gundem\/calisan-annelere-15-milyon-tl-destek\/#breadcrumb"},"inLanguage":"uk","potentialAction":[{"@type":"ReadAction","target":["https:\/\/denizcankizil.tr\/uk\/haberler\/gundem\/calisan-annelere-15-milyon-tl-destek\/"]}]},{"@type":"BreadcrumbList","@id":"https:\/\/denizcankizil.tr\/uk\/haberler\/gundem\/calisan-annelere-15-milyon-tl-destek\/#breadcrumb","itemListElement":[{"@type":"ListItem","position":1,"name":"Home","item":"https:\/\/denizcankizil.tr\/de\/"},{"@type":"ListItem","position":2,"name":"\u00c7al\u0131\u015fan annelere 15 milyon TL destek"}]},{"@type":"WebSite","@id":"https:\/\/denizcankizil.tr\/#website","url":"https:\/\/denizcankizil.tr\/","name":"Av. Deniz Can K\u0131z\u0131l","description":"Avukat Deniz Can K\u0131z\u0131l Antalya Barosu","publisher":{"@id":"https:\/\/denizcankizil.tr\/#organization"},"potentialAction":[{"@type":"SearchAction","target":{"@type":"EntryPoint","urlTemplate":"https:\/\/denizcankizil.tr\/?s={search_term_string}"},"query-input":{"@type":"PropertyValueSpecification","valueRequired":true,"valueName":"search_term_string"}}],"inLanguage":"uk"},{"@type":"Organization","@id":"https:\/\/denizcankizil.tr\/#organization","name":"Av. Deniz Can K\u0131z\u0131l","url":"https:\/\/denizcankizil.tr\/","logo":{"@type":"ImageObject","inLanguage":"uk","@id":"https:\/\/denizcankizil.tr\/#\/schema\/logo\/image\/","url":"https:\/\/denizcankizil.tr\/wp-content\/uploads\/2024\/10\/siyah-logo-svg.svg","contentUrl":"https:\/\/denizcankizil.tr\/wp-content\/uploads\/2024\/10\/siyah-logo-svg.svg","width":1080,"height":1080,"caption":"Av. Deniz Can K\u0131z\u0131l"},"image":{"@id":"https:\/\/denizcankizil.tr\/#\/schema\/logo\/image\/"}},{"@type":"Person","@id":"https:\/\/denizcankizil.tr\/#\/schema\/person\/be3c05fe6a12686905512445d8185489","name":"\u0430\u0434\u043c\u0456\u043d","image":{"@type":"ImageObject","inLanguage":"uk","@id":"https:\/\/denizcankizil.tr\/#\/schema\/person\/image\/","url":"https:\/\/secure.gravatar.com\/avatar\/c1fce94c830dc79107e174f890d7210541c4a63e8e5d816341794a2151c9d58c?s=96&d=mm&r=g","contentUrl":"https:\/\/secure.gravatar.com\/avatar\/c1fce94c830dc79107e174f890d7210541c4a63e8e5d816341794a2151c9d58c?s=96&d=mm&r=g","caption":"admin"},"sameAs":["http:\/\/denizcankizil.tr"],"url":"https:\/\/www.iskenderun.org\/calisan-annelere-15-milyon-tl-destek"}]}},"_links":{"self":[{"href":"https:\/\/denizcankizil.tr\/uk\/wp-json\/wp\/v2\/posts\/27001","targetHints":{"allow":["GET"]}}],"collection":[{"href":"https:\/\/denizcankizil.tr\/uk\/wp-json\/wp\/v2\/posts"}],"about":[{"href":"https:\/\/denizcankizil.tr\/uk\/wp-json\/wp\/v2\/types\/post"}],"author":[{"embeddable":true,"href":"https:\/\/denizcankizil.tr\/uk\/wp-json\/wp\/v2\/users\/1"}],"replies":[{"embeddable":true,"href":"https:\/\/denizcankizil.tr\/uk\/wp-json\/wp\/v2\/comments?post=27001"}],"version-history":[{"count":0,"href":"https:\/\/denizcankizil.tr\/uk\/wp-json\/wp\/v2\/posts\/27001\/revisions"}],"wp:attachment":[{"href":"https:\/\/denizcankizil.tr\/uk\/wp-json\/wp\/v2\/media?parent=27001"}],"wp:term":[{"taxonomy":"category","embeddable":true,"href":"https:\/\/denizcankizil.tr\/uk\/wp-json\/wp\/v2\/categories?post=27001"},{"taxonomy":"post_tag","embeddable":true,"href":"https:\/\/denizcankizil.tr\/uk\/wp-json\/wp\/v2\/tags?post=27001"}],"curies":[{"name":"wp","href":"https:\/\/api.w.org\/{rel}","templated":true}]}}