{"id":26890,"date":"2025-01-23T09:41:21","date_gmt":"2025-01-23T06:41:21","guid":{"rendered":"https:\/\/denizcankizil.tr\/uncategorized-tr\/kar-yagisinin-etkili-oldugu-antalya-konya-yolu-trafige-acildi\/"},"modified":"2025-01-23T09:41:21","modified_gmt":"2025-01-23T06:41:21","slug":"kar-yagisinin-etkili-oldugu-antalya-konya-yolu-trafige-acildi","status":"publish","type":"post","link":"https:\/\/denizcankizil.tr\/uk\/haberler\/gundem\/kar-yagisinin-etkili-oldugu-antalya-konya-yolu-trafige-acildi\/","title":{"rendered":"Kar ya\u011f\u0131\u015f\u0131n\u0131n etkili oldu\u011fu Antalya-Konya yolu trafi\u011fe a\u00e7\u0131ld\u0131!"},"content":{"rendered":"<p>Antalya-Konya karayolunda etkili olan kar ya\u011f\u0131\u015f\u0131 sebebiyle t\u0131rlara ge\u00e7i\u015f k\u0131s\u0131tlamas\u0131 kalkt\u0131, ula\u015f\u0131m normale d\u00f6nd\u00fc. D\u00fcn \u00f6\u011flen 14.30 saatleri s\u0131ras\u0131nda etkili olan kar ya\u011f\u0131\u015f\u0131 da etkisini yitirdi.<\/p>\n<p>ANTALYA-KONYA YOLUNDA S\u00dcR\u00dcC\u00dcLER ZOR ANLAR YA\u015eADI\u00a0<\/p>\n<p>B\u00f6lgede etkili olan ya\u011fmur saat 14.30 s\u0131ralar\u0131nda yerini kara b\u0131rakt\u0131. Kar ya\u011f\u0131\u015f\u0131 Akseki&#8217;nin Yarpuz Mahallesi&#8217;nden itibaren ba\u015flay\u0131p Konya&#8217;n\u0131n Seydi\u015fehir il\u00e7esine kadar devam etti. \u0130\u00e7 Anadolu&#8217;yu Akdeniz&#8217;e ba\u011flayan en \u00f6nemli yol olan Antalya-Konya karayolunda kar ya\u011f\u0131\u015f\u0131n\u0131n etkili olmas\u0131 nedeniyle uzun ara\u00e7 s\u00fcr\u00fcc\u00fcler yolda zor anlar ya\u015fad\u0131. T\u0131rlar\u0131n yolu makaslamas\u0131 nedeniyle Akseki-Seydi\u015fehir karayolu ak\u015fam saatlerinde uzun ara\u00e7lar\u0131n ge\u00e7i\u015fine m\u00fcsaade edilmedi.<\/p>\n<p>KAR KALINLI\u011eI 15 SANT\u0130ME KADAR ULA\u015eTI<\/p>\n<p>Karayollar\u0131 ekipleri \u00e7ok say\u0131da i\u015f makinas\u0131 ile yolun a\u00e7\u0131k tutulmas\u0131n\u0131 sa\u011flad\u0131. B\u00f6lgede kar kal\u0131nl\u0131\u011f\u0131 yer yer 10-15 santimetreye ula\u015f\u0131rken, karayollar\u0131 Alacabel ekibi \u00e7ok say\u0131da i\u015f makinalar\u0131 ile kar k\u00fcr\u00fcme ve tuzlama \u00e7al\u0131\u015fmas\u0131 yaparak yolun trafi\u011fe a\u00e7\u0131k tutulmas\u0131n\u0131 sa\u011flad\u0131. B\u00f6lgede kar ya\u011f\u0131\u015f\u0131n\u0131n tamamen etkisini yitirmesi \u00fczerine Akseki-Seydi\u015fehir karayolunda trafik ak\u0131\u015f\u0131 normale d\u00f6nd\u00fc.\u00a0\u00a0 \u00a0 \u00a0 \u00a0 \u00a0 \u00a0 \u00a0 \u00a0 \u00a0 \u00a0 \u00a0 \u00a0 \u00a0 \u00a0 \u00a0 \u00a0 \u00a0 \u00a0<\/p>\n<p>\u200bD\u00fcn \u00f6\u011flen saat 14.30 s\u0131ralar\u0131nda etkili olan kar ya\u011f\u0131\u015f\u0131 nedeniyle Antalya-Konya yolunda ula\u015f\u0131mda aksamalar ya\u015fanm\u0131\u015ft\u0131. Kar ya\u011f\u0131\u015f\u0131n\u0131n etkisinin azald\u0131\u011f\u0131 yolda ula\u015f\u0131m normale d\u00f6nd\u00fc.\u00a0<\/p>\n<p>\u200bHaberin Al\u0131nt\u0131land\u0131\u011f\u0131 Kaynak: www.antalyakorfez.com<\/p>","protected":false},"excerpt":{"rendered":"<p>Antalya-Konya karayolunda etkili olan kar ya\u011f\u0131\u015f\u0131 sebebiyle t\u0131rlara ge\u00e7i\u015f k\u0131s\u0131tlamas\u0131 kalkt\u0131, ula\u015f\u0131m normale d\u00f6nd\u00fc. D\u00fcn \u00f6\u011flen 14.30 saatleri s\u0131ras\u0131nda etkili olan kar ya\u011f\u0131\u015f\u0131 da etkisini yitirdi. ANTALYA-KONYA YOLUNDA S\u00dcR\u00dcC\u00dcLER ZOR ANLAR YA\u015eADI\u00a0 B\u00f6lgede etkili olan ya\u011fmur saat 14.30 s\u0131ralar\u0131nda yerini kara b\u0131rakt\u0131. Kar ya\u011f\u0131\u015f\u0131 Akseki&#8217;nin Yarpuz Mahallesi&#8217;nden itibaren ba\u015flay\u0131p Konya&#8217;n\u0131n Seydi\u015fehir il\u00e7esine kadar devam etti. \u0130\u00e7 Anadolu&#8217;yu Akdeniz&#8217;e ba\u011flayan en \u00f6nemli yol olan Antalya-Konya karayolunda kar ya\u011f\u0131\u015f\u0131n\u0131n etkili olmas\u0131 nedeniyle uzun ara\u00e7 s\u00fcr\u00fcc\u00fcler yolda zor anlar ya\u015fad\u0131. T\u0131rlar\u0131n yolu makaslamas\u0131 nedeniyle Akseki-Seydi\u015fehir karayolu ak\u015fam saatlerinde uzun ara\u00e7lar\u0131n ge\u00e7i\u015fine m\u00fcsaade edilmedi. KAR KALINLI\u011eI 15 SANT\u0130ME KADAR ULA\u015eTI Karayollar\u0131 ekipleri \u00e7ok say\u0131da i\u015f makinas\u0131 ile yolun a\u00e7\u0131k tutulmas\u0131n\u0131 sa\u011flad\u0131. B\u00f6lgede kar kal\u0131nl\u0131\u011f\u0131 yer yer 10-15 santimetreye ula\u015f\u0131rken, karayollar\u0131 Alacabel ekibi \u00e7ok say\u0131da i\u015f makinalar\u0131 ile kar k\u00fcr\u00fcme ve tuzlama \u00e7al\u0131\u015fmas\u0131 yaparak yolun trafi\u011fe a\u00e7\u0131k tutulmas\u0131n\u0131 sa\u011flad\u0131. B\u00f6lgede kar ya\u011f\u0131\u015f\u0131n\u0131n tamamen etkisini yitirmesi \u00fczerine Akseki-Seydi\u015fehir karayolunda trafik ak\u0131\u015f\u0131 normale d\u00f6nd\u00fc.\u00a0\u00a0 \u00a0 \u00a0 \u00a0 \u00a0 \u00a0 \u00a0 \u00a0 \u00a0 \u00a0 \u00a0 \u00a0 \u00a0 \u00a0 \u00a0 \u00a0 \u00a0 \u00a0 \u200bD\u00fcn \u00f6\u011flen saat 14.30 s\u0131ralar\u0131nda etkili olan kar ya\u011f\u0131\u015f\u0131 nedeniyle Antalya-Konya yolunda ula\u015f\u0131mda aksamalar ya\u015fanm\u0131\u015ft\u0131. Kar ya\u011f\u0131\u015f\u0131n\u0131n etkisinin azald\u0131\u011f\u0131 yolda ula\u015f\u0131m normale d\u00f6nd\u00fc.\u00a0 \u200bHaberin Al\u0131nt\u0131land\u0131\u011f\u0131 Kaynak: www.antalyakorfez.com<\/p>","protected":false},"author":5,"featured_media":0,"comment_status":"open","ping_status":"open","sticky":false,"template":"","format":"standard","meta":{"_acf_changed":false,"footnotes":""},"categories":[24],"tags":[],"class_list":["post-26890","post","type-post","status-publish","format-standard","has-post-thumbnail","hentry","category-gundem"],"acf":[],"yoast_head":"<!-- This site is optimized with the Yoast SEO Premium plugin v26.6 (Yoast SEO v27.1.1) - https:\/\/yoast.com\/product\/yoast-seo-premium-wordpress\/ -->\n<title>Kar ya\u011f\u0131\u015f\u0131n\u0131n etkili oldu\u011fu Antalya-Konya yolu trafi\u011fe a\u00e7\u0131ld\u0131! - Av. Deniz Can K\u0131z\u0131l<\/title>\n<meta name=\"robots\" content=\"index, follow, max-snippet:-1, max-image-preview:large, max-video-preview:-1\" \/>\n<link rel=\"canonical\" href=\"https:\/\/denizcankizil.tr\/uk\/haberler\/gundem\/kar-yagisinin-etkili-oldugu-antalya-konya-yolu-trafige-acildi\/\" \/>\n<meta property=\"og:locale\" content=\"uk_UA\" \/>\n<meta property=\"og:type\" content=\"article\" \/>\n<meta property=\"og:title\" content=\"Kar ya\u011f\u0131\u015f\u0131n\u0131n etkili oldu\u011fu Antalya-Konya yolu trafi\u011fe a\u00e7\u0131ld\u0131!\" \/>\n<meta property=\"og:description\" content=\"Antalya-Konya karayolunda etkili olan kar ya\u011f\u0131\u015f\u0131 sebebiyle t\u0131rlara ge\u00e7i\u015f k\u0131s\u0131tlamas\u0131 kalkt\u0131, ula\u015f\u0131m normale d\u00f6nd\u00fc. D\u00fcn \u00f6\u011flen 14.30 saatleri s\u0131ras\u0131nda etkili olan kar ya\u011f\u0131\u015f\u0131 da etkisini yitirdi. ANTALYA-KONYA YOLUNDA S\u00dcR\u00dcC\u00dcLER ZOR ANLAR YA\u015eADI\u00a0 B\u00f6lgede etkili olan ya\u011fmur saat 14.30 s\u0131ralar\u0131nda yerini kara b\u0131rakt\u0131. Kar ya\u011f\u0131\u015f\u0131 Akseki&#8217;nin Yarpuz Mahallesi&#8217;nden itibaren ba\u015flay\u0131p Konya&#8217;n\u0131n Seydi\u015fehir il\u00e7esine kadar devam etti. \u0130\u00e7 Anadolu&#8217;yu Akdeniz&#8217;e ba\u011flayan en \u00f6nemli yol olan Antalya-Konya karayolunda kar ya\u011f\u0131\u015f\u0131n\u0131n etkili olmas\u0131 nedeniyle uzun ara\u00e7 s\u00fcr\u00fcc\u00fcler yolda zor anlar ya\u015fad\u0131. T\u0131rlar\u0131n yolu makaslamas\u0131 nedeniyle Akseki-Seydi\u015fehir karayolu ak\u015fam saatlerinde uzun ara\u00e7lar\u0131n ge\u00e7i\u015fine m\u00fcsaade edilmedi. KAR KALINLI\u011eI 15 SANT\u0130ME KADAR ULA\u015eTI Karayollar\u0131 ekipleri \u00e7ok say\u0131da i\u015f makinas\u0131 ile yolun a\u00e7\u0131k tutulmas\u0131n\u0131 sa\u011flad\u0131. B\u00f6lgede kar kal\u0131nl\u0131\u011f\u0131 yer yer 10-15 santimetreye ula\u015f\u0131rken, karayollar\u0131 Alacabel ekibi \u00e7ok say\u0131da i\u015f makinalar\u0131 ile kar k\u00fcr\u00fcme ve tuzlama \u00e7al\u0131\u015fmas\u0131 yaparak yolun trafi\u011fe a\u00e7\u0131k tutulmas\u0131n\u0131 sa\u011flad\u0131. B\u00f6lgede kar ya\u011f\u0131\u015f\u0131n\u0131n tamamen etkisini yitirmesi \u00fczerine Akseki-Seydi\u015fehir karayolunda trafik ak\u0131\u015f\u0131 normale d\u00f6nd\u00fc.\u00a0\u00a0 \u00a0 \u00a0 \u00a0 \u00a0 \u00a0 \u00a0 \u00a0 \u00a0 \u00a0 \u00a0 \u00a0 \u00a0 \u00a0 \u00a0 \u00a0 \u00a0 \u00a0 \u200bD\u00fcn \u00f6\u011flen saat 14.30 s\u0131ralar\u0131nda etkili olan kar ya\u011f\u0131\u015f\u0131 nedeniyle Antalya-Konya yolunda ula\u015f\u0131mda aksamalar ya\u015fanm\u0131\u015ft\u0131. Kar ya\u011f\u0131\u015f\u0131n\u0131n etkisinin azald\u0131\u011f\u0131 yolda ula\u015f\u0131m normale d\u00f6nd\u00fc.\u00a0 \u200bHaberin Al\u0131nt\u0131land\u0131\u011f\u0131 Kaynak: www.antalyakorfez.com\" \/>\n<meta property=\"og:url\" content=\"https:\/\/denizcankizil.tr\/uk\/haberler\/gundem\/kar-yagisinin-etkili-oldugu-antalya-konya-yolu-trafige-acildi\/\" \/>\n<meta property=\"og:site_name\" content=\"Av. Deniz Can K\u0131z\u0131l\" \/>\n<meta property=\"article:published_time\" content=\"2025-01-23T06:41:21+00:00\" \/>\n<meta name=\"author\" content=\"Antalya K\u00f6rfez\" \/>\n<meta name=\"twitter:card\" content=\"summary_large_image\" \/>\n<meta name=\"twitter:label1\" content=\"\u041d\u0430\u043f\u0438\u0441\u0430\u043d\u043e\" \/>\n\t<meta name=\"twitter:data1\" content=\"Antalya K\u00f6rfez\" \/>\n\t<meta name=\"twitter:label2\" content=\"\u041f\u0440\u0438\u0431\u043b. \u0447\u0430\u0441 \u0447\u0438\u0442\u0430\u043d\u043d\u044f\" \/>\n\t<meta name=\"twitter:data2\" content=\"1 \u0445\u0432\u0438\u043b\u0438\u043d\u0430\" \/>\n<script type=\"application\/ld+json\" class=\"yoast-schema-graph\">{\"@context\":\"https:\/\/schema.org\",\"@graph\":[{\"@type\":\"Article\",\"@id\":\"https:\/\/denizcankizil.tr\/uk\/haberler\/gundem\/kar-yagisinin-etkili-oldugu-antalya-konya-yolu-trafige-acildi\/#article\",\"isPartOf\":{\"@id\":\"https:\/\/denizcankizil.tr\/uk\/haberler\/gundem\/kar-yagisinin-etkili-oldugu-antalya-konya-yolu-trafige-acildi\/\"},\"author\":{\"name\":\"Antalya K\u00f6rfez\",\"@id\":\"https:\/\/denizcankizil.tr\/#\/schema\/person\/e1eb71bb4dd684d46563f0af307e1234\"},\"headline\":\"Kar ya\u011f\u0131\u015f\u0131n\u0131n etkili oldu\u011fu Antalya-Konya yolu trafi\u011fe a\u00e7\u0131ld\u0131!\",\"datePublished\":\"2025-01-23T06:41:21+00:00\",\"mainEntityOfPage\":{\"@id\":\"https:\/\/denizcankizil.tr\/uk\/haberler\/gundem\/kar-yagisinin-etkili-oldugu-antalya-konya-yolu-trafige-acildi\/\"},\"wordCount\":263,\"commentCount\":0,\"publisher\":{\"@id\":\"https:\/\/denizcankizil.tr\/#organization\"},\"articleSection\":[\"G\u00fcndem\"],\"inLanguage\":\"uk\",\"potentialAction\":[{\"@type\":\"CommentAction\",\"name\":\"Comment\",\"target\":[\"https:\/\/denizcankizil.tr\/uk\/haberler\/gundem\/kar-yagisinin-etkili-oldugu-antalya-konya-yolu-trafige-acildi\/#respond\"]}]},{\"@type\":\"WebPage\",\"@id\":\"https:\/\/denizcankizil.tr\/uk\/haberler\/gundem\/kar-yagisinin-etkili-oldugu-antalya-konya-yolu-trafige-acildi\/\",\"url\":\"https:\/\/denizcankizil.tr\/uk\/haberler\/gundem\/kar-yagisinin-etkili-oldugu-antalya-konya-yolu-trafige-acildi\/\",\"name\":\"Kar ya\u011f\u0131\u015f\u0131n\u0131n etkili oldu\u011fu Antalya-Konya yolu trafi\u011fe a\u00e7\u0131ld\u0131! - Av. Deniz Can K\u0131z\u0131l\",\"isPartOf\":{\"@id\":\"https:\/\/denizcankizil.tr\/#website\"},\"datePublished\":\"2025-01-23T06:41:21+00:00\",\"breadcrumb\":{\"@id\":\"https:\/\/denizcankizil.tr\/uk\/haberler\/gundem\/kar-yagisinin-etkili-oldugu-antalya-konya-yolu-trafige-acildi\/#breadcrumb\"},\"inLanguage\":\"uk\",\"potentialAction\":[{\"@type\":\"ReadAction\",\"target\":[\"https:\/\/denizcankizil.tr\/uk\/haberler\/gundem\/kar-yagisinin-etkili-oldugu-antalya-konya-yolu-trafige-acildi\/\"]}]},{\"@type\":\"BreadcrumbList\",\"@id\":\"https:\/\/denizcankizil.tr\/uk\/haberler\/gundem\/kar-yagisinin-etkili-oldugu-antalya-konya-yolu-trafige-acildi\/#breadcrumb\",\"itemListElement\":[{\"@type\":\"ListItem\",\"position\":1,\"name\":\"Home\",\"item\":\"https:\/\/denizcankizil.tr\/de\/\"},{\"@type\":\"ListItem\",\"position\":2,\"name\":\"Kar ya\u011f\u0131\u015f\u0131n\u0131n etkili oldu\u011fu Antalya-Konya yolu trafi\u011fe a\u00e7\u0131ld\u0131!\"}]},{\"@type\":\"WebSite\",\"@id\":\"https:\/\/denizcankizil.tr\/#website\",\"url\":\"https:\/\/denizcankizil.tr\/\",\"name\":\"Av. Deniz Can K\u0131z\u0131l\",\"description\":\"Avukat Deniz Can K\u0131z\u0131l Antalya Barosu\",\"publisher\":{\"@id\":\"https:\/\/denizcankizil.tr\/#organization\"},\"potentialAction\":[{\"@type\":\"SearchAction\",\"target\":{\"@type\":\"EntryPoint\",\"urlTemplate\":\"https:\/\/denizcankizil.tr\/?s={search_term_string}\"},\"query-input\":{\"@type\":\"PropertyValueSpecification\",\"valueRequired\":true,\"valueName\":\"search_term_string\"}}],\"inLanguage\":\"uk\"},{\"@type\":\"Organization\",\"@id\":\"https:\/\/denizcankizil.tr\/#organization\",\"name\":\"Av. Deniz Can K\u0131z\u0131l\",\"url\":\"https:\/\/denizcankizil.tr\/\",\"logo\":{\"@type\":\"ImageObject\",\"inLanguage\":\"uk\",\"@id\":\"https:\/\/denizcankizil.tr\/#\/schema\/logo\/image\/\",\"url\":\"https:\/\/denizcankizil.tr\/wp-content\/uploads\/2024\/10\/siyah-logo-svg.svg\",\"contentUrl\":\"https:\/\/denizcankizil.tr\/wp-content\/uploads\/2024\/10\/siyah-logo-svg.svg\",\"width\":1080,\"height\":1080,\"caption\":\"Av. Deniz Can K\u0131z\u0131l\"},\"image\":{\"@id\":\"https:\/\/denizcankizil.tr\/#\/schema\/logo\/image\/\"}},{\"@type\":\"Person\",\"@id\":\"https:\/\/denizcankizil.tr\/#\/schema\/person\/e1eb71bb4dd684d46563f0af307e1234\",\"name\":\"Antalya K\u00f6rfez\",\"image\":{\"@type\":\"ImageObject\",\"inLanguage\":\"uk\",\"@id\":\"https:\/\/denizcankizil.tr\/#\/schema\/person\/image\/\",\"url\":\"https:\/\/secure.gravatar.com\/avatar\/42b01982558a48a0b501fdcab6a408d3717ea5919095ee2e67b0e521799c5905?s=96&d=mm&r=g\",\"contentUrl\":\"https:\/\/secure.gravatar.com\/avatar\/42b01982558a48a0b501fdcab6a408d3717ea5919095ee2e67b0e521799c5905?s=96&d=mm&r=g\",\"caption\":\"Antalya K\u00f6rfez\"},\"sameAs\":[\"http:\/\/www.antalyakorfez.com\"],\"url\":\"https:\/\/www.antalyakorfez.com\/kar-yagisinin-etkili-oldugu-antalya-konya-yolu-trafige-acildi\"}]}<\/script>\n<!-- \/ Yoast SEO Premium plugin. -->","yoast_head_json":{"title":"Kar ya\u011f\u0131\u015f\u0131n\u0131n etkili oldu\u011fu Antalya-Konya yolu trafi\u011fe a\u00e7\u0131ld\u0131! - Av. Deniz Can K\u0131z\u0131l","robots":{"index":"index","follow":"follow","max-snippet":"max-snippet:-1","max-image-preview":"max-image-preview:large","max-video-preview":"max-video-preview:-1"},"canonical":"https:\/\/denizcankizil.tr\/uk\/haberler\/gundem\/kar-yagisinin-etkili-oldugu-antalya-konya-yolu-trafige-acildi\/","og_locale":"uk_UA","og_type":"article","og_title":"Kar ya\u011f\u0131\u015f\u0131n\u0131n etkili oldu\u011fu Antalya-Konya yolu trafi\u011fe a\u00e7\u0131ld\u0131!","og_description":"Antalya-Konya karayolunda etkili olan kar ya\u011f\u0131\u015f\u0131 sebebiyle t\u0131rlara ge\u00e7i\u015f k\u0131s\u0131tlamas\u0131 kalkt\u0131, ula\u015f\u0131m normale d\u00f6nd\u00fc. D\u00fcn \u00f6\u011flen 14.30 saatleri s\u0131ras\u0131nda etkili olan kar ya\u011f\u0131\u015f\u0131 da etkisini yitirdi. ANTALYA-KONYA YOLUNDA S\u00dcR\u00dcC\u00dcLER ZOR ANLAR YA\u015eADI\u00a0 B\u00f6lgede etkili olan ya\u011fmur saat 14.30 s\u0131ralar\u0131nda yerini kara b\u0131rakt\u0131. Kar ya\u011f\u0131\u015f\u0131 Akseki&#8217;nin Yarpuz Mahallesi&#8217;nden itibaren ba\u015flay\u0131p Konya&#8217;n\u0131n Seydi\u015fehir il\u00e7esine kadar devam etti. \u0130\u00e7 Anadolu&#8217;yu Akdeniz&#8217;e ba\u011flayan en \u00f6nemli yol olan Antalya-Konya karayolunda kar ya\u011f\u0131\u015f\u0131n\u0131n etkili olmas\u0131 nedeniyle uzun ara\u00e7 s\u00fcr\u00fcc\u00fcler yolda zor anlar ya\u015fad\u0131. T\u0131rlar\u0131n yolu makaslamas\u0131 nedeniyle Akseki-Seydi\u015fehir karayolu ak\u015fam saatlerinde uzun ara\u00e7lar\u0131n ge\u00e7i\u015fine m\u00fcsaade edilmedi. KAR KALINLI\u011eI 15 SANT\u0130ME KADAR ULA\u015eTI Karayollar\u0131 ekipleri \u00e7ok say\u0131da i\u015f makinas\u0131 ile yolun a\u00e7\u0131k tutulmas\u0131n\u0131 sa\u011flad\u0131. B\u00f6lgede kar kal\u0131nl\u0131\u011f\u0131 yer yer 10-15 santimetreye ula\u015f\u0131rken, karayollar\u0131 Alacabel ekibi \u00e7ok say\u0131da i\u015f makinalar\u0131 ile kar k\u00fcr\u00fcme ve tuzlama \u00e7al\u0131\u015fmas\u0131 yaparak yolun trafi\u011fe a\u00e7\u0131k tutulmas\u0131n\u0131 sa\u011flad\u0131. B\u00f6lgede kar ya\u011f\u0131\u015f\u0131n\u0131n tamamen etkisini yitirmesi \u00fczerine Akseki-Seydi\u015fehir karayolunda trafik ak\u0131\u015f\u0131 normale d\u00f6nd\u00fc.\u00a0\u00a0 \u00a0 \u00a0 \u00a0 \u00a0 \u00a0 \u00a0 \u00a0 \u00a0 \u00a0 \u00a0 \u00a0 \u00a0 \u00a0 \u00a0 \u00a0 \u00a0 \u00a0 \u200bD\u00fcn \u00f6\u011flen saat 14.30 s\u0131ralar\u0131nda etkili olan kar ya\u011f\u0131\u015f\u0131 nedeniyle Antalya-Konya yolunda ula\u015f\u0131mda aksamalar ya\u015fanm\u0131\u015ft\u0131. Kar ya\u011f\u0131\u015f\u0131n\u0131n etkisinin azald\u0131\u011f\u0131 yolda ula\u015f\u0131m normale d\u00f6nd\u00fc.\u00a0 \u200bHaberin Al\u0131nt\u0131land\u0131\u011f\u0131 Kaynak: www.antalyakorfez.com","og_url":"https:\/\/denizcankizil.tr\/uk\/haberler\/gundem\/kar-yagisinin-etkili-oldugu-antalya-konya-yolu-trafige-acildi\/","og_site_name":"Av. Deniz Can K\u0131z\u0131l","article_published_time":"2025-01-23T06:41:21+00:00","author":"Antalya K\u00f6rfez","twitter_card":"summary_large_image","twitter_misc":{"\u041d\u0430\u043f\u0438\u0441\u0430\u043d\u043e":"Antalya K\u00f6rfez","\u041f\u0440\u0438\u0431\u043b. \u0447\u0430\u0441 \u0447\u0438\u0442\u0430\u043d\u043d\u044f":"1 \u0445\u0432\u0438\u043b\u0438\u043d\u0430"},"schema":{"@context":"https:\/\/schema.org","@graph":[{"@type":"Article","@id":"https:\/\/denizcankizil.tr\/uk\/haberler\/gundem\/kar-yagisinin-etkili-oldugu-antalya-konya-yolu-trafige-acildi\/#article","isPartOf":{"@id":"https:\/\/denizcankizil.tr\/uk\/haberler\/gundem\/kar-yagisinin-etkili-oldugu-antalya-konya-yolu-trafige-acildi\/"},"author":{"name":"Antalya K\u00f6rfez","@id":"https:\/\/denizcankizil.tr\/#\/schema\/person\/e1eb71bb4dd684d46563f0af307e1234"},"headline":"Kar ya\u011f\u0131\u015f\u0131n\u0131n etkili oldu\u011fu Antalya-Konya yolu trafi\u011fe a\u00e7\u0131ld\u0131!","datePublished":"2025-01-23T06:41:21+00:00","mainEntityOfPage":{"@id":"https:\/\/denizcankizil.tr\/uk\/haberler\/gundem\/kar-yagisinin-etkili-oldugu-antalya-konya-yolu-trafige-acildi\/"},"wordCount":263,"commentCount":0,"publisher":{"@id":"https:\/\/denizcankizil.tr\/#organization"},"articleSection":["G\u00fcndem"],"inLanguage":"uk","potentialAction":[{"@type":"CommentAction","name":"Comment","target":["https:\/\/denizcankizil.tr\/uk\/haberler\/gundem\/kar-yagisinin-etkili-oldugu-antalya-konya-yolu-trafige-acildi\/#respond"]}]},{"@type":"WebPage","@id":"https:\/\/denizcankizil.tr\/uk\/haberler\/gundem\/kar-yagisinin-etkili-oldugu-antalya-konya-yolu-trafige-acildi\/","url":"https:\/\/denizcankizil.tr\/uk\/haberler\/gundem\/kar-yagisinin-etkili-oldugu-antalya-konya-yolu-trafige-acildi\/","name":"Kar ya\u011f\u0131\u015f\u0131n\u0131n etkili oldu\u011fu Antalya-Konya yolu trafi\u011fe a\u00e7\u0131ld\u0131! - Av. Deniz Can K\u0131z\u0131l","isPartOf":{"@id":"https:\/\/denizcankizil.tr\/#website"},"datePublished":"2025-01-23T06:41:21+00:00","breadcrumb":{"@id":"https:\/\/denizcankizil.tr\/uk\/haberler\/gundem\/kar-yagisinin-etkili-oldugu-antalya-konya-yolu-trafige-acildi\/#breadcrumb"},"inLanguage":"uk","potentialAction":[{"@type":"ReadAction","target":["https:\/\/denizcankizil.tr\/uk\/haberler\/gundem\/kar-yagisinin-etkili-oldugu-antalya-konya-yolu-trafige-acildi\/"]}]},{"@type":"BreadcrumbList","@id":"https:\/\/denizcankizil.tr\/uk\/haberler\/gundem\/kar-yagisinin-etkili-oldugu-antalya-konya-yolu-trafige-acildi\/#breadcrumb","itemListElement":[{"@type":"ListItem","position":1,"name":"Home","item":"https:\/\/denizcankizil.tr\/de\/"},{"@type":"ListItem","position":2,"name":"Kar ya\u011f\u0131\u015f\u0131n\u0131n etkili oldu\u011fu Antalya-Konya yolu trafi\u011fe a\u00e7\u0131ld\u0131!"}]},{"@type":"WebSite","@id":"https:\/\/denizcankizil.tr\/#website","url":"https:\/\/denizcankizil.tr\/","name":"Av. Deniz Can K\u0131z\u0131l","description":"Avukat Deniz Can K\u0131z\u0131l Antalya Barosu","publisher":{"@id":"https:\/\/denizcankizil.tr\/#organization"},"potentialAction":[{"@type":"SearchAction","target":{"@type":"EntryPoint","urlTemplate":"https:\/\/denizcankizil.tr\/?s={search_term_string}"},"query-input":{"@type":"PropertyValueSpecification","valueRequired":true,"valueName":"search_term_string"}}],"inLanguage":"uk"},{"@type":"Organization","@id":"https:\/\/denizcankizil.tr\/#organization","name":"Av. Deniz Can K\u0131z\u0131l","url":"https:\/\/denizcankizil.tr\/","logo":{"@type":"ImageObject","inLanguage":"uk","@id":"https:\/\/denizcankizil.tr\/#\/schema\/logo\/image\/","url":"https:\/\/denizcankizil.tr\/wp-content\/uploads\/2024\/10\/siyah-logo-svg.svg","contentUrl":"https:\/\/denizcankizil.tr\/wp-content\/uploads\/2024\/10\/siyah-logo-svg.svg","width":1080,"height":1080,"caption":"Av. Deniz Can K\u0131z\u0131l"},"image":{"@id":"https:\/\/denizcankizil.tr\/#\/schema\/logo\/image\/"}},{"@type":"Person","@id":"https:\/\/denizcankizil.tr\/#\/schema\/person\/e1eb71bb4dd684d46563f0af307e1234","name":"Antalya K\u00f6rfez","image":{"@type":"ImageObject","inLanguage":"uk","@id":"https:\/\/denizcankizil.tr\/#\/schema\/person\/image\/","url":"https:\/\/secure.gravatar.com\/avatar\/42b01982558a48a0b501fdcab6a408d3717ea5919095ee2e67b0e521799c5905?s=96&d=mm&r=g","contentUrl":"https:\/\/secure.gravatar.com\/avatar\/42b01982558a48a0b501fdcab6a408d3717ea5919095ee2e67b0e521799c5905?s=96&d=mm&r=g","caption":"Antalya K\u00f6rfez"},"sameAs":["http:\/\/www.antalyakorfez.com"],"url":"https:\/\/www.antalyakorfez.com\/kar-yagisinin-etkili-oldugu-antalya-konya-yolu-trafige-acildi"}]}},"_links":{"self":[{"href":"https:\/\/denizcankizil.tr\/uk\/wp-json\/wp\/v2\/posts\/26890","targetHints":{"allow":["GET"]}}],"collection":[{"href":"https:\/\/denizcankizil.tr\/uk\/wp-json\/wp\/v2\/posts"}],"about":[{"href":"https:\/\/denizcankizil.tr\/uk\/wp-json\/wp\/v2\/types\/post"}],"author":[{"embeddable":true,"href":"https:\/\/denizcankizil.tr\/uk\/wp-json\/wp\/v2\/users\/5"}],"replies":[{"embeddable":true,"href":"https:\/\/denizcankizil.tr\/uk\/wp-json\/wp\/v2\/comments?post=26890"}],"version-history":[{"count":0,"href":"https:\/\/denizcankizil.tr\/uk\/wp-json\/wp\/v2\/posts\/26890\/revisions"}],"wp:attachment":[{"href":"https:\/\/denizcankizil.tr\/uk\/wp-json\/wp\/v2\/media?parent=26890"}],"wp:term":[{"taxonomy":"category","embeddable":true,"href":"https:\/\/denizcankizil.tr\/uk\/wp-json\/wp\/v2\/categories?post=26890"},{"taxonomy":"post_tag","embeddable":true,"href":"https:\/\/denizcankizil.tr\/uk\/wp-json\/wp\/v2\/tags?post=26890"}],"curies":[{"name":"wp","href":"https:\/\/api.w.org\/{rel}","templated":true}]}}