{"id":26801,"date":"2025-01-22T17:41:44","date_gmt":"2025-01-22T14:41:44","guid":{"rendered":"https:\/\/denizcankizil.tr\/uncategorized-tr\/sirena-marine-iscileri-3-subatta-greve-cikiyor\/"},"modified":"2025-01-22T17:41:44","modified_gmt":"2025-01-22T14:41:44","slug":"sirena-marine-iscileri-3-subatta-greve-cikiyor","status":"publish","type":"post","link":"https:\/\/denizcankizil.tr\/uk\/haberler\/gundem\/sirena-marine-iscileri-3-subatta-greve-cikiyor\/","title":{"rendered":"Sirena Marine i\u015f\u00e7ileri 3 \u015eubat&#8217;ta greve \u00e7\u0131k\u0131yor"},"content":{"rendered":"<p>Bursa&#8217;n\u0131n Orhangazi il\u00e7esinde faaliyet g\u00f6steren ve d\u00fcnyan\u0131n en b\u00fcy\u00fck yat \u00fcretim i\u015fletmelerinden biri olan Sirena Marine fabrikas\u0131nda ge\u00e7ti\u011fimiz hafta i\u015fveren ile i\u015f\u00e7i sendikas\u0131 aras\u0131ndan yap\u0131lan 5. d\u00f6nem toplu i\u015f s\u00f6zle\u015fmesi g\u00f6r\u00fc\u015fmelerinden anla\u015fmazl\u0131k \u00e7\u0131kmas\u0131 \u00fczerine 3 \u015eubat\u2019ta grev ba\u015flayacak.BURSA (\u0130GFA) &#8211; T\u00fcrkiye Liman, Dok ve Gemi Sanayii \u0130\u015f\u00e7ileri Sendikas\u0131 taraf\u0131ndan g\u00f6r\u00fc\u015fmelerden anla\u015fmazl\u0131k \u00e7\u0131kmas\u0131n\u0131n ard\u0131ndan sendikan\u0131n yapt\u0131\u011f\u0131 grev oylamas\u0131na i\u015f\u00e7ilerin y\u00fczde 99,5&#8217;i grev olmas\u0131 y\u00f6n\u00fcnde oldu. \u0130\u015f\u00e7ilerin ald\u0131\u011f\u0131 grevin yan\u0131nda olduklar\u0131n\u0131 belirten Emek Partisi Bursa \u0130l \u00d6rg\u00fct\u00fc, \u2018Bursal\u0131 t\u00fcm emek\u00e7ileri Sirena Marine i\u015f\u00e7ileriyle dayan\u0131\u015fmaya \u00e7a\u011f\u0131r\u0131yoruz\u201d dedi.<br \/>\n\u0130\u015e\u00c7\u0130LER \u0130NSANCA YA\u015eAYACAK \u00dcCRETLER \u0130ST\u0130YOR<br \/>\nEmek Partisi (EMEP) Bursa \u0130l \u00d6rg\u00fct\u00fc&#8217;nce yap\u0131lan yaz\u0131l\u0131 a\u00e7\u0131klamada, \u201cA\u00e7l\u0131k s\u0131n\u0131r\u0131n\u0131n biraz \u00fczerinde \u00fccret alan i\u015f\u00e7ilerin greve y\u00fczde 99,5 evet diyerek bir taraftan gelinen hayat pahal\u0131l\u0131\u011f\u0131n\u0131 g\u00f6zler \u00f6n\u00fcne sererken bir taraftan h\u00fck\u00fcmetin kemer s\u0131kma politikalar\u0131na bir cevap oldu. L\u00fcks yat \u00fcretimi yapan fabrika ayn\u0131 zamanda otomotiv ve rayl\u0131 sistemler i\u00e7in yan sanayi \u00fcretimi de yap\u0131yor. Karsan, Man gibi firmalar olmak \u00fczere kompozit \u00fcretimi de fabrikan\u0131n yelpazesi i\u00e7inde. Ancak kar\u0131n\u0131n b\u00fcy\u00fck k\u0131sm\u0131n\u0131 l\u00fcks yat \u00fcretimden sa\u011flayan fabrika Amerika ve Avrupa\u2019n\u0131n pek \u00e7ok \u00fclkesine ihracat yaparak elde ediyor. 10 y\u0131ldan az bir s\u00fcrede 5 kat b\u00fcy\u00fcyen, k\u00e2rl\u0131l\u0131\u011f\u0131 ise ayn\u0131 s\u00fcrede 20 kat artan \u015firket i\u015f\u00e7ilerine bu b\u00fcy\u00fcmeden hak ettikleri pay\u0131 vermiyor. Ko\u00e7 Holding Y\u00f6netim Kurulu \u00dcyesi \u0130pek K\u0131ra\u00e7\u2019\u0131n sahibi oldu\u011fu fabrikada i\u015f\u00e7ilere y\u00fczde 50 zam teklif edilirken sendika artan hayat pahal\u0131l\u0131\u011f\u0131 kar\u015f\u0131s\u0131nda \u00fccretlere y\u00fczde 110 zam, k\u0131dem y\u0131l\u0131na 4 TL Ramazan Bayram\u0131 4000 TL, Kurban Bayram\u0131 8000 TL talep ediyor. 2023\u2019te ihracat\u0131n\u0131 \u00f6nceki y\u0131la g\u00f6re dolar baz\u0131nda y\u00fczde 69 art\u0131rarak 98,9 milyon dolara \u00e7\u0131karm\u0131\u015ft\u0131. Fabrikan\u0131n i\u015f\u00e7ilerin eme\u011fiyle elde etti\u011fi bu rakamlara bak\u0131ld\u0131\u011f\u0131nda dahi i\u015f\u00e7ilerin talepleri kar\u015f\u0131lanamaz de\u011fildir. Aksine Sirena Marine i\u015f\u00e7ileri insanca ya\u015fayacak \u00fccretler talep etmektedir\u201d denildi.<br \/>\n2025 y\u0131l\u0131 Bursa i\u00e7in toplu s\u00f6zle\u015fmeler y\u0131l\u0131 olaca\u011f\u0131 hat\u0131rlat\u0131lan a\u00e7\u0131klamada, \u201cBu y\u0131l\u0131n ba\u015f\u0131nda Sirena Marine i\u015f\u00e7ilerinin yakt\u0131\u011f\u0131 bu me\u015falenin metalden tekstile y\u00fcz binlerce i\u015f\u00e7iye \u00f6rnek olmas\u0131n\u0131 umuyoruz. Dok Gemi-\u0130\u015f sendikas\u0131n\u0131n ve Sirena Marine i\u015f\u00e7ilerinin yan\u0131nday\u0131z. Grev yasa\u011f\u0131n\u0131 bir sopa gibi sallayan Erdo\u011fan H\u00fck\u00fcmeti\u2019nin olas\u0131 bir yasak hamlesini de bo\u015fa \u00e7\u0131karmak yine i\u015f\u00e7ilerin birli\u011fiyle m\u00fcmk\u00fcn olacakt\u0131r. Ba\u015fta Orhangazi olmak \u00fczere Bursal\u0131 t\u00fcm emek\u00e7ileri Sirena Marine i\u015f\u00e7ileriyle dayan\u0131\u015fmaya \u00e7a\u011f\u0131r\u0131yoruz&#8221; ifadelerine yer verildi.<\/p>\n<p>\u200bBursa&#8217;n\u0131n Orhangazi il\u00e7esinde faaliyet g\u00f6steren ve d\u00fcnyan\u0131n en b\u00fcy\u00fck yat \u00fcretim i\u015fletmelerinden biri olan Sirena Marine fabrikas\u0131nda ge\u00e7ti\u011fimiz hafta i\u015fveren ile i\u015f\u00e7i sendikas\u0131 aras\u0131ndan yap\u0131lan 5. d\u00f6nem toplu i\u015f s\u00f6zle\u015fmesi g\u00f6r\u00fc\u015fmelerinden anla\u015fmazl\u0131k \u00e7\u0131kmas\u0131 \u00fczerine 3 \u015eubat\u2019ta grev ba\u015flayacak.BURSA (\u0130GFA) &#8211; T\u00fcrkiye Liman, Dok ve Gemi Sanayii \u0130\u015f\u00e7ileri Sendikas\u0131 taraf\u0131ndan g\u00f6r\u00fc\u015fmelerden anla\u015fmazl\u0131k \u00e7\u0131kmas\u0131n\u0131n ard\u0131ndan sendikan\u0131n yapt\u0131\u011f\u0131 grev oylamas\u0131na i\u015f\u00e7ilerin y\u00fczde 99,5&#8217;i grev olmas\u0131 y\u00f6n\u00fcnde oldu. \u0130\u015f\u00e7ilerin ald\u0131\u011f\u0131 grevin yan\u0131nda olduklar\u0131n\u0131 belirten Emek Partisi Bursa \u0130l \u00d6rg\u00fct\u00fc, \u2018Bursal\u0131 t\u00fcm emek\u00e7ileri Sirena Marine i\u015f\u00e7ileriyle dayan\u0131\u015fmaya \u00e7a\u011f\u0131r\u0131yoruz\u201d dedi.<br \/>\n\u0130\u015e\u00c7\u0130LER \u0130NSANCA YA\u015eAYACAK \u00dcCRETLER \u0130ST\u0130YOR<br \/>\nEmek Partisi (EMEP) Bursa \u0130l \u00d6rg\u00fct\u00fc&#8217;nce yap\u0131lan yaz\u0131l\u0131 a\u00e7\u0131klamada, \u201cA\u00e7l\u0131k s\u0131n\u0131r\u0131n\u0131n biraz \u00fczerinde \u00fccret alan i\u015f\u00e7ilerin greve y\u00fczde 99,5 evet diyerek bir taraftan gelinen hayat pahal\u0131l\u0131\u011f\u0131n\u0131 g\u00f6zler \u00f6n\u00fcne sererken bir taraftan h\u00fck\u00fcmetin kemer s\u0131kma politikalar\u0131na bir cevap oldu. L\u00fcks yat \u00fcretimi yapan fabrika ayn\u0131 zamanda otomotiv ve rayl\u0131 sistemler i\u00e7in yan sanayi \u00fcretimi de yap\u0131yor. Karsan, Man gibi firmalar olmak \u00fczere kompozit \u00fcretimi de fabrikan\u0131n yelpazesi i\u00e7inde. Ancak kar\u0131n\u0131n b\u00fcy\u00fck k\u0131sm\u0131n\u0131 l\u00fcks yat \u00fcretimden sa\u011flayan fabrika Amerika ve Avrupa\u2019n\u0131n pek \u00e7ok \u00fclkesine ihracat yaparak elde ediyor. 10 y\u0131ldan az bir s\u00fcrede 5 kat b\u00fcy\u00fcyen, k\u00e2rl\u0131l\u0131\u011f\u0131 ise ayn\u0131 s\u00fcrede 20 kat artan \u015firket i\u015f\u00e7ilerine bu b\u00fcy\u00fcmeden hak ettikleri pay\u0131 vermiyor. Ko\u00e7 Holding Y\u00f6netim Kurulu \u00dcyesi \u0130pek K\u0131ra\u00e7\u2019\u0131n sahibi oldu\u011fu fabrikada i\u015f\u00e7ilere y\u00fczde 50 zam teklif edilirken sendika artan hayat pahal\u0131l\u0131\u011f\u0131 kar\u015f\u0131s\u0131nda \u00fccretlere y\u00fczde 110 zam, k\u0131dem y\u0131l\u0131na 4 TL Ramazan Bayram\u0131 4000 TL, Kurban Bayram\u0131 8000 TL talep ediyor. 2023\u2019te ihracat\u0131n\u0131 \u00f6nceki y\u0131la g\u00f6re dolar baz\u0131nda y\u00fczde 69 art\u0131rarak 98,9 milyon dolara \u00e7\u0131karm\u0131\u015ft\u0131. Fabrikan\u0131n i\u015f\u00e7ilerin eme\u011fiyle elde etti\u011fi bu rakamlara bak\u0131ld\u0131\u011f\u0131nda dahi i\u015f\u00e7ilerin talepleri kar\u015f\u0131lanamaz de\u011fildir. Aksine Sirena Marine i\u015f\u00e7ileri insanca ya\u015fayacak \u00fccretler talep etmektedir\u201d denildi.<br \/>\n2025 y\u0131l\u0131 Bursa i\u00e7in toplu s\u00f6zle\u015fmeler y\u0131l\u0131 olaca\u011f\u0131 hat\u0131rlat\u0131lan a\u00e7\u0131klamada, \u201cBu y\u0131l\u0131n ba\u015f\u0131nda Sirena Marine i\u015f\u00e7ilerinin yakt\u0131\u011f\u0131 bu me\u015falenin metalden tekstile y\u00fcz binlerce i\u015f\u00e7iye \u00f6rnek olmas\u0131n\u0131 umuyoruz. Dok Gemi-\u0130\u015f sendikas\u0131n\u0131n ve Sirena Marine i\u015f\u00e7ilerinin yan\u0131nday\u0131z. Grev yasa\u011f\u0131n\u0131 bir sopa gibi sallayan Erdo\u011fan H\u00fck\u00fcmeti\u2019nin olas\u0131 bir yasak hamlesini de bo\u015fa \u00e7\u0131karmak yine i\u015f\u00e7ilerin birli\u011fiyle m\u00fcmk\u00fcn olacakt\u0131r. Ba\u015fta Orhangazi olmak \u00fczere Bursal\u0131 t\u00fcm emek\u00e7ileri Sirena Marine i\u015f\u00e7ileriyle dayan\u0131\u015fmaya \u00e7a\u011f\u0131r\u0131yoruz&#8221; ifadelerine yer verildi.\u00a0<\/p>\n<p>\u200bHaberin Al\u0131nt\u0131land\u0131\u011f\u0131 Kaynak: www.iskenderun.org<\/p>","protected":false},"excerpt":{"rendered":"<p>Bursa&#8217;n\u0131n Orhangazi il\u00e7esinde faaliyet g\u00f6steren ve d\u00fcnyan\u0131n en b\u00fcy\u00fck yat \u00fcretim i\u015fletmelerinden biri olan Sirena Marine fabrikas\u0131nda ge\u00e7ti\u011fimiz hafta i\u015fveren ile i\u015f\u00e7i sendikas\u0131 aras\u0131ndan yap\u0131lan 5. d\u00f6nem toplu i\u015f s\u00f6zle\u015fmesi g\u00f6r\u00fc\u015fmelerinden anla\u015fmazl\u0131k \u00e7\u0131kmas\u0131 \u00fczerine 3 \u015eubat\u2019ta grev ba\u015flayacak.BURSA (\u0130GFA) &#8211; T\u00fcrkiye Liman, Dok ve Gemi Sanayii \u0130\u015f\u00e7ileri Sendikas\u0131 taraf\u0131ndan g\u00f6r\u00fc\u015fmelerden anla\u015fmazl\u0131k \u00e7\u0131kmas\u0131n\u0131n ard\u0131ndan sendikan\u0131n yapt\u0131\u011f\u0131 grev oylamas\u0131na i\u015f\u00e7ilerin y\u00fczde 99,5&#8217;i grev olmas\u0131 y\u00f6n\u00fcnde oldu. \u0130\u015f\u00e7ilerin ald\u0131\u011f\u0131 grevin yan\u0131nda olduklar\u0131n\u0131 belirten Emek Partisi Bursa \u0130l \u00d6rg\u00fct\u00fc, \u2018Bursal\u0131 t\u00fcm emek\u00e7ileri Sirena Marine i\u015f\u00e7ileriyle dayan\u0131\u015fmaya \u00e7a\u011f\u0131r\u0131yoruz\u201d dedi. \u0130\u015e\u00c7\u0130LER \u0130NSANCA YA\u015eAYACAK \u00dcCRETLER \u0130ST\u0130YOR Emek Partisi (EMEP) Bursa \u0130l \u00d6rg\u00fct\u00fc&#8217;nce yap\u0131lan yaz\u0131l\u0131 a\u00e7\u0131klamada, \u201cA\u00e7l\u0131k s\u0131n\u0131r\u0131n\u0131n biraz \u00fczerinde \u00fccret alan i\u015f\u00e7ilerin greve y\u00fczde 99,5 evet diyerek bir taraftan gelinen hayat pahal\u0131l\u0131\u011f\u0131n\u0131 g\u00f6zler \u00f6n\u00fcne sererken bir taraftan h\u00fck\u00fcmetin kemer s\u0131kma politikalar\u0131na bir cevap oldu. L\u00fcks yat \u00fcretimi yapan fabrika ayn\u0131 zamanda otomotiv ve rayl\u0131 sistemler i\u00e7in yan sanayi \u00fcretimi de yap\u0131yor. Karsan, Man gibi firmalar olmak \u00fczere kompozit \u00fcretimi de fabrikan\u0131n yelpazesi i\u00e7inde. Ancak kar\u0131n\u0131n b\u00fcy\u00fck k\u0131sm\u0131n\u0131 l\u00fcks yat \u00fcretimden sa\u011flayan fabrika Amerika ve Avrupa\u2019n\u0131n pek \u00e7ok \u00fclkesine ihracat yaparak elde ediyor. 10 y\u0131ldan az bir s\u00fcrede 5 kat b\u00fcy\u00fcyen, k\u00e2rl\u0131l\u0131\u011f\u0131 ise ayn\u0131 s\u00fcrede 20 kat artan \u015firket i\u015f\u00e7ilerine bu b\u00fcy\u00fcmeden hak ettikleri pay\u0131 vermiyor. Ko\u00e7 Holding &hellip;<\/p>","protected":false},"author":1,"featured_media":0,"comment_status":"open","ping_status":"open","sticky":false,"template":"","format":"standard","meta":{"_acf_changed":false,"footnotes":""},"categories":[24],"tags":[],"class_list":["post-26801","post","type-post","status-publish","format-standard","has-post-thumbnail","hentry","category-gundem"],"acf":[],"yoast_head":"<!-- This site is optimized with the Yoast SEO Premium plugin v26.6 (Yoast SEO v27.1.1) - https:\/\/yoast.com\/product\/yoast-seo-premium-wordpress\/ -->\n<title>Sirena Marine i\u015f\u00e7ileri 3 \u015eubat&#039;ta greve \u00e7\u0131k\u0131yor - Av. Deniz Can K\u0131z\u0131l<\/title>\n<meta name=\"robots\" content=\"index, follow, max-snippet:-1, max-image-preview:large, max-video-preview:-1\" \/>\n<link rel=\"canonical\" href=\"https:\/\/denizcankizil.tr\/uk\/haberler\/gundem\/sirena-marine-iscileri-3-subatta-greve-cikiyor\/\" \/>\n<meta property=\"og:locale\" content=\"uk_UA\" \/>\n<meta property=\"og:type\" content=\"article\" \/>\n<meta property=\"og:title\" content=\"Sirena Marine i\u015f\u00e7ileri 3 \u015eubat&#039;ta greve \u00e7\u0131k\u0131yor\" \/>\n<meta property=\"og:description\" content=\"Bursa&#8217;n\u0131n Orhangazi il\u00e7esinde faaliyet g\u00f6steren ve d\u00fcnyan\u0131n en b\u00fcy\u00fck yat \u00fcretim i\u015fletmelerinden biri olan Sirena Marine fabrikas\u0131nda ge\u00e7ti\u011fimiz hafta i\u015fveren ile i\u015f\u00e7i sendikas\u0131 aras\u0131ndan yap\u0131lan 5. d\u00f6nem toplu i\u015f s\u00f6zle\u015fmesi g\u00f6r\u00fc\u015fmelerinden anla\u015fmazl\u0131k \u00e7\u0131kmas\u0131 \u00fczerine 3 \u015eubat\u2019ta grev ba\u015flayacak.BURSA (\u0130GFA) &#8211; T\u00fcrkiye Liman, Dok ve Gemi Sanayii \u0130\u015f\u00e7ileri Sendikas\u0131 taraf\u0131ndan g\u00f6r\u00fc\u015fmelerden anla\u015fmazl\u0131k \u00e7\u0131kmas\u0131n\u0131n ard\u0131ndan sendikan\u0131n yapt\u0131\u011f\u0131 grev oylamas\u0131na i\u015f\u00e7ilerin y\u00fczde 99,5&#8217;i grev olmas\u0131 y\u00f6n\u00fcnde oldu. \u0130\u015f\u00e7ilerin ald\u0131\u011f\u0131 grevin yan\u0131nda olduklar\u0131n\u0131 belirten Emek Partisi Bursa \u0130l \u00d6rg\u00fct\u00fc, \u2018Bursal\u0131 t\u00fcm emek\u00e7ileri Sirena Marine i\u015f\u00e7ileriyle dayan\u0131\u015fmaya \u00e7a\u011f\u0131r\u0131yoruz\u201d dedi. \u0130\u015e\u00c7\u0130LER \u0130NSANCA YA\u015eAYACAK \u00dcCRETLER \u0130ST\u0130YOR Emek Partisi (EMEP) Bursa \u0130l \u00d6rg\u00fct\u00fc&#8217;nce yap\u0131lan yaz\u0131l\u0131 a\u00e7\u0131klamada, \u201cA\u00e7l\u0131k s\u0131n\u0131r\u0131n\u0131n biraz \u00fczerinde \u00fccret alan i\u015f\u00e7ilerin greve y\u00fczde 99,5 evet diyerek bir taraftan gelinen hayat pahal\u0131l\u0131\u011f\u0131n\u0131 g\u00f6zler \u00f6n\u00fcne sererken bir taraftan h\u00fck\u00fcmetin kemer s\u0131kma politikalar\u0131na bir cevap oldu. L\u00fcks yat \u00fcretimi yapan fabrika ayn\u0131 zamanda otomotiv ve rayl\u0131 sistemler i\u00e7in yan sanayi \u00fcretimi de yap\u0131yor. Karsan, Man gibi firmalar olmak \u00fczere kompozit \u00fcretimi de fabrikan\u0131n yelpazesi i\u00e7inde. Ancak kar\u0131n\u0131n b\u00fcy\u00fck k\u0131sm\u0131n\u0131 l\u00fcks yat \u00fcretimden sa\u011flayan fabrika Amerika ve Avrupa\u2019n\u0131n pek \u00e7ok \u00fclkesine ihracat yaparak elde ediyor. 10 y\u0131ldan az bir s\u00fcrede 5 kat b\u00fcy\u00fcyen, k\u00e2rl\u0131l\u0131\u011f\u0131 ise ayn\u0131 s\u00fcrede 20 kat artan \u015firket i\u015f\u00e7ilerine bu b\u00fcy\u00fcmeden hak ettikleri pay\u0131 vermiyor. Ko\u00e7 Holding &hellip;\" \/>\n<meta property=\"og:url\" content=\"https:\/\/denizcankizil.tr\/uk\/haberler\/gundem\/sirena-marine-iscileri-3-subatta-greve-cikiyor\/\" \/>\n<meta property=\"og:site_name\" content=\"Av. Deniz Can K\u0131z\u0131l\" \/>\n<meta property=\"article:published_time\" content=\"2025-01-22T14:41:44+00:00\" \/>\n<meta name=\"author\" content=\"admin\" \/>\n<meta name=\"twitter:card\" content=\"summary_large_image\" \/>\n<meta name=\"twitter:label1\" content=\"\u041d\u0430\u043f\u0438\u0441\u0430\u043d\u043e\" \/>\n\t<meta name=\"twitter:data1\" content=\"admin\" \/>\n\t<meta name=\"twitter:label2\" content=\"\u041f\u0440\u0438\u0431\u043b. \u0447\u0430\u0441 \u0447\u0438\u0442\u0430\u043d\u043d\u044f\" \/>\n\t<meta name=\"twitter:data2\" content=\"5 \u0445\u0432\u0438\u043b\u0438\u043d\" \/>\n<script type=\"application\/ld+json\" class=\"yoast-schema-graph\">{\"@context\":\"https:\/\/schema.org\",\"@graph\":[{\"@type\":\"Article\",\"@id\":\"https:\/\/denizcankizil.tr\/uk\/haberler\/gundem\/sirena-marine-iscileri-3-subatta-greve-cikiyor\/#article\",\"isPartOf\":{\"@id\":\"https:\/\/denizcankizil.tr\/uk\/haberler\/gundem\/sirena-marine-iscileri-3-subatta-greve-cikiyor\/\"},\"author\":{\"name\":\"admin\",\"@id\":\"https:\/\/denizcankizil.tr\/de\/#\/schema\/person\/be3c05fe6a12686905512445d8185489\"},\"headline\":\"Sirena Marine i\u015f\u00e7ileri 3 \u015eubat&#8217;ta greve \u00e7\u0131k\u0131yor\",\"datePublished\":\"2025-01-22T14:41:44+00:00\",\"mainEntityOfPage\":{\"@id\":\"https:\/\/denizcankizil.tr\/uk\/haberler\/gundem\/sirena-marine-iscileri-3-subatta-greve-cikiyor\/\"},\"wordCount\":1013,\"commentCount\":0,\"publisher\":{\"@id\":\"https:\/\/denizcankizil.tr\/de\/#organization\"},\"articleSection\":[\"G\u00fcndem\"],\"inLanguage\":\"uk\",\"potentialAction\":[{\"@type\":\"CommentAction\",\"name\":\"Comment\",\"target\":[\"https:\/\/denizcankizil.tr\/uk\/haberler\/gundem\/sirena-marine-iscileri-3-subatta-greve-cikiyor\/#respond\"]}]},{\"@type\":\"WebPage\",\"@id\":\"https:\/\/denizcankizil.tr\/uk\/haberler\/gundem\/sirena-marine-iscileri-3-subatta-greve-cikiyor\/\",\"url\":\"https:\/\/denizcankizil.tr\/uk\/haberler\/gundem\/sirena-marine-iscileri-3-subatta-greve-cikiyor\/\",\"name\":\"Sirena Marine i\u015f\u00e7ileri 3 \u015eubat'ta greve \u00e7\u0131k\u0131yor - Av. Deniz Can K\u0131z\u0131l\",\"isPartOf\":{\"@id\":\"https:\/\/denizcankizil.tr\/de\/#website\"},\"datePublished\":\"2025-01-22T14:41:44+00:00\",\"breadcrumb\":{\"@id\":\"https:\/\/denizcankizil.tr\/uk\/haberler\/gundem\/sirena-marine-iscileri-3-subatta-greve-cikiyor\/#breadcrumb\"},\"inLanguage\":\"uk\",\"potentialAction\":[{\"@type\":\"ReadAction\",\"target\":[\"https:\/\/denizcankizil.tr\/uk\/haberler\/gundem\/sirena-marine-iscileri-3-subatta-greve-cikiyor\/\"]}]},{\"@type\":\"BreadcrumbList\",\"@id\":\"https:\/\/denizcankizil.tr\/uk\/haberler\/gundem\/sirena-marine-iscileri-3-subatta-greve-cikiyor\/#breadcrumb\",\"itemListElement\":[{\"@type\":\"ListItem\",\"position\":1,\"name\":\"Home\",\"item\":\"https:\/\/denizcankizil.tr\/de\/\"},{\"@type\":\"ListItem\",\"position\":2,\"name\":\"Sirena Marine i\u015f\u00e7ileri 3 \u015eubat&#8217;ta greve \u00e7\u0131k\u0131yor\"}]},{\"@type\":\"WebSite\",\"@id\":\"https:\/\/denizcankizil.tr\/de\/#website\",\"url\":\"https:\/\/denizcankizil.tr\/de\/\",\"name\":\"Av. Deniz Can K\u0131z\u0131l\",\"description\":\"Avukat Deniz Can K\u0131z\u0131l Antalya Barosu\",\"publisher\":{\"@id\":\"https:\/\/denizcankizil.tr\/de\/#organization\"},\"potentialAction\":[{\"@type\":\"SearchAction\",\"target\":{\"@type\":\"EntryPoint\",\"urlTemplate\":\"https:\/\/denizcankizil.tr\/de\/?s={search_term_string}\"},\"query-input\":{\"@type\":\"PropertyValueSpecification\",\"valueRequired\":true,\"valueName\":\"search_term_string\"}}],\"inLanguage\":\"uk\"},{\"@type\":\"Organization\",\"@id\":\"https:\/\/denizcankizil.tr\/de\/#organization\",\"name\":\"Av. Deniz Can K\u0131z\u0131l\",\"url\":\"https:\/\/denizcankizil.tr\/de\/\",\"logo\":{\"@type\":\"ImageObject\",\"inLanguage\":\"uk\",\"@id\":\"https:\/\/denizcankizil.tr\/de\/#\/schema\/logo\/image\/\",\"url\":\"https:\/\/denizcankizil.tr\/wp-content\/uploads\/2024\/10\/siyah-logo-svg.svg\",\"contentUrl\":\"https:\/\/denizcankizil.tr\/wp-content\/uploads\/2024\/10\/siyah-logo-svg.svg\",\"width\":1080,\"height\":1080,\"caption\":\"Av. Deniz Can K\u0131z\u0131l\"},\"image\":{\"@id\":\"https:\/\/denizcankizil.tr\/de\/#\/schema\/logo\/image\/\"}},{\"@type\":\"Person\",\"@id\":\"https:\/\/denizcankizil.tr\/de\/#\/schema\/person\/be3c05fe6a12686905512445d8185489\",\"name\":\"admin\",\"image\":{\"@type\":\"ImageObject\",\"inLanguage\":\"uk\",\"@id\":\"https:\/\/denizcankizil.tr\/de\/#\/schema\/person\/image\/\",\"url\":\"https:\/\/secure.gravatar.com\/avatar\/c1fce94c830dc79107e174f890d7210541c4a63e8e5d816341794a2151c9d58c?s=96&d=mm&r=g\",\"contentUrl\":\"https:\/\/secure.gravatar.com\/avatar\/c1fce94c830dc79107e174f890d7210541c4a63e8e5d816341794a2151c9d58c?s=96&d=mm&r=g\",\"caption\":\"admin\"},\"sameAs\":[\"http:\/\/denizcankizil.tr\"],\"url\":\"https:\/\/www.iskenderun.org\/sirena-marine-iscileri-3-subatta-greve-cikiyor\"}]}<\/script>\n<!-- \/ Yoast SEO Premium plugin. -->","yoast_head_json":{"title":"Sirena Marine i\u015f\u00e7ileri 3 \u015eubat'ta greve \u00e7\u0131k\u0131yor - Av. Deniz Can K\u0131z\u0131l","robots":{"index":"index","follow":"follow","max-snippet":"max-snippet:-1","max-image-preview":"max-image-preview:large","max-video-preview":"max-video-preview:-1"},"canonical":"https:\/\/denizcankizil.tr\/uk\/haberler\/gundem\/sirena-marine-iscileri-3-subatta-greve-cikiyor\/","og_locale":"uk_UA","og_type":"article","og_title":"Sirena Marine i\u015f\u00e7ileri 3 \u015eubat'ta greve \u00e7\u0131k\u0131yor","og_description":"Bursa&#8217;n\u0131n Orhangazi il\u00e7esinde faaliyet g\u00f6steren ve d\u00fcnyan\u0131n en b\u00fcy\u00fck yat \u00fcretim i\u015fletmelerinden biri olan Sirena Marine fabrikas\u0131nda ge\u00e7ti\u011fimiz hafta i\u015fveren ile i\u015f\u00e7i sendikas\u0131 aras\u0131ndan yap\u0131lan 5. d\u00f6nem toplu i\u015f s\u00f6zle\u015fmesi g\u00f6r\u00fc\u015fmelerinden anla\u015fmazl\u0131k \u00e7\u0131kmas\u0131 \u00fczerine 3 \u015eubat\u2019ta grev ba\u015flayacak.BURSA (\u0130GFA) &#8211; T\u00fcrkiye Liman, Dok ve Gemi Sanayii \u0130\u015f\u00e7ileri Sendikas\u0131 taraf\u0131ndan g\u00f6r\u00fc\u015fmelerden anla\u015fmazl\u0131k \u00e7\u0131kmas\u0131n\u0131n ard\u0131ndan sendikan\u0131n yapt\u0131\u011f\u0131 grev oylamas\u0131na i\u015f\u00e7ilerin y\u00fczde 99,5&#8217;i grev olmas\u0131 y\u00f6n\u00fcnde oldu. \u0130\u015f\u00e7ilerin ald\u0131\u011f\u0131 grevin yan\u0131nda olduklar\u0131n\u0131 belirten Emek Partisi Bursa \u0130l \u00d6rg\u00fct\u00fc, \u2018Bursal\u0131 t\u00fcm emek\u00e7ileri Sirena Marine i\u015f\u00e7ileriyle dayan\u0131\u015fmaya \u00e7a\u011f\u0131r\u0131yoruz\u201d dedi. \u0130\u015e\u00c7\u0130LER \u0130NSANCA YA\u015eAYACAK \u00dcCRETLER \u0130ST\u0130YOR Emek Partisi (EMEP) Bursa \u0130l \u00d6rg\u00fct\u00fc&#8217;nce yap\u0131lan yaz\u0131l\u0131 a\u00e7\u0131klamada, \u201cA\u00e7l\u0131k s\u0131n\u0131r\u0131n\u0131n biraz \u00fczerinde \u00fccret alan i\u015f\u00e7ilerin greve y\u00fczde 99,5 evet diyerek bir taraftan gelinen hayat pahal\u0131l\u0131\u011f\u0131n\u0131 g\u00f6zler \u00f6n\u00fcne sererken bir taraftan h\u00fck\u00fcmetin kemer s\u0131kma politikalar\u0131na bir cevap oldu. L\u00fcks yat \u00fcretimi yapan fabrika ayn\u0131 zamanda otomotiv ve rayl\u0131 sistemler i\u00e7in yan sanayi \u00fcretimi de yap\u0131yor. Karsan, Man gibi firmalar olmak \u00fczere kompozit \u00fcretimi de fabrikan\u0131n yelpazesi i\u00e7inde. Ancak kar\u0131n\u0131n b\u00fcy\u00fck k\u0131sm\u0131n\u0131 l\u00fcks yat \u00fcretimden sa\u011flayan fabrika Amerika ve Avrupa\u2019n\u0131n pek \u00e7ok \u00fclkesine ihracat yaparak elde ediyor. 10 y\u0131ldan az bir s\u00fcrede 5 kat b\u00fcy\u00fcyen, k\u00e2rl\u0131l\u0131\u011f\u0131 ise ayn\u0131 s\u00fcrede 20 kat artan \u015firket i\u015f\u00e7ilerine bu b\u00fcy\u00fcmeden hak ettikleri pay\u0131 vermiyor. Ko\u00e7 Holding &hellip;","og_url":"https:\/\/denizcankizil.tr\/uk\/haberler\/gundem\/sirena-marine-iscileri-3-subatta-greve-cikiyor\/","og_site_name":"Av. Deniz Can K\u0131z\u0131l","article_published_time":"2025-01-22T14:41:44+00:00","author":"admin","twitter_card":"summary_large_image","twitter_misc":{"\u041d\u0430\u043f\u0438\u0441\u0430\u043d\u043e":"admin","\u041f\u0440\u0438\u0431\u043b. \u0447\u0430\u0441 \u0447\u0438\u0442\u0430\u043d\u043d\u044f":"5 \u0445\u0432\u0438\u043b\u0438\u043d"},"schema":{"@context":"https:\/\/schema.org","@graph":[{"@type":"Article","@id":"https:\/\/denizcankizil.tr\/uk\/haberler\/gundem\/sirena-marine-iscileri-3-subatta-greve-cikiyor\/#article","isPartOf":{"@id":"https:\/\/denizcankizil.tr\/uk\/haberler\/gundem\/sirena-marine-iscileri-3-subatta-greve-cikiyor\/"},"author":{"name":"admin","@id":"https:\/\/denizcankizil.tr\/de\/#\/schema\/person\/be3c05fe6a12686905512445d8185489"},"headline":"Sirena Marine i\u015f\u00e7ileri 3 \u015eubat&#8217;ta greve \u00e7\u0131k\u0131yor","datePublished":"2025-01-22T14:41:44+00:00","mainEntityOfPage":{"@id":"https:\/\/denizcankizil.tr\/uk\/haberler\/gundem\/sirena-marine-iscileri-3-subatta-greve-cikiyor\/"},"wordCount":1013,"commentCount":0,"publisher":{"@id":"https:\/\/denizcankizil.tr\/de\/#organization"},"articleSection":["G\u00fcndem"],"inLanguage":"uk","potentialAction":[{"@type":"CommentAction","name":"Comment","target":["https:\/\/denizcankizil.tr\/uk\/haberler\/gundem\/sirena-marine-iscileri-3-subatta-greve-cikiyor\/#respond"]}]},{"@type":"WebPage","@id":"https:\/\/denizcankizil.tr\/uk\/haberler\/gundem\/sirena-marine-iscileri-3-subatta-greve-cikiyor\/","url":"https:\/\/denizcankizil.tr\/uk\/haberler\/gundem\/sirena-marine-iscileri-3-subatta-greve-cikiyor\/","name":"Sirena Marine i\u015f\u00e7ileri 3 \u015eubat'ta greve \u00e7\u0131k\u0131yor - Av. Deniz Can K\u0131z\u0131l","isPartOf":{"@id":"https:\/\/denizcankizil.tr\/de\/#website"},"datePublished":"2025-01-22T14:41:44+00:00","breadcrumb":{"@id":"https:\/\/denizcankizil.tr\/uk\/haberler\/gundem\/sirena-marine-iscileri-3-subatta-greve-cikiyor\/#breadcrumb"},"inLanguage":"uk","potentialAction":[{"@type":"ReadAction","target":["https:\/\/denizcankizil.tr\/uk\/haberler\/gundem\/sirena-marine-iscileri-3-subatta-greve-cikiyor\/"]}]},{"@type":"BreadcrumbList","@id":"https:\/\/denizcankizil.tr\/uk\/haberler\/gundem\/sirena-marine-iscileri-3-subatta-greve-cikiyor\/#breadcrumb","itemListElement":[{"@type":"ListItem","position":1,"name":"Home","item":"https:\/\/denizcankizil.tr\/de\/"},{"@type":"ListItem","position":2,"name":"Sirena Marine i\u015f\u00e7ileri 3 \u015eubat&#8217;ta greve \u00e7\u0131k\u0131yor"}]},{"@type":"WebSite","@id":"https:\/\/denizcankizil.tr\/de\/#website","url":"https:\/\/denizcankizil.tr\/de\/","name":"Av. Deniz Can K\u0131z\u0131l","description":"Avukat Deniz Can K\u0131z\u0131l Antalya Barosu","publisher":{"@id":"https:\/\/denizcankizil.tr\/de\/#organization"},"potentialAction":[{"@type":"SearchAction","target":{"@type":"EntryPoint","urlTemplate":"https:\/\/denizcankizil.tr\/de\/?s={search_term_string}"},"query-input":{"@type":"PropertyValueSpecification","valueRequired":true,"valueName":"search_term_string"}}],"inLanguage":"uk"},{"@type":"Organization","@id":"https:\/\/denizcankizil.tr\/de\/#organization","name":"Av. Deniz Can K\u0131z\u0131l","url":"https:\/\/denizcankizil.tr\/de\/","logo":{"@type":"ImageObject","inLanguage":"uk","@id":"https:\/\/denizcankizil.tr\/de\/#\/schema\/logo\/image\/","url":"https:\/\/denizcankizil.tr\/wp-content\/uploads\/2024\/10\/siyah-logo-svg.svg","contentUrl":"https:\/\/denizcankizil.tr\/wp-content\/uploads\/2024\/10\/siyah-logo-svg.svg","width":1080,"height":1080,"caption":"Av. Deniz Can K\u0131z\u0131l"},"image":{"@id":"https:\/\/denizcankizil.tr\/de\/#\/schema\/logo\/image\/"}},{"@type":"Person","@id":"https:\/\/denizcankizil.tr\/de\/#\/schema\/person\/be3c05fe6a12686905512445d8185489","name":"\u0430\u0434\u043c\u0456\u043d","image":{"@type":"ImageObject","inLanguage":"uk","@id":"https:\/\/denizcankizil.tr\/de\/#\/schema\/person\/image\/","url":"https:\/\/secure.gravatar.com\/avatar\/c1fce94c830dc79107e174f890d7210541c4a63e8e5d816341794a2151c9d58c?s=96&d=mm&r=g","contentUrl":"https:\/\/secure.gravatar.com\/avatar\/c1fce94c830dc79107e174f890d7210541c4a63e8e5d816341794a2151c9d58c?s=96&d=mm&r=g","caption":"admin"},"sameAs":["http:\/\/denizcankizil.tr"],"url":"https:\/\/www.iskenderun.org\/sirena-marine-iscileri-3-subatta-greve-cikiyor"}]}},"_links":{"self":[{"href":"https:\/\/denizcankizil.tr\/uk\/wp-json\/wp\/v2\/posts\/26801","targetHints":{"allow":["GET"]}}],"collection":[{"href":"https:\/\/denizcankizil.tr\/uk\/wp-json\/wp\/v2\/posts"}],"about":[{"href":"https:\/\/denizcankizil.tr\/uk\/wp-json\/wp\/v2\/types\/post"}],"author":[{"embeddable":true,"href":"https:\/\/denizcankizil.tr\/uk\/wp-json\/wp\/v2\/users\/1"}],"replies":[{"embeddable":true,"href":"https:\/\/denizcankizil.tr\/uk\/wp-json\/wp\/v2\/comments?post=26801"}],"version-history":[{"count":0,"href":"https:\/\/denizcankizil.tr\/uk\/wp-json\/wp\/v2\/posts\/26801\/revisions"}],"wp:attachment":[{"href":"https:\/\/denizcankizil.tr\/uk\/wp-json\/wp\/v2\/media?parent=26801"}],"wp:term":[{"taxonomy":"category","embeddable":true,"href":"https:\/\/denizcankizil.tr\/uk\/wp-json\/wp\/v2\/categories?post=26801"},{"taxonomy":"post_tag","embeddable":true,"href":"https:\/\/denizcankizil.tr\/uk\/wp-json\/wp\/v2\/tags?post=26801"}],"curies":[{"name":"wp","href":"https:\/\/api.w.org\/{rel}","templated":true}]}}