{"id":26779,"date":"2025-01-22T16:41:16","date_gmt":"2025-01-22T13:41:16","guid":{"rendered":"https:\/\/denizcankizil.tr\/uncategorized-tr\/kepez-super-lige-bir-adim-daha-yaklasti\/"},"modified":"2025-01-22T16:41:16","modified_gmt":"2025-01-22T13:41:16","slug":"kepez-super-lige-bir-adim-daha-yaklasti","status":"publish","type":"post","link":"https:\/\/denizcankizil.tr\/uk\/haberler\/antalya\/kepez-super-lige-bir-adim-daha-yaklasti\/","title":{"rendered":"Kepez S\u00fcper Lig&#8217;e bir ad\u0131m daha yakla\u015ft\u0131"},"content":{"rendered":"<p>Kastamonu Dinamik Spor Kul\u00fcb\u00fc&#8217;n\u00fc 38-26 gibi farkl\u0131 bir skorla ma\u011flup eden Kepez&#8217;in gen\u00e7 y\u0131ld\u0131zlar\u0131, ya\u015flar\u0131 ve deneyimlerine ra\u011fmen b\u00fcy\u00fck tak\u0131mlar\u0131 geride b\u0131rakmay\u0131 ba\u015fard\u0131. Ya\u015flar\u0131 15 ile 16 aras\u0131nda de\u011fi\u015fen gen\u00e7 hentbolcular, ge\u00e7en sezon 2. Lig&#8217;de \u015fampiyonluk ya\u015fayarak 1. Lig&#8217;e y\u00fckselmi\u015fti. Bu sezon ise ilk kez m\u00fccadele ettikleri 1. Lig&#8217;de sergiledikleri \u00fcst\u00fcn performansla S\u00fcper Lig&#8217;e bir ad\u0131m daha yakla\u015ft\u0131.<br \/>\nAntren\u00f6r Sertan Sarpa\u015f, oyuncular\u0131n\u0131n k\u00fc\u00e7\u00fck ya\u015flar\u0131na ra\u011fmen b\u00fcy\u00fck ba\u015far\u0131lara imza att\u0131\u011f\u0131n\u0131 belirterek, &#8220;Ge\u00e7en sezon altyap\u0131 tak\u0131mlar\u0131m\u0131zla Antalya \u015fampiyonluklar\u0131, T\u00fcrkiye \u015fampiyonluklar\u0131 ve \u00f6zel turnuva zaferleri ya\u015fad\u0131k. Bu y\u0131l da ayn\u0131 azimle \u00e7al\u0131\u015farak play-off&#8217;lara y\u00fckselmeyi ba\u015fard\u0131k. Bu ba\u015far\u0131y\u0131 Kepez Belediye Ba\u015fkan\u0131m\u0131z Mesut Kocag\u00f6z&#8217;e arma\u011fan ediyoruz&#8221; dedi.<\/p>\n<p>Kupalarla dolu bir ge\u00e7mi\u015f<br \/>\nGe\u00e7en sezon k\u00fc\u00e7\u00fckler ve y\u0131ld\u0131z tak\u0131mlar d\u00fczeyinde Antalya \u015fampiyonluklar\u0131 ya\u015fayan ekip, kul\u00fcpl\u00fc k\u00fc\u00e7\u00fck k\u0131zlar T\u00fcrkiye \u015fampiyonlu\u011fu, y\u0131ld\u0131z k\u0131zlar \u00fc\u00e7\u00fcnc\u00fcl\u00fc\u011f\u00fc ve \u00f6zel bir turnuvada T\u00fcrkiye \u015fampiyonlu\u011fu gibi \u00f6nemli ba\u015far\u0131lar elde etmi\u015fti. Okullu y\u0131ld\u0131z k\u0131zlar kategorisinde de T\u00fcrkiye \u015fampiyonu olan tak\u0131m, altyap\u0131dan gelen g\u00fcc\u00fcyle kupalara doymayan bir ekip olarak dikkat \u00e7ekiyor.<\/p>\n<p>Kaynak: www.kanalv.com.tr Haber Sitesinden Al\u0131nm\u0131\u015ft\u0131r.<\/p>","protected":false},"excerpt":{"rendered":"<p>Kastamonu Dinamik Spor Kul\u00fcb\u00fc&#8217;n\u00fc 38-26 gibi farkl\u0131 bir skorla ma\u011flup eden Kepez&#8217;in gen\u00e7 y\u0131ld\u0131zlar\u0131, ya\u015flar\u0131 ve deneyimlerine ra\u011fmen b\u00fcy\u00fck tak\u0131mlar\u0131 geride b\u0131rakmay\u0131 ba\u015fard\u0131. Ya\u015flar\u0131 15 ile 16 aras\u0131nda de\u011fi\u015fen gen\u00e7 hentbolcular, ge\u00e7en sezon 2. Lig&#8217;de \u015fampiyonluk ya\u015fayarak 1. Lig&#8217;e y\u00fckselmi\u015fti. Bu sezon ise ilk kez m\u00fccadele ettikleri 1. Lig&#8217;de sergiledikleri \u00fcst\u00fcn performansla S\u00fcper Lig&#8217;e bir ad\u0131m daha yakla\u015ft\u0131. Antren\u00f6r Sertan Sarpa\u015f, oyuncular\u0131n\u0131n k\u00fc\u00e7\u00fck ya\u015flar\u0131na ra\u011fmen b\u00fcy\u00fck ba\u015far\u0131lara imza att\u0131\u011f\u0131n\u0131 belirterek, &#8220;Ge\u00e7en sezon altyap\u0131 tak\u0131mlar\u0131m\u0131zla Antalya \u015fampiyonluklar\u0131, T\u00fcrkiye \u015fampiyonluklar\u0131 ve \u00f6zel turnuva zaferleri ya\u015fad\u0131k. Bu y\u0131l da ayn\u0131 azimle \u00e7al\u0131\u015farak play-off&#8217;lara y\u00fckselmeyi ba\u015fard\u0131k. Bu ba\u015far\u0131y\u0131 Kepez Belediye Ba\u015fkan\u0131m\u0131z Mesut Kocag\u00f6z&#8217;e arma\u011fan ediyoruz&#8221; dedi. Kupalarla dolu bir ge\u00e7mi\u015f Ge\u00e7en sezon k\u00fc\u00e7\u00fckler ve y\u0131ld\u0131z tak\u0131mlar d\u00fczeyinde Antalya \u015fampiyonluklar\u0131 ya\u015fayan ekip, kul\u00fcpl\u00fc k\u00fc\u00e7\u00fck k\u0131zlar T\u00fcrkiye \u015fampiyonlu\u011fu, y\u0131ld\u0131z k\u0131zlar \u00fc\u00e7\u00fcnc\u00fcl\u00fc\u011f\u00fc ve \u00f6zel bir turnuvada T\u00fcrkiye \u015fampiyonlu\u011fu gibi \u00f6nemli ba\u015far\u0131lar elde etmi\u015fti. Okullu y\u0131ld\u0131z k\u0131zlar kategorisinde de T\u00fcrkiye \u015fampiyonu olan tak\u0131m, altyap\u0131dan gelen g\u00fcc\u00fcyle kupalara doymayan bir ekip olarak dikkat \u00e7ekiyor. Kaynak: www.kanalv.com.tr Haber Sitesinden Al\u0131nm\u0131\u015ft\u0131r.<\/p>","protected":false},"author":4,"featured_media":26780,"comment_status":"open","ping_status":"open","sticky":false,"template":"","format":"standard","meta":{"_acf_changed":false,"footnotes":""},"categories":[26],"tags":[],"class_list":["post-26779","post","type-post","status-publish","format-standard","has-post-thumbnail","hentry","category-antalya"],"acf":[],"yoast_head":"<!-- This site is optimized with the Yoast SEO Premium plugin v26.6 (Yoast SEO v27.1.1) - https:\/\/yoast.com\/product\/yoast-seo-premium-wordpress\/ -->\n<title>Kepez S\u00fcper Lig&#039;e bir ad\u0131m daha yakla\u015ft\u0131 - Av. Deniz Can K\u0131z\u0131l<\/title>\n<meta name=\"robots\" content=\"index, follow, max-snippet:-1, max-image-preview:large, max-video-preview:-1\" \/>\n<link rel=\"canonical\" href=\"https:\/\/denizcankizil.tr\/uk\/haberler\/antalya\/kepez-super-lige-bir-adim-daha-yaklasti\/\" \/>\n<meta property=\"og:locale\" content=\"uk_UA\" \/>\n<meta property=\"og:type\" content=\"article\" \/>\n<meta property=\"og:title\" content=\"Kepez S\u00fcper Lig&#039;e bir ad\u0131m daha yakla\u015ft\u0131\" \/>\n<meta property=\"og:description\" content=\"Kastamonu Dinamik Spor Kul\u00fcb\u00fc&#8217;n\u00fc 38-26 gibi farkl\u0131 bir skorla ma\u011flup eden Kepez&#8217;in gen\u00e7 y\u0131ld\u0131zlar\u0131, ya\u015flar\u0131 ve deneyimlerine ra\u011fmen b\u00fcy\u00fck tak\u0131mlar\u0131 geride b\u0131rakmay\u0131 ba\u015fard\u0131. Ya\u015flar\u0131 15 ile 16 aras\u0131nda de\u011fi\u015fen gen\u00e7 hentbolcular, ge\u00e7en sezon 2. Lig&#8217;de \u015fampiyonluk ya\u015fayarak 1. Lig&#8217;e y\u00fckselmi\u015fti. Bu sezon ise ilk kez m\u00fccadele ettikleri 1. Lig&#8217;de sergiledikleri \u00fcst\u00fcn performansla S\u00fcper Lig&#8217;e bir ad\u0131m daha yakla\u015ft\u0131. Antren\u00f6r Sertan Sarpa\u015f, oyuncular\u0131n\u0131n k\u00fc\u00e7\u00fck ya\u015flar\u0131na ra\u011fmen b\u00fcy\u00fck ba\u015far\u0131lara imza att\u0131\u011f\u0131n\u0131 belirterek, &#8220;Ge\u00e7en sezon altyap\u0131 tak\u0131mlar\u0131m\u0131zla Antalya \u015fampiyonluklar\u0131, T\u00fcrkiye \u015fampiyonluklar\u0131 ve \u00f6zel turnuva zaferleri ya\u015fad\u0131k. Bu y\u0131l da ayn\u0131 azimle \u00e7al\u0131\u015farak play-off&#8217;lara y\u00fckselmeyi ba\u015fard\u0131k. Bu ba\u015far\u0131y\u0131 Kepez Belediye Ba\u015fkan\u0131m\u0131z Mesut Kocag\u00f6z&#8217;e arma\u011fan ediyoruz&#8221; dedi. Kupalarla dolu bir ge\u00e7mi\u015f Ge\u00e7en sezon k\u00fc\u00e7\u00fckler ve y\u0131ld\u0131z tak\u0131mlar d\u00fczeyinde Antalya \u015fampiyonluklar\u0131 ya\u015fayan ekip, kul\u00fcpl\u00fc k\u00fc\u00e7\u00fck k\u0131zlar T\u00fcrkiye \u015fampiyonlu\u011fu, y\u0131ld\u0131z k\u0131zlar \u00fc\u00e7\u00fcnc\u00fcl\u00fc\u011f\u00fc ve \u00f6zel bir turnuvada T\u00fcrkiye \u015fampiyonlu\u011fu gibi \u00f6nemli ba\u015far\u0131lar elde etmi\u015fti. Okullu y\u0131ld\u0131z k\u0131zlar kategorisinde de T\u00fcrkiye \u015fampiyonu olan tak\u0131m, altyap\u0131dan gelen g\u00fcc\u00fcyle kupalara doymayan bir ekip olarak dikkat \u00e7ekiyor. Kaynak: www.kanalv.com.tr Haber Sitesinden Al\u0131nm\u0131\u015ft\u0131r.\" \/>\n<meta property=\"og:url\" content=\"https:\/\/denizcankizil.tr\/uk\/haberler\/antalya\/kepez-super-lige-bir-adim-daha-yaklasti\/\" \/>\n<meta property=\"og:site_name\" content=\"Av. Deniz Can K\u0131z\u0131l\" \/>\n<meta property=\"article:published_time\" content=\"2025-01-22T13:41:16+00:00\" \/>\n<meta property=\"og:image\" content=\"https:\/\/denizcankizil.tr\/wp-content\/uploads\/2025\/01\/4274-01-pJUY73.jpeg\" \/>\n\t<meta property=\"og:image:width\" content=\"1280\" \/>\n\t<meta property=\"og:image:height\" content=\"720\" \/>\n\t<meta property=\"og:image:type\" content=\"image\/jpeg\" \/>\n<meta name=\"author\" content=\"Av. Deniz Can K\u0131z\u0131l\" \/>\n<meta name=\"twitter:card\" content=\"summary_large_image\" \/>\n<meta name=\"twitter:label1\" content=\"\u041d\u0430\u043f\u0438\u0441\u0430\u043d\u043e\" \/>\n\t<meta name=\"twitter:data1\" content=\"Av. Deniz Can K\u0131z\u0131l\" \/>\n\t<meta name=\"twitter:label2\" content=\"\u041f\u0440\u0438\u0431\u043b. \u0447\u0430\u0441 \u0447\u0438\u0442\u0430\u043d\u043d\u044f\" \/>\n\t<meta name=\"twitter:data2\" content=\"1 \u0445\u0432\u0438\u043b\u0438\u043d\u0430\" \/>\n<script type=\"application\/ld+json\" class=\"yoast-schema-graph\">{\"@context\":\"https:\/\/schema.org\",\"@graph\":[{\"@type\":\"Article\",\"@id\":\"https:\/\/denizcankizil.tr\/uk\/haberler\/antalya\/kepez-super-lige-bir-adim-daha-yaklasti\/#article\",\"isPartOf\":{\"@id\":\"https:\/\/denizcankizil.tr\/uk\/haberler\/antalya\/kepez-super-lige-bir-adim-daha-yaklasti\/\"},\"author\":{\"name\":\"Av. Deniz Can K\u0131z\u0131l\",\"@id\":\"https:\/\/denizcankizil.tr\/#\/schema\/person\/5dc1b22991bd7ac833867c10afc9b0ff\"},\"headline\":\"Kepez S\u00fcper Lig&#8217;e bir ad\u0131m daha yakla\u015ft\u0131\",\"datePublished\":\"2025-01-22T13:41:16+00:00\",\"mainEntityOfPage\":{\"@id\":\"https:\/\/denizcankizil.tr\/uk\/haberler\/antalya\/kepez-super-lige-bir-adim-daha-yaklasti\/\"},\"wordCount\":265,\"commentCount\":0,\"publisher\":{\"@id\":\"https:\/\/denizcankizil.tr\/#organization\"},\"image\":{\"@id\":\"https:\/\/denizcankizil.tr\/uk\/haberler\/antalya\/kepez-super-lige-bir-adim-daha-yaklasti\/#primaryimage\"},\"thumbnailUrl\":\"https:\/\/denizcankizil.tr\/wp-content\/uploads\/2025\/01\/4274-01-pJUY73.jpeg\",\"articleSection\":[\"Antalya\"],\"inLanguage\":\"uk\",\"potentialAction\":[{\"@type\":\"CommentAction\",\"name\":\"Comment\",\"target\":[\"https:\/\/denizcankizil.tr\/uk\/haberler\/antalya\/kepez-super-lige-bir-adim-daha-yaklasti\/#respond\"]}]},{\"@type\":\"WebPage\",\"@id\":\"https:\/\/denizcankizil.tr\/uk\/haberler\/antalya\/kepez-super-lige-bir-adim-daha-yaklasti\/\",\"url\":\"https:\/\/denizcankizil.tr\/uk\/haberler\/antalya\/kepez-super-lige-bir-adim-daha-yaklasti\/\",\"name\":\"Kepez S\u00fcper Lig'e bir ad\u0131m daha yakla\u015ft\u0131 - Av. Deniz Can K\u0131z\u0131l\",\"isPartOf\":{\"@id\":\"https:\/\/denizcankizil.tr\/#website\"},\"primaryImageOfPage\":{\"@id\":\"https:\/\/denizcankizil.tr\/uk\/haberler\/antalya\/kepez-super-lige-bir-adim-daha-yaklasti\/#primaryimage\"},\"image\":{\"@id\":\"https:\/\/denizcankizil.tr\/uk\/haberler\/antalya\/kepez-super-lige-bir-adim-daha-yaklasti\/#primaryimage\"},\"thumbnailUrl\":\"https:\/\/denizcankizil.tr\/wp-content\/uploads\/2025\/01\/4274-01-pJUY73.jpeg\",\"datePublished\":\"2025-01-22T13:41:16+00:00\",\"breadcrumb\":{\"@id\":\"https:\/\/denizcankizil.tr\/uk\/haberler\/antalya\/kepez-super-lige-bir-adim-daha-yaklasti\/#breadcrumb\"},\"inLanguage\":\"uk\",\"potentialAction\":[{\"@type\":\"ReadAction\",\"target\":[\"https:\/\/denizcankizil.tr\/uk\/haberler\/antalya\/kepez-super-lige-bir-adim-daha-yaklasti\/\"]}]},{\"@type\":\"ImageObject\",\"inLanguage\":\"uk\",\"@id\":\"https:\/\/denizcankizil.tr\/uk\/haberler\/antalya\/kepez-super-lige-bir-adim-daha-yaklasti\/#primaryimage\",\"url\":\"https:\/\/denizcankizil.tr\/wp-content\/uploads\/2025\/01\/4274-01-pJUY73.jpeg\",\"contentUrl\":\"https:\/\/denizcankizil.tr\/wp-content\/uploads\/2025\/01\/4274-01-pJUY73.jpeg\",\"width\":1280,\"height\":720},{\"@type\":\"BreadcrumbList\",\"@id\":\"https:\/\/denizcankizil.tr\/uk\/haberler\/antalya\/kepez-super-lige-bir-adim-daha-yaklasti\/#breadcrumb\",\"itemListElement\":[{\"@type\":\"ListItem\",\"position\":1,\"name\":\"Home\",\"item\":\"https:\/\/denizcankizil.tr\/uk\/\"},{\"@type\":\"ListItem\",\"position\":2,\"name\":\"Kepez S\u00fcper Lig&#8217;e bir ad\u0131m daha yakla\u015ft\u0131\"}]},{\"@type\":\"WebSite\",\"@id\":\"https:\/\/denizcankizil.tr\/#website\",\"url\":\"https:\/\/denizcankizil.tr\/\",\"name\":\"Av. Deniz Can K\u0131z\u0131l\",\"description\":\"Avukat Deniz Can K\u0131z\u0131l Antalya Barosu\",\"publisher\":{\"@id\":\"https:\/\/denizcankizil.tr\/#organization\"},\"potentialAction\":[{\"@type\":\"SearchAction\",\"target\":{\"@type\":\"EntryPoint\",\"urlTemplate\":\"https:\/\/denizcankizil.tr\/?s={search_term_string}\"},\"query-input\":{\"@type\":\"PropertyValueSpecification\",\"valueRequired\":true,\"valueName\":\"search_term_string\"}}],\"inLanguage\":\"uk\"},{\"@type\":\"Organization\",\"@id\":\"https:\/\/denizcankizil.tr\/#organization\",\"name\":\"Av. Deniz Can K\u0131z\u0131l\",\"url\":\"https:\/\/denizcankizil.tr\/\",\"logo\":{\"@type\":\"ImageObject\",\"inLanguage\":\"uk\",\"@id\":\"https:\/\/denizcankizil.tr\/#\/schema\/logo\/image\/\",\"url\":\"https:\/\/denizcankizil.tr\/wp-content\/uploads\/2024\/10\/siyah-logo-svg.svg\",\"contentUrl\":\"https:\/\/denizcankizil.tr\/wp-content\/uploads\/2024\/10\/siyah-logo-svg.svg\",\"width\":1080,\"height\":1080,\"caption\":\"Av. Deniz Can K\u0131z\u0131l\"},\"image\":{\"@id\":\"https:\/\/denizcankizil.tr\/#\/schema\/logo\/image\/\"}},{\"@type\":\"Person\",\"@id\":\"https:\/\/denizcankizil.tr\/#\/schema\/person\/5dc1b22991bd7ac833867c10afc9b0ff\",\"name\":\"Av. Deniz Can K\u0131z\u0131l\",\"image\":{\"@type\":\"ImageObject\",\"inLanguage\":\"uk\",\"@id\":\"https:\/\/denizcankizil.tr\/#\/schema\/person\/image\/\",\"url\":\"https:\/\/secure.gravatar.com\/avatar\/a0b128fb9855c79efc976d5640eedb31dc35ec297594d6016d2cf7c60e975bb6?s=96&d=mm&r=g\",\"contentUrl\":\"https:\/\/secure.gravatar.com\/avatar\/a0b128fb9855c79efc976d5640eedb31dc35ec297594d6016d2cf7c60e975bb6?s=96&d=mm&r=g\",\"caption\":\"Av. Deniz Can K\u0131z\u0131l\"},\"sameAs\":[\"http:\/\/www.denizcankizil.tr\"],\"url\":\"https:\/\/denizcankizil.tr\/uk\/author\/denizcankizil\/\"}]}<\/script>\n<!-- \/ Yoast SEO Premium plugin. -->","yoast_head_json":{"title":"Kepez S\u00fcper Lig'e bir ad\u0131m daha yakla\u015ft\u0131 - Av. Deniz Can K\u0131z\u0131l","robots":{"index":"index","follow":"follow","max-snippet":"max-snippet:-1","max-image-preview":"max-image-preview:large","max-video-preview":"max-video-preview:-1"},"canonical":"https:\/\/denizcankizil.tr\/uk\/haberler\/antalya\/kepez-super-lige-bir-adim-daha-yaklasti\/","og_locale":"uk_UA","og_type":"article","og_title":"Kepez S\u00fcper Lig'e bir ad\u0131m daha yakla\u015ft\u0131","og_description":"Kastamonu Dinamik Spor Kul\u00fcb\u00fc&#8217;n\u00fc 38-26 gibi farkl\u0131 bir skorla ma\u011flup eden Kepez&#8217;in gen\u00e7 y\u0131ld\u0131zlar\u0131, ya\u015flar\u0131 ve deneyimlerine ra\u011fmen b\u00fcy\u00fck tak\u0131mlar\u0131 geride b\u0131rakmay\u0131 ba\u015fard\u0131. Ya\u015flar\u0131 15 ile 16 aras\u0131nda de\u011fi\u015fen gen\u00e7 hentbolcular, ge\u00e7en sezon 2. Lig&#8217;de \u015fampiyonluk ya\u015fayarak 1. Lig&#8217;e y\u00fckselmi\u015fti. Bu sezon ise ilk kez m\u00fccadele ettikleri 1. Lig&#8217;de sergiledikleri \u00fcst\u00fcn performansla S\u00fcper Lig&#8217;e bir ad\u0131m daha yakla\u015ft\u0131. Antren\u00f6r Sertan Sarpa\u015f, oyuncular\u0131n\u0131n k\u00fc\u00e7\u00fck ya\u015flar\u0131na ra\u011fmen b\u00fcy\u00fck ba\u015far\u0131lara imza att\u0131\u011f\u0131n\u0131 belirterek, &#8220;Ge\u00e7en sezon altyap\u0131 tak\u0131mlar\u0131m\u0131zla Antalya \u015fampiyonluklar\u0131, T\u00fcrkiye \u015fampiyonluklar\u0131 ve \u00f6zel turnuva zaferleri ya\u015fad\u0131k. Bu y\u0131l da ayn\u0131 azimle \u00e7al\u0131\u015farak play-off&#8217;lara y\u00fckselmeyi ba\u015fard\u0131k. Bu ba\u015far\u0131y\u0131 Kepez Belediye Ba\u015fkan\u0131m\u0131z Mesut Kocag\u00f6z&#8217;e arma\u011fan ediyoruz&#8221; dedi. Kupalarla dolu bir ge\u00e7mi\u015f Ge\u00e7en sezon k\u00fc\u00e7\u00fckler ve y\u0131ld\u0131z tak\u0131mlar d\u00fczeyinde Antalya \u015fampiyonluklar\u0131 ya\u015fayan ekip, kul\u00fcpl\u00fc k\u00fc\u00e7\u00fck k\u0131zlar T\u00fcrkiye \u015fampiyonlu\u011fu, y\u0131ld\u0131z k\u0131zlar \u00fc\u00e7\u00fcnc\u00fcl\u00fc\u011f\u00fc ve \u00f6zel bir turnuvada T\u00fcrkiye \u015fampiyonlu\u011fu gibi \u00f6nemli ba\u015far\u0131lar elde etmi\u015fti. Okullu y\u0131ld\u0131z k\u0131zlar kategorisinde de T\u00fcrkiye \u015fampiyonu olan tak\u0131m, altyap\u0131dan gelen g\u00fcc\u00fcyle kupalara doymayan bir ekip olarak dikkat \u00e7ekiyor. Kaynak: www.kanalv.com.tr Haber Sitesinden Al\u0131nm\u0131\u015ft\u0131r.","og_url":"https:\/\/denizcankizil.tr\/uk\/haberler\/antalya\/kepez-super-lige-bir-adim-daha-yaklasti\/","og_site_name":"Av. Deniz Can K\u0131z\u0131l","article_published_time":"2025-01-22T13:41:16+00:00","og_image":[{"width":1280,"height":720,"url":"https:\/\/denizcankizil.tr\/wp-content\/uploads\/2025\/01\/4274-01-pJUY73.jpeg","type":"image\/jpeg"}],"author":"Av. Deniz Can K\u0131z\u0131l","twitter_card":"summary_large_image","twitter_misc":{"\u041d\u0430\u043f\u0438\u0441\u0430\u043d\u043e":"Av. Deniz Can K\u0131z\u0131l","\u041f\u0440\u0438\u0431\u043b. \u0447\u0430\u0441 \u0447\u0438\u0442\u0430\u043d\u043d\u044f":"1 \u0445\u0432\u0438\u043b\u0438\u043d\u0430"},"schema":{"@context":"https:\/\/schema.org","@graph":[{"@type":"Article","@id":"https:\/\/denizcankizil.tr\/uk\/haberler\/antalya\/kepez-super-lige-bir-adim-daha-yaklasti\/#article","isPartOf":{"@id":"https:\/\/denizcankizil.tr\/uk\/haberler\/antalya\/kepez-super-lige-bir-adim-daha-yaklasti\/"},"author":{"name":"Av. Deniz Can K\u0131z\u0131l","@id":"https:\/\/denizcankizil.tr\/#\/schema\/person\/5dc1b22991bd7ac833867c10afc9b0ff"},"headline":"Kepez S\u00fcper Lig&#8217;e bir ad\u0131m daha yakla\u015ft\u0131","datePublished":"2025-01-22T13:41:16+00:00","mainEntityOfPage":{"@id":"https:\/\/denizcankizil.tr\/uk\/haberler\/antalya\/kepez-super-lige-bir-adim-daha-yaklasti\/"},"wordCount":265,"commentCount":0,"publisher":{"@id":"https:\/\/denizcankizil.tr\/#organization"},"image":{"@id":"https:\/\/denizcankizil.tr\/uk\/haberler\/antalya\/kepez-super-lige-bir-adim-daha-yaklasti\/#primaryimage"},"thumbnailUrl":"https:\/\/denizcankizil.tr\/wp-content\/uploads\/2025\/01\/4274-01-pJUY73.jpeg","articleSection":["Antalya"],"inLanguage":"uk","potentialAction":[{"@type":"CommentAction","name":"Comment","target":["https:\/\/denizcankizil.tr\/uk\/haberler\/antalya\/kepez-super-lige-bir-adim-daha-yaklasti\/#respond"]}]},{"@type":"WebPage","@id":"https:\/\/denizcankizil.tr\/uk\/haberler\/antalya\/kepez-super-lige-bir-adim-daha-yaklasti\/","url":"https:\/\/denizcankizil.tr\/uk\/haberler\/antalya\/kepez-super-lige-bir-adim-daha-yaklasti\/","name":"Kepez S\u00fcper Lig'e bir ad\u0131m daha yakla\u015ft\u0131 - Av. Deniz Can K\u0131z\u0131l","isPartOf":{"@id":"https:\/\/denizcankizil.tr\/#website"},"primaryImageOfPage":{"@id":"https:\/\/denizcankizil.tr\/uk\/haberler\/antalya\/kepez-super-lige-bir-adim-daha-yaklasti\/#primaryimage"},"image":{"@id":"https:\/\/denizcankizil.tr\/uk\/haberler\/antalya\/kepez-super-lige-bir-adim-daha-yaklasti\/#primaryimage"},"thumbnailUrl":"https:\/\/denizcankizil.tr\/wp-content\/uploads\/2025\/01\/4274-01-pJUY73.jpeg","datePublished":"2025-01-22T13:41:16+00:00","breadcrumb":{"@id":"https:\/\/denizcankizil.tr\/uk\/haberler\/antalya\/kepez-super-lige-bir-adim-daha-yaklasti\/#breadcrumb"},"inLanguage":"uk","potentialAction":[{"@type":"ReadAction","target":["https:\/\/denizcankizil.tr\/uk\/haberler\/antalya\/kepez-super-lige-bir-adim-daha-yaklasti\/"]}]},{"@type":"ImageObject","inLanguage":"uk","@id":"https:\/\/denizcankizil.tr\/uk\/haberler\/antalya\/kepez-super-lige-bir-adim-daha-yaklasti\/#primaryimage","url":"https:\/\/denizcankizil.tr\/wp-content\/uploads\/2025\/01\/4274-01-pJUY73.jpeg","contentUrl":"https:\/\/denizcankizil.tr\/wp-content\/uploads\/2025\/01\/4274-01-pJUY73.jpeg","width":1280,"height":720},{"@type":"BreadcrumbList","@id":"https:\/\/denizcankizil.tr\/uk\/haberler\/antalya\/kepez-super-lige-bir-adim-daha-yaklasti\/#breadcrumb","itemListElement":[{"@type":"ListItem","position":1,"name":"Home","item":"https:\/\/denizcankizil.tr\/uk\/"},{"@type":"ListItem","position":2,"name":"Kepez S\u00fcper Lig&#8217;e bir ad\u0131m daha yakla\u015ft\u0131"}]},{"@type":"WebSite","@id":"https:\/\/denizcankizil.tr\/#website","url":"https:\/\/denizcankizil.tr\/","name":"Av. Deniz Can K\u0131z\u0131l","description":"Avukat Deniz Can K\u0131z\u0131l Antalya Barosu","publisher":{"@id":"https:\/\/denizcankizil.tr\/#organization"},"potentialAction":[{"@type":"SearchAction","target":{"@type":"EntryPoint","urlTemplate":"https:\/\/denizcankizil.tr\/?s={search_term_string}"},"query-input":{"@type":"PropertyValueSpecification","valueRequired":true,"valueName":"search_term_string"}}],"inLanguage":"uk"},{"@type":"Organization","@id":"https:\/\/denizcankizil.tr\/#organization","name":"Av. Deniz Can K\u0131z\u0131l","url":"https:\/\/denizcankizil.tr\/","logo":{"@type":"ImageObject","inLanguage":"uk","@id":"https:\/\/denizcankizil.tr\/#\/schema\/logo\/image\/","url":"https:\/\/denizcankizil.tr\/wp-content\/uploads\/2024\/10\/siyah-logo-svg.svg","contentUrl":"https:\/\/denizcankizil.tr\/wp-content\/uploads\/2024\/10\/siyah-logo-svg.svg","width":1080,"height":1080,"caption":"Av. Deniz Can K\u0131z\u0131l"},"image":{"@id":"https:\/\/denizcankizil.tr\/#\/schema\/logo\/image\/"}},{"@type":"Person","@id":"https:\/\/denizcankizil.tr\/#\/schema\/person\/5dc1b22991bd7ac833867c10afc9b0ff","name":"Av. Deniz Can K\u0131z\u0131l","image":{"@type":"ImageObject","inLanguage":"uk","@id":"https:\/\/denizcankizil.tr\/#\/schema\/person\/image\/","url":"https:\/\/secure.gravatar.com\/avatar\/a0b128fb9855c79efc976d5640eedb31dc35ec297594d6016d2cf7c60e975bb6?s=96&d=mm&r=g","contentUrl":"https:\/\/secure.gravatar.com\/avatar\/a0b128fb9855c79efc976d5640eedb31dc35ec297594d6016d2cf7c60e975bb6?s=96&d=mm&r=g","caption":"Av. Deniz Can K\u0131z\u0131l"},"sameAs":["http:\/\/www.denizcankizil.tr"],"url":"https:\/\/denizcankizil.tr\/uk\/author\/denizcankizil\/"}]}},"_links":{"self":[{"href":"https:\/\/denizcankizil.tr\/uk\/wp-json\/wp\/v2\/posts\/26779","targetHints":{"allow":["GET"]}}],"collection":[{"href":"https:\/\/denizcankizil.tr\/uk\/wp-json\/wp\/v2\/posts"}],"about":[{"href":"https:\/\/denizcankizil.tr\/uk\/wp-json\/wp\/v2\/types\/post"}],"author":[{"embeddable":true,"href":"https:\/\/denizcankizil.tr\/uk\/wp-json\/wp\/v2\/users\/4"}],"replies":[{"embeddable":true,"href":"https:\/\/denizcankizil.tr\/uk\/wp-json\/wp\/v2\/comments?post=26779"}],"version-history":[{"count":0,"href":"https:\/\/denizcankizil.tr\/uk\/wp-json\/wp\/v2\/posts\/26779\/revisions"}],"wp:featuredmedia":[{"embeddable":true,"href":"https:\/\/denizcankizil.tr\/uk\/wp-json\/wp\/v2\/media\/26780"}],"wp:attachment":[{"href":"https:\/\/denizcankizil.tr\/uk\/wp-json\/wp\/v2\/media?parent=26779"}],"wp:term":[{"taxonomy":"category","embeddable":true,"href":"https:\/\/denizcankizil.tr\/uk\/wp-json\/wp\/v2\/categories?post=26779"},{"taxonomy":"post_tag","embeddable":true,"href":"https:\/\/denizcankizil.tr\/uk\/wp-json\/wp\/v2\/tags?post=26779"}],"curies":[{"name":"wp","href":"https:\/\/api.w.org\/{rel}","templated":true}]}}