{"id":26739,"date":"2025-01-22T12:41:59","date_gmt":"2025-01-22T09:41:59","guid":{"rendered":"https:\/\/denizcankizil.tr\/uncategorized-tr\/bolu-kartalkaya-faciasinda-kaybedilen-aci-detay\/"},"modified":"2025-01-22T12:41:59","modified_gmt":"2025-01-22T09:41:59","slug":"bolu-kartalkaya-faciasinda-kaybedilen-aci-detay","status":"publish","type":"post","link":"https:\/\/denizcankizil.tr\/uk\/haberler\/gundem\/bolu-kartalkaya-faciasinda-kaybedilen-aci-detay\/","title":{"rendered":"Bolu Kartalkaya facias\u0131nda kaybedilen ac\u0131 detay"},"content":{"rendered":"<p>Bolu Kartalkaya&#8217;daki otel yang\u0131n\u0131 facias\u0131nda ya\u015fam\u0131n\u0131 yitiren Zehra Sena G\u00fcltekin&#8217;in, yang\u0131n s\u0131ras\u0131nda annesini arayarak helallik istedi\u011fi \u00f6\u011frenildi. Ayr\u0131ca, Zehra Sena G\u00fcltekin ve e\u015fi Bilal G\u00fcltekin&#8217;in Uygur T\u00fcrk\u00fc k\u00fc\u00e7\u00fck bir k\u0131z\u0131n koruyucu ailesi oldu\u011fu belirtildi. G\u00fcltekin&#8217;in kom\u015fusu, sosyal medya hesab\u0131ndan yapt\u0131\u011f\u0131 payla\u015f\u0131mda, &#8220;Sena, sen o emanet k\u0131z\u0131na, &#8216;kuzucuk&#8217; dedi\u011fin i\u00e7in o da sana &#8216;kuzucuk&#8217; derdi. Siz ne g\u00fczel insanlard\u0131n\u0131z. Hepimiz \u015fahidiz g\u00fczel kom\u015fum&#8221; ifadelerini kulland\u0131.<\/p>\n<p>KORUYUCU A\u0130LEL\u0130K YAPTIKLARI \u00d6\u011eREN\u0130LD\u0130\u00a0<\/p>\n<p>T\u00fcrk Hava Yollar\u0131 personeli oldu\u011fu \u00f6\u011frenilen Sena G\u00fcltekin, okullar\u0131n yar\u0131y\u0131l tatiline girmesinden dolay\u0131 e\u015fi, \u00e7ocuklar\u0131 ve ailesinden 9 ki\u015fiyle birlikte Kartalkaya Kayak Merkezi&#8217;ndeki Grand Kartal Otel&#8217;e tatile gitmi\u015fti. Zehra G\u00fcltekin ve e\u015fi Bilal G\u00fcltekin, \u00e7iftin \u00e7ocuklar\u0131 Muhammet Selim, Yusuf Sinanettin, Bekir Sad\u0131k ve S\u00fcmeyye&#8217;nin de aralar\u0131nda bulundu\u011fu G\u00fcltekin ailesinden 8 ki\u015fi yang\u0131nda hayat\u0131n\u0131 kaybetti. Yang\u0131n \u00e7\u0131kt\u0131ktan sonra Zehra Sena G\u00fcltekin&#8217;in annesini aray\u0131p helallik ald\u0131\u011f\u0131 \u00f6\u011frenildi. Ayr\u0131ca, Zehra Sena ve Bilal G\u00fcltekin&#8217;in Uygur T\u00fcrk&#8217;\u00fc minik S\u00fcmeyye&#8217;nin koruyucu ailesi oldu\u011fu \u00f6\u011frenildi.<\/p>\n<p>O DA SANA &#8216;KUZUCUK&#8217; DERD\u0130\u00a0<\/p>\n<p>Zehra Sena G\u00fcltekin&#8217;in kom\u015fusu sosyal medyadan yapt\u0131\u011f\u0131 payla\u015f\u0131mda, &#8220;Bolu Kartalkaya&#8217;da birbirinden g\u00fczel yavrular\u0131yla tatilde olan nadide kom\u015fum Zehra Sena G\u00fcltekin, e\u015fi Bilal G\u00fcltekin, \u00e7ocuklar\u0131 Yusuf Sinanettin, Bekir Sad\u0131k, Muhammet Selim&#8217;i kalbimin kald\u0131ramayaca\u011f\u0131 kadar a\u011f\u0131r bir \u015fekilde kaybettik. Ah, yanlar\u0131ndan hi\u00e7 ay\u0131rmad\u0131klar\u0131 ve kendi evlatlar\u0131 gibi b\u00fcy\u00fctt\u00fcklerine \u015fahit oldu\u011fumuz Do\u011fu T\u00fcrkistan zulm\u00fcnden koruduklar\u0131 minik k\u0131z S\u00fcmeyye&#8217;de bu yang\u0131nda vefat etmi\u015f. Sena, sen o emanet k\u0131z\u0131na, &#8216;kuzucuk&#8217; dedi\u011fin i\u00e7in o da sana &#8216;kuzucuk&#8217; derdi. Siz ne g\u00fczel insanlard\u0131n\u0131z. Hepimiz \u015fahidiz g\u00fczel kom\u015fum, \u015fahidiz. Bu yang\u0131na sebep olanlar, ihmale neden olanlar hesap verecek. Kesinlikle takibimizdedir. Kimse dikkat da\u011f\u0131tmaya \u00e7al\u0131\u015fmas\u0131n&#8221; ifadelerini kulland\u0131.\u00a0\u00a0 \u00a0 \u00a0 \u00a0 \u00a0 \u00a0 \u00a0 \u00a0 \u00a0 \u00a0 \u00a0 \u00a0 \u00a0 \u00a0 \u00a0 \u00a0<\/p>\n<p>\u200bBolu Kartalkaya&#8217;daki Grand Kartal Otel&#8217;de meydana gelen yang\u0131nda 9 ki\u015filik aile ya\u015fam\u0131n\u0131 yitirdi. T\u00fcrk Hava Yollar\u0131 personeli oldu\u011fu \u00f6\u011frenilen Sena G\u00fcltekin, e\u015fi, \u00fc\u00e7 \u00e7ocu\u011fu ve koruyucu ailelik yapt\u0131\u011f\u0131 Uygur T\u00fcrk\u00fc k\u00fc\u00e7\u00fck k\u0131z hayat\u0131n\u0131 kaybetti. \u0130\u015fte kom\u015fusunun yapt\u0131\u011f\u0131 kahreden payla\u015f\u0131m&#8230;\u00a0<\/p>\n<p>\u200bHaberin Al\u0131nt\u0131land\u0131\u011f\u0131 Kaynak: www.antalyakorfez.com<\/p>","protected":false},"excerpt":{"rendered":"<p>Bolu Kartalkaya&#8217;daki otel yang\u0131n\u0131 facias\u0131nda ya\u015fam\u0131n\u0131 yitiren Zehra Sena G\u00fcltekin&#8217;in, yang\u0131n s\u0131ras\u0131nda annesini arayarak helallik istedi\u011fi \u00f6\u011frenildi. Ayr\u0131ca, Zehra Sena G\u00fcltekin ve e\u015fi Bilal G\u00fcltekin&#8217;in Uygur T\u00fcrk\u00fc k\u00fc\u00e7\u00fck bir k\u0131z\u0131n koruyucu ailesi oldu\u011fu belirtildi. G\u00fcltekin&#8217;in kom\u015fusu, sosyal medya hesab\u0131ndan yapt\u0131\u011f\u0131 payla\u015f\u0131mda, &#8220;Sena, sen o emanet k\u0131z\u0131na, &#8216;kuzucuk&#8217; dedi\u011fin i\u00e7in o da sana &#8216;kuzucuk&#8217; derdi. Siz ne g\u00fczel insanlard\u0131n\u0131z. Hepimiz \u015fahidiz g\u00fczel kom\u015fum&#8221; ifadelerini kulland\u0131. KORUYUCU A\u0130LEL\u0130K YAPTIKLARI \u00d6\u011eREN\u0130LD\u0130\u00a0 T\u00fcrk Hava Yollar\u0131 personeli oldu\u011fu \u00f6\u011frenilen Sena G\u00fcltekin, okullar\u0131n yar\u0131y\u0131l tatiline girmesinden dolay\u0131 e\u015fi, \u00e7ocuklar\u0131 ve ailesinden 9 ki\u015fiyle birlikte Kartalkaya Kayak Merkezi&#8217;ndeki Grand Kartal Otel&#8217;e tatile gitmi\u015fti. Zehra G\u00fcltekin ve e\u015fi Bilal G\u00fcltekin, \u00e7iftin \u00e7ocuklar\u0131 Muhammet Selim, Yusuf Sinanettin, Bekir Sad\u0131k ve S\u00fcmeyye&#8217;nin de aralar\u0131nda bulundu\u011fu G\u00fcltekin ailesinden 8 ki\u015fi yang\u0131nda hayat\u0131n\u0131 kaybetti. Yang\u0131n \u00e7\u0131kt\u0131ktan sonra Zehra Sena G\u00fcltekin&#8217;in annesini aray\u0131p helallik ald\u0131\u011f\u0131 \u00f6\u011frenildi. Ayr\u0131ca, Zehra Sena ve Bilal G\u00fcltekin&#8217;in Uygur T\u00fcrk&#8217;\u00fc minik S\u00fcmeyye&#8217;nin koruyucu ailesi oldu\u011fu \u00f6\u011frenildi. O DA SANA &#8216;KUZUCUK&#8217; DERD\u0130\u00a0 Zehra Sena G\u00fcltekin&#8217;in kom\u015fusu sosyal medyadan yapt\u0131\u011f\u0131 payla\u015f\u0131mda, &#8220;Bolu Kartalkaya&#8217;da birbirinden g\u00fczel yavrular\u0131yla tatilde olan nadide kom\u015fum Zehra Sena G\u00fcltekin, e\u015fi Bilal G\u00fcltekin, \u00e7ocuklar\u0131 Yusuf Sinanettin, Bekir Sad\u0131k, Muhammet Selim&#8217;i kalbimin kald\u0131ramayaca\u011f\u0131 kadar a\u011f\u0131r bir \u015fekilde kaybettik. Ah, yanlar\u0131ndan hi\u00e7 ay\u0131rmad\u0131klar\u0131 ve kendi evlatlar\u0131 gibi b\u00fcy\u00fctt\u00fcklerine \u015fahit oldu\u011fumuz &hellip;<\/p>","protected":false},"author":5,"featured_media":0,"comment_status":"open","ping_status":"open","sticky":false,"template":"","format":"standard","meta":{"_acf_changed":false,"footnotes":""},"categories":[24],"tags":[],"class_list":["post-26739","post","type-post","status-publish","format-standard","has-post-thumbnail","hentry","category-gundem"],"acf":[],"yoast_head":"<!-- This site is optimized with the Yoast SEO Premium plugin v26.6 (Yoast SEO v27.1.1) - https:\/\/yoast.com\/product\/yoast-seo-premium-wordpress\/ -->\n<title>Bolu Kartalkaya facias\u0131nda kaybedilen ac\u0131 detay - Av. Deniz Can K\u0131z\u0131l<\/title>\n<meta name=\"robots\" content=\"index, follow, max-snippet:-1, max-image-preview:large, max-video-preview:-1\" \/>\n<link rel=\"canonical\" href=\"https:\/\/denizcankizil.tr\/uk\/haberler\/gundem\/bolu-kartalkaya-faciasinda-kaybedilen-aci-detay\/\" \/>\n<meta property=\"og:locale\" content=\"uk_UA\" \/>\n<meta property=\"og:type\" content=\"article\" \/>\n<meta property=\"og:title\" content=\"Bolu Kartalkaya facias\u0131nda kaybedilen ac\u0131 detay\" \/>\n<meta property=\"og:description\" content=\"Bolu Kartalkaya&#8217;daki otel yang\u0131n\u0131 facias\u0131nda ya\u015fam\u0131n\u0131 yitiren Zehra Sena G\u00fcltekin&#8217;in, yang\u0131n s\u0131ras\u0131nda annesini arayarak helallik istedi\u011fi \u00f6\u011frenildi. Ayr\u0131ca, Zehra Sena G\u00fcltekin ve e\u015fi Bilal G\u00fcltekin&#8217;in Uygur T\u00fcrk\u00fc k\u00fc\u00e7\u00fck bir k\u0131z\u0131n koruyucu ailesi oldu\u011fu belirtildi. G\u00fcltekin&#8217;in kom\u015fusu, sosyal medya hesab\u0131ndan yapt\u0131\u011f\u0131 payla\u015f\u0131mda, &#8220;Sena, sen o emanet k\u0131z\u0131na, &#8216;kuzucuk&#8217; dedi\u011fin i\u00e7in o da sana &#8216;kuzucuk&#8217; derdi. Siz ne g\u00fczel insanlard\u0131n\u0131z. Hepimiz \u015fahidiz g\u00fczel kom\u015fum&#8221; ifadelerini kulland\u0131. KORUYUCU A\u0130LEL\u0130K YAPTIKLARI \u00d6\u011eREN\u0130LD\u0130\u00a0 T\u00fcrk Hava Yollar\u0131 personeli oldu\u011fu \u00f6\u011frenilen Sena G\u00fcltekin, okullar\u0131n yar\u0131y\u0131l tatiline girmesinden dolay\u0131 e\u015fi, \u00e7ocuklar\u0131 ve ailesinden 9 ki\u015fiyle birlikte Kartalkaya Kayak Merkezi&#8217;ndeki Grand Kartal Otel&#8217;e tatile gitmi\u015fti. Zehra G\u00fcltekin ve e\u015fi Bilal G\u00fcltekin, \u00e7iftin \u00e7ocuklar\u0131 Muhammet Selim, Yusuf Sinanettin, Bekir Sad\u0131k ve S\u00fcmeyye&#8217;nin de aralar\u0131nda bulundu\u011fu G\u00fcltekin ailesinden 8 ki\u015fi yang\u0131nda hayat\u0131n\u0131 kaybetti. Yang\u0131n \u00e7\u0131kt\u0131ktan sonra Zehra Sena G\u00fcltekin&#8217;in annesini aray\u0131p helallik ald\u0131\u011f\u0131 \u00f6\u011frenildi. Ayr\u0131ca, Zehra Sena ve Bilal G\u00fcltekin&#8217;in Uygur T\u00fcrk&#8217;\u00fc minik S\u00fcmeyye&#8217;nin koruyucu ailesi oldu\u011fu \u00f6\u011frenildi. O DA SANA &#8216;KUZUCUK&#8217; DERD\u0130\u00a0 Zehra Sena G\u00fcltekin&#8217;in kom\u015fusu sosyal medyadan yapt\u0131\u011f\u0131 payla\u015f\u0131mda, &#8220;Bolu Kartalkaya&#8217;da birbirinden g\u00fczel yavrular\u0131yla tatilde olan nadide kom\u015fum Zehra Sena G\u00fcltekin, e\u015fi Bilal G\u00fcltekin, \u00e7ocuklar\u0131 Yusuf Sinanettin, Bekir Sad\u0131k, Muhammet Selim&#8217;i kalbimin kald\u0131ramayaca\u011f\u0131 kadar a\u011f\u0131r bir \u015fekilde kaybettik. Ah, yanlar\u0131ndan hi\u00e7 ay\u0131rmad\u0131klar\u0131 ve kendi evlatlar\u0131 gibi b\u00fcy\u00fctt\u00fcklerine \u015fahit oldu\u011fumuz &hellip;\" \/>\n<meta property=\"og:url\" content=\"https:\/\/denizcankizil.tr\/uk\/haberler\/gundem\/bolu-kartalkaya-faciasinda-kaybedilen-aci-detay\/\" \/>\n<meta property=\"og:site_name\" content=\"Av. Deniz Can K\u0131z\u0131l\" \/>\n<meta property=\"article:published_time\" content=\"2025-01-22T09:41:59+00:00\" \/>\n<meta name=\"author\" content=\"Antalya K\u00f6rfez\" \/>\n<meta name=\"twitter:card\" content=\"summary_large_image\" \/>\n<meta name=\"twitter:label1\" content=\"\u041d\u0430\u043f\u0438\u0441\u0430\u043d\u043e\" \/>\n\t<meta name=\"twitter:data1\" content=\"Antalya K\u00f6rfez\" \/>\n\t<meta name=\"twitter:label2\" content=\"\u041f\u0440\u0438\u0431\u043b. \u0447\u0430\u0441 \u0447\u0438\u0442\u0430\u043d\u043d\u044f\" \/>\n\t<meta name=\"twitter:data2\" content=\"2 \u0445\u0432\u0438\u043b\u0438\u043d\u0438\" \/>\n<script type=\"application\/ld+json\" class=\"yoast-schema-graph\">{\"@context\":\"https:\/\/schema.org\",\"@graph\":[{\"@type\":\"Article\",\"@id\":\"https:\/\/denizcankizil.tr\/ru\/haberler\/gundem\/bolu-kartalkaya-faciasinda-kaybedilen-aci-detay\/#article\",\"isPartOf\":{\"@id\":\"https:\/\/denizcankizil.tr\/ru\/haberler\/gundem\/bolu-kartalkaya-faciasinda-kaybedilen-aci-detay\/\"},\"author\":{\"name\":\"Antalya K\u00f6rfez\",\"@id\":\"https:\/\/denizcankizil.tr\/de\/#\/schema\/person\/e1eb71bb4dd684d46563f0af307e1234\"},\"headline\":\"Bolu Kartalkaya facias\u0131nda kaybedilen ac\u0131 detay\",\"datePublished\":\"2025-01-22T09:41:59+00:00\",\"mainEntityOfPage\":{\"@id\":\"https:\/\/denizcankizil.tr\/ru\/haberler\/gundem\/bolu-kartalkaya-faciasinda-kaybedilen-aci-detay\/\"},\"wordCount\":432,\"commentCount\":0,\"publisher\":{\"@id\":\"https:\/\/denizcankizil.tr\/de\/#organization\"},\"articleSection\":[\"G\u00fcndem\"],\"inLanguage\":\"uk\",\"potentialAction\":[{\"@type\":\"CommentAction\",\"name\":\"Comment\",\"target\":[\"https:\/\/denizcankizil.tr\/ru\/haberler\/gundem\/bolu-kartalkaya-faciasinda-kaybedilen-aci-detay\/#respond\"]}]},{\"@type\":\"WebPage\",\"@id\":\"https:\/\/denizcankizil.tr\/ru\/haberler\/gundem\/bolu-kartalkaya-faciasinda-kaybedilen-aci-detay\/\",\"url\":\"https:\/\/denizcankizil.tr\/ru\/haberler\/gundem\/bolu-kartalkaya-faciasinda-kaybedilen-aci-detay\/\",\"name\":\"Bolu Kartalkaya facias\u0131nda kaybedilen ac\u0131 detay - Av. Deniz Can K\u0131z\u0131l\",\"isPartOf\":{\"@id\":\"https:\/\/denizcankizil.tr\/de\/#website\"},\"datePublished\":\"2025-01-22T09:41:59+00:00\",\"breadcrumb\":{\"@id\":\"https:\/\/denizcankizil.tr\/ru\/haberler\/gundem\/bolu-kartalkaya-faciasinda-kaybedilen-aci-detay\/#breadcrumb\"},\"inLanguage\":\"uk\",\"potentialAction\":[{\"@type\":\"ReadAction\",\"target\":[\"https:\/\/denizcankizil.tr\/ru\/haberler\/gundem\/bolu-kartalkaya-faciasinda-kaybedilen-aci-detay\/\"]}]},{\"@type\":\"BreadcrumbList\",\"@id\":\"https:\/\/denizcankizil.tr\/ru\/haberler\/gundem\/bolu-kartalkaya-faciasinda-kaybedilen-aci-detay\/#breadcrumb\",\"itemListElement\":[{\"@type\":\"ListItem\",\"position\":1,\"name\":\"Home\",\"item\":\"https:\/\/denizcankizil.tr\/de\/\"},{\"@type\":\"ListItem\",\"position\":2,\"name\":\"Bolu Kartalkaya facias\u0131nda kaybedilen ac\u0131 detay\"}]},{\"@type\":\"WebSite\",\"@id\":\"https:\/\/denizcankizil.tr\/de\/#website\",\"url\":\"https:\/\/denizcankizil.tr\/de\/\",\"name\":\"Av. Deniz Can K\u0131z\u0131l\",\"description\":\"Avukat Deniz Can K\u0131z\u0131l Antalya Barosu\",\"publisher\":{\"@id\":\"https:\/\/denizcankizil.tr\/de\/#organization\"},\"potentialAction\":[{\"@type\":\"SearchAction\",\"target\":{\"@type\":\"EntryPoint\",\"urlTemplate\":\"https:\/\/denizcankizil.tr\/de\/?s={search_term_string}\"},\"query-input\":{\"@type\":\"PropertyValueSpecification\",\"valueRequired\":true,\"valueName\":\"search_term_string\"}}],\"inLanguage\":\"uk\"},{\"@type\":\"Organization\",\"@id\":\"https:\/\/denizcankizil.tr\/de\/#organization\",\"name\":\"Av. Deniz Can K\u0131z\u0131l\",\"url\":\"https:\/\/denizcankizil.tr\/de\/\",\"logo\":{\"@type\":\"ImageObject\",\"inLanguage\":\"uk\",\"@id\":\"https:\/\/denizcankizil.tr\/de\/#\/schema\/logo\/image\/\",\"url\":\"https:\/\/denizcankizil.tr\/wp-content\/uploads\/2024\/10\/siyah-logo-svg.svg\",\"contentUrl\":\"https:\/\/denizcankizil.tr\/wp-content\/uploads\/2024\/10\/siyah-logo-svg.svg\",\"width\":1080,\"height\":1080,\"caption\":\"Av. Deniz Can K\u0131z\u0131l\"},\"image\":{\"@id\":\"https:\/\/denizcankizil.tr\/de\/#\/schema\/logo\/image\/\"}},{\"@type\":\"Person\",\"@id\":\"https:\/\/denizcankizil.tr\/de\/#\/schema\/person\/e1eb71bb4dd684d46563f0af307e1234\",\"name\":\"Antalya K\u00f6rfez\",\"image\":{\"@type\":\"ImageObject\",\"inLanguage\":\"uk\",\"@id\":\"https:\/\/denizcankizil.tr\/de\/#\/schema\/person\/image\/\",\"url\":\"https:\/\/secure.gravatar.com\/avatar\/42b01982558a48a0b501fdcab6a408d3717ea5919095ee2e67b0e521799c5905?s=96&d=mm&r=g\",\"contentUrl\":\"https:\/\/secure.gravatar.com\/avatar\/42b01982558a48a0b501fdcab6a408d3717ea5919095ee2e67b0e521799c5905?s=96&d=mm&r=g\",\"caption\":\"Antalya K\u00f6rfez\"},\"sameAs\":[\"http:\/\/www.antalyakorfez.com\"],\"url\":\"https:\/\/www.antalyakorfez.com\/bolu-kartalkaya-faciasinda-kaybedilen-aci-detay\"}]}<\/script>\n<!-- \/ Yoast SEO Premium plugin. -->","yoast_head_json":{"title":"Bolu Kartalkaya facias\u0131nda kaybedilen ac\u0131 detay - Av. Deniz Can K\u0131z\u0131l","robots":{"index":"index","follow":"follow","max-snippet":"max-snippet:-1","max-image-preview":"max-image-preview:large","max-video-preview":"max-video-preview:-1"},"canonical":"https:\/\/denizcankizil.tr\/uk\/haberler\/gundem\/bolu-kartalkaya-faciasinda-kaybedilen-aci-detay\/","og_locale":"uk_UA","og_type":"article","og_title":"Bolu Kartalkaya facias\u0131nda kaybedilen ac\u0131 detay","og_description":"Bolu Kartalkaya&#8217;daki otel yang\u0131n\u0131 facias\u0131nda ya\u015fam\u0131n\u0131 yitiren Zehra Sena G\u00fcltekin&#8217;in, yang\u0131n s\u0131ras\u0131nda annesini arayarak helallik istedi\u011fi \u00f6\u011frenildi. Ayr\u0131ca, Zehra Sena G\u00fcltekin ve e\u015fi Bilal G\u00fcltekin&#8217;in Uygur T\u00fcrk\u00fc k\u00fc\u00e7\u00fck bir k\u0131z\u0131n koruyucu ailesi oldu\u011fu belirtildi. G\u00fcltekin&#8217;in kom\u015fusu, sosyal medya hesab\u0131ndan yapt\u0131\u011f\u0131 payla\u015f\u0131mda, &#8220;Sena, sen o emanet k\u0131z\u0131na, &#8216;kuzucuk&#8217; dedi\u011fin i\u00e7in o da sana &#8216;kuzucuk&#8217; derdi. Siz ne g\u00fczel insanlard\u0131n\u0131z. Hepimiz \u015fahidiz g\u00fczel kom\u015fum&#8221; ifadelerini kulland\u0131. KORUYUCU A\u0130LEL\u0130K YAPTIKLARI \u00d6\u011eREN\u0130LD\u0130\u00a0 T\u00fcrk Hava Yollar\u0131 personeli oldu\u011fu \u00f6\u011frenilen Sena G\u00fcltekin, okullar\u0131n yar\u0131y\u0131l tatiline girmesinden dolay\u0131 e\u015fi, \u00e7ocuklar\u0131 ve ailesinden 9 ki\u015fiyle birlikte Kartalkaya Kayak Merkezi&#8217;ndeki Grand Kartal Otel&#8217;e tatile gitmi\u015fti. Zehra G\u00fcltekin ve e\u015fi Bilal G\u00fcltekin, \u00e7iftin \u00e7ocuklar\u0131 Muhammet Selim, Yusuf Sinanettin, Bekir Sad\u0131k ve S\u00fcmeyye&#8217;nin de aralar\u0131nda bulundu\u011fu G\u00fcltekin ailesinden 8 ki\u015fi yang\u0131nda hayat\u0131n\u0131 kaybetti. Yang\u0131n \u00e7\u0131kt\u0131ktan sonra Zehra Sena G\u00fcltekin&#8217;in annesini aray\u0131p helallik ald\u0131\u011f\u0131 \u00f6\u011frenildi. Ayr\u0131ca, Zehra Sena ve Bilal G\u00fcltekin&#8217;in Uygur T\u00fcrk&#8217;\u00fc minik S\u00fcmeyye&#8217;nin koruyucu ailesi oldu\u011fu \u00f6\u011frenildi. O DA SANA &#8216;KUZUCUK&#8217; DERD\u0130\u00a0 Zehra Sena G\u00fcltekin&#8217;in kom\u015fusu sosyal medyadan yapt\u0131\u011f\u0131 payla\u015f\u0131mda, &#8220;Bolu Kartalkaya&#8217;da birbirinden g\u00fczel yavrular\u0131yla tatilde olan nadide kom\u015fum Zehra Sena G\u00fcltekin, e\u015fi Bilal G\u00fcltekin, \u00e7ocuklar\u0131 Yusuf Sinanettin, Bekir Sad\u0131k, Muhammet Selim&#8217;i kalbimin kald\u0131ramayaca\u011f\u0131 kadar a\u011f\u0131r bir \u015fekilde kaybettik. Ah, yanlar\u0131ndan hi\u00e7 ay\u0131rmad\u0131klar\u0131 ve kendi evlatlar\u0131 gibi b\u00fcy\u00fctt\u00fcklerine \u015fahit oldu\u011fumuz &hellip;","og_url":"https:\/\/denizcankizil.tr\/uk\/haberler\/gundem\/bolu-kartalkaya-faciasinda-kaybedilen-aci-detay\/","og_site_name":"Av. Deniz Can K\u0131z\u0131l","article_published_time":"2025-01-22T09:41:59+00:00","author":"Antalya K\u00f6rfez","twitter_card":"summary_large_image","twitter_misc":{"\u041d\u0430\u043f\u0438\u0441\u0430\u043d\u043e":"Antalya K\u00f6rfez","\u041f\u0440\u0438\u0431\u043b. \u0447\u0430\u0441 \u0447\u0438\u0442\u0430\u043d\u043d\u044f":"2 \u0445\u0432\u0438\u043b\u0438\u043d\u0438"},"schema":{"@context":"https:\/\/schema.org","@graph":[{"@type":"Article","@id":"https:\/\/denizcankizil.tr\/ru\/haberler\/gundem\/bolu-kartalkaya-faciasinda-kaybedilen-aci-detay\/#article","isPartOf":{"@id":"https:\/\/denizcankizil.tr\/ru\/haberler\/gundem\/bolu-kartalkaya-faciasinda-kaybedilen-aci-detay\/"},"author":{"name":"Antalya K\u00f6rfez","@id":"https:\/\/denizcankizil.tr\/de\/#\/schema\/person\/e1eb71bb4dd684d46563f0af307e1234"},"headline":"Bolu Kartalkaya facias\u0131nda kaybedilen ac\u0131 detay","datePublished":"2025-01-22T09:41:59+00:00","mainEntityOfPage":{"@id":"https:\/\/denizcankizil.tr\/ru\/haberler\/gundem\/bolu-kartalkaya-faciasinda-kaybedilen-aci-detay\/"},"wordCount":432,"commentCount":0,"publisher":{"@id":"https:\/\/denizcankizil.tr\/de\/#organization"},"articleSection":["G\u00fcndem"],"inLanguage":"uk","potentialAction":[{"@type":"CommentAction","name":"Comment","target":["https:\/\/denizcankizil.tr\/ru\/haberler\/gundem\/bolu-kartalkaya-faciasinda-kaybedilen-aci-detay\/#respond"]}]},{"@type":"WebPage","@id":"https:\/\/denizcankizil.tr\/ru\/haberler\/gundem\/bolu-kartalkaya-faciasinda-kaybedilen-aci-detay\/","url":"https:\/\/denizcankizil.tr\/ru\/haberler\/gundem\/bolu-kartalkaya-faciasinda-kaybedilen-aci-detay\/","name":"Bolu Kartalkaya facias\u0131nda kaybedilen ac\u0131 detay - Av. Deniz Can K\u0131z\u0131l","isPartOf":{"@id":"https:\/\/denizcankizil.tr\/de\/#website"},"datePublished":"2025-01-22T09:41:59+00:00","breadcrumb":{"@id":"https:\/\/denizcankizil.tr\/ru\/haberler\/gundem\/bolu-kartalkaya-faciasinda-kaybedilen-aci-detay\/#breadcrumb"},"inLanguage":"uk","potentialAction":[{"@type":"ReadAction","target":["https:\/\/denizcankizil.tr\/ru\/haberler\/gundem\/bolu-kartalkaya-faciasinda-kaybedilen-aci-detay\/"]}]},{"@type":"BreadcrumbList","@id":"https:\/\/denizcankizil.tr\/ru\/haberler\/gundem\/bolu-kartalkaya-faciasinda-kaybedilen-aci-detay\/#breadcrumb","itemListElement":[{"@type":"ListItem","position":1,"name":"Home","item":"https:\/\/denizcankizil.tr\/de\/"},{"@type":"ListItem","position":2,"name":"Bolu Kartalkaya facias\u0131nda kaybedilen ac\u0131 detay"}]},{"@type":"WebSite","@id":"https:\/\/denizcankizil.tr\/de\/#website","url":"https:\/\/denizcankizil.tr\/de\/","name":"Av. Deniz Can K\u0131z\u0131l","description":"Avukat Deniz Can K\u0131z\u0131l Antalya Barosu","publisher":{"@id":"https:\/\/denizcankizil.tr\/de\/#organization"},"potentialAction":[{"@type":"SearchAction","target":{"@type":"EntryPoint","urlTemplate":"https:\/\/denizcankizil.tr\/de\/?s={search_term_string}"},"query-input":{"@type":"PropertyValueSpecification","valueRequired":true,"valueName":"search_term_string"}}],"inLanguage":"uk"},{"@type":"Organization","@id":"https:\/\/denizcankizil.tr\/de\/#organization","name":"Av. Deniz Can K\u0131z\u0131l","url":"https:\/\/denizcankizil.tr\/de\/","logo":{"@type":"ImageObject","inLanguage":"uk","@id":"https:\/\/denizcankizil.tr\/de\/#\/schema\/logo\/image\/","url":"https:\/\/denizcankizil.tr\/wp-content\/uploads\/2024\/10\/siyah-logo-svg.svg","contentUrl":"https:\/\/denizcankizil.tr\/wp-content\/uploads\/2024\/10\/siyah-logo-svg.svg","width":1080,"height":1080,"caption":"Av. Deniz Can K\u0131z\u0131l"},"image":{"@id":"https:\/\/denizcankizil.tr\/de\/#\/schema\/logo\/image\/"}},{"@type":"Person","@id":"https:\/\/denizcankizil.tr\/de\/#\/schema\/person\/e1eb71bb4dd684d46563f0af307e1234","name":"Antalya K\u00f6rfez","image":{"@type":"ImageObject","inLanguage":"uk","@id":"https:\/\/denizcankizil.tr\/de\/#\/schema\/person\/image\/","url":"https:\/\/secure.gravatar.com\/avatar\/42b01982558a48a0b501fdcab6a408d3717ea5919095ee2e67b0e521799c5905?s=96&d=mm&r=g","contentUrl":"https:\/\/secure.gravatar.com\/avatar\/42b01982558a48a0b501fdcab6a408d3717ea5919095ee2e67b0e521799c5905?s=96&d=mm&r=g","caption":"Antalya K\u00f6rfez"},"sameAs":["http:\/\/www.antalyakorfez.com"],"url":"https:\/\/www.antalyakorfez.com\/bolu-kartalkaya-faciasinda-kaybedilen-aci-detay"}]}},"_links":{"self":[{"href":"https:\/\/denizcankizil.tr\/uk\/wp-json\/wp\/v2\/posts\/26739","targetHints":{"allow":["GET"]}}],"collection":[{"href":"https:\/\/denizcankizil.tr\/uk\/wp-json\/wp\/v2\/posts"}],"about":[{"href":"https:\/\/denizcankizil.tr\/uk\/wp-json\/wp\/v2\/types\/post"}],"author":[{"embeddable":true,"href":"https:\/\/denizcankizil.tr\/uk\/wp-json\/wp\/v2\/users\/5"}],"replies":[{"embeddable":true,"href":"https:\/\/denizcankizil.tr\/uk\/wp-json\/wp\/v2\/comments?post=26739"}],"version-history":[{"count":0,"href":"https:\/\/denizcankizil.tr\/uk\/wp-json\/wp\/v2\/posts\/26739\/revisions"}],"wp:attachment":[{"href":"https:\/\/denizcankizil.tr\/uk\/wp-json\/wp\/v2\/media?parent=26739"}],"wp:term":[{"taxonomy":"category","embeddable":true,"href":"https:\/\/denizcankizil.tr\/uk\/wp-json\/wp\/v2\/categories?post=26739"},{"taxonomy":"post_tag","embeddable":true,"href":"https:\/\/denizcankizil.tr\/uk\/wp-json\/wp\/v2\/tags?post=26739"}],"curies":[{"name":"wp","href":"https:\/\/api.w.org\/{rel}","templated":true}]}}