{"id":26585,"date":"2025-01-21T17:41:30","date_gmt":"2025-01-21T14:41:30","guid":{"rendered":"https:\/\/denizcankizil.tr\/uncategorized-tr\/turkiyenin-ilk-yerli-zeka-testi-tuzo-tanitildi\/"},"modified":"2025-01-21T17:41:30","modified_gmt":"2025-01-21T14:41:30","slug":"turkiyenin-ilk-yerli-zeka-testi-tuzo-tanitildi","status":"publish","type":"post","link":"https:\/\/denizcankizil.tr\/uk\/haberler\/gundem\/turkiyenin-ilk-yerli-zeka-testi-tuzo-tanitildi\/","title":{"rendered":"T\u00fcrkiye&#8217;nin ilk yerli zeka testi &#8216;TUZ\u00d6&#8217; tan\u0131t\u0131ld\u0131"},"content":{"rendered":"<p>T\u00dcB\u0130TAK&#8217;\u0131n geli\u015ftirdi\u011fi T\u00fcrkiye\u2019nin ilk yerli ve milli zeka testi, &#8220;T\u00fcrk Ulusal Zeka \u00d6l\u00e7e\u011fi&#8221; (TUZ\u00d6) tan\u0131t\u0131ld\u0131.ANKARA (\u0130GFA) &#8211; Milli E\u011fitim Bakan\u0131 Yusuf Tekin, Sanayi ve Teknoloji Bakan\u0131 Mehmet Fatih Kac\u0131r ile birlikte T\u00fcrk Ulusal Zek\u00e2 \u00d6l\u00e7e\u011fi Tan\u0131t\u0131m Toplant\u0131s\u0131&#8217;n\u0131 ger\u00e7ekle\u015ftirdi.<br \/>\nMilli E\u011fitim Bakan\u0131 Yusuf Tekin, bakanl\u0131k olarak yerli ve mill\u00ee nitelikte haz\u0131rlanan T\u00fcrk Ulusal Zek\u00e2 \u00d6l\u00e7e\u011fi&#8217;nin T\u00fcrkiye\u2019nin sa\u011flam bir ekonomiye sahip olmas\u0131nda, uluslararas\u0131 arenada g\u00fc\u00e7l\u00fc bir diplomasi y\u00fcr\u00fctmesinde ve k\u00fcresel rekabet g\u00fcc\u00fcnde etki olu\u015fturacak \u201cT\u00fcrkiye Y\u00fczy\u0131l\u0131\u201dna katk\u0131 sa\u011flayacak \u00f6nemli geli\u015fmelerinden biri olaca\u011f\u0131n\u0131 ifade etti.<br \/>\nT\u00fcrk Ulusal Zek\u00e2 \u00d6l\u00e7e\u011fi&#8217;nin T\u00fcrkiye Y\u00fczy\u0131l\u0131 hedeflerini belirleyen ilkelere uygun bi\u00e7imde geli\u015ftirilmi\u015f bir projenin \u00fcr\u00fcn\u00fc olmas\u0131n\u0131n yan\u0131nda, T\u00fcrkiye&#8217;nin e\u011fitim ve psikolojik de\u011ferlendirme alan\u0131nda att\u0131\u011f\u0131 \u00f6nemli bir ad\u0131m oldu\u011funu s\u00f6yleyen Bakan Tekin, projenin t\u00fcm payda\u015flar\u0131na, titizlikle \u00e7al\u0131\u015fmalar\u0131 y\u00fcr\u00fcten y\u00f6neticileri,\u00a0uzmanlar\u0131 ve \u00f6\u011fretmenlerine te\u015fekk\u00fcr etti.<br \/>\nToplant\u0131da Proje y\u00fcr\u00fct\u00fcc\u00fcs\u00fc Prof. Dr. Sirel Karaka\u015f ise, TUZ\u00d6\u2019n\u00fcn 13 geni\u015f zeka alan\u0131 ve 37 zeka alt alan\u0131n\u0131 kapsayan bir test oldu\u011funu a\u00e7\u0131klad\u0131. Karaka\u015f, \u00f6l\u00e7e\u011fin \u00f6zg\u00fcn oldu\u011funu ve T\u00fcrkiye&#8217;nin sosyal ve k\u00fclt\u00fcrel yap\u0131s\u0131na uygun olarak haz\u0131rland\u0131\u011f\u0131n\u0131 vurgulayarak, \u201cArt\u0131k T\u00fcrkiye, zeka testi konusunda d\u0131\u015fa ba\u011f\u0131ml\u0131 olmaktan kurtulmu\u015ftur. \u00dclkemiz, zeka testi \u00fcreticisi konumuna gelmi\u015ftir. Bu, T\u00fcrkiye\u2019yi bu alanda \u00f6nemli bir akt\u00f6r haline getirecektir\u201d dedi.<\/p>\n<p>\u200bT\u00dcB\u0130TAK&#8217;\u0131n geli\u015ftirdi\u011fi T\u00fcrkiye\u2019nin ilk yerli ve milli zeka testi, &#8220;T\u00fcrk Ulusal Zeka \u00d6l\u00e7e\u011fi&#8221; (TUZ\u00d6) tan\u0131t\u0131ld\u0131.ANKARA (\u0130GFA) &#8211; Milli E\u011fitim Bakan\u0131 Yusuf Tekin, Sanayi ve Teknoloji Bakan\u0131 Mehmet Fatih Kac\u0131r ile birlikte T\u00fcrk Ulusal Zek\u00e2 \u00d6l\u00e7e\u011fi Tan\u0131t\u0131m Toplant\u0131s\u0131&#8217;n\u0131 ger\u00e7ekle\u015ftirdi.<br \/>\nMilli E\u011fitim Bakan\u0131 Yusuf Tekin, bakanl\u0131k olarak yerli ve mill\u00ee nitelikte haz\u0131rlanan T\u00fcrk Ulusal Zek\u00e2 \u00d6l\u00e7e\u011fi&#8217;nin T\u00fcrkiye\u2019nin sa\u011flam bir ekonomiye sahip olmas\u0131nda, uluslararas\u0131 arenada g\u00fc\u00e7l\u00fc bir diplomasi y\u00fcr\u00fctmesinde ve k\u00fcresel rekabet g\u00fcc\u00fcnde etki olu\u015fturacak \u201cT\u00fcrkiye Y\u00fczy\u0131l\u0131\u201dna katk\u0131 sa\u011flayacak \u00f6nemli geli\u015fmelerinden biri olaca\u011f\u0131n\u0131 ifade etti.<br \/>\nT\u00fcrk Ulusal Zek\u00e2 \u00d6l\u00e7e\u011fi&#8217;nin T\u00fcrkiye Y\u00fczy\u0131l\u0131 hedeflerini belirleyen ilkelere uygun bi\u00e7imde geli\u015ftirilmi\u015f bir projenin \u00fcr\u00fcn\u00fc olmas\u0131n\u0131n yan\u0131nda, T\u00fcrkiye&#8217;nin e\u011fitim ve psikolojik de\u011ferlendirme alan\u0131nda att\u0131\u011f\u0131 \u00f6nemli bir ad\u0131m oldu\u011funu s\u00f6yleyen Bakan Tekin, projenin t\u00fcm payda\u015flar\u0131na, titizlikle \u00e7al\u0131\u015fmalar\u0131 y\u00fcr\u00fcten y\u00f6neticileri,\u00a0uzmanlar\u0131 ve \u00f6\u011fretmenlerine te\u015fekk\u00fcr etti.<br \/>\nToplant\u0131da Proje y\u00fcr\u00fct\u00fcc\u00fcs\u00fc Prof. Dr. Sirel Karaka\u015f ise, TUZ\u00d6\u2019n\u00fcn 13 geni\u015f zeka alan\u0131 ve 37 zeka alt alan\u0131n\u0131 kapsayan bir test oldu\u011funu a\u00e7\u0131klad\u0131. Karaka\u015f, \u00f6l\u00e7e\u011fin \u00f6zg\u00fcn oldu\u011funu ve T\u00fcrkiye&#8217;nin sosyal ve k\u00fclt\u00fcrel yap\u0131s\u0131na uygun olarak haz\u0131rland\u0131\u011f\u0131n\u0131 vurgulayarak, \u201cArt\u0131k T\u00fcrkiye, zeka testi konusunda d\u0131\u015fa ba\u011f\u0131ml\u0131 olmaktan kurtulmu\u015ftur. \u00dclkemiz, zeka testi \u00fcreticisi konumuna gelmi\u015ftir. Bu, T\u00fcrkiye\u2019yi bu alanda \u00f6nemli bir akt\u00f6r haline getirecektir\u201d dedi.\u00a0<\/p>\n<p>\u200bHaberin Al\u0131nt\u0131land\u0131\u011f\u0131 Kaynak: www.iskenderun.org<\/p>","protected":false},"excerpt":{"rendered":"<p>T\u00dcB\u0130TAK&#8217;\u0131n geli\u015ftirdi\u011fi T\u00fcrkiye\u2019nin ilk yerli ve milli zeka testi, &#8220;T\u00fcrk Ulusal Zeka \u00d6l\u00e7e\u011fi&#8221; (TUZ\u00d6) tan\u0131t\u0131ld\u0131.ANKARA (\u0130GFA) &#8211; Milli E\u011fitim Bakan\u0131 Yusuf Tekin, Sanayi ve Teknoloji Bakan\u0131 Mehmet Fatih Kac\u0131r ile birlikte T\u00fcrk Ulusal Zek\u00e2 \u00d6l\u00e7e\u011fi Tan\u0131t\u0131m Toplant\u0131s\u0131&#8217;n\u0131 ger\u00e7ekle\u015ftirdi. Milli E\u011fitim Bakan\u0131 Yusuf Tekin, bakanl\u0131k olarak yerli ve mill\u00ee nitelikte haz\u0131rlanan T\u00fcrk Ulusal Zek\u00e2 \u00d6l\u00e7e\u011fi&#8217;nin T\u00fcrkiye\u2019nin sa\u011flam bir ekonomiye sahip olmas\u0131nda, uluslararas\u0131 arenada g\u00fc\u00e7l\u00fc bir diplomasi y\u00fcr\u00fctmesinde ve k\u00fcresel rekabet g\u00fcc\u00fcnde etki olu\u015fturacak \u201cT\u00fcrkiye Y\u00fczy\u0131l\u0131\u201dna katk\u0131 sa\u011flayacak \u00f6nemli geli\u015fmelerinden biri olaca\u011f\u0131n\u0131 ifade etti. T\u00fcrk Ulusal Zek\u00e2 \u00d6l\u00e7e\u011fi&#8217;nin T\u00fcrkiye Y\u00fczy\u0131l\u0131 hedeflerini belirleyen ilkelere uygun bi\u00e7imde geli\u015ftirilmi\u015f bir projenin \u00fcr\u00fcn\u00fc olmas\u0131n\u0131n yan\u0131nda, T\u00fcrkiye&#8217;nin e\u011fitim ve psikolojik de\u011ferlendirme alan\u0131nda att\u0131\u011f\u0131 \u00f6nemli bir ad\u0131m oldu\u011funu s\u00f6yleyen Bakan Tekin, projenin t\u00fcm payda\u015flar\u0131na, titizlikle \u00e7al\u0131\u015fmalar\u0131 y\u00fcr\u00fcten y\u00f6neticileri,\u00a0uzmanlar\u0131 ve \u00f6\u011fretmenlerine te\u015fekk\u00fcr etti. Toplant\u0131da Proje y\u00fcr\u00fct\u00fcc\u00fcs\u00fc Prof. Dr. Sirel Karaka\u015f ise, TUZ\u00d6\u2019n\u00fcn 13 geni\u015f zeka alan\u0131 ve 37 zeka alt alan\u0131n\u0131 kapsayan bir test oldu\u011funu a\u00e7\u0131klad\u0131. Karaka\u015f, \u00f6l\u00e7e\u011fin \u00f6zg\u00fcn oldu\u011funu ve T\u00fcrkiye&#8217;nin sosyal ve k\u00fclt\u00fcrel yap\u0131s\u0131na uygun olarak haz\u0131rland\u0131\u011f\u0131n\u0131 vurgulayarak, \u201cArt\u0131k T\u00fcrkiye, zeka testi konusunda d\u0131\u015fa ba\u011f\u0131ml\u0131 olmaktan kurtulmu\u015ftur. \u00dclkemiz, zeka testi \u00fcreticisi konumuna gelmi\u015ftir. Bu, T\u00fcrkiye\u2019yi bu alanda \u00f6nemli bir akt\u00f6r haline getirecektir\u201d dedi. \u200bT\u00dcB\u0130TAK&#8217;\u0131n geli\u015ftirdi\u011fi T\u00fcrkiye\u2019nin ilk yerli ve milli zeka testi, &#8220;T\u00fcrk Ulusal Zeka \u00d6l\u00e7e\u011fi&#8221; (TUZ\u00d6) &hellip;<\/p>","protected":false},"author":1,"featured_media":0,"comment_status":"open","ping_status":"open","sticky":false,"template":"","format":"standard","meta":{"_acf_changed":false,"footnotes":""},"categories":[24],"tags":[],"class_list":["post-26585","post","type-post","status-publish","format-standard","has-post-thumbnail","hentry","category-gundem"],"acf":[],"yoast_head":"<!-- This site is optimized with the Yoast SEO Premium plugin v26.6 (Yoast SEO v27.1.1) - https:\/\/yoast.com\/product\/yoast-seo-premium-wordpress\/ -->\n<title>T\u00fcrkiye&#039;nin ilk yerli zeka testi &#039;TUZ\u00d6&#039; tan\u0131t\u0131ld\u0131 - Av. Deniz Can K\u0131z\u0131l<\/title>\n<meta name=\"robots\" content=\"index, follow, max-snippet:-1, max-image-preview:large, max-video-preview:-1\" \/>\n<link rel=\"canonical\" href=\"https:\/\/denizcankizil.tr\/uk\/haberler\/gundem\/turkiyenin-ilk-yerli-zeka-testi-tuzo-tanitildi\/\" \/>\n<meta property=\"og:locale\" content=\"uk_UA\" \/>\n<meta property=\"og:type\" content=\"article\" \/>\n<meta property=\"og:title\" content=\"T\u00fcrkiye&#039;nin ilk yerli zeka testi &#039;TUZ\u00d6&#039; tan\u0131t\u0131ld\u0131\" \/>\n<meta property=\"og:description\" content=\"T\u00dcB\u0130TAK&#8217;\u0131n geli\u015ftirdi\u011fi T\u00fcrkiye\u2019nin ilk yerli ve milli zeka testi, &#8220;T\u00fcrk Ulusal Zeka \u00d6l\u00e7e\u011fi&#8221; (TUZ\u00d6) tan\u0131t\u0131ld\u0131.ANKARA (\u0130GFA) &#8211; Milli E\u011fitim Bakan\u0131 Yusuf Tekin, Sanayi ve Teknoloji Bakan\u0131 Mehmet Fatih Kac\u0131r ile birlikte T\u00fcrk Ulusal Zek\u00e2 \u00d6l\u00e7e\u011fi Tan\u0131t\u0131m Toplant\u0131s\u0131&#8217;n\u0131 ger\u00e7ekle\u015ftirdi. Milli E\u011fitim Bakan\u0131 Yusuf Tekin, bakanl\u0131k olarak yerli ve mill\u00ee nitelikte haz\u0131rlanan T\u00fcrk Ulusal Zek\u00e2 \u00d6l\u00e7e\u011fi&#8217;nin T\u00fcrkiye\u2019nin sa\u011flam bir ekonomiye sahip olmas\u0131nda, uluslararas\u0131 arenada g\u00fc\u00e7l\u00fc bir diplomasi y\u00fcr\u00fctmesinde ve k\u00fcresel rekabet g\u00fcc\u00fcnde etki olu\u015fturacak \u201cT\u00fcrkiye Y\u00fczy\u0131l\u0131\u201dna katk\u0131 sa\u011flayacak \u00f6nemli geli\u015fmelerinden biri olaca\u011f\u0131n\u0131 ifade etti. T\u00fcrk Ulusal Zek\u00e2 \u00d6l\u00e7e\u011fi&#8217;nin T\u00fcrkiye Y\u00fczy\u0131l\u0131 hedeflerini belirleyen ilkelere uygun bi\u00e7imde geli\u015ftirilmi\u015f bir projenin \u00fcr\u00fcn\u00fc olmas\u0131n\u0131n yan\u0131nda, T\u00fcrkiye&#8217;nin e\u011fitim ve psikolojik de\u011ferlendirme alan\u0131nda att\u0131\u011f\u0131 \u00f6nemli bir ad\u0131m oldu\u011funu s\u00f6yleyen Bakan Tekin, projenin t\u00fcm payda\u015flar\u0131na, titizlikle \u00e7al\u0131\u015fmalar\u0131 y\u00fcr\u00fcten y\u00f6neticileri,\u00a0uzmanlar\u0131 ve \u00f6\u011fretmenlerine te\u015fekk\u00fcr etti. Toplant\u0131da Proje y\u00fcr\u00fct\u00fcc\u00fcs\u00fc Prof. Dr. Sirel Karaka\u015f ise, TUZ\u00d6\u2019n\u00fcn 13 geni\u015f zeka alan\u0131 ve 37 zeka alt alan\u0131n\u0131 kapsayan bir test oldu\u011funu a\u00e7\u0131klad\u0131. Karaka\u015f, \u00f6l\u00e7e\u011fin \u00f6zg\u00fcn oldu\u011funu ve T\u00fcrkiye&#8217;nin sosyal ve k\u00fclt\u00fcrel yap\u0131s\u0131na uygun olarak haz\u0131rland\u0131\u011f\u0131n\u0131 vurgulayarak, \u201cArt\u0131k T\u00fcrkiye, zeka testi konusunda d\u0131\u015fa ba\u011f\u0131ml\u0131 olmaktan kurtulmu\u015ftur. \u00dclkemiz, zeka testi \u00fcreticisi konumuna gelmi\u015ftir. Bu, T\u00fcrkiye\u2019yi bu alanda \u00f6nemli bir akt\u00f6r haline getirecektir\u201d dedi. \u200bT\u00dcB\u0130TAK&#8217;\u0131n geli\u015ftirdi\u011fi T\u00fcrkiye\u2019nin ilk yerli ve milli zeka testi, &#8220;T\u00fcrk Ulusal Zeka \u00d6l\u00e7e\u011fi&#8221; (TUZ\u00d6) &hellip;\" \/>\n<meta property=\"og:url\" content=\"https:\/\/denizcankizil.tr\/uk\/haberler\/gundem\/turkiyenin-ilk-yerli-zeka-testi-tuzo-tanitildi\/\" \/>\n<meta property=\"og:site_name\" content=\"Av. Deniz Can K\u0131z\u0131l\" \/>\n<meta property=\"article:published_time\" content=\"2025-01-21T14:41:30+00:00\" \/>\n<meta name=\"author\" content=\"admin\" \/>\n<meta name=\"twitter:card\" content=\"summary_large_image\" \/>\n<meta name=\"twitter:label1\" content=\"\u041d\u0430\u043f\u0438\u0441\u0430\u043d\u043e\" \/>\n\t<meta name=\"twitter:data1\" content=\"admin\" \/>\n\t<meta name=\"twitter:label2\" content=\"\u041f\u0440\u0438\u0431\u043b. \u0447\u0430\u0441 \u0447\u0438\u0442\u0430\u043d\u043d\u044f\" \/>\n\t<meta name=\"twitter:data2\" content=\"3 \u0445\u0432\u0438\u043b\u0438\u043d\u0438\" \/>\n<script type=\"application\/ld+json\" class=\"yoast-schema-graph\">{\"@context\":\"https:\/\/schema.org\",\"@graph\":[{\"@type\":\"Article\",\"@id\":\"https:\/\/denizcankizil.tr\/uk\/haberler\/gundem\/turkiyenin-ilk-yerli-zeka-testi-tuzo-tanitildi\/#article\",\"isPartOf\":{\"@id\":\"https:\/\/denizcankizil.tr\/uk\/haberler\/gundem\/turkiyenin-ilk-yerli-zeka-testi-tuzo-tanitildi\/\"},\"author\":{\"name\":\"admin\",\"@id\":\"https:\/\/denizcankizil.tr\/#\/schema\/person\/be3c05fe6a12686905512445d8185489\"},\"headline\":\"T\u00fcrkiye&#8217;nin ilk yerli zeka testi &#8216;TUZ\u00d6&#8217; tan\u0131t\u0131ld\u0131\",\"datePublished\":\"2025-01-21T14:41:30+00:00\",\"mainEntityOfPage\":{\"@id\":\"https:\/\/denizcankizil.tr\/uk\/haberler\/gundem\/turkiyenin-ilk-yerli-zeka-testi-tuzo-tanitildi\/\"},\"wordCount\":609,\"commentCount\":0,\"publisher\":{\"@id\":\"https:\/\/denizcankizil.tr\/#organization\"},\"articleSection\":[\"G\u00fcndem\"],\"inLanguage\":\"uk\",\"potentialAction\":[{\"@type\":\"CommentAction\",\"name\":\"Comment\",\"target\":[\"https:\/\/denizcankizil.tr\/uk\/haberler\/gundem\/turkiyenin-ilk-yerli-zeka-testi-tuzo-tanitildi\/#respond\"]}]},{\"@type\":\"WebPage\",\"@id\":\"https:\/\/denizcankizil.tr\/uk\/haberler\/gundem\/turkiyenin-ilk-yerli-zeka-testi-tuzo-tanitildi\/\",\"url\":\"https:\/\/denizcankizil.tr\/uk\/haberler\/gundem\/turkiyenin-ilk-yerli-zeka-testi-tuzo-tanitildi\/\",\"name\":\"T\u00fcrkiye'nin ilk yerli zeka testi 'TUZ\u00d6' tan\u0131t\u0131ld\u0131 - Av. Deniz Can K\u0131z\u0131l\",\"isPartOf\":{\"@id\":\"https:\/\/denizcankizil.tr\/#website\"},\"datePublished\":\"2025-01-21T14:41:30+00:00\",\"breadcrumb\":{\"@id\":\"https:\/\/denizcankizil.tr\/uk\/haberler\/gundem\/turkiyenin-ilk-yerli-zeka-testi-tuzo-tanitildi\/#breadcrumb\"},\"inLanguage\":\"uk\",\"potentialAction\":[{\"@type\":\"ReadAction\",\"target\":[\"https:\/\/denizcankizil.tr\/uk\/haberler\/gundem\/turkiyenin-ilk-yerli-zeka-testi-tuzo-tanitildi\/\"]}]},{\"@type\":\"BreadcrumbList\",\"@id\":\"https:\/\/denizcankizil.tr\/uk\/haberler\/gundem\/turkiyenin-ilk-yerli-zeka-testi-tuzo-tanitildi\/#breadcrumb\",\"itemListElement\":[{\"@type\":\"ListItem\",\"position\":1,\"name\":\"Home\",\"item\":\"https:\/\/denizcankizil.tr\/de\/\"},{\"@type\":\"ListItem\",\"position\":2,\"name\":\"T\u00fcrkiye&#8217;nin ilk yerli zeka testi &#8216;TUZ\u00d6&#8217; tan\u0131t\u0131ld\u0131\"}]},{\"@type\":\"WebSite\",\"@id\":\"https:\/\/denizcankizil.tr\/#website\",\"url\":\"https:\/\/denizcankizil.tr\/\",\"name\":\"Av. Deniz Can K\u0131z\u0131l\",\"description\":\"Avukat Deniz Can K\u0131z\u0131l Antalya Barosu\",\"publisher\":{\"@id\":\"https:\/\/denizcankizil.tr\/#organization\"},\"potentialAction\":[{\"@type\":\"SearchAction\",\"target\":{\"@type\":\"EntryPoint\",\"urlTemplate\":\"https:\/\/denizcankizil.tr\/?s={search_term_string}\"},\"query-input\":{\"@type\":\"PropertyValueSpecification\",\"valueRequired\":true,\"valueName\":\"search_term_string\"}}],\"inLanguage\":\"uk\"},{\"@type\":\"Organization\",\"@id\":\"https:\/\/denizcankizil.tr\/#organization\",\"name\":\"Av. Deniz Can K\u0131z\u0131l\",\"url\":\"https:\/\/denizcankizil.tr\/\",\"logo\":{\"@type\":\"ImageObject\",\"inLanguage\":\"uk\",\"@id\":\"https:\/\/denizcankizil.tr\/#\/schema\/logo\/image\/\",\"url\":\"https:\/\/denizcankizil.tr\/wp-content\/uploads\/2024\/10\/siyah-logo-svg.svg\",\"contentUrl\":\"https:\/\/denizcankizil.tr\/wp-content\/uploads\/2024\/10\/siyah-logo-svg.svg\",\"width\":1080,\"height\":1080,\"caption\":\"Av. Deniz Can K\u0131z\u0131l\"},\"image\":{\"@id\":\"https:\/\/denizcankizil.tr\/#\/schema\/logo\/image\/\"}},{\"@type\":\"Person\",\"@id\":\"https:\/\/denizcankizil.tr\/#\/schema\/person\/be3c05fe6a12686905512445d8185489\",\"name\":\"admin\",\"image\":{\"@type\":\"ImageObject\",\"inLanguage\":\"uk\",\"@id\":\"https:\/\/denizcankizil.tr\/#\/schema\/person\/image\/\",\"url\":\"https:\/\/secure.gravatar.com\/avatar\/c1fce94c830dc79107e174f890d7210541c4a63e8e5d816341794a2151c9d58c?s=96&d=mm&r=g\",\"contentUrl\":\"https:\/\/secure.gravatar.com\/avatar\/c1fce94c830dc79107e174f890d7210541c4a63e8e5d816341794a2151c9d58c?s=96&d=mm&r=g\",\"caption\":\"admin\"},\"sameAs\":[\"http:\/\/denizcankizil.tr\"],\"url\":\"https:\/\/www.iskenderun.org\/turkiyenin-ilk-yerli-zeka-testi-tuzo-tanitildi\"}]}<\/script>\n<!-- \/ Yoast SEO Premium plugin. -->","yoast_head_json":{"title":"T\u00fcrkiye'nin ilk yerli zeka testi 'TUZ\u00d6' tan\u0131t\u0131ld\u0131 - Av. Deniz Can K\u0131z\u0131l","robots":{"index":"index","follow":"follow","max-snippet":"max-snippet:-1","max-image-preview":"max-image-preview:large","max-video-preview":"max-video-preview:-1"},"canonical":"https:\/\/denizcankizil.tr\/uk\/haberler\/gundem\/turkiyenin-ilk-yerli-zeka-testi-tuzo-tanitildi\/","og_locale":"uk_UA","og_type":"article","og_title":"T\u00fcrkiye'nin ilk yerli zeka testi 'TUZ\u00d6' tan\u0131t\u0131ld\u0131","og_description":"T\u00dcB\u0130TAK&#8217;\u0131n geli\u015ftirdi\u011fi T\u00fcrkiye\u2019nin ilk yerli ve milli zeka testi, &#8220;T\u00fcrk Ulusal Zeka \u00d6l\u00e7e\u011fi&#8221; (TUZ\u00d6) tan\u0131t\u0131ld\u0131.ANKARA (\u0130GFA) &#8211; Milli E\u011fitim Bakan\u0131 Yusuf Tekin, Sanayi ve Teknoloji Bakan\u0131 Mehmet Fatih Kac\u0131r ile birlikte T\u00fcrk Ulusal Zek\u00e2 \u00d6l\u00e7e\u011fi Tan\u0131t\u0131m Toplant\u0131s\u0131&#8217;n\u0131 ger\u00e7ekle\u015ftirdi. Milli E\u011fitim Bakan\u0131 Yusuf Tekin, bakanl\u0131k olarak yerli ve mill\u00ee nitelikte haz\u0131rlanan T\u00fcrk Ulusal Zek\u00e2 \u00d6l\u00e7e\u011fi&#8217;nin T\u00fcrkiye\u2019nin sa\u011flam bir ekonomiye sahip olmas\u0131nda, uluslararas\u0131 arenada g\u00fc\u00e7l\u00fc bir diplomasi y\u00fcr\u00fctmesinde ve k\u00fcresel rekabet g\u00fcc\u00fcnde etki olu\u015fturacak \u201cT\u00fcrkiye Y\u00fczy\u0131l\u0131\u201dna katk\u0131 sa\u011flayacak \u00f6nemli geli\u015fmelerinden biri olaca\u011f\u0131n\u0131 ifade etti. T\u00fcrk Ulusal Zek\u00e2 \u00d6l\u00e7e\u011fi&#8217;nin T\u00fcrkiye Y\u00fczy\u0131l\u0131 hedeflerini belirleyen ilkelere uygun bi\u00e7imde geli\u015ftirilmi\u015f bir projenin \u00fcr\u00fcn\u00fc olmas\u0131n\u0131n yan\u0131nda, T\u00fcrkiye&#8217;nin e\u011fitim ve psikolojik de\u011ferlendirme alan\u0131nda att\u0131\u011f\u0131 \u00f6nemli bir ad\u0131m oldu\u011funu s\u00f6yleyen Bakan Tekin, projenin t\u00fcm payda\u015flar\u0131na, titizlikle \u00e7al\u0131\u015fmalar\u0131 y\u00fcr\u00fcten y\u00f6neticileri,\u00a0uzmanlar\u0131 ve \u00f6\u011fretmenlerine te\u015fekk\u00fcr etti. Toplant\u0131da Proje y\u00fcr\u00fct\u00fcc\u00fcs\u00fc Prof. Dr. Sirel Karaka\u015f ise, TUZ\u00d6\u2019n\u00fcn 13 geni\u015f zeka alan\u0131 ve 37 zeka alt alan\u0131n\u0131 kapsayan bir test oldu\u011funu a\u00e7\u0131klad\u0131. Karaka\u015f, \u00f6l\u00e7e\u011fin \u00f6zg\u00fcn oldu\u011funu ve T\u00fcrkiye&#8217;nin sosyal ve k\u00fclt\u00fcrel yap\u0131s\u0131na uygun olarak haz\u0131rland\u0131\u011f\u0131n\u0131 vurgulayarak, \u201cArt\u0131k T\u00fcrkiye, zeka testi konusunda d\u0131\u015fa ba\u011f\u0131ml\u0131 olmaktan kurtulmu\u015ftur. \u00dclkemiz, zeka testi \u00fcreticisi konumuna gelmi\u015ftir. Bu, T\u00fcrkiye\u2019yi bu alanda \u00f6nemli bir akt\u00f6r haline getirecektir\u201d dedi. \u200bT\u00dcB\u0130TAK&#8217;\u0131n geli\u015ftirdi\u011fi T\u00fcrkiye\u2019nin ilk yerli ve milli zeka testi, &#8220;T\u00fcrk Ulusal Zeka \u00d6l\u00e7e\u011fi&#8221; (TUZ\u00d6) &hellip;","og_url":"https:\/\/denizcankizil.tr\/uk\/haberler\/gundem\/turkiyenin-ilk-yerli-zeka-testi-tuzo-tanitildi\/","og_site_name":"Av. Deniz Can K\u0131z\u0131l","article_published_time":"2025-01-21T14:41:30+00:00","author":"admin","twitter_card":"summary_large_image","twitter_misc":{"\u041d\u0430\u043f\u0438\u0441\u0430\u043d\u043e":"admin","\u041f\u0440\u0438\u0431\u043b. \u0447\u0430\u0441 \u0447\u0438\u0442\u0430\u043d\u043d\u044f":"3 \u0445\u0432\u0438\u043b\u0438\u043d\u0438"},"schema":{"@context":"https:\/\/schema.org","@graph":[{"@type":"Article","@id":"https:\/\/denizcankizil.tr\/uk\/haberler\/gundem\/turkiyenin-ilk-yerli-zeka-testi-tuzo-tanitildi\/#article","isPartOf":{"@id":"https:\/\/denizcankizil.tr\/uk\/haberler\/gundem\/turkiyenin-ilk-yerli-zeka-testi-tuzo-tanitildi\/"},"author":{"name":"admin","@id":"https:\/\/denizcankizil.tr\/#\/schema\/person\/be3c05fe6a12686905512445d8185489"},"headline":"T\u00fcrkiye&#8217;nin ilk yerli zeka testi &#8216;TUZ\u00d6&#8217; tan\u0131t\u0131ld\u0131","datePublished":"2025-01-21T14:41:30+00:00","mainEntityOfPage":{"@id":"https:\/\/denizcankizil.tr\/uk\/haberler\/gundem\/turkiyenin-ilk-yerli-zeka-testi-tuzo-tanitildi\/"},"wordCount":609,"commentCount":0,"publisher":{"@id":"https:\/\/denizcankizil.tr\/#organization"},"articleSection":["G\u00fcndem"],"inLanguage":"uk","potentialAction":[{"@type":"CommentAction","name":"Comment","target":["https:\/\/denizcankizil.tr\/uk\/haberler\/gundem\/turkiyenin-ilk-yerli-zeka-testi-tuzo-tanitildi\/#respond"]}]},{"@type":"WebPage","@id":"https:\/\/denizcankizil.tr\/uk\/haberler\/gundem\/turkiyenin-ilk-yerli-zeka-testi-tuzo-tanitildi\/","url":"https:\/\/denizcankizil.tr\/uk\/haberler\/gundem\/turkiyenin-ilk-yerli-zeka-testi-tuzo-tanitildi\/","name":"T\u00fcrkiye'nin ilk yerli zeka testi 'TUZ\u00d6' tan\u0131t\u0131ld\u0131 - Av. Deniz Can K\u0131z\u0131l","isPartOf":{"@id":"https:\/\/denizcankizil.tr\/#website"},"datePublished":"2025-01-21T14:41:30+00:00","breadcrumb":{"@id":"https:\/\/denizcankizil.tr\/uk\/haberler\/gundem\/turkiyenin-ilk-yerli-zeka-testi-tuzo-tanitildi\/#breadcrumb"},"inLanguage":"uk","potentialAction":[{"@type":"ReadAction","target":["https:\/\/denizcankizil.tr\/uk\/haberler\/gundem\/turkiyenin-ilk-yerli-zeka-testi-tuzo-tanitildi\/"]}]},{"@type":"BreadcrumbList","@id":"https:\/\/denizcankizil.tr\/uk\/haberler\/gundem\/turkiyenin-ilk-yerli-zeka-testi-tuzo-tanitildi\/#breadcrumb","itemListElement":[{"@type":"ListItem","position":1,"name":"Home","item":"https:\/\/denizcankizil.tr\/de\/"},{"@type":"ListItem","position":2,"name":"T\u00fcrkiye&#8217;nin ilk yerli zeka testi &#8216;TUZ\u00d6&#8217; tan\u0131t\u0131ld\u0131"}]},{"@type":"WebSite","@id":"https:\/\/denizcankizil.tr\/#website","url":"https:\/\/denizcankizil.tr\/","name":"Av. Deniz Can K\u0131z\u0131l","description":"Avukat Deniz Can K\u0131z\u0131l Antalya Barosu","publisher":{"@id":"https:\/\/denizcankizil.tr\/#organization"},"potentialAction":[{"@type":"SearchAction","target":{"@type":"EntryPoint","urlTemplate":"https:\/\/denizcankizil.tr\/?s={search_term_string}"},"query-input":{"@type":"PropertyValueSpecification","valueRequired":true,"valueName":"search_term_string"}}],"inLanguage":"uk"},{"@type":"Organization","@id":"https:\/\/denizcankizil.tr\/#organization","name":"Av. Deniz Can K\u0131z\u0131l","url":"https:\/\/denizcankizil.tr\/","logo":{"@type":"ImageObject","inLanguage":"uk","@id":"https:\/\/denizcankizil.tr\/#\/schema\/logo\/image\/","url":"https:\/\/denizcankizil.tr\/wp-content\/uploads\/2024\/10\/siyah-logo-svg.svg","contentUrl":"https:\/\/denizcankizil.tr\/wp-content\/uploads\/2024\/10\/siyah-logo-svg.svg","width":1080,"height":1080,"caption":"Av. Deniz Can K\u0131z\u0131l"},"image":{"@id":"https:\/\/denizcankizil.tr\/#\/schema\/logo\/image\/"}},{"@type":"Person","@id":"https:\/\/denizcankizil.tr\/#\/schema\/person\/be3c05fe6a12686905512445d8185489","name":"\u0430\u0434\u043c\u0456\u043d","image":{"@type":"ImageObject","inLanguage":"uk","@id":"https:\/\/denizcankizil.tr\/#\/schema\/person\/image\/","url":"https:\/\/secure.gravatar.com\/avatar\/c1fce94c830dc79107e174f890d7210541c4a63e8e5d816341794a2151c9d58c?s=96&d=mm&r=g","contentUrl":"https:\/\/secure.gravatar.com\/avatar\/c1fce94c830dc79107e174f890d7210541c4a63e8e5d816341794a2151c9d58c?s=96&d=mm&r=g","caption":"admin"},"sameAs":["http:\/\/denizcankizil.tr"],"url":"https:\/\/www.iskenderun.org\/turkiyenin-ilk-yerli-zeka-testi-tuzo-tanitildi"}]}},"_links":{"self":[{"href":"https:\/\/denizcankizil.tr\/uk\/wp-json\/wp\/v2\/posts\/26585","targetHints":{"allow":["GET"]}}],"collection":[{"href":"https:\/\/denizcankizil.tr\/uk\/wp-json\/wp\/v2\/posts"}],"about":[{"href":"https:\/\/denizcankizil.tr\/uk\/wp-json\/wp\/v2\/types\/post"}],"author":[{"embeddable":true,"href":"https:\/\/denizcankizil.tr\/uk\/wp-json\/wp\/v2\/users\/1"}],"replies":[{"embeddable":true,"href":"https:\/\/denizcankizil.tr\/uk\/wp-json\/wp\/v2\/comments?post=26585"}],"version-history":[{"count":0,"href":"https:\/\/denizcankizil.tr\/uk\/wp-json\/wp\/v2\/posts\/26585\/revisions"}],"wp:attachment":[{"href":"https:\/\/denizcankizil.tr\/uk\/wp-json\/wp\/v2\/media?parent=26585"}],"wp:term":[{"taxonomy":"category","embeddable":true,"href":"https:\/\/denizcankizil.tr\/uk\/wp-json\/wp\/v2\/categories?post=26585"},{"taxonomy":"post_tag","embeddable":true,"href":"https:\/\/denizcankizil.tr\/uk\/wp-json\/wp\/v2\/tags?post=26585"}],"curies":[{"name":"wp","href":"https:\/\/api.w.org\/{rel}","templated":true}]}}