{"id":26445,"date":"2025-01-21T11:41:28","date_gmt":"2025-01-21T08:41:28","guid":{"rendered":"https:\/\/denizcankizil.tr\/uncategorized-tr\/antalya-havalimaninda-calisanlar-is-birakti\/"},"modified":"2025-01-21T11:41:28","modified_gmt":"2025-01-21T08:41:28","slug":"antalya-havalimaninda-calisanlar-is-birakti","status":"publish","type":"post","link":"https:\/\/denizcankizil.tr\/uk\/haberler\/gundem\/antalya-havalimaninda-calisanlar-is-birakti\/","title":{"rendered":"Antalya Havaliman\u0131\u2019nda \u00e7al\u0131\u015fanlar i\u015f b\u0131rakt\u0131"},"content":{"rendered":"<p>Antalya Havaliman\u0131 \u015fantiyesinde 3 ayd\u0131r maa\u015f alamad\u0131klar\u0131 i\u00e7in i\u015f b\u0131rakan i\u015f\u00e7ilerin eylemi s\u00fcrerken, i\u015fverenden \u201cMaa\u015flar Per\u015fembe g\u00fcn\u00fc \u00f6denecek\u201d a\u00e7\u0131klamas\u0131 geldi. Duruma tepki g\u00f6steren Umut-Sen Akdeniz \u015eubesi, \u201c\u0130\u015f\u00e7ilerin hakk\u0131 derhal teslim edilsin\u201d a\u00e7\u0131klamas\u0131nda bulundu.<\/p>\n<p>Havaliman\u0131 \u015fantiyesinde \u00e7al\u0131\u015fan \u00e7ok say\u0131da in\u015faat i\u015f\u00e7isinin 3 ayd\u0131r maa\u015flar\u0131n\u0131 alamad\u0131klar\u0131 i\u00e7in ba\u015flatt\u0131klar\u0131 i\u015f b\u0131rakma eylemi ikinci g\u00fcn\u00fcnde devam ediyor. Firma ile i\u015f\u00e7iler aras\u0131nda bug\u00fcn yap\u0131lan g\u00f6r\u00fc\u015fmede firman\u0131n Per\u015fembe g\u00fcn\u00fc \u00f6deme yapaca\u011f\u0131 bilgisi verildi\u011fini belirtildi. Ya\u015fanan duruma tepki g\u00f6steren Umut-Sen \u00e7al\u0131\u015fanlar\u0131n maa\u015flar\u0131n\u0131n bir an \u00f6nce \u00f6denmesini istedi.<\/p>\n<p>\u0130\u015e\u00c7\u0130LER KARARLI\u2026<\/p>\n<p>Antalya Havaliman\u0131 \u015fantiyesinde 3 ayd\u0131r maa\u015f alamad\u0131klar\u0131 i\u00e7in i\u015f b\u0131rakan i\u015f\u00e7iler eylem ba\u015flatt\u0131. Umut-Sen Akdeniz \u015eubesinden yap\u0131lan a\u00e7\u0131klamada, \u201c\u0130\u015f\u00e7ilere s\u00fcrekli tarih verilerek yat\u0131r\u0131lacak deniyor. Ama ya ge\u00e7 yat\u0131r\u0131l\u0131yor ya da yat\u0131r\u0131lm\u0131yor. \u0130\u015f\u00e7iler &#8216;hep s\u00f6z veriyorsunuz ama s\u00f6z\u00fcn\u00fczde durmuyorsunuz&#8217; dediklerinde, &#8216;i\u015finize geliyorsa \u00e7al\u0131\u015f\u0131n, gelmiyorsa \u00e7\u0131k\u0131p gidin&#8217; deniyor. \u00c7\u0131k\u0131p gitseler de maa\u015flar\u0131 verilmiyor ki. Eylem yapan i\u015f\u00e7iler 3 ayd\u0131r maa\u015flar\u0131n\u0131 alam\u0131yorlar. Bir i\u015f\u00e7i maa\u015f\u0131n\u0131 bir hafta ge\u00e7 ald\u0131\u011f\u0131 i\u00e7in bile \u00e7ok zor durumda kal\u0131yor. B\u00f6yle olunca i\u015f\u00e7iler yeniden eylem yap\u0131yor. \u0130\u015f\u00e7iler maa\u015flar\u0131n\u0131 alana kadar i\u015f b\u0131rakma eylemi s\u00fcrd\u00fcrmeye kararl\u0131lar\u201d denildi.<\/p>\n<p>PER\u015eEMBE G\u00dcN\u00dc \u00d6DEYECE\u011e\u0130Z A\u00c7IKLAMASI<\/p>\n<p>Konuyla ilgili olarak \u015fantiye i\u015f\u00e7ilerinin maa\u015flar\u0131n\u0131n Per\u015fembe g\u00fcn\u00fc \u00f6denece\u011fine dair i\u015fverenden a\u00e7\u0131klama geldi\u011fine dikkat \u00e7eken Umut-Sen Akdeniz \u015eubesinden a\u00e7\u0131klamalar \u015fu \u015fekilde son buldu: \u201cAntalya Havaliman\u0131 \u015eantiyesinde i\u015f\u00e7iler \u0130\u015f B\u0131rakt\u0131. Antalya Havaliman\u0131 \u015fantiyesinde \u00e7al\u0131\u015fan i\u015f\u00e7iler, 3 ayd\u0131r \u00f6denmeyen maa\u015flar\u0131 i\u00e7in i\u015f b\u0131rakt\u0131. \u015eirket &#8220;Per\u015fembe \u00f6deyece\u011fiz&#8221; diyerek oyalama taktikleriyle i\u015f\u00e7ileri susturmaya \u00e7al\u0131\u015f\u0131yor. \u0130\u015f\u00e7ilerin hakk\u0131 derhal teslim edilsin.\u201d<\/p>\n<p>\u200bAntalya Havaliman\u0131 \u015fantiyesinde 3 ayd\u0131r maa\u015f alamad\u0131klar\u0131 i\u00e7in i\u015f b\u0131rakan i\u015f\u00e7ilerin eylemi s\u00fcrerken, i\u015fverenden \u201cMaa\u015flar Per\u015fembe g\u00fcn\u00fc \u00f6denecek\u201d a\u00e7\u0131klamas\u0131 geldi. Duruma tepki g\u00f6steren Umut-Sen Akdeniz \u015eubesi, \u201c\u0130\u015f\u00e7ilerin hakk\u0131 derhal teslim edilsin\u201d a\u00e7\u0131klamas\u0131nda bulundu.<\/p>\n<p>Havaliman\u0131 \u015fantiyesinde \u00e7al\u0131\u015fan \u00e7ok say\u0131da in\u015faat i\u015f\u00e7isinin 3 ayd\u0131r maa\u015flar\u0131n\u0131 alamad\u0131klar\u0131 i\u00e7in ba\u015flatt\u0131klar\u0131 i\u015f b\u0131rakma eylemi ikinci g\u00fcn\u00fcnde devam ediyor. Firma ile i\u015f\u00e7iler aras\u0131nda bug\u00fcn yap\u0131lan g\u00f6r\u00fc\u015fmede firman\u0131n Per\u015fembe g\u00fcn\u00fc \u00f6deme yapaca\u011f\u0131 bilgisi verildi\u011fini belirtildi. Ya\u015fanan duruma tepki g\u00f6steren Umut-Sen \u00e7al\u0131\u015fanlar\u0131n maa\u015flar\u0131n\u0131n bir an \u00f6nce \u00f6denmesini istedi.<\/p>\n<p>\u0130\u015e\u00c7\u0130LER KARARLI\u2026<\/p>\n<p>Antalya Havaliman\u0131 \u015fantiyesinde 3 ayd\u0131r maa\u015f alamad\u0131klar\u0131 i\u00e7in i\u015f b\u0131rakan i\u015f\u00e7iler eylem ba\u015flatt\u0131. Umut-Sen Akdeniz \u015eubesinden yap\u0131lan a\u00e7\u0131klamada, \u201c\u0130\u015f\u00e7ilere s\u00fcrekli tarih verilerek yat\u0131r\u0131lacak deniyor. Ama ya ge\u00e7 yat\u0131r\u0131l\u0131yor ya da yat\u0131r\u0131lm\u0131yor. \u0130\u015f\u00e7iler &#8216;hep s\u00f6z veriyorsunuz ama s\u00f6z\u00fcn\u00fczde durmuyorsunuz&#8217; dediklerinde, &#8216;i\u015finize geliyorsa \u00e7al\u0131\u015f\u0131n, gelmiyorsa \u00e7\u0131k\u0131p gidin&#8217; deniyor. \u00c7\u0131k\u0131p gitseler de maa\u015flar\u0131 verilmiyor ki. Eylem yapan i\u015f\u00e7iler 3 ayd\u0131r maa\u015flar\u0131n\u0131 alam\u0131yorlar. Bir i\u015f\u00e7i maa\u015f\u0131n\u0131 bir hafta ge\u00e7 ald\u0131\u011f\u0131 i\u00e7in bile \u00e7ok zor durumda kal\u0131yor. B\u00f6yle olunca i\u015f\u00e7iler yeniden eylem yap\u0131yor. \u0130\u015f\u00e7iler maa\u015flar\u0131n\u0131 alana kadar i\u015f b\u0131rakma eylemi s\u00fcrd\u00fcrmeye kararl\u0131lar\u201d denildi.<\/p>\n<p>PER\u015eEMBE G\u00dcN\u00dc \u00d6DEYECE\u011e\u0130Z A\u00c7IKLAMASI<\/p>\n<p>Konuyla ilgili olarak \u015fantiye i\u015f\u00e7ilerinin maa\u015flar\u0131n\u0131n Per\u015fembe g\u00fcn\u00fc \u00f6denece\u011fine dair i\u015fverenden a\u00e7\u0131klama geldi\u011fine dikkat \u00e7eken Umut-Sen Akdeniz \u015eubesinden a\u00e7\u0131klamalar \u015fu \u015fekilde son buldu: \u201cAntalya Havaliman\u0131 \u015eantiyesinde i\u015f\u00e7iler \u0130\u015f B\u0131rakt\u0131. Antalya Havaliman\u0131 \u015fantiyesinde \u00e7al\u0131\u015fan i\u015f\u00e7iler, 3 ayd\u0131r \u00f6denmeyen maa\u015flar\u0131 i\u00e7in i\u015f b\u0131rakt\u0131. \u015eirket &#8220;Per\u015fembe \u00f6deyece\u011fiz&#8221; diyerek oyalama taktikleriyle i\u015f\u00e7ileri susturmaya \u00e7al\u0131\u015f\u0131yor. \u0130\u015f\u00e7ilerin hakk\u0131 derhal teslim edilsin.\u201d\u00a0<\/p>\n<p>\u200bHaberin Al\u0131nt\u0131land\u0131\u011f\u0131 Kaynak: www.antalyakorfez.com<\/p>","protected":false},"excerpt":{"rendered":"<p>Antalya Havaliman\u0131 \u015fantiyesinde 3 ayd\u0131r maa\u015f alamad\u0131klar\u0131 i\u00e7in i\u015f b\u0131rakan i\u015f\u00e7ilerin eylemi s\u00fcrerken, i\u015fverenden \u201cMaa\u015flar Per\u015fembe g\u00fcn\u00fc \u00f6denecek\u201d a\u00e7\u0131klamas\u0131 geldi. Duruma tepki g\u00f6steren Umut-Sen Akdeniz \u015eubesi, \u201c\u0130\u015f\u00e7ilerin hakk\u0131 derhal teslim edilsin\u201d a\u00e7\u0131klamas\u0131nda bulundu. Havaliman\u0131 \u015fantiyesinde \u00e7al\u0131\u015fan \u00e7ok say\u0131da in\u015faat i\u015f\u00e7isinin 3 ayd\u0131r maa\u015flar\u0131n\u0131 alamad\u0131klar\u0131 i\u00e7in ba\u015flatt\u0131klar\u0131 i\u015f b\u0131rakma eylemi ikinci g\u00fcn\u00fcnde devam ediyor. Firma ile i\u015f\u00e7iler aras\u0131nda bug\u00fcn yap\u0131lan g\u00f6r\u00fc\u015fmede firman\u0131n Per\u015fembe g\u00fcn\u00fc \u00f6deme yapaca\u011f\u0131 bilgisi verildi\u011fini belirtildi. Ya\u015fanan duruma tepki g\u00f6steren Umut-Sen \u00e7al\u0131\u015fanlar\u0131n maa\u015flar\u0131n\u0131n bir an \u00f6nce \u00f6denmesini istedi. \u0130\u015e\u00c7\u0130LER KARARLI\u2026 Antalya Havaliman\u0131 \u015fantiyesinde 3 ayd\u0131r maa\u015f alamad\u0131klar\u0131 i\u00e7in i\u015f b\u0131rakan i\u015f\u00e7iler eylem ba\u015flatt\u0131. Umut-Sen Akdeniz \u015eubesinden yap\u0131lan a\u00e7\u0131klamada, \u201c\u0130\u015f\u00e7ilere s\u00fcrekli tarih verilerek yat\u0131r\u0131lacak deniyor. Ama ya ge\u00e7 yat\u0131r\u0131l\u0131yor ya da yat\u0131r\u0131lm\u0131yor. \u0130\u015f\u00e7iler &#8216;hep s\u00f6z veriyorsunuz ama s\u00f6z\u00fcn\u00fczde durmuyorsunuz&#8217; dediklerinde, &#8216;i\u015finize geliyorsa \u00e7al\u0131\u015f\u0131n, gelmiyorsa \u00e7\u0131k\u0131p gidin&#8217; deniyor. \u00c7\u0131k\u0131p gitseler de maa\u015flar\u0131 verilmiyor ki. Eylem yapan i\u015f\u00e7iler 3 ayd\u0131r maa\u015flar\u0131n\u0131 alam\u0131yorlar. Bir i\u015f\u00e7i maa\u015f\u0131n\u0131 bir hafta ge\u00e7 ald\u0131\u011f\u0131 i\u00e7in bile \u00e7ok zor durumda kal\u0131yor. B\u00f6yle olunca i\u015f\u00e7iler yeniden eylem yap\u0131yor. \u0130\u015f\u00e7iler maa\u015flar\u0131n\u0131 alana kadar i\u015f b\u0131rakma eylemi s\u00fcrd\u00fcrmeye kararl\u0131lar\u201d denildi. PER\u015eEMBE G\u00dcN\u00dc \u00d6DEYECE\u011e\u0130Z A\u00c7IKLAMASI Konuyla ilgili olarak \u015fantiye i\u015f\u00e7ilerinin maa\u015flar\u0131n\u0131n Per\u015fembe g\u00fcn\u00fc \u00f6denece\u011fine dair i\u015fverenden a\u00e7\u0131klama geldi\u011fine dikkat \u00e7eken Umut-Sen Akdeniz \u015eubesinden a\u00e7\u0131klamalar \u015fu \u015fekilde son buldu: \u201cAntalya Havaliman\u0131 \u015eantiyesinde &hellip;<\/p>","protected":false},"author":5,"featured_media":0,"comment_status":"open","ping_status":"open","sticky":false,"template":"","format":"standard","meta":{"_acf_changed":false,"footnotes":""},"categories":[24],"tags":[],"class_list":["post-26445","post","type-post","status-publish","format-standard","has-post-thumbnail","hentry","category-gundem"],"acf":[],"yoast_head":"<!-- This site is optimized with the Yoast SEO Premium plugin v26.6 (Yoast SEO v27.1.1) - https:\/\/yoast.com\/product\/yoast-seo-premium-wordpress\/ -->\n<title>Antalya Havaliman\u0131\u2019nda \u00e7al\u0131\u015fanlar i\u015f b\u0131rakt\u0131 - Av. Deniz Can K\u0131z\u0131l<\/title>\n<meta name=\"robots\" content=\"index, follow, max-snippet:-1, max-image-preview:large, max-video-preview:-1\" \/>\n<link rel=\"canonical\" href=\"https:\/\/denizcankizil.tr\/uk\/haberler\/gundem\/antalya-havalimaninda-calisanlar-is-birakti\/\" \/>\n<meta property=\"og:locale\" content=\"uk_UA\" \/>\n<meta property=\"og:type\" content=\"article\" \/>\n<meta property=\"og:title\" content=\"Antalya Havaliman\u0131\u2019nda \u00e7al\u0131\u015fanlar i\u015f b\u0131rakt\u0131\" \/>\n<meta property=\"og:description\" content=\"Antalya Havaliman\u0131 \u015fantiyesinde 3 ayd\u0131r maa\u015f alamad\u0131klar\u0131 i\u00e7in i\u015f b\u0131rakan i\u015f\u00e7ilerin eylemi s\u00fcrerken, i\u015fverenden \u201cMaa\u015flar Per\u015fembe g\u00fcn\u00fc \u00f6denecek\u201d a\u00e7\u0131klamas\u0131 geldi. Duruma tepki g\u00f6steren Umut-Sen Akdeniz \u015eubesi, \u201c\u0130\u015f\u00e7ilerin hakk\u0131 derhal teslim edilsin\u201d a\u00e7\u0131klamas\u0131nda bulundu. Havaliman\u0131 \u015fantiyesinde \u00e7al\u0131\u015fan \u00e7ok say\u0131da in\u015faat i\u015f\u00e7isinin 3 ayd\u0131r maa\u015flar\u0131n\u0131 alamad\u0131klar\u0131 i\u00e7in ba\u015flatt\u0131klar\u0131 i\u015f b\u0131rakma eylemi ikinci g\u00fcn\u00fcnde devam ediyor. Firma ile i\u015f\u00e7iler aras\u0131nda bug\u00fcn yap\u0131lan g\u00f6r\u00fc\u015fmede firman\u0131n Per\u015fembe g\u00fcn\u00fc \u00f6deme yapaca\u011f\u0131 bilgisi verildi\u011fini belirtildi. Ya\u015fanan duruma tepki g\u00f6steren Umut-Sen \u00e7al\u0131\u015fanlar\u0131n maa\u015flar\u0131n\u0131n bir an \u00f6nce \u00f6denmesini istedi. \u0130\u015e\u00c7\u0130LER KARARLI\u2026 Antalya Havaliman\u0131 \u015fantiyesinde 3 ayd\u0131r maa\u015f alamad\u0131klar\u0131 i\u00e7in i\u015f b\u0131rakan i\u015f\u00e7iler eylem ba\u015flatt\u0131. Umut-Sen Akdeniz \u015eubesinden yap\u0131lan a\u00e7\u0131klamada, \u201c\u0130\u015f\u00e7ilere s\u00fcrekli tarih verilerek yat\u0131r\u0131lacak deniyor. Ama ya ge\u00e7 yat\u0131r\u0131l\u0131yor ya da yat\u0131r\u0131lm\u0131yor. \u0130\u015f\u00e7iler &#8216;hep s\u00f6z veriyorsunuz ama s\u00f6z\u00fcn\u00fczde durmuyorsunuz&#8217; dediklerinde, &#8216;i\u015finize geliyorsa \u00e7al\u0131\u015f\u0131n, gelmiyorsa \u00e7\u0131k\u0131p gidin&#8217; deniyor. \u00c7\u0131k\u0131p gitseler de maa\u015flar\u0131 verilmiyor ki. Eylem yapan i\u015f\u00e7iler 3 ayd\u0131r maa\u015flar\u0131n\u0131 alam\u0131yorlar. Bir i\u015f\u00e7i maa\u015f\u0131n\u0131 bir hafta ge\u00e7 ald\u0131\u011f\u0131 i\u00e7in bile \u00e7ok zor durumda kal\u0131yor. B\u00f6yle olunca i\u015f\u00e7iler yeniden eylem yap\u0131yor. \u0130\u015f\u00e7iler maa\u015flar\u0131n\u0131 alana kadar i\u015f b\u0131rakma eylemi s\u00fcrd\u00fcrmeye kararl\u0131lar\u201d denildi. PER\u015eEMBE G\u00dcN\u00dc \u00d6DEYECE\u011e\u0130Z A\u00c7IKLAMASI Konuyla ilgili olarak \u015fantiye i\u015f\u00e7ilerinin maa\u015flar\u0131n\u0131n Per\u015fembe g\u00fcn\u00fc \u00f6denece\u011fine dair i\u015fverenden a\u00e7\u0131klama geldi\u011fine dikkat \u00e7eken Umut-Sen Akdeniz \u015eubesinden a\u00e7\u0131klamalar \u015fu \u015fekilde son buldu: \u201cAntalya Havaliman\u0131 \u015eantiyesinde &hellip;\" \/>\n<meta property=\"og:url\" content=\"https:\/\/denizcankizil.tr\/uk\/haberler\/gundem\/antalya-havalimaninda-calisanlar-is-birakti\/\" \/>\n<meta property=\"og:site_name\" content=\"Av. Deniz Can K\u0131z\u0131l\" \/>\n<meta property=\"article:published_time\" content=\"2025-01-21T08:41:28+00:00\" \/>\n<meta name=\"author\" content=\"Antalya K\u00f6rfez\" \/>\n<meta name=\"twitter:card\" content=\"summary_large_image\" \/>\n<meta name=\"twitter:label1\" content=\"\u041d\u0430\u043f\u0438\u0441\u0430\u043d\u043e\" \/>\n\t<meta name=\"twitter:data1\" content=\"Antalya K\u00f6rfez\" \/>\n\t<meta name=\"twitter:label2\" content=\"\u041f\u0440\u0438\u0431\u043b. \u0447\u0430\u0441 \u0447\u0438\u0442\u0430\u043d\u043d\u044f\" \/>\n\t<meta name=\"twitter:data2\" content=\"3 \u0445\u0432\u0438\u043b\u0438\u043d\u0438\" \/>\n<script type=\"application\/ld+json\" class=\"yoast-schema-graph\">{\"@context\":\"https:\/\/schema.org\",\"@graph\":[{\"@type\":\"Article\",\"@id\":\"https:\/\/denizcankizil.tr\/ru\/haberler\/gundem\/antalya-havalimaninda-calisanlar-is-birakti\/#article\",\"isPartOf\":{\"@id\":\"https:\/\/denizcankizil.tr\/ru\/haberler\/gundem\/antalya-havalimaninda-calisanlar-is-birakti\/\"},\"author\":{\"name\":\"Antalya K\u00f6rfez\",\"@id\":\"https:\/\/denizcankizil.tr\/de\/#\/schema\/person\/e1eb71bb4dd684d46563f0af307e1234\"},\"headline\":\"Antalya Havaliman\u0131\u2019nda \u00e7al\u0131\u015fanlar i\u015f b\u0131rakt\u0131\",\"datePublished\":\"2025-01-21T08:41:28+00:00\",\"mainEntityOfPage\":{\"@id\":\"https:\/\/denizcankizil.tr\/ru\/haberler\/gundem\/antalya-havalimaninda-calisanlar-is-birakti\/\"},\"wordCount\":694,\"commentCount\":0,\"publisher\":{\"@id\":\"https:\/\/denizcankizil.tr\/de\/#organization\"},\"articleSection\":[\"G\u00fcndem\"],\"inLanguage\":\"uk\",\"potentialAction\":[{\"@type\":\"CommentAction\",\"name\":\"Comment\",\"target\":[\"https:\/\/denizcankizil.tr\/ru\/haberler\/gundem\/antalya-havalimaninda-calisanlar-is-birakti\/#respond\"]}]},{\"@type\":\"WebPage\",\"@id\":\"https:\/\/denizcankizil.tr\/ru\/haberler\/gundem\/antalya-havalimaninda-calisanlar-is-birakti\/\",\"url\":\"https:\/\/denizcankizil.tr\/ru\/haberler\/gundem\/antalya-havalimaninda-calisanlar-is-birakti\/\",\"name\":\"Antalya Havaliman\u0131\u2019nda \u00e7al\u0131\u015fanlar i\u015f b\u0131rakt\u0131 - Av. Deniz Can K\u0131z\u0131l\",\"isPartOf\":{\"@id\":\"https:\/\/denizcankizil.tr\/de\/#website\"},\"datePublished\":\"2025-01-21T08:41:28+00:00\",\"breadcrumb\":{\"@id\":\"https:\/\/denizcankizil.tr\/ru\/haberler\/gundem\/antalya-havalimaninda-calisanlar-is-birakti\/#breadcrumb\"},\"inLanguage\":\"uk\",\"potentialAction\":[{\"@type\":\"ReadAction\",\"target\":[\"https:\/\/denizcankizil.tr\/ru\/haberler\/gundem\/antalya-havalimaninda-calisanlar-is-birakti\/\"]}]},{\"@type\":\"BreadcrumbList\",\"@id\":\"https:\/\/denizcankizil.tr\/ru\/haberler\/gundem\/antalya-havalimaninda-calisanlar-is-birakti\/#breadcrumb\",\"itemListElement\":[{\"@type\":\"ListItem\",\"position\":1,\"name\":\"Home\",\"item\":\"https:\/\/denizcankizil.tr\/de\/\"},{\"@type\":\"ListItem\",\"position\":2,\"name\":\"Antalya Havaliman\u0131\u2019nda \u00e7al\u0131\u015fanlar i\u015f b\u0131rakt\u0131\"}]},{\"@type\":\"WebSite\",\"@id\":\"https:\/\/denizcankizil.tr\/de\/#website\",\"url\":\"https:\/\/denizcankizil.tr\/de\/\",\"name\":\"Av. Deniz Can K\u0131z\u0131l\",\"description\":\"Avukat Deniz Can K\u0131z\u0131l Antalya Barosu\",\"publisher\":{\"@id\":\"https:\/\/denizcankizil.tr\/de\/#organization\"},\"potentialAction\":[{\"@type\":\"SearchAction\",\"target\":{\"@type\":\"EntryPoint\",\"urlTemplate\":\"https:\/\/denizcankizil.tr\/de\/?s={search_term_string}\"},\"query-input\":{\"@type\":\"PropertyValueSpecification\",\"valueRequired\":true,\"valueName\":\"search_term_string\"}}],\"inLanguage\":\"uk\"},{\"@type\":\"Organization\",\"@id\":\"https:\/\/denizcankizil.tr\/de\/#organization\",\"name\":\"Av. Deniz Can K\u0131z\u0131l\",\"url\":\"https:\/\/denizcankizil.tr\/de\/\",\"logo\":{\"@type\":\"ImageObject\",\"inLanguage\":\"uk\",\"@id\":\"https:\/\/denizcankizil.tr\/de\/#\/schema\/logo\/image\/\",\"url\":\"https:\/\/denizcankizil.tr\/wp-content\/uploads\/2024\/10\/siyah-logo-svg.svg\",\"contentUrl\":\"https:\/\/denizcankizil.tr\/wp-content\/uploads\/2024\/10\/siyah-logo-svg.svg\",\"width\":1080,\"height\":1080,\"caption\":\"Av. Deniz Can K\u0131z\u0131l\"},\"image\":{\"@id\":\"https:\/\/denizcankizil.tr\/de\/#\/schema\/logo\/image\/\"}},{\"@type\":\"Person\",\"@id\":\"https:\/\/denizcankizil.tr\/de\/#\/schema\/person\/e1eb71bb4dd684d46563f0af307e1234\",\"name\":\"Antalya K\u00f6rfez\",\"image\":{\"@type\":\"ImageObject\",\"inLanguage\":\"uk\",\"@id\":\"https:\/\/denizcankizil.tr\/de\/#\/schema\/person\/image\/\",\"url\":\"https:\/\/secure.gravatar.com\/avatar\/42b01982558a48a0b501fdcab6a408d3717ea5919095ee2e67b0e521799c5905?s=96&d=mm&r=g\",\"contentUrl\":\"https:\/\/secure.gravatar.com\/avatar\/42b01982558a48a0b501fdcab6a408d3717ea5919095ee2e67b0e521799c5905?s=96&d=mm&r=g\",\"caption\":\"Antalya K\u00f6rfez\"},\"sameAs\":[\"http:\/\/www.antalyakorfez.com\"],\"url\":\"https:\/\/www.antalyakorfez.com\/antalya-havalimaninda-calisanlar-is-birakti\"}]}<\/script>\n<!-- \/ Yoast SEO Premium plugin. -->","yoast_head_json":{"title":"Antalya Havaliman\u0131\u2019nda \u00e7al\u0131\u015fanlar i\u015f b\u0131rakt\u0131 - Av. Deniz Can K\u0131z\u0131l","robots":{"index":"index","follow":"follow","max-snippet":"max-snippet:-1","max-image-preview":"max-image-preview:large","max-video-preview":"max-video-preview:-1"},"canonical":"https:\/\/denizcankizil.tr\/uk\/haberler\/gundem\/antalya-havalimaninda-calisanlar-is-birakti\/","og_locale":"uk_UA","og_type":"article","og_title":"Antalya Havaliman\u0131\u2019nda \u00e7al\u0131\u015fanlar i\u015f b\u0131rakt\u0131","og_description":"Antalya Havaliman\u0131 \u015fantiyesinde 3 ayd\u0131r maa\u015f alamad\u0131klar\u0131 i\u00e7in i\u015f b\u0131rakan i\u015f\u00e7ilerin eylemi s\u00fcrerken, i\u015fverenden \u201cMaa\u015flar Per\u015fembe g\u00fcn\u00fc \u00f6denecek\u201d a\u00e7\u0131klamas\u0131 geldi. Duruma tepki g\u00f6steren Umut-Sen Akdeniz \u015eubesi, \u201c\u0130\u015f\u00e7ilerin hakk\u0131 derhal teslim edilsin\u201d a\u00e7\u0131klamas\u0131nda bulundu. Havaliman\u0131 \u015fantiyesinde \u00e7al\u0131\u015fan \u00e7ok say\u0131da in\u015faat i\u015f\u00e7isinin 3 ayd\u0131r maa\u015flar\u0131n\u0131 alamad\u0131klar\u0131 i\u00e7in ba\u015flatt\u0131klar\u0131 i\u015f b\u0131rakma eylemi ikinci g\u00fcn\u00fcnde devam ediyor. Firma ile i\u015f\u00e7iler aras\u0131nda bug\u00fcn yap\u0131lan g\u00f6r\u00fc\u015fmede firman\u0131n Per\u015fembe g\u00fcn\u00fc \u00f6deme yapaca\u011f\u0131 bilgisi verildi\u011fini belirtildi. Ya\u015fanan duruma tepki g\u00f6steren Umut-Sen \u00e7al\u0131\u015fanlar\u0131n maa\u015flar\u0131n\u0131n bir an \u00f6nce \u00f6denmesini istedi. \u0130\u015e\u00c7\u0130LER KARARLI\u2026 Antalya Havaliman\u0131 \u015fantiyesinde 3 ayd\u0131r maa\u015f alamad\u0131klar\u0131 i\u00e7in i\u015f b\u0131rakan i\u015f\u00e7iler eylem ba\u015flatt\u0131. Umut-Sen Akdeniz \u015eubesinden yap\u0131lan a\u00e7\u0131klamada, \u201c\u0130\u015f\u00e7ilere s\u00fcrekli tarih verilerek yat\u0131r\u0131lacak deniyor. Ama ya ge\u00e7 yat\u0131r\u0131l\u0131yor ya da yat\u0131r\u0131lm\u0131yor. \u0130\u015f\u00e7iler &#8216;hep s\u00f6z veriyorsunuz ama s\u00f6z\u00fcn\u00fczde durmuyorsunuz&#8217; dediklerinde, &#8216;i\u015finize geliyorsa \u00e7al\u0131\u015f\u0131n, gelmiyorsa \u00e7\u0131k\u0131p gidin&#8217; deniyor. \u00c7\u0131k\u0131p gitseler de maa\u015flar\u0131 verilmiyor ki. Eylem yapan i\u015f\u00e7iler 3 ayd\u0131r maa\u015flar\u0131n\u0131 alam\u0131yorlar. Bir i\u015f\u00e7i maa\u015f\u0131n\u0131 bir hafta ge\u00e7 ald\u0131\u011f\u0131 i\u00e7in bile \u00e7ok zor durumda kal\u0131yor. B\u00f6yle olunca i\u015f\u00e7iler yeniden eylem yap\u0131yor. \u0130\u015f\u00e7iler maa\u015flar\u0131n\u0131 alana kadar i\u015f b\u0131rakma eylemi s\u00fcrd\u00fcrmeye kararl\u0131lar\u201d denildi. PER\u015eEMBE G\u00dcN\u00dc \u00d6DEYECE\u011e\u0130Z A\u00c7IKLAMASI Konuyla ilgili olarak \u015fantiye i\u015f\u00e7ilerinin maa\u015flar\u0131n\u0131n Per\u015fembe g\u00fcn\u00fc \u00f6denece\u011fine dair i\u015fverenden a\u00e7\u0131klama geldi\u011fine dikkat \u00e7eken Umut-Sen Akdeniz \u015eubesinden a\u00e7\u0131klamalar \u015fu \u015fekilde son buldu: \u201cAntalya Havaliman\u0131 \u015eantiyesinde &hellip;","og_url":"https:\/\/denizcankizil.tr\/uk\/haberler\/gundem\/antalya-havalimaninda-calisanlar-is-birakti\/","og_site_name":"Av. Deniz Can K\u0131z\u0131l","article_published_time":"2025-01-21T08:41:28+00:00","author":"Antalya K\u00f6rfez","twitter_card":"summary_large_image","twitter_misc":{"\u041d\u0430\u043f\u0438\u0441\u0430\u043d\u043e":"Antalya K\u00f6rfez","\u041f\u0440\u0438\u0431\u043b. \u0447\u0430\u0441 \u0447\u0438\u0442\u0430\u043d\u043d\u044f":"3 \u0445\u0432\u0438\u043b\u0438\u043d\u0438"},"schema":{"@context":"https:\/\/schema.org","@graph":[{"@type":"Article","@id":"https:\/\/denizcankizil.tr\/ru\/haberler\/gundem\/antalya-havalimaninda-calisanlar-is-birakti\/#article","isPartOf":{"@id":"https:\/\/denizcankizil.tr\/ru\/haberler\/gundem\/antalya-havalimaninda-calisanlar-is-birakti\/"},"author":{"name":"Antalya K\u00f6rfez","@id":"https:\/\/denizcankizil.tr\/de\/#\/schema\/person\/e1eb71bb4dd684d46563f0af307e1234"},"headline":"Antalya Havaliman\u0131\u2019nda \u00e7al\u0131\u015fanlar i\u015f b\u0131rakt\u0131","datePublished":"2025-01-21T08:41:28+00:00","mainEntityOfPage":{"@id":"https:\/\/denizcankizil.tr\/ru\/haberler\/gundem\/antalya-havalimaninda-calisanlar-is-birakti\/"},"wordCount":694,"commentCount":0,"publisher":{"@id":"https:\/\/denizcankizil.tr\/de\/#organization"},"articleSection":["G\u00fcndem"],"inLanguage":"uk","potentialAction":[{"@type":"CommentAction","name":"Comment","target":["https:\/\/denizcankizil.tr\/ru\/haberler\/gundem\/antalya-havalimaninda-calisanlar-is-birakti\/#respond"]}]},{"@type":"WebPage","@id":"https:\/\/denizcankizil.tr\/ru\/haberler\/gundem\/antalya-havalimaninda-calisanlar-is-birakti\/","url":"https:\/\/denizcankizil.tr\/ru\/haberler\/gundem\/antalya-havalimaninda-calisanlar-is-birakti\/","name":"Antalya Havaliman\u0131\u2019nda \u00e7al\u0131\u015fanlar i\u015f b\u0131rakt\u0131 - Av. Deniz Can K\u0131z\u0131l","isPartOf":{"@id":"https:\/\/denizcankizil.tr\/de\/#website"},"datePublished":"2025-01-21T08:41:28+00:00","breadcrumb":{"@id":"https:\/\/denizcankizil.tr\/ru\/haberler\/gundem\/antalya-havalimaninda-calisanlar-is-birakti\/#breadcrumb"},"inLanguage":"uk","potentialAction":[{"@type":"ReadAction","target":["https:\/\/denizcankizil.tr\/ru\/haberler\/gundem\/antalya-havalimaninda-calisanlar-is-birakti\/"]}]},{"@type":"BreadcrumbList","@id":"https:\/\/denizcankizil.tr\/ru\/haberler\/gundem\/antalya-havalimaninda-calisanlar-is-birakti\/#breadcrumb","itemListElement":[{"@type":"ListItem","position":1,"name":"Home","item":"https:\/\/denizcankizil.tr\/de\/"},{"@type":"ListItem","position":2,"name":"Antalya Havaliman\u0131\u2019nda \u00e7al\u0131\u015fanlar i\u015f b\u0131rakt\u0131"}]},{"@type":"WebSite","@id":"https:\/\/denizcankizil.tr\/de\/#website","url":"https:\/\/denizcankizil.tr\/de\/","name":"Av. Deniz Can K\u0131z\u0131l","description":"Avukat Deniz Can K\u0131z\u0131l Antalya Barosu","publisher":{"@id":"https:\/\/denizcankizil.tr\/de\/#organization"},"potentialAction":[{"@type":"SearchAction","target":{"@type":"EntryPoint","urlTemplate":"https:\/\/denizcankizil.tr\/de\/?s={search_term_string}"},"query-input":{"@type":"PropertyValueSpecification","valueRequired":true,"valueName":"search_term_string"}}],"inLanguage":"uk"},{"@type":"Organization","@id":"https:\/\/denizcankizil.tr\/de\/#organization","name":"Av. Deniz Can K\u0131z\u0131l","url":"https:\/\/denizcankizil.tr\/de\/","logo":{"@type":"ImageObject","inLanguage":"uk","@id":"https:\/\/denizcankizil.tr\/de\/#\/schema\/logo\/image\/","url":"https:\/\/denizcankizil.tr\/wp-content\/uploads\/2024\/10\/siyah-logo-svg.svg","contentUrl":"https:\/\/denizcankizil.tr\/wp-content\/uploads\/2024\/10\/siyah-logo-svg.svg","width":1080,"height":1080,"caption":"Av. Deniz Can K\u0131z\u0131l"},"image":{"@id":"https:\/\/denizcankizil.tr\/de\/#\/schema\/logo\/image\/"}},{"@type":"Person","@id":"https:\/\/denizcankizil.tr\/de\/#\/schema\/person\/e1eb71bb4dd684d46563f0af307e1234","name":"Antalya K\u00f6rfez","image":{"@type":"ImageObject","inLanguage":"uk","@id":"https:\/\/denizcankizil.tr\/de\/#\/schema\/person\/image\/","url":"https:\/\/secure.gravatar.com\/avatar\/42b01982558a48a0b501fdcab6a408d3717ea5919095ee2e67b0e521799c5905?s=96&d=mm&r=g","contentUrl":"https:\/\/secure.gravatar.com\/avatar\/42b01982558a48a0b501fdcab6a408d3717ea5919095ee2e67b0e521799c5905?s=96&d=mm&r=g","caption":"Antalya K\u00f6rfez"},"sameAs":["http:\/\/www.antalyakorfez.com"],"url":"https:\/\/www.antalyakorfez.com\/antalya-havalimaninda-calisanlar-is-birakti"}]}},"_links":{"self":[{"href":"https:\/\/denizcankizil.tr\/uk\/wp-json\/wp\/v2\/posts\/26445","targetHints":{"allow":["GET"]}}],"collection":[{"href":"https:\/\/denizcankizil.tr\/uk\/wp-json\/wp\/v2\/posts"}],"about":[{"href":"https:\/\/denizcankizil.tr\/uk\/wp-json\/wp\/v2\/types\/post"}],"author":[{"embeddable":true,"href":"https:\/\/denizcankizil.tr\/uk\/wp-json\/wp\/v2\/users\/5"}],"replies":[{"embeddable":true,"href":"https:\/\/denizcankizil.tr\/uk\/wp-json\/wp\/v2\/comments?post=26445"}],"version-history":[{"count":0,"href":"https:\/\/denizcankizil.tr\/uk\/wp-json\/wp\/v2\/posts\/26445\/revisions"}],"wp:attachment":[{"href":"https:\/\/denizcankizil.tr\/uk\/wp-json\/wp\/v2\/media?parent=26445"}],"wp:term":[{"taxonomy":"category","embeddable":true,"href":"https:\/\/denizcankizil.tr\/uk\/wp-json\/wp\/v2\/categories?post=26445"},{"taxonomy":"post_tag","embeddable":true,"href":"https:\/\/denizcankizil.tr\/uk\/wp-json\/wp\/v2\/tags?post=26445"}],"curies":[{"name":"wp","href":"https:\/\/api.w.org\/{rel}","templated":true}]}}