{"id":2611,"date":"2024-10-14T21:28:24","date_gmt":"2024-10-14T18:28:24","guid":{"rendered":"https:\/\/denizcankizil.tr\/uncategorized\/kazalarin-adresi-haline-gelen-kavsaga-kasis-isteniyor\/"},"modified":"2024-10-14T21:28:24","modified_gmt":"2024-10-14T18:28:24","slug":"kazalarin-adresi-haline-gelen-kavsaga-kasis-isteniyor","status":"publish","type":"post","link":"https:\/\/denizcankizil.tr\/uk\/haberler\/gundem\/kazalarin-adresi-haline-gelen-kavsaga-kasis-isteniyor\/","title":{"rendered":"Kazalar\u0131n adresi haline gelen kav\u015fa\u011fa kasis isteniyor"},"content":{"rendered":"<p>Edinilen bilgilere g\u00f6re Mustafa Kemal Mahallesi 586 ve 588 birle\u015fimi \u00d6z Yuvam sitesi ile H\u00fcrriyet ilk\u00f6\u011fretimin k\u00f6\u015fesinde ayn\u0131 anda kav\u015fa\u011fa giren otomobil ile motosiklet \u00e7arp\u0131\u015ft\u0131. Kazay\u0131 motosiklet s\u00fcr\u00fcc\u00fcs\u00fc ucuz atlatt\u0131, yaral\u0131 sa\u011fl\u0131k ekiplerinin ilk m\u00fcdahalesi sonras\u0131nda tedavi alt\u0131na al\u0131nmak \u00fczere hastaneye yeti\u015ftirildi. \u00a0<\/p>\n<p>\u00a0Bu arada Ya\u015fanan kaza an\u0131 ise g\u00fcvenlik kameras\u0131na saniye, saniye, yans\u0131rken, mahalleli s\u00fcrekli kazalar\u0131n meydana geldi\u011fi kav\u015fa\u011fa (H\u0131z kesici) kasis yap\u0131lmas\u0131n\u0131 istedi.<\/p>\n<p>\u200bHatay\u2019\u0131n \u0130skenderun il\u00e7esi Mustafa Kemal Mahallesinde kazalar\u0131n adresi haline gelen okul kav\u015fa\u011f\u0131nda bu kez de motosiklet ile otomobilin \u00e7arp\u0131\u015fmas\u0131 sonuncu yaralanmal\u0131, maddi hasarl\u0131 kaza ya\u015fand\u0131.\u00a0<\/p>\n<p>\u200bHaberin Al\u0131nt\u0131land\u0131\u011f\u0131 Kaynak: www.iskenderun.org<\/p>","protected":false},"excerpt":{"rendered":"<p>Edinilen bilgilere g\u00f6re Mustafa Kemal Mahallesi 586 ve 588 birle\u015fimi \u00d6z Yuvam sitesi ile H\u00fcrriyet ilk\u00f6\u011fretimin k\u00f6\u015fesinde ayn\u0131 anda kav\u015fa\u011fa giren otomobil ile motosiklet \u00e7arp\u0131\u015ft\u0131. Kazay\u0131 motosiklet s\u00fcr\u00fcc\u00fcs\u00fc ucuz atlatt\u0131, yaral\u0131 sa\u011fl\u0131k ekiplerinin ilk m\u00fcdahalesi sonras\u0131nda tedavi alt\u0131na al\u0131nmak \u00fczere hastaneye yeti\u015ftirildi. \u00a0 \u00a0Bu arada Ya\u015fanan kaza an\u0131 ise g\u00fcvenlik kameras\u0131na saniye, saniye, yans\u0131rken, mahalleli s\u00fcrekli kazalar\u0131n meydana geldi\u011fi kav\u015fa\u011fa (H\u0131z kesici) kasis yap\u0131lmas\u0131n\u0131 istedi. \u200bHatay\u2019\u0131n \u0130skenderun il\u00e7esi Mustafa Kemal Mahallesinde kazalar\u0131n adresi haline gelen okul kav\u015fa\u011f\u0131nda bu kez de motosiklet ile otomobilin \u00e7arp\u0131\u015fmas\u0131 sonuncu yaralanmal\u0131, maddi hasarl\u0131 kaza ya\u015fand\u0131.\u00a0 \u200bHaberin Al\u0131nt\u0131land\u0131\u011f\u0131 Kaynak: www.iskenderun.org<\/p>","protected":false},"author":0,"featured_media":0,"comment_status":"open","ping_status":"open","sticky":false,"template":"","format":"standard","meta":{"_acf_changed":false,"footnotes":""},"categories":[24],"tags":[],"class_list":["post-2611","post","type-post","status-publish","format-standard","has-post-thumbnail","hentry","category-gundem"],"acf":[],"yoast_head":"<!-- This site is optimized with the Yoast SEO Premium plugin v26.6 (Yoast SEO v27.1.1) - https:\/\/yoast.com\/product\/yoast-seo-premium-wordpress\/ -->\n<title>Kazalar\u0131n adresi haline gelen kav\u015fa\u011fa kasis isteniyor - Av. Deniz Can K\u0131z\u0131l<\/title>\n<meta name=\"robots\" content=\"index, follow, max-snippet:-1, max-image-preview:large, max-video-preview:-1\" \/>\n<link rel=\"canonical\" href=\"https:\/\/denizcankizil.tr\/uk\/haberler\/gundem\/kazalarin-adresi-haline-gelen-kavsaga-kasis-isteniyor\/\" \/>\n<meta property=\"og:locale\" content=\"uk_UA\" \/>\n<meta property=\"og:type\" content=\"article\" \/>\n<meta property=\"og:title\" content=\"Kazalar\u0131n adresi haline gelen kav\u015fa\u011fa kasis isteniyor\" \/>\n<meta property=\"og:description\" content=\"Edinilen bilgilere g\u00f6re Mustafa Kemal Mahallesi 586 ve 588 birle\u015fimi \u00d6z Yuvam sitesi ile H\u00fcrriyet ilk\u00f6\u011fretimin k\u00f6\u015fesinde ayn\u0131 anda kav\u015fa\u011fa giren otomobil ile motosiklet \u00e7arp\u0131\u015ft\u0131. Kazay\u0131 motosiklet s\u00fcr\u00fcc\u00fcs\u00fc ucuz atlatt\u0131, yaral\u0131 sa\u011fl\u0131k ekiplerinin ilk m\u00fcdahalesi sonras\u0131nda tedavi alt\u0131na al\u0131nmak \u00fczere hastaneye yeti\u015ftirildi. \u00a0 \u00a0Bu arada Ya\u015fanan kaza an\u0131 ise g\u00fcvenlik kameras\u0131na saniye, saniye, yans\u0131rken, mahalleli s\u00fcrekli kazalar\u0131n meydana geldi\u011fi kav\u015fa\u011fa (H\u0131z kesici) kasis yap\u0131lmas\u0131n\u0131 istedi. \u200bHatay\u2019\u0131n \u0130skenderun il\u00e7esi Mustafa Kemal Mahallesinde kazalar\u0131n adresi haline gelen okul kav\u015fa\u011f\u0131nda bu kez de motosiklet ile otomobilin \u00e7arp\u0131\u015fmas\u0131 sonuncu yaralanmal\u0131, maddi hasarl\u0131 kaza ya\u015fand\u0131.\u00a0 \u200bHaberin Al\u0131nt\u0131land\u0131\u011f\u0131 Kaynak: www.iskenderun.org\" \/>\n<meta property=\"og:url\" content=\"https:\/\/denizcankizil.tr\/uk\/haberler\/gundem\/kazalarin-adresi-haline-gelen-kavsaga-kasis-isteniyor\/\" \/>\n<meta property=\"og:site_name\" content=\"Av. Deniz Can K\u0131z\u0131l\" \/>\n<meta property=\"article:published_time\" content=\"2024-10-14T18:28:24+00:00\" \/>\n<meta name=\"twitter:card\" content=\"summary_large_image\" \/>\n<meta name=\"twitter:label1\" content=\"\u041f\u0440\u0438\u0431\u043b. \u0447\u0430\u0441 \u0447\u0438\u0442\u0430\u043d\u043d\u044f\" \/>\n\t<meta name=\"twitter:data1\" content=\"1 \u0445\u0432\u0438\u043b\u0438\u043d\u0430\" \/>\n<script type=\"application\/ld+json\" class=\"yoast-schema-graph\">{\"@context\":\"https:\/\/schema.org\",\"@graph\":[{\"@type\":\"Article\",\"@id\":\"https:\/\/denizcankizil.tr\/ru\/haberler\/gundem\/kazalarin-adresi-haline-gelen-kavsaga-kasis-isteniyor\/#article\",\"isPartOf\":{\"@id\":\"https:\/\/denizcankizil.tr\/ru\/haberler\/gundem\/kazalarin-adresi-haline-gelen-kavsaga-kasis-isteniyor\/\"},\"author\":{\"name\":\"\",\"@id\":\"\"},\"headline\":\"Kazalar\u0131n adresi haline gelen kav\u015fa\u011fa kasis isteniyor\",\"datePublished\":\"2024-10-14T18:28:24+00:00\",\"mainEntityOfPage\":{\"@id\":\"https:\/\/denizcankizil.tr\/ru\/haberler\/gundem\/kazalarin-adresi-haline-gelen-kavsaga-kasis-isteniyor\/\"},\"wordCount\":142,\"commentCount\":0,\"publisher\":{\"@id\":\"https:\/\/denizcankizil.tr\/de\/#organization\"},\"articleSection\":[\"G\u00fcndem\"],\"inLanguage\":\"uk\",\"potentialAction\":[{\"@type\":\"CommentAction\",\"name\":\"Comment\",\"target\":[\"https:\/\/denizcankizil.tr\/ru\/haberler\/gundem\/kazalarin-adresi-haline-gelen-kavsaga-kasis-isteniyor\/#respond\"]}]},{\"@type\":\"WebPage\",\"@id\":\"https:\/\/denizcankizil.tr\/ru\/haberler\/gundem\/kazalarin-adresi-haline-gelen-kavsaga-kasis-isteniyor\/\",\"url\":\"https:\/\/denizcankizil.tr\/ru\/haberler\/gundem\/kazalarin-adresi-haline-gelen-kavsaga-kasis-isteniyor\/\",\"name\":\"Kazalar\u0131n adresi haline gelen kav\u015fa\u011fa kasis isteniyor - Av. Deniz Can K\u0131z\u0131l\",\"isPartOf\":{\"@id\":\"https:\/\/denizcankizil.tr\/de\/#website\"},\"datePublished\":\"2024-10-14T18:28:24+00:00\",\"breadcrumb\":{\"@id\":\"https:\/\/denizcankizil.tr\/ru\/haberler\/gundem\/kazalarin-adresi-haline-gelen-kavsaga-kasis-isteniyor\/#breadcrumb\"},\"inLanguage\":\"uk\",\"potentialAction\":[{\"@type\":\"ReadAction\",\"target\":[\"https:\/\/denizcankizil.tr\/ru\/haberler\/gundem\/kazalarin-adresi-haline-gelen-kavsaga-kasis-isteniyor\/\"]}]},{\"@type\":\"BreadcrumbList\",\"@id\":\"https:\/\/denizcankizil.tr\/ru\/haberler\/gundem\/kazalarin-adresi-haline-gelen-kavsaga-kasis-isteniyor\/#breadcrumb\",\"itemListElement\":[{\"@type\":\"ListItem\",\"position\":1,\"name\":\"Home\",\"item\":\"https:\/\/denizcankizil.tr\/de\/\"},{\"@type\":\"ListItem\",\"position\":2,\"name\":\"Kazalar\u0131n adresi haline gelen kav\u015fa\u011fa kasis isteniyor\"}]},{\"@type\":\"WebSite\",\"@id\":\"https:\/\/denizcankizil.tr\/de\/#website\",\"url\":\"https:\/\/denizcankizil.tr\/de\/\",\"name\":\"Av. Deniz Can K\u0131z\u0131l\",\"description\":\"Avukat Deniz Can K\u0131z\u0131l Antalya Barosu\",\"publisher\":{\"@id\":\"https:\/\/denizcankizil.tr\/de\/#organization\"},\"potentialAction\":[{\"@type\":\"SearchAction\",\"target\":{\"@type\":\"EntryPoint\",\"urlTemplate\":\"https:\/\/denizcankizil.tr\/de\/?s={search_term_string}\"},\"query-input\":{\"@type\":\"PropertyValueSpecification\",\"valueRequired\":true,\"valueName\":\"search_term_string\"}}],\"inLanguage\":\"uk\"},{\"@type\":\"Organization\",\"@id\":\"https:\/\/denizcankizil.tr\/de\/#organization\",\"name\":\"Av. Deniz Can K\u0131z\u0131l\",\"url\":\"https:\/\/denizcankizil.tr\/de\/\",\"logo\":{\"@type\":\"ImageObject\",\"inLanguage\":\"uk\",\"@id\":\"https:\/\/denizcankizil.tr\/de\/#\/schema\/logo\/image\/\",\"url\":\"https:\/\/denizcankizil.tr\/wp-content\/uploads\/2024\/10\/siyah-logo-svg.svg\",\"contentUrl\":\"https:\/\/denizcankizil.tr\/wp-content\/uploads\/2024\/10\/siyah-logo-svg.svg\",\"width\":1080,\"height\":1080,\"caption\":\"Av. Deniz Can K\u0131z\u0131l\"},\"image\":{\"@id\":\"https:\/\/denizcankizil.tr\/de\/#\/schema\/logo\/image\/\"}}]}<\/script>\n<!-- \/ Yoast SEO Premium plugin. -->","yoast_head_json":{"title":"Kazalar\u0131n adresi haline gelen kav\u015fa\u011fa kasis isteniyor - Av. Deniz Can K\u0131z\u0131l","robots":{"index":"index","follow":"follow","max-snippet":"max-snippet:-1","max-image-preview":"max-image-preview:large","max-video-preview":"max-video-preview:-1"},"canonical":"https:\/\/denizcankizil.tr\/uk\/haberler\/gundem\/kazalarin-adresi-haline-gelen-kavsaga-kasis-isteniyor\/","og_locale":"uk_UA","og_type":"article","og_title":"Kazalar\u0131n adresi haline gelen kav\u015fa\u011fa kasis isteniyor","og_description":"Edinilen bilgilere g\u00f6re Mustafa Kemal Mahallesi 586 ve 588 birle\u015fimi \u00d6z Yuvam sitesi ile H\u00fcrriyet ilk\u00f6\u011fretimin k\u00f6\u015fesinde ayn\u0131 anda kav\u015fa\u011fa giren otomobil ile motosiklet \u00e7arp\u0131\u015ft\u0131. Kazay\u0131 motosiklet s\u00fcr\u00fcc\u00fcs\u00fc ucuz atlatt\u0131, yaral\u0131 sa\u011fl\u0131k ekiplerinin ilk m\u00fcdahalesi sonras\u0131nda tedavi alt\u0131na al\u0131nmak \u00fczere hastaneye yeti\u015ftirildi. \u00a0 \u00a0Bu arada Ya\u015fanan kaza an\u0131 ise g\u00fcvenlik kameras\u0131na saniye, saniye, yans\u0131rken, mahalleli s\u00fcrekli kazalar\u0131n meydana geldi\u011fi kav\u015fa\u011fa (H\u0131z kesici) kasis yap\u0131lmas\u0131n\u0131 istedi. \u200bHatay\u2019\u0131n \u0130skenderun il\u00e7esi Mustafa Kemal Mahallesinde kazalar\u0131n adresi haline gelen okul kav\u015fa\u011f\u0131nda bu kez de motosiklet ile otomobilin \u00e7arp\u0131\u015fmas\u0131 sonuncu yaralanmal\u0131, maddi hasarl\u0131 kaza ya\u015fand\u0131.\u00a0 \u200bHaberin Al\u0131nt\u0131land\u0131\u011f\u0131 Kaynak: www.iskenderun.org","og_url":"https:\/\/denizcankizil.tr\/uk\/haberler\/gundem\/kazalarin-adresi-haline-gelen-kavsaga-kasis-isteniyor\/","og_site_name":"Av. Deniz Can K\u0131z\u0131l","article_published_time":"2024-10-14T18:28:24+00:00","twitter_card":"summary_large_image","twitter_misc":{"\u041f\u0440\u0438\u0431\u043b. \u0447\u0430\u0441 \u0447\u0438\u0442\u0430\u043d\u043d\u044f":"1 \u0445\u0432\u0438\u043b\u0438\u043d\u0430"},"schema":{"@context":"https:\/\/schema.org","@graph":[{"@type":"Article","@id":"https:\/\/denizcankizil.tr\/ru\/haberler\/gundem\/kazalarin-adresi-haline-gelen-kavsaga-kasis-isteniyor\/#article","isPartOf":{"@id":"https:\/\/denizcankizil.tr\/ru\/haberler\/gundem\/kazalarin-adresi-haline-gelen-kavsaga-kasis-isteniyor\/"},"author":{"name":"","@id":""},"headline":"Kazalar\u0131n adresi haline gelen kav\u015fa\u011fa kasis isteniyor","datePublished":"2024-10-14T18:28:24+00:00","mainEntityOfPage":{"@id":"https:\/\/denizcankizil.tr\/ru\/haberler\/gundem\/kazalarin-adresi-haline-gelen-kavsaga-kasis-isteniyor\/"},"wordCount":142,"commentCount":0,"publisher":{"@id":"https:\/\/denizcankizil.tr\/de\/#organization"},"articleSection":["G\u00fcndem"],"inLanguage":"uk","potentialAction":[{"@type":"CommentAction","name":"Comment","target":["https:\/\/denizcankizil.tr\/ru\/haberler\/gundem\/kazalarin-adresi-haline-gelen-kavsaga-kasis-isteniyor\/#respond"]}]},{"@type":"WebPage","@id":"https:\/\/denizcankizil.tr\/ru\/haberler\/gundem\/kazalarin-adresi-haline-gelen-kavsaga-kasis-isteniyor\/","url":"https:\/\/denizcankizil.tr\/ru\/haberler\/gundem\/kazalarin-adresi-haline-gelen-kavsaga-kasis-isteniyor\/","name":"Kazalar\u0131n adresi haline gelen kav\u015fa\u011fa kasis isteniyor - Av. Deniz Can K\u0131z\u0131l","isPartOf":{"@id":"https:\/\/denizcankizil.tr\/de\/#website"},"datePublished":"2024-10-14T18:28:24+00:00","breadcrumb":{"@id":"https:\/\/denizcankizil.tr\/ru\/haberler\/gundem\/kazalarin-adresi-haline-gelen-kavsaga-kasis-isteniyor\/#breadcrumb"},"inLanguage":"uk","potentialAction":[{"@type":"ReadAction","target":["https:\/\/denizcankizil.tr\/ru\/haberler\/gundem\/kazalarin-adresi-haline-gelen-kavsaga-kasis-isteniyor\/"]}]},{"@type":"BreadcrumbList","@id":"https:\/\/denizcankizil.tr\/ru\/haberler\/gundem\/kazalarin-adresi-haline-gelen-kavsaga-kasis-isteniyor\/#breadcrumb","itemListElement":[{"@type":"ListItem","position":1,"name":"Home","item":"https:\/\/denizcankizil.tr\/de\/"},{"@type":"ListItem","position":2,"name":"Kazalar\u0131n adresi haline gelen kav\u015fa\u011fa kasis isteniyor"}]},{"@type":"WebSite","@id":"https:\/\/denizcankizil.tr\/de\/#website","url":"https:\/\/denizcankizil.tr\/de\/","name":"Av. Deniz Can K\u0131z\u0131l","description":"Avukat Deniz Can K\u0131z\u0131l Antalya Barosu","publisher":{"@id":"https:\/\/denizcankizil.tr\/de\/#organization"},"potentialAction":[{"@type":"SearchAction","target":{"@type":"EntryPoint","urlTemplate":"https:\/\/denizcankizil.tr\/de\/?s={search_term_string}"},"query-input":{"@type":"PropertyValueSpecification","valueRequired":true,"valueName":"search_term_string"}}],"inLanguage":"uk"},{"@type":"Organization","@id":"https:\/\/denizcankizil.tr\/de\/#organization","name":"Av. Deniz Can K\u0131z\u0131l","url":"https:\/\/denizcankizil.tr\/de\/","logo":{"@type":"ImageObject","inLanguage":"uk","@id":"https:\/\/denizcankizil.tr\/de\/#\/schema\/logo\/image\/","url":"https:\/\/denizcankizil.tr\/wp-content\/uploads\/2024\/10\/siyah-logo-svg.svg","contentUrl":"https:\/\/denizcankizil.tr\/wp-content\/uploads\/2024\/10\/siyah-logo-svg.svg","width":1080,"height":1080,"caption":"Av. Deniz Can K\u0131z\u0131l"},"image":{"@id":"https:\/\/denizcankizil.tr\/de\/#\/schema\/logo\/image\/"}}]}},"_links":{"self":[{"href":"https:\/\/denizcankizil.tr\/uk\/wp-json\/wp\/v2\/posts\/2611","targetHints":{"allow":["GET"]}}],"collection":[{"href":"https:\/\/denizcankizil.tr\/uk\/wp-json\/wp\/v2\/posts"}],"about":[{"href":"https:\/\/denizcankizil.tr\/uk\/wp-json\/wp\/v2\/types\/post"}],"replies":[{"embeddable":true,"href":"https:\/\/denizcankizil.tr\/uk\/wp-json\/wp\/v2\/comments?post=2611"}],"version-history":[{"count":0,"href":"https:\/\/denizcankizil.tr\/uk\/wp-json\/wp\/v2\/posts\/2611\/revisions"}],"wp:attachment":[{"href":"https:\/\/denizcankizil.tr\/uk\/wp-json\/wp\/v2\/media?parent=2611"}],"wp:term":[{"taxonomy":"category","embeddable":true,"href":"https:\/\/denizcankizil.tr\/uk\/wp-json\/wp\/v2\/categories?post=2611"},{"taxonomy":"post_tag","embeddable":true,"href":"https:\/\/denizcankizil.tr\/uk\/wp-json\/wp\/v2\/tags?post=2611"}],"curies":[{"name":"wp","href":"https:\/\/api.w.org\/{rel}","templated":true}]}}