{"id":25973,"date":"2025-01-18T10:41:46","date_gmt":"2025-01-18T07:41:46","guid":{"rendered":"https:\/\/denizcankizil.tr\/uncategorized-tr\/kaza-yapan-cocuga-battaniye-orttuler\/"},"modified":"2025-01-18T10:41:46","modified_gmt":"2025-01-18T07:41:46","slug":"kaza-yapan-cocuga-battaniye-orttuler","status":"publish","type":"post","link":"https:\/\/denizcankizil.tr\/uk\/haberler\/antalya\/kaza-yapan-cocuga-battaniye-orttuler\/","title":{"rendered":"Kaza yapan \u00e7ocu\u011fa battaniye \u00f6rtt\u00fcler"},"content":{"rendered":"<p>Kaza, Manavgat&#8217;\u0131n Yukar\u0131 Hisar Mahallesi Hastane Caddesi&#8217;nde meydana geldi. Edinilen bilgiye g\u00f6re, yapay \u015felale istikametine seyir halindeki 13 ya\u015f\u0131ndaki Efe D.&#8217;in kulland\u0131\u011f\u0131 elektrikli bisiklet, k\u0131rm\u0131z\u0131 \u0131\u015f\u0131kta beklemekte olan Mehmet C.&#8217;\u0131n kulland\u0131\u011f\u0131 07 ATH 066 plakal\u0131 Audi marka otomobile arkadan \u00e7arpt\u0131. \u00c7arpman\u0131n \u015fiddetiyle par\u00e7alar\u0131 etrafa sa\u00e7\u0131lan elektrikli bisiklet s\u00fcr\u00fcc\u00fcs\u00fc Efe D. yaraland\u0131.<\/p>\n<p>\u00dc\u015f\u00fcmesin diye \u00fczerini \u00f6rtt\u00fcler<br \/>\nYerde yatan k\u00fc\u00e7\u00fck \u00e7ocu\u011fun yard\u0131m\u0131na yol kenar\u0131nda bulunan esnaflar ko\u015ftu. Bir esnaf i\u015fyerinden getirdi\u011fi \u00f6rt\u00fcy\u00fc k\u00fc\u00e7\u00fck \u00e7ocu\u011fun \u00fczerine \u00f6rterek \u00fc\u015f\u00fcmesini \u00f6nlerken yan\u0131ndan bir an bile ayr\u0131lmad\u0131. Yaral\u0131 \u00e7ocuk 112 sa\u011fl\u0131k ekibinin olay yerindeki m\u00fcdahalesin ard\u0131ndan ambulansla hastaneye kald\u0131r\u0131ld\u0131. Motorlu bisikletin arkadan \u00e7arpt\u0131\u011f\u0131 otomobil s\u00fcr\u00fcc\u00fcs\u00fc bir an neye u\u011frad\u0131\u011f\u0131n\u0131 \u015fa\u015f\u0131rd\u0131\u011f\u0131n\u0131, yukar\u0131dan yola bir madde d\u00fc\u015ft\u00fc\u011f\u00fcn\u00fc sand\u0131\u011f\u0131n\u0131 s\u00f6yledi.<\/p>\n<p>Kaynak: www.kanalv.com.tr Haber Sitesinden Al\u0131nm\u0131\u015ft\u0131r.<\/p>","protected":false},"excerpt":{"rendered":"<p>Kaza, Manavgat&#8217;\u0131n Yukar\u0131 Hisar Mahallesi Hastane Caddesi&#8217;nde meydana geldi. Edinilen bilgiye g\u00f6re, yapay \u015felale istikametine seyir halindeki 13 ya\u015f\u0131ndaki Efe D.&#8217;in kulland\u0131\u011f\u0131 elektrikli bisiklet, k\u0131rm\u0131z\u0131 \u0131\u015f\u0131kta beklemekte olan Mehmet C.&#8217;\u0131n kulland\u0131\u011f\u0131 07 ATH 066 plakal\u0131 Audi marka otomobile arkadan \u00e7arpt\u0131. \u00c7arpman\u0131n \u015fiddetiyle par\u00e7alar\u0131 etrafa sa\u00e7\u0131lan elektrikli bisiklet s\u00fcr\u00fcc\u00fcs\u00fc Efe D. yaraland\u0131. \u00dc\u015f\u00fcmesin diye \u00fczerini \u00f6rtt\u00fcler Yerde yatan k\u00fc\u00e7\u00fck \u00e7ocu\u011fun yard\u0131m\u0131na yol kenar\u0131nda bulunan esnaflar ko\u015ftu. Bir esnaf i\u015fyerinden getirdi\u011fi \u00f6rt\u00fcy\u00fc k\u00fc\u00e7\u00fck \u00e7ocu\u011fun \u00fczerine \u00f6rterek \u00fc\u015f\u00fcmesini \u00f6nlerken yan\u0131ndan bir an bile ayr\u0131lmad\u0131. Yaral\u0131 \u00e7ocuk 112 sa\u011fl\u0131k ekibinin olay yerindeki m\u00fcdahalesin ard\u0131ndan ambulansla hastaneye kald\u0131r\u0131ld\u0131. Motorlu bisikletin arkadan \u00e7arpt\u0131\u011f\u0131 otomobil s\u00fcr\u00fcc\u00fcs\u00fc bir an neye u\u011frad\u0131\u011f\u0131n\u0131 \u015fa\u015f\u0131rd\u0131\u011f\u0131n\u0131, yukar\u0131dan yola bir madde d\u00fc\u015ft\u00fc\u011f\u00fcn\u00fc sand\u0131\u011f\u0131n\u0131 s\u00f6yledi. Kaynak: www.kanalv.com.tr Haber Sitesinden Al\u0131nm\u0131\u015ft\u0131r.<\/p>","protected":false},"author":4,"featured_media":25974,"comment_status":"open","ping_status":"open","sticky":false,"template":"","format":"standard","meta":{"_acf_changed":false,"footnotes":""},"categories":[26],"tags":[],"class_list":["post-25973","post","type-post","status-publish","format-standard","has-post-thumbnail","hentry","category-antalya"],"acf":[],"yoast_head":"<!-- This site is optimized with the Yoast SEO Premium plugin v26.6 (Yoast SEO v27.1.1) - https:\/\/yoast.com\/product\/yoast-seo-premium-wordpress\/ -->\n<title>Kaza yapan \u00e7ocu\u011fa battaniye \u00f6rtt\u00fcler - Av. Deniz Can K\u0131z\u0131l<\/title>\n<meta name=\"robots\" content=\"index, follow, max-snippet:-1, max-image-preview:large, max-video-preview:-1\" \/>\n<link rel=\"canonical\" href=\"http:\/\/denizcankizil.tr\/uk\/haberler\/antalya\/kaza-yapan-cocuga-battaniye-orttuler\/\" \/>\n<meta property=\"og:locale\" content=\"uk_UA\" \/>\n<meta property=\"og:type\" content=\"article\" \/>\n<meta property=\"og:title\" content=\"Kaza yapan \u00e7ocu\u011fa battaniye \u00f6rtt\u00fcler\" \/>\n<meta property=\"og:description\" content=\"Kaza, Manavgat&#8217;\u0131n Yukar\u0131 Hisar Mahallesi Hastane Caddesi&#8217;nde meydana geldi. Edinilen bilgiye g\u00f6re, yapay \u015felale istikametine seyir halindeki 13 ya\u015f\u0131ndaki Efe D.&#8217;in kulland\u0131\u011f\u0131 elektrikli bisiklet, k\u0131rm\u0131z\u0131 \u0131\u015f\u0131kta beklemekte olan Mehmet C.&#8217;\u0131n kulland\u0131\u011f\u0131 07 ATH 066 plakal\u0131 Audi marka otomobile arkadan \u00e7arpt\u0131. \u00c7arpman\u0131n \u015fiddetiyle par\u00e7alar\u0131 etrafa sa\u00e7\u0131lan elektrikli bisiklet s\u00fcr\u00fcc\u00fcs\u00fc Efe D. yaraland\u0131. \u00dc\u015f\u00fcmesin diye \u00fczerini \u00f6rtt\u00fcler Yerde yatan k\u00fc\u00e7\u00fck \u00e7ocu\u011fun yard\u0131m\u0131na yol kenar\u0131nda bulunan esnaflar ko\u015ftu. Bir esnaf i\u015fyerinden getirdi\u011fi \u00f6rt\u00fcy\u00fc k\u00fc\u00e7\u00fck \u00e7ocu\u011fun \u00fczerine \u00f6rterek \u00fc\u015f\u00fcmesini \u00f6nlerken yan\u0131ndan bir an bile ayr\u0131lmad\u0131. Yaral\u0131 \u00e7ocuk 112 sa\u011fl\u0131k ekibinin olay yerindeki m\u00fcdahalesin ard\u0131ndan ambulansla hastaneye kald\u0131r\u0131ld\u0131. Motorlu bisikletin arkadan \u00e7arpt\u0131\u011f\u0131 otomobil s\u00fcr\u00fcc\u00fcs\u00fc bir an neye u\u011frad\u0131\u011f\u0131n\u0131 \u015fa\u015f\u0131rd\u0131\u011f\u0131n\u0131, yukar\u0131dan yola bir madde d\u00fc\u015ft\u00fc\u011f\u00fcn\u00fc sand\u0131\u011f\u0131n\u0131 s\u00f6yledi. Kaynak: www.kanalv.com.tr Haber Sitesinden Al\u0131nm\u0131\u015ft\u0131r.\" \/>\n<meta property=\"og:url\" content=\"http:\/\/denizcankizil.tr\/uk\/haberler\/antalya\/kaza-yapan-cocuga-battaniye-orttuler\/\" \/>\n<meta property=\"og:site_name\" content=\"Av. Deniz Can K\u0131z\u0131l\" \/>\n<meta property=\"article:published_time\" content=\"2025-01-18T07:41:46+00:00\" \/>\n<meta property=\"og:image\" content=\"http:\/\/denizcankizil.tr\/wp-content\/uploads\/2025\/01\/4213-01-oQnrLU.jpeg\" \/>\n\t<meta property=\"og:image:width\" content=\"1280\" \/>\n\t<meta property=\"og:image:height\" content=\"720\" \/>\n\t<meta property=\"og:image:type\" content=\"image\/jpeg\" \/>\n<meta name=\"author\" content=\"Av. Deniz Can K\u0131z\u0131l\" \/>\n<meta name=\"twitter:card\" content=\"summary_large_image\" \/>\n<meta name=\"twitter:label1\" content=\"\u041d\u0430\u043f\u0438\u0441\u0430\u043d\u043e\" \/>\n\t<meta name=\"twitter:data1\" content=\"Av. Deniz Can K\u0131z\u0131l\" \/>\n\t<meta name=\"twitter:label2\" content=\"\u041f\u0440\u0438\u0431\u043b. \u0447\u0430\u0441 \u0447\u0438\u0442\u0430\u043d\u043d\u044f\" \/>\n\t<meta name=\"twitter:data2\" content=\"1 \u0445\u0432\u0438\u043b\u0438\u043d\u0430\" \/>\n<script type=\"application\/ld+json\" class=\"yoast-schema-graph\">{\"@context\":\"https:\/\/schema.org\",\"@graph\":[{\"@type\":\"Article\",\"@id\":\"http:\/\/denizcankizil.tr\/ru\/haberler\/antalya\/kaza-yapan-cocuga-battaniye-orttuler\/#article\",\"isPartOf\":{\"@id\":\"http:\/\/denizcankizil.tr\/ru\/haberler\/antalya\/kaza-yapan-cocuga-battaniye-orttuler\/\"},\"author\":{\"name\":\"Av. Deniz Can K\u0131z\u0131l\",\"@id\":\"https:\/\/denizcankizil.tr\/#\/schema\/person\/5dc1b22991bd7ac833867c10afc9b0ff\"},\"headline\":\"Kaza yapan \u00e7ocu\u011fa battaniye \u00f6rtt\u00fcler\",\"datePublished\":\"2025-01-18T07:41:46+00:00\",\"mainEntityOfPage\":{\"@id\":\"http:\/\/denizcankizil.tr\/ru\/haberler\/antalya\/kaza-yapan-cocuga-battaniye-orttuler\/\"},\"wordCount\":171,\"commentCount\":0,\"publisher\":{\"@id\":\"https:\/\/denizcankizil.tr\/#organization\"},\"image\":{\"@id\":\"http:\/\/denizcankizil.tr\/ru\/haberler\/antalya\/kaza-yapan-cocuga-battaniye-orttuler\/#primaryimage\"},\"thumbnailUrl\":\"https:\/\/denizcankizil.tr\/wp-content\/uploads\/2025\/01\/4213-01-oQnrLU.jpeg\",\"articleSection\":[\"Antalya\"],\"inLanguage\":\"uk\",\"potentialAction\":[{\"@type\":\"CommentAction\",\"name\":\"Comment\",\"target\":[\"http:\/\/denizcankizil.tr\/ru\/haberler\/antalya\/kaza-yapan-cocuga-battaniye-orttuler\/#respond\"]}]},{\"@type\":\"WebPage\",\"@id\":\"http:\/\/denizcankizil.tr\/ru\/haberler\/antalya\/kaza-yapan-cocuga-battaniye-orttuler\/\",\"url\":\"http:\/\/denizcankizil.tr\/ru\/haberler\/antalya\/kaza-yapan-cocuga-battaniye-orttuler\/\",\"name\":\"Kaza yapan \u00e7ocu\u011fa battaniye \u00f6rtt\u00fcler - Av. Deniz Can K\u0131z\u0131l\",\"isPartOf\":{\"@id\":\"https:\/\/denizcankizil.tr\/#website\"},\"primaryImageOfPage\":{\"@id\":\"http:\/\/denizcankizil.tr\/ru\/haberler\/antalya\/kaza-yapan-cocuga-battaniye-orttuler\/#primaryimage\"},\"image\":{\"@id\":\"http:\/\/denizcankizil.tr\/ru\/haberler\/antalya\/kaza-yapan-cocuga-battaniye-orttuler\/#primaryimage\"},\"thumbnailUrl\":\"https:\/\/denizcankizil.tr\/wp-content\/uploads\/2025\/01\/4213-01-oQnrLU.jpeg\",\"datePublished\":\"2025-01-18T07:41:46+00:00\",\"breadcrumb\":{\"@id\":\"http:\/\/denizcankizil.tr\/ru\/haberler\/antalya\/kaza-yapan-cocuga-battaniye-orttuler\/#breadcrumb\"},\"inLanguage\":\"uk\",\"potentialAction\":[{\"@type\":\"ReadAction\",\"target\":[\"http:\/\/denizcankizil.tr\/ru\/haberler\/antalya\/kaza-yapan-cocuga-battaniye-orttuler\/\"]}]},{\"@type\":\"ImageObject\",\"inLanguage\":\"uk\",\"@id\":\"http:\/\/denizcankizil.tr\/ru\/haberler\/antalya\/kaza-yapan-cocuga-battaniye-orttuler\/#primaryimage\",\"url\":\"https:\/\/denizcankizil.tr\/wp-content\/uploads\/2025\/01\/4213-01-oQnrLU.jpeg\",\"contentUrl\":\"https:\/\/denizcankizil.tr\/wp-content\/uploads\/2025\/01\/4213-01-oQnrLU.jpeg\",\"width\":1280,\"height\":720},{\"@type\":\"BreadcrumbList\",\"@id\":\"http:\/\/denizcankizil.tr\/ru\/haberler\/antalya\/kaza-yapan-cocuga-battaniye-orttuler\/#breadcrumb\",\"itemListElement\":[{\"@type\":\"ListItem\",\"position\":1,\"name\":\"Home\",\"item\":\"https:\/\/denizcankizil.tr\/de\/\"},{\"@type\":\"ListItem\",\"position\":2,\"name\":\"Kaza yapan \u00e7ocu\u011fa battaniye \u00f6rtt\u00fcler\"}]},{\"@type\":\"WebSite\",\"@id\":\"https:\/\/denizcankizil.tr\/#website\",\"url\":\"https:\/\/denizcankizil.tr\/\",\"name\":\"Av. Deniz Can K\u0131z\u0131l\",\"description\":\"Avukat Deniz Can K\u0131z\u0131l Antalya Barosu\",\"publisher\":{\"@id\":\"https:\/\/denizcankizil.tr\/#organization\"},\"potentialAction\":[{\"@type\":\"SearchAction\",\"target\":{\"@type\":\"EntryPoint\",\"urlTemplate\":\"https:\/\/denizcankizil.tr\/?s={search_term_string}\"},\"query-input\":{\"@type\":\"PropertyValueSpecification\",\"valueRequired\":true,\"valueName\":\"search_term_string\"}}],\"inLanguage\":\"uk\"},{\"@type\":\"Organization\",\"@id\":\"https:\/\/denizcankizil.tr\/#organization\",\"name\":\"Av. Deniz Can K\u0131z\u0131l\",\"url\":\"https:\/\/denizcankizil.tr\/\",\"logo\":{\"@type\":\"ImageObject\",\"inLanguage\":\"uk\",\"@id\":\"https:\/\/denizcankizil.tr\/#\/schema\/logo\/image\/\",\"url\":\"https:\/\/denizcankizil.tr\/wp-content\/uploads\/2024\/10\/siyah-logo-svg.svg\",\"contentUrl\":\"https:\/\/denizcankizil.tr\/wp-content\/uploads\/2024\/10\/siyah-logo-svg.svg\",\"width\":1080,\"height\":1080,\"caption\":\"Av. Deniz Can K\u0131z\u0131l\"},\"image\":{\"@id\":\"https:\/\/denizcankizil.tr\/#\/schema\/logo\/image\/\"}},{\"@type\":\"Person\",\"@id\":\"https:\/\/denizcankizil.tr\/#\/schema\/person\/5dc1b22991bd7ac833867c10afc9b0ff\",\"name\":\"Av. Deniz Can K\u0131z\u0131l\",\"image\":{\"@type\":\"ImageObject\",\"inLanguage\":\"uk\",\"@id\":\"https:\/\/denizcankizil.tr\/#\/schema\/person\/image\/\",\"url\":\"https:\/\/secure.gravatar.com\/avatar\/a0b128fb9855c79efc976d5640eedb31dc35ec297594d6016d2cf7c60e975bb6?s=96&d=mm&r=g\",\"contentUrl\":\"https:\/\/secure.gravatar.com\/avatar\/a0b128fb9855c79efc976d5640eedb31dc35ec297594d6016d2cf7c60e975bb6?s=96&d=mm&r=g\",\"caption\":\"Av. Deniz Can K\u0131z\u0131l\"},\"sameAs\":[\"http:\/\/www.denizcankizil.tr\"],\"url\":\"https:\/\/denizcankizil.tr\/uk\/author\/denizcankizil\/\"}]}<\/script>\n<!-- \/ Yoast SEO Premium plugin. -->","yoast_head_json":{"title":"Kaza yapan \u00e7ocu\u011fa battaniye \u00f6rtt\u00fcler - Av. Deniz Can K\u0131z\u0131l","robots":{"index":"index","follow":"follow","max-snippet":"max-snippet:-1","max-image-preview":"max-image-preview:large","max-video-preview":"max-video-preview:-1"},"canonical":"http:\/\/denizcankizil.tr\/uk\/haberler\/antalya\/kaza-yapan-cocuga-battaniye-orttuler\/","og_locale":"uk_UA","og_type":"article","og_title":"Kaza yapan \u00e7ocu\u011fa battaniye \u00f6rtt\u00fcler","og_description":"Kaza, Manavgat&#8217;\u0131n Yukar\u0131 Hisar Mahallesi Hastane Caddesi&#8217;nde meydana geldi. Edinilen bilgiye g\u00f6re, yapay \u015felale istikametine seyir halindeki 13 ya\u015f\u0131ndaki Efe D.&#8217;in kulland\u0131\u011f\u0131 elektrikli bisiklet, k\u0131rm\u0131z\u0131 \u0131\u015f\u0131kta beklemekte olan Mehmet C.&#8217;\u0131n kulland\u0131\u011f\u0131 07 ATH 066 plakal\u0131 Audi marka otomobile arkadan \u00e7arpt\u0131. \u00c7arpman\u0131n \u015fiddetiyle par\u00e7alar\u0131 etrafa sa\u00e7\u0131lan elektrikli bisiklet s\u00fcr\u00fcc\u00fcs\u00fc Efe D. yaraland\u0131. \u00dc\u015f\u00fcmesin diye \u00fczerini \u00f6rtt\u00fcler Yerde yatan k\u00fc\u00e7\u00fck \u00e7ocu\u011fun yard\u0131m\u0131na yol kenar\u0131nda bulunan esnaflar ko\u015ftu. Bir esnaf i\u015fyerinden getirdi\u011fi \u00f6rt\u00fcy\u00fc k\u00fc\u00e7\u00fck \u00e7ocu\u011fun \u00fczerine \u00f6rterek \u00fc\u015f\u00fcmesini \u00f6nlerken yan\u0131ndan bir an bile ayr\u0131lmad\u0131. Yaral\u0131 \u00e7ocuk 112 sa\u011fl\u0131k ekibinin olay yerindeki m\u00fcdahalesin ard\u0131ndan ambulansla hastaneye kald\u0131r\u0131ld\u0131. Motorlu bisikletin arkadan \u00e7arpt\u0131\u011f\u0131 otomobil s\u00fcr\u00fcc\u00fcs\u00fc bir an neye u\u011frad\u0131\u011f\u0131n\u0131 \u015fa\u015f\u0131rd\u0131\u011f\u0131n\u0131, yukar\u0131dan yola bir madde d\u00fc\u015ft\u00fc\u011f\u00fcn\u00fc sand\u0131\u011f\u0131n\u0131 s\u00f6yledi. Kaynak: www.kanalv.com.tr Haber Sitesinden Al\u0131nm\u0131\u015ft\u0131r.","og_url":"http:\/\/denizcankizil.tr\/uk\/haberler\/antalya\/kaza-yapan-cocuga-battaniye-orttuler\/","og_site_name":"Av. Deniz Can K\u0131z\u0131l","article_published_time":"2025-01-18T07:41:46+00:00","og_image":[{"width":1280,"height":720,"url":"http:\/\/denizcankizil.tr\/wp-content\/uploads\/2025\/01\/4213-01-oQnrLU.jpeg","type":"image\/jpeg"}],"author":"Av. Deniz Can K\u0131z\u0131l","twitter_card":"summary_large_image","twitter_misc":{"\u041d\u0430\u043f\u0438\u0441\u0430\u043d\u043e":"Av. Deniz Can K\u0131z\u0131l","\u041f\u0440\u0438\u0431\u043b. \u0447\u0430\u0441 \u0447\u0438\u0442\u0430\u043d\u043d\u044f":"1 \u0445\u0432\u0438\u043b\u0438\u043d\u0430"},"schema":{"@context":"https:\/\/schema.org","@graph":[{"@type":"Article","@id":"http:\/\/denizcankizil.tr\/ru\/haberler\/antalya\/kaza-yapan-cocuga-battaniye-orttuler\/#article","isPartOf":{"@id":"http:\/\/denizcankizil.tr\/ru\/haberler\/antalya\/kaza-yapan-cocuga-battaniye-orttuler\/"},"author":{"name":"Av. Deniz Can K\u0131z\u0131l","@id":"https:\/\/denizcankizil.tr\/#\/schema\/person\/5dc1b22991bd7ac833867c10afc9b0ff"},"headline":"Kaza yapan \u00e7ocu\u011fa battaniye \u00f6rtt\u00fcler","datePublished":"2025-01-18T07:41:46+00:00","mainEntityOfPage":{"@id":"http:\/\/denizcankizil.tr\/ru\/haberler\/antalya\/kaza-yapan-cocuga-battaniye-orttuler\/"},"wordCount":171,"commentCount":0,"publisher":{"@id":"https:\/\/denizcankizil.tr\/#organization"},"image":{"@id":"http:\/\/denizcankizil.tr\/ru\/haberler\/antalya\/kaza-yapan-cocuga-battaniye-orttuler\/#primaryimage"},"thumbnailUrl":"https:\/\/denizcankizil.tr\/wp-content\/uploads\/2025\/01\/4213-01-oQnrLU.jpeg","articleSection":["Antalya"],"inLanguage":"uk","potentialAction":[{"@type":"CommentAction","name":"Comment","target":["http:\/\/denizcankizil.tr\/ru\/haberler\/antalya\/kaza-yapan-cocuga-battaniye-orttuler\/#respond"]}]},{"@type":"WebPage","@id":"http:\/\/denizcankizil.tr\/ru\/haberler\/antalya\/kaza-yapan-cocuga-battaniye-orttuler\/","url":"http:\/\/denizcankizil.tr\/ru\/haberler\/antalya\/kaza-yapan-cocuga-battaniye-orttuler\/","name":"Kaza yapan \u00e7ocu\u011fa battaniye \u00f6rtt\u00fcler - Av. Deniz Can K\u0131z\u0131l","isPartOf":{"@id":"https:\/\/denizcankizil.tr\/#website"},"primaryImageOfPage":{"@id":"http:\/\/denizcankizil.tr\/ru\/haberler\/antalya\/kaza-yapan-cocuga-battaniye-orttuler\/#primaryimage"},"image":{"@id":"http:\/\/denizcankizil.tr\/ru\/haberler\/antalya\/kaza-yapan-cocuga-battaniye-orttuler\/#primaryimage"},"thumbnailUrl":"https:\/\/denizcankizil.tr\/wp-content\/uploads\/2025\/01\/4213-01-oQnrLU.jpeg","datePublished":"2025-01-18T07:41:46+00:00","breadcrumb":{"@id":"http:\/\/denizcankizil.tr\/ru\/haberler\/antalya\/kaza-yapan-cocuga-battaniye-orttuler\/#breadcrumb"},"inLanguage":"uk","potentialAction":[{"@type":"ReadAction","target":["http:\/\/denizcankizil.tr\/ru\/haberler\/antalya\/kaza-yapan-cocuga-battaniye-orttuler\/"]}]},{"@type":"ImageObject","inLanguage":"uk","@id":"http:\/\/denizcankizil.tr\/ru\/haberler\/antalya\/kaza-yapan-cocuga-battaniye-orttuler\/#primaryimage","url":"https:\/\/denizcankizil.tr\/wp-content\/uploads\/2025\/01\/4213-01-oQnrLU.jpeg","contentUrl":"https:\/\/denizcankizil.tr\/wp-content\/uploads\/2025\/01\/4213-01-oQnrLU.jpeg","width":1280,"height":720},{"@type":"BreadcrumbList","@id":"http:\/\/denizcankizil.tr\/ru\/haberler\/antalya\/kaza-yapan-cocuga-battaniye-orttuler\/#breadcrumb","itemListElement":[{"@type":"ListItem","position":1,"name":"Home","item":"https:\/\/denizcankizil.tr\/de\/"},{"@type":"ListItem","position":2,"name":"Kaza yapan \u00e7ocu\u011fa battaniye \u00f6rtt\u00fcler"}]},{"@type":"WebSite","@id":"https:\/\/denizcankizil.tr\/#website","url":"https:\/\/denizcankizil.tr\/","name":"Av. Deniz Can K\u0131z\u0131l","description":"Avukat Deniz Can K\u0131z\u0131l Antalya Barosu","publisher":{"@id":"https:\/\/denizcankizil.tr\/#organization"},"potentialAction":[{"@type":"SearchAction","target":{"@type":"EntryPoint","urlTemplate":"https:\/\/denizcankizil.tr\/?s={search_term_string}"},"query-input":{"@type":"PropertyValueSpecification","valueRequired":true,"valueName":"search_term_string"}}],"inLanguage":"uk"},{"@type":"Organization","@id":"https:\/\/denizcankizil.tr\/#organization","name":"Av. Deniz Can K\u0131z\u0131l","url":"https:\/\/denizcankizil.tr\/","logo":{"@type":"ImageObject","inLanguage":"uk","@id":"https:\/\/denizcankizil.tr\/#\/schema\/logo\/image\/","url":"https:\/\/denizcankizil.tr\/wp-content\/uploads\/2024\/10\/siyah-logo-svg.svg","contentUrl":"https:\/\/denizcankizil.tr\/wp-content\/uploads\/2024\/10\/siyah-logo-svg.svg","width":1080,"height":1080,"caption":"Av. Deniz Can K\u0131z\u0131l"},"image":{"@id":"https:\/\/denizcankizil.tr\/#\/schema\/logo\/image\/"}},{"@type":"Person","@id":"https:\/\/denizcankizil.tr\/#\/schema\/person\/5dc1b22991bd7ac833867c10afc9b0ff","name":"Av. Deniz Can K\u0131z\u0131l","image":{"@type":"ImageObject","inLanguage":"uk","@id":"https:\/\/denizcankizil.tr\/#\/schema\/person\/image\/","url":"https:\/\/secure.gravatar.com\/avatar\/a0b128fb9855c79efc976d5640eedb31dc35ec297594d6016d2cf7c60e975bb6?s=96&d=mm&r=g","contentUrl":"https:\/\/secure.gravatar.com\/avatar\/a0b128fb9855c79efc976d5640eedb31dc35ec297594d6016d2cf7c60e975bb6?s=96&d=mm&r=g","caption":"Av. Deniz Can K\u0131z\u0131l"},"sameAs":["http:\/\/www.denizcankizil.tr"],"url":"https:\/\/denizcankizil.tr\/uk\/author\/denizcankizil\/"}]}},"_links":{"self":[{"href":"https:\/\/denizcankizil.tr\/uk\/wp-json\/wp\/v2\/posts\/25973","targetHints":{"allow":["GET"]}}],"collection":[{"href":"https:\/\/denizcankizil.tr\/uk\/wp-json\/wp\/v2\/posts"}],"about":[{"href":"https:\/\/denizcankizil.tr\/uk\/wp-json\/wp\/v2\/types\/post"}],"author":[{"embeddable":true,"href":"https:\/\/denizcankizil.tr\/uk\/wp-json\/wp\/v2\/users\/4"}],"replies":[{"embeddable":true,"href":"https:\/\/denizcankizil.tr\/uk\/wp-json\/wp\/v2\/comments?post=25973"}],"version-history":[{"count":0,"href":"https:\/\/denizcankizil.tr\/uk\/wp-json\/wp\/v2\/posts\/25973\/revisions"}],"wp:featuredmedia":[{"embeddable":true,"href":"https:\/\/denizcankizil.tr\/uk\/wp-json\/wp\/v2\/media\/25974"}],"wp:attachment":[{"href":"https:\/\/denizcankizil.tr\/uk\/wp-json\/wp\/v2\/media?parent=25973"}],"wp:term":[{"taxonomy":"category","embeddable":true,"href":"https:\/\/denizcankizil.tr\/uk\/wp-json\/wp\/v2\/categories?post=25973"},{"taxonomy":"post_tag","embeddable":true,"href":"https:\/\/denizcankizil.tr\/uk\/wp-json\/wp\/v2\/tags?post=25973"}],"curies":[{"name":"wp","href":"https:\/\/api.w.org\/{rel}","templated":true}]}}