{"id":25919,"date":"2025-01-17T22:41:33","date_gmt":"2025-01-17T19:41:33","guid":{"rendered":"https:\/\/denizcankizil.tr\/uncategorized-tr\/bakan-kurum-istanbullulara-seslendi-talep-sizden-yarisi-bizden\/"},"modified":"2025-01-17T22:41:33","modified_gmt":"2025-01-17T19:41:33","slug":"bakan-kurum-istanbullulara-seslendi-talep-sizden-yarisi-bizden","status":"publish","type":"post","link":"https:\/\/denizcankizil.tr\/uk\/haberler\/gundem\/bakan-kurum-istanbullulara-seslendi-talep-sizden-yarisi-bizden\/","title":{"rendered":"Bakan Kurum \u0130stanbullulara seslendi: Talep sizden yar\u0131s\u0131 bizden"},"content":{"rendered":"<p>\u00c7evre, \u015eehircilik ve \u0130klim De\u011fi\u015fikli\u011fi Bakan\u0131 Murat Kurum, \u0130stanbul\u2019da b\u00fcy\u00fck d\u00f6n\u00fc\u015f\u00fcm\u00fc sa\u011flayacak &#8216;Yar\u0131s\u0131 Bizden&#8217; kampanyas\u0131na ili\u015fkin sosyal medya hesab\u0131ndan payla\u015f\u0131mda bulundu.ANKARA (\u0130GFA) &#8211; \u0130stanbul&#8217;da b\u00fcy\u00fck d\u00f6n\u00fc\u015f\u00fcm\u00fc saylayacak &#8216;Yar\u0131s\u0131 Bizden&#8217; deste\u011fi ile yeni yap\u0131lar h\u0131zla y\u00fckseliyor.<br \/>\n\u00c7evre, \u015eehircilik ve \u0130klim De\u011fi\u015fikli\u011fi Bakan\u0131 Murat Kurum, kampanyaya ili\u015fkin sosyal medya hesab\u0131 \u00fczerinden payla\u015f\u0131mda bulundu. \u201cBu kampanya bize ila\u00e7 gibi yeti\u015fti\u201d diyen vatanda\u015f\u0131n s\u00f6z\u00fcn\u00fc al\u0131nt\u0131layan Bakan Kurum, \u201c\u0130stanbul\u2019da vatanda\u015flar\u0131m\u0131z diren\u00e7siz binalarda endi\u015fe i\u00e7inde de\u011fil, Yar\u0131s\u0131 Bizden Kampanyam\u0131z sayesinde g\u00fcvenli evlerde huzurla ya\u015fas\u0131n istiyoruz. D\u00f6n\u00fc\u015f\u00fcme girmeyen ev kalmas\u0131n diye #TalepSizdenYar\u0131s\u0131Bizden\u201d dedi.<br \/>\n\u201cBU KAMPANYA B\u0130ZE \u0130LA\u00c7 G\u0130B\u0130 YET\u0130\u015eT\u0130\u201d<br \/>\nBakan Kurum, hesab\u0131nda kampanya deste\u011finden faydalanan Y\u00fcz\u00fcg\u00fcler ailesinin g\u00f6r\u00fcnt\u00fclerini de payla\u015ft\u0131.<br \/>\n\u201cDevletimiz bana \u00e7ocuklar\u0131m\u0131n gelece\u011fini verdi.\u201dHibe ve kredi deste\u011fimizden faydalanarak evini kentsel d\u00f6n\u00fc\u015f\u00fcme teslim eden Emine Han\u0131m g\u00fcvenli, sa\u011flam yuvas\u0131na kavu\u015ftu.Siz de evinizi yenilemek istiyorsan\u0131z#TalepSizdenYar\u0131s\u0131Bizden@kdbgovtr pic.twitter.com\/reqqiISXEZ\u2014 Murat KURUM (@murat_kurum) January 17, 2025<br \/>\nD\u00f6n\u00fc\u015f\u00fcm s\u00fcrecinden duydu\u011fu memnuniyeti dile getiren Fikret Y\u00fcz\u00fcg\u00fcler, 6 \u015eubat depremlerinin kendileri i\u00e7in milat oldu\u011funu belirterek, &#8220;G\u00fcvenli bir yerde oturmak \u00e7ok \u00f6nemli. Bu kampanya tam anlam\u0131yla bize ila\u00e7 gibi yeti\u015fti\u201d diye konu\u015ftu. Kampanyan\u0131n \u00f6deme \u015fartlar\u0131n\u0131n da \u00e7ok iyi oldu\u011funu belirten Y\u00fcz\u00fcg\u00fcler, \u201cDevletimiz 2 sene boyunca \u00f6deme almayaca\u011f\u0131n\u0131, binam\u0131z bittikten sonra 1 y\u0131l da faizsiz \u00f6deme yapaca\u011f\u0131m\u0131z\u0131 s\u00f6yl\u00fcyor. \u0130nsanlar korkmas\u0131n. Bizim \u015fu an konu\u015ftu\u011fumuz bir siyaset de\u011fil, ger\u00e7ek. O ger\u00e7ek de bizim evimiz, bizim binam\u0131z. Bizim imdad\u0131m\u0131za yeti\u015fti\u201d g\u00f6r\u00fc\u015flerine yer verdi.<\/p>\n<p>\u200b\u00c7evre, \u015eehircilik ve \u0130klim De\u011fi\u015fikli\u011fi Bakan\u0131 Murat Kurum, \u0130stanbul\u2019da b\u00fcy\u00fck d\u00f6n\u00fc\u015f\u00fcm\u00fc sa\u011flayacak &#8216;Yar\u0131s\u0131 Bizden&#8217; kampanyas\u0131na ili\u015fkin sosyal medya hesab\u0131ndan payla\u015f\u0131mda bulundu.ANKARA (\u0130GFA) &#8211; \u0130stanbul&#8217;da b\u00fcy\u00fck d\u00f6n\u00fc\u015f\u00fcm\u00fc saylayacak &#8216;Yar\u0131s\u0131 Bizden&#8217; deste\u011fi ile yeni yap\u0131lar h\u0131zla y\u00fckseliyor.<br \/>\n\u00c7evre, \u015eehircilik ve \u0130klim De\u011fi\u015fikli\u011fi Bakan\u0131 Murat Kurum, kampanyaya ili\u015fkin sosyal medya hesab\u0131 \u00fczerinden payla\u015f\u0131mda bulundu. \u201cBu kampanya bize ila\u00e7 gibi yeti\u015fti\u201d diyen vatanda\u015f\u0131n s\u00f6z\u00fcn\u00fc al\u0131nt\u0131layan Bakan Kurum, \u201c\u0130stanbul\u2019da vatanda\u015flar\u0131m\u0131z diren\u00e7siz binalarda endi\u015fe i\u00e7inde de\u011fil, Yar\u0131s\u0131 Bizden Kampanyam\u0131z sayesinde g\u00fcvenli evlerde huzurla ya\u015fas\u0131n istiyoruz. D\u00f6n\u00fc\u015f\u00fcme girmeyen ev kalmas\u0131n diye #TalepSizdenYar\u0131s\u0131Bizden\u201d dedi.<br \/>\n\u201cBU KAMPANYA B\u0130ZE \u0130LA\u00c7 G\u0130B\u0130 YET\u0130\u015eT\u0130\u201d<br \/>\nBakan Kurum, hesab\u0131nda kampanya deste\u011finden faydalanan Y\u00fcz\u00fcg\u00fcler ailesinin g\u00f6r\u00fcnt\u00fclerini de payla\u015ft\u0131.<br \/>\n\u201cDevletimiz bana \u00e7ocuklar\u0131m\u0131n gelece\u011fini verdi.\u201dHibe ve kredi deste\u011fimizden faydalanarak evini kentsel d\u00f6n\u00fc\u015f\u00fcme teslim eden Emine Han\u0131m g\u00fcvenli, sa\u011flam yuvas\u0131na kavu\u015ftu.Siz de evinizi yenilemek istiyorsan\u0131z#TalepSizdenYar\u0131s\u0131Bizden@kdbgovtr pic.twitter.com\/reqqiISXEZ\u2014 Murat KURUM (@murat_kurum) January 17, 2025<br \/>\nD\u00f6n\u00fc\u015f\u00fcm s\u00fcrecinden duydu\u011fu memnuniyeti dile getiren Fikret Y\u00fcz\u00fcg\u00fcler, 6 \u015eubat depremlerinin kendileri i\u00e7in milat oldu\u011funu belirterek, &#8220;G\u00fcvenli bir yerde oturmak \u00e7ok \u00f6nemli. Bu kampanya tam anlam\u0131yla bize ila\u00e7 gibi yeti\u015fti\u201d diye konu\u015ftu. Kampanyan\u0131n \u00f6deme \u015fartlar\u0131n\u0131n da \u00e7ok iyi oldu\u011funu belirten Y\u00fcz\u00fcg\u00fcler, \u201cDevletimiz 2 sene boyunca \u00f6deme almayaca\u011f\u0131n\u0131, binam\u0131z bittikten sonra 1 y\u0131l da faizsiz \u00f6deme yapaca\u011f\u0131m\u0131z\u0131 s\u00f6yl\u00fcyor. \u0130nsanlar korkmas\u0131n. Bizim \u015fu an konu\u015ftu\u011fumuz bir siyaset de\u011fil, ger\u00e7ek. O ger\u00e7ek de bizim evimiz, bizim binam\u0131z. Bizim imdad\u0131m\u0131za yeti\u015fti\u201d g\u00f6r\u00fc\u015flerine yer verdi.\u00a0<\/p>\n<p>\u200bHaberin Al\u0131nt\u0131land\u0131\u011f\u0131 Kaynak: www.iskenderun.org<\/p>","protected":false},"excerpt":{"rendered":"<p>\u00c7evre, \u015eehircilik ve \u0130klim De\u011fi\u015fikli\u011fi Bakan\u0131 Murat Kurum, \u0130stanbul\u2019da b\u00fcy\u00fck d\u00f6n\u00fc\u015f\u00fcm\u00fc sa\u011flayacak &#8216;Yar\u0131s\u0131 Bizden&#8217; kampanyas\u0131na ili\u015fkin sosyal medya hesab\u0131ndan payla\u015f\u0131mda bulundu.ANKARA (\u0130GFA) &#8211; \u0130stanbul&#8217;da b\u00fcy\u00fck d\u00f6n\u00fc\u015f\u00fcm\u00fc saylayacak &#8216;Yar\u0131s\u0131 Bizden&#8217; deste\u011fi ile yeni yap\u0131lar h\u0131zla y\u00fckseliyor. \u00c7evre, \u015eehircilik ve \u0130klim De\u011fi\u015fikli\u011fi Bakan\u0131 Murat Kurum, kampanyaya ili\u015fkin sosyal medya hesab\u0131 \u00fczerinden payla\u015f\u0131mda bulundu. \u201cBu kampanya bize ila\u00e7 gibi yeti\u015fti\u201d diyen vatanda\u015f\u0131n s\u00f6z\u00fcn\u00fc al\u0131nt\u0131layan Bakan Kurum, \u201c\u0130stanbul\u2019da vatanda\u015flar\u0131m\u0131z diren\u00e7siz binalarda endi\u015fe i\u00e7inde de\u011fil, Yar\u0131s\u0131 Bizden Kampanyam\u0131z sayesinde g\u00fcvenli evlerde huzurla ya\u015fas\u0131n istiyoruz. D\u00f6n\u00fc\u015f\u00fcme girmeyen ev kalmas\u0131n diye #TalepSizdenYar\u0131s\u0131Bizden\u201d dedi. \u201cBU KAMPANYA B\u0130ZE \u0130LA\u00c7 G\u0130B\u0130 YET\u0130\u015eT\u0130\u201d Bakan Kurum, hesab\u0131nda kampanya deste\u011finden faydalanan Y\u00fcz\u00fcg\u00fcler ailesinin g\u00f6r\u00fcnt\u00fclerini de payla\u015ft\u0131. \u201cDevletimiz bana \u00e7ocuklar\u0131m\u0131n gelece\u011fini verdi.\u201dHibe ve kredi deste\u011fimizden faydalanarak evini kentsel d\u00f6n\u00fc\u015f\u00fcme teslim eden Emine Han\u0131m g\u00fcvenli, sa\u011flam yuvas\u0131na kavu\u015ftu.Siz de evinizi yenilemek istiyorsan\u0131z#TalepSizdenYar\u0131s\u0131Bizden@kdbgovtr pic.twitter.com\/reqqiISXEZ\u2014 Murat KURUM (@murat_kurum) January 17, 2025 D\u00f6n\u00fc\u015f\u00fcm s\u00fcrecinden duydu\u011fu memnuniyeti dile getiren Fikret Y\u00fcz\u00fcg\u00fcler, 6 \u015eubat depremlerinin kendileri i\u00e7in milat oldu\u011funu belirterek, &#8220;G\u00fcvenli bir yerde oturmak \u00e7ok \u00f6nemli. Bu kampanya tam anlam\u0131yla bize ila\u00e7 gibi yeti\u015fti\u201d diye konu\u015ftu. Kampanyan\u0131n \u00f6deme \u015fartlar\u0131n\u0131n da \u00e7ok iyi oldu\u011funu belirten Y\u00fcz\u00fcg\u00fcler, \u201cDevletimiz 2 sene boyunca \u00f6deme almayaca\u011f\u0131n\u0131, binam\u0131z bittikten sonra 1 y\u0131l da faizsiz \u00f6deme yapaca\u011f\u0131m\u0131z\u0131 s\u00f6yl\u00fcyor. \u0130nsanlar korkmas\u0131n. Bizim \u015fu an konu\u015ftu\u011fumuz bir siyaset de\u011fil, &hellip;<\/p>","protected":false},"author":1,"featured_media":0,"comment_status":"open","ping_status":"open","sticky":false,"template":"","format":"standard","meta":{"_acf_changed":false,"footnotes":""},"categories":[24],"tags":[],"class_list":["post-25919","post","type-post","status-publish","format-standard","has-post-thumbnail","hentry","category-gundem"],"acf":[],"yoast_head":"<!-- This site is optimized with the Yoast SEO Premium plugin v26.6 (Yoast SEO v27.1.1) - https:\/\/yoast.com\/product\/yoast-seo-premium-wordpress\/ -->\n<title>Bakan Kurum \u0130stanbullulara seslendi: Talep sizden yar\u0131s\u0131 bizden - Av. Deniz Can K\u0131z\u0131l<\/title>\n<meta name=\"robots\" content=\"index, follow, max-snippet:-1, max-image-preview:large, max-video-preview:-1\" \/>\n<link rel=\"canonical\" href=\"http:\/\/denizcankizil.tr\/uk\/haberler\/gundem\/bakan-kurum-istanbullulara-seslendi-talep-sizden-yarisi-bizden\/\" \/>\n<meta property=\"og:locale\" content=\"uk_UA\" \/>\n<meta property=\"og:type\" content=\"article\" \/>\n<meta property=\"og:title\" content=\"Bakan Kurum \u0130stanbullulara seslendi: Talep sizden yar\u0131s\u0131 bizden\" \/>\n<meta property=\"og:description\" content=\"\u00c7evre, \u015eehircilik ve \u0130klim De\u011fi\u015fikli\u011fi Bakan\u0131 Murat Kurum, \u0130stanbul\u2019da b\u00fcy\u00fck d\u00f6n\u00fc\u015f\u00fcm\u00fc sa\u011flayacak &#8216;Yar\u0131s\u0131 Bizden&#8217; kampanyas\u0131na ili\u015fkin sosyal medya hesab\u0131ndan payla\u015f\u0131mda bulundu.ANKARA (\u0130GFA) &#8211; \u0130stanbul&#8217;da b\u00fcy\u00fck d\u00f6n\u00fc\u015f\u00fcm\u00fc saylayacak &#8216;Yar\u0131s\u0131 Bizden&#8217; deste\u011fi ile yeni yap\u0131lar h\u0131zla y\u00fckseliyor. \u00c7evre, \u015eehircilik ve \u0130klim De\u011fi\u015fikli\u011fi Bakan\u0131 Murat Kurum, kampanyaya ili\u015fkin sosyal medya hesab\u0131 \u00fczerinden payla\u015f\u0131mda bulundu. \u201cBu kampanya bize ila\u00e7 gibi yeti\u015fti\u201d diyen vatanda\u015f\u0131n s\u00f6z\u00fcn\u00fc al\u0131nt\u0131layan Bakan Kurum, \u201c\u0130stanbul\u2019da vatanda\u015flar\u0131m\u0131z diren\u00e7siz binalarda endi\u015fe i\u00e7inde de\u011fil, Yar\u0131s\u0131 Bizden Kampanyam\u0131z sayesinde g\u00fcvenli evlerde huzurla ya\u015fas\u0131n istiyoruz. D\u00f6n\u00fc\u015f\u00fcme girmeyen ev kalmas\u0131n diye #TalepSizdenYar\u0131s\u0131Bizden\u201d dedi. \u201cBU KAMPANYA B\u0130ZE \u0130LA\u00c7 G\u0130B\u0130 YET\u0130\u015eT\u0130\u201d Bakan Kurum, hesab\u0131nda kampanya deste\u011finden faydalanan Y\u00fcz\u00fcg\u00fcler ailesinin g\u00f6r\u00fcnt\u00fclerini de payla\u015ft\u0131. \u201cDevletimiz bana \u00e7ocuklar\u0131m\u0131n gelece\u011fini verdi.\u201dHibe ve kredi deste\u011fimizden faydalanarak evini kentsel d\u00f6n\u00fc\u015f\u00fcme teslim eden Emine Han\u0131m g\u00fcvenli, sa\u011flam yuvas\u0131na kavu\u015ftu.Siz de evinizi yenilemek istiyorsan\u0131z#TalepSizdenYar\u0131s\u0131Bizden@kdbgovtr pic.twitter.com\/reqqiISXEZ\u2014 Murat KURUM (@murat_kurum) January 17, 2025 D\u00f6n\u00fc\u015f\u00fcm s\u00fcrecinden duydu\u011fu memnuniyeti dile getiren Fikret Y\u00fcz\u00fcg\u00fcler, 6 \u015eubat depremlerinin kendileri i\u00e7in milat oldu\u011funu belirterek, &#8220;G\u00fcvenli bir yerde oturmak \u00e7ok \u00f6nemli. Bu kampanya tam anlam\u0131yla bize ila\u00e7 gibi yeti\u015fti\u201d diye konu\u015ftu. Kampanyan\u0131n \u00f6deme \u015fartlar\u0131n\u0131n da \u00e7ok iyi oldu\u011funu belirten Y\u00fcz\u00fcg\u00fcler, \u201cDevletimiz 2 sene boyunca \u00f6deme almayaca\u011f\u0131n\u0131, binam\u0131z bittikten sonra 1 y\u0131l da faizsiz \u00f6deme yapaca\u011f\u0131m\u0131z\u0131 s\u00f6yl\u00fcyor. \u0130nsanlar korkmas\u0131n. Bizim \u015fu an konu\u015ftu\u011fumuz bir siyaset de\u011fil, &hellip;\" \/>\n<meta property=\"og:url\" content=\"http:\/\/denizcankizil.tr\/uk\/haberler\/gundem\/bakan-kurum-istanbullulara-seslendi-talep-sizden-yarisi-bizden\/\" \/>\n<meta property=\"og:site_name\" content=\"Av. Deniz Can K\u0131z\u0131l\" \/>\n<meta property=\"article:published_time\" content=\"2025-01-17T19:41:33+00:00\" \/>\n<meta name=\"author\" content=\"admin\" \/>\n<meta name=\"twitter:card\" content=\"summary_large_image\" \/>\n<meta name=\"twitter:label1\" content=\"\u041d\u0430\u043f\u0438\u0441\u0430\u043d\u043e\" \/>\n\t<meta name=\"twitter:data1\" content=\"admin\" \/>\n\t<meta name=\"twitter:label2\" content=\"\u041f\u0440\u0438\u0431\u043b. \u0447\u0430\u0441 \u0447\u0438\u0442\u0430\u043d\u043d\u044f\" \/>\n\t<meta name=\"twitter:data2\" content=\"3 \u0445\u0432\u0438\u043b\u0438\u043d\u0438\" \/>\n<script type=\"application\/ld+json\" class=\"yoast-schema-graph\">{\"@context\":\"https:\/\/schema.org\",\"@graph\":[{\"@type\":\"Article\",\"@id\":\"http:\/\/denizcankizil.tr\/ru\/haberler\/gundem\/bakan-kurum-istanbullulara-seslendi-talep-sizden-yarisi-bizden\/#article\",\"isPartOf\":{\"@id\":\"http:\/\/denizcankizil.tr\/ru\/haberler\/gundem\/bakan-kurum-istanbullulara-seslendi-talep-sizden-yarisi-bizden\/\"},\"author\":{\"name\":\"admin\",\"@id\":\"https:\/\/denizcankizil.tr\/de\/#\/schema\/person\/be3c05fe6a12686905512445d8185489\"},\"headline\":\"Bakan Kurum \u0130stanbullulara seslendi: Talep sizden yar\u0131s\u0131 bizden\",\"datePublished\":\"2025-01-17T19:41:33+00:00\",\"mainEntityOfPage\":{\"@id\":\"http:\/\/denizcankizil.tr\/ru\/haberler\/gundem\/bakan-kurum-istanbullulara-seslendi-talep-sizden-yarisi-bizden\/\"},\"wordCount\":689,\"commentCount\":0,\"publisher\":{\"@id\":\"https:\/\/denizcankizil.tr\/de\/#organization\"},\"articleSection\":[\"G\u00fcndem\"],\"inLanguage\":\"uk\",\"potentialAction\":[{\"@type\":\"CommentAction\",\"name\":\"Comment\",\"target\":[\"http:\/\/denizcankizil.tr\/ru\/haberler\/gundem\/bakan-kurum-istanbullulara-seslendi-talep-sizden-yarisi-bizden\/#respond\"]}]},{\"@type\":\"WebPage\",\"@id\":\"http:\/\/denizcankizil.tr\/ru\/haberler\/gundem\/bakan-kurum-istanbullulara-seslendi-talep-sizden-yarisi-bizden\/\",\"url\":\"http:\/\/denizcankizil.tr\/ru\/haberler\/gundem\/bakan-kurum-istanbullulara-seslendi-talep-sizden-yarisi-bizden\/\",\"name\":\"Bakan Kurum \u0130stanbullulara seslendi: Talep sizden yar\u0131s\u0131 bizden - Av. Deniz Can K\u0131z\u0131l\",\"isPartOf\":{\"@id\":\"https:\/\/denizcankizil.tr\/de\/#website\"},\"datePublished\":\"2025-01-17T19:41:33+00:00\",\"breadcrumb\":{\"@id\":\"http:\/\/denizcankizil.tr\/ru\/haberler\/gundem\/bakan-kurum-istanbullulara-seslendi-talep-sizden-yarisi-bizden\/#breadcrumb\"},\"inLanguage\":\"uk\",\"potentialAction\":[{\"@type\":\"ReadAction\",\"target\":[\"http:\/\/denizcankizil.tr\/ru\/haberler\/gundem\/bakan-kurum-istanbullulara-seslendi-talep-sizden-yarisi-bizden\/\"]}]},{\"@type\":\"BreadcrumbList\",\"@id\":\"http:\/\/denizcankizil.tr\/ru\/haberler\/gundem\/bakan-kurum-istanbullulara-seslendi-talep-sizden-yarisi-bizden\/#breadcrumb\",\"itemListElement\":[{\"@type\":\"ListItem\",\"position\":1,\"name\":\"Home\",\"item\":\"https:\/\/denizcankizil.tr\/de\/\"},{\"@type\":\"ListItem\",\"position\":2,\"name\":\"Bakan Kurum \u0130stanbullulara seslendi: Talep sizden yar\u0131s\u0131 bizden\"}]},{\"@type\":\"WebSite\",\"@id\":\"https:\/\/denizcankizil.tr\/de\/#website\",\"url\":\"https:\/\/denizcankizil.tr\/de\/\",\"name\":\"Av. Deniz Can K\u0131z\u0131l\",\"description\":\"Avukat Deniz Can K\u0131z\u0131l Antalya Barosu\",\"publisher\":{\"@id\":\"https:\/\/denizcankizil.tr\/de\/#organization\"},\"potentialAction\":[{\"@type\":\"SearchAction\",\"target\":{\"@type\":\"EntryPoint\",\"urlTemplate\":\"https:\/\/denizcankizil.tr\/de\/?s={search_term_string}\"},\"query-input\":{\"@type\":\"PropertyValueSpecification\",\"valueRequired\":true,\"valueName\":\"search_term_string\"}}],\"inLanguage\":\"uk\"},{\"@type\":\"Organization\",\"@id\":\"https:\/\/denizcankizil.tr\/de\/#organization\",\"name\":\"Av. Deniz Can K\u0131z\u0131l\",\"url\":\"https:\/\/denizcankizil.tr\/de\/\",\"logo\":{\"@type\":\"ImageObject\",\"inLanguage\":\"uk\",\"@id\":\"https:\/\/denizcankizil.tr\/de\/#\/schema\/logo\/image\/\",\"url\":\"https:\/\/denizcankizil.tr\/wp-content\/uploads\/2024\/10\/siyah-logo-svg.svg\",\"contentUrl\":\"https:\/\/denizcankizil.tr\/wp-content\/uploads\/2024\/10\/siyah-logo-svg.svg\",\"width\":1080,\"height\":1080,\"caption\":\"Av. Deniz Can K\u0131z\u0131l\"},\"image\":{\"@id\":\"https:\/\/denizcankizil.tr\/de\/#\/schema\/logo\/image\/\"}},{\"@type\":\"Person\",\"@id\":\"https:\/\/denizcankizil.tr\/de\/#\/schema\/person\/be3c05fe6a12686905512445d8185489\",\"name\":\"admin\",\"image\":{\"@type\":\"ImageObject\",\"inLanguage\":\"uk\",\"@id\":\"https:\/\/denizcankizil.tr\/de\/#\/schema\/person\/image\/\",\"url\":\"https:\/\/secure.gravatar.com\/avatar\/c1fce94c830dc79107e174f890d7210541c4a63e8e5d816341794a2151c9d58c?s=96&d=mm&r=g\",\"contentUrl\":\"https:\/\/secure.gravatar.com\/avatar\/c1fce94c830dc79107e174f890d7210541c4a63e8e5d816341794a2151c9d58c?s=96&d=mm&r=g\",\"caption\":\"admin\"},\"sameAs\":[\"http:\/\/denizcankizil.tr\"],\"url\":\"https:\/\/www.iskenderun.org\/bakan-kurum-istanbullulara-seslendi-talep-sizden-yarisi-bizden\"}]}<\/script>\n<!-- \/ Yoast SEO Premium plugin. -->","yoast_head_json":{"title":"Bakan Kurum \u0130stanbullulara seslendi: Talep sizden yar\u0131s\u0131 bizden - Av. Deniz Can K\u0131z\u0131l","robots":{"index":"index","follow":"follow","max-snippet":"max-snippet:-1","max-image-preview":"max-image-preview:large","max-video-preview":"max-video-preview:-1"},"canonical":"http:\/\/denizcankizil.tr\/uk\/haberler\/gundem\/bakan-kurum-istanbullulara-seslendi-talep-sizden-yarisi-bizden\/","og_locale":"uk_UA","og_type":"article","og_title":"Bakan Kurum \u0130stanbullulara seslendi: Talep sizden yar\u0131s\u0131 bizden","og_description":"\u00c7evre, \u015eehircilik ve \u0130klim De\u011fi\u015fikli\u011fi Bakan\u0131 Murat Kurum, \u0130stanbul\u2019da b\u00fcy\u00fck d\u00f6n\u00fc\u015f\u00fcm\u00fc sa\u011flayacak &#8216;Yar\u0131s\u0131 Bizden&#8217; kampanyas\u0131na ili\u015fkin sosyal medya hesab\u0131ndan payla\u015f\u0131mda bulundu.ANKARA (\u0130GFA) &#8211; \u0130stanbul&#8217;da b\u00fcy\u00fck d\u00f6n\u00fc\u015f\u00fcm\u00fc saylayacak &#8216;Yar\u0131s\u0131 Bizden&#8217; deste\u011fi ile yeni yap\u0131lar h\u0131zla y\u00fckseliyor. \u00c7evre, \u015eehircilik ve \u0130klim De\u011fi\u015fikli\u011fi Bakan\u0131 Murat Kurum, kampanyaya ili\u015fkin sosyal medya hesab\u0131 \u00fczerinden payla\u015f\u0131mda bulundu. \u201cBu kampanya bize ila\u00e7 gibi yeti\u015fti\u201d diyen vatanda\u015f\u0131n s\u00f6z\u00fcn\u00fc al\u0131nt\u0131layan Bakan Kurum, \u201c\u0130stanbul\u2019da vatanda\u015flar\u0131m\u0131z diren\u00e7siz binalarda endi\u015fe i\u00e7inde de\u011fil, Yar\u0131s\u0131 Bizden Kampanyam\u0131z sayesinde g\u00fcvenli evlerde huzurla ya\u015fas\u0131n istiyoruz. D\u00f6n\u00fc\u015f\u00fcme girmeyen ev kalmas\u0131n diye #TalepSizdenYar\u0131s\u0131Bizden\u201d dedi. \u201cBU KAMPANYA B\u0130ZE \u0130LA\u00c7 G\u0130B\u0130 YET\u0130\u015eT\u0130\u201d Bakan Kurum, hesab\u0131nda kampanya deste\u011finden faydalanan Y\u00fcz\u00fcg\u00fcler ailesinin g\u00f6r\u00fcnt\u00fclerini de payla\u015ft\u0131. \u201cDevletimiz bana \u00e7ocuklar\u0131m\u0131n gelece\u011fini verdi.\u201dHibe ve kredi deste\u011fimizden faydalanarak evini kentsel d\u00f6n\u00fc\u015f\u00fcme teslim eden Emine Han\u0131m g\u00fcvenli, sa\u011flam yuvas\u0131na kavu\u015ftu.Siz de evinizi yenilemek istiyorsan\u0131z#TalepSizdenYar\u0131s\u0131Bizden@kdbgovtr pic.twitter.com\/reqqiISXEZ\u2014 Murat KURUM (@murat_kurum) January 17, 2025 D\u00f6n\u00fc\u015f\u00fcm s\u00fcrecinden duydu\u011fu memnuniyeti dile getiren Fikret Y\u00fcz\u00fcg\u00fcler, 6 \u015eubat depremlerinin kendileri i\u00e7in milat oldu\u011funu belirterek, &#8220;G\u00fcvenli bir yerde oturmak \u00e7ok \u00f6nemli. Bu kampanya tam anlam\u0131yla bize ila\u00e7 gibi yeti\u015fti\u201d diye konu\u015ftu. Kampanyan\u0131n \u00f6deme \u015fartlar\u0131n\u0131n da \u00e7ok iyi oldu\u011funu belirten Y\u00fcz\u00fcg\u00fcler, \u201cDevletimiz 2 sene boyunca \u00f6deme almayaca\u011f\u0131n\u0131, binam\u0131z bittikten sonra 1 y\u0131l da faizsiz \u00f6deme yapaca\u011f\u0131m\u0131z\u0131 s\u00f6yl\u00fcyor. \u0130nsanlar korkmas\u0131n. Bizim \u015fu an konu\u015ftu\u011fumuz bir siyaset de\u011fil, &hellip;","og_url":"http:\/\/denizcankizil.tr\/uk\/haberler\/gundem\/bakan-kurum-istanbullulara-seslendi-talep-sizden-yarisi-bizden\/","og_site_name":"Av. Deniz Can K\u0131z\u0131l","article_published_time":"2025-01-17T19:41:33+00:00","author":"admin","twitter_card":"summary_large_image","twitter_misc":{"\u041d\u0430\u043f\u0438\u0441\u0430\u043d\u043e":"admin","\u041f\u0440\u0438\u0431\u043b. \u0447\u0430\u0441 \u0447\u0438\u0442\u0430\u043d\u043d\u044f":"3 \u0445\u0432\u0438\u043b\u0438\u043d\u0438"},"schema":{"@context":"https:\/\/schema.org","@graph":[{"@type":"Article","@id":"http:\/\/denizcankizil.tr\/ru\/haberler\/gundem\/bakan-kurum-istanbullulara-seslendi-talep-sizden-yarisi-bizden\/#article","isPartOf":{"@id":"http:\/\/denizcankizil.tr\/ru\/haberler\/gundem\/bakan-kurum-istanbullulara-seslendi-talep-sizden-yarisi-bizden\/"},"author":{"name":"admin","@id":"https:\/\/denizcankizil.tr\/de\/#\/schema\/person\/be3c05fe6a12686905512445d8185489"},"headline":"Bakan Kurum \u0130stanbullulara seslendi: Talep sizden yar\u0131s\u0131 bizden","datePublished":"2025-01-17T19:41:33+00:00","mainEntityOfPage":{"@id":"http:\/\/denizcankizil.tr\/ru\/haberler\/gundem\/bakan-kurum-istanbullulara-seslendi-talep-sizden-yarisi-bizden\/"},"wordCount":689,"commentCount":0,"publisher":{"@id":"https:\/\/denizcankizil.tr\/de\/#organization"},"articleSection":["G\u00fcndem"],"inLanguage":"uk","potentialAction":[{"@type":"CommentAction","name":"Comment","target":["http:\/\/denizcankizil.tr\/ru\/haberler\/gundem\/bakan-kurum-istanbullulara-seslendi-talep-sizden-yarisi-bizden\/#respond"]}]},{"@type":"WebPage","@id":"http:\/\/denizcankizil.tr\/ru\/haberler\/gundem\/bakan-kurum-istanbullulara-seslendi-talep-sizden-yarisi-bizden\/","url":"http:\/\/denizcankizil.tr\/ru\/haberler\/gundem\/bakan-kurum-istanbullulara-seslendi-talep-sizden-yarisi-bizden\/","name":"Bakan Kurum \u0130stanbullulara seslendi: Talep sizden yar\u0131s\u0131 bizden - Av. Deniz Can K\u0131z\u0131l","isPartOf":{"@id":"https:\/\/denizcankizil.tr\/de\/#website"},"datePublished":"2025-01-17T19:41:33+00:00","breadcrumb":{"@id":"http:\/\/denizcankizil.tr\/ru\/haberler\/gundem\/bakan-kurum-istanbullulara-seslendi-talep-sizden-yarisi-bizden\/#breadcrumb"},"inLanguage":"uk","potentialAction":[{"@type":"ReadAction","target":["http:\/\/denizcankizil.tr\/ru\/haberler\/gundem\/bakan-kurum-istanbullulara-seslendi-talep-sizden-yarisi-bizden\/"]}]},{"@type":"BreadcrumbList","@id":"http:\/\/denizcankizil.tr\/ru\/haberler\/gundem\/bakan-kurum-istanbullulara-seslendi-talep-sizden-yarisi-bizden\/#breadcrumb","itemListElement":[{"@type":"ListItem","position":1,"name":"Home","item":"https:\/\/denizcankizil.tr\/de\/"},{"@type":"ListItem","position":2,"name":"Bakan Kurum \u0130stanbullulara seslendi: Talep sizden yar\u0131s\u0131 bizden"}]},{"@type":"WebSite","@id":"https:\/\/denizcankizil.tr\/de\/#website","url":"https:\/\/denizcankizil.tr\/de\/","name":"Av. Deniz Can K\u0131z\u0131l","description":"Avukat Deniz Can K\u0131z\u0131l Antalya Barosu","publisher":{"@id":"https:\/\/denizcankizil.tr\/de\/#organization"},"potentialAction":[{"@type":"SearchAction","target":{"@type":"EntryPoint","urlTemplate":"https:\/\/denizcankizil.tr\/de\/?s={search_term_string}"},"query-input":{"@type":"PropertyValueSpecification","valueRequired":true,"valueName":"search_term_string"}}],"inLanguage":"uk"},{"@type":"Organization","@id":"https:\/\/denizcankizil.tr\/de\/#organization","name":"Av. Deniz Can K\u0131z\u0131l","url":"https:\/\/denizcankizil.tr\/de\/","logo":{"@type":"ImageObject","inLanguage":"uk","@id":"https:\/\/denizcankizil.tr\/de\/#\/schema\/logo\/image\/","url":"https:\/\/denizcankizil.tr\/wp-content\/uploads\/2024\/10\/siyah-logo-svg.svg","contentUrl":"https:\/\/denizcankizil.tr\/wp-content\/uploads\/2024\/10\/siyah-logo-svg.svg","width":1080,"height":1080,"caption":"Av. Deniz Can K\u0131z\u0131l"},"image":{"@id":"https:\/\/denizcankizil.tr\/de\/#\/schema\/logo\/image\/"}},{"@type":"Person","@id":"https:\/\/denizcankizil.tr\/de\/#\/schema\/person\/be3c05fe6a12686905512445d8185489","name":"\u0430\u0434\u043c\u0456\u043d","image":{"@type":"ImageObject","inLanguage":"uk","@id":"https:\/\/denizcankizil.tr\/de\/#\/schema\/person\/image\/","url":"https:\/\/secure.gravatar.com\/avatar\/c1fce94c830dc79107e174f890d7210541c4a63e8e5d816341794a2151c9d58c?s=96&d=mm&r=g","contentUrl":"https:\/\/secure.gravatar.com\/avatar\/c1fce94c830dc79107e174f890d7210541c4a63e8e5d816341794a2151c9d58c?s=96&d=mm&r=g","caption":"admin"},"sameAs":["http:\/\/denizcankizil.tr"],"url":"https:\/\/www.iskenderun.org\/bakan-kurum-istanbullulara-seslendi-talep-sizden-yarisi-bizden"}]}},"_links":{"self":[{"href":"https:\/\/denizcankizil.tr\/uk\/wp-json\/wp\/v2\/posts\/25919","targetHints":{"allow":["GET"]}}],"collection":[{"href":"https:\/\/denizcankizil.tr\/uk\/wp-json\/wp\/v2\/posts"}],"about":[{"href":"https:\/\/denizcankizil.tr\/uk\/wp-json\/wp\/v2\/types\/post"}],"author":[{"embeddable":true,"href":"https:\/\/denizcankizil.tr\/uk\/wp-json\/wp\/v2\/users\/1"}],"replies":[{"embeddable":true,"href":"https:\/\/denizcankizil.tr\/uk\/wp-json\/wp\/v2\/comments?post=25919"}],"version-history":[{"count":0,"href":"https:\/\/denizcankizil.tr\/uk\/wp-json\/wp\/v2\/posts\/25919\/revisions"}],"wp:attachment":[{"href":"https:\/\/denizcankizil.tr\/uk\/wp-json\/wp\/v2\/media?parent=25919"}],"wp:term":[{"taxonomy":"category","embeddable":true,"href":"https:\/\/denizcankizil.tr\/uk\/wp-json\/wp\/v2\/categories?post=25919"},{"taxonomy":"post_tag","embeddable":true,"href":"https:\/\/denizcankizil.tr\/uk\/wp-json\/wp\/v2\/tags?post=25919"}],"curies":[{"name":"wp","href":"https:\/\/api.w.org\/{rel}","templated":true}]}}