{"id":25905,"date":"2025-01-17T21:14:19","date_gmt":"2025-01-17T18:14:19","guid":{"rendered":"https:\/\/denizcankizil.tr\/uncategorized-tr\/tekel-bayileri-platformu-baskanindan-ilginc-talep-etiketlere-alinan-vergiler-yazilsin\/"},"modified":"2025-01-17T21:14:19","modified_gmt":"2025-01-17T18:14:19","slug":"tekel-bayileri-platformu-baskanindan-ilginc-talep-etiketlere-alinan-vergiler-yazilsin","status":"publish","type":"post","link":"https:\/\/denizcankizil.tr\/uk\/haberler\/gundem\/tekel-bayileri-platformu-baskanindan-ilginc-talep-etiketlere-alinan-vergiler-yazilsin\/","title":{"rendered":"Tekel Bayileri Platformu Ba\u015fkan\u0131\u2019ndan ilgin\u00e7 talep: Etiketlere al\u0131nan vergiler yaz\u0131ls\u0131n"},"content":{"rendered":"<p>\u00a0Son y\u0131llarda s\u0131kla\u015fan alkol zamlar\u0131na tepkiler gelmeye devam ediyor. Tekel Bayileri Platformu Ba\u015fkan\u0131 \u00d6zg\u00fcr Ayba\u015f ise sosyal medya hesab\u0131 \u00fczerinden alkole gelen zamlara tepki g\u00f6sterdi. Tepkilerin ard\u0131ndan alkol fiyatlar\u0131 ile akal\u0131 ilgin\u00e7 bir \u00f6neri sunan Ayba\u015f, art\u0131k alkol fiyatlar\u0131n\u0131n yaz\u0131ld\u0131klar\u0131 etiketlere al\u0131nan vergilerinde yaz\u0131lmas\u0131n\u0131 talep etti.<\/p>\n<p>ALKOL ZAMLARINA TEPK\u0130\u00a0<\/p>\n<p>Son y\u0131llarda alkolle gelen zamlar b\u00fcy\u00fck tepkilere neden oldu. Gelen zamlar\u0131n ard\u0131ndan alkoll\u00fc i\u00e7eceklerin fiyatlar\u0131 astronomik rakamlara y\u00fckseldi. Alkollerin fiyatlar\u0131 bu kadar y\u00fckselmesinin esas problemi ise \u201c vergi\u201d olarak g\u00f6r\u00fcl\u00fcyor. Tekel Bayileri Platformu Ba\u015fkan\u0131 \u00d6zg\u00fcr Ayba\u015f ise alkollere gelen vergileri sosyal medya \u00fczerinden yay\u0131nlad\u0131\u011f\u0131 bir payla\u015f\u0131m ile protesto etti.\u00a0<\/p>\n<p>\u201cET\u0130KETLERE ALINAN VERG\u0130LER YAZILSIN\u201d\u00a0<\/p>\n<p>Ayba\u015f, yay\u0131nlad\u0131\u011f\u0131 mesaj\u0131nda yeni bir uygulamaya ba\u015flan\u0131lmas\u0131 i\u00e7in \u00e7a\u011fr\u0131da bulundu. \u00d6zg\u00fcr Ayba\u015f, art\u0131k i\u00e7kilerin etiketlerine al\u0131nan vergilerin yaz\u0131lmas\u0131n\u0131 talep ederek, \u201c950 TL&#8217;lik 70&#8217;lik rak\u0131n\u0131n 580 TL&#8217;si KDV ve \u00d6TV&#8217;den olu\u015fuyor. Art\u0131k etiket b\u00f6yle yaz\u0131lacak\u201d dedi.<\/p>\n<p>PAYLA\u015eIMIN ALTINA GALEN YORUMLAR\u00a0<\/p>\n<p>Ayba\u015f\u2019\u0131n bu payla\u015f\u0131m\u0131n\u0131n alt\u0131na hemen yorumlar geldi. Gelen yorumlar\u0131n bir\u00e7o\u011funda vatanda\u015flar Ayba\u015f\u2019\u0131n \u00f6nerdi\u011fi bu uygulamaya destek oldu. Hatta baz\u0131 vatanda\u015flar bu uygulaman\u0131n di\u011fer \u00fcr\u00fcnler i\u00e7in olmas\u0131n\u0131 ve vatanda\u015flar\u0131n hangi \u00fcr\u00fcne ne kadar vergi verdi\u011fini g\u00f6rmesi gerekti\u011fini s\u00f6yledi. \u0130\u015fte payla\u015f\u0131m\u0131n alt\u0131na gelen baz\u0131 yorumlar:\u00a0<\/p>\n<p>\u00a0<\/p>\n<p>\u00a0<\/p>\n<p>\u200b\u00dcst \u00fcste gelen alkol zamlar\u0131na tepki g\u00f6steren Tekel Bayileri Platformu Ba\u015fkan\u0131 \u00d6zg\u00fcr Ayba\u015f ilgin\u00e7 bir \u00f6neri sundu. Ayba\u015f, \u201c950 TL&#8217;lik 70&#8217;lik rak\u0131n\u0131n 580 TL&#8217;si KDV ve \u00d6TV&#8217;den olu\u015fuyor. Art\u0131k etiket b\u00f6yle yaz\u0131lacak\u201d dedi.\u00a0<\/p>\n<p>\u200bHaberin Al\u0131nt\u0131land\u0131\u011f\u0131 Kaynak: www.antalyakorfez.com<\/p>","protected":false},"excerpt":{"rendered":"<p>\u00a0Son y\u0131llarda s\u0131kla\u015fan alkol zamlar\u0131na tepkiler gelmeye devam ediyor. Tekel Bayileri Platformu Ba\u015fkan\u0131 \u00d6zg\u00fcr Ayba\u015f ise sosyal medya hesab\u0131 \u00fczerinden alkole gelen zamlara tepki g\u00f6sterdi. Tepkilerin ard\u0131ndan alkol fiyatlar\u0131 ile akal\u0131 ilgin\u00e7 bir \u00f6neri sunan Ayba\u015f, art\u0131k alkol fiyatlar\u0131n\u0131n yaz\u0131ld\u0131klar\u0131 etiketlere al\u0131nan vergilerinde yaz\u0131lmas\u0131n\u0131 talep etti. ALKOL ZAMLARINA TEPK\u0130\u00a0 Son y\u0131llarda alkolle gelen zamlar b\u00fcy\u00fck tepkilere neden oldu. Gelen zamlar\u0131n ard\u0131ndan alkoll\u00fc i\u00e7eceklerin fiyatlar\u0131 astronomik rakamlara y\u00fckseldi. Alkollerin fiyatlar\u0131 bu kadar y\u00fckselmesinin esas problemi ise \u201c vergi\u201d olarak g\u00f6r\u00fcl\u00fcyor. Tekel Bayileri Platformu Ba\u015fkan\u0131 \u00d6zg\u00fcr Ayba\u015f ise alkollere gelen vergileri sosyal medya \u00fczerinden yay\u0131nlad\u0131\u011f\u0131 bir payla\u015f\u0131m ile protesto etti.\u00a0 \u201cET\u0130KETLERE ALINAN VERG\u0130LER YAZILSIN\u201d\u00a0 Ayba\u015f, yay\u0131nlad\u0131\u011f\u0131 mesaj\u0131nda yeni bir uygulamaya ba\u015flan\u0131lmas\u0131 i\u00e7in \u00e7a\u011fr\u0131da bulundu. \u00d6zg\u00fcr Ayba\u015f, art\u0131k i\u00e7kilerin etiketlerine al\u0131nan vergilerin yaz\u0131lmas\u0131n\u0131 talep ederek, \u201c950 TL&#8217;lik 70&#8217;lik rak\u0131n\u0131n 580 TL&#8217;si KDV ve \u00d6TV&#8217;den olu\u015fuyor. Art\u0131k etiket b\u00f6yle yaz\u0131lacak\u201d dedi. PAYLA\u015eIMIN ALTINA GALEN YORUMLAR\u00a0 Ayba\u015f\u2019\u0131n bu payla\u015f\u0131m\u0131n\u0131n alt\u0131na hemen yorumlar geldi. Gelen yorumlar\u0131n bir\u00e7o\u011funda vatanda\u015flar Ayba\u015f\u2019\u0131n \u00f6nerdi\u011fi bu uygulamaya destek oldu. Hatta baz\u0131 vatanda\u015flar bu uygulaman\u0131n di\u011fer \u00fcr\u00fcnler i\u00e7in olmas\u0131n\u0131 ve vatanda\u015flar\u0131n hangi \u00fcr\u00fcne ne kadar vergi verdi\u011fini g\u00f6rmesi gerekti\u011fini s\u00f6yledi. \u0130\u015fte payla\u015f\u0131m\u0131n alt\u0131na gelen baz\u0131 yorumlar:\u00a0 \u00a0 \u00a0 \u200b\u00dcst \u00fcste gelen alkol zamlar\u0131na tepki g\u00f6steren Tekel Bayileri Platformu Ba\u015fkan\u0131 \u00d6zg\u00fcr Ayba\u015f ilgin\u00e7 &hellip;<\/p>","protected":false},"author":5,"featured_media":0,"comment_status":"open","ping_status":"open","sticky":false,"template":"","format":"standard","meta":{"_acf_changed":false,"footnotes":""},"categories":[24],"tags":[],"class_list":["post-25905","post","type-post","status-publish","format-standard","has-post-thumbnail","hentry","category-gundem"],"acf":[],"yoast_head":"<!-- This site is optimized with the Yoast SEO Premium plugin v26.6 (Yoast SEO v27.1.1) - https:\/\/yoast.com\/product\/yoast-seo-premium-wordpress\/ -->\n<title>Tekel Bayileri Platformu Ba\u015fkan\u0131\u2019ndan ilgin\u00e7 talep: Etiketlere al\u0131nan vergiler yaz\u0131ls\u0131n - Av. Deniz Can K\u0131z\u0131l<\/title>\n<meta name=\"robots\" content=\"index, follow, max-snippet:-1, max-image-preview:large, max-video-preview:-1\" \/>\n<link rel=\"canonical\" href=\"https:\/\/denizcankizil.tr\/uk\/haberler\/gundem\/tekel-bayileri-platformu-baskanindan-ilginc-talep-etiketlere-alinan-vergiler-yazilsin\/\" \/>\n<meta property=\"og:locale\" content=\"uk_UA\" \/>\n<meta property=\"og:type\" content=\"article\" \/>\n<meta property=\"og:title\" content=\"Tekel Bayileri Platformu Ba\u015fkan\u0131\u2019ndan ilgin\u00e7 talep: Etiketlere al\u0131nan vergiler yaz\u0131ls\u0131n\" \/>\n<meta property=\"og:description\" content=\"\u00a0Son y\u0131llarda s\u0131kla\u015fan alkol zamlar\u0131na tepkiler gelmeye devam ediyor. Tekel Bayileri Platformu Ba\u015fkan\u0131 \u00d6zg\u00fcr Ayba\u015f ise sosyal medya hesab\u0131 \u00fczerinden alkole gelen zamlara tepki g\u00f6sterdi. Tepkilerin ard\u0131ndan alkol fiyatlar\u0131 ile akal\u0131 ilgin\u00e7 bir \u00f6neri sunan Ayba\u015f, art\u0131k alkol fiyatlar\u0131n\u0131n yaz\u0131ld\u0131klar\u0131 etiketlere al\u0131nan vergilerinde yaz\u0131lmas\u0131n\u0131 talep etti. ALKOL ZAMLARINA TEPK\u0130\u00a0 Son y\u0131llarda alkolle gelen zamlar b\u00fcy\u00fck tepkilere neden oldu. Gelen zamlar\u0131n ard\u0131ndan alkoll\u00fc i\u00e7eceklerin fiyatlar\u0131 astronomik rakamlara y\u00fckseldi. Alkollerin fiyatlar\u0131 bu kadar y\u00fckselmesinin esas problemi ise \u201c vergi\u201d olarak g\u00f6r\u00fcl\u00fcyor. Tekel Bayileri Platformu Ba\u015fkan\u0131 \u00d6zg\u00fcr Ayba\u015f ise alkollere gelen vergileri sosyal medya \u00fczerinden yay\u0131nlad\u0131\u011f\u0131 bir payla\u015f\u0131m ile protesto etti.\u00a0 \u201cET\u0130KETLERE ALINAN VERG\u0130LER YAZILSIN\u201d\u00a0 Ayba\u015f, yay\u0131nlad\u0131\u011f\u0131 mesaj\u0131nda yeni bir uygulamaya ba\u015flan\u0131lmas\u0131 i\u00e7in \u00e7a\u011fr\u0131da bulundu. \u00d6zg\u00fcr Ayba\u015f, art\u0131k i\u00e7kilerin etiketlerine al\u0131nan vergilerin yaz\u0131lmas\u0131n\u0131 talep ederek, \u201c950 TL&#8217;lik 70&#8217;lik rak\u0131n\u0131n 580 TL&#8217;si KDV ve \u00d6TV&#8217;den olu\u015fuyor. Art\u0131k etiket b\u00f6yle yaz\u0131lacak\u201d dedi. PAYLA\u015eIMIN ALTINA GALEN YORUMLAR\u00a0 Ayba\u015f\u2019\u0131n bu payla\u015f\u0131m\u0131n\u0131n alt\u0131na hemen yorumlar geldi. Gelen yorumlar\u0131n bir\u00e7o\u011funda vatanda\u015flar Ayba\u015f\u2019\u0131n \u00f6nerdi\u011fi bu uygulamaya destek oldu. Hatta baz\u0131 vatanda\u015flar bu uygulaman\u0131n di\u011fer \u00fcr\u00fcnler i\u00e7in olmas\u0131n\u0131 ve vatanda\u015flar\u0131n hangi \u00fcr\u00fcne ne kadar vergi verdi\u011fini g\u00f6rmesi gerekti\u011fini s\u00f6yledi. \u0130\u015fte payla\u015f\u0131m\u0131n alt\u0131na gelen baz\u0131 yorumlar:\u00a0 \u00a0 \u00a0 \u200b\u00dcst \u00fcste gelen alkol zamlar\u0131na tepki g\u00f6steren Tekel Bayileri Platformu Ba\u015fkan\u0131 \u00d6zg\u00fcr Ayba\u015f ilgin\u00e7 &hellip;\" \/>\n<meta property=\"og:url\" content=\"https:\/\/denizcankizil.tr\/uk\/haberler\/gundem\/tekel-bayileri-platformu-baskanindan-ilginc-talep-etiketlere-alinan-vergiler-yazilsin\/\" \/>\n<meta property=\"og:site_name\" content=\"Av. Deniz Can K\u0131z\u0131l\" \/>\n<meta property=\"article:published_time\" content=\"2025-01-17T18:14:19+00:00\" \/>\n<meta name=\"author\" content=\"Antalya K\u00f6rfez\" \/>\n<meta name=\"twitter:card\" content=\"summary_large_image\" \/>\n<meta name=\"twitter:label1\" content=\"\u041d\u0430\u043f\u0438\u0441\u0430\u043d\u043e\" \/>\n\t<meta name=\"twitter:data1\" content=\"Antalya K\u00f6rfez\" \/>\n\t<meta name=\"twitter:label2\" content=\"\u041f\u0440\u0438\u0431\u043b. \u0447\u0430\u0441 \u0447\u0438\u0442\u0430\u043d\u043d\u044f\" \/>\n\t<meta name=\"twitter:data2\" content=\"2 \u0445\u0432\u0438\u043b\u0438\u043d\u0438\" \/>\n<script type=\"application\/ld+json\" class=\"yoast-schema-graph\">{\"@context\":\"https:\/\/schema.org\",\"@graph\":[{\"@type\":\"Article\",\"@id\":\"https:\/\/denizcankizil.tr\/uk\/haberler\/gundem\/tekel-bayileri-platformu-baskanindan-ilginc-talep-etiketlere-alinan-vergiler-yazilsin\/#article\",\"isPartOf\":{\"@id\":\"https:\/\/denizcankizil.tr\/uk\/haberler\/gundem\/tekel-bayileri-platformu-baskanindan-ilginc-talep-etiketlere-alinan-vergiler-yazilsin\/\"},\"author\":{\"name\":\"Antalya K\u00f6rfez\",\"@id\":\"https:\/\/denizcankizil.tr\/#\/schema\/person\/e1eb71bb4dd684d46563f0af307e1234\"},\"headline\":\"Tekel Bayileri Platformu Ba\u015fkan\u0131\u2019ndan ilgin\u00e7 talep: Etiketlere al\u0131nan vergiler yaz\u0131ls\u0131n\",\"datePublished\":\"2025-01-17T18:14:19+00:00\",\"mainEntityOfPage\":{\"@id\":\"https:\/\/denizcankizil.tr\/uk\/haberler\/gundem\/tekel-bayileri-platformu-baskanindan-ilginc-talep-etiketlere-alinan-vergiler-yazilsin\/\"},\"wordCount\":331,\"commentCount\":0,\"publisher\":{\"@id\":\"https:\/\/denizcankizil.tr\/#organization\"},\"articleSection\":[\"G\u00fcndem\"],\"inLanguage\":\"uk\",\"potentialAction\":[{\"@type\":\"CommentAction\",\"name\":\"Comment\",\"target\":[\"https:\/\/denizcankizil.tr\/uk\/haberler\/gundem\/tekel-bayileri-platformu-baskanindan-ilginc-talep-etiketlere-alinan-vergiler-yazilsin\/#respond\"]}]},{\"@type\":\"WebPage\",\"@id\":\"https:\/\/denizcankizil.tr\/uk\/haberler\/gundem\/tekel-bayileri-platformu-baskanindan-ilginc-talep-etiketlere-alinan-vergiler-yazilsin\/\",\"url\":\"https:\/\/denizcankizil.tr\/uk\/haberler\/gundem\/tekel-bayileri-platformu-baskanindan-ilginc-talep-etiketlere-alinan-vergiler-yazilsin\/\",\"name\":\"Tekel Bayileri Platformu Ba\u015fkan\u0131\u2019ndan ilgin\u00e7 talep: Etiketlere al\u0131nan vergiler yaz\u0131ls\u0131n - Av. Deniz Can K\u0131z\u0131l\",\"isPartOf\":{\"@id\":\"https:\/\/denizcankizil.tr\/#website\"},\"datePublished\":\"2025-01-17T18:14:19+00:00\",\"breadcrumb\":{\"@id\":\"https:\/\/denizcankizil.tr\/uk\/haberler\/gundem\/tekel-bayileri-platformu-baskanindan-ilginc-talep-etiketlere-alinan-vergiler-yazilsin\/#breadcrumb\"},\"inLanguage\":\"uk\",\"potentialAction\":[{\"@type\":\"ReadAction\",\"target\":[\"https:\/\/denizcankizil.tr\/uk\/haberler\/gundem\/tekel-bayileri-platformu-baskanindan-ilginc-talep-etiketlere-alinan-vergiler-yazilsin\/\"]}]},{\"@type\":\"BreadcrumbList\",\"@id\":\"https:\/\/denizcankizil.tr\/uk\/haberler\/gundem\/tekel-bayileri-platformu-baskanindan-ilginc-talep-etiketlere-alinan-vergiler-yazilsin\/#breadcrumb\",\"itemListElement\":[{\"@type\":\"ListItem\",\"position\":1,\"name\":\"Home\",\"item\":\"https:\/\/denizcankizil.tr\/de\/\"},{\"@type\":\"ListItem\",\"position\":2,\"name\":\"Tekel Bayileri Platformu Ba\u015fkan\u0131\u2019ndan ilgin\u00e7 talep: Etiketlere al\u0131nan vergiler yaz\u0131ls\u0131n\"}]},{\"@type\":\"WebSite\",\"@id\":\"https:\/\/denizcankizil.tr\/#website\",\"url\":\"https:\/\/denizcankizil.tr\/\",\"name\":\"Av. Deniz Can K\u0131z\u0131l\",\"description\":\"Avukat Deniz Can K\u0131z\u0131l Antalya Barosu\",\"publisher\":{\"@id\":\"https:\/\/denizcankizil.tr\/#organization\"},\"potentialAction\":[{\"@type\":\"SearchAction\",\"target\":{\"@type\":\"EntryPoint\",\"urlTemplate\":\"https:\/\/denizcankizil.tr\/?s={search_term_string}\"},\"query-input\":{\"@type\":\"PropertyValueSpecification\",\"valueRequired\":true,\"valueName\":\"search_term_string\"}}],\"inLanguage\":\"uk\"},{\"@type\":\"Organization\",\"@id\":\"https:\/\/denizcankizil.tr\/#organization\",\"name\":\"Av. Deniz Can K\u0131z\u0131l\",\"url\":\"https:\/\/denizcankizil.tr\/\",\"logo\":{\"@type\":\"ImageObject\",\"inLanguage\":\"uk\",\"@id\":\"https:\/\/denizcankizil.tr\/#\/schema\/logo\/image\/\",\"url\":\"https:\/\/denizcankizil.tr\/wp-content\/uploads\/2024\/10\/siyah-logo-svg.svg\",\"contentUrl\":\"https:\/\/denizcankizil.tr\/wp-content\/uploads\/2024\/10\/siyah-logo-svg.svg\",\"width\":1080,\"height\":1080,\"caption\":\"Av. Deniz Can K\u0131z\u0131l\"},\"image\":{\"@id\":\"https:\/\/denizcankizil.tr\/#\/schema\/logo\/image\/\"}},{\"@type\":\"Person\",\"@id\":\"https:\/\/denizcankizil.tr\/#\/schema\/person\/e1eb71bb4dd684d46563f0af307e1234\",\"name\":\"Antalya K\u00f6rfez\",\"image\":{\"@type\":\"ImageObject\",\"inLanguage\":\"uk\",\"@id\":\"https:\/\/denizcankizil.tr\/#\/schema\/person\/image\/\",\"url\":\"https:\/\/secure.gravatar.com\/avatar\/42b01982558a48a0b501fdcab6a408d3717ea5919095ee2e67b0e521799c5905?s=96&d=mm&r=g\",\"contentUrl\":\"https:\/\/secure.gravatar.com\/avatar\/42b01982558a48a0b501fdcab6a408d3717ea5919095ee2e67b0e521799c5905?s=96&d=mm&r=g\",\"caption\":\"Antalya K\u00f6rfez\"},\"sameAs\":[\"http:\/\/www.antalyakorfez.com\"],\"url\":\"https:\/\/www.antalyakorfez.com\/tekel-bayileri-platformu-baskanindan-ilginc-talep-etiketlere-alinan-vergiler-yazilsin\"}]}<\/script>\n<!-- \/ Yoast SEO Premium plugin. -->","yoast_head_json":{"title":"Tekel Bayileri Platformu Ba\u015fkan\u0131\u2019ndan ilgin\u00e7 talep: Etiketlere al\u0131nan vergiler yaz\u0131ls\u0131n - Av. Deniz Can K\u0131z\u0131l","robots":{"index":"index","follow":"follow","max-snippet":"max-snippet:-1","max-image-preview":"max-image-preview:large","max-video-preview":"max-video-preview:-1"},"canonical":"https:\/\/denizcankizil.tr\/uk\/haberler\/gundem\/tekel-bayileri-platformu-baskanindan-ilginc-talep-etiketlere-alinan-vergiler-yazilsin\/","og_locale":"uk_UA","og_type":"article","og_title":"Tekel Bayileri Platformu Ba\u015fkan\u0131\u2019ndan ilgin\u00e7 talep: Etiketlere al\u0131nan vergiler yaz\u0131ls\u0131n","og_description":"\u00a0Son y\u0131llarda s\u0131kla\u015fan alkol zamlar\u0131na tepkiler gelmeye devam ediyor. Tekel Bayileri Platformu Ba\u015fkan\u0131 \u00d6zg\u00fcr Ayba\u015f ise sosyal medya hesab\u0131 \u00fczerinden alkole gelen zamlara tepki g\u00f6sterdi. Tepkilerin ard\u0131ndan alkol fiyatlar\u0131 ile akal\u0131 ilgin\u00e7 bir \u00f6neri sunan Ayba\u015f, art\u0131k alkol fiyatlar\u0131n\u0131n yaz\u0131ld\u0131klar\u0131 etiketlere al\u0131nan vergilerinde yaz\u0131lmas\u0131n\u0131 talep etti. ALKOL ZAMLARINA TEPK\u0130\u00a0 Son y\u0131llarda alkolle gelen zamlar b\u00fcy\u00fck tepkilere neden oldu. Gelen zamlar\u0131n ard\u0131ndan alkoll\u00fc i\u00e7eceklerin fiyatlar\u0131 astronomik rakamlara y\u00fckseldi. Alkollerin fiyatlar\u0131 bu kadar y\u00fckselmesinin esas problemi ise \u201c vergi\u201d olarak g\u00f6r\u00fcl\u00fcyor. Tekel Bayileri Platformu Ba\u015fkan\u0131 \u00d6zg\u00fcr Ayba\u015f ise alkollere gelen vergileri sosyal medya \u00fczerinden yay\u0131nlad\u0131\u011f\u0131 bir payla\u015f\u0131m ile protesto etti.\u00a0 \u201cET\u0130KETLERE ALINAN VERG\u0130LER YAZILSIN\u201d\u00a0 Ayba\u015f, yay\u0131nlad\u0131\u011f\u0131 mesaj\u0131nda yeni bir uygulamaya ba\u015flan\u0131lmas\u0131 i\u00e7in \u00e7a\u011fr\u0131da bulundu. \u00d6zg\u00fcr Ayba\u015f, art\u0131k i\u00e7kilerin etiketlerine al\u0131nan vergilerin yaz\u0131lmas\u0131n\u0131 talep ederek, \u201c950 TL&#8217;lik 70&#8217;lik rak\u0131n\u0131n 580 TL&#8217;si KDV ve \u00d6TV&#8217;den olu\u015fuyor. Art\u0131k etiket b\u00f6yle yaz\u0131lacak\u201d dedi. PAYLA\u015eIMIN ALTINA GALEN YORUMLAR\u00a0 Ayba\u015f\u2019\u0131n bu payla\u015f\u0131m\u0131n\u0131n alt\u0131na hemen yorumlar geldi. Gelen yorumlar\u0131n bir\u00e7o\u011funda vatanda\u015flar Ayba\u015f\u2019\u0131n \u00f6nerdi\u011fi bu uygulamaya destek oldu. Hatta baz\u0131 vatanda\u015flar bu uygulaman\u0131n di\u011fer \u00fcr\u00fcnler i\u00e7in olmas\u0131n\u0131 ve vatanda\u015flar\u0131n hangi \u00fcr\u00fcne ne kadar vergi verdi\u011fini g\u00f6rmesi gerekti\u011fini s\u00f6yledi. \u0130\u015fte payla\u015f\u0131m\u0131n alt\u0131na gelen baz\u0131 yorumlar:\u00a0 \u00a0 \u00a0 \u200b\u00dcst \u00fcste gelen alkol zamlar\u0131na tepki g\u00f6steren Tekel Bayileri Platformu Ba\u015fkan\u0131 \u00d6zg\u00fcr Ayba\u015f ilgin\u00e7 &hellip;","og_url":"https:\/\/denizcankizil.tr\/uk\/haberler\/gundem\/tekel-bayileri-platformu-baskanindan-ilginc-talep-etiketlere-alinan-vergiler-yazilsin\/","og_site_name":"Av. Deniz Can K\u0131z\u0131l","article_published_time":"2025-01-17T18:14:19+00:00","author":"Antalya K\u00f6rfez","twitter_card":"summary_large_image","twitter_misc":{"\u041d\u0430\u043f\u0438\u0441\u0430\u043d\u043e":"Antalya K\u00f6rfez","\u041f\u0440\u0438\u0431\u043b. \u0447\u0430\u0441 \u0447\u0438\u0442\u0430\u043d\u043d\u044f":"2 \u0445\u0432\u0438\u043b\u0438\u043d\u0438"},"schema":{"@context":"https:\/\/schema.org","@graph":[{"@type":"Article","@id":"https:\/\/denizcankizil.tr\/uk\/haberler\/gundem\/tekel-bayileri-platformu-baskanindan-ilginc-talep-etiketlere-alinan-vergiler-yazilsin\/#article","isPartOf":{"@id":"https:\/\/denizcankizil.tr\/uk\/haberler\/gundem\/tekel-bayileri-platformu-baskanindan-ilginc-talep-etiketlere-alinan-vergiler-yazilsin\/"},"author":{"name":"Antalya K\u00f6rfez","@id":"https:\/\/denizcankizil.tr\/#\/schema\/person\/e1eb71bb4dd684d46563f0af307e1234"},"headline":"Tekel Bayileri Platformu Ba\u015fkan\u0131\u2019ndan ilgin\u00e7 talep: Etiketlere al\u0131nan vergiler yaz\u0131ls\u0131n","datePublished":"2025-01-17T18:14:19+00:00","mainEntityOfPage":{"@id":"https:\/\/denizcankizil.tr\/uk\/haberler\/gundem\/tekel-bayileri-platformu-baskanindan-ilginc-talep-etiketlere-alinan-vergiler-yazilsin\/"},"wordCount":331,"commentCount":0,"publisher":{"@id":"https:\/\/denizcankizil.tr\/#organization"},"articleSection":["G\u00fcndem"],"inLanguage":"uk","potentialAction":[{"@type":"CommentAction","name":"Comment","target":["https:\/\/denizcankizil.tr\/uk\/haberler\/gundem\/tekel-bayileri-platformu-baskanindan-ilginc-talep-etiketlere-alinan-vergiler-yazilsin\/#respond"]}]},{"@type":"WebPage","@id":"https:\/\/denizcankizil.tr\/uk\/haberler\/gundem\/tekel-bayileri-platformu-baskanindan-ilginc-talep-etiketlere-alinan-vergiler-yazilsin\/","url":"https:\/\/denizcankizil.tr\/uk\/haberler\/gundem\/tekel-bayileri-platformu-baskanindan-ilginc-talep-etiketlere-alinan-vergiler-yazilsin\/","name":"Tekel Bayileri Platformu Ba\u015fkan\u0131\u2019ndan ilgin\u00e7 talep: Etiketlere al\u0131nan vergiler yaz\u0131ls\u0131n - Av. Deniz Can K\u0131z\u0131l","isPartOf":{"@id":"https:\/\/denizcankizil.tr\/#website"},"datePublished":"2025-01-17T18:14:19+00:00","breadcrumb":{"@id":"https:\/\/denizcankizil.tr\/uk\/haberler\/gundem\/tekel-bayileri-platformu-baskanindan-ilginc-talep-etiketlere-alinan-vergiler-yazilsin\/#breadcrumb"},"inLanguage":"uk","potentialAction":[{"@type":"ReadAction","target":["https:\/\/denizcankizil.tr\/uk\/haberler\/gundem\/tekel-bayileri-platformu-baskanindan-ilginc-talep-etiketlere-alinan-vergiler-yazilsin\/"]}]},{"@type":"BreadcrumbList","@id":"https:\/\/denizcankizil.tr\/uk\/haberler\/gundem\/tekel-bayileri-platformu-baskanindan-ilginc-talep-etiketlere-alinan-vergiler-yazilsin\/#breadcrumb","itemListElement":[{"@type":"ListItem","position":1,"name":"Home","item":"https:\/\/denizcankizil.tr\/de\/"},{"@type":"ListItem","position":2,"name":"Tekel Bayileri Platformu Ba\u015fkan\u0131\u2019ndan ilgin\u00e7 talep: Etiketlere al\u0131nan vergiler yaz\u0131ls\u0131n"}]},{"@type":"WebSite","@id":"https:\/\/denizcankizil.tr\/#website","url":"https:\/\/denizcankizil.tr\/","name":"Av. Deniz Can K\u0131z\u0131l","description":"Avukat Deniz Can K\u0131z\u0131l Antalya Barosu","publisher":{"@id":"https:\/\/denizcankizil.tr\/#organization"},"potentialAction":[{"@type":"SearchAction","target":{"@type":"EntryPoint","urlTemplate":"https:\/\/denizcankizil.tr\/?s={search_term_string}"},"query-input":{"@type":"PropertyValueSpecification","valueRequired":true,"valueName":"search_term_string"}}],"inLanguage":"uk"},{"@type":"Organization","@id":"https:\/\/denizcankizil.tr\/#organization","name":"Av. Deniz Can K\u0131z\u0131l","url":"https:\/\/denizcankizil.tr\/","logo":{"@type":"ImageObject","inLanguage":"uk","@id":"https:\/\/denizcankizil.tr\/#\/schema\/logo\/image\/","url":"https:\/\/denizcankizil.tr\/wp-content\/uploads\/2024\/10\/siyah-logo-svg.svg","contentUrl":"https:\/\/denizcankizil.tr\/wp-content\/uploads\/2024\/10\/siyah-logo-svg.svg","width":1080,"height":1080,"caption":"Av. Deniz Can K\u0131z\u0131l"},"image":{"@id":"https:\/\/denizcankizil.tr\/#\/schema\/logo\/image\/"}},{"@type":"Person","@id":"https:\/\/denizcankizil.tr\/#\/schema\/person\/e1eb71bb4dd684d46563f0af307e1234","name":"Antalya K\u00f6rfez","image":{"@type":"ImageObject","inLanguage":"uk","@id":"https:\/\/denizcankizil.tr\/#\/schema\/person\/image\/","url":"https:\/\/secure.gravatar.com\/avatar\/42b01982558a48a0b501fdcab6a408d3717ea5919095ee2e67b0e521799c5905?s=96&d=mm&r=g","contentUrl":"https:\/\/secure.gravatar.com\/avatar\/42b01982558a48a0b501fdcab6a408d3717ea5919095ee2e67b0e521799c5905?s=96&d=mm&r=g","caption":"Antalya K\u00f6rfez"},"sameAs":["http:\/\/www.antalyakorfez.com"],"url":"https:\/\/www.antalyakorfez.com\/tekel-bayileri-platformu-baskanindan-ilginc-talep-etiketlere-alinan-vergiler-yazilsin"}]}},"_links":{"self":[{"href":"https:\/\/denizcankizil.tr\/uk\/wp-json\/wp\/v2\/posts\/25905","targetHints":{"allow":["GET"]}}],"collection":[{"href":"https:\/\/denizcankizil.tr\/uk\/wp-json\/wp\/v2\/posts"}],"about":[{"href":"https:\/\/denizcankizil.tr\/uk\/wp-json\/wp\/v2\/types\/post"}],"author":[{"embeddable":true,"href":"https:\/\/denizcankizil.tr\/uk\/wp-json\/wp\/v2\/users\/5"}],"replies":[{"embeddable":true,"href":"https:\/\/denizcankizil.tr\/uk\/wp-json\/wp\/v2\/comments?post=25905"}],"version-history":[{"count":0,"href":"https:\/\/denizcankizil.tr\/uk\/wp-json\/wp\/v2\/posts\/25905\/revisions"}],"wp:attachment":[{"href":"https:\/\/denizcankizil.tr\/uk\/wp-json\/wp\/v2\/media?parent=25905"}],"wp:term":[{"taxonomy":"category","embeddable":true,"href":"https:\/\/denizcankizil.tr\/uk\/wp-json\/wp\/v2\/categories?post=25905"},{"taxonomy":"post_tag","embeddable":true,"href":"https:\/\/denizcankizil.tr\/uk\/wp-json\/wp\/v2\/tags?post=25905"}],"curies":[{"name":"wp","href":"https:\/\/api.w.org\/{rel}","templated":true}]}}