{"id":25697,"date":"2025-01-16T18:41:39","date_gmt":"2025-01-16T15:41:39","guid":{"rendered":"https:\/\/denizcankizil.tr\/uncategorized-tr\/umit-ozdag-sinan-ates-caddesinin-acilisini-yapti\/"},"modified":"2025-01-16T18:41:39","modified_gmt":"2025-01-16T15:41:39","slug":"umit-ozdag-sinan-ates-caddesinin-acilisini-yapti","status":"publish","type":"post","link":"https:\/\/denizcankizil.tr\/uk\/haberler\/gundem\/umit-ozdag-sinan-ates-caddesinin-acilisini-yapti\/","title":{"rendered":"\u00dcmit \u00d6zda\u011f, Sinan Ate\u015f Caddesi\u2019nin a\u00e7\u0131l\u0131\u015f\u0131n\u0131 yapt\u0131"},"content":{"rendered":"<p>Burdur\u2019un Tefenni il\u00e7esinde &#8216;Devlet Bah\u00e7eli&#8217; caddesinin ismi bir b\u00f6l\u00fcm\u00fc &#8216;Sinan Ate\u015f&#8217;, di\u011fer b\u00f6l\u00fcm\u00fc &#8216;H\u00fcseyin Nihal Ats\u0131z&#8217; olarak de\u011fi\u015ftirildi.\u00a0Zafer Partisi Genel Ba\u015fkan\u0131 \u00dcmit \u00d6zda\u011f, de\u011fi\u015ftirilen caddenin a\u00e7\u0131l\u0131\u015f\u0131na kat\u0131ld\u0131. \u00d6zda\u011f, \u201cT\u00fcrkiye&#8217;de hukuk devleti tekrar tesis edildi\u011finde adaletin tecelli edece\u011fini de \u015fimdiden ifade edelim. Ger\u00e7ek katiller, torbac\u0131lar\u0131n arkas\u0131na s\u0131\u011f\u0131nanlar, adaletin pen\u00e7esinden ka\u00e7amayacaklar&#8221; dedi.<\/p>\n<p>S\u0130NAN ATE\u015e CADDES\u0130\u00a0<\/p>\n<p>Burdur Tefenni Belediyesi&#8217;nin 3 Ocak&#8217;ta d\u00fczenlenen y\u0131l\u0131n ilk meclis toplant\u0131s\u0131nda, &#8216;Devlet Bah\u00e7eli Caddesi&#8217;nin ad\u0131n\u0131n de\u011fi\u015ftirilmesi teklifi, oy \u00e7oklu\u011fuyla kabul edildi. Caddenin bir b\u00f6l\u00fcm\u00fcne &#8216;H\u00fcseyin Nihal Ats\u0131z&#8217;, di\u011fer b\u00f6l\u00fcm\u00fcne &#8216;Sinan Ate\u015f&#8217; ad\u0131 verildi. Sinan Ate\u015f Caddesi&#8217;nin a\u00e7\u0131l\u0131\u015f\u0131, Zafer Partisi Genel Ba\u015fkan\u0131 \u00dcmit \u00d6zda\u011f ile Sinan Ate\u015f&#8217;in ablas\u0131 Selma Ate\u015f&#8217;in kat\u0131l\u0131m\u0131yla yap\u0131ld\u0131.<\/p>\n<p>\u201cBU B\u0130R PROJE M\u0130?\u201d<\/p>\n<p>A\u00e7\u0131l\u0131\u015f \u00f6ncesinde parti otob\u00fcs\u00fcnden halka seslenen \u00dcmit \u00d6zda\u011f, caddeye &#8216;Sinan Ate\u015f&#8217; isminin verilmesinden dolay\u0131 Belediye Ba\u015fkan\u0131na &#8216;Bu bir proje mi&#8217; ele\u015ftirileri geldi\u011fini belirterek, &#8220;Bu caddenin isminin Sinan Ate\u015f olmas\u0131 bir proje de\u011fil ama Sinan Ate\u015f cinayeti al\u00e7ak\u00e7a bir proje idi. Ve bu projenin sahiplerinin kim oldu\u011funu, nerede oturduklar\u0131n\u0131, ka\u00e7\u0131nc\u0131 katta \u00e7ay i\u00e7tiklerini, neler s\u00f6ylediklerini, hala cezaland\u0131r\u0131lmad\u0131klar\u0131n\u0131 ve bir g\u00fcn T\u00fcrkiye&#8217;de hukuk devleti tekrar tesis edildi\u011finde adaletin tecelli edece\u011fini de \u015fimdiden ifade edelim. Ger\u00e7ek katiller, torbac\u0131lar\u0131n arkas\u0131na s\u0131\u011f\u0131nanlar, adaletin pen\u00e7esinden ka\u00e7amayacaklar&#8221; dedi.<\/p>\n<p>\u201cADALET SAVA\u015eIMIZ DEVAM ED\u0130YOR\u201d<\/p>\n<p>Sinan Ate\u015f&#8217;in ablas\u0131 Selma Ate\u015f ise &#8220;Sinan Ate\u015f 30 Aral\u0131k&#8217;ta, Ankara&#8217;da herkesin g\u00f6z\u00fc \u00f6n\u00fcnde katledildi. Bu katliam\u0131 azmettirenler hala d\u0131\u015farda. Sinan Ate\u015f&#8217;in katilleri hen\u00fcz tutuklanmad\u0131. Bir\u00e7ok ki\u015fi Sinan Ate\u015f gibi katledilmesin diye adalet sava\u015f\u0131m\u0131z devam ediyor. Belediye Ba\u015fkan\u0131m\u0131z\u0131n g\u00f6stermi\u015f oldu\u011fu duru\u015f bizim i\u00e7in \u00e7ok \u00f6nemli, \u00e7\u00fcnk\u00fc baz\u0131lar\u0131 Sinan Ate\u015f&#8217;e vefalar\u0131n\u0131 g\u00f6steremiyor&#8221; ifadelerini kulland\u0131.<\/p>\n<p>\u00d6ZDA\u011e SERT KONU\u015eTU\u00a0<\/p>\n<p>Konu\u015fmalar\u0131n ard\u0131ndan Sinan Ate\u015f Caddesi&#8217;nin kurdelesi kesildi ve tabelas\u0131 a\u00e7\u0131ld\u0131. \u00d6zda\u011f daha sonra Tefenni Belediyesi&#8217;nin imal etti\u011fi elektrik enerjisiyle \u00e7al\u0131\u015fan tramvay\u0131n vatman koltu\u011funa ge\u00e7erek, Tefenni Belediyesi&#8217;ne kadar s\u00fcrd\u00fc. Belediyede bas\u0131n mensuplar\u0131na a\u00e7\u0131klama yapan \u00d6zda\u011f, &#8220;\u0130mral\u0131\u2019da Abdullah \u00d6calan\u2019la b\u00fct\u00fcn detaylar\u0131n\u0131n planland\u0131\u011f\u0131, s\u00fcrecin ilmek ilmek \u00f6r\u00fcld\u00fc\u011f\u00fc ifade edilen bir g\u00f6r\u00fc\u015fme s\u00fcreci y\u00fcr\u00fct\u00fcl\u00fcyor. Bu s\u00fcrecin b\u00fct\u00fcn detaylar\u0131yla planland\u0131\u011f\u0131n\u0131, s\u00fcrecin ilmek ilmek \u00f6r\u00fcld\u00fc\u011f\u00fcn\u00fc ifade eden ki\u015fi, eski AK Parti milletvekili \u0130hsan Arslan. Ancak T\u00fcrk halk\u0131n\u0131n, Abdullah \u00d6calan\u2019\u0131n \u0130mral\u0131\u2019dan \u00e7\u0131kart\u0131lmas\u0131, PKK\u2019l\u0131lara af getirilmesi konusunda Cumhur \u0130ttifak\u0131\u2019n\u0131n politikalar\u0131na g\u00f6sterdi\u011fi sert tepki \u00fczerine hem Erdo\u011fan hem Devlet Bah\u00e7eli halk\u0131n tepkisini yumu\u015fatmaya y\u00f6nelik, \u2018Af yok, \u00d6calan \u0130mral\u0131\u2019dan bile \u00e7\u0131kmayacak, hi\u00e7bir \u015fey de\u011fi\u015fmeyecek\u2019 \u015feklinde d\u00fcnden beri a\u00e7\u0131klamalar yap\u0131yor&#8221; dedi.<\/p>\n<p>HALK TEPK\u0130S\u0130N\u0130 YUMU\u015eATMAYA \u00c7ALI\u015eIYORLAR<\/p>\n<p>\u00d6zda\u011f, &#8220;T\u00fcrk milletine izah etmeleri gereken \u015fudur; Abdullah \u00d6calan ve PKK ter\u00f6r \u00f6rg\u00fct\u00fc aniden ba\u015flar\u0131na bir ta\u015f m\u0131 d\u00fc\u015ft\u00fc de 40 y\u0131ldan beri s\u00fcrd\u00fcrd\u00fckleri al\u00e7ak\u00e7a ter\u00f6r eylemlerini bitirme ve kendilerini la\u011fvetme karar\u0131 verdi. Emperyalizmin T\u00fcrkiye\u2019ye kar\u015f\u0131 kulland\u0131\u011f\u0131 ara\u00e7lar\u0131 oldu\u011funu bildi\u011fimiz PKK, PYD, PJAK gibi yap\u0131lar da arkas\u0131ndaki emperyalist g\u00fc\u00e7ler aniden T\u00fcrkiye\u2019nin dostu mu oldular ki Abdullah \u00d6calan ter\u00f6r \u00f6rg\u00fct\u00fcne \u2018silahlar\u0131 b\u0131rak\u0131n, kendinizi la\u011fvedin\u2019 diyecek ve onlar da la\u011fvedecek. Hay\u0131r. Mesele sadece y\u00fckselen halk tepkisini yumu\u015fatmaya y\u00f6nelik a\u00e7\u0131klamalard\u0131r&#8221; diye konu\u015ftu.<\/p>\n<p>\u200bZafer Partisi Genel Ba\u015fkan\u0131 \u00dcmit \u00d6zda\u011f, Burdur\u2019un Tefenni il\u00e7esinde ad\u0131 daha \u00f6nce &#8216;Devlet Bah\u00e7eli&#8217; olan fakat sonradan &#8216;Sinan Ate\u015f&#8217; olarak de\u011fi\u015ftirilen caddenin a\u00e7\u0131l\u0131\u015f t\u00f6renine kat\u0131ld\u0131\u00a0<\/p>\n<p>\u200bHaberin Al\u0131nt\u0131land\u0131\u011f\u0131 Kaynak: www.antalyakorfez.com<\/p>","protected":false},"excerpt":{"rendered":"<p>Burdur\u2019un Tefenni il\u00e7esinde &#8216;Devlet Bah\u00e7eli&#8217; caddesinin ismi bir b\u00f6l\u00fcm\u00fc &#8216;Sinan Ate\u015f&#8217;, di\u011fer b\u00f6l\u00fcm\u00fc &#8216;H\u00fcseyin Nihal Ats\u0131z&#8217; olarak de\u011fi\u015ftirildi.\u00a0Zafer Partisi Genel Ba\u015fkan\u0131 \u00dcmit \u00d6zda\u011f, de\u011fi\u015ftirilen caddenin a\u00e7\u0131l\u0131\u015f\u0131na kat\u0131ld\u0131. \u00d6zda\u011f, \u201cT\u00fcrkiye&#8217;de hukuk devleti tekrar tesis edildi\u011finde adaletin tecelli edece\u011fini de \u015fimdiden ifade edelim. Ger\u00e7ek katiller, torbac\u0131lar\u0131n arkas\u0131na s\u0131\u011f\u0131nanlar, adaletin pen\u00e7esinden ka\u00e7amayacaklar&#8221; dedi. S\u0130NAN ATE\u015e CADDES\u0130\u00a0 Burdur Tefenni Belediyesi&#8217;nin 3 Ocak&#8217;ta d\u00fczenlenen y\u0131l\u0131n ilk meclis toplant\u0131s\u0131nda, &#8216;Devlet Bah\u00e7eli Caddesi&#8217;nin ad\u0131n\u0131n de\u011fi\u015ftirilmesi teklifi, oy \u00e7oklu\u011fuyla kabul edildi. Caddenin bir b\u00f6l\u00fcm\u00fcne &#8216;H\u00fcseyin Nihal Ats\u0131z&#8217;, di\u011fer b\u00f6l\u00fcm\u00fcne &#8216;Sinan Ate\u015f&#8217; ad\u0131 verildi. Sinan Ate\u015f Caddesi&#8217;nin a\u00e7\u0131l\u0131\u015f\u0131, Zafer Partisi Genel Ba\u015fkan\u0131 \u00dcmit \u00d6zda\u011f ile Sinan Ate\u015f&#8217;in ablas\u0131 Selma Ate\u015f&#8217;in kat\u0131l\u0131m\u0131yla yap\u0131ld\u0131. \u201cBU B\u0130R PROJE M\u0130?\u201d A\u00e7\u0131l\u0131\u015f \u00f6ncesinde parti otob\u00fcs\u00fcnden halka seslenen \u00dcmit \u00d6zda\u011f, caddeye &#8216;Sinan Ate\u015f&#8217; isminin verilmesinden dolay\u0131 Belediye Ba\u015fkan\u0131na &#8216;Bu bir proje mi&#8217; ele\u015ftirileri geldi\u011fini belirterek, &#8220;Bu caddenin isminin Sinan Ate\u015f olmas\u0131 bir proje de\u011fil ama Sinan Ate\u015f cinayeti al\u00e7ak\u00e7a bir proje idi. Ve bu projenin sahiplerinin kim oldu\u011funu, nerede oturduklar\u0131n\u0131, ka\u00e7\u0131nc\u0131 katta \u00e7ay i\u00e7tiklerini, neler s\u00f6ylediklerini, hala cezaland\u0131r\u0131lmad\u0131klar\u0131n\u0131 ve bir g\u00fcn T\u00fcrkiye&#8217;de hukuk devleti tekrar tesis edildi\u011finde adaletin tecelli edece\u011fini de \u015fimdiden ifade edelim. Ger\u00e7ek katiller, torbac\u0131lar\u0131n arkas\u0131na s\u0131\u011f\u0131nanlar, adaletin pen\u00e7esinden ka\u00e7amayacaklar&#8221; dedi. \u201cADALET SAVA\u015eIMIZ DEVAM ED\u0130YOR\u201d Sinan Ate\u015f&#8217;in ablas\u0131 Selma Ate\u015f ise &#8220;Sinan Ate\u015f &hellip;<\/p>","protected":false},"author":5,"featured_media":0,"comment_status":"open","ping_status":"open","sticky":false,"template":"","format":"standard","meta":{"_acf_changed":false,"footnotes":""},"categories":[24],"tags":[],"class_list":["post-25697","post","type-post","status-publish","format-standard","has-post-thumbnail","hentry","category-gundem"],"acf":[],"yoast_head":"<!-- This site is optimized with the Yoast SEO Premium plugin v26.6 (Yoast SEO v27.1.1) - https:\/\/yoast.com\/product\/yoast-seo-premium-wordpress\/ -->\n<title>\u00dcmit \u00d6zda\u011f, Sinan Ate\u015f Caddesi\u2019nin a\u00e7\u0131l\u0131\u015f\u0131n\u0131 yapt\u0131 - Av. Deniz Can K\u0131z\u0131l<\/title>\n<meta name=\"robots\" content=\"index, follow, max-snippet:-1, max-image-preview:large, max-video-preview:-1\" \/>\n<link rel=\"canonical\" href=\"http:\/\/denizcankizil.tr\/uk\/haberler\/gundem\/umit-ozdag-sinan-ates-caddesinin-acilisini-yapti\/\" \/>\n<meta property=\"og:locale\" content=\"uk_UA\" \/>\n<meta property=\"og:type\" content=\"article\" \/>\n<meta property=\"og:title\" content=\"\u00dcmit \u00d6zda\u011f, Sinan Ate\u015f Caddesi\u2019nin a\u00e7\u0131l\u0131\u015f\u0131n\u0131 yapt\u0131\" \/>\n<meta property=\"og:description\" content=\"Burdur\u2019un Tefenni il\u00e7esinde &#8216;Devlet Bah\u00e7eli&#8217; caddesinin ismi bir b\u00f6l\u00fcm\u00fc &#8216;Sinan Ate\u015f&#8217;, di\u011fer b\u00f6l\u00fcm\u00fc &#8216;H\u00fcseyin Nihal Ats\u0131z&#8217; olarak de\u011fi\u015ftirildi.\u00a0Zafer Partisi Genel Ba\u015fkan\u0131 \u00dcmit \u00d6zda\u011f, de\u011fi\u015ftirilen caddenin a\u00e7\u0131l\u0131\u015f\u0131na kat\u0131ld\u0131. \u00d6zda\u011f, \u201cT\u00fcrkiye&#8217;de hukuk devleti tekrar tesis edildi\u011finde adaletin tecelli edece\u011fini de \u015fimdiden ifade edelim. Ger\u00e7ek katiller, torbac\u0131lar\u0131n arkas\u0131na s\u0131\u011f\u0131nanlar, adaletin pen\u00e7esinden ka\u00e7amayacaklar&#8221; dedi. S\u0130NAN ATE\u015e CADDES\u0130\u00a0 Burdur Tefenni Belediyesi&#8217;nin 3 Ocak&#8217;ta d\u00fczenlenen y\u0131l\u0131n ilk meclis toplant\u0131s\u0131nda, &#8216;Devlet Bah\u00e7eli Caddesi&#8217;nin ad\u0131n\u0131n de\u011fi\u015ftirilmesi teklifi, oy \u00e7oklu\u011fuyla kabul edildi. Caddenin bir b\u00f6l\u00fcm\u00fcne &#8216;H\u00fcseyin Nihal Ats\u0131z&#8217;, di\u011fer b\u00f6l\u00fcm\u00fcne &#8216;Sinan Ate\u015f&#8217; ad\u0131 verildi. Sinan Ate\u015f Caddesi&#8217;nin a\u00e7\u0131l\u0131\u015f\u0131, Zafer Partisi Genel Ba\u015fkan\u0131 \u00dcmit \u00d6zda\u011f ile Sinan Ate\u015f&#8217;in ablas\u0131 Selma Ate\u015f&#8217;in kat\u0131l\u0131m\u0131yla yap\u0131ld\u0131. \u201cBU B\u0130R PROJE M\u0130?\u201d A\u00e7\u0131l\u0131\u015f \u00f6ncesinde parti otob\u00fcs\u00fcnden halka seslenen \u00dcmit \u00d6zda\u011f, caddeye &#8216;Sinan Ate\u015f&#8217; isminin verilmesinden dolay\u0131 Belediye Ba\u015fkan\u0131na &#8216;Bu bir proje mi&#8217; ele\u015ftirileri geldi\u011fini belirterek, &#8220;Bu caddenin isminin Sinan Ate\u015f olmas\u0131 bir proje de\u011fil ama Sinan Ate\u015f cinayeti al\u00e7ak\u00e7a bir proje idi. Ve bu projenin sahiplerinin kim oldu\u011funu, nerede oturduklar\u0131n\u0131, ka\u00e7\u0131nc\u0131 katta \u00e7ay i\u00e7tiklerini, neler s\u00f6ylediklerini, hala cezaland\u0131r\u0131lmad\u0131klar\u0131n\u0131 ve bir g\u00fcn T\u00fcrkiye&#8217;de hukuk devleti tekrar tesis edildi\u011finde adaletin tecelli edece\u011fini de \u015fimdiden ifade edelim. Ger\u00e7ek katiller, torbac\u0131lar\u0131n arkas\u0131na s\u0131\u011f\u0131nanlar, adaletin pen\u00e7esinden ka\u00e7amayacaklar&#8221; dedi. \u201cADALET SAVA\u015eIMIZ DEVAM ED\u0130YOR\u201d Sinan Ate\u015f&#8217;in ablas\u0131 Selma Ate\u015f ise &#8220;Sinan Ate\u015f &hellip;\" \/>\n<meta property=\"og:url\" content=\"http:\/\/denizcankizil.tr\/uk\/haberler\/gundem\/umit-ozdag-sinan-ates-caddesinin-acilisini-yapti\/\" \/>\n<meta property=\"og:site_name\" content=\"Av. Deniz Can K\u0131z\u0131l\" \/>\n<meta property=\"article:published_time\" content=\"2025-01-16T15:41:39+00:00\" \/>\n<meta name=\"author\" content=\"Antalya K\u00f6rfez\" \/>\n<meta name=\"twitter:card\" content=\"summary_large_image\" \/>\n<meta name=\"twitter:label1\" content=\"\u041d\u0430\u043f\u0438\u0441\u0430\u043d\u043e\" \/>\n\t<meta name=\"twitter:data1\" content=\"Antalya K\u00f6rfez\" \/>\n\t<meta name=\"twitter:label2\" content=\"\u041f\u0440\u0438\u0431\u043b. \u0447\u0430\u0441 \u0447\u0438\u0442\u0430\u043d\u043d\u044f\" \/>\n\t<meta name=\"twitter:data2\" content=\"4 \u0445\u0432\u0438\u043b\u0438\u043d\u0438\" \/>\n<script type=\"application\/ld+json\" class=\"yoast-schema-graph\">{\"@context\":\"https:\/\/schema.org\",\"@graph\":[{\"@type\":\"Article\",\"@id\":\"http:\/\/denizcankizil.tr\/ru\/haberler\/gundem\/umit-ozdag-sinan-ates-caddesinin-acilisini-yapti\/#article\",\"isPartOf\":{\"@id\":\"http:\/\/denizcankizil.tr\/ru\/haberler\/gundem\/umit-ozdag-sinan-ates-caddesinin-acilisini-yapti\/\"},\"author\":{\"name\":\"Antalya K\u00f6rfez\",\"@id\":\"https:\/\/denizcankizil.tr\/de\/#\/schema\/person\/e1eb71bb4dd684d46563f0af307e1234\"},\"headline\":\"\u00dcmit \u00d6zda\u011f, Sinan Ate\u015f Caddesi\u2019nin a\u00e7\u0131l\u0131\u015f\u0131n\u0131 yapt\u0131\",\"datePublished\":\"2025-01-16T15:41:39+00:00\",\"mainEntityOfPage\":{\"@id\":\"http:\/\/denizcankizil.tr\/ru\/haberler\/gundem\/umit-ozdag-sinan-ates-caddesinin-acilisini-yapti\/\"},\"wordCount\":719,\"commentCount\":0,\"publisher\":{\"@id\":\"https:\/\/denizcankizil.tr\/de\/#organization\"},\"articleSection\":[\"G\u00fcndem\"],\"inLanguage\":\"uk\",\"potentialAction\":[{\"@type\":\"CommentAction\",\"name\":\"Comment\",\"target\":[\"http:\/\/denizcankizil.tr\/ru\/haberler\/gundem\/umit-ozdag-sinan-ates-caddesinin-acilisini-yapti\/#respond\"]}]},{\"@type\":\"WebPage\",\"@id\":\"http:\/\/denizcankizil.tr\/ru\/haberler\/gundem\/umit-ozdag-sinan-ates-caddesinin-acilisini-yapti\/\",\"url\":\"http:\/\/denizcankizil.tr\/ru\/haberler\/gundem\/umit-ozdag-sinan-ates-caddesinin-acilisini-yapti\/\",\"name\":\"\u00dcmit \u00d6zda\u011f, Sinan Ate\u015f Caddesi\u2019nin a\u00e7\u0131l\u0131\u015f\u0131n\u0131 yapt\u0131 - Av. Deniz Can K\u0131z\u0131l\",\"isPartOf\":{\"@id\":\"https:\/\/denizcankizil.tr\/de\/#website\"},\"datePublished\":\"2025-01-16T15:41:39+00:00\",\"breadcrumb\":{\"@id\":\"http:\/\/denizcankizil.tr\/ru\/haberler\/gundem\/umit-ozdag-sinan-ates-caddesinin-acilisini-yapti\/#breadcrumb\"},\"inLanguage\":\"uk\",\"potentialAction\":[{\"@type\":\"ReadAction\",\"target\":[\"http:\/\/denizcankizil.tr\/ru\/haberler\/gundem\/umit-ozdag-sinan-ates-caddesinin-acilisini-yapti\/\"]}]},{\"@type\":\"BreadcrumbList\",\"@id\":\"http:\/\/denizcankizil.tr\/ru\/haberler\/gundem\/umit-ozdag-sinan-ates-caddesinin-acilisini-yapti\/#breadcrumb\",\"itemListElement\":[{\"@type\":\"ListItem\",\"position\":1,\"name\":\"Home\",\"item\":\"https:\/\/denizcankizil.tr\/de\/\"},{\"@type\":\"ListItem\",\"position\":2,\"name\":\"\u00dcmit \u00d6zda\u011f, Sinan Ate\u015f Caddesi\u2019nin a\u00e7\u0131l\u0131\u015f\u0131n\u0131 yapt\u0131\"}]},{\"@type\":\"WebSite\",\"@id\":\"https:\/\/denizcankizil.tr\/de\/#website\",\"url\":\"https:\/\/denizcankizil.tr\/de\/\",\"name\":\"Av. Deniz Can K\u0131z\u0131l\",\"description\":\"Avukat Deniz Can K\u0131z\u0131l Antalya Barosu\",\"publisher\":{\"@id\":\"https:\/\/denizcankizil.tr\/de\/#organization\"},\"potentialAction\":[{\"@type\":\"SearchAction\",\"target\":{\"@type\":\"EntryPoint\",\"urlTemplate\":\"https:\/\/denizcankizil.tr\/de\/?s={search_term_string}\"},\"query-input\":{\"@type\":\"PropertyValueSpecification\",\"valueRequired\":true,\"valueName\":\"search_term_string\"}}],\"inLanguage\":\"uk\"},{\"@type\":\"Organization\",\"@id\":\"https:\/\/denizcankizil.tr\/de\/#organization\",\"name\":\"Av. Deniz Can K\u0131z\u0131l\",\"url\":\"https:\/\/denizcankizil.tr\/de\/\",\"logo\":{\"@type\":\"ImageObject\",\"inLanguage\":\"uk\",\"@id\":\"https:\/\/denizcankizil.tr\/de\/#\/schema\/logo\/image\/\",\"url\":\"https:\/\/denizcankizil.tr\/wp-content\/uploads\/2024\/10\/siyah-logo-svg.svg\",\"contentUrl\":\"https:\/\/denizcankizil.tr\/wp-content\/uploads\/2024\/10\/siyah-logo-svg.svg\",\"width\":1080,\"height\":1080,\"caption\":\"Av. Deniz Can K\u0131z\u0131l\"},\"image\":{\"@id\":\"https:\/\/denizcankizil.tr\/de\/#\/schema\/logo\/image\/\"}},{\"@type\":\"Person\",\"@id\":\"https:\/\/denizcankizil.tr\/de\/#\/schema\/person\/e1eb71bb4dd684d46563f0af307e1234\",\"name\":\"Antalya K\u00f6rfez\",\"image\":{\"@type\":\"ImageObject\",\"inLanguage\":\"uk\",\"@id\":\"https:\/\/denizcankizil.tr\/de\/#\/schema\/person\/image\/\",\"url\":\"https:\/\/secure.gravatar.com\/avatar\/42b01982558a48a0b501fdcab6a408d3717ea5919095ee2e67b0e521799c5905?s=96&d=mm&r=g\",\"contentUrl\":\"https:\/\/secure.gravatar.com\/avatar\/42b01982558a48a0b501fdcab6a408d3717ea5919095ee2e67b0e521799c5905?s=96&d=mm&r=g\",\"caption\":\"Antalya K\u00f6rfez\"},\"sameAs\":[\"http:\/\/www.antalyakorfez.com\"],\"url\":\"https:\/\/www.antalyakorfez.com\/umit-ozdag-sinan-ates-caddesinin-acilisini-yapti\"}]}<\/script>\n<!-- \/ Yoast SEO Premium plugin. -->","yoast_head_json":{"title":"\u00dcmit \u00d6zda\u011f, Sinan Ate\u015f Caddesi\u2019nin a\u00e7\u0131l\u0131\u015f\u0131n\u0131 yapt\u0131 - Av. Deniz Can K\u0131z\u0131l","robots":{"index":"index","follow":"follow","max-snippet":"max-snippet:-1","max-image-preview":"max-image-preview:large","max-video-preview":"max-video-preview:-1"},"canonical":"http:\/\/denizcankizil.tr\/uk\/haberler\/gundem\/umit-ozdag-sinan-ates-caddesinin-acilisini-yapti\/","og_locale":"uk_UA","og_type":"article","og_title":"\u00dcmit \u00d6zda\u011f, Sinan Ate\u015f Caddesi\u2019nin a\u00e7\u0131l\u0131\u015f\u0131n\u0131 yapt\u0131","og_description":"Burdur\u2019un Tefenni il\u00e7esinde &#8216;Devlet Bah\u00e7eli&#8217; caddesinin ismi bir b\u00f6l\u00fcm\u00fc &#8216;Sinan Ate\u015f&#8217;, di\u011fer b\u00f6l\u00fcm\u00fc &#8216;H\u00fcseyin Nihal Ats\u0131z&#8217; olarak de\u011fi\u015ftirildi.\u00a0Zafer Partisi Genel Ba\u015fkan\u0131 \u00dcmit \u00d6zda\u011f, de\u011fi\u015ftirilen caddenin a\u00e7\u0131l\u0131\u015f\u0131na kat\u0131ld\u0131. \u00d6zda\u011f, \u201cT\u00fcrkiye&#8217;de hukuk devleti tekrar tesis edildi\u011finde adaletin tecelli edece\u011fini de \u015fimdiden ifade edelim. Ger\u00e7ek katiller, torbac\u0131lar\u0131n arkas\u0131na s\u0131\u011f\u0131nanlar, adaletin pen\u00e7esinden ka\u00e7amayacaklar&#8221; dedi. S\u0130NAN ATE\u015e CADDES\u0130\u00a0 Burdur Tefenni Belediyesi&#8217;nin 3 Ocak&#8217;ta d\u00fczenlenen y\u0131l\u0131n ilk meclis toplant\u0131s\u0131nda, &#8216;Devlet Bah\u00e7eli Caddesi&#8217;nin ad\u0131n\u0131n de\u011fi\u015ftirilmesi teklifi, oy \u00e7oklu\u011fuyla kabul edildi. Caddenin bir b\u00f6l\u00fcm\u00fcne &#8216;H\u00fcseyin Nihal Ats\u0131z&#8217;, di\u011fer b\u00f6l\u00fcm\u00fcne &#8216;Sinan Ate\u015f&#8217; ad\u0131 verildi. Sinan Ate\u015f Caddesi&#8217;nin a\u00e7\u0131l\u0131\u015f\u0131, Zafer Partisi Genel Ba\u015fkan\u0131 \u00dcmit \u00d6zda\u011f ile Sinan Ate\u015f&#8217;in ablas\u0131 Selma Ate\u015f&#8217;in kat\u0131l\u0131m\u0131yla yap\u0131ld\u0131. \u201cBU B\u0130R PROJE M\u0130?\u201d A\u00e7\u0131l\u0131\u015f \u00f6ncesinde parti otob\u00fcs\u00fcnden halka seslenen \u00dcmit \u00d6zda\u011f, caddeye &#8216;Sinan Ate\u015f&#8217; isminin verilmesinden dolay\u0131 Belediye Ba\u015fkan\u0131na &#8216;Bu bir proje mi&#8217; ele\u015ftirileri geldi\u011fini belirterek, &#8220;Bu caddenin isminin Sinan Ate\u015f olmas\u0131 bir proje de\u011fil ama Sinan Ate\u015f cinayeti al\u00e7ak\u00e7a bir proje idi. Ve bu projenin sahiplerinin kim oldu\u011funu, nerede oturduklar\u0131n\u0131, ka\u00e7\u0131nc\u0131 katta \u00e7ay i\u00e7tiklerini, neler s\u00f6ylediklerini, hala cezaland\u0131r\u0131lmad\u0131klar\u0131n\u0131 ve bir g\u00fcn T\u00fcrkiye&#8217;de hukuk devleti tekrar tesis edildi\u011finde adaletin tecelli edece\u011fini de \u015fimdiden ifade edelim. Ger\u00e7ek katiller, torbac\u0131lar\u0131n arkas\u0131na s\u0131\u011f\u0131nanlar, adaletin pen\u00e7esinden ka\u00e7amayacaklar&#8221; dedi. \u201cADALET SAVA\u015eIMIZ DEVAM ED\u0130YOR\u201d Sinan Ate\u015f&#8217;in ablas\u0131 Selma Ate\u015f ise &#8220;Sinan Ate\u015f &hellip;","og_url":"http:\/\/denizcankizil.tr\/uk\/haberler\/gundem\/umit-ozdag-sinan-ates-caddesinin-acilisini-yapti\/","og_site_name":"Av. Deniz Can K\u0131z\u0131l","article_published_time":"2025-01-16T15:41:39+00:00","author":"Antalya K\u00f6rfez","twitter_card":"summary_large_image","twitter_misc":{"\u041d\u0430\u043f\u0438\u0441\u0430\u043d\u043e":"Antalya K\u00f6rfez","\u041f\u0440\u0438\u0431\u043b. \u0447\u0430\u0441 \u0447\u0438\u0442\u0430\u043d\u043d\u044f":"4 \u0445\u0432\u0438\u043b\u0438\u043d\u0438"},"schema":{"@context":"https:\/\/schema.org","@graph":[{"@type":"Article","@id":"http:\/\/denizcankizil.tr\/ru\/haberler\/gundem\/umit-ozdag-sinan-ates-caddesinin-acilisini-yapti\/#article","isPartOf":{"@id":"http:\/\/denizcankizil.tr\/ru\/haberler\/gundem\/umit-ozdag-sinan-ates-caddesinin-acilisini-yapti\/"},"author":{"name":"Antalya K\u00f6rfez","@id":"https:\/\/denizcankizil.tr\/de\/#\/schema\/person\/e1eb71bb4dd684d46563f0af307e1234"},"headline":"\u00dcmit \u00d6zda\u011f, Sinan Ate\u015f Caddesi\u2019nin a\u00e7\u0131l\u0131\u015f\u0131n\u0131 yapt\u0131","datePublished":"2025-01-16T15:41:39+00:00","mainEntityOfPage":{"@id":"http:\/\/denizcankizil.tr\/ru\/haberler\/gundem\/umit-ozdag-sinan-ates-caddesinin-acilisini-yapti\/"},"wordCount":719,"commentCount":0,"publisher":{"@id":"https:\/\/denizcankizil.tr\/de\/#organization"},"articleSection":["G\u00fcndem"],"inLanguage":"uk","potentialAction":[{"@type":"CommentAction","name":"Comment","target":["http:\/\/denizcankizil.tr\/ru\/haberler\/gundem\/umit-ozdag-sinan-ates-caddesinin-acilisini-yapti\/#respond"]}]},{"@type":"WebPage","@id":"http:\/\/denizcankizil.tr\/ru\/haberler\/gundem\/umit-ozdag-sinan-ates-caddesinin-acilisini-yapti\/","url":"http:\/\/denizcankizil.tr\/ru\/haberler\/gundem\/umit-ozdag-sinan-ates-caddesinin-acilisini-yapti\/","name":"\u00dcmit \u00d6zda\u011f, Sinan Ate\u015f Caddesi\u2019nin a\u00e7\u0131l\u0131\u015f\u0131n\u0131 yapt\u0131 - Av. Deniz Can K\u0131z\u0131l","isPartOf":{"@id":"https:\/\/denizcankizil.tr\/de\/#website"},"datePublished":"2025-01-16T15:41:39+00:00","breadcrumb":{"@id":"http:\/\/denizcankizil.tr\/ru\/haberler\/gundem\/umit-ozdag-sinan-ates-caddesinin-acilisini-yapti\/#breadcrumb"},"inLanguage":"uk","potentialAction":[{"@type":"ReadAction","target":["http:\/\/denizcankizil.tr\/ru\/haberler\/gundem\/umit-ozdag-sinan-ates-caddesinin-acilisini-yapti\/"]}]},{"@type":"BreadcrumbList","@id":"http:\/\/denizcankizil.tr\/ru\/haberler\/gundem\/umit-ozdag-sinan-ates-caddesinin-acilisini-yapti\/#breadcrumb","itemListElement":[{"@type":"ListItem","position":1,"name":"Home","item":"https:\/\/denizcankizil.tr\/de\/"},{"@type":"ListItem","position":2,"name":"\u00dcmit \u00d6zda\u011f, Sinan Ate\u015f Caddesi\u2019nin a\u00e7\u0131l\u0131\u015f\u0131n\u0131 yapt\u0131"}]},{"@type":"WebSite","@id":"https:\/\/denizcankizil.tr\/de\/#website","url":"https:\/\/denizcankizil.tr\/de\/","name":"Av. Deniz Can K\u0131z\u0131l","description":"Avukat Deniz Can K\u0131z\u0131l Antalya Barosu","publisher":{"@id":"https:\/\/denizcankizil.tr\/de\/#organization"},"potentialAction":[{"@type":"SearchAction","target":{"@type":"EntryPoint","urlTemplate":"https:\/\/denizcankizil.tr\/de\/?s={search_term_string}"},"query-input":{"@type":"PropertyValueSpecification","valueRequired":true,"valueName":"search_term_string"}}],"inLanguage":"uk"},{"@type":"Organization","@id":"https:\/\/denizcankizil.tr\/de\/#organization","name":"Av. Deniz Can K\u0131z\u0131l","url":"https:\/\/denizcankizil.tr\/de\/","logo":{"@type":"ImageObject","inLanguage":"uk","@id":"https:\/\/denizcankizil.tr\/de\/#\/schema\/logo\/image\/","url":"https:\/\/denizcankizil.tr\/wp-content\/uploads\/2024\/10\/siyah-logo-svg.svg","contentUrl":"https:\/\/denizcankizil.tr\/wp-content\/uploads\/2024\/10\/siyah-logo-svg.svg","width":1080,"height":1080,"caption":"Av. Deniz Can K\u0131z\u0131l"},"image":{"@id":"https:\/\/denizcankizil.tr\/de\/#\/schema\/logo\/image\/"}},{"@type":"Person","@id":"https:\/\/denizcankizil.tr\/de\/#\/schema\/person\/e1eb71bb4dd684d46563f0af307e1234","name":"Antalya K\u00f6rfez","image":{"@type":"ImageObject","inLanguage":"uk","@id":"https:\/\/denizcankizil.tr\/de\/#\/schema\/person\/image\/","url":"https:\/\/secure.gravatar.com\/avatar\/42b01982558a48a0b501fdcab6a408d3717ea5919095ee2e67b0e521799c5905?s=96&d=mm&r=g","contentUrl":"https:\/\/secure.gravatar.com\/avatar\/42b01982558a48a0b501fdcab6a408d3717ea5919095ee2e67b0e521799c5905?s=96&d=mm&r=g","caption":"Antalya K\u00f6rfez"},"sameAs":["http:\/\/www.antalyakorfez.com"],"url":"https:\/\/www.antalyakorfez.com\/umit-ozdag-sinan-ates-caddesinin-acilisini-yapti"}]}},"_links":{"self":[{"href":"https:\/\/denizcankizil.tr\/uk\/wp-json\/wp\/v2\/posts\/25697","targetHints":{"allow":["GET"]}}],"collection":[{"href":"https:\/\/denizcankizil.tr\/uk\/wp-json\/wp\/v2\/posts"}],"about":[{"href":"https:\/\/denizcankizil.tr\/uk\/wp-json\/wp\/v2\/types\/post"}],"author":[{"embeddable":true,"href":"https:\/\/denizcankizil.tr\/uk\/wp-json\/wp\/v2\/users\/5"}],"replies":[{"embeddable":true,"href":"https:\/\/denizcankizil.tr\/uk\/wp-json\/wp\/v2\/comments?post=25697"}],"version-history":[{"count":0,"href":"https:\/\/denizcankizil.tr\/uk\/wp-json\/wp\/v2\/posts\/25697\/revisions"}],"wp:attachment":[{"href":"https:\/\/denizcankizil.tr\/uk\/wp-json\/wp\/v2\/media?parent=25697"}],"wp:term":[{"taxonomy":"category","embeddable":true,"href":"https:\/\/denizcankizil.tr\/uk\/wp-json\/wp\/v2\/categories?post=25697"},{"taxonomy":"post_tag","embeddable":true,"href":"https:\/\/denizcankizil.tr\/uk\/wp-json\/wp\/v2\/tags?post=25697"}],"curies":[{"name":"wp","href":"https:\/\/api.w.org\/{rel}","templated":true}]}}