{"id":25646,"date":"2025-01-16T13:41:40","date_gmt":"2025-01-16T10:41:40","guid":{"rendered":"https:\/\/denizcankizil.tr\/uncategorized-tr\/egitmenlere-sporcu-sagligi-semineri\/"},"modified":"2025-01-16T13:41:40","modified_gmt":"2025-01-16T10:41:40","slug":"egitmenlere-sporcu-sagligi-semineri","status":"publish","type":"post","link":"https:\/\/denizcankizil.tr\/uk\/haberler\/antalya\/egitmenlere-sporcu-sagligi-semineri\/","title":{"rendered":"E\u011fitmenlere \u2018Sporcu Sa\u011fl\u0131\u011f\u0131&#8217; semineri"},"content":{"rendered":"<p>Antalya B\u00fcy\u00fck\u015fehir Belediyesi, e\u011fitim seminerlerini yo\u011fun bir \u015fekilde s\u00fcrd\u00fcr\u00fcyor. Bu kapsamda Antalya B\u00fcy\u00fck\u015fehir Belediyesi ASF\u0130M merkezlerinde \u00e7al\u0131\u015fan e\u011fitmenlere y\u00f6nelik \u2018Sporcu Sa\u011fl\u0131\u011f\u0131&#8217; konusunda e\u011fitim semineri d\u00fczenlendi. B\u00fcy\u00fck\u015fehir Belediyesi Gen\u00e7lik Kamp\u0131 ve E\u011fitim Merkezi&#8217;nde ger\u00e7ekle\u015fen e\u011fitimde Medstar Hastanesi&#8217;nde g\u00f6revli olan Do\u00e7. Dr. Murat K\u00f6ken, ASF\u0130M e\u011fitmenlerini bilgilendirdi.<\/p>\n<p>\u201cPersonel vatanda\u015fa her y\u00f6nden yeterli olmal\u0131\u201d<br \/>\nSeminerde, acil m\u00fcdahale protokolleri, acil durum ekipmanlar\u0131, tedavi s\u00fcreci ve do\u011fru tedavi y\u00f6ntemleri gibi bir\u00e7ok farkl\u0131 konuya de\u011finildi. Bu seminerler ile e\u011fitmenlerin bilin\u00e7lenmesi, ASF\u0130M&#8217;lere gelen amat\u00f6r sporculara olu\u015fabilecek durumlarda en do\u011fru \u015fekilde m\u00fcdahale etme y\u00f6ntemleri anlat\u0131ld\u0131. Antalya B\u00fcy\u00fck\u015fehir Belediyesi Spor Hizmetleri \u015eube M\u00fcd\u00fcr\u00fc Yakup Deveci, ASF\u0130M&#8217;lerde \u00e7al\u0131\u015fan spor e\u011fitmenlerimize y\u00f6nelik bir \u00e7al\u0131\u015fma ger\u00e7ekle\u015ftirdiklerini belirterek, \u201cSpor merkezlerimize gelen vatanda\u015flar\u0131m\u0131za daha iyi hizmet verebilmek ad\u0131na, personellerimizin her y\u00f6nden yeterli seviyede olmas\u0131 i\u00e7in \u00e7al\u0131\u015fmalar\u0131m\u0131z\u0131 s\u00fcrd\u00fcr\u00fcyoruz\u201d dedi.<\/p>\n<p>Kaynak: www.kanalv.com.tr Haber Sitesinden Al\u0131nm\u0131\u015ft\u0131r.<\/p>","protected":false},"excerpt":{"rendered":"<p>Antalya B\u00fcy\u00fck\u015fehir Belediyesi, e\u011fitim seminerlerini yo\u011fun bir \u015fekilde s\u00fcrd\u00fcr\u00fcyor. Bu kapsamda Antalya B\u00fcy\u00fck\u015fehir Belediyesi ASF\u0130M merkezlerinde \u00e7al\u0131\u015fan e\u011fitmenlere y\u00f6nelik \u2018Sporcu Sa\u011fl\u0131\u011f\u0131&#8217; konusunda e\u011fitim semineri d\u00fczenlendi. B\u00fcy\u00fck\u015fehir Belediyesi Gen\u00e7lik Kamp\u0131 ve E\u011fitim Merkezi&#8217;nde ger\u00e7ekle\u015fen e\u011fitimde Medstar Hastanesi&#8217;nde g\u00f6revli olan Do\u00e7. Dr. Murat K\u00f6ken, ASF\u0130M e\u011fitmenlerini bilgilendirdi. \u201cPersonel vatanda\u015fa her y\u00f6nden yeterli olmal\u0131\u201d Seminerde, acil m\u00fcdahale protokolleri, acil durum ekipmanlar\u0131, tedavi s\u00fcreci ve do\u011fru tedavi y\u00f6ntemleri gibi bir\u00e7ok farkl\u0131 konuya de\u011finildi. Bu seminerler ile e\u011fitmenlerin bilin\u00e7lenmesi, ASF\u0130M&#8217;lere gelen amat\u00f6r sporculara olu\u015fabilecek durumlarda en do\u011fru \u015fekilde m\u00fcdahale etme y\u00f6ntemleri anlat\u0131ld\u0131. Antalya B\u00fcy\u00fck\u015fehir Belediyesi Spor Hizmetleri \u015eube M\u00fcd\u00fcr\u00fc Yakup Deveci, ASF\u0130M&#8217;lerde \u00e7al\u0131\u015fan spor e\u011fitmenlerimize y\u00f6nelik bir \u00e7al\u0131\u015fma ger\u00e7ekle\u015ftirdiklerini belirterek, \u201cSpor merkezlerimize gelen vatanda\u015flar\u0131m\u0131za daha iyi hizmet verebilmek ad\u0131na, personellerimizin her y\u00f6nden yeterli seviyede olmas\u0131 i\u00e7in \u00e7al\u0131\u015fmalar\u0131m\u0131z\u0131 s\u00fcrd\u00fcr\u00fcyoruz\u201d dedi. Kaynak: www.kanalv.com.tr Haber Sitesinden Al\u0131nm\u0131\u015ft\u0131r.<\/p>","protected":false},"author":4,"featured_media":25647,"comment_status":"open","ping_status":"open","sticky":false,"template":"","format":"standard","meta":{"_acf_changed":false,"footnotes":""},"categories":[26],"tags":[],"class_list":["post-25646","post","type-post","status-publish","format-standard","has-post-thumbnail","hentry","category-antalya"],"acf":[],"yoast_head":"<!-- This site is optimized with the Yoast SEO Premium plugin v26.6 (Yoast SEO v27.1.1) - https:\/\/yoast.com\/product\/yoast-seo-premium-wordpress\/ -->\n<title>E\u011fitmenlere \u2018Sporcu Sa\u011fl\u0131\u011f\u0131&#039; semineri - Av. Deniz Can K\u0131z\u0131l<\/title>\n<meta name=\"robots\" content=\"index, follow, max-snippet:-1, max-image-preview:large, max-video-preview:-1\" \/>\n<link rel=\"canonical\" href=\"https:\/\/denizcankizil.tr\/uk\/haberler\/antalya\/egitmenlere-sporcu-sagligi-semineri\/\" \/>\n<meta property=\"og:locale\" content=\"uk_UA\" \/>\n<meta property=\"og:type\" content=\"article\" \/>\n<meta property=\"og:title\" content=\"E\u011fitmenlere \u2018Sporcu Sa\u011fl\u0131\u011f\u0131&#039; semineri\" \/>\n<meta property=\"og:description\" content=\"Antalya B\u00fcy\u00fck\u015fehir Belediyesi, e\u011fitim seminerlerini yo\u011fun bir \u015fekilde s\u00fcrd\u00fcr\u00fcyor. Bu kapsamda Antalya B\u00fcy\u00fck\u015fehir Belediyesi ASF\u0130M merkezlerinde \u00e7al\u0131\u015fan e\u011fitmenlere y\u00f6nelik \u2018Sporcu Sa\u011fl\u0131\u011f\u0131&#8217; konusunda e\u011fitim semineri d\u00fczenlendi. B\u00fcy\u00fck\u015fehir Belediyesi Gen\u00e7lik Kamp\u0131 ve E\u011fitim Merkezi&#8217;nde ger\u00e7ekle\u015fen e\u011fitimde Medstar Hastanesi&#8217;nde g\u00f6revli olan Do\u00e7. Dr. Murat K\u00f6ken, ASF\u0130M e\u011fitmenlerini bilgilendirdi. \u201cPersonel vatanda\u015fa her y\u00f6nden yeterli olmal\u0131\u201d Seminerde, acil m\u00fcdahale protokolleri, acil durum ekipmanlar\u0131, tedavi s\u00fcreci ve do\u011fru tedavi y\u00f6ntemleri gibi bir\u00e7ok farkl\u0131 konuya de\u011finildi. Bu seminerler ile e\u011fitmenlerin bilin\u00e7lenmesi, ASF\u0130M&#8217;lere gelen amat\u00f6r sporculara olu\u015fabilecek durumlarda en do\u011fru \u015fekilde m\u00fcdahale etme y\u00f6ntemleri anlat\u0131ld\u0131. Antalya B\u00fcy\u00fck\u015fehir Belediyesi Spor Hizmetleri \u015eube M\u00fcd\u00fcr\u00fc Yakup Deveci, ASF\u0130M&#8217;lerde \u00e7al\u0131\u015fan spor e\u011fitmenlerimize y\u00f6nelik bir \u00e7al\u0131\u015fma ger\u00e7ekle\u015ftirdiklerini belirterek, \u201cSpor merkezlerimize gelen vatanda\u015flar\u0131m\u0131za daha iyi hizmet verebilmek ad\u0131na, personellerimizin her y\u00f6nden yeterli seviyede olmas\u0131 i\u00e7in \u00e7al\u0131\u015fmalar\u0131m\u0131z\u0131 s\u00fcrd\u00fcr\u00fcyoruz\u201d dedi. Kaynak: www.kanalv.com.tr Haber Sitesinden Al\u0131nm\u0131\u015ft\u0131r.\" \/>\n<meta property=\"og:url\" content=\"https:\/\/denizcankizil.tr\/uk\/haberler\/antalya\/egitmenlere-sporcu-sagligi-semineri\/\" \/>\n<meta property=\"og:site_name\" content=\"Av. Deniz Can K\u0131z\u0131l\" \/>\n<meta property=\"article:published_time\" content=\"2025-01-16T10:41:40+00:00\" \/>\n<meta property=\"og:image\" content=\"https:\/\/denizcankizil.tr\/wp-content\/uploads\/2025\/01\/4183-01-QbeMu6.jpeg\" \/>\n\t<meta property=\"og:image:width\" content=\"1280\" \/>\n\t<meta property=\"og:image:height\" content=\"720\" \/>\n\t<meta property=\"og:image:type\" content=\"image\/jpeg\" \/>\n<meta name=\"author\" content=\"Av. Deniz Can K\u0131z\u0131l\" \/>\n<meta name=\"twitter:card\" content=\"summary_large_image\" \/>\n<meta name=\"twitter:label1\" content=\"\u041d\u0430\u043f\u0438\u0441\u0430\u043d\u043e\" \/>\n\t<meta name=\"twitter:data1\" content=\"Av. Deniz Can K\u0131z\u0131l\" \/>\n\t<meta name=\"twitter:label2\" content=\"\u041f\u0440\u0438\u0431\u043b. \u0447\u0430\u0441 \u0447\u0438\u0442\u0430\u043d\u043d\u044f\" \/>\n\t<meta name=\"twitter:data2\" content=\"1 \u0445\u0432\u0438\u043b\u0438\u043d\u0430\" \/>\n<script type=\"application\/ld+json\" class=\"yoast-schema-graph\">{\"@context\":\"https:\/\/schema.org\",\"@graph\":[{\"@type\":\"Article\",\"@id\":\"https:\/\/denizcankizil.tr\/uk\/haberler\/antalya\/egitmenlere-sporcu-sagligi-semineri\/#article\",\"isPartOf\":{\"@id\":\"https:\/\/denizcankizil.tr\/uk\/haberler\/antalya\/egitmenlere-sporcu-sagligi-semineri\/\"},\"author\":{\"name\":\"Av. Deniz Can K\u0131z\u0131l\",\"@id\":\"https:\/\/denizcankizil.tr\/#\/schema\/person\/5dc1b22991bd7ac833867c10afc9b0ff\"},\"headline\":\"E\u011fitmenlere \u2018Sporcu Sa\u011fl\u0131\u011f\u0131&#8217; semineri\",\"datePublished\":\"2025-01-16T10:41:40+00:00\",\"mainEntityOfPage\":{\"@id\":\"https:\/\/denizcankizil.tr\/uk\/haberler\/antalya\/egitmenlere-sporcu-sagligi-semineri\/\"},\"wordCount\":216,\"commentCount\":0,\"publisher\":{\"@id\":\"https:\/\/denizcankizil.tr\/#organization\"},\"image\":{\"@id\":\"https:\/\/denizcankizil.tr\/uk\/haberler\/antalya\/egitmenlere-sporcu-sagligi-semineri\/#primaryimage\"},\"thumbnailUrl\":\"https:\/\/denizcankizil.tr\/wp-content\/uploads\/2025\/01\/4183-01-QbeMu6.jpeg\",\"articleSection\":[\"Antalya\"],\"inLanguage\":\"uk\",\"potentialAction\":[{\"@type\":\"CommentAction\",\"name\":\"Comment\",\"target\":[\"https:\/\/denizcankizil.tr\/uk\/haberler\/antalya\/egitmenlere-sporcu-sagligi-semineri\/#respond\"]}]},{\"@type\":\"WebPage\",\"@id\":\"https:\/\/denizcankizil.tr\/uk\/haberler\/antalya\/egitmenlere-sporcu-sagligi-semineri\/\",\"url\":\"https:\/\/denizcankizil.tr\/uk\/haberler\/antalya\/egitmenlere-sporcu-sagligi-semineri\/\",\"name\":\"E\u011fitmenlere \u2018Sporcu Sa\u011fl\u0131\u011f\u0131' semineri - Av. Deniz Can K\u0131z\u0131l\",\"isPartOf\":{\"@id\":\"https:\/\/denizcankizil.tr\/#website\"},\"primaryImageOfPage\":{\"@id\":\"https:\/\/denizcankizil.tr\/uk\/haberler\/antalya\/egitmenlere-sporcu-sagligi-semineri\/#primaryimage\"},\"image\":{\"@id\":\"https:\/\/denizcankizil.tr\/uk\/haberler\/antalya\/egitmenlere-sporcu-sagligi-semineri\/#primaryimage\"},\"thumbnailUrl\":\"https:\/\/denizcankizil.tr\/wp-content\/uploads\/2025\/01\/4183-01-QbeMu6.jpeg\",\"datePublished\":\"2025-01-16T10:41:40+00:00\",\"breadcrumb\":{\"@id\":\"https:\/\/denizcankizil.tr\/uk\/haberler\/antalya\/egitmenlere-sporcu-sagligi-semineri\/#breadcrumb\"},\"inLanguage\":\"uk\",\"potentialAction\":[{\"@type\":\"ReadAction\",\"target\":[\"https:\/\/denizcankizil.tr\/uk\/haberler\/antalya\/egitmenlere-sporcu-sagligi-semineri\/\"]}]},{\"@type\":\"ImageObject\",\"inLanguage\":\"uk\",\"@id\":\"https:\/\/denizcankizil.tr\/uk\/haberler\/antalya\/egitmenlere-sporcu-sagligi-semineri\/#primaryimage\",\"url\":\"https:\/\/denizcankizil.tr\/wp-content\/uploads\/2025\/01\/4183-01-QbeMu6.jpeg\",\"contentUrl\":\"https:\/\/denizcankizil.tr\/wp-content\/uploads\/2025\/01\/4183-01-QbeMu6.jpeg\",\"width\":1280,\"height\":720},{\"@type\":\"BreadcrumbList\",\"@id\":\"https:\/\/denizcankizil.tr\/uk\/haberler\/antalya\/egitmenlere-sporcu-sagligi-semineri\/#breadcrumb\",\"itemListElement\":[{\"@type\":\"ListItem\",\"position\":1,\"name\":\"Home\",\"item\":\"https:\/\/denizcankizil.tr\/de\/\"},{\"@type\":\"ListItem\",\"position\":2,\"name\":\"E\u011fitmenlere \u2018Sporcu Sa\u011fl\u0131\u011f\u0131&#8217; semineri\"}]},{\"@type\":\"WebSite\",\"@id\":\"https:\/\/denizcankizil.tr\/#website\",\"url\":\"https:\/\/denizcankizil.tr\/\",\"name\":\"Av. Deniz Can K\u0131z\u0131l\",\"description\":\"Avukat Deniz Can K\u0131z\u0131l Antalya Barosu\",\"publisher\":{\"@id\":\"https:\/\/denizcankizil.tr\/#organization\"},\"potentialAction\":[{\"@type\":\"SearchAction\",\"target\":{\"@type\":\"EntryPoint\",\"urlTemplate\":\"https:\/\/denizcankizil.tr\/?s={search_term_string}\"},\"query-input\":{\"@type\":\"PropertyValueSpecification\",\"valueRequired\":true,\"valueName\":\"search_term_string\"}}],\"inLanguage\":\"uk\"},{\"@type\":\"Organization\",\"@id\":\"https:\/\/denizcankizil.tr\/#organization\",\"name\":\"Av. Deniz Can K\u0131z\u0131l\",\"url\":\"https:\/\/denizcankizil.tr\/\",\"logo\":{\"@type\":\"ImageObject\",\"inLanguage\":\"uk\",\"@id\":\"https:\/\/denizcankizil.tr\/#\/schema\/logo\/image\/\",\"url\":\"https:\/\/denizcankizil.tr\/wp-content\/uploads\/2024\/10\/siyah-logo-svg.svg\",\"contentUrl\":\"https:\/\/denizcankizil.tr\/wp-content\/uploads\/2024\/10\/siyah-logo-svg.svg\",\"width\":1080,\"height\":1080,\"caption\":\"Av. Deniz Can K\u0131z\u0131l\"},\"image\":{\"@id\":\"https:\/\/denizcankizil.tr\/#\/schema\/logo\/image\/\"}},{\"@type\":\"Person\",\"@id\":\"https:\/\/denizcankizil.tr\/#\/schema\/person\/5dc1b22991bd7ac833867c10afc9b0ff\",\"name\":\"Av. Deniz Can K\u0131z\u0131l\",\"image\":{\"@type\":\"ImageObject\",\"inLanguage\":\"uk\",\"@id\":\"https:\/\/denizcankizil.tr\/#\/schema\/person\/image\/\",\"url\":\"https:\/\/secure.gravatar.com\/avatar\/a0b128fb9855c79efc976d5640eedb31dc35ec297594d6016d2cf7c60e975bb6?s=96&d=mm&r=g\",\"contentUrl\":\"https:\/\/secure.gravatar.com\/avatar\/a0b128fb9855c79efc976d5640eedb31dc35ec297594d6016d2cf7c60e975bb6?s=96&d=mm&r=g\",\"caption\":\"Av. Deniz Can K\u0131z\u0131l\"},\"sameAs\":[\"http:\/\/www.denizcankizil.tr\"],\"url\":\"https:\/\/denizcankizil.tr\/uk\/author\/denizcankizil\/\"}]}<\/script>\n<!-- \/ Yoast SEO Premium plugin. -->","yoast_head_json":{"title":"E\u011fitmenlere \u2018Sporcu Sa\u011fl\u0131\u011f\u0131' semineri - Av. Deniz Can K\u0131z\u0131l","robots":{"index":"index","follow":"follow","max-snippet":"max-snippet:-1","max-image-preview":"max-image-preview:large","max-video-preview":"max-video-preview:-1"},"canonical":"https:\/\/denizcankizil.tr\/uk\/haberler\/antalya\/egitmenlere-sporcu-sagligi-semineri\/","og_locale":"uk_UA","og_type":"article","og_title":"E\u011fitmenlere \u2018Sporcu Sa\u011fl\u0131\u011f\u0131' semineri","og_description":"Antalya B\u00fcy\u00fck\u015fehir Belediyesi, e\u011fitim seminerlerini yo\u011fun bir \u015fekilde s\u00fcrd\u00fcr\u00fcyor. Bu kapsamda Antalya B\u00fcy\u00fck\u015fehir Belediyesi ASF\u0130M merkezlerinde \u00e7al\u0131\u015fan e\u011fitmenlere y\u00f6nelik \u2018Sporcu Sa\u011fl\u0131\u011f\u0131&#8217; konusunda e\u011fitim semineri d\u00fczenlendi. B\u00fcy\u00fck\u015fehir Belediyesi Gen\u00e7lik Kamp\u0131 ve E\u011fitim Merkezi&#8217;nde ger\u00e7ekle\u015fen e\u011fitimde Medstar Hastanesi&#8217;nde g\u00f6revli olan Do\u00e7. Dr. Murat K\u00f6ken, ASF\u0130M e\u011fitmenlerini bilgilendirdi. \u201cPersonel vatanda\u015fa her y\u00f6nden yeterli olmal\u0131\u201d Seminerde, acil m\u00fcdahale protokolleri, acil durum ekipmanlar\u0131, tedavi s\u00fcreci ve do\u011fru tedavi y\u00f6ntemleri gibi bir\u00e7ok farkl\u0131 konuya de\u011finildi. Bu seminerler ile e\u011fitmenlerin bilin\u00e7lenmesi, ASF\u0130M&#8217;lere gelen amat\u00f6r sporculara olu\u015fabilecek durumlarda en do\u011fru \u015fekilde m\u00fcdahale etme y\u00f6ntemleri anlat\u0131ld\u0131. Antalya B\u00fcy\u00fck\u015fehir Belediyesi Spor Hizmetleri \u015eube M\u00fcd\u00fcr\u00fc Yakup Deveci, ASF\u0130M&#8217;lerde \u00e7al\u0131\u015fan spor e\u011fitmenlerimize y\u00f6nelik bir \u00e7al\u0131\u015fma ger\u00e7ekle\u015ftirdiklerini belirterek, \u201cSpor merkezlerimize gelen vatanda\u015flar\u0131m\u0131za daha iyi hizmet verebilmek ad\u0131na, personellerimizin her y\u00f6nden yeterli seviyede olmas\u0131 i\u00e7in \u00e7al\u0131\u015fmalar\u0131m\u0131z\u0131 s\u00fcrd\u00fcr\u00fcyoruz\u201d dedi. Kaynak: www.kanalv.com.tr Haber Sitesinden Al\u0131nm\u0131\u015ft\u0131r.","og_url":"https:\/\/denizcankizil.tr\/uk\/haberler\/antalya\/egitmenlere-sporcu-sagligi-semineri\/","og_site_name":"Av. Deniz Can K\u0131z\u0131l","article_published_time":"2025-01-16T10:41:40+00:00","og_image":[{"width":1280,"height":720,"url":"https:\/\/denizcankizil.tr\/wp-content\/uploads\/2025\/01\/4183-01-QbeMu6.jpeg","type":"image\/jpeg"}],"author":"Av. Deniz Can K\u0131z\u0131l","twitter_card":"summary_large_image","twitter_misc":{"\u041d\u0430\u043f\u0438\u0441\u0430\u043d\u043e":"Av. Deniz Can K\u0131z\u0131l","\u041f\u0440\u0438\u0431\u043b. \u0447\u0430\u0441 \u0447\u0438\u0442\u0430\u043d\u043d\u044f":"1 \u0445\u0432\u0438\u043b\u0438\u043d\u0430"},"schema":{"@context":"https:\/\/schema.org","@graph":[{"@type":"Article","@id":"https:\/\/denizcankizil.tr\/uk\/haberler\/antalya\/egitmenlere-sporcu-sagligi-semineri\/#article","isPartOf":{"@id":"https:\/\/denizcankizil.tr\/uk\/haberler\/antalya\/egitmenlere-sporcu-sagligi-semineri\/"},"author":{"name":"Av. Deniz Can K\u0131z\u0131l","@id":"https:\/\/denizcankizil.tr\/#\/schema\/person\/5dc1b22991bd7ac833867c10afc9b0ff"},"headline":"E\u011fitmenlere \u2018Sporcu Sa\u011fl\u0131\u011f\u0131&#8217; semineri","datePublished":"2025-01-16T10:41:40+00:00","mainEntityOfPage":{"@id":"https:\/\/denizcankizil.tr\/uk\/haberler\/antalya\/egitmenlere-sporcu-sagligi-semineri\/"},"wordCount":216,"commentCount":0,"publisher":{"@id":"https:\/\/denizcankizil.tr\/#organization"},"image":{"@id":"https:\/\/denizcankizil.tr\/uk\/haberler\/antalya\/egitmenlere-sporcu-sagligi-semineri\/#primaryimage"},"thumbnailUrl":"https:\/\/denizcankizil.tr\/wp-content\/uploads\/2025\/01\/4183-01-QbeMu6.jpeg","articleSection":["Antalya"],"inLanguage":"uk","potentialAction":[{"@type":"CommentAction","name":"Comment","target":["https:\/\/denizcankizil.tr\/uk\/haberler\/antalya\/egitmenlere-sporcu-sagligi-semineri\/#respond"]}]},{"@type":"WebPage","@id":"https:\/\/denizcankizil.tr\/uk\/haberler\/antalya\/egitmenlere-sporcu-sagligi-semineri\/","url":"https:\/\/denizcankizil.tr\/uk\/haberler\/antalya\/egitmenlere-sporcu-sagligi-semineri\/","name":"E\u011fitmenlere \u2018Sporcu Sa\u011fl\u0131\u011f\u0131' semineri - Av. Deniz Can K\u0131z\u0131l","isPartOf":{"@id":"https:\/\/denizcankizil.tr\/#website"},"primaryImageOfPage":{"@id":"https:\/\/denizcankizil.tr\/uk\/haberler\/antalya\/egitmenlere-sporcu-sagligi-semineri\/#primaryimage"},"image":{"@id":"https:\/\/denizcankizil.tr\/uk\/haberler\/antalya\/egitmenlere-sporcu-sagligi-semineri\/#primaryimage"},"thumbnailUrl":"https:\/\/denizcankizil.tr\/wp-content\/uploads\/2025\/01\/4183-01-QbeMu6.jpeg","datePublished":"2025-01-16T10:41:40+00:00","breadcrumb":{"@id":"https:\/\/denizcankizil.tr\/uk\/haberler\/antalya\/egitmenlere-sporcu-sagligi-semineri\/#breadcrumb"},"inLanguage":"uk","potentialAction":[{"@type":"ReadAction","target":["https:\/\/denizcankizil.tr\/uk\/haberler\/antalya\/egitmenlere-sporcu-sagligi-semineri\/"]}]},{"@type":"ImageObject","inLanguage":"uk","@id":"https:\/\/denizcankizil.tr\/uk\/haberler\/antalya\/egitmenlere-sporcu-sagligi-semineri\/#primaryimage","url":"https:\/\/denizcankizil.tr\/wp-content\/uploads\/2025\/01\/4183-01-QbeMu6.jpeg","contentUrl":"https:\/\/denizcankizil.tr\/wp-content\/uploads\/2025\/01\/4183-01-QbeMu6.jpeg","width":1280,"height":720},{"@type":"BreadcrumbList","@id":"https:\/\/denizcankizil.tr\/uk\/haberler\/antalya\/egitmenlere-sporcu-sagligi-semineri\/#breadcrumb","itemListElement":[{"@type":"ListItem","position":1,"name":"Home","item":"https:\/\/denizcankizil.tr\/de\/"},{"@type":"ListItem","position":2,"name":"E\u011fitmenlere \u2018Sporcu Sa\u011fl\u0131\u011f\u0131&#8217; semineri"}]},{"@type":"WebSite","@id":"https:\/\/denizcankizil.tr\/#website","url":"https:\/\/denizcankizil.tr\/","name":"Av. Deniz Can K\u0131z\u0131l","description":"Avukat Deniz Can K\u0131z\u0131l Antalya Barosu","publisher":{"@id":"https:\/\/denizcankizil.tr\/#organization"},"potentialAction":[{"@type":"SearchAction","target":{"@type":"EntryPoint","urlTemplate":"https:\/\/denizcankizil.tr\/?s={search_term_string}"},"query-input":{"@type":"PropertyValueSpecification","valueRequired":true,"valueName":"search_term_string"}}],"inLanguage":"uk"},{"@type":"Organization","@id":"https:\/\/denizcankizil.tr\/#organization","name":"Av. Deniz Can K\u0131z\u0131l","url":"https:\/\/denizcankizil.tr\/","logo":{"@type":"ImageObject","inLanguage":"uk","@id":"https:\/\/denizcankizil.tr\/#\/schema\/logo\/image\/","url":"https:\/\/denizcankizil.tr\/wp-content\/uploads\/2024\/10\/siyah-logo-svg.svg","contentUrl":"https:\/\/denizcankizil.tr\/wp-content\/uploads\/2024\/10\/siyah-logo-svg.svg","width":1080,"height":1080,"caption":"Av. Deniz Can K\u0131z\u0131l"},"image":{"@id":"https:\/\/denizcankizil.tr\/#\/schema\/logo\/image\/"}},{"@type":"Person","@id":"https:\/\/denizcankizil.tr\/#\/schema\/person\/5dc1b22991bd7ac833867c10afc9b0ff","name":"Av. Deniz Can K\u0131z\u0131l","image":{"@type":"ImageObject","inLanguage":"uk","@id":"https:\/\/denizcankizil.tr\/#\/schema\/person\/image\/","url":"https:\/\/secure.gravatar.com\/avatar\/a0b128fb9855c79efc976d5640eedb31dc35ec297594d6016d2cf7c60e975bb6?s=96&d=mm&r=g","contentUrl":"https:\/\/secure.gravatar.com\/avatar\/a0b128fb9855c79efc976d5640eedb31dc35ec297594d6016d2cf7c60e975bb6?s=96&d=mm&r=g","caption":"Av. Deniz Can K\u0131z\u0131l"},"sameAs":["http:\/\/www.denizcankizil.tr"],"url":"https:\/\/denizcankizil.tr\/uk\/author\/denizcankizil\/"}]}},"_links":{"self":[{"href":"https:\/\/denizcankizil.tr\/uk\/wp-json\/wp\/v2\/posts\/25646","targetHints":{"allow":["GET"]}}],"collection":[{"href":"https:\/\/denizcankizil.tr\/uk\/wp-json\/wp\/v2\/posts"}],"about":[{"href":"https:\/\/denizcankizil.tr\/uk\/wp-json\/wp\/v2\/types\/post"}],"author":[{"embeddable":true,"href":"https:\/\/denizcankizil.tr\/uk\/wp-json\/wp\/v2\/users\/4"}],"replies":[{"embeddable":true,"href":"https:\/\/denizcankizil.tr\/uk\/wp-json\/wp\/v2\/comments?post=25646"}],"version-history":[{"count":0,"href":"https:\/\/denizcankizil.tr\/uk\/wp-json\/wp\/v2\/posts\/25646\/revisions"}],"wp:featuredmedia":[{"embeddable":true,"href":"https:\/\/denizcankizil.tr\/uk\/wp-json\/wp\/v2\/media\/25647"}],"wp:attachment":[{"href":"https:\/\/denizcankizil.tr\/uk\/wp-json\/wp\/v2\/media?parent=25646"}],"wp:term":[{"taxonomy":"category","embeddable":true,"href":"https:\/\/denizcankizil.tr\/uk\/wp-json\/wp\/v2\/categories?post=25646"},{"taxonomy":"post_tag","embeddable":true,"href":"https:\/\/denizcankizil.tr\/uk\/wp-json\/wp\/v2\/tags?post=25646"}],"curies":[{"name":"wp","href":"https:\/\/api.w.org\/{rel}","templated":true}]}}