{"id":25620,"date":"2025-01-16T11:41:47","date_gmt":"2025-01-16T08:41:47","guid":{"rendered":"https:\/\/denizcankizil.tr\/uncategorized-tr\/tokat-milletvekili-arslandan-camlibel-tuneli-mujdesi\/"},"modified":"2025-01-16T11:41:47","modified_gmt":"2025-01-16T08:41:47","slug":"tokat-milletvekili-arslandan-camlibel-tuneli-mujdesi","status":"publish","type":"post","link":"https:\/\/denizcankizil.tr\/uk\/haberler\/gundem\/tokat-milletvekili-arslandan-camlibel-tuneli-mujdesi\/","title":{"rendered":"Tokat Milletvekili Arslan\u2019dan \u00c7aml\u0131bel T\u00fcneli m\u00fcjdesi"},"content":{"rendered":"<p>\u00c7aml\u0131bel T\u00fcneli, 2025 y\u0131l\u0131 yat\u0131r\u0131m program\u0131na al\u0131nd\u0131! 4.735 metre uzunlu\u011fundaki \u00e7ift t\u00fcp t\u00fcnelle Sivas-Tokat aras\u0131ndaki ula\u015f\u0131m hem rahatlayacak hem de g\u00fcvenli hale gelecek.Nurhan \u0130\u00c7MEZ &#8211; Tokat Haber \/ TOKAT (\u0130GFA) &#8211;\u00a0 Sivas ve Tokat aras\u0131nda k\u0131\u015f \u015fartlar\u0131nda s\u00fcr\u00fcc\u00fclere b\u00fcy\u00fck zorluk \u00e7\u0131karan \u00c7aml\u0131bel Ge\u00e7idi\u2019ne yap\u0131lacak olan t\u00fcnel projesi, 2025 Y\u0131l\u0131 Yat\u0131r\u0131m Program\u0131\u2019na al\u0131nd\u0131.<br \/>\nProjenin detaylar\u0131n\u0131 a\u00e7\u0131klayan AK Parti Tokat Milletvekili Mustafa Arslan, t\u00fcnelin \u00e7ift t\u00fcp olarak in\u015fa edilece\u011fini ve her bir t\u00fcp\u00fcn uzunlu\u011funun 4.735 metre olaca\u011f\u0131n\u0131 belirtti.<br \/>\nArslan, yapt\u0131\u011f\u0131 a\u00e7\u0131klamada, &#8220;Tokat\u2019\u0131m\u0131z\u0131n ve b\u00f6lgemizin uzun y\u0131llard\u0131r bekledi\u011fi \u00c7AMLIBEL T\u00dcNEL\u0130 ve Almus Yolu Yap\u0131m\u0131, 2025 Y\u0131l\u0131 Yat\u0131r\u0131m Program\u0131na dahil edildi. Bu \u00f6nemli projeyle hem\u015fehrilerimizin ula\u015f\u0131m sorunlar\u0131 hafifleyecek, b\u00f6lgemizin ticaret ve turizm potansiyeli artacak. Projenin hayata ge\u00e7mesinde katk\u0131s\u0131 olan Cumhurba\u015fkan\u0131m\u0131z Say\u0131n Recep Tayyip Erdo\u011fan\u2019a, Cumhurba\u015fkanl\u0131\u011f\u0131 Strateji ve B\u00fct\u00e7e Ba\u015fkan\u0131m\u0131z Say\u0131n \u0130brahim \u015eenel\u2019e, TBMM Ak Parti Grup Ba\u015fkan\u0131m\u0131z ve Sivas Milletvekilimiz Say\u0131n Abdullah G\u00fcler\u2019e, Sivas ve Tokat Milletvekillerimize te\u015fekk\u00fcr ederim. \u00c7aml\u0131bel T\u00fcneli, Tokat\u2019\u0131m\u0131za hay\u0131rl\u0131 olsun&#8221; dedi.<br \/>\nULA\u015eIMDA YEN\u0130 B\u0130R D\u00d6NEM<br \/>\nProjenin en dikkat \u00e7eken \u00f6zelliklerinden biri, t\u00fcnelin \u00e7ift t\u00fcp olarak in\u015fa edilecek olmas\u0131 oldu\u011funu kaydeden Tokat Milletvekili Arslan, &#8220;Her bir t\u00fcp, 4.735 metre uzunlu\u011funda olacak ve modern standartlara uygun \u015fekilde tasarlanacak. Bu sayede k\u0131\u015f aylar\u0131nda ya\u015fanan ula\u015f\u0131m zorluklar\u0131 ve s\u00fcr\u00fcc\u00fclerin g\u00fcvenlik endi\u015feleri sona erecek&#8221; diyerek b\u00f6lgeye olan katk\u0131lar\u0131n\u0131 da \u015f\u00f6yle \u00f6zetledi;<\/p>\n<p>\u00c7aml\u0131bel T\u00fcneli\u2019nin tamamlanmas\u0131yla; ula\u015f\u0131m\u0131n kolayla\u015faca\u011f\u0131n\u0131 ifade eden Milletvekili Arslan, &#8220;Sivas-Tokat aras\u0131ndaki yolculuk daha h\u0131zl\u0131 ve rahat hale gelecek.Ekonomik Canlanma: T\u00fcnel ve Almus Yolu projeleriyle b\u00f6lgedeki ticaret ve turizm hareketlili\u011fi artacak. K\u0131\u015f ko\u015fullar\u0131nda ge\u00e7itte ya\u015fanan tehlikeler minimize edilecek&#8221; dedi.<br \/>\nMilletvekili Arslan, 2025 Y\u0131l\u0131 Yat\u0131r\u0131m Program\u0131\u2019na dahil edilen \u00c7aml\u0131bel T\u00fcneli\u2019nin, gerekli haz\u0131rl\u0131klar\u0131n ard\u0131ndan birka\u00e7 y\u0131l i\u00e7inde tamamlanmas\u0131n\u0131n hedeflendi\u011fini, Tokat\u2019\u0131n ve b\u00f6lgenin ula\u015f\u0131m\u0131na nefes ald\u0131racak projenin sadece iki \u015fehri de\u011fil, ayn\u0131 zamanda halk\u0131n hayallerini de birbirine ba\u011flayaca\u011f\u0131n\u0131 da s\u00f6zlerine ekledi.<\/p>\n<p>\u200b\u00c7aml\u0131bel T\u00fcneli, 2025 y\u0131l\u0131 yat\u0131r\u0131m program\u0131na al\u0131nd\u0131! 4.735 metre uzunlu\u011fundaki \u00e7ift t\u00fcp t\u00fcnelle Sivas-Tokat aras\u0131ndaki ula\u015f\u0131m hem rahatlayacak hem de g\u00fcvenli hale gelecek.Nurhan \u0130\u00c7MEZ &#8211; Tokat Haber \/ TOKAT (\u0130GFA) &#8211;\u00a0 Sivas ve Tokat aras\u0131nda k\u0131\u015f \u015fartlar\u0131nda s\u00fcr\u00fcc\u00fclere b\u00fcy\u00fck zorluk \u00e7\u0131karan \u00c7aml\u0131bel Ge\u00e7idi\u2019ne yap\u0131lacak olan t\u00fcnel projesi, 2025 Y\u0131l\u0131 Yat\u0131r\u0131m Program\u0131\u2019na al\u0131nd\u0131.<br \/>\nProjenin detaylar\u0131n\u0131 a\u00e7\u0131klayan AK Parti Tokat Milletvekili Mustafa Arslan, t\u00fcnelin \u00e7ift t\u00fcp olarak in\u015fa edilece\u011fini ve her bir t\u00fcp\u00fcn uzunlu\u011funun 4.735 metre olaca\u011f\u0131n\u0131 belirtti.<br \/>\nArslan, yapt\u0131\u011f\u0131 a\u00e7\u0131klamada, &#8220;Tokat\u2019\u0131m\u0131z\u0131n ve b\u00f6lgemizin uzun y\u0131llard\u0131r bekledi\u011fi \u00c7AMLIBEL T\u00dcNEL\u0130 ve Almus Yolu Yap\u0131m\u0131, 2025 Y\u0131l\u0131 Yat\u0131r\u0131m Program\u0131na dahil edildi. Bu \u00f6nemli projeyle hem\u015fehrilerimizin ula\u015f\u0131m sorunlar\u0131 hafifleyecek, b\u00f6lgemizin ticaret ve turizm potansiyeli artacak. Projenin hayata ge\u00e7mesinde katk\u0131s\u0131 olan Cumhurba\u015fkan\u0131m\u0131z Say\u0131n Recep Tayyip Erdo\u011fan\u2019a, Cumhurba\u015fkanl\u0131\u011f\u0131 Strateji ve B\u00fct\u00e7e Ba\u015fkan\u0131m\u0131z Say\u0131n \u0130brahim \u015eenel\u2019e, TBMM Ak Parti Grup Ba\u015fkan\u0131m\u0131z ve Sivas Milletvekilimiz Say\u0131n Abdullah G\u00fcler\u2019e, Sivas ve Tokat Milletvekillerimize te\u015fekk\u00fcr ederim. \u00c7aml\u0131bel T\u00fcneli, Tokat\u2019\u0131m\u0131za hay\u0131rl\u0131 olsun&#8221; dedi.<br \/>\nULA\u015eIMDA YEN\u0130 B\u0130R D\u00d6NEM<br \/>\nProjenin en dikkat \u00e7eken \u00f6zelliklerinden biri, t\u00fcnelin \u00e7ift t\u00fcp olarak in\u015fa edilecek olmas\u0131 oldu\u011funu kaydeden Tokat Milletvekili Arslan, &#8220;Her bir t\u00fcp, 4.735 metre uzunlu\u011funda olacak ve modern standartlara uygun \u015fekilde tasarlanacak. Bu sayede k\u0131\u015f aylar\u0131nda ya\u015fanan ula\u015f\u0131m zorluklar\u0131 ve s\u00fcr\u00fcc\u00fclerin g\u00fcvenlik endi\u015feleri sona erecek&#8221; diyerek b\u00f6lgeye olan katk\u0131lar\u0131n\u0131 da \u015f\u00f6yle \u00f6zetledi;<\/p>\n<p>\u00c7aml\u0131bel T\u00fcneli\u2019nin tamamlanmas\u0131yla; ula\u015f\u0131m\u0131n kolayla\u015faca\u011f\u0131n\u0131 ifade eden Milletvekili Arslan, &#8220;Sivas-Tokat aras\u0131ndaki yolculuk daha h\u0131zl\u0131 ve rahat hale gelecek.Ekonomik Canlanma: T\u00fcnel ve Almus Yolu projeleriyle b\u00f6lgedeki ticaret ve turizm hareketlili\u011fi artacak. K\u0131\u015f ko\u015fullar\u0131nda ge\u00e7itte ya\u015fanan tehlikeler minimize edilecek&#8221; dedi.<br \/>\nMilletvekili Arslan, 2025 Y\u0131l\u0131 Yat\u0131r\u0131m Program\u0131\u2019na dahil edilen \u00c7aml\u0131bel T\u00fcneli\u2019nin, gerekli haz\u0131rl\u0131klar\u0131n ard\u0131ndan birka\u00e7 y\u0131l i\u00e7inde tamamlanmas\u0131n\u0131n hedeflendi\u011fini, Tokat\u2019\u0131n ve b\u00f6lgenin ula\u015f\u0131m\u0131na nefes ald\u0131racak projenin sadece iki \u015fehri de\u011fil, ayn\u0131 zamanda halk\u0131n hayallerini de birbirine ba\u011flayaca\u011f\u0131n\u0131 da s\u00f6zlerine ekledi.\u00a0<\/p>\n<p>\u200bHaberin Al\u0131nt\u0131land\u0131\u011f\u0131 Kaynak: www.iskenderun.org<\/p>","protected":false},"excerpt":{"rendered":"<p>\u00c7aml\u0131bel T\u00fcneli, 2025 y\u0131l\u0131 yat\u0131r\u0131m program\u0131na al\u0131nd\u0131! 4.735 metre uzunlu\u011fundaki \u00e7ift t\u00fcp t\u00fcnelle Sivas-Tokat aras\u0131ndaki ula\u015f\u0131m hem rahatlayacak hem de g\u00fcvenli hale gelecek.Nurhan \u0130\u00c7MEZ &#8211; Tokat Haber \/ TOKAT (\u0130GFA) &#8211;\u00a0 Sivas ve Tokat aras\u0131nda k\u0131\u015f \u015fartlar\u0131nda s\u00fcr\u00fcc\u00fclere b\u00fcy\u00fck zorluk \u00e7\u0131karan \u00c7aml\u0131bel Ge\u00e7idi\u2019ne yap\u0131lacak olan t\u00fcnel projesi, 2025 Y\u0131l\u0131 Yat\u0131r\u0131m Program\u0131\u2019na al\u0131nd\u0131. Projenin detaylar\u0131n\u0131 a\u00e7\u0131klayan AK Parti Tokat Milletvekili Mustafa Arslan, t\u00fcnelin \u00e7ift t\u00fcp olarak in\u015fa edilece\u011fini ve her bir t\u00fcp\u00fcn uzunlu\u011funun 4.735 metre olaca\u011f\u0131n\u0131 belirtti. Arslan, yapt\u0131\u011f\u0131 a\u00e7\u0131klamada, &#8220;Tokat\u2019\u0131m\u0131z\u0131n ve b\u00f6lgemizin uzun y\u0131llard\u0131r bekledi\u011fi \u00c7AMLIBEL T\u00dcNEL\u0130 ve Almus Yolu Yap\u0131m\u0131, 2025 Y\u0131l\u0131 Yat\u0131r\u0131m Program\u0131na dahil edildi. Bu \u00f6nemli projeyle hem\u015fehrilerimizin ula\u015f\u0131m sorunlar\u0131 hafifleyecek, b\u00f6lgemizin ticaret ve turizm potansiyeli artacak. Projenin hayata ge\u00e7mesinde katk\u0131s\u0131 olan Cumhurba\u015fkan\u0131m\u0131z Say\u0131n Recep Tayyip Erdo\u011fan\u2019a, Cumhurba\u015fkanl\u0131\u011f\u0131 Strateji ve B\u00fct\u00e7e Ba\u015fkan\u0131m\u0131z Say\u0131n \u0130brahim \u015eenel\u2019e, TBMM Ak Parti Grup Ba\u015fkan\u0131m\u0131z ve Sivas Milletvekilimiz Say\u0131n Abdullah G\u00fcler\u2019e, Sivas ve Tokat Milletvekillerimize te\u015fekk\u00fcr ederim. \u00c7aml\u0131bel T\u00fcneli, Tokat\u2019\u0131m\u0131za hay\u0131rl\u0131 olsun&#8221; dedi. ULA\u015eIMDA YEN\u0130 B\u0130R D\u00d6NEM Projenin en dikkat \u00e7eken \u00f6zelliklerinden biri, t\u00fcnelin \u00e7ift t\u00fcp olarak in\u015fa edilecek olmas\u0131 oldu\u011funu kaydeden Tokat Milletvekili Arslan, &#8220;Her bir t\u00fcp, 4.735 metre uzunlu\u011funda olacak ve modern standartlara uygun \u015fekilde tasarlanacak. Bu sayede k\u0131\u015f aylar\u0131nda ya\u015fanan ula\u015f\u0131m zorluklar\u0131 ve s\u00fcr\u00fcc\u00fclerin g\u00fcvenlik endi\u015feleri sona erecek&#8221; diyerek &hellip;<\/p>","protected":false},"author":1,"featured_media":0,"comment_status":"open","ping_status":"open","sticky":false,"template":"","format":"standard","meta":{"_acf_changed":false,"footnotes":""},"categories":[24],"tags":[],"class_list":["post-25620","post","type-post","status-publish","format-standard","has-post-thumbnail","hentry","category-gundem"],"acf":[],"yoast_head":"<!-- This site is optimized with the Yoast SEO Premium plugin v26.6 (Yoast SEO v27.1.1) - https:\/\/yoast.com\/product\/yoast-seo-premium-wordpress\/ -->\n<title>Tokat Milletvekili Arslan\u2019dan \u00c7aml\u0131bel T\u00fcneli m\u00fcjdesi - Av. Deniz Can K\u0131z\u0131l<\/title>\n<meta name=\"robots\" content=\"index, follow, max-snippet:-1, max-image-preview:large, max-video-preview:-1\" \/>\n<link rel=\"canonical\" href=\"https:\/\/denizcankizil.tr\/uk\/haberler\/gundem\/tokat-milletvekili-arslandan-camlibel-tuneli-mujdesi\/\" \/>\n<meta property=\"og:locale\" content=\"uk_UA\" \/>\n<meta property=\"og:type\" content=\"article\" \/>\n<meta property=\"og:title\" content=\"Tokat Milletvekili Arslan\u2019dan \u00c7aml\u0131bel T\u00fcneli m\u00fcjdesi\" \/>\n<meta property=\"og:description\" content=\"\u00c7aml\u0131bel T\u00fcneli, 2025 y\u0131l\u0131 yat\u0131r\u0131m program\u0131na al\u0131nd\u0131! 4.735 metre uzunlu\u011fundaki \u00e7ift t\u00fcp t\u00fcnelle Sivas-Tokat aras\u0131ndaki ula\u015f\u0131m hem rahatlayacak hem de g\u00fcvenli hale gelecek.Nurhan \u0130\u00c7MEZ &#8211; Tokat Haber \/ TOKAT (\u0130GFA) &#8211;\u00a0 Sivas ve Tokat aras\u0131nda k\u0131\u015f \u015fartlar\u0131nda s\u00fcr\u00fcc\u00fclere b\u00fcy\u00fck zorluk \u00e7\u0131karan \u00c7aml\u0131bel Ge\u00e7idi\u2019ne yap\u0131lacak olan t\u00fcnel projesi, 2025 Y\u0131l\u0131 Yat\u0131r\u0131m Program\u0131\u2019na al\u0131nd\u0131. Projenin detaylar\u0131n\u0131 a\u00e7\u0131klayan AK Parti Tokat Milletvekili Mustafa Arslan, t\u00fcnelin \u00e7ift t\u00fcp olarak in\u015fa edilece\u011fini ve her bir t\u00fcp\u00fcn uzunlu\u011funun 4.735 metre olaca\u011f\u0131n\u0131 belirtti. Arslan, yapt\u0131\u011f\u0131 a\u00e7\u0131klamada, &#8220;Tokat\u2019\u0131m\u0131z\u0131n ve b\u00f6lgemizin uzun y\u0131llard\u0131r bekledi\u011fi \u00c7AMLIBEL T\u00dcNEL\u0130 ve Almus Yolu Yap\u0131m\u0131, 2025 Y\u0131l\u0131 Yat\u0131r\u0131m Program\u0131na dahil edildi. Bu \u00f6nemli projeyle hem\u015fehrilerimizin ula\u015f\u0131m sorunlar\u0131 hafifleyecek, b\u00f6lgemizin ticaret ve turizm potansiyeli artacak. Projenin hayata ge\u00e7mesinde katk\u0131s\u0131 olan Cumhurba\u015fkan\u0131m\u0131z Say\u0131n Recep Tayyip Erdo\u011fan\u2019a, Cumhurba\u015fkanl\u0131\u011f\u0131 Strateji ve B\u00fct\u00e7e Ba\u015fkan\u0131m\u0131z Say\u0131n \u0130brahim \u015eenel\u2019e, TBMM Ak Parti Grup Ba\u015fkan\u0131m\u0131z ve Sivas Milletvekilimiz Say\u0131n Abdullah G\u00fcler\u2019e, Sivas ve Tokat Milletvekillerimize te\u015fekk\u00fcr ederim. \u00c7aml\u0131bel T\u00fcneli, Tokat\u2019\u0131m\u0131za hay\u0131rl\u0131 olsun&#8221; dedi. ULA\u015eIMDA YEN\u0130 B\u0130R D\u00d6NEM Projenin en dikkat \u00e7eken \u00f6zelliklerinden biri, t\u00fcnelin \u00e7ift t\u00fcp olarak in\u015fa edilecek olmas\u0131 oldu\u011funu kaydeden Tokat Milletvekili Arslan, &#8220;Her bir t\u00fcp, 4.735 metre uzunlu\u011funda olacak ve modern standartlara uygun \u015fekilde tasarlanacak. Bu sayede k\u0131\u015f aylar\u0131nda ya\u015fanan ula\u015f\u0131m zorluklar\u0131 ve s\u00fcr\u00fcc\u00fclerin g\u00fcvenlik endi\u015feleri sona erecek&#8221; diyerek &hellip;\" \/>\n<meta property=\"og:url\" content=\"https:\/\/denizcankizil.tr\/uk\/haberler\/gundem\/tokat-milletvekili-arslandan-camlibel-tuneli-mujdesi\/\" \/>\n<meta property=\"og:site_name\" content=\"Av. Deniz Can K\u0131z\u0131l\" \/>\n<meta property=\"article:published_time\" content=\"2025-01-16T08:41:47+00:00\" \/>\n<meta name=\"author\" content=\"admin\" \/>\n<meta name=\"twitter:card\" content=\"summary_large_image\" \/>\n<meta name=\"twitter:label1\" content=\"\u041d\u0430\u043f\u0438\u0441\u0430\u043d\u043e\" \/>\n\t<meta name=\"twitter:data1\" content=\"admin\" \/>\n\t<meta name=\"twitter:label2\" content=\"\u041f\u0440\u0438\u0431\u043b. \u0447\u0430\u0441 \u0447\u0438\u0442\u0430\u043d\u043d\u044f\" \/>\n\t<meta name=\"twitter:data2\" content=\"4 \u0445\u0432\u0438\u043b\u0438\u043d\u0438\" \/>\n<script type=\"application\/ld+json\" class=\"yoast-schema-graph\">{\"@context\":\"https:\/\/schema.org\",\"@graph\":[{\"@type\":\"Article\",\"@id\":\"https:\/\/denizcankizil.tr\/uk\/haberler\/gundem\/tokat-milletvekili-arslandan-camlibel-tuneli-mujdesi\/#article\",\"isPartOf\":{\"@id\":\"https:\/\/denizcankizil.tr\/uk\/haberler\/gundem\/tokat-milletvekili-arslandan-camlibel-tuneli-mujdesi\/\"},\"author\":{\"name\":\"admin\",\"@id\":\"https:\/\/denizcankizil.tr\/#\/schema\/person\/be3c05fe6a12686905512445d8185489\"},\"headline\":\"Tokat Milletvekili Arslan\u2019dan \u00c7aml\u0131bel T\u00fcneli m\u00fcjdesi\",\"datePublished\":\"2025-01-16T08:41:47+00:00\",\"mainEntityOfPage\":{\"@id\":\"https:\/\/denizcankizil.tr\/uk\/haberler\/gundem\/tokat-milletvekili-arslandan-camlibel-tuneli-mujdesi\/\"},\"wordCount\":870,\"commentCount\":0,\"publisher\":{\"@id\":\"https:\/\/denizcankizil.tr\/#organization\"},\"articleSection\":[\"G\u00fcndem\"],\"inLanguage\":\"uk\",\"potentialAction\":[{\"@type\":\"CommentAction\",\"name\":\"Comment\",\"target\":[\"https:\/\/denizcankizil.tr\/uk\/haberler\/gundem\/tokat-milletvekili-arslandan-camlibel-tuneli-mujdesi\/#respond\"]}]},{\"@type\":\"WebPage\",\"@id\":\"https:\/\/denizcankizil.tr\/uk\/haberler\/gundem\/tokat-milletvekili-arslandan-camlibel-tuneli-mujdesi\/\",\"url\":\"https:\/\/denizcankizil.tr\/uk\/haberler\/gundem\/tokat-milletvekili-arslandan-camlibel-tuneli-mujdesi\/\",\"name\":\"Tokat Milletvekili Arslan\u2019dan \u00c7aml\u0131bel T\u00fcneli m\u00fcjdesi - Av. Deniz Can K\u0131z\u0131l\",\"isPartOf\":{\"@id\":\"https:\/\/denizcankizil.tr\/#website\"},\"datePublished\":\"2025-01-16T08:41:47+00:00\",\"breadcrumb\":{\"@id\":\"https:\/\/denizcankizil.tr\/uk\/haberler\/gundem\/tokat-milletvekili-arslandan-camlibel-tuneli-mujdesi\/#breadcrumb\"},\"inLanguage\":\"uk\",\"potentialAction\":[{\"@type\":\"ReadAction\",\"target\":[\"https:\/\/denizcankizil.tr\/uk\/haberler\/gundem\/tokat-milletvekili-arslandan-camlibel-tuneli-mujdesi\/\"]}]},{\"@type\":\"BreadcrumbList\",\"@id\":\"https:\/\/denizcankizil.tr\/uk\/haberler\/gundem\/tokat-milletvekili-arslandan-camlibel-tuneli-mujdesi\/#breadcrumb\",\"itemListElement\":[{\"@type\":\"ListItem\",\"position\":1,\"name\":\"Home\",\"item\":\"https:\/\/denizcankizil.tr\/de\/\"},{\"@type\":\"ListItem\",\"position\":2,\"name\":\"Tokat Milletvekili Arslan\u2019dan \u00c7aml\u0131bel T\u00fcneli m\u00fcjdesi\"}]},{\"@type\":\"WebSite\",\"@id\":\"https:\/\/denizcankizil.tr\/#website\",\"url\":\"https:\/\/denizcankizil.tr\/\",\"name\":\"Av. Deniz Can K\u0131z\u0131l\",\"description\":\"Avukat Deniz Can K\u0131z\u0131l Antalya Barosu\",\"publisher\":{\"@id\":\"https:\/\/denizcankizil.tr\/#organization\"},\"potentialAction\":[{\"@type\":\"SearchAction\",\"target\":{\"@type\":\"EntryPoint\",\"urlTemplate\":\"https:\/\/denizcankizil.tr\/?s={search_term_string}\"},\"query-input\":{\"@type\":\"PropertyValueSpecification\",\"valueRequired\":true,\"valueName\":\"search_term_string\"}}],\"inLanguage\":\"uk\"},{\"@type\":\"Organization\",\"@id\":\"https:\/\/denizcankizil.tr\/#organization\",\"name\":\"Av. Deniz Can K\u0131z\u0131l\",\"url\":\"https:\/\/denizcankizil.tr\/\",\"logo\":{\"@type\":\"ImageObject\",\"inLanguage\":\"uk\",\"@id\":\"https:\/\/denizcankizil.tr\/#\/schema\/logo\/image\/\",\"url\":\"https:\/\/denizcankizil.tr\/wp-content\/uploads\/2024\/10\/siyah-logo-svg.svg\",\"contentUrl\":\"https:\/\/denizcankizil.tr\/wp-content\/uploads\/2024\/10\/siyah-logo-svg.svg\",\"width\":1080,\"height\":1080,\"caption\":\"Av. Deniz Can K\u0131z\u0131l\"},\"image\":{\"@id\":\"https:\/\/denizcankizil.tr\/#\/schema\/logo\/image\/\"}},{\"@type\":\"Person\",\"@id\":\"https:\/\/denizcankizil.tr\/#\/schema\/person\/be3c05fe6a12686905512445d8185489\",\"name\":\"admin\",\"image\":{\"@type\":\"ImageObject\",\"inLanguage\":\"uk\",\"@id\":\"https:\/\/denizcankizil.tr\/#\/schema\/person\/image\/\",\"url\":\"https:\/\/secure.gravatar.com\/avatar\/c1fce94c830dc79107e174f890d7210541c4a63e8e5d816341794a2151c9d58c?s=96&d=mm&r=g\",\"contentUrl\":\"https:\/\/secure.gravatar.com\/avatar\/c1fce94c830dc79107e174f890d7210541c4a63e8e5d816341794a2151c9d58c?s=96&d=mm&r=g\",\"caption\":\"admin\"},\"sameAs\":[\"http:\/\/denizcankizil.tr\"],\"url\":\"https:\/\/www.iskenderun.org\/tokat-milletvekili-arslandan-camlibel-tuneli-mujdesi\"}]}<\/script>\n<!-- \/ Yoast SEO Premium plugin. -->","yoast_head_json":{"title":"Tokat Milletvekili Arslan\u2019dan \u00c7aml\u0131bel T\u00fcneli m\u00fcjdesi - Av. Deniz Can K\u0131z\u0131l","robots":{"index":"index","follow":"follow","max-snippet":"max-snippet:-1","max-image-preview":"max-image-preview:large","max-video-preview":"max-video-preview:-1"},"canonical":"https:\/\/denizcankizil.tr\/uk\/haberler\/gundem\/tokat-milletvekili-arslandan-camlibel-tuneli-mujdesi\/","og_locale":"uk_UA","og_type":"article","og_title":"Tokat Milletvekili Arslan\u2019dan \u00c7aml\u0131bel T\u00fcneli m\u00fcjdesi","og_description":"\u00c7aml\u0131bel T\u00fcneli, 2025 y\u0131l\u0131 yat\u0131r\u0131m program\u0131na al\u0131nd\u0131! 4.735 metre uzunlu\u011fundaki \u00e7ift t\u00fcp t\u00fcnelle Sivas-Tokat aras\u0131ndaki ula\u015f\u0131m hem rahatlayacak hem de g\u00fcvenli hale gelecek.Nurhan \u0130\u00c7MEZ &#8211; Tokat Haber \/ TOKAT (\u0130GFA) &#8211;\u00a0 Sivas ve Tokat aras\u0131nda k\u0131\u015f \u015fartlar\u0131nda s\u00fcr\u00fcc\u00fclere b\u00fcy\u00fck zorluk \u00e7\u0131karan \u00c7aml\u0131bel Ge\u00e7idi\u2019ne yap\u0131lacak olan t\u00fcnel projesi, 2025 Y\u0131l\u0131 Yat\u0131r\u0131m Program\u0131\u2019na al\u0131nd\u0131. Projenin detaylar\u0131n\u0131 a\u00e7\u0131klayan AK Parti Tokat Milletvekili Mustafa Arslan, t\u00fcnelin \u00e7ift t\u00fcp olarak in\u015fa edilece\u011fini ve her bir t\u00fcp\u00fcn uzunlu\u011funun 4.735 metre olaca\u011f\u0131n\u0131 belirtti. Arslan, yapt\u0131\u011f\u0131 a\u00e7\u0131klamada, &#8220;Tokat\u2019\u0131m\u0131z\u0131n ve b\u00f6lgemizin uzun y\u0131llard\u0131r bekledi\u011fi \u00c7AMLIBEL T\u00dcNEL\u0130 ve Almus Yolu Yap\u0131m\u0131, 2025 Y\u0131l\u0131 Yat\u0131r\u0131m Program\u0131na dahil edildi. Bu \u00f6nemli projeyle hem\u015fehrilerimizin ula\u015f\u0131m sorunlar\u0131 hafifleyecek, b\u00f6lgemizin ticaret ve turizm potansiyeli artacak. Projenin hayata ge\u00e7mesinde katk\u0131s\u0131 olan Cumhurba\u015fkan\u0131m\u0131z Say\u0131n Recep Tayyip Erdo\u011fan\u2019a, Cumhurba\u015fkanl\u0131\u011f\u0131 Strateji ve B\u00fct\u00e7e Ba\u015fkan\u0131m\u0131z Say\u0131n \u0130brahim \u015eenel\u2019e, TBMM Ak Parti Grup Ba\u015fkan\u0131m\u0131z ve Sivas Milletvekilimiz Say\u0131n Abdullah G\u00fcler\u2019e, Sivas ve Tokat Milletvekillerimize te\u015fekk\u00fcr ederim. \u00c7aml\u0131bel T\u00fcneli, Tokat\u2019\u0131m\u0131za hay\u0131rl\u0131 olsun&#8221; dedi. ULA\u015eIMDA YEN\u0130 B\u0130R D\u00d6NEM Projenin en dikkat \u00e7eken \u00f6zelliklerinden biri, t\u00fcnelin \u00e7ift t\u00fcp olarak in\u015fa edilecek olmas\u0131 oldu\u011funu kaydeden Tokat Milletvekili Arslan, &#8220;Her bir t\u00fcp, 4.735 metre uzunlu\u011funda olacak ve modern standartlara uygun \u015fekilde tasarlanacak. Bu sayede k\u0131\u015f aylar\u0131nda ya\u015fanan ula\u015f\u0131m zorluklar\u0131 ve s\u00fcr\u00fcc\u00fclerin g\u00fcvenlik endi\u015feleri sona erecek&#8221; diyerek &hellip;","og_url":"https:\/\/denizcankizil.tr\/uk\/haberler\/gundem\/tokat-milletvekili-arslandan-camlibel-tuneli-mujdesi\/","og_site_name":"Av. Deniz Can K\u0131z\u0131l","article_published_time":"2025-01-16T08:41:47+00:00","author":"admin","twitter_card":"summary_large_image","twitter_misc":{"\u041d\u0430\u043f\u0438\u0441\u0430\u043d\u043e":"admin","\u041f\u0440\u0438\u0431\u043b. \u0447\u0430\u0441 \u0447\u0438\u0442\u0430\u043d\u043d\u044f":"4 \u0445\u0432\u0438\u043b\u0438\u043d\u0438"},"schema":{"@context":"https:\/\/schema.org","@graph":[{"@type":"Article","@id":"https:\/\/denizcankizil.tr\/uk\/haberler\/gundem\/tokat-milletvekili-arslandan-camlibel-tuneli-mujdesi\/#article","isPartOf":{"@id":"https:\/\/denizcankizil.tr\/uk\/haberler\/gundem\/tokat-milletvekili-arslandan-camlibel-tuneli-mujdesi\/"},"author":{"name":"admin","@id":"https:\/\/denizcankizil.tr\/#\/schema\/person\/be3c05fe6a12686905512445d8185489"},"headline":"Tokat Milletvekili Arslan\u2019dan \u00c7aml\u0131bel T\u00fcneli m\u00fcjdesi","datePublished":"2025-01-16T08:41:47+00:00","mainEntityOfPage":{"@id":"https:\/\/denizcankizil.tr\/uk\/haberler\/gundem\/tokat-milletvekili-arslandan-camlibel-tuneli-mujdesi\/"},"wordCount":870,"commentCount":0,"publisher":{"@id":"https:\/\/denizcankizil.tr\/#organization"},"articleSection":["G\u00fcndem"],"inLanguage":"uk","potentialAction":[{"@type":"CommentAction","name":"Comment","target":["https:\/\/denizcankizil.tr\/uk\/haberler\/gundem\/tokat-milletvekili-arslandan-camlibel-tuneli-mujdesi\/#respond"]}]},{"@type":"WebPage","@id":"https:\/\/denizcankizil.tr\/uk\/haberler\/gundem\/tokat-milletvekili-arslandan-camlibel-tuneli-mujdesi\/","url":"https:\/\/denizcankizil.tr\/uk\/haberler\/gundem\/tokat-milletvekili-arslandan-camlibel-tuneli-mujdesi\/","name":"Tokat Milletvekili Arslan\u2019dan \u00c7aml\u0131bel T\u00fcneli m\u00fcjdesi - Av. Deniz Can K\u0131z\u0131l","isPartOf":{"@id":"https:\/\/denizcankizil.tr\/#website"},"datePublished":"2025-01-16T08:41:47+00:00","breadcrumb":{"@id":"https:\/\/denizcankizil.tr\/uk\/haberler\/gundem\/tokat-milletvekili-arslandan-camlibel-tuneli-mujdesi\/#breadcrumb"},"inLanguage":"uk","potentialAction":[{"@type":"ReadAction","target":["https:\/\/denizcankizil.tr\/uk\/haberler\/gundem\/tokat-milletvekili-arslandan-camlibel-tuneli-mujdesi\/"]}]},{"@type":"BreadcrumbList","@id":"https:\/\/denizcankizil.tr\/uk\/haberler\/gundem\/tokat-milletvekili-arslandan-camlibel-tuneli-mujdesi\/#breadcrumb","itemListElement":[{"@type":"ListItem","position":1,"name":"Home","item":"https:\/\/denizcankizil.tr\/de\/"},{"@type":"ListItem","position":2,"name":"Tokat Milletvekili Arslan\u2019dan \u00c7aml\u0131bel T\u00fcneli m\u00fcjdesi"}]},{"@type":"WebSite","@id":"https:\/\/denizcankizil.tr\/#website","url":"https:\/\/denizcankizil.tr\/","name":"Av. Deniz Can K\u0131z\u0131l","description":"Avukat Deniz Can K\u0131z\u0131l Antalya Barosu","publisher":{"@id":"https:\/\/denizcankizil.tr\/#organization"},"potentialAction":[{"@type":"SearchAction","target":{"@type":"EntryPoint","urlTemplate":"https:\/\/denizcankizil.tr\/?s={search_term_string}"},"query-input":{"@type":"PropertyValueSpecification","valueRequired":true,"valueName":"search_term_string"}}],"inLanguage":"uk"},{"@type":"Organization","@id":"https:\/\/denizcankizil.tr\/#organization","name":"Av. Deniz Can K\u0131z\u0131l","url":"https:\/\/denizcankizil.tr\/","logo":{"@type":"ImageObject","inLanguage":"uk","@id":"https:\/\/denizcankizil.tr\/#\/schema\/logo\/image\/","url":"https:\/\/denizcankizil.tr\/wp-content\/uploads\/2024\/10\/siyah-logo-svg.svg","contentUrl":"https:\/\/denizcankizil.tr\/wp-content\/uploads\/2024\/10\/siyah-logo-svg.svg","width":1080,"height":1080,"caption":"Av. Deniz Can K\u0131z\u0131l"},"image":{"@id":"https:\/\/denizcankizil.tr\/#\/schema\/logo\/image\/"}},{"@type":"Person","@id":"https:\/\/denizcankizil.tr\/#\/schema\/person\/be3c05fe6a12686905512445d8185489","name":"\u0430\u0434\u043c\u0456\u043d","image":{"@type":"ImageObject","inLanguage":"uk","@id":"https:\/\/denizcankizil.tr\/#\/schema\/person\/image\/","url":"https:\/\/secure.gravatar.com\/avatar\/c1fce94c830dc79107e174f890d7210541c4a63e8e5d816341794a2151c9d58c?s=96&d=mm&r=g","contentUrl":"https:\/\/secure.gravatar.com\/avatar\/c1fce94c830dc79107e174f890d7210541c4a63e8e5d816341794a2151c9d58c?s=96&d=mm&r=g","caption":"admin"},"sameAs":["http:\/\/denizcankizil.tr"],"url":"https:\/\/www.iskenderun.org\/tokat-milletvekili-arslandan-camlibel-tuneli-mujdesi"}]}},"_links":{"self":[{"href":"https:\/\/denizcankizil.tr\/uk\/wp-json\/wp\/v2\/posts\/25620","targetHints":{"allow":["GET"]}}],"collection":[{"href":"https:\/\/denizcankizil.tr\/uk\/wp-json\/wp\/v2\/posts"}],"about":[{"href":"https:\/\/denizcankizil.tr\/uk\/wp-json\/wp\/v2\/types\/post"}],"author":[{"embeddable":true,"href":"https:\/\/denizcankizil.tr\/uk\/wp-json\/wp\/v2\/users\/1"}],"replies":[{"embeddable":true,"href":"https:\/\/denizcankizil.tr\/uk\/wp-json\/wp\/v2\/comments?post=25620"}],"version-history":[{"count":0,"href":"https:\/\/denizcankizil.tr\/uk\/wp-json\/wp\/v2\/posts\/25620\/revisions"}],"wp:attachment":[{"href":"https:\/\/denizcankizil.tr\/uk\/wp-json\/wp\/v2\/media?parent=25620"}],"wp:term":[{"taxonomy":"category","embeddable":true,"href":"https:\/\/denizcankizil.tr\/uk\/wp-json\/wp\/v2\/categories?post=25620"},{"taxonomy":"post_tag","embeddable":true,"href":"https:\/\/denizcankizil.tr\/uk\/wp-json\/wp\/v2\/tags?post=25620"}],"curies":[{"name":"wp","href":"https:\/\/api.w.org\/{rel}","templated":true}]}}