{"id":25514,"date":"2025-01-15T17:41:58","date_gmt":"2025-01-15T14:41:58","guid":{"rendered":"https:\/\/denizcankizil.tr\/uncategorized-tr\/iskenderunda-iktidara-emekliden-kirmizi-kart\/"},"modified":"2025-01-15T17:41:58","modified_gmt":"2025-01-15T14:41:58","slug":"iskenderunda-iktidara-emekliden-kirmizi-kart","status":"publish","type":"post","link":"https:\/\/denizcankizil.tr\/uk\/haberler\/gundem\/iskenderunda-iktidara-emekliden-kirmizi-kart\/","title":{"rendered":"\u0130skenderun\u2019da \u0130ktidara emekliden K\u0131rm\u0131z\u0131 kart!"},"content":{"rendered":"<p>Hatay\u2019\u0131n \u0130skenderun il\u00e7esinde emekliler, ya\u015fad\u0131klar\u0131 ekonomik s\u0131k\u0131nt\u0131lar\u0131 dile getirmek i\u00e7in bir bas\u0131n a\u00e7\u0131klamas\u0131 ger\u00e7ekle\u015ftirdi. Sa\u011fl\u0131kl\u0131 Ya\u015fam Park\u0131nda bir araya gelen ve 2021T\u00fcm Emekliler Sendikas\u0131 \u00f6nc\u00fcl\u00fc\u011f\u00fcnde d\u00fczenlenen etkinli\u011fe sendika \u00fcyelerine, CHP \u0130skenderun \u0130l\u00e7e \u00d6rg\u00fct\u00fc ile \u00e7ok say\u0131da sivil toplum kurulu\u015fu \u00e7e\u015fitli sendikalar da destek verdi.<\/p>\n<p>T\u00fcm Emekliler Sendikas\u0131 2017 \u0130skenderun Temsilcisi Medine Yayman \u2018birle\u015fe birle\u015fe kazanaca\u011f\u0131z\u2019 slogan\u0131n\u0131 hayata ge\u00e7irmek i\u00e7in burada olduklar\u0131n\u0131 ifade ederek \u201cBizlere kar\u015f\u0131 orant\u0131s\u0131z g\u00fc\u00e7 kullananlar bizi topluma su\u00e7lu olarak da g\u00f6steriyor bizler insanca onurlu ya\u015fama hakk\u0131m\u0131z\u0131 kullanmak istiyoruz sermaye biriktirme, rant pe\u015finde de\u011filiz. Gelece\u011fimiz siyasi iktidar\u0131n iki duda\u011f\u0131 aras\u0131nda olmamal\u0131d\u0131r. \u0130ktidardan s\u00f6z de\u011fil icraat bekliyoruz. Emeklilik anayasal hakt\u0131r, gasp edilemez. Emeklilerin dayanma g\u00fcc\u00fc kalmam\u0131\u015ft\u0131r Bu durum b\u00f6yle devam edemez ve etmemelidir. Biz emekliler insanca ya\u015famak istiyoruz\u201d diye konu\u015ftu.<\/p>\n<p>T\u00dc\u0130K\u2019in yalan verileri bir yana, ger\u00e7ek hayat\u0131n t\u00fcm emek\u00e7iler ve emeklilerin \u00fczerine y\u00fckledi\u011fi ekonomik zor ko\u015fullar\u0131n peri\u015fan etti\u011fini vurgulayan E\u011fitim \u0130\u015f Hatay 2 Nolu \u015eube Ba\u015fkan\u0131 Hasan Ku\u015f ve E\u011fitim Sen \u0130skenderun \u015eube Ba\u015fkan\u0131 Mustafa \u00dcnsal da sendikal haklar\u0131n \u00f6nemine dikkat \u00e7ektiler.<\/p>\n<p>Cumhuriyet Halk Partisi \u0130skenderun \u0130l\u00e7e Ba\u015fkan\u0131 H\u00fcseyin Derin de ekonomik s\u0131k\u0131nt\u0131lar\u0131n dayan\u0131lmaz hale geldi\u011fini belirterek, \u201cEkonomik kriz her kesimde ciddi bir \u015fekilde hissedildi. AKP yine bizleri tercih etmedi\u011fini g\u00f6stermi\u015ftir, biz de onlar\u0131 art\u0131k tercih etmedi\u011fimizi g\u00f6sterece\u011fiz. Emeklilerimiz ve bizler i\u00e7in hayat art\u0131k ya\u015fanmaz bir noktaya gelmi\u015ftir. Art\u0131k erken se\u00e7im ka\u00e7\u0131n\u0131lmazd\u0131r\u201d dedi.<\/p>\n<p>T\u00fcm Emekliler Sendikas\u0131 \u0130skenderun \u015eube Ba\u015fkan\u0131 Mustafa \u00c7ankaya, \u201cY\u0131llard\u0131r verdi\u011fimiz m\u00fccadele, sofram\u0131zdaki ekme\u011fi b\u00fcy\u00fctmek ve adil bir \u015fekilde payla\u015fmak i\u00e7indir. Bug\u00fcn milyonlarca emekli a\u00e7l\u0131k s\u0131n\u0131r\u0131nda, milyonlarca emek\u00e7i ise yoksulluk s\u0131n\u0131r\u0131n\u0131n alt\u0131nda ya\u015famaktad\u0131r. Bu duruma kar\u015f\u0131 \u0130skenderun\u2019dan sesimizi y\u00fckseltiyoruz: \u0130nsanca ya\u015fayacak bir maa\u015f istiyoruz! Ama Feryatlar K\u00e2r Etmiyor! \u0130ktidar: emeklilerden, i\u015f\u00e7ilerden, \u00e7ift\u00e7ilerden, memurlardan, i\u015fsizlerden, evsizlerden, gen\u00e7lerden, kad\u0131nlardan, dullardan ve yetimlerden k\u0131sacas\u0131 yoksul halk\u0131m\u0131zdan yine sab\u0131r istedi. Feryad\u0131m\u0131z\u0131 duyun diye g\u00fcnlerdir \u00fclkenin d\u00f6rt bir yan\u0131nda alanlarday\u0131z. \u0130ktidar, \u00e7ar\u015f\u0131da, pazarda, mutfakta ya\u015fad\u0131\u011f\u0131m\u0131z ge\u00e7ek enflasyonu y\u0131llard\u0131r T\u00dc\u0130K marifetiyle gizliyor. TBMM \u00f6n\u00fcnde ve di\u011fer alanlarda a\u00e7\u0131klamalar yapt\u0131k, oturduk, y\u00fcr\u00fcd\u00fck, imzalar toplad\u0131k, mitinglerde hayk\u0131rd\u0131k duymad\u0131n\u0131z. Bug\u00fcn yine burada ya\u015fad\u0131\u011f\u0131m\u0131z derin yoksullu\u011fu iktidara iletmek i\u00e7in alanlarday\u0131z. Halk\u0131n feryad\u0131na gene de kulak asmazlarsa, bize kalan tek se\u00e7ene\u011fi kullanaca\u011f\u0131z. E\u015fitlik, \u00f6zg\u00fcrl\u00fck ve ekme\u011fimiz i\u00e7in m\u00fccadelemizi y\u00fckseltece\u011fiz\u201d \u015feklinde konu\u015ftu.<\/p>\n<p>\u200b2021 T\u00fcm Emekli Sen \u0130skenderun \u015eubesi \u00fcyeleri, a\u00e7l\u0131k s\u0131n\u0131r\u0131 alt\u0131nda maa\u015f alan milyonlarca emekli, yoksulluk s\u0131n\u0131r\u0131 alt\u0131nda \u00e7al\u0131\u015fan t\u00fcm emek\u00e7ilerle bir araya gelen kentin emeklileri, iktidara \u2018k\u0131rm\u0131z\u0131 kart\u2019 g\u00f6sterdi.\u00a0<\/p>\n<p>\u200bHaberin Al\u0131nt\u0131land\u0131\u011f\u0131 Kaynak: www.iskenderun.org<\/p>","protected":false},"excerpt":{"rendered":"<p>Hatay\u2019\u0131n \u0130skenderun il\u00e7esinde emekliler, ya\u015fad\u0131klar\u0131 ekonomik s\u0131k\u0131nt\u0131lar\u0131 dile getirmek i\u00e7in bir bas\u0131n a\u00e7\u0131klamas\u0131 ger\u00e7ekle\u015ftirdi. Sa\u011fl\u0131kl\u0131 Ya\u015fam Park\u0131nda bir araya gelen ve 2021T\u00fcm Emekliler Sendikas\u0131 \u00f6nc\u00fcl\u00fc\u011f\u00fcnde d\u00fczenlenen etkinli\u011fe sendika \u00fcyelerine, CHP \u0130skenderun \u0130l\u00e7e \u00d6rg\u00fct\u00fc ile \u00e7ok say\u0131da sivil toplum kurulu\u015fu \u00e7e\u015fitli sendikalar da destek verdi. T\u00fcm Emekliler Sendikas\u0131 2017 \u0130skenderun Temsilcisi Medine Yayman \u2018birle\u015fe birle\u015fe kazanaca\u011f\u0131z\u2019 slogan\u0131n\u0131 hayata ge\u00e7irmek i\u00e7in burada olduklar\u0131n\u0131 ifade ederek \u201cBizlere kar\u015f\u0131 orant\u0131s\u0131z g\u00fc\u00e7 kullananlar bizi topluma su\u00e7lu olarak da g\u00f6steriyor bizler insanca onurlu ya\u015fama hakk\u0131m\u0131z\u0131 kullanmak istiyoruz sermaye biriktirme, rant pe\u015finde de\u011filiz. Gelece\u011fimiz siyasi iktidar\u0131n iki duda\u011f\u0131 aras\u0131nda olmamal\u0131d\u0131r. \u0130ktidardan s\u00f6z de\u011fil icraat bekliyoruz. Emeklilik anayasal hakt\u0131r, gasp edilemez. Emeklilerin dayanma g\u00fcc\u00fc kalmam\u0131\u015ft\u0131r Bu durum b\u00f6yle devam edemez ve etmemelidir. Biz emekliler insanca ya\u015famak istiyoruz\u201d diye konu\u015ftu. T\u00dc\u0130K\u2019in yalan verileri bir yana, ger\u00e7ek hayat\u0131n t\u00fcm emek\u00e7iler ve emeklilerin \u00fczerine y\u00fckledi\u011fi ekonomik zor ko\u015fullar\u0131n peri\u015fan etti\u011fini vurgulayan E\u011fitim \u0130\u015f Hatay 2 Nolu \u015eube Ba\u015fkan\u0131 Hasan Ku\u015f ve E\u011fitim Sen \u0130skenderun \u015eube Ba\u015fkan\u0131 Mustafa \u00dcnsal da sendikal haklar\u0131n \u00f6nemine dikkat \u00e7ektiler. Cumhuriyet Halk Partisi \u0130skenderun \u0130l\u00e7e Ba\u015fkan\u0131 H\u00fcseyin Derin de ekonomik s\u0131k\u0131nt\u0131lar\u0131n dayan\u0131lmaz hale geldi\u011fini belirterek, \u201cEkonomik kriz her kesimde ciddi bir \u015fekilde hissedildi. AKP yine bizleri tercih etmedi\u011fini g\u00f6stermi\u015ftir, biz de onlar\u0131 art\u0131k tercih etmedi\u011fimizi g\u00f6sterece\u011fiz. Emeklilerimiz &hellip;<\/p>","protected":false},"author":1,"featured_media":0,"comment_status":"open","ping_status":"open","sticky":false,"template":"","format":"standard","meta":{"_acf_changed":false,"footnotes":""},"categories":[24],"tags":[],"class_list":["post-25514","post","type-post","status-publish","format-standard","has-post-thumbnail","hentry","category-gundem"],"acf":[],"yoast_head":"<!-- This site is optimized with the Yoast SEO Premium plugin v26.6 (Yoast SEO v27.1.1) - https:\/\/yoast.com\/product\/yoast-seo-premium-wordpress\/ -->\n<title>\u0130skenderun\u2019da \u0130ktidara emekliden K\u0131rm\u0131z\u0131 kart! - Av. Deniz Can K\u0131z\u0131l<\/title>\n<meta name=\"robots\" content=\"index, follow, max-snippet:-1, max-image-preview:large, max-video-preview:-1\" \/>\n<link rel=\"canonical\" href=\"https:\/\/denizcankizil.tr\/uk\/haberler\/gundem\/iskenderunda-iktidara-emekliden-kirmizi-kart\/\" \/>\n<meta property=\"og:locale\" content=\"uk_UA\" \/>\n<meta property=\"og:type\" content=\"article\" \/>\n<meta property=\"og:title\" content=\"\u0130skenderun\u2019da \u0130ktidara emekliden K\u0131rm\u0131z\u0131 kart!\" \/>\n<meta property=\"og:description\" content=\"Hatay\u2019\u0131n \u0130skenderun il\u00e7esinde emekliler, ya\u015fad\u0131klar\u0131 ekonomik s\u0131k\u0131nt\u0131lar\u0131 dile getirmek i\u00e7in bir bas\u0131n a\u00e7\u0131klamas\u0131 ger\u00e7ekle\u015ftirdi. Sa\u011fl\u0131kl\u0131 Ya\u015fam Park\u0131nda bir araya gelen ve 2021T\u00fcm Emekliler Sendikas\u0131 \u00f6nc\u00fcl\u00fc\u011f\u00fcnde d\u00fczenlenen etkinli\u011fe sendika \u00fcyelerine, CHP \u0130skenderun \u0130l\u00e7e \u00d6rg\u00fct\u00fc ile \u00e7ok say\u0131da sivil toplum kurulu\u015fu \u00e7e\u015fitli sendikalar da destek verdi. T\u00fcm Emekliler Sendikas\u0131 2017 \u0130skenderun Temsilcisi Medine Yayman \u2018birle\u015fe birle\u015fe kazanaca\u011f\u0131z\u2019 slogan\u0131n\u0131 hayata ge\u00e7irmek i\u00e7in burada olduklar\u0131n\u0131 ifade ederek \u201cBizlere kar\u015f\u0131 orant\u0131s\u0131z g\u00fc\u00e7 kullananlar bizi topluma su\u00e7lu olarak da g\u00f6steriyor bizler insanca onurlu ya\u015fama hakk\u0131m\u0131z\u0131 kullanmak istiyoruz sermaye biriktirme, rant pe\u015finde de\u011filiz. Gelece\u011fimiz siyasi iktidar\u0131n iki duda\u011f\u0131 aras\u0131nda olmamal\u0131d\u0131r. \u0130ktidardan s\u00f6z de\u011fil icraat bekliyoruz. Emeklilik anayasal hakt\u0131r, gasp edilemez. Emeklilerin dayanma g\u00fcc\u00fc kalmam\u0131\u015ft\u0131r Bu durum b\u00f6yle devam edemez ve etmemelidir. Biz emekliler insanca ya\u015famak istiyoruz\u201d diye konu\u015ftu. T\u00dc\u0130K\u2019in yalan verileri bir yana, ger\u00e7ek hayat\u0131n t\u00fcm emek\u00e7iler ve emeklilerin \u00fczerine y\u00fckledi\u011fi ekonomik zor ko\u015fullar\u0131n peri\u015fan etti\u011fini vurgulayan E\u011fitim \u0130\u015f Hatay 2 Nolu \u015eube Ba\u015fkan\u0131 Hasan Ku\u015f ve E\u011fitim Sen \u0130skenderun \u015eube Ba\u015fkan\u0131 Mustafa \u00dcnsal da sendikal haklar\u0131n \u00f6nemine dikkat \u00e7ektiler. Cumhuriyet Halk Partisi \u0130skenderun \u0130l\u00e7e Ba\u015fkan\u0131 H\u00fcseyin Derin de ekonomik s\u0131k\u0131nt\u0131lar\u0131n dayan\u0131lmaz hale geldi\u011fini belirterek, \u201cEkonomik kriz her kesimde ciddi bir \u015fekilde hissedildi. AKP yine bizleri tercih etmedi\u011fini g\u00f6stermi\u015ftir, biz de onlar\u0131 art\u0131k tercih etmedi\u011fimizi g\u00f6sterece\u011fiz. Emeklilerimiz &hellip;\" \/>\n<meta property=\"og:url\" content=\"https:\/\/denizcankizil.tr\/uk\/haberler\/gundem\/iskenderunda-iktidara-emekliden-kirmizi-kart\/\" \/>\n<meta property=\"og:site_name\" content=\"Av. Deniz Can K\u0131z\u0131l\" \/>\n<meta property=\"article:published_time\" content=\"2025-01-15T14:41:58+00:00\" \/>\n<meta name=\"author\" content=\"admin\" \/>\n<meta name=\"twitter:card\" content=\"summary_large_image\" \/>\n<meta name=\"twitter:label1\" content=\"\u041d\u0430\u043f\u0438\u0441\u0430\u043d\u043e\" \/>\n\t<meta name=\"twitter:data1\" content=\"admin\" \/>\n\t<meta name=\"twitter:label2\" content=\"\u041f\u0440\u0438\u0431\u043b. \u0447\u0430\u0441 \u0447\u0438\u0442\u0430\u043d\u043d\u044f\" \/>\n\t<meta name=\"twitter:data2\" content=\"3 \u0445\u0432\u0438\u043b\u0438\u043d\u0438\" \/>\n<script type=\"application\/ld+json\" class=\"yoast-schema-graph\">{\"@context\":\"https:\/\/schema.org\",\"@graph\":[{\"@type\":\"Article\",\"@id\":\"https:\/\/denizcankizil.tr\/uk\/haberler\/gundem\/iskenderunda-iktidara-emekliden-kirmizi-kart\/#article\",\"isPartOf\":{\"@id\":\"https:\/\/denizcankizil.tr\/uk\/haberler\/gundem\/iskenderunda-iktidara-emekliden-kirmizi-kart\/\"},\"author\":{\"name\":\"admin\",\"@id\":\"https:\/\/denizcankizil.tr\/de\/#\/schema\/person\/be3c05fe6a12686905512445d8185489\"},\"headline\":\"\u0130skenderun\u2019da \u0130ktidara emekliden K\u0131rm\u0131z\u0131 kart!\",\"datePublished\":\"2025-01-15T14:41:58+00:00\",\"mainEntityOfPage\":{\"@id\":\"https:\/\/denizcankizil.tr\/uk\/haberler\/gundem\/iskenderunda-iktidara-emekliden-kirmizi-kart\/\"},\"wordCount\":584,\"commentCount\":0,\"publisher\":{\"@id\":\"https:\/\/denizcankizil.tr\/de\/#organization\"},\"articleSection\":[\"G\u00fcndem\"],\"inLanguage\":\"uk\",\"potentialAction\":[{\"@type\":\"CommentAction\",\"name\":\"Comment\",\"target\":[\"https:\/\/denizcankizil.tr\/uk\/haberler\/gundem\/iskenderunda-iktidara-emekliden-kirmizi-kart\/#respond\"]}]},{\"@type\":\"WebPage\",\"@id\":\"https:\/\/denizcankizil.tr\/uk\/haberler\/gundem\/iskenderunda-iktidara-emekliden-kirmizi-kart\/\",\"url\":\"https:\/\/denizcankizil.tr\/uk\/haberler\/gundem\/iskenderunda-iktidara-emekliden-kirmizi-kart\/\",\"name\":\"\u0130skenderun\u2019da \u0130ktidara emekliden K\u0131rm\u0131z\u0131 kart! - Av. Deniz Can K\u0131z\u0131l\",\"isPartOf\":{\"@id\":\"https:\/\/denizcankizil.tr\/de\/#website\"},\"datePublished\":\"2025-01-15T14:41:58+00:00\",\"breadcrumb\":{\"@id\":\"https:\/\/denizcankizil.tr\/uk\/haberler\/gundem\/iskenderunda-iktidara-emekliden-kirmizi-kart\/#breadcrumb\"},\"inLanguage\":\"uk\",\"potentialAction\":[{\"@type\":\"ReadAction\",\"target\":[\"https:\/\/denizcankizil.tr\/uk\/haberler\/gundem\/iskenderunda-iktidara-emekliden-kirmizi-kart\/\"]}]},{\"@type\":\"BreadcrumbList\",\"@id\":\"https:\/\/denizcankizil.tr\/uk\/haberler\/gundem\/iskenderunda-iktidara-emekliden-kirmizi-kart\/#breadcrumb\",\"itemListElement\":[{\"@type\":\"ListItem\",\"position\":1,\"name\":\"Home\",\"item\":\"https:\/\/denizcankizil.tr\/de\/\"},{\"@type\":\"ListItem\",\"position\":2,\"name\":\"\u0130skenderun\u2019da \u0130ktidara emekliden K\u0131rm\u0131z\u0131 kart!\"}]},{\"@type\":\"WebSite\",\"@id\":\"https:\/\/denizcankizil.tr\/de\/#website\",\"url\":\"https:\/\/denizcankizil.tr\/de\/\",\"name\":\"Av. Deniz Can K\u0131z\u0131l\",\"description\":\"Avukat Deniz Can K\u0131z\u0131l Antalya Barosu\",\"publisher\":{\"@id\":\"https:\/\/denizcankizil.tr\/de\/#organization\"},\"potentialAction\":[{\"@type\":\"SearchAction\",\"target\":{\"@type\":\"EntryPoint\",\"urlTemplate\":\"https:\/\/denizcankizil.tr\/de\/?s={search_term_string}\"},\"query-input\":{\"@type\":\"PropertyValueSpecification\",\"valueRequired\":true,\"valueName\":\"search_term_string\"}}],\"inLanguage\":\"uk\"},{\"@type\":\"Organization\",\"@id\":\"https:\/\/denizcankizil.tr\/de\/#organization\",\"name\":\"Av. Deniz Can K\u0131z\u0131l\",\"url\":\"https:\/\/denizcankizil.tr\/de\/\",\"logo\":{\"@type\":\"ImageObject\",\"inLanguage\":\"uk\",\"@id\":\"https:\/\/denizcankizil.tr\/de\/#\/schema\/logo\/image\/\",\"url\":\"https:\/\/denizcankizil.tr\/wp-content\/uploads\/2024\/10\/siyah-logo-svg.svg\",\"contentUrl\":\"https:\/\/denizcankizil.tr\/wp-content\/uploads\/2024\/10\/siyah-logo-svg.svg\",\"width\":1080,\"height\":1080,\"caption\":\"Av. Deniz Can K\u0131z\u0131l\"},\"image\":{\"@id\":\"https:\/\/denizcankizil.tr\/de\/#\/schema\/logo\/image\/\"}},{\"@type\":\"Person\",\"@id\":\"https:\/\/denizcankizil.tr\/de\/#\/schema\/person\/be3c05fe6a12686905512445d8185489\",\"name\":\"admin\",\"image\":{\"@type\":\"ImageObject\",\"inLanguage\":\"uk\",\"@id\":\"https:\/\/denizcankizil.tr\/de\/#\/schema\/person\/image\/\",\"url\":\"https:\/\/secure.gravatar.com\/avatar\/c1fce94c830dc79107e174f890d7210541c4a63e8e5d816341794a2151c9d58c?s=96&d=mm&r=g\",\"contentUrl\":\"https:\/\/secure.gravatar.com\/avatar\/c1fce94c830dc79107e174f890d7210541c4a63e8e5d816341794a2151c9d58c?s=96&d=mm&r=g\",\"caption\":\"admin\"},\"sameAs\":[\"http:\/\/denizcankizil.tr\"],\"url\":\"https:\/\/www.iskenderun.org\/iskenderunda-iktidara-emekliden-kirmizi-kart\"}]}<\/script>\n<!-- \/ Yoast SEO Premium plugin. -->","yoast_head_json":{"title":"\u0130skenderun\u2019da \u0130ktidara emekliden K\u0131rm\u0131z\u0131 kart! - Av. Deniz Can K\u0131z\u0131l","robots":{"index":"index","follow":"follow","max-snippet":"max-snippet:-1","max-image-preview":"max-image-preview:large","max-video-preview":"max-video-preview:-1"},"canonical":"https:\/\/denizcankizil.tr\/uk\/haberler\/gundem\/iskenderunda-iktidara-emekliden-kirmizi-kart\/","og_locale":"uk_UA","og_type":"article","og_title":"\u0130skenderun\u2019da \u0130ktidara emekliden K\u0131rm\u0131z\u0131 kart!","og_description":"Hatay\u2019\u0131n \u0130skenderun il\u00e7esinde emekliler, ya\u015fad\u0131klar\u0131 ekonomik s\u0131k\u0131nt\u0131lar\u0131 dile getirmek i\u00e7in bir bas\u0131n a\u00e7\u0131klamas\u0131 ger\u00e7ekle\u015ftirdi. Sa\u011fl\u0131kl\u0131 Ya\u015fam Park\u0131nda bir araya gelen ve 2021T\u00fcm Emekliler Sendikas\u0131 \u00f6nc\u00fcl\u00fc\u011f\u00fcnde d\u00fczenlenen etkinli\u011fe sendika \u00fcyelerine, CHP \u0130skenderun \u0130l\u00e7e \u00d6rg\u00fct\u00fc ile \u00e7ok say\u0131da sivil toplum kurulu\u015fu \u00e7e\u015fitli sendikalar da destek verdi. T\u00fcm Emekliler Sendikas\u0131 2017 \u0130skenderun Temsilcisi Medine Yayman \u2018birle\u015fe birle\u015fe kazanaca\u011f\u0131z\u2019 slogan\u0131n\u0131 hayata ge\u00e7irmek i\u00e7in burada olduklar\u0131n\u0131 ifade ederek \u201cBizlere kar\u015f\u0131 orant\u0131s\u0131z g\u00fc\u00e7 kullananlar bizi topluma su\u00e7lu olarak da g\u00f6steriyor bizler insanca onurlu ya\u015fama hakk\u0131m\u0131z\u0131 kullanmak istiyoruz sermaye biriktirme, rant pe\u015finde de\u011filiz. Gelece\u011fimiz siyasi iktidar\u0131n iki duda\u011f\u0131 aras\u0131nda olmamal\u0131d\u0131r. \u0130ktidardan s\u00f6z de\u011fil icraat bekliyoruz. Emeklilik anayasal hakt\u0131r, gasp edilemez. Emeklilerin dayanma g\u00fcc\u00fc kalmam\u0131\u015ft\u0131r Bu durum b\u00f6yle devam edemez ve etmemelidir. Biz emekliler insanca ya\u015famak istiyoruz\u201d diye konu\u015ftu. T\u00dc\u0130K\u2019in yalan verileri bir yana, ger\u00e7ek hayat\u0131n t\u00fcm emek\u00e7iler ve emeklilerin \u00fczerine y\u00fckledi\u011fi ekonomik zor ko\u015fullar\u0131n peri\u015fan etti\u011fini vurgulayan E\u011fitim \u0130\u015f Hatay 2 Nolu \u015eube Ba\u015fkan\u0131 Hasan Ku\u015f ve E\u011fitim Sen \u0130skenderun \u015eube Ba\u015fkan\u0131 Mustafa \u00dcnsal da sendikal haklar\u0131n \u00f6nemine dikkat \u00e7ektiler. Cumhuriyet Halk Partisi \u0130skenderun \u0130l\u00e7e Ba\u015fkan\u0131 H\u00fcseyin Derin de ekonomik s\u0131k\u0131nt\u0131lar\u0131n dayan\u0131lmaz hale geldi\u011fini belirterek, \u201cEkonomik kriz her kesimde ciddi bir \u015fekilde hissedildi. AKP yine bizleri tercih etmedi\u011fini g\u00f6stermi\u015ftir, biz de onlar\u0131 art\u0131k tercih etmedi\u011fimizi g\u00f6sterece\u011fiz. Emeklilerimiz &hellip;","og_url":"https:\/\/denizcankizil.tr\/uk\/haberler\/gundem\/iskenderunda-iktidara-emekliden-kirmizi-kart\/","og_site_name":"Av. Deniz Can K\u0131z\u0131l","article_published_time":"2025-01-15T14:41:58+00:00","author":"admin","twitter_card":"summary_large_image","twitter_misc":{"\u041d\u0430\u043f\u0438\u0441\u0430\u043d\u043e":"admin","\u041f\u0440\u0438\u0431\u043b. \u0447\u0430\u0441 \u0447\u0438\u0442\u0430\u043d\u043d\u044f":"3 \u0445\u0432\u0438\u043b\u0438\u043d\u0438"},"schema":{"@context":"https:\/\/schema.org","@graph":[{"@type":"Article","@id":"https:\/\/denizcankizil.tr\/uk\/haberler\/gundem\/iskenderunda-iktidara-emekliden-kirmizi-kart\/#article","isPartOf":{"@id":"https:\/\/denizcankizil.tr\/uk\/haberler\/gundem\/iskenderunda-iktidara-emekliden-kirmizi-kart\/"},"author":{"name":"admin","@id":"https:\/\/denizcankizil.tr\/de\/#\/schema\/person\/be3c05fe6a12686905512445d8185489"},"headline":"\u0130skenderun\u2019da \u0130ktidara emekliden K\u0131rm\u0131z\u0131 kart!","datePublished":"2025-01-15T14:41:58+00:00","mainEntityOfPage":{"@id":"https:\/\/denizcankizil.tr\/uk\/haberler\/gundem\/iskenderunda-iktidara-emekliden-kirmizi-kart\/"},"wordCount":584,"commentCount":0,"publisher":{"@id":"https:\/\/denizcankizil.tr\/de\/#organization"},"articleSection":["G\u00fcndem"],"inLanguage":"uk","potentialAction":[{"@type":"CommentAction","name":"Comment","target":["https:\/\/denizcankizil.tr\/uk\/haberler\/gundem\/iskenderunda-iktidara-emekliden-kirmizi-kart\/#respond"]}]},{"@type":"WebPage","@id":"https:\/\/denizcankizil.tr\/uk\/haberler\/gundem\/iskenderunda-iktidara-emekliden-kirmizi-kart\/","url":"https:\/\/denizcankizil.tr\/uk\/haberler\/gundem\/iskenderunda-iktidara-emekliden-kirmizi-kart\/","name":"\u0130skenderun\u2019da \u0130ktidara emekliden K\u0131rm\u0131z\u0131 kart! - Av. Deniz Can K\u0131z\u0131l","isPartOf":{"@id":"https:\/\/denizcankizil.tr\/de\/#website"},"datePublished":"2025-01-15T14:41:58+00:00","breadcrumb":{"@id":"https:\/\/denizcankizil.tr\/uk\/haberler\/gundem\/iskenderunda-iktidara-emekliden-kirmizi-kart\/#breadcrumb"},"inLanguage":"uk","potentialAction":[{"@type":"ReadAction","target":["https:\/\/denizcankizil.tr\/uk\/haberler\/gundem\/iskenderunda-iktidara-emekliden-kirmizi-kart\/"]}]},{"@type":"BreadcrumbList","@id":"https:\/\/denizcankizil.tr\/uk\/haberler\/gundem\/iskenderunda-iktidara-emekliden-kirmizi-kart\/#breadcrumb","itemListElement":[{"@type":"ListItem","position":1,"name":"Home","item":"https:\/\/denizcankizil.tr\/de\/"},{"@type":"ListItem","position":2,"name":"\u0130skenderun\u2019da \u0130ktidara emekliden K\u0131rm\u0131z\u0131 kart!"}]},{"@type":"WebSite","@id":"https:\/\/denizcankizil.tr\/de\/#website","url":"https:\/\/denizcankizil.tr\/de\/","name":"Av. Deniz Can K\u0131z\u0131l","description":"Avukat Deniz Can K\u0131z\u0131l Antalya Barosu","publisher":{"@id":"https:\/\/denizcankizil.tr\/de\/#organization"},"potentialAction":[{"@type":"SearchAction","target":{"@type":"EntryPoint","urlTemplate":"https:\/\/denizcankizil.tr\/de\/?s={search_term_string}"},"query-input":{"@type":"PropertyValueSpecification","valueRequired":true,"valueName":"search_term_string"}}],"inLanguage":"uk"},{"@type":"Organization","@id":"https:\/\/denizcankizil.tr\/de\/#organization","name":"Av. Deniz Can K\u0131z\u0131l","url":"https:\/\/denizcankizil.tr\/de\/","logo":{"@type":"ImageObject","inLanguage":"uk","@id":"https:\/\/denizcankizil.tr\/de\/#\/schema\/logo\/image\/","url":"https:\/\/denizcankizil.tr\/wp-content\/uploads\/2024\/10\/siyah-logo-svg.svg","contentUrl":"https:\/\/denizcankizil.tr\/wp-content\/uploads\/2024\/10\/siyah-logo-svg.svg","width":1080,"height":1080,"caption":"Av. Deniz Can K\u0131z\u0131l"},"image":{"@id":"https:\/\/denizcankizil.tr\/de\/#\/schema\/logo\/image\/"}},{"@type":"Person","@id":"https:\/\/denizcankizil.tr\/de\/#\/schema\/person\/be3c05fe6a12686905512445d8185489","name":"\u0430\u0434\u043c\u0456\u043d","image":{"@type":"ImageObject","inLanguage":"uk","@id":"https:\/\/denizcankizil.tr\/de\/#\/schema\/person\/image\/","url":"https:\/\/secure.gravatar.com\/avatar\/c1fce94c830dc79107e174f890d7210541c4a63e8e5d816341794a2151c9d58c?s=96&d=mm&r=g","contentUrl":"https:\/\/secure.gravatar.com\/avatar\/c1fce94c830dc79107e174f890d7210541c4a63e8e5d816341794a2151c9d58c?s=96&d=mm&r=g","caption":"admin"},"sameAs":["http:\/\/denizcankizil.tr"],"url":"https:\/\/www.iskenderun.org\/iskenderunda-iktidara-emekliden-kirmizi-kart"}]}},"_links":{"self":[{"href":"https:\/\/denizcankizil.tr\/uk\/wp-json\/wp\/v2\/posts\/25514","targetHints":{"allow":["GET"]}}],"collection":[{"href":"https:\/\/denizcankizil.tr\/uk\/wp-json\/wp\/v2\/posts"}],"about":[{"href":"https:\/\/denizcankizil.tr\/uk\/wp-json\/wp\/v2\/types\/post"}],"author":[{"embeddable":true,"href":"https:\/\/denizcankizil.tr\/uk\/wp-json\/wp\/v2\/users\/1"}],"replies":[{"embeddable":true,"href":"https:\/\/denizcankizil.tr\/uk\/wp-json\/wp\/v2\/comments?post=25514"}],"version-history":[{"count":0,"href":"https:\/\/denizcankizil.tr\/uk\/wp-json\/wp\/v2\/posts\/25514\/revisions"}],"wp:attachment":[{"href":"https:\/\/denizcankizil.tr\/uk\/wp-json\/wp\/v2\/media?parent=25514"}],"wp:term":[{"taxonomy":"category","embeddable":true,"href":"https:\/\/denizcankizil.tr\/uk\/wp-json\/wp\/v2\/categories?post=25514"},{"taxonomy":"post_tag","embeddable":true,"href":"https:\/\/denizcankizil.tr\/uk\/wp-json\/wp\/v2\/tags?post=25514"}],"curies":[{"name":"wp","href":"https:\/\/api.w.org\/{rel}","templated":true}]}}