{"id":25508,"date":"2025-01-15T16:41:38","date_gmt":"2025-01-15T13:41:38","guid":{"rendered":"https:\/\/denizcankizil.tr\/uncategorized-tr\/servis-yolunda-hafriyat-kamyonu-duramadi\/"},"modified":"2025-01-15T16:41:38","modified_gmt":"2025-01-15T13:41:38","slug":"servis-yolunda-hafriyat-kamyonu-duramadi","status":"publish","type":"post","link":"https:\/\/denizcankizil.tr\/uk\/haberler\/gundem\/servis-yolunda-hafriyat-kamyonu-duramadi\/","title":{"rendered":"Servis yolunda Hafriyat kamyonu duramad\u0131\u2026"},"content":{"rendered":"<p>Edinilen bilgilere g\u00f6re, kaza saat 16.00 s\u0131ralar\u0131nda \u0130skenderun \u0130smet \u0130n\u00f6n\u00fc Mahallesi Deniz Er E\u011fitim Alay\u0131 kar\u015f\u0131s\u0131ndaki viyad\u00fck servis yolunda ger\u00e7ekle\u015fti. \u015eekere y\u00f6n\u00fcnden ana yola ge\u00e7i\u015f yapan hafriyat y\u00fckl\u00fc bir kamyon, fren yapamayarak \u00f6n\u00fcndeki bir minib\u00fcs ve iki otomobile \u00e7arpt\u0131. Toplam d\u00f6rt arac\u0131n kar\u0131\u015ft\u0131\u011f\u0131 kazada can pazar\u0131 ya\u015fand\u0131.<\/p>\n<p>Kazan\u0131n ard\u0131ndan \u00e7evredeki vatanda\u015flar, durumu 112 Acil \u00c7a\u011fr\u0131 Merkezi\u2019ne bildirdi. \u0130hbar \u00fczerine olay yerine sa\u011fl\u0131k, itfaiye ve polis ekipleri sevk edildi. Ara\u00e7ta s\u0131k\u0131\u015fan yaral\u0131lar, itfaiye ekiplerinin m\u00fcdahalesiyle kurtar\u0131ld\u0131 ve sa\u011fl\u0131k ekipleri taraf\u0131ndan hastanelere sevk edildi. Polis ekipleri, kazan\u0131n meydana geldi\u011fi b\u00f6lgede geni\u015f g\u00fcvenlik \u00f6nlemleri alarak yolu trafi\u011fe kapatt\u0131. Trafi\u011fin yeniden a\u00e7\u0131labilmesi i\u00e7in ara\u00e7lar\u0131n \u00e7ekici yard\u0131m\u0131yla yoldan kald\u0131r\u0131lmas\u0131 sa\u011fland\u0131.<\/p>\n<p>Kazay\u0131 g\u00f6ren vatanda\u015flar, b\u00f6lgede s\u0131k\u00e7a rastlanan i\u015f makineleri ve kamyonlar\u0131n yol a\u00e7t\u0131\u011f\u0131 tehlikeye dikkat \u00e7ekerek yetkililere \u00f6nlem al\u0131nmas\u0131 \u00e7a\u011fr\u0131s\u0131nda bulundu. Kazayla ilgili soru\u015fturma s\u00fcr\u00fcyor.<\/p>\n<p>\u200bHatay\u2019\u0131n \u0130skenderun il\u00e7esinde viyad\u00fck servis yolunda kontrolden \u00e7\u0131karak duramayan hafriyat ta\u015f\u0131yan kamyon, minib\u00fcs ve iki otomobil olmak \u00fczere d\u00f6rt arac\u0131n ayn\u0131 anda birbirine \u00e7arpmas\u0131 sonucu yaralanmal\u0131 maddi hasarl\u0131 kaza meydana geldi.\u00a0<\/p>\n<p>\u200bHaberin Al\u0131nt\u0131land\u0131\u011f\u0131 Kaynak: www.iskenderun.org<\/p>","protected":false},"excerpt":{"rendered":"<p>Edinilen bilgilere g\u00f6re, kaza saat 16.00 s\u0131ralar\u0131nda \u0130skenderun \u0130smet \u0130n\u00f6n\u00fc Mahallesi Deniz Er E\u011fitim Alay\u0131 kar\u015f\u0131s\u0131ndaki viyad\u00fck servis yolunda ger\u00e7ekle\u015fti. \u015eekere y\u00f6n\u00fcnden ana yola ge\u00e7i\u015f yapan hafriyat y\u00fckl\u00fc bir kamyon, fren yapamayarak \u00f6n\u00fcndeki bir minib\u00fcs ve iki otomobile \u00e7arpt\u0131. Toplam d\u00f6rt arac\u0131n kar\u0131\u015ft\u0131\u011f\u0131 kazada can pazar\u0131 ya\u015fand\u0131. Kazan\u0131n ard\u0131ndan \u00e7evredeki vatanda\u015flar, durumu 112 Acil \u00c7a\u011fr\u0131 Merkezi\u2019ne bildirdi. \u0130hbar \u00fczerine olay yerine sa\u011fl\u0131k, itfaiye ve polis ekipleri sevk edildi. Ara\u00e7ta s\u0131k\u0131\u015fan yaral\u0131lar, itfaiye ekiplerinin m\u00fcdahalesiyle kurtar\u0131ld\u0131 ve sa\u011fl\u0131k ekipleri taraf\u0131ndan hastanelere sevk edildi. Polis ekipleri, kazan\u0131n meydana geldi\u011fi b\u00f6lgede geni\u015f g\u00fcvenlik \u00f6nlemleri alarak yolu trafi\u011fe kapatt\u0131. Trafi\u011fin yeniden a\u00e7\u0131labilmesi i\u00e7in ara\u00e7lar\u0131n \u00e7ekici yard\u0131m\u0131yla yoldan kald\u0131r\u0131lmas\u0131 sa\u011fland\u0131. Kazay\u0131 g\u00f6ren vatanda\u015flar, b\u00f6lgede s\u0131k\u00e7a rastlanan i\u015f makineleri ve kamyonlar\u0131n yol a\u00e7t\u0131\u011f\u0131 tehlikeye dikkat \u00e7ekerek yetkililere \u00f6nlem al\u0131nmas\u0131 \u00e7a\u011fr\u0131s\u0131nda bulundu. Kazayla ilgili soru\u015fturma s\u00fcr\u00fcyor. \u200bHatay\u2019\u0131n \u0130skenderun il\u00e7esinde viyad\u00fck servis yolunda kontrolden \u00e7\u0131karak duramayan hafriyat ta\u015f\u0131yan kamyon, minib\u00fcs ve iki otomobil olmak \u00fczere d\u00f6rt arac\u0131n ayn\u0131 anda birbirine \u00e7arpmas\u0131 sonucu yaralanmal\u0131 maddi hasarl\u0131 kaza meydana geldi.\u00a0 \u200bHaberin Al\u0131nt\u0131land\u0131\u011f\u0131 Kaynak: www.iskenderun.org<\/p>","protected":false},"author":1,"featured_media":0,"comment_status":"open","ping_status":"open","sticky":false,"template":"","format":"standard","meta":{"_acf_changed":false,"footnotes":""},"categories":[24],"tags":[],"class_list":["post-25508","post","type-post","status-publish","format-standard","has-post-thumbnail","hentry","category-gundem"],"acf":[],"yoast_head":"<!-- This site is optimized with the Yoast SEO Premium plugin v26.6 (Yoast SEO v27.1.1) - https:\/\/yoast.com\/product\/yoast-seo-premium-wordpress\/ -->\n<title>Servis yolunda Hafriyat kamyonu duramad\u0131\u2026 - Av. Deniz Can K\u0131z\u0131l<\/title>\n<meta name=\"robots\" content=\"index, follow, max-snippet:-1, max-image-preview:large, max-video-preview:-1\" \/>\n<link rel=\"canonical\" href=\"https:\/\/denizcankizil.tr\/uk\/haberler\/gundem\/servis-yolunda-hafriyat-kamyonu-duramadi\/\" \/>\n<meta property=\"og:locale\" content=\"uk_UA\" \/>\n<meta property=\"og:type\" content=\"article\" \/>\n<meta property=\"og:title\" content=\"Servis yolunda Hafriyat kamyonu duramad\u0131\u2026\" \/>\n<meta property=\"og:description\" content=\"Edinilen bilgilere g\u00f6re, kaza saat 16.00 s\u0131ralar\u0131nda \u0130skenderun \u0130smet \u0130n\u00f6n\u00fc Mahallesi Deniz Er E\u011fitim Alay\u0131 kar\u015f\u0131s\u0131ndaki viyad\u00fck servis yolunda ger\u00e7ekle\u015fti. \u015eekere y\u00f6n\u00fcnden ana yola ge\u00e7i\u015f yapan hafriyat y\u00fckl\u00fc bir kamyon, fren yapamayarak \u00f6n\u00fcndeki bir minib\u00fcs ve iki otomobile \u00e7arpt\u0131. Toplam d\u00f6rt arac\u0131n kar\u0131\u015ft\u0131\u011f\u0131 kazada can pazar\u0131 ya\u015fand\u0131. Kazan\u0131n ard\u0131ndan \u00e7evredeki vatanda\u015flar, durumu 112 Acil \u00c7a\u011fr\u0131 Merkezi\u2019ne bildirdi. \u0130hbar \u00fczerine olay yerine sa\u011fl\u0131k, itfaiye ve polis ekipleri sevk edildi. Ara\u00e7ta s\u0131k\u0131\u015fan yaral\u0131lar, itfaiye ekiplerinin m\u00fcdahalesiyle kurtar\u0131ld\u0131 ve sa\u011fl\u0131k ekipleri taraf\u0131ndan hastanelere sevk edildi. Polis ekipleri, kazan\u0131n meydana geldi\u011fi b\u00f6lgede geni\u015f g\u00fcvenlik \u00f6nlemleri alarak yolu trafi\u011fe kapatt\u0131. Trafi\u011fin yeniden a\u00e7\u0131labilmesi i\u00e7in ara\u00e7lar\u0131n \u00e7ekici yard\u0131m\u0131yla yoldan kald\u0131r\u0131lmas\u0131 sa\u011fland\u0131. Kazay\u0131 g\u00f6ren vatanda\u015flar, b\u00f6lgede s\u0131k\u00e7a rastlanan i\u015f makineleri ve kamyonlar\u0131n yol a\u00e7t\u0131\u011f\u0131 tehlikeye dikkat \u00e7ekerek yetkililere \u00f6nlem al\u0131nmas\u0131 \u00e7a\u011fr\u0131s\u0131nda bulundu. Kazayla ilgili soru\u015fturma s\u00fcr\u00fcyor. \u200bHatay\u2019\u0131n \u0130skenderun il\u00e7esinde viyad\u00fck servis yolunda kontrolden \u00e7\u0131karak duramayan hafriyat ta\u015f\u0131yan kamyon, minib\u00fcs ve iki otomobil olmak \u00fczere d\u00f6rt arac\u0131n ayn\u0131 anda birbirine \u00e7arpmas\u0131 sonucu yaralanmal\u0131 maddi hasarl\u0131 kaza meydana geldi.\u00a0 \u200bHaberin Al\u0131nt\u0131land\u0131\u011f\u0131 Kaynak: www.iskenderun.org\" \/>\n<meta property=\"og:url\" content=\"https:\/\/denizcankizil.tr\/uk\/haberler\/gundem\/servis-yolunda-hafriyat-kamyonu-duramadi\/\" \/>\n<meta property=\"og:site_name\" content=\"Av. Deniz Can K\u0131z\u0131l\" \/>\n<meta property=\"article:published_time\" content=\"2025-01-15T13:41:38+00:00\" \/>\n<meta name=\"author\" content=\"admin\" \/>\n<meta name=\"twitter:card\" content=\"summary_large_image\" \/>\n<meta name=\"twitter:label1\" content=\"\u041d\u0430\u043f\u0438\u0441\u0430\u043d\u043e\" \/>\n\t<meta name=\"twitter:data1\" content=\"admin\" \/>\n\t<meta name=\"twitter:label2\" content=\"\u041f\u0440\u0438\u0431\u043b. \u0447\u0430\u0441 \u0447\u0438\u0442\u0430\u043d\u043d\u044f\" \/>\n\t<meta name=\"twitter:data2\" content=\"1 \u0445\u0432\u0438\u043b\u0438\u043d\u0430\" \/>\n<script type=\"application\/ld+json\" class=\"yoast-schema-graph\">{\"@context\":\"https:\/\/schema.org\",\"@graph\":[{\"@type\":\"Article\",\"@id\":\"https:\/\/denizcankizil.tr\/uk\/haberler\/gundem\/servis-yolunda-hafriyat-kamyonu-duramadi\/#article\",\"isPartOf\":{\"@id\":\"https:\/\/denizcankizil.tr\/uk\/haberler\/gundem\/servis-yolunda-hafriyat-kamyonu-duramadi\/\"},\"author\":{\"name\":\"admin\",\"@id\":\"https:\/\/denizcankizil.tr\/de\/#\/schema\/person\/be3c05fe6a12686905512445d8185489\"},\"headline\":\"Servis yolunda Hafriyat kamyonu duramad\u0131\u2026\",\"datePublished\":\"2025-01-15T13:41:38+00:00\",\"mainEntityOfPage\":{\"@id\":\"https:\/\/denizcankizil.tr\/uk\/haberler\/gundem\/servis-yolunda-hafriyat-kamyonu-duramadi\/\"},\"wordCount\":243,\"commentCount\":0,\"publisher\":{\"@id\":\"https:\/\/denizcankizil.tr\/de\/#organization\"},\"articleSection\":[\"G\u00fcndem\"],\"inLanguage\":\"uk\",\"potentialAction\":[{\"@type\":\"CommentAction\",\"name\":\"Comment\",\"target\":[\"https:\/\/denizcankizil.tr\/uk\/haberler\/gundem\/servis-yolunda-hafriyat-kamyonu-duramadi\/#respond\"]}]},{\"@type\":\"WebPage\",\"@id\":\"https:\/\/denizcankizil.tr\/uk\/haberler\/gundem\/servis-yolunda-hafriyat-kamyonu-duramadi\/\",\"url\":\"https:\/\/denizcankizil.tr\/uk\/haberler\/gundem\/servis-yolunda-hafriyat-kamyonu-duramadi\/\",\"name\":\"Servis yolunda Hafriyat kamyonu duramad\u0131\u2026 - Av. Deniz Can K\u0131z\u0131l\",\"isPartOf\":{\"@id\":\"https:\/\/denizcankizil.tr\/de\/#website\"},\"datePublished\":\"2025-01-15T13:41:38+00:00\",\"breadcrumb\":{\"@id\":\"https:\/\/denizcankizil.tr\/uk\/haberler\/gundem\/servis-yolunda-hafriyat-kamyonu-duramadi\/#breadcrumb\"},\"inLanguage\":\"uk\",\"potentialAction\":[{\"@type\":\"ReadAction\",\"target\":[\"https:\/\/denizcankizil.tr\/uk\/haberler\/gundem\/servis-yolunda-hafriyat-kamyonu-duramadi\/\"]}]},{\"@type\":\"BreadcrumbList\",\"@id\":\"https:\/\/denizcankizil.tr\/uk\/haberler\/gundem\/servis-yolunda-hafriyat-kamyonu-duramadi\/#breadcrumb\",\"itemListElement\":[{\"@type\":\"ListItem\",\"position\":1,\"name\":\"Home\",\"item\":\"https:\/\/denizcankizil.tr\/de\/\"},{\"@type\":\"ListItem\",\"position\":2,\"name\":\"Servis yolunda Hafriyat kamyonu duramad\u0131\u2026\"}]},{\"@type\":\"WebSite\",\"@id\":\"https:\/\/denizcankizil.tr\/de\/#website\",\"url\":\"https:\/\/denizcankizil.tr\/de\/\",\"name\":\"Av. Deniz Can K\u0131z\u0131l\",\"description\":\"Avukat Deniz Can K\u0131z\u0131l Antalya Barosu\",\"publisher\":{\"@id\":\"https:\/\/denizcankizil.tr\/de\/#organization\"},\"potentialAction\":[{\"@type\":\"SearchAction\",\"target\":{\"@type\":\"EntryPoint\",\"urlTemplate\":\"https:\/\/denizcankizil.tr\/de\/?s={search_term_string}\"},\"query-input\":{\"@type\":\"PropertyValueSpecification\",\"valueRequired\":true,\"valueName\":\"search_term_string\"}}],\"inLanguage\":\"uk\"},{\"@type\":\"Organization\",\"@id\":\"https:\/\/denizcankizil.tr\/de\/#organization\",\"name\":\"Av. Deniz Can K\u0131z\u0131l\",\"url\":\"https:\/\/denizcankizil.tr\/de\/\",\"logo\":{\"@type\":\"ImageObject\",\"inLanguage\":\"uk\",\"@id\":\"https:\/\/denizcankizil.tr\/de\/#\/schema\/logo\/image\/\",\"url\":\"https:\/\/denizcankizil.tr\/wp-content\/uploads\/2024\/10\/siyah-logo-svg.svg\",\"contentUrl\":\"https:\/\/denizcankizil.tr\/wp-content\/uploads\/2024\/10\/siyah-logo-svg.svg\",\"width\":1080,\"height\":1080,\"caption\":\"Av. Deniz Can K\u0131z\u0131l\"},\"image\":{\"@id\":\"https:\/\/denizcankizil.tr\/de\/#\/schema\/logo\/image\/\"}},{\"@type\":\"Person\",\"@id\":\"https:\/\/denizcankizil.tr\/de\/#\/schema\/person\/be3c05fe6a12686905512445d8185489\",\"name\":\"admin\",\"image\":{\"@type\":\"ImageObject\",\"inLanguage\":\"uk\",\"@id\":\"https:\/\/denizcankizil.tr\/de\/#\/schema\/person\/image\/\",\"url\":\"https:\/\/secure.gravatar.com\/avatar\/c1fce94c830dc79107e174f890d7210541c4a63e8e5d816341794a2151c9d58c?s=96&d=mm&r=g\",\"contentUrl\":\"https:\/\/secure.gravatar.com\/avatar\/c1fce94c830dc79107e174f890d7210541c4a63e8e5d816341794a2151c9d58c?s=96&d=mm&r=g\",\"caption\":\"admin\"},\"sameAs\":[\"http:\/\/denizcankizil.tr\"],\"url\":\"https:\/\/www.iskenderun.org\/servis-yolunda-hafriyat-kamyonu-duramadi\"}]}<\/script>\n<!-- \/ Yoast SEO Premium plugin. -->","yoast_head_json":{"title":"Servis yolunda Hafriyat kamyonu duramad\u0131\u2026 - Av. Deniz Can K\u0131z\u0131l","robots":{"index":"index","follow":"follow","max-snippet":"max-snippet:-1","max-image-preview":"max-image-preview:large","max-video-preview":"max-video-preview:-1"},"canonical":"https:\/\/denizcankizil.tr\/uk\/haberler\/gundem\/servis-yolunda-hafriyat-kamyonu-duramadi\/","og_locale":"uk_UA","og_type":"article","og_title":"Servis yolunda Hafriyat kamyonu duramad\u0131\u2026","og_description":"Edinilen bilgilere g\u00f6re, kaza saat 16.00 s\u0131ralar\u0131nda \u0130skenderun \u0130smet \u0130n\u00f6n\u00fc Mahallesi Deniz Er E\u011fitim Alay\u0131 kar\u015f\u0131s\u0131ndaki viyad\u00fck servis yolunda ger\u00e7ekle\u015fti. \u015eekere y\u00f6n\u00fcnden ana yola ge\u00e7i\u015f yapan hafriyat y\u00fckl\u00fc bir kamyon, fren yapamayarak \u00f6n\u00fcndeki bir minib\u00fcs ve iki otomobile \u00e7arpt\u0131. Toplam d\u00f6rt arac\u0131n kar\u0131\u015ft\u0131\u011f\u0131 kazada can pazar\u0131 ya\u015fand\u0131. Kazan\u0131n ard\u0131ndan \u00e7evredeki vatanda\u015flar, durumu 112 Acil \u00c7a\u011fr\u0131 Merkezi\u2019ne bildirdi. \u0130hbar \u00fczerine olay yerine sa\u011fl\u0131k, itfaiye ve polis ekipleri sevk edildi. Ara\u00e7ta s\u0131k\u0131\u015fan yaral\u0131lar, itfaiye ekiplerinin m\u00fcdahalesiyle kurtar\u0131ld\u0131 ve sa\u011fl\u0131k ekipleri taraf\u0131ndan hastanelere sevk edildi. Polis ekipleri, kazan\u0131n meydana geldi\u011fi b\u00f6lgede geni\u015f g\u00fcvenlik \u00f6nlemleri alarak yolu trafi\u011fe kapatt\u0131. Trafi\u011fin yeniden a\u00e7\u0131labilmesi i\u00e7in ara\u00e7lar\u0131n \u00e7ekici yard\u0131m\u0131yla yoldan kald\u0131r\u0131lmas\u0131 sa\u011fland\u0131. Kazay\u0131 g\u00f6ren vatanda\u015flar, b\u00f6lgede s\u0131k\u00e7a rastlanan i\u015f makineleri ve kamyonlar\u0131n yol a\u00e7t\u0131\u011f\u0131 tehlikeye dikkat \u00e7ekerek yetkililere \u00f6nlem al\u0131nmas\u0131 \u00e7a\u011fr\u0131s\u0131nda bulundu. Kazayla ilgili soru\u015fturma s\u00fcr\u00fcyor. \u200bHatay\u2019\u0131n \u0130skenderun il\u00e7esinde viyad\u00fck servis yolunda kontrolden \u00e7\u0131karak duramayan hafriyat ta\u015f\u0131yan kamyon, minib\u00fcs ve iki otomobil olmak \u00fczere d\u00f6rt arac\u0131n ayn\u0131 anda birbirine \u00e7arpmas\u0131 sonucu yaralanmal\u0131 maddi hasarl\u0131 kaza meydana geldi.\u00a0 \u200bHaberin Al\u0131nt\u0131land\u0131\u011f\u0131 Kaynak: www.iskenderun.org","og_url":"https:\/\/denizcankizil.tr\/uk\/haberler\/gundem\/servis-yolunda-hafriyat-kamyonu-duramadi\/","og_site_name":"Av. Deniz Can K\u0131z\u0131l","article_published_time":"2025-01-15T13:41:38+00:00","author":"admin","twitter_card":"summary_large_image","twitter_misc":{"\u041d\u0430\u043f\u0438\u0441\u0430\u043d\u043e":"admin","\u041f\u0440\u0438\u0431\u043b. \u0447\u0430\u0441 \u0447\u0438\u0442\u0430\u043d\u043d\u044f":"1 \u0445\u0432\u0438\u043b\u0438\u043d\u0430"},"schema":{"@context":"https:\/\/schema.org","@graph":[{"@type":"Article","@id":"https:\/\/denizcankizil.tr\/uk\/haberler\/gundem\/servis-yolunda-hafriyat-kamyonu-duramadi\/#article","isPartOf":{"@id":"https:\/\/denizcankizil.tr\/uk\/haberler\/gundem\/servis-yolunda-hafriyat-kamyonu-duramadi\/"},"author":{"name":"admin","@id":"https:\/\/denizcankizil.tr\/de\/#\/schema\/person\/be3c05fe6a12686905512445d8185489"},"headline":"Servis yolunda Hafriyat kamyonu duramad\u0131\u2026","datePublished":"2025-01-15T13:41:38+00:00","mainEntityOfPage":{"@id":"https:\/\/denizcankizil.tr\/uk\/haberler\/gundem\/servis-yolunda-hafriyat-kamyonu-duramadi\/"},"wordCount":243,"commentCount":0,"publisher":{"@id":"https:\/\/denizcankizil.tr\/de\/#organization"},"articleSection":["G\u00fcndem"],"inLanguage":"uk","potentialAction":[{"@type":"CommentAction","name":"Comment","target":["https:\/\/denizcankizil.tr\/uk\/haberler\/gundem\/servis-yolunda-hafriyat-kamyonu-duramadi\/#respond"]}]},{"@type":"WebPage","@id":"https:\/\/denizcankizil.tr\/uk\/haberler\/gundem\/servis-yolunda-hafriyat-kamyonu-duramadi\/","url":"https:\/\/denizcankizil.tr\/uk\/haberler\/gundem\/servis-yolunda-hafriyat-kamyonu-duramadi\/","name":"Servis yolunda Hafriyat kamyonu duramad\u0131\u2026 - Av. Deniz Can K\u0131z\u0131l","isPartOf":{"@id":"https:\/\/denizcankizil.tr\/de\/#website"},"datePublished":"2025-01-15T13:41:38+00:00","breadcrumb":{"@id":"https:\/\/denizcankizil.tr\/uk\/haberler\/gundem\/servis-yolunda-hafriyat-kamyonu-duramadi\/#breadcrumb"},"inLanguage":"uk","potentialAction":[{"@type":"ReadAction","target":["https:\/\/denizcankizil.tr\/uk\/haberler\/gundem\/servis-yolunda-hafriyat-kamyonu-duramadi\/"]}]},{"@type":"BreadcrumbList","@id":"https:\/\/denizcankizil.tr\/uk\/haberler\/gundem\/servis-yolunda-hafriyat-kamyonu-duramadi\/#breadcrumb","itemListElement":[{"@type":"ListItem","position":1,"name":"Home","item":"https:\/\/denizcankizil.tr\/de\/"},{"@type":"ListItem","position":2,"name":"Servis yolunda Hafriyat kamyonu duramad\u0131\u2026"}]},{"@type":"WebSite","@id":"https:\/\/denizcankizil.tr\/de\/#website","url":"https:\/\/denizcankizil.tr\/de\/","name":"Av. Deniz Can K\u0131z\u0131l","description":"Avukat Deniz Can K\u0131z\u0131l Antalya Barosu","publisher":{"@id":"https:\/\/denizcankizil.tr\/de\/#organization"},"potentialAction":[{"@type":"SearchAction","target":{"@type":"EntryPoint","urlTemplate":"https:\/\/denizcankizil.tr\/de\/?s={search_term_string}"},"query-input":{"@type":"PropertyValueSpecification","valueRequired":true,"valueName":"search_term_string"}}],"inLanguage":"uk"},{"@type":"Organization","@id":"https:\/\/denizcankizil.tr\/de\/#organization","name":"Av. Deniz Can K\u0131z\u0131l","url":"https:\/\/denizcankizil.tr\/de\/","logo":{"@type":"ImageObject","inLanguage":"uk","@id":"https:\/\/denizcankizil.tr\/de\/#\/schema\/logo\/image\/","url":"https:\/\/denizcankizil.tr\/wp-content\/uploads\/2024\/10\/siyah-logo-svg.svg","contentUrl":"https:\/\/denizcankizil.tr\/wp-content\/uploads\/2024\/10\/siyah-logo-svg.svg","width":1080,"height":1080,"caption":"Av. Deniz Can K\u0131z\u0131l"},"image":{"@id":"https:\/\/denizcankizil.tr\/de\/#\/schema\/logo\/image\/"}},{"@type":"Person","@id":"https:\/\/denizcankizil.tr\/de\/#\/schema\/person\/be3c05fe6a12686905512445d8185489","name":"\u0430\u0434\u043c\u0456\u043d","image":{"@type":"ImageObject","inLanguage":"uk","@id":"https:\/\/denizcankizil.tr\/de\/#\/schema\/person\/image\/","url":"https:\/\/secure.gravatar.com\/avatar\/c1fce94c830dc79107e174f890d7210541c4a63e8e5d816341794a2151c9d58c?s=96&d=mm&r=g","contentUrl":"https:\/\/secure.gravatar.com\/avatar\/c1fce94c830dc79107e174f890d7210541c4a63e8e5d816341794a2151c9d58c?s=96&d=mm&r=g","caption":"admin"},"sameAs":["http:\/\/denizcankizil.tr"],"url":"https:\/\/www.iskenderun.org\/servis-yolunda-hafriyat-kamyonu-duramadi"}]}},"_links":{"self":[{"href":"https:\/\/denizcankizil.tr\/uk\/wp-json\/wp\/v2\/posts\/25508","targetHints":{"allow":["GET"]}}],"collection":[{"href":"https:\/\/denizcankizil.tr\/uk\/wp-json\/wp\/v2\/posts"}],"about":[{"href":"https:\/\/denizcankizil.tr\/uk\/wp-json\/wp\/v2\/types\/post"}],"author":[{"embeddable":true,"href":"https:\/\/denizcankizil.tr\/uk\/wp-json\/wp\/v2\/users\/1"}],"replies":[{"embeddable":true,"href":"https:\/\/denizcankizil.tr\/uk\/wp-json\/wp\/v2\/comments?post=25508"}],"version-history":[{"count":0,"href":"https:\/\/denizcankizil.tr\/uk\/wp-json\/wp\/v2\/posts\/25508\/revisions"}],"wp:attachment":[{"href":"https:\/\/denizcankizil.tr\/uk\/wp-json\/wp\/v2\/media?parent=25508"}],"wp:term":[{"taxonomy":"category","embeddable":true,"href":"https:\/\/denizcankizil.tr\/uk\/wp-json\/wp\/v2\/categories?post=25508"},{"taxonomy":"post_tag","embeddable":true,"href":"https:\/\/denizcankizil.tr\/uk\/wp-json\/wp\/v2\/tags?post=25508"}],"curies":[{"name":"wp","href":"https:\/\/api.w.org\/{rel}","templated":true}]}}