{"id":25413,"date":"2025-01-15T10:42:26","date_gmt":"2025-01-15T07:42:26","guid":{"rendered":"https:\/\/denizcankizil.tr\/uncategorized-tr\/meteorolojiden-kuvvetli-saganak-ve-kar-uyarisi\/"},"modified":"2025-01-15T10:42:26","modified_gmt":"2025-01-15T07:42:26","slug":"meteorolojiden-kuvvetli-saganak-ve-kar-uyarisi","status":"publish","type":"post","link":"https:\/\/denizcankizil.tr\/uk\/haberler\/gundem\/meteorolojiden-kuvvetli-saganak-ve-kar-uyarisi\/","title":{"rendered":"Meteoroloji&#8217;den kuvvetli sa\u011fanak ve kar uyar\u0131s\u0131"},"content":{"rendered":"<p>Meteoroloji Genel M\u00fcd\u00fcrl\u00fc\u011f\u00fc taraf\u0131ndan yap\u0131lan son tahminlere g\u00f6re \u00fclkemiz genelinin par\u00e7al\u0131 ve \u00e7ok bulutlu, Marmara, Ege, Bat\u0131 Akdeniz, \u0130\u00e7 Anadolu, Bat\u0131 ve Orta Karadeniz, Do\u011fu Anadolu&#8217;nun g\u00fcneybat\u0131s\u0131 ile Giresun, Trabzon, Hatay, Osmaniye ve Kahramanmara\u015f \u00e7evrelerinin aral\u0131kl\u0131 ya\u011f\u0131\u015fl\u0131 ge\u00e7ece\u011fi tahmin ediliyor.ANKARA (\u0130GFA) &#8211;\u00a0Meteoroloji Genel M\u00fcd\u00fcrl\u00fc\u011f\u00fc, 15 Ocak \u00c7ar\u015famba g\u00fcn\u00fcne ili\u015fkin hava tahmin raporunu yay\u0131mlad\u0131.<\/p>\n<p>Ya\u011f\u0131\u015flar\u0131n; genellikle ya\u011fmur ve sa\u011fanak, Trakya, Bat\u0131 ve Orta Karadeniz\u2019in i\u00e7 kesimleri, \u0130\u00e7 Anadolu&#8217;nun y\u00fcksek kesimleri ile Do\u011fu Anadolu&#8217;nun g\u00fcneybat\u0131s\u0131nda karla kar\u0131\u015f\u0131k ya\u011fmur ve kar \u015feklinde olmas\u0131 bekleniyor. Ya\u011f\u0131\u015flar\u0131n; \u00f6\u011fle saatlerinde Antalya&#8217;n\u0131n do\u011fu il\u00e7elerinde yerel kuvvetli olmas\u0131 bekleniyor.<\/p>\n<p>Hava s\u0131cakl\u0131\u011f\u0131n\u0131n Trakya&#8217;da mevsim normallerinin 2-4 derece alt\u0131nda, yurdun kuzey k\u0131y\u0131lar\u0131nda normalleri civar\u0131nda, di\u011fer yerlerde ise normallerinin 3-6 derece \u00fczerinde seyretmesi beklenirken r\u00fczgar\u0131n genellikle g\u00fcneyli, Marmara, Karadeniz ve Kuzey Ege&#8217;de kuzey ve kuzeydo\u011fu y\u00f6nlerden hafif, ara s\u0131ra orta kuvvette, Marmara ve Kuzey Ege k\u0131y\u0131lar\u0131nda kuvvetli olarak (40-60 km\/saat) esmesi bekleniyor.<\/p>\n<p>KUVVETL\u0130 YA\u011eI\u015e UYARISI: Ya\u011f\u0131\u015flar\u0131n; \u00f6\u011fle saatlerinde Antalya&#8217;n\u0131n do\u011fu il\u00e7elerinde yerel kuvvetli olmas\u0131 beklendi\u011finden ya\u015fanabilecek olumsuzluklara kar\u015f\u0131 dikkatli ve tedbirli olunmas\u0131 gerekmektedir.<br \/>\n\u00c7I\u011e TEHL\u0130KES\u0130 UYARISI: Do\u011fu Karadeniz\u2019in i\u00e7 kesimlerinin y\u00fcksekleri ile Do\u011fu Anadolu&#8217;nun do\u011fusunun dik ve e\u011fimli yama\u00e7lar\u0131nda \u00e7\u0131\u011f tehlikesi bulundu\u011fundan ya\u015fanabilecek olumsuzluklara kar\u015f\u0131 tedbirli ve dikkatli olunmas\u0131 gerekmektedir.<br \/>\nBUZLANMA VE DON OLAYI UYARISI:\u00a0Sabah ve gece saatlerinde i\u00e7 ve do\u011fu kesimlerinde buzlanma ve don olay\u0131 ile birlikte pus ve yer yer sis beklendi\u011finden ula\u015f\u0131mda meydana gelebilecek olumsuzluklara kar\u015f\u0131 dikkatli ve tedbirli olunmas\u0131 gerekmektedir.<\/p>\n<p>\u200bMeteoroloji Genel M\u00fcd\u00fcrl\u00fc\u011f\u00fc taraf\u0131ndan yap\u0131lan son tahminlere g\u00f6re \u00fclkemiz genelinin par\u00e7al\u0131 ve \u00e7ok bulutlu, Marmara, Ege, Bat\u0131 Akdeniz, \u0130\u00e7 Anadolu, Bat\u0131 ve Orta Karadeniz, Do\u011fu Anadolu&#8217;nun g\u00fcneybat\u0131s\u0131 ile Giresun, Trabzon, Hatay, Osmaniye ve Kahramanmara\u015f \u00e7evrelerinin aral\u0131kl\u0131 ya\u011f\u0131\u015fl\u0131 ge\u00e7ece\u011fi tahmin ediliyor.ANKARA (\u0130GFA) &#8211;\u00a0Meteoroloji Genel M\u00fcd\u00fcrl\u00fc\u011f\u00fc, 15 Ocak \u00c7ar\u015famba g\u00fcn\u00fcne ili\u015fkin hava tahmin raporunu yay\u0131mlad\u0131.<\/p>\n<p>Ya\u011f\u0131\u015flar\u0131n; genellikle ya\u011fmur ve sa\u011fanak, Trakya, Bat\u0131 ve Orta Karadeniz\u2019in i\u00e7 kesimleri, \u0130\u00e7 Anadolu&#8217;nun y\u00fcksek kesimleri ile Do\u011fu Anadolu&#8217;nun g\u00fcneybat\u0131s\u0131nda karla kar\u0131\u015f\u0131k ya\u011fmur ve kar \u015feklinde olmas\u0131 bekleniyor. Ya\u011f\u0131\u015flar\u0131n; \u00f6\u011fle saatlerinde Antalya&#8217;n\u0131n do\u011fu il\u00e7elerinde yerel kuvvetli olmas\u0131 bekleniyor.<\/p>\n<p>Hava s\u0131cakl\u0131\u011f\u0131n\u0131n Trakya&#8217;da mevsim normallerinin 2-4 derece alt\u0131nda, yurdun kuzey k\u0131y\u0131lar\u0131nda normalleri civar\u0131nda, di\u011fer yerlerde ise normallerinin 3-6 derece \u00fczerinde seyretmesi beklenirken r\u00fczgar\u0131n genellikle g\u00fcneyli, Marmara, Karadeniz ve Kuzey Ege&#8217;de kuzey ve kuzeydo\u011fu y\u00f6nlerden hafif, ara s\u0131ra orta kuvvette, Marmara ve Kuzey Ege k\u0131y\u0131lar\u0131nda kuvvetli olarak (40-60 km\/saat) esmesi bekleniyor.<\/p>\n<p>KUVVETL\u0130 YA\u011eI\u015e UYARISI: Ya\u011f\u0131\u015flar\u0131n; \u00f6\u011fle saatlerinde Antalya&#8217;n\u0131n do\u011fu il\u00e7elerinde yerel kuvvetli olmas\u0131 beklendi\u011finden ya\u015fanabilecek olumsuzluklara kar\u015f\u0131 dikkatli ve tedbirli olunmas\u0131 gerekmektedir.<br \/>\n\u00c7I\u011e TEHL\u0130KES\u0130 UYARISI: Do\u011fu Karadeniz\u2019in i\u00e7 kesimlerinin y\u00fcksekleri ile Do\u011fu Anadolu&#8217;nun do\u011fusunun dik ve e\u011fimli yama\u00e7lar\u0131nda \u00e7\u0131\u011f tehlikesi bulundu\u011fundan ya\u015fanabilecek olumsuzluklara kar\u015f\u0131 tedbirli ve dikkatli olunmas\u0131 gerekmektedir.<br \/>\nBUZLANMA VE DON OLAYI UYARISI:\u00a0Sabah ve gece saatlerinde i\u00e7 ve do\u011fu kesimlerinde buzlanma ve don olay\u0131 ile birlikte pus ve yer yer sis beklendi\u011finden ula\u015f\u0131mda meydana gelebilecek olumsuzluklara kar\u015f\u0131 dikkatli ve tedbirli olunmas\u0131 gerekmektedir.\u00a0<\/p>\n<p>\u200bHaberin Al\u0131nt\u0131land\u0131\u011f\u0131 Kaynak: www.iskenderun.org<\/p>","protected":false},"excerpt":{"rendered":"<p>Meteoroloji Genel M\u00fcd\u00fcrl\u00fc\u011f\u00fc taraf\u0131ndan yap\u0131lan son tahminlere g\u00f6re \u00fclkemiz genelinin par\u00e7al\u0131 ve \u00e7ok bulutlu, Marmara, Ege, Bat\u0131 Akdeniz, \u0130\u00e7 Anadolu, Bat\u0131 ve Orta Karadeniz, Do\u011fu Anadolu&#8217;nun g\u00fcneybat\u0131s\u0131 ile Giresun, Trabzon, Hatay, Osmaniye ve Kahramanmara\u015f \u00e7evrelerinin aral\u0131kl\u0131 ya\u011f\u0131\u015fl\u0131 ge\u00e7ece\u011fi tahmin ediliyor.ANKARA (\u0130GFA) &#8211;\u00a0Meteoroloji Genel M\u00fcd\u00fcrl\u00fc\u011f\u00fc, 15 Ocak \u00c7ar\u015famba g\u00fcn\u00fcne ili\u015fkin hava tahmin raporunu yay\u0131mlad\u0131. Ya\u011f\u0131\u015flar\u0131n; genellikle ya\u011fmur ve sa\u011fanak, Trakya, Bat\u0131 ve Orta Karadeniz\u2019in i\u00e7 kesimleri, \u0130\u00e7 Anadolu&#8217;nun y\u00fcksek kesimleri ile Do\u011fu Anadolu&#8217;nun g\u00fcneybat\u0131s\u0131nda karla kar\u0131\u015f\u0131k ya\u011fmur ve kar \u015feklinde olmas\u0131 bekleniyor. Ya\u011f\u0131\u015flar\u0131n; \u00f6\u011fle saatlerinde Antalya&#8217;n\u0131n do\u011fu il\u00e7elerinde yerel kuvvetli olmas\u0131 bekleniyor. Hava s\u0131cakl\u0131\u011f\u0131n\u0131n Trakya&#8217;da mevsim normallerinin 2-4 derece alt\u0131nda, yurdun kuzey k\u0131y\u0131lar\u0131nda normalleri civar\u0131nda, di\u011fer yerlerde ise normallerinin 3-6 derece \u00fczerinde seyretmesi beklenirken r\u00fczgar\u0131n genellikle g\u00fcneyli, Marmara, Karadeniz ve Kuzey Ege&#8217;de kuzey ve kuzeydo\u011fu y\u00f6nlerden hafif, ara s\u0131ra orta kuvvette, Marmara ve Kuzey Ege k\u0131y\u0131lar\u0131nda kuvvetli olarak (40-60 km\/saat) esmesi bekleniyor. KUVVETL\u0130 YA\u011eI\u015e UYARISI: Ya\u011f\u0131\u015flar\u0131n; \u00f6\u011fle saatlerinde Antalya&#8217;n\u0131n do\u011fu il\u00e7elerinde yerel kuvvetli olmas\u0131 beklendi\u011finden ya\u015fanabilecek olumsuzluklara kar\u015f\u0131 dikkatli ve tedbirli olunmas\u0131 gerekmektedir. \u00c7I\u011e TEHL\u0130KES\u0130 UYARISI: Do\u011fu Karadeniz\u2019in i\u00e7 kesimlerinin y\u00fcksekleri ile Do\u011fu Anadolu&#8217;nun do\u011fusunun dik ve e\u011fimli yama\u00e7lar\u0131nda \u00e7\u0131\u011f tehlikesi bulundu\u011fundan ya\u015fanabilecek olumsuzluklara kar\u015f\u0131 tedbirli ve dikkatli olunmas\u0131 gerekmektedir. BUZLANMA VE DON OLAYI UYARISI:\u00a0Sabah ve gece saatlerinde i\u00e7 ve do\u011fu &hellip;<\/p>","protected":false},"author":1,"featured_media":0,"comment_status":"open","ping_status":"open","sticky":false,"template":"","format":"standard","meta":{"_acf_changed":false,"footnotes":""},"categories":[24],"tags":[],"class_list":["post-25413","post","type-post","status-publish","format-standard","has-post-thumbnail","hentry","category-gundem"],"acf":[],"yoast_head":"<!-- This site is optimized with the Yoast SEO Premium plugin v26.6 (Yoast SEO v27.1.1) - https:\/\/yoast.com\/product\/yoast-seo-premium-wordpress\/ -->\n<title>Meteoroloji&#039;den kuvvetli sa\u011fanak ve kar uyar\u0131s\u0131 - Av. Deniz Can K\u0131z\u0131l<\/title>\n<meta name=\"robots\" content=\"index, follow, max-snippet:-1, max-image-preview:large, max-video-preview:-1\" \/>\n<link rel=\"canonical\" href=\"https:\/\/denizcankizil.tr\/uk\/haberler\/gundem\/meteorolojiden-kuvvetli-saganak-ve-kar-uyarisi\/\" \/>\n<meta property=\"og:locale\" content=\"uk_UA\" \/>\n<meta property=\"og:type\" content=\"article\" \/>\n<meta property=\"og:title\" content=\"Meteoroloji&#039;den kuvvetli sa\u011fanak ve kar uyar\u0131s\u0131\" \/>\n<meta property=\"og:description\" content=\"Meteoroloji Genel M\u00fcd\u00fcrl\u00fc\u011f\u00fc taraf\u0131ndan yap\u0131lan son tahminlere g\u00f6re \u00fclkemiz genelinin par\u00e7al\u0131 ve \u00e7ok bulutlu, Marmara, Ege, Bat\u0131 Akdeniz, \u0130\u00e7 Anadolu, Bat\u0131 ve Orta Karadeniz, Do\u011fu Anadolu&#8217;nun g\u00fcneybat\u0131s\u0131 ile Giresun, Trabzon, Hatay, Osmaniye ve Kahramanmara\u015f \u00e7evrelerinin aral\u0131kl\u0131 ya\u011f\u0131\u015fl\u0131 ge\u00e7ece\u011fi tahmin ediliyor.ANKARA (\u0130GFA) &#8211;\u00a0Meteoroloji Genel M\u00fcd\u00fcrl\u00fc\u011f\u00fc, 15 Ocak \u00c7ar\u015famba g\u00fcn\u00fcne ili\u015fkin hava tahmin raporunu yay\u0131mlad\u0131. Ya\u011f\u0131\u015flar\u0131n; genellikle ya\u011fmur ve sa\u011fanak, Trakya, Bat\u0131 ve Orta Karadeniz\u2019in i\u00e7 kesimleri, \u0130\u00e7 Anadolu&#8217;nun y\u00fcksek kesimleri ile Do\u011fu Anadolu&#8217;nun g\u00fcneybat\u0131s\u0131nda karla kar\u0131\u015f\u0131k ya\u011fmur ve kar \u015feklinde olmas\u0131 bekleniyor. Ya\u011f\u0131\u015flar\u0131n; \u00f6\u011fle saatlerinde Antalya&#8217;n\u0131n do\u011fu il\u00e7elerinde yerel kuvvetli olmas\u0131 bekleniyor. Hava s\u0131cakl\u0131\u011f\u0131n\u0131n Trakya&#8217;da mevsim normallerinin 2-4 derece alt\u0131nda, yurdun kuzey k\u0131y\u0131lar\u0131nda normalleri civar\u0131nda, di\u011fer yerlerde ise normallerinin 3-6 derece \u00fczerinde seyretmesi beklenirken r\u00fczgar\u0131n genellikle g\u00fcneyli, Marmara, Karadeniz ve Kuzey Ege&#8217;de kuzey ve kuzeydo\u011fu y\u00f6nlerden hafif, ara s\u0131ra orta kuvvette, Marmara ve Kuzey Ege k\u0131y\u0131lar\u0131nda kuvvetli olarak (40-60 km\/saat) esmesi bekleniyor. KUVVETL\u0130 YA\u011eI\u015e UYARISI: Ya\u011f\u0131\u015flar\u0131n; \u00f6\u011fle saatlerinde Antalya&#8217;n\u0131n do\u011fu il\u00e7elerinde yerel kuvvetli olmas\u0131 beklendi\u011finden ya\u015fanabilecek olumsuzluklara kar\u015f\u0131 dikkatli ve tedbirli olunmas\u0131 gerekmektedir. \u00c7I\u011e TEHL\u0130KES\u0130 UYARISI: Do\u011fu Karadeniz\u2019in i\u00e7 kesimlerinin y\u00fcksekleri ile Do\u011fu Anadolu&#8217;nun do\u011fusunun dik ve e\u011fimli yama\u00e7lar\u0131nda \u00e7\u0131\u011f tehlikesi bulundu\u011fundan ya\u015fanabilecek olumsuzluklara kar\u015f\u0131 tedbirli ve dikkatli olunmas\u0131 gerekmektedir. BUZLANMA VE DON OLAYI UYARISI:\u00a0Sabah ve gece saatlerinde i\u00e7 ve do\u011fu &hellip;\" \/>\n<meta property=\"og:url\" content=\"https:\/\/denizcankizil.tr\/uk\/haberler\/gundem\/meteorolojiden-kuvvetli-saganak-ve-kar-uyarisi\/\" \/>\n<meta property=\"og:site_name\" content=\"Av. Deniz Can K\u0131z\u0131l\" \/>\n<meta property=\"article:published_time\" content=\"2025-01-15T07:42:26+00:00\" \/>\n<meta name=\"author\" content=\"admin\" \/>\n<meta name=\"twitter:card\" content=\"summary_large_image\" \/>\n<meta name=\"twitter:label1\" content=\"\u041d\u0430\u043f\u0438\u0441\u0430\u043d\u043e\" \/>\n\t<meta name=\"twitter:data1\" content=\"admin\" \/>\n\t<meta name=\"twitter:label2\" content=\"\u041f\u0440\u0438\u0431\u043b. \u0447\u0430\u0441 \u0447\u0438\u0442\u0430\u043d\u043d\u044f\" \/>\n\t<meta name=\"twitter:data2\" content=\"3 \u0445\u0432\u0438\u043b\u0438\u043d\u0438\" \/>\n<script type=\"application\/ld+json\" class=\"yoast-schema-graph\">{\"@context\":\"https:\/\/schema.org\",\"@graph\":[{\"@type\":\"Article\",\"@id\":\"https:\/\/denizcankizil.tr\/uk\/haberler\/gundem\/meteorolojiden-kuvvetli-saganak-ve-kar-uyarisi\/#article\",\"isPartOf\":{\"@id\":\"https:\/\/denizcankizil.tr\/uk\/haberler\/gundem\/meteorolojiden-kuvvetli-saganak-ve-kar-uyarisi\/\"},\"author\":{\"name\":\"admin\",\"@id\":\"https:\/\/denizcankizil.tr\/#\/schema\/person\/be3c05fe6a12686905512445d8185489\"},\"headline\":\"Meteoroloji&#8217;den kuvvetli sa\u011fanak ve kar uyar\u0131s\u0131\",\"datePublished\":\"2025-01-15T07:42:26+00:00\",\"mainEntityOfPage\":{\"@id\":\"https:\/\/denizcankizil.tr\/uk\/haberler\/gundem\/meteorolojiden-kuvvetli-saganak-ve-kar-uyarisi\/\"},\"wordCount\":633,\"commentCount\":0,\"publisher\":{\"@id\":\"https:\/\/denizcankizil.tr\/#organization\"},\"articleSection\":[\"G\u00fcndem\"],\"inLanguage\":\"uk\",\"potentialAction\":[{\"@type\":\"CommentAction\",\"name\":\"Comment\",\"target\":[\"https:\/\/denizcankizil.tr\/uk\/haberler\/gundem\/meteorolojiden-kuvvetli-saganak-ve-kar-uyarisi\/#respond\"]}]},{\"@type\":\"WebPage\",\"@id\":\"https:\/\/denizcankizil.tr\/uk\/haberler\/gundem\/meteorolojiden-kuvvetli-saganak-ve-kar-uyarisi\/\",\"url\":\"https:\/\/denizcankizil.tr\/uk\/haberler\/gundem\/meteorolojiden-kuvvetli-saganak-ve-kar-uyarisi\/\",\"name\":\"Meteoroloji'den kuvvetli sa\u011fanak ve kar uyar\u0131s\u0131 - Av. Deniz Can K\u0131z\u0131l\",\"isPartOf\":{\"@id\":\"https:\/\/denizcankizil.tr\/#website\"},\"datePublished\":\"2025-01-15T07:42:26+00:00\",\"breadcrumb\":{\"@id\":\"https:\/\/denizcankizil.tr\/uk\/haberler\/gundem\/meteorolojiden-kuvvetli-saganak-ve-kar-uyarisi\/#breadcrumb\"},\"inLanguage\":\"uk\",\"potentialAction\":[{\"@type\":\"ReadAction\",\"target\":[\"https:\/\/denizcankizil.tr\/uk\/haberler\/gundem\/meteorolojiden-kuvvetli-saganak-ve-kar-uyarisi\/\"]}]},{\"@type\":\"BreadcrumbList\",\"@id\":\"https:\/\/denizcankizil.tr\/uk\/haberler\/gundem\/meteorolojiden-kuvvetli-saganak-ve-kar-uyarisi\/#breadcrumb\",\"itemListElement\":[{\"@type\":\"ListItem\",\"position\":1,\"name\":\"Home\",\"item\":\"https:\/\/denizcankizil.tr\/de\/\"},{\"@type\":\"ListItem\",\"position\":2,\"name\":\"Meteoroloji&#8217;den kuvvetli sa\u011fanak ve kar uyar\u0131s\u0131\"}]},{\"@type\":\"WebSite\",\"@id\":\"https:\/\/denizcankizil.tr\/#website\",\"url\":\"https:\/\/denizcankizil.tr\/\",\"name\":\"Av. Deniz Can K\u0131z\u0131l\",\"description\":\"Avukat Deniz Can K\u0131z\u0131l Antalya Barosu\",\"publisher\":{\"@id\":\"https:\/\/denizcankizil.tr\/#organization\"},\"potentialAction\":[{\"@type\":\"SearchAction\",\"target\":{\"@type\":\"EntryPoint\",\"urlTemplate\":\"https:\/\/denizcankizil.tr\/?s={search_term_string}\"},\"query-input\":{\"@type\":\"PropertyValueSpecification\",\"valueRequired\":true,\"valueName\":\"search_term_string\"}}],\"inLanguage\":\"uk\"},{\"@type\":\"Organization\",\"@id\":\"https:\/\/denizcankizil.tr\/#organization\",\"name\":\"Av. Deniz Can K\u0131z\u0131l\",\"url\":\"https:\/\/denizcankizil.tr\/\",\"logo\":{\"@type\":\"ImageObject\",\"inLanguage\":\"uk\",\"@id\":\"https:\/\/denizcankizil.tr\/#\/schema\/logo\/image\/\",\"url\":\"https:\/\/denizcankizil.tr\/wp-content\/uploads\/2024\/10\/siyah-logo-svg.svg\",\"contentUrl\":\"https:\/\/denizcankizil.tr\/wp-content\/uploads\/2024\/10\/siyah-logo-svg.svg\",\"width\":1080,\"height\":1080,\"caption\":\"Av. Deniz Can K\u0131z\u0131l\"},\"image\":{\"@id\":\"https:\/\/denizcankizil.tr\/#\/schema\/logo\/image\/\"}},{\"@type\":\"Person\",\"@id\":\"https:\/\/denizcankizil.tr\/#\/schema\/person\/be3c05fe6a12686905512445d8185489\",\"name\":\"admin\",\"image\":{\"@type\":\"ImageObject\",\"inLanguage\":\"uk\",\"@id\":\"https:\/\/denizcankizil.tr\/#\/schema\/person\/image\/\",\"url\":\"https:\/\/secure.gravatar.com\/avatar\/c1fce94c830dc79107e174f890d7210541c4a63e8e5d816341794a2151c9d58c?s=96&d=mm&r=g\",\"contentUrl\":\"https:\/\/secure.gravatar.com\/avatar\/c1fce94c830dc79107e174f890d7210541c4a63e8e5d816341794a2151c9d58c?s=96&d=mm&r=g\",\"caption\":\"admin\"},\"sameAs\":[\"http:\/\/denizcankizil.tr\"],\"url\":\"https:\/\/www.iskenderun.org\/meteorolojiden-kuvvetli-saganak-ve-kar-uyarisi\"}]}<\/script>\n<!-- \/ Yoast SEO Premium plugin. -->","yoast_head_json":{"title":"Meteoroloji'den kuvvetli sa\u011fanak ve kar uyar\u0131s\u0131 - Av. Deniz Can K\u0131z\u0131l","robots":{"index":"index","follow":"follow","max-snippet":"max-snippet:-1","max-image-preview":"max-image-preview:large","max-video-preview":"max-video-preview:-1"},"canonical":"https:\/\/denizcankizil.tr\/uk\/haberler\/gundem\/meteorolojiden-kuvvetli-saganak-ve-kar-uyarisi\/","og_locale":"uk_UA","og_type":"article","og_title":"Meteoroloji'den kuvvetli sa\u011fanak ve kar uyar\u0131s\u0131","og_description":"Meteoroloji Genel M\u00fcd\u00fcrl\u00fc\u011f\u00fc taraf\u0131ndan yap\u0131lan son tahminlere g\u00f6re \u00fclkemiz genelinin par\u00e7al\u0131 ve \u00e7ok bulutlu, Marmara, Ege, Bat\u0131 Akdeniz, \u0130\u00e7 Anadolu, Bat\u0131 ve Orta Karadeniz, Do\u011fu Anadolu&#8217;nun g\u00fcneybat\u0131s\u0131 ile Giresun, Trabzon, Hatay, Osmaniye ve Kahramanmara\u015f \u00e7evrelerinin aral\u0131kl\u0131 ya\u011f\u0131\u015fl\u0131 ge\u00e7ece\u011fi tahmin ediliyor.ANKARA (\u0130GFA) &#8211;\u00a0Meteoroloji Genel M\u00fcd\u00fcrl\u00fc\u011f\u00fc, 15 Ocak \u00c7ar\u015famba g\u00fcn\u00fcne ili\u015fkin hava tahmin raporunu yay\u0131mlad\u0131. Ya\u011f\u0131\u015flar\u0131n; genellikle ya\u011fmur ve sa\u011fanak, Trakya, Bat\u0131 ve Orta Karadeniz\u2019in i\u00e7 kesimleri, \u0130\u00e7 Anadolu&#8217;nun y\u00fcksek kesimleri ile Do\u011fu Anadolu&#8217;nun g\u00fcneybat\u0131s\u0131nda karla kar\u0131\u015f\u0131k ya\u011fmur ve kar \u015feklinde olmas\u0131 bekleniyor. Ya\u011f\u0131\u015flar\u0131n; \u00f6\u011fle saatlerinde Antalya&#8217;n\u0131n do\u011fu il\u00e7elerinde yerel kuvvetli olmas\u0131 bekleniyor. Hava s\u0131cakl\u0131\u011f\u0131n\u0131n Trakya&#8217;da mevsim normallerinin 2-4 derece alt\u0131nda, yurdun kuzey k\u0131y\u0131lar\u0131nda normalleri civar\u0131nda, di\u011fer yerlerde ise normallerinin 3-6 derece \u00fczerinde seyretmesi beklenirken r\u00fczgar\u0131n genellikle g\u00fcneyli, Marmara, Karadeniz ve Kuzey Ege&#8217;de kuzey ve kuzeydo\u011fu y\u00f6nlerden hafif, ara s\u0131ra orta kuvvette, Marmara ve Kuzey Ege k\u0131y\u0131lar\u0131nda kuvvetli olarak (40-60 km\/saat) esmesi bekleniyor. KUVVETL\u0130 YA\u011eI\u015e UYARISI: Ya\u011f\u0131\u015flar\u0131n; \u00f6\u011fle saatlerinde Antalya&#8217;n\u0131n do\u011fu il\u00e7elerinde yerel kuvvetli olmas\u0131 beklendi\u011finden ya\u015fanabilecek olumsuzluklara kar\u015f\u0131 dikkatli ve tedbirli olunmas\u0131 gerekmektedir. \u00c7I\u011e TEHL\u0130KES\u0130 UYARISI: Do\u011fu Karadeniz\u2019in i\u00e7 kesimlerinin y\u00fcksekleri ile Do\u011fu Anadolu&#8217;nun do\u011fusunun dik ve e\u011fimli yama\u00e7lar\u0131nda \u00e7\u0131\u011f tehlikesi bulundu\u011fundan ya\u015fanabilecek olumsuzluklara kar\u015f\u0131 tedbirli ve dikkatli olunmas\u0131 gerekmektedir. BUZLANMA VE DON OLAYI UYARISI:\u00a0Sabah ve gece saatlerinde i\u00e7 ve do\u011fu &hellip;","og_url":"https:\/\/denizcankizil.tr\/uk\/haberler\/gundem\/meteorolojiden-kuvvetli-saganak-ve-kar-uyarisi\/","og_site_name":"Av. Deniz Can K\u0131z\u0131l","article_published_time":"2025-01-15T07:42:26+00:00","author":"admin","twitter_card":"summary_large_image","twitter_misc":{"\u041d\u0430\u043f\u0438\u0441\u0430\u043d\u043e":"admin","\u041f\u0440\u0438\u0431\u043b. \u0447\u0430\u0441 \u0447\u0438\u0442\u0430\u043d\u043d\u044f":"3 \u0445\u0432\u0438\u043b\u0438\u043d\u0438"},"schema":{"@context":"https:\/\/schema.org","@graph":[{"@type":"Article","@id":"https:\/\/denizcankizil.tr\/uk\/haberler\/gundem\/meteorolojiden-kuvvetli-saganak-ve-kar-uyarisi\/#article","isPartOf":{"@id":"https:\/\/denizcankizil.tr\/uk\/haberler\/gundem\/meteorolojiden-kuvvetli-saganak-ve-kar-uyarisi\/"},"author":{"name":"admin","@id":"https:\/\/denizcankizil.tr\/#\/schema\/person\/be3c05fe6a12686905512445d8185489"},"headline":"Meteoroloji&#8217;den kuvvetli sa\u011fanak ve kar uyar\u0131s\u0131","datePublished":"2025-01-15T07:42:26+00:00","mainEntityOfPage":{"@id":"https:\/\/denizcankizil.tr\/uk\/haberler\/gundem\/meteorolojiden-kuvvetli-saganak-ve-kar-uyarisi\/"},"wordCount":633,"commentCount":0,"publisher":{"@id":"https:\/\/denizcankizil.tr\/#organization"},"articleSection":["G\u00fcndem"],"inLanguage":"uk","potentialAction":[{"@type":"CommentAction","name":"Comment","target":["https:\/\/denizcankizil.tr\/uk\/haberler\/gundem\/meteorolojiden-kuvvetli-saganak-ve-kar-uyarisi\/#respond"]}]},{"@type":"WebPage","@id":"https:\/\/denizcankizil.tr\/uk\/haberler\/gundem\/meteorolojiden-kuvvetli-saganak-ve-kar-uyarisi\/","url":"https:\/\/denizcankizil.tr\/uk\/haberler\/gundem\/meteorolojiden-kuvvetli-saganak-ve-kar-uyarisi\/","name":"Meteoroloji'den kuvvetli sa\u011fanak ve kar uyar\u0131s\u0131 - Av. Deniz Can K\u0131z\u0131l","isPartOf":{"@id":"https:\/\/denizcankizil.tr\/#website"},"datePublished":"2025-01-15T07:42:26+00:00","breadcrumb":{"@id":"https:\/\/denizcankizil.tr\/uk\/haberler\/gundem\/meteorolojiden-kuvvetli-saganak-ve-kar-uyarisi\/#breadcrumb"},"inLanguage":"uk","potentialAction":[{"@type":"ReadAction","target":["https:\/\/denizcankizil.tr\/uk\/haberler\/gundem\/meteorolojiden-kuvvetli-saganak-ve-kar-uyarisi\/"]}]},{"@type":"BreadcrumbList","@id":"https:\/\/denizcankizil.tr\/uk\/haberler\/gundem\/meteorolojiden-kuvvetli-saganak-ve-kar-uyarisi\/#breadcrumb","itemListElement":[{"@type":"ListItem","position":1,"name":"Home","item":"https:\/\/denizcankizil.tr\/de\/"},{"@type":"ListItem","position":2,"name":"Meteoroloji&#8217;den kuvvetli sa\u011fanak ve kar uyar\u0131s\u0131"}]},{"@type":"WebSite","@id":"https:\/\/denizcankizil.tr\/#website","url":"https:\/\/denizcankizil.tr\/","name":"Av. Deniz Can K\u0131z\u0131l","description":"Avukat Deniz Can K\u0131z\u0131l Antalya Barosu","publisher":{"@id":"https:\/\/denizcankizil.tr\/#organization"},"potentialAction":[{"@type":"SearchAction","target":{"@type":"EntryPoint","urlTemplate":"https:\/\/denizcankizil.tr\/?s={search_term_string}"},"query-input":{"@type":"PropertyValueSpecification","valueRequired":true,"valueName":"search_term_string"}}],"inLanguage":"uk"},{"@type":"Organization","@id":"https:\/\/denizcankizil.tr\/#organization","name":"Av. Deniz Can K\u0131z\u0131l","url":"https:\/\/denizcankizil.tr\/","logo":{"@type":"ImageObject","inLanguage":"uk","@id":"https:\/\/denizcankizil.tr\/#\/schema\/logo\/image\/","url":"https:\/\/denizcankizil.tr\/wp-content\/uploads\/2024\/10\/siyah-logo-svg.svg","contentUrl":"https:\/\/denizcankizil.tr\/wp-content\/uploads\/2024\/10\/siyah-logo-svg.svg","width":1080,"height":1080,"caption":"Av. Deniz Can K\u0131z\u0131l"},"image":{"@id":"https:\/\/denizcankizil.tr\/#\/schema\/logo\/image\/"}},{"@type":"Person","@id":"https:\/\/denizcankizil.tr\/#\/schema\/person\/be3c05fe6a12686905512445d8185489","name":"\u0430\u0434\u043c\u0456\u043d","image":{"@type":"ImageObject","inLanguage":"uk","@id":"https:\/\/denizcankizil.tr\/#\/schema\/person\/image\/","url":"https:\/\/secure.gravatar.com\/avatar\/c1fce94c830dc79107e174f890d7210541c4a63e8e5d816341794a2151c9d58c?s=96&d=mm&r=g","contentUrl":"https:\/\/secure.gravatar.com\/avatar\/c1fce94c830dc79107e174f890d7210541c4a63e8e5d816341794a2151c9d58c?s=96&d=mm&r=g","caption":"admin"},"sameAs":["http:\/\/denizcankizil.tr"],"url":"https:\/\/www.iskenderun.org\/meteorolojiden-kuvvetli-saganak-ve-kar-uyarisi"}]}},"_links":{"self":[{"href":"https:\/\/denizcankizil.tr\/uk\/wp-json\/wp\/v2\/posts\/25413","targetHints":{"allow":["GET"]}}],"collection":[{"href":"https:\/\/denizcankizil.tr\/uk\/wp-json\/wp\/v2\/posts"}],"about":[{"href":"https:\/\/denizcankizil.tr\/uk\/wp-json\/wp\/v2\/types\/post"}],"author":[{"embeddable":true,"href":"https:\/\/denizcankizil.tr\/uk\/wp-json\/wp\/v2\/users\/1"}],"replies":[{"embeddable":true,"href":"https:\/\/denizcankizil.tr\/uk\/wp-json\/wp\/v2\/comments?post=25413"}],"version-history":[{"count":0,"href":"https:\/\/denizcankizil.tr\/uk\/wp-json\/wp\/v2\/posts\/25413\/revisions"}],"wp:attachment":[{"href":"https:\/\/denizcankizil.tr\/uk\/wp-json\/wp\/v2\/media?parent=25413"}],"wp:term":[{"taxonomy":"category","embeddable":true,"href":"https:\/\/denizcankizil.tr\/uk\/wp-json\/wp\/v2\/categories?post=25413"},{"taxonomy":"post_tag","embeddable":true,"href":"https:\/\/denizcankizil.tr\/uk\/wp-json\/wp\/v2\/tags?post=25413"}],"curies":[{"name":"wp","href":"https:\/\/api.w.org\/{rel}","templated":true}]}}