{"id":25269,"date":"2025-01-14T16:41:43","date_gmt":"2025-01-14T13:41:43","guid":{"rendered":"https:\/\/denizcankizil.tr\/uncategorized-tr\/antalyada-kacakcilik-ve-suc-orgutlerine-buyuk-darbe\/"},"modified":"2025-01-14T16:41:43","modified_gmt":"2025-01-14T13:41:43","slug":"antalyada-kacakcilik-ve-suc-orgutlerine-buyuk-darbe","status":"publish","type":"post","link":"https:\/\/denizcankizil.tr\/uk\/haberler\/antalya\/antalyada-kacakcilik-ve-suc-orgutlerine-buyuk-darbe\/","title":{"rendered":"Antalya&#8217;da ka\u00e7ak\u00e7\u0131l\u0131k ve su\u00e7 \u00f6rg\u00fctlerine b\u00fcy\u00fck darbe"},"content":{"rendered":"<p>Antalya Emniyet M\u00fcd\u00fcrl\u00fc\u011f\u00fc Ka\u00e7ak\u00e7\u0131l\u0131k ve Organize Su\u00e7larla M\u00fccadele \u015eube M\u00fcd\u00fcrl\u00fc\u011f\u00fc taraf\u0131ndan il genelinde yap\u0131lan son 1 haftal\u0131k operasyonlar neticesinde, \u2018Su\u00e7 \u0130\u015flemek Amac\u0131yla \u00d6rg\u00fct Kurmak\u2019 su\u00e7undan 4 \u015f\u00fcpheliye adli i\u015flem yap\u0131l\u0131rken, yap\u0131lan aramalarda 2 tabanca, 3 av t\u00fcfe\u011fi ve 51 tabanca fi\u015fe\u011fi ele ge\u00e7irildi. \u2018R\u00fc\u015fvet\u2019 su\u00e7undan ise 2 \u015fah\u0131s hakk\u0131nda adli i\u015flem ba\u015flat\u0131l\u0131rken, \u20185607 Say\u0131l\u0131 Kanuna Muhalefet\u2019 su\u00e7undan 9 \u015f\u00fcpheliye i\u015flem yap\u0131ld\u0131.<\/p>\n<p>K\u0131rm\u0131z\u0131 b\u00fcltenle aranan \u015fah\u0131s yakaland\u0131<br \/>\nKepez, Muratpa\u015fa, Alanya ve Manavgat il\u00e7elerinde ger\u00e7ekle\u015ftirilen operasyonlarda i\u015f yeri, depo ve ikametlerde yap\u0131lan aramalarda 162 bin adet bo\u015f\/dolu makaron, bin 490 paket ka\u00e7ak sigara, 652 litre ka\u00e7ak i\u00e7ki, 17 adet ka\u00e7ak elektronik sigara ve 5 kilogram ka\u00e7ak t\u00fct\u00fcn ele ge\u00e7irildi. Aranan \u015fah\u0131slara y\u00f6nelik \u00e7al\u0131\u015fmalarda ise, Rusya&#8217;dan k\u0131rm\u0131z\u0131 b\u00fcltenle aranan doland\u0131r\u0131c\u0131l\u0131k su\u00e7lusu bir \u015fah\u0131s ve 13 y\u0131l 3 ay hapis cezas\u0131 bulunan bir \u015fah\u0131s dahil olmak \u00fczere toplam 6 \u015fah\u0131s yakaland\u0131. K\u0131rm\u0131z\u0131 b\u00fcltenle aranan \u015fah\u0131slar aras\u0131nda, bir \u015fah\u0131s \u0130l G\u00f6\u00e7 \u0130daresi M\u00fcd\u00fcrl\u00fc\u011f\u00fc Geri G\u00f6nderme Merkezine, 5 \u015fah\u0131s ise cezaevine teslim edildi.<\/p>\n<p>Kaynak: www.kanalv.com.tr Haber Sitesinden Al\u0131nm\u0131\u015ft\u0131r.<\/p>","protected":false},"excerpt":{"rendered":"<p>Antalya Emniyet M\u00fcd\u00fcrl\u00fc\u011f\u00fc Ka\u00e7ak\u00e7\u0131l\u0131k ve Organize Su\u00e7larla M\u00fccadele \u015eube M\u00fcd\u00fcrl\u00fc\u011f\u00fc taraf\u0131ndan il genelinde yap\u0131lan son 1 haftal\u0131k operasyonlar neticesinde, \u2018Su\u00e7 \u0130\u015flemek Amac\u0131yla \u00d6rg\u00fct Kurmak\u2019 su\u00e7undan 4 \u015f\u00fcpheliye adli i\u015flem yap\u0131l\u0131rken, yap\u0131lan aramalarda 2 tabanca, 3 av t\u00fcfe\u011fi ve 51 tabanca fi\u015fe\u011fi ele ge\u00e7irildi. \u2018R\u00fc\u015fvet\u2019 su\u00e7undan ise 2 \u015fah\u0131s hakk\u0131nda adli i\u015flem ba\u015flat\u0131l\u0131rken, \u20185607 Say\u0131l\u0131 Kanuna Muhalefet\u2019 su\u00e7undan 9 \u015f\u00fcpheliye i\u015flem yap\u0131ld\u0131. K\u0131rm\u0131z\u0131 b\u00fcltenle aranan \u015fah\u0131s yakaland\u0131 Kepez, Muratpa\u015fa, Alanya ve Manavgat il\u00e7elerinde ger\u00e7ekle\u015ftirilen operasyonlarda i\u015f yeri, depo ve ikametlerde yap\u0131lan aramalarda 162 bin adet bo\u015f\/dolu makaron, bin 490 paket ka\u00e7ak sigara, 652 litre ka\u00e7ak i\u00e7ki, 17 adet ka\u00e7ak elektronik sigara ve 5 kilogram ka\u00e7ak t\u00fct\u00fcn ele ge\u00e7irildi. Aranan \u015fah\u0131slara y\u00f6nelik \u00e7al\u0131\u015fmalarda ise, Rusya&#8217;dan k\u0131rm\u0131z\u0131 b\u00fcltenle aranan doland\u0131r\u0131c\u0131l\u0131k su\u00e7lusu bir \u015fah\u0131s ve 13 y\u0131l 3 ay hapis cezas\u0131 bulunan bir \u015fah\u0131s dahil olmak \u00fczere toplam 6 \u015fah\u0131s yakaland\u0131. K\u0131rm\u0131z\u0131 b\u00fcltenle aranan \u015fah\u0131slar aras\u0131nda, bir \u015fah\u0131s \u0130l G\u00f6\u00e7 \u0130daresi M\u00fcd\u00fcrl\u00fc\u011f\u00fc Geri G\u00f6nderme Merkezine, 5 \u015fah\u0131s ise cezaevine teslim edildi. Kaynak: www.kanalv.com.tr Haber Sitesinden Al\u0131nm\u0131\u015ft\u0131r.<\/p>","protected":false},"author":4,"featured_media":0,"comment_status":"open","ping_status":"open","sticky":false,"template":"","format":"standard","meta":{"_acf_changed":false,"footnotes":""},"categories":[26],"tags":[],"class_list":["post-25269","post","type-post","status-publish","format-standard","hentry","category-antalya"],"acf":[],"yoast_head":"<!-- This site is optimized with the Yoast SEO Premium plugin v26.6 (Yoast SEO v27.1.1) - https:\/\/yoast.com\/product\/yoast-seo-premium-wordpress\/ -->\n<title>Antalya&#039;da ka\u00e7ak\u00e7\u0131l\u0131k ve su\u00e7 \u00f6rg\u00fctlerine b\u00fcy\u00fck darbe - Av. Deniz Can K\u0131z\u0131l<\/title>\n<meta name=\"robots\" content=\"index, follow, max-snippet:-1, max-image-preview:large, max-video-preview:-1\" \/>\n<link rel=\"canonical\" href=\"http:\/\/denizcankizil.tr\/uk\/haberler\/antalya\/antalyada-kacakcilik-ve-suc-orgutlerine-buyuk-darbe\/\" \/>\n<meta property=\"og:locale\" content=\"uk_UA\" \/>\n<meta property=\"og:type\" content=\"article\" \/>\n<meta property=\"og:title\" content=\"Antalya&#039;da ka\u00e7ak\u00e7\u0131l\u0131k ve su\u00e7 \u00f6rg\u00fctlerine b\u00fcy\u00fck darbe\" \/>\n<meta property=\"og:description\" content=\"Antalya Emniyet M\u00fcd\u00fcrl\u00fc\u011f\u00fc Ka\u00e7ak\u00e7\u0131l\u0131k ve Organize Su\u00e7larla M\u00fccadele \u015eube M\u00fcd\u00fcrl\u00fc\u011f\u00fc taraf\u0131ndan il genelinde yap\u0131lan son 1 haftal\u0131k operasyonlar neticesinde, \u2018Su\u00e7 \u0130\u015flemek Amac\u0131yla \u00d6rg\u00fct Kurmak\u2019 su\u00e7undan 4 \u015f\u00fcpheliye adli i\u015flem yap\u0131l\u0131rken, yap\u0131lan aramalarda 2 tabanca, 3 av t\u00fcfe\u011fi ve 51 tabanca fi\u015fe\u011fi ele ge\u00e7irildi. \u2018R\u00fc\u015fvet\u2019 su\u00e7undan ise 2 \u015fah\u0131s hakk\u0131nda adli i\u015flem ba\u015flat\u0131l\u0131rken, \u20185607 Say\u0131l\u0131 Kanuna Muhalefet\u2019 su\u00e7undan 9 \u015f\u00fcpheliye i\u015flem yap\u0131ld\u0131. K\u0131rm\u0131z\u0131 b\u00fcltenle aranan \u015fah\u0131s yakaland\u0131 Kepez, Muratpa\u015fa, Alanya ve Manavgat il\u00e7elerinde ger\u00e7ekle\u015ftirilen operasyonlarda i\u015f yeri, depo ve ikametlerde yap\u0131lan aramalarda 162 bin adet bo\u015f\/dolu makaron, bin 490 paket ka\u00e7ak sigara, 652 litre ka\u00e7ak i\u00e7ki, 17 adet ka\u00e7ak elektronik sigara ve 5 kilogram ka\u00e7ak t\u00fct\u00fcn ele ge\u00e7irildi. Aranan \u015fah\u0131slara y\u00f6nelik \u00e7al\u0131\u015fmalarda ise, Rusya&#8217;dan k\u0131rm\u0131z\u0131 b\u00fcltenle aranan doland\u0131r\u0131c\u0131l\u0131k su\u00e7lusu bir \u015fah\u0131s ve 13 y\u0131l 3 ay hapis cezas\u0131 bulunan bir \u015fah\u0131s dahil olmak \u00fczere toplam 6 \u015fah\u0131s yakaland\u0131. K\u0131rm\u0131z\u0131 b\u00fcltenle aranan \u015fah\u0131slar aras\u0131nda, bir \u015fah\u0131s \u0130l G\u00f6\u00e7 \u0130daresi M\u00fcd\u00fcrl\u00fc\u011f\u00fc Geri G\u00f6nderme Merkezine, 5 \u015fah\u0131s ise cezaevine teslim edildi. Kaynak: www.kanalv.com.tr Haber Sitesinden Al\u0131nm\u0131\u015ft\u0131r.\" \/>\n<meta property=\"og:url\" content=\"http:\/\/denizcankizil.tr\/uk\/haberler\/antalya\/antalyada-kacakcilik-ve-suc-orgutlerine-buyuk-darbe\/\" \/>\n<meta property=\"og:site_name\" content=\"Av. Deniz Can K\u0131z\u0131l\" \/>\n<meta property=\"article:published_time\" content=\"2025-01-14T13:41:43+00:00\" \/>\n<meta name=\"author\" content=\"Av. Deniz Can K\u0131z\u0131l\" \/>\n<meta name=\"twitter:card\" content=\"summary_large_image\" \/>\n<meta name=\"twitter:label1\" content=\"\u041d\u0430\u043f\u0438\u0441\u0430\u043d\u043e\" \/>\n\t<meta name=\"twitter:data1\" content=\"Av. Deniz Can K\u0131z\u0131l\" \/>\n\t<meta name=\"twitter:label2\" content=\"\u041f\u0440\u0438\u0431\u043b. \u0447\u0430\u0441 \u0447\u0438\u0442\u0430\u043d\u043d\u044f\" \/>\n\t<meta name=\"twitter:data2\" content=\"1 \u0445\u0432\u0438\u043b\u0438\u043d\u0430\" \/>\n<script type=\"application\/ld+json\" class=\"yoast-schema-graph\">{\"@context\":\"https:\/\/schema.org\",\"@graph\":[{\"@type\":\"Article\",\"@id\":\"http:\/\/denizcankizil.tr\/en\/haberler\/antalya\/antalyada-kacakcilik-ve-suc-orgutlerine-buyuk-darbe\/#article\",\"isPartOf\":{\"@id\":\"http:\/\/denizcankizil.tr\/en\/haberler\/antalya\/antalyada-kacakcilik-ve-suc-orgutlerine-buyuk-darbe\/\"},\"author\":{\"name\":\"Av. Deniz Can K\u0131z\u0131l\",\"@id\":\"https:\/\/denizcankizil.tr\/de\/#\/schema\/person\/5dc1b22991bd7ac833867c10afc9b0ff\"},\"headline\":\"Antalya&#8217;da ka\u00e7ak\u00e7\u0131l\u0131k ve su\u00e7 \u00f6rg\u00fctlerine b\u00fcy\u00fck darbe\",\"datePublished\":\"2025-01-14T13:41:43+00:00\",\"mainEntityOfPage\":{\"@id\":\"http:\/\/denizcankizil.tr\/en\/haberler\/antalya\/antalyada-kacakcilik-ve-suc-orgutlerine-buyuk-darbe\/\"},\"wordCount\":245,\"commentCount\":0,\"publisher\":{\"@id\":\"https:\/\/denizcankizil.tr\/de\/#organization\"},\"articleSection\":[\"Antalya\"],\"inLanguage\":\"uk\",\"potentialAction\":[{\"@type\":\"CommentAction\",\"name\":\"Comment\",\"target\":[\"http:\/\/denizcankizil.tr\/en\/haberler\/antalya\/antalyada-kacakcilik-ve-suc-orgutlerine-buyuk-darbe\/#respond\"]}]},{\"@type\":\"WebPage\",\"@id\":\"http:\/\/denizcankizil.tr\/en\/haberler\/antalya\/antalyada-kacakcilik-ve-suc-orgutlerine-buyuk-darbe\/\",\"url\":\"http:\/\/denizcankizil.tr\/en\/haberler\/antalya\/antalyada-kacakcilik-ve-suc-orgutlerine-buyuk-darbe\/\",\"name\":\"Antalya'da ka\u00e7ak\u00e7\u0131l\u0131k ve su\u00e7 \u00f6rg\u00fctlerine b\u00fcy\u00fck darbe - Av. Deniz Can K\u0131z\u0131l\",\"isPartOf\":{\"@id\":\"https:\/\/denizcankizil.tr\/de\/#website\"},\"datePublished\":\"2025-01-14T13:41:43+00:00\",\"breadcrumb\":{\"@id\":\"http:\/\/denizcankizil.tr\/en\/haberler\/antalya\/antalyada-kacakcilik-ve-suc-orgutlerine-buyuk-darbe\/#breadcrumb\"},\"inLanguage\":\"uk\",\"potentialAction\":[{\"@type\":\"ReadAction\",\"target\":[\"http:\/\/denizcankizil.tr\/en\/haberler\/antalya\/antalyada-kacakcilik-ve-suc-orgutlerine-buyuk-darbe\/\"]}]},{\"@type\":\"BreadcrumbList\",\"@id\":\"http:\/\/denizcankizil.tr\/en\/haberler\/antalya\/antalyada-kacakcilik-ve-suc-orgutlerine-buyuk-darbe\/#breadcrumb\",\"itemListElement\":[{\"@type\":\"ListItem\",\"position\":1,\"name\":\"Home\",\"item\":\"https:\/\/denizcankizil.tr\/de\/\"},{\"@type\":\"ListItem\",\"position\":2,\"name\":\"Antalya&#8217;da ka\u00e7ak\u00e7\u0131l\u0131k ve su\u00e7 \u00f6rg\u00fctlerine b\u00fcy\u00fck darbe\"}]},{\"@type\":\"WebSite\",\"@id\":\"https:\/\/denizcankizil.tr\/de\/#website\",\"url\":\"https:\/\/denizcankizil.tr\/de\/\",\"name\":\"Av. Deniz Can K\u0131z\u0131l\",\"description\":\"Avukat Deniz Can K\u0131z\u0131l Antalya Barosu\",\"publisher\":{\"@id\":\"https:\/\/denizcankizil.tr\/de\/#organization\"},\"potentialAction\":[{\"@type\":\"SearchAction\",\"target\":{\"@type\":\"EntryPoint\",\"urlTemplate\":\"https:\/\/denizcankizil.tr\/de\/?s={search_term_string}\"},\"query-input\":{\"@type\":\"PropertyValueSpecification\",\"valueRequired\":true,\"valueName\":\"search_term_string\"}}],\"inLanguage\":\"uk\"},{\"@type\":\"Organization\",\"@id\":\"https:\/\/denizcankizil.tr\/de\/#organization\",\"name\":\"Av. Deniz Can K\u0131z\u0131l\",\"url\":\"https:\/\/denizcankizil.tr\/de\/\",\"logo\":{\"@type\":\"ImageObject\",\"inLanguage\":\"uk\",\"@id\":\"https:\/\/denizcankizil.tr\/de\/#\/schema\/logo\/image\/\",\"url\":\"https:\/\/denizcankizil.tr\/wp-content\/uploads\/2024\/10\/siyah-logo-svg.svg\",\"contentUrl\":\"https:\/\/denizcankizil.tr\/wp-content\/uploads\/2024\/10\/siyah-logo-svg.svg\",\"width\":1080,\"height\":1080,\"caption\":\"Av. Deniz Can K\u0131z\u0131l\"},\"image\":{\"@id\":\"https:\/\/denizcankizil.tr\/de\/#\/schema\/logo\/image\/\"}},{\"@type\":\"Person\",\"@id\":\"https:\/\/denizcankizil.tr\/de\/#\/schema\/person\/5dc1b22991bd7ac833867c10afc9b0ff\",\"name\":\"Av. Deniz Can K\u0131z\u0131l\",\"image\":{\"@type\":\"ImageObject\",\"inLanguage\":\"uk\",\"@id\":\"https:\/\/denizcankizil.tr\/de\/#\/schema\/person\/image\/\",\"url\":\"https:\/\/secure.gravatar.com\/avatar\/a0b128fb9855c79efc976d5640eedb31dc35ec297594d6016d2cf7c60e975bb6?s=96&d=mm&r=g\",\"contentUrl\":\"https:\/\/secure.gravatar.com\/avatar\/a0b128fb9855c79efc976d5640eedb31dc35ec297594d6016d2cf7c60e975bb6?s=96&d=mm&r=g\",\"caption\":\"Av. Deniz Can K\u0131z\u0131l\"},\"sameAs\":[\"http:\/\/www.denizcankizil.tr\"],\"url\":\"https:\/\/denizcankizil.tr\/uk\/author\/denizcankizil\/\"}]}<\/script>\n<!-- \/ Yoast SEO Premium plugin. -->","yoast_head_json":{"title":"Antalya'da ka\u00e7ak\u00e7\u0131l\u0131k ve su\u00e7 \u00f6rg\u00fctlerine b\u00fcy\u00fck darbe - Av. Deniz Can K\u0131z\u0131l","robots":{"index":"index","follow":"follow","max-snippet":"max-snippet:-1","max-image-preview":"max-image-preview:large","max-video-preview":"max-video-preview:-1"},"canonical":"http:\/\/denizcankizil.tr\/uk\/haberler\/antalya\/antalyada-kacakcilik-ve-suc-orgutlerine-buyuk-darbe\/","og_locale":"uk_UA","og_type":"article","og_title":"Antalya'da ka\u00e7ak\u00e7\u0131l\u0131k ve su\u00e7 \u00f6rg\u00fctlerine b\u00fcy\u00fck darbe","og_description":"Antalya Emniyet M\u00fcd\u00fcrl\u00fc\u011f\u00fc Ka\u00e7ak\u00e7\u0131l\u0131k ve Organize Su\u00e7larla M\u00fccadele \u015eube M\u00fcd\u00fcrl\u00fc\u011f\u00fc taraf\u0131ndan il genelinde yap\u0131lan son 1 haftal\u0131k operasyonlar neticesinde, \u2018Su\u00e7 \u0130\u015flemek Amac\u0131yla \u00d6rg\u00fct Kurmak\u2019 su\u00e7undan 4 \u015f\u00fcpheliye adli i\u015flem yap\u0131l\u0131rken, yap\u0131lan aramalarda 2 tabanca, 3 av t\u00fcfe\u011fi ve 51 tabanca fi\u015fe\u011fi ele ge\u00e7irildi. \u2018R\u00fc\u015fvet\u2019 su\u00e7undan ise 2 \u015fah\u0131s hakk\u0131nda adli i\u015flem ba\u015flat\u0131l\u0131rken, \u20185607 Say\u0131l\u0131 Kanuna Muhalefet\u2019 su\u00e7undan 9 \u015f\u00fcpheliye i\u015flem yap\u0131ld\u0131. K\u0131rm\u0131z\u0131 b\u00fcltenle aranan \u015fah\u0131s yakaland\u0131 Kepez, Muratpa\u015fa, Alanya ve Manavgat il\u00e7elerinde ger\u00e7ekle\u015ftirilen operasyonlarda i\u015f yeri, depo ve ikametlerde yap\u0131lan aramalarda 162 bin adet bo\u015f\/dolu makaron, bin 490 paket ka\u00e7ak sigara, 652 litre ka\u00e7ak i\u00e7ki, 17 adet ka\u00e7ak elektronik sigara ve 5 kilogram ka\u00e7ak t\u00fct\u00fcn ele ge\u00e7irildi. Aranan \u015fah\u0131slara y\u00f6nelik \u00e7al\u0131\u015fmalarda ise, Rusya&#8217;dan k\u0131rm\u0131z\u0131 b\u00fcltenle aranan doland\u0131r\u0131c\u0131l\u0131k su\u00e7lusu bir \u015fah\u0131s ve 13 y\u0131l 3 ay hapis cezas\u0131 bulunan bir \u015fah\u0131s dahil olmak \u00fczere toplam 6 \u015fah\u0131s yakaland\u0131. K\u0131rm\u0131z\u0131 b\u00fcltenle aranan \u015fah\u0131slar aras\u0131nda, bir \u015fah\u0131s \u0130l G\u00f6\u00e7 \u0130daresi M\u00fcd\u00fcrl\u00fc\u011f\u00fc Geri G\u00f6nderme Merkezine, 5 \u015fah\u0131s ise cezaevine teslim edildi. Kaynak: www.kanalv.com.tr Haber Sitesinden Al\u0131nm\u0131\u015ft\u0131r.","og_url":"http:\/\/denizcankizil.tr\/uk\/haberler\/antalya\/antalyada-kacakcilik-ve-suc-orgutlerine-buyuk-darbe\/","og_site_name":"Av. Deniz Can K\u0131z\u0131l","article_published_time":"2025-01-14T13:41:43+00:00","author":"Av. Deniz Can K\u0131z\u0131l","twitter_card":"summary_large_image","twitter_misc":{"\u041d\u0430\u043f\u0438\u0441\u0430\u043d\u043e":"Av. Deniz Can K\u0131z\u0131l","\u041f\u0440\u0438\u0431\u043b. \u0447\u0430\u0441 \u0447\u0438\u0442\u0430\u043d\u043d\u044f":"1 \u0445\u0432\u0438\u043b\u0438\u043d\u0430"},"schema":{"@context":"https:\/\/schema.org","@graph":[{"@type":"Article","@id":"http:\/\/denizcankizil.tr\/en\/haberler\/antalya\/antalyada-kacakcilik-ve-suc-orgutlerine-buyuk-darbe\/#article","isPartOf":{"@id":"http:\/\/denizcankizil.tr\/en\/haberler\/antalya\/antalyada-kacakcilik-ve-suc-orgutlerine-buyuk-darbe\/"},"author":{"name":"Av. Deniz Can K\u0131z\u0131l","@id":"https:\/\/denizcankizil.tr\/de\/#\/schema\/person\/5dc1b22991bd7ac833867c10afc9b0ff"},"headline":"Antalya&#8217;da ka\u00e7ak\u00e7\u0131l\u0131k ve su\u00e7 \u00f6rg\u00fctlerine b\u00fcy\u00fck darbe","datePublished":"2025-01-14T13:41:43+00:00","mainEntityOfPage":{"@id":"http:\/\/denizcankizil.tr\/en\/haberler\/antalya\/antalyada-kacakcilik-ve-suc-orgutlerine-buyuk-darbe\/"},"wordCount":245,"commentCount":0,"publisher":{"@id":"https:\/\/denizcankizil.tr\/de\/#organization"},"articleSection":["Antalya"],"inLanguage":"uk","potentialAction":[{"@type":"CommentAction","name":"Comment","target":["http:\/\/denizcankizil.tr\/en\/haberler\/antalya\/antalyada-kacakcilik-ve-suc-orgutlerine-buyuk-darbe\/#respond"]}]},{"@type":"WebPage","@id":"http:\/\/denizcankizil.tr\/en\/haberler\/antalya\/antalyada-kacakcilik-ve-suc-orgutlerine-buyuk-darbe\/","url":"http:\/\/denizcankizil.tr\/en\/haberler\/antalya\/antalyada-kacakcilik-ve-suc-orgutlerine-buyuk-darbe\/","name":"Antalya'da ka\u00e7ak\u00e7\u0131l\u0131k ve su\u00e7 \u00f6rg\u00fctlerine b\u00fcy\u00fck darbe - Av. Deniz Can K\u0131z\u0131l","isPartOf":{"@id":"https:\/\/denizcankizil.tr\/de\/#website"},"datePublished":"2025-01-14T13:41:43+00:00","breadcrumb":{"@id":"http:\/\/denizcankizil.tr\/en\/haberler\/antalya\/antalyada-kacakcilik-ve-suc-orgutlerine-buyuk-darbe\/#breadcrumb"},"inLanguage":"uk","potentialAction":[{"@type":"ReadAction","target":["http:\/\/denizcankizil.tr\/en\/haberler\/antalya\/antalyada-kacakcilik-ve-suc-orgutlerine-buyuk-darbe\/"]}]},{"@type":"BreadcrumbList","@id":"http:\/\/denizcankizil.tr\/en\/haberler\/antalya\/antalyada-kacakcilik-ve-suc-orgutlerine-buyuk-darbe\/#breadcrumb","itemListElement":[{"@type":"ListItem","position":1,"name":"Home","item":"https:\/\/denizcankizil.tr\/de\/"},{"@type":"ListItem","position":2,"name":"Antalya&#8217;da ka\u00e7ak\u00e7\u0131l\u0131k ve su\u00e7 \u00f6rg\u00fctlerine b\u00fcy\u00fck darbe"}]},{"@type":"WebSite","@id":"https:\/\/denizcankizil.tr\/de\/#website","url":"https:\/\/denizcankizil.tr\/de\/","name":"Av. Deniz Can K\u0131z\u0131l","description":"Avukat Deniz Can K\u0131z\u0131l Antalya Barosu","publisher":{"@id":"https:\/\/denizcankizil.tr\/de\/#organization"},"potentialAction":[{"@type":"SearchAction","target":{"@type":"EntryPoint","urlTemplate":"https:\/\/denizcankizil.tr\/de\/?s={search_term_string}"},"query-input":{"@type":"PropertyValueSpecification","valueRequired":true,"valueName":"search_term_string"}}],"inLanguage":"uk"},{"@type":"Organization","@id":"https:\/\/denizcankizil.tr\/de\/#organization","name":"Av. Deniz Can K\u0131z\u0131l","url":"https:\/\/denizcankizil.tr\/de\/","logo":{"@type":"ImageObject","inLanguage":"uk","@id":"https:\/\/denizcankizil.tr\/de\/#\/schema\/logo\/image\/","url":"https:\/\/denizcankizil.tr\/wp-content\/uploads\/2024\/10\/siyah-logo-svg.svg","contentUrl":"https:\/\/denizcankizil.tr\/wp-content\/uploads\/2024\/10\/siyah-logo-svg.svg","width":1080,"height":1080,"caption":"Av. Deniz Can K\u0131z\u0131l"},"image":{"@id":"https:\/\/denizcankizil.tr\/de\/#\/schema\/logo\/image\/"}},{"@type":"Person","@id":"https:\/\/denizcankizil.tr\/de\/#\/schema\/person\/5dc1b22991bd7ac833867c10afc9b0ff","name":"Av. Deniz Can K\u0131z\u0131l","image":{"@type":"ImageObject","inLanguage":"uk","@id":"https:\/\/denizcankizil.tr\/de\/#\/schema\/person\/image\/","url":"https:\/\/secure.gravatar.com\/avatar\/a0b128fb9855c79efc976d5640eedb31dc35ec297594d6016d2cf7c60e975bb6?s=96&d=mm&r=g","contentUrl":"https:\/\/secure.gravatar.com\/avatar\/a0b128fb9855c79efc976d5640eedb31dc35ec297594d6016d2cf7c60e975bb6?s=96&d=mm&r=g","caption":"Av. Deniz Can K\u0131z\u0131l"},"sameAs":["http:\/\/www.denizcankizil.tr"],"url":"https:\/\/denizcankizil.tr\/uk\/author\/denizcankizil\/"}]}},"_links":{"self":[{"href":"https:\/\/denizcankizil.tr\/uk\/wp-json\/wp\/v2\/posts\/25269","targetHints":{"allow":["GET"]}}],"collection":[{"href":"https:\/\/denizcankizil.tr\/uk\/wp-json\/wp\/v2\/posts"}],"about":[{"href":"https:\/\/denizcankizil.tr\/uk\/wp-json\/wp\/v2\/types\/post"}],"author":[{"embeddable":true,"href":"https:\/\/denizcankizil.tr\/uk\/wp-json\/wp\/v2\/users\/4"}],"replies":[{"embeddable":true,"href":"https:\/\/denizcankizil.tr\/uk\/wp-json\/wp\/v2\/comments?post=25269"}],"version-history":[{"count":0,"href":"https:\/\/denizcankizil.tr\/uk\/wp-json\/wp\/v2\/posts\/25269\/revisions"}],"wp:attachment":[{"href":"https:\/\/denizcankizil.tr\/uk\/wp-json\/wp\/v2\/media?parent=25269"}],"wp:term":[{"taxonomy":"category","embeddable":true,"href":"https:\/\/denizcankizil.tr\/uk\/wp-json\/wp\/v2\/categories?post=25269"},{"taxonomy":"post_tag","embeddable":true,"href":"https:\/\/denizcankizil.tr\/uk\/wp-json\/wp\/v2\/tags?post=25269"}],"curies":[{"name":"wp","href":"https:\/\/api.w.org\/{rel}","templated":true}]}}