{"id":25241,"date":"2025-01-14T13:42:39","date_gmt":"2025-01-14T10:42:39","guid":{"rendered":"https:\/\/denizcankizil.tr\/uncategorized-tr\/21-akbank-kisa-film-festivali-icin-geri-sayim-basladi\/"},"modified":"2025-01-14T13:42:39","modified_gmt":"2025-01-14T10:42:39","slug":"21-akbank-kisa-film-festivali-icin-geri-sayim-basladi","status":"publish","type":"post","link":"https:\/\/denizcankizil.tr\/uk\/haberler\/gundem\/21-akbank-kisa-film-festivali-icin-geri-sayim-basladi\/","title":{"rendered":"21. Akbank K\u0131sa Film Festivali \u0130\u00e7in Geri Say\u0131m Ba\u015flad\u0131"},"content":{"rendered":"<p>K\u0131sa filmi geni\u015f kitlelerle bulu\u015fturmak, yeni sinemac\u0131lar\u0131 desteklemek ve sekt\u00f6re yarat\u0131c\u0131 bak\u0131\u015f a\u00e7\u0131lar\u0131 kazand\u0131rmak amac\u0131yla 2004 y\u0131l\u0131nda ba\u015flat\u0131lan Akbank K\u0131sa Film Festivali, bu y\u0131l 21. kez sinemaseverlerle bulu\u015fuyor.<\/p>\n<p>\u200bK\u0131sa filmi geni\u015f kitlelerle bulu\u015fturmak, yeni sinemac\u0131lar\u0131 desteklemek ve sekt\u00f6re yarat\u0131c\u0131 bak\u0131\u015f a\u00e7\u0131lar\u0131 kazand\u0131rmak amac\u0131yla 2004 y\u0131l\u0131nda ba\u015flat\u0131lan Akbank K\u0131sa Film Festivali, bu y\u0131l 21. kez sinemaseverlerle bulu\u015fuyor.\u00a0<\/p>\n<p>\u200bHaberin Al\u0131nt\u0131land\u0131\u011f\u0131 Kaynak: www.iskenderun.org<\/p>","protected":false},"excerpt":{"rendered":"<p>K\u0131sa filmi geni\u015f kitlelerle bulu\u015fturmak, yeni sinemac\u0131lar\u0131 desteklemek ve sekt\u00f6re yarat\u0131c\u0131 bak\u0131\u015f a\u00e7\u0131lar\u0131 kazand\u0131rmak amac\u0131yla 2004 y\u0131l\u0131nda ba\u015flat\u0131lan Akbank K\u0131sa Film Festivali, bu y\u0131l 21. kez sinemaseverlerle bulu\u015fuyor. \u200bK\u0131sa filmi geni\u015f kitlelerle bulu\u015fturmak, yeni sinemac\u0131lar\u0131 desteklemek ve sekt\u00f6re yarat\u0131c\u0131 bak\u0131\u015f a\u00e7\u0131lar\u0131 kazand\u0131rmak amac\u0131yla 2004 y\u0131l\u0131nda ba\u015flat\u0131lan Akbank K\u0131sa Film Festivali, bu y\u0131l 21. kez sinemaseverlerle bulu\u015fuyor.\u00a0 \u200bHaberin Al\u0131nt\u0131land\u0131\u011f\u0131 Kaynak: www.iskenderun.org<\/p>","protected":false},"author":1,"featured_media":0,"comment_status":"open","ping_status":"open","sticky":false,"template":"","format":"standard","meta":{"_acf_changed":false,"footnotes":""},"categories":[24],"tags":[],"class_list":["post-25241","post","type-post","status-publish","format-standard","has-post-thumbnail","hentry","category-gundem"],"acf":[],"yoast_head":"<!-- This site is optimized with the Yoast SEO Premium plugin v26.6 (Yoast SEO v27.1.1) - https:\/\/yoast.com\/product\/yoast-seo-premium-wordpress\/ -->\n<title>21. Akbank K\u0131sa Film Festivali \u0130\u00e7in Geri Say\u0131m Ba\u015flad\u0131 - Av. Deniz Can K\u0131z\u0131l<\/title>\n<meta name=\"robots\" content=\"index, follow, max-snippet:-1, max-image-preview:large, max-video-preview:-1\" \/>\n<link rel=\"canonical\" href=\"http:\/\/denizcankizil.tr\/uk\/haberler\/gundem\/21-akbank-kisa-film-festivali-icin-geri-sayim-basladi\/\" \/>\n<meta property=\"og:locale\" content=\"uk_UA\" \/>\n<meta property=\"og:type\" content=\"article\" \/>\n<meta property=\"og:title\" content=\"21. Akbank K\u0131sa Film Festivali \u0130\u00e7in Geri Say\u0131m Ba\u015flad\u0131\" \/>\n<meta property=\"og:description\" content=\"K\u0131sa filmi geni\u015f kitlelerle bulu\u015fturmak, yeni sinemac\u0131lar\u0131 desteklemek ve sekt\u00f6re yarat\u0131c\u0131 bak\u0131\u015f a\u00e7\u0131lar\u0131 kazand\u0131rmak amac\u0131yla 2004 y\u0131l\u0131nda ba\u015flat\u0131lan Akbank K\u0131sa Film Festivali, bu y\u0131l 21. kez sinemaseverlerle bulu\u015fuyor. \u200bK\u0131sa filmi geni\u015f kitlelerle bulu\u015fturmak, yeni sinemac\u0131lar\u0131 desteklemek ve sekt\u00f6re yarat\u0131c\u0131 bak\u0131\u015f a\u00e7\u0131lar\u0131 kazand\u0131rmak amac\u0131yla 2004 y\u0131l\u0131nda ba\u015flat\u0131lan Akbank K\u0131sa Film Festivali, bu y\u0131l 21. kez sinemaseverlerle bulu\u015fuyor.\u00a0 \u200bHaberin Al\u0131nt\u0131land\u0131\u011f\u0131 Kaynak: www.iskenderun.org\" \/>\n<meta property=\"og:url\" content=\"http:\/\/denizcankizil.tr\/uk\/haberler\/gundem\/21-akbank-kisa-film-festivali-icin-geri-sayim-basladi\/\" \/>\n<meta property=\"og:site_name\" content=\"Av. Deniz Can K\u0131z\u0131l\" \/>\n<meta property=\"article:published_time\" content=\"2025-01-14T10:42:39+00:00\" \/>\n<meta name=\"author\" content=\"admin\" \/>\n<meta name=\"twitter:card\" content=\"summary_large_image\" \/>\n<meta name=\"twitter:label1\" content=\"\u041d\u0430\u043f\u0438\u0441\u0430\u043d\u043e\" \/>\n\t<meta name=\"twitter:data1\" content=\"admin\" \/>\n<script type=\"application\/ld+json\" class=\"yoast-schema-graph\">{\"@context\":\"https:\/\/schema.org\",\"@graph\":[{\"@type\":\"Article\",\"@id\":\"http:\/\/denizcankizil.tr\/en\/haberler\/gundem\/21-akbank-kisa-film-festivali-icin-geri-sayim-basladi\/#article\",\"isPartOf\":{\"@id\":\"http:\/\/denizcankizil.tr\/en\/haberler\/gundem\/21-akbank-kisa-film-festivali-icin-geri-sayim-basladi\/\"},\"author\":{\"name\":\"admin\",\"@id\":\"https:\/\/denizcankizil.tr\/de\/#\/schema\/person\/be3c05fe6a12686905512445d8185489\"},\"headline\":\"21. Akbank K\u0131sa Film Festivali \u0130\u00e7in Geri Say\u0131m Ba\u015flad\u0131\",\"datePublished\":\"2025-01-14T10:42:39+00:00\",\"mainEntityOfPage\":{\"@id\":\"http:\/\/denizcankizil.tr\/en\/haberler\/gundem\/21-akbank-kisa-film-festivali-icin-geri-sayim-basladi\/\"},\"wordCount\":101,\"commentCount\":0,\"publisher\":{\"@id\":\"https:\/\/denizcankizil.tr\/de\/#organization\"},\"articleSection\":[\"G\u00fcndem\"],\"inLanguage\":\"uk\",\"potentialAction\":[{\"@type\":\"CommentAction\",\"name\":\"Comment\",\"target\":[\"http:\/\/denizcankizil.tr\/en\/haberler\/gundem\/21-akbank-kisa-film-festivali-icin-geri-sayim-basladi\/#respond\"]}]},{\"@type\":\"WebPage\",\"@id\":\"http:\/\/denizcankizil.tr\/en\/haberler\/gundem\/21-akbank-kisa-film-festivali-icin-geri-sayim-basladi\/\",\"url\":\"http:\/\/denizcankizil.tr\/en\/haberler\/gundem\/21-akbank-kisa-film-festivali-icin-geri-sayim-basladi\/\",\"name\":\"21. Akbank K\u0131sa Film Festivali \u0130\u00e7in Geri Say\u0131m Ba\u015flad\u0131 - Av. Deniz Can K\u0131z\u0131l\",\"isPartOf\":{\"@id\":\"https:\/\/denizcankizil.tr\/de\/#website\"},\"datePublished\":\"2025-01-14T10:42:39+00:00\",\"breadcrumb\":{\"@id\":\"http:\/\/denizcankizil.tr\/en\/haberler\/gundem\/21-akbank-kisa-film-festivali-icin-geri-sayim-basladi\/#breadcrumb\"},\"inLanguage\":\"uk\",\"potentialAction\":[{\"@type\":\"ReadAction\",\"target\":[\"http:\/\/denizcankizil.tr\/en\/haberler\/gundem\/21-akbank-kisa-film-festivali-icin-geri-sayim-basladi\/\"]}]},{\"@type\":\"BreadcrumbList\",\"@id\":\"http:\/\/denizcankizil.tr\/en\/haberler\/gundem\/21-akbank-kisa-film-festivali-icin-geri-sayim-basladi\/#breadcrumb\",\"itemListElement\":[{\"@type\":\"ListItem\",\"position\":1,\"name\":\"Home\",\"item\":\"https:\/\/denizcankizil.tr\/de\/\"},{\"@type\":\"ListItem\",\"position\":2,\"name\":\"21. Akbank K\u0131sa Film Festivali \u0130\u00e7in Geri Say\u0131m Ba\u015flad\u0131\"}]},{\"@type\":\"WebSite\",\"@id\":\"https:\/\/denizcankizil.tr\/de\/#website\",\"url\":\"https:\/\/denizcankizil.tr\/de\/\",\"name\":\"Av. Deniz Can K\u0131z\u0131l\",\"description\":\"Avukat Deniz Can K\u0131z\u0131l Antalya Barosu\",\"publisher\":{\"@id\":\"https:\/\/denizcankizil.tr\/de\/#organization\"},\"potentialAction\":[{\"@type\":\"SearchAction\",\"target\":{\"@type\":\"EntryPoint\",\"urlTemplate\":\"https:\/\/denizcankizil.tr\/de\/?s={search_term_string}\"},\"query-input\":{\"@type\":\"PropertyValueSpecification\",\"valueRequired\":true,\"valueName\":\"search_term_string\"}}],\"inLanguage\":\"uk\"},{\"@type\":\"Organization\",\"@id\":\"https:\/\/denizcankizil.tr\/de\/#organization\",\"name\":\"Av. Deniz Can K\u0131z\u0131l\",\"url\":\"https:\/\/denizcankizil.tr\/de\/\",\"logo\":{\"@type\":\"ImageObject\",\"inLanguage\":\"uk\",\"@id\":\"https:\/\/denizcankizil.tr\/de\/#\/schema\/logo\/image\/\",\"url\":\"https:\/\/denizcankizil.tr\/wp-content\/uploads\/2024\/10\/siyah-logo-svg.svg\",\"contentUrl\":\"https:\/\/denizcankizil.tr\/wp-content\/uploads\/2024\/10\/siyah-logo-svg.svg\",\"width\":1080,\"height\":1080,\"caption\":\"Av. Deniz Can K\u0131z\u0131l\"},\"image\":{\"@id\":\"https:\/\/denizcankizil.tr\/de\/#\/schema\/logo\/image\/\"}},{\"@type\":\"Person\",\"@id\":\"https:\/\/denizcankizil.tr\/de\/#\/schema\/person\/be3c05fe6a12686905512445d8185489\",\"name\":\"admin\",\"image\":{\"@type\":\"ImageObject\",\"inLanguage\":\"uk\",\"@id\":\"https:\/\/denizcankizil.tr\/de\/#\/schema\/person\/image\/\",\"url\":\"https:\/\/secure.gravatar.com\/avatar\/c1fce94c830dc79107e174f890d7210541c4a63e8e5d816341794a2151c9d58c?s=96&d=mm&r=g\",\"contentUrl\":\"https:\/\/secure.gravatar.com\/avatar\/c1fce94c830dc79107e174f890d7210541c4a63e8e5d816341794a2151c9d58c?s=96&d=mm&r=g\",\"caption\":\"admin\"},\"sameAs\":[\"http:\/\/denizcankizil.tr\"],\"url\":\"https:\/\/www.iskenderun.org\/21-akbank-kisa-film-festivali-icin-geri-sayim-basladi\"}]}<\/script>\n<!-- \/ Yoast SEO Premium plugin. -->","yoast_head_json":{"title":"21. Akbank K\u0131sa Film Festivali \u0130\u00e7in Geri Say\u0131m Ba\u015flad\u0131 - Av. Deniz Can K\u0131z\u0131l","robots":{"index":"index","follow":"follow","max-snippet":"max-snippet:-1","max-image-preview":"max-image-preview:large","max-video-preview":"max-video-preview:-1"},"canonical":"http:\/\/denizcankizil.tr\/uk\/haberler\/gundem\/21-akbank-kisa-film-festivali-icin-geri-sayim-basladi\/","og_locale":"uk_UA","og_type":"article","og_title":"21. Akbank K\u0131sa Film Festivali \u0130\u00e7in Geri Say\u0131m Ba\u015flad\u0131","og_description":"K\u0131sa filmi geni\u015f kitlelerle bulu\u015fturmak, yeni sinemac\u0131lar\u0131 desteklemek ve sekt\u00f6re yarat\u0131c\u0131 bak\u0131\u015f a\u00e7\u0131lar\u0131 kazand\u0131rmak amac\u0131yla 2004 y\u0131l\u0131nda ba\u015flat\u0131lan Akbank K\u0131sa Film Festivali, bu y\u0131l 21. kez sinemaseverlerle bulu\u015fuyor. \u200bK\u0131sa filmi geni\u015f kitlelerle bulu\u015fturmak, yeni sinemac\u0131lar\u0131 desteklemek ve sekt\u00f6re yarat\u0131c\u0131 bak\u0131\u015f a\u00e7\u0131lar\u0131 kazand\u0131rmak amac\u0131yla 2004 y\u0131l\u0131nda ba\u015flat\u0131lan Akbank K\u0131sa Film Festivali, bu y\u0131l 21. kez sinemaseverlerle bulu\u015fuyor.\u00a0 \u200bHaberin Al\u0131nt\u0131land\u0131\u011f\u0131 Kaynak: www.iskenderun.org","og_url":"http:\/\/denizcankizil.tr\/uk\/haberler\/gundem\/21-akbank-kisa-film-festivali-icin-geri-sayim-basladi\/","og_site_name":"Av. Deniz Can K\u0131z\u0131l","article_published_time":"2025-01-14T10:42:39+00:00","author":"admin","twitter_card":"summary_large_image","twitter_misc":{"\u041d\u0430\u043f\u0438\u0441\u0430\u043d\u043e":"admin"},"schema":{"@context":"https:\/\/schema.org","@graph":[{"@type":"Article","@id":"http:\/\/denizcankizil.tr\/en\/haberler\/gundem\/21-akbank-kisa-film-festivali-icin-geri-sayim-basladi\/#article","isPartOf":{"@id":"http:\/\/denizcankizil.tr\/en\/haberler\/gundem\/21-akbank-kisa-film-festivali-icin-geri-sayim-basladi\/"},"author":{"name":"admin","@id":"https:\/\/denizcankizil.tr\/de\/#\/schema\/person\/be3c05fe6a12686905512445d8185489"},"headline":"21. Akbank K\u0131sa Film Festivali \u0130\u00e7in Geri Say\u0131m Ba\u015flad\u0131","datePublished":"2025-01-14T10:42:39+00:00","mainEntityOfPage":{"@id":"http:\/\/denizcankizil.tr\/en\/haberler\/gundem\/21-akbank-kisa-film-festivali-icin-geri-sayim-basladi\/"},"wordCount":101,"commentCount":0,"publisher":{"@id":"https:\/\/denizcankizil.tr\/de\/#organization"},"articleSection":["G\u00fcndem"],"inLanguage":"uk","potentialAction":[{"@type":"CommentAction","name":"Comment","target":["http:\/\/denizcankizil.tr\/en\/haberler\/gundem\/21-akbank-kisa-film-festivali-icin-geri-sayim-basladi\/#respond"]}]},{"@type":"WebPage","@id":"http:\/\/denizcankizil.tr\/en\/haberler\/gundem\/21-akbank-kisa-film-festivali-icin-geri-sayim-basladi\/","url":"http:\/\/denizcankizil.tr\/en\/haberler\/gundem\/21-akbank-kisa-film-festivali-icin-geri-sayim-basladi\/","name":"21. Akbank K\u0131sa Film Festivali \u0130\u00e7in Geri Say\u0131m Ba\u015flad\u0131 - Av. Deniz Can K\u0131z\u0131l","isPartOf":{"@id":"https:\/\/denizcankizil.tr\/de\/#website"},"datePublished":"2025-01-14T10:42:39+00:00","breadcrumb":{"@id":"http:\/\/denizcankizil.tr\/en\/haberler\/gundem\/21-akbank-kisa-film-festivali-icin-geri-sayim-basladi\/#breadcrumb"},"inLanguage":"uk","potentialAction":[{"@type":"ReadAction","target":["http:\/\/denizcankizil.tr\/en\/haberler\/gundem\/21-akbank-kisa-film-festivali-icin-geri-sayim-basladi\/"]}]},{"@type":"BreadcrumbList","@id":"http:\/\/denizcankizil.tr\/en\/haberler\/gundem\/21-akbank-kisa-film-festivali-icin-geri-sayim-basladi\/#breadcrumb","itemListElement":[{"@type":"ListItem","position":1,"name":"Home","item":"https:\/\/denizcankizil.tr\/de\/"},{"@type":"ListItem","position":2,"name":"21. Akbank K\u0131sa Film Festivali \u0130\u00e7in Geri Say\u0131m Ba\u015flad\u0131"}]},{"@type":"WebSite","@id":"https:\/\/denizcankizil.tr\/de\/#website","url":"https:\/\/denizcankizil.tr\/de\/","name":"Av. Deniz Can K\u0131z\u0131l","description":"Avukat Deniz Can K\u0131z\u0131l Antalya Barosu","publisher":{"@id":"https:\/\/denizcankizil.tr\/de\/#organization"},"potentialAction":[{"@type":"SearchAction","target":{"@type":"EntryPoint","urlTemplate":"https:\/\/denizcankizil.tr\/de\/?s={search_term_string}"},"query-input":{"@type":"PropertyValueSpecification","valueRequired":true,"valueName":"search_term_string"}}],"inLanguage":"uk"},{"@type":"Organization","@id":"https:\/\/denizcankizil.tr\/de\/#organization","name":"Av. Deniz Can K\u0131z\u0131l","url":"https:\/\/denizcankizil.tr\/de\/","logo":{"@type":"ImageObject","inLanguage":"uk","@id":"https:\/\/denizcankizil.tr\/de\/#\/schema\/logo\/image\/","url":"https:\/\/denizcankizil.tr\/wp-content\/uploads\/2024\/10\/siyah-logo-svg.svg","contentUrl":"https:\/\/denizcankizil.tr\/wp-content\/uploads\/2024\/10\/siyah-logo-svg.svg","width":1080,"height":1080,"caption":"Av. Deniz Can K\u0131z\u0131l"},"image":{"@id":"https:\/\/denizcankizil.tr\/de\/#\/schema\/logo\/image\/"}},{"@type":"Person","@id":"https:\/\/denizcankizil.tr\/de\/#\/schema\/person\/be3c05fe6a12686905512445d8185489","name":"\u0430\u0434\u043c\u0456\u043d","image":{"@type":"ImageObject","inLanguage":"uk","@id":"https:\/\/denizcankizil.tr\/de\/#\/schema\/person\/image\/","url":"https:\/\/secure.gravatar.com\/avatar\/c1fce94c830dc79107e174f890d7210541c4a63e8e5d816341794a2151c9d58c?s=96&d=mm&r=g","contentUrl":"https:\/\/secure.gravatar.com\/avatar\/c1fce94c830dc79107e174f890d7210541c4a63e8e5d816341794a2151c9d58c?s=96&d=mm&r=g","caption":"admin"},"sameAs":["http:\/\/denizcankizil.tr"],"url":"https:\/\/www.iskenderun.org\/21-akbank-kisa-film-festivali-icin-geri-sayim-basladi"}]}},"_links":{"self":[{"href":"https:\/\/denizcankizil.tr\/uk\/wp-json\/wp\/v2\/posts\/25241","targetHints":{"allow":["GET"]}}],"collection":[{"href":"https:\/\/denizcankizil.tr\/uk\/wp-json\/wp\/v2\/posts"}],"about":[{"href":"https:\/\/denizcankizil.tr\/uk\/wp-json\/wp\/v2\/types\/post"}],"author":[{"embeddable":true,"href":"https:\/\/denizcankizil.tr\/uk\/wp-json\/wp\/v2\/users\/1"}],"replies":[{"embeddable":true,"href":"https:\/\/denizcankizil.tr\/uk\/wp-json\/wp\/v2\/comments?post=25241"}],"version-history":[{"count":0,"href":"https:\/\/denizcankizil.tr\/uk\/wp-json\/wp\/v2\/posts\/25241\/revisions"}],"wp:attachment":[{"href":"https:\/\/denizcankizil.tr\/uk\/wp-json\/wp\/v2\/media?parent=25241"}],"wp:term":[{"taxonomy":"category","embeddable":true,"href":"https:\/\/denizcankizil.tr\/uk\/wp-json\/wp\/v2\/categories?post=25241"},{"taxonomy":"post_tag","embeddable":true,"href":"https:\/\/denizcankizil.tr\/uk\/wp-json\/wp\/v2\/tags?post=25241"}],"curies":[{"name":"wp","href":"https:\/\/api.w.org\/{rel}","templated":true}]}}