{"id":25213,"date":"2025-01-14T11:41:15","date_gmt":"2025-01-14T08:41:15","guid":{"rendered":"https:\/\/denizcankizil.tr\/uncategorized-tr\/aksu-ucak-bakim-lisesi-turkiyenin-en-prestijli-8-okulundan-biri\/"},"modified":"2025-01-14T11:41:15","modified_gmt":"2025-01-14T08:41:15","slug":"aksu-ucak-bakim-lisesi-turkiyenin-en-prestijli-8-okulundan-biri","status":"publish","type":"post","link":"https:\/\/denizcankizil.tr\/uk\/haberler\/gundem\/aksu-ucak-bakim-lisesi-turkiyenin-en-prestijli-8-okulundan-biri\/","title":{"rendered":"Aksu U\u00e7ak Bak\u0131m Lisesi, T\u00fcrkiye\u2019nin en prestijli 8 okulundan biri"},"content":{"rendered":"<p>Aksu U\u00e7ak Bak\u0131m Teknolojisi Mesleki ve Teknik Anadolu Lisesi, T\u00fcrkiye&#8217;nin en se\u00e7kin mesleki ve teknik Anadolu liseleri (MTAL) aras\u0131na girmeyi ba\u015fard\u0131.<\/p>\n<p>HAVACILIKTA E\u011e\u0130T\u0130M EL\u00c7\u0130S\u0130 OLDUK<\/p>\n<p>Hem e\u011fitim kalitesi hem de sekt\u00f6rdeki ba\u015far\u0131lar\u0131yla dikkat \u00e7eken okul, Avrupa&#8217;da tek ba\u015f\u0131na staj e\u011fitimi projelerini y\u00fcr\u00fctecek okul \u00fcnvan\u0131n\u0131 kazanarak, uluslararas\u0131 alanda da \u00f6nemli bir yer edindi. Okul M\u00fcd\u00fcr\u00fc Haldun \u00c7evik, okulun havac\u0131l\u0131kta e\u011fitim el\u00e7isi g\u00f6revini \u00fcstlendi\u011fini, 148 okul aras\u0131ndan 8 okuldan biri olduklar\u0131n\u0131 belirtti.<\/p>\n<p>148 OKUL ARASINDAN SE\u00c7\u0130LEN 8 OKULDAN B\u0130R\u0130S\u0130<\/p>\n<p>T\u00fcrkiye&#8217;nin \u00f6nde gelen havac\u0131l\u0131k teknik okullar\u0131ndan birisi olduklar\u0131n\u0131 belirten \u00c7evik, &#8220;9. y\u0131l\u0131m\u0131zda, havac\u0131l\u0131k e\u011fitimi veren bir kurum olarak geldi\u011fimiz nokta ger\u00e7ekten \u00e7ok \u00f6nemli. \u015eu an, \u00fclkemizin ve Avrupa&#8217;n\u0131n en \u00f6nde gelen havac\u0131l\u0131k teknik okullar\u0131ndan biriyiz. T\u00fcrkiye Ulusal Ajans\u0131, 148 okul aras\u0131nda bizi se\u00e7ti ve sadece 8 okuldan biri olduk\u201d dedi. \u00c7evik, \u201cArt\u0131k projelerimizi kendimiz yapaca\u011f\u0131z ve \u00f6\u011frencilerimiz 5 y\u0131l boyunca Avrupa&#8217;da hi\u00e7bir \u00fccret \u00f6demeden staj yapma imk\u00e2n\u0131 bulacaklar. Bunun yan\u0131 s\u0131ra \u00f6\u011fretmen e\u011fitimi, \u00f6\u011frenci e\u011fitimi ve havac\u0131l\u0131k okullar\u0131yla projeler geli\u015ftirece\u011fiz. Okulumuz, art\u0131k T\u00fcrkiye&#8217;nin \u2018Havac\u0131l\u0131kta E\u011fitim El\u00e7isi&#8217; konumunda. Bu ba\u015far\u0131da eme\u011fi ge\u00e7en, gece g\u00fcnd\u00fcz demeden \u00e7al\u0131\u015fan \u00f6\u011fretmen arkada\u015flar\u0131m\u0131 can\u0131 g\u00f6n\u00fclden tebrik ediyorum&#8221; ifadelerini kulland\u0131.<\/p>\n<p>\u200bAntalya&#8217;da Aksu U\u00e7ak Bak\u0131m Lisesi, T\u00fcrkiye&#8217;nin en prestijli mesleki ve teknik Anadolu liseleri aras\u0131na girdi. Okul M\u00fcd\u00fcr\u00fc Haldun \u00c7evik, 148 okul aras\u0131ndan ilk 8\u2019de yer ald\u0131k\u201d dedi\u00a0<\/p>\n<p>\u200bHaberin Al\u0131nt\u0131land\u0131\u011f\u0131 Kaynak: www.antalyakorfez.com<\/p>","protected":false},"excerpt":{"rendered":"<p>Aksu U\u00e7ak Bak\u0131m Teknolojisi Mesleki ve Teknik Anadolu Lisesi, T\u00fcrkiye&#8217;nin en se\u00e7kin mesleki ve teknik Anadolu liseleri (MTAL) aras\u0131na girmeyi ba\u015fard\u0131. HAVACILIKTA E\u011e\u0130T\u0130M EL\u00c7\u0130S\u0130 OLDUK Hem e\u011fitim kalitesi hem de sekt\u00f6rdeki ba\u015far\u0131lar\u0131yla dikkat \u00e7eken okul, Avrupa&#8217;da tek ba\u015f\u0131na staj e\u011fitimi projelerini y\u00fcr\u00fctecek okul \u00fcnvan\u0131n\u0131 kazanarak, uluslararas\u0131 alanda da \u00f6nemli bir yer edindi. Okul M\u00fcd\u00fcr\u00fc Haldun \u00c7evik, okulun havac\u0131l\u0131kta e\u011fitim el\u00e7isi g\u00f6revini \u00fcstlendi\u011fini, 148 okul aras\u0131ndan 8 okuldan biri olduklar\u0131n\u0131 belirtti. 148 OKUL ARASINDAN SE\u00c7\u0130LEN 8 OKULDAN B\u0130R\u0130S\u0130 T\u00fcrkiye&#8217;nin \u00f6nde gelen havac\u0131l\u0131k teknik okullar\u0131ndan birisi olduklar\u0131n\u0131 belirten \u00c7evik, &#8220;9. y\u0131l\u0131m\u0131zda, havac\u0131l\u0131k e\u011fitimi veren bir kurum olarak geldi\u011fimiz nokta ger\u00e7ekten \u00e7ok \u00f6nemli. \u015eu an, \u00fclkemizin ve Avrupa&#8217;n\u0131n en \u00f6nde gelen havac\u0131l\u0131k teknik okullar\u0131ndan biriyiz. T\u00fcrkiye Ulusal Ajans\u0131, 148 okul aras\u0131nda bizi se\u00e7ti ve sadece 8 okuldan biri olduk\u201d dedi. \u00c7evik, \u201cArt\u0131k projelerimizi kendimiz yapaca\u011f\u0131z ve \u00f6\u011frencilerimiz 5 y\u0131l boyunca Avrupa&#8217;da hi\u00e7bir \u00fccret \u00f6demeden staj yapma imk\u00e2n\u0131 bulacaklar. Bunun yan\u0131 s\u0131ra \u00f6\u011fretmen e\u011fitimi, \u00f6\u011frenci e\u011fitimi ve havac\u0131l\u0131k okullar\u0131yla projeler geli\u015ftirece\u011fiz. Okulumuz, art\u0131k T\u00fcrkiye&#8217;nin \u2018Havac\u0131l\u0131kta E\u011fitim El\u00e7isi&#8217; konumunda. Bu ba\u015far\u0131da eme\u011fi ge\u00e7en, gece g\u00fcnd\u00fcz demeden \u00e7al\u0131\u015fan \u00f6\u011fretmen arkada\u015flar\u0131m\u0131 can\u0131 g\u00f6n\u00fclden tebrik ediyorum&#8221; ifadelerini kulland\u0131. \u200bAntalya&#8217;da Aksu U\u00e7ak Bak\u0131m Lisesi, T\u00fcrkiye&#8217;nin en prestijli mesleki ve teknik Anadolu liseleri aras\u0131na girdi. Okul M\u00fcd\u00fcr\u00fc Haldun \u00c7evik, 148 &hellip;<\/p>","protected":false},"author":5,"featured_media":0,"comment_status":"open","ping_status":"open","sticky":false,"template":"","format":"standard","meta":{"_acf_changed":false,"footnotes":""},"categories":[24],"tags":[],"class_list":["post-25213","post","type-post","status-publish","format-standard","has-post-thumbnail","hentry","category-gundem"],"acf":[],"yoast_head":"<!-- This site is optimized with the Yoast SEO Premium plugin v26.6 (Yoast SEO v27.1.1) - https:\/\/yoast.com\/product\/yoast-seo-premium-wordpress\/ -->\n<title>Aksu U\u00e7ak Bak\u0131m Lisesi, T\u00fcrkiye\u2019nin en prestijli 8 okulundan biri - Av. Deniz Can K\u0131z\u0131l<\/title>\n<meta name=\"robots\" content=\"index, follow, max-snippet:-1, max-image-preview:large, max-video-preview:-1\" \/>\n<link rel=\"canonical\" href=\"https:\/\/denizcankizil.tr\/uk\/haberler\/gundem\/aksu-ucak-bakim-lisesi-turkiyenin-en-prestijli-8-okulundan-biri\/\" \/>\n<meta property=\"og:locale\" content=\"uk_UA\" \/>\n<meta property=\"og:type\" content=\"article\" \/>\n<meta property=\"og:title\" content=\"Aksu U\u00e7ak Bak\u0131m Lisesi, T\u00fcrkiye\u2019nin en prestijli 8 okulundan biri\" \/>\n<meta property=\"og:description\" content=\"Aksu U\u00e7ak Bak\u0131m Teknolojisi Mesleki ve Teknik Anadolu Lisesi, T\u00fcrkiye&#8217;nin en se\u00e7kin mesleki ve teknik Anadolu liseleri (MTAL) aras\u0131na girmeyi ba\u015fard\u0131. HAVACILIKTA E\u011e\u0130T\u0130M EL\u00c7\u0130S\u0130 OLDUK Hem e\u011fitim kalitesi hem de sekt\u00f6rdeki ba\u015far\u0131lar\u0131yla dikkat \u00e7eken okul, Avrupa&#8217;da tek ba\u015f\u0131na staj e\u011fitimi projelerini y\u00fcr\u00fctecek okul \u00fcnvan\u0131n\u0131 kazanarak, uluslararas\u0131 alanda da \u00f6nemli bir yer edindi. Okul M\u00fcd\u00fcr\u00fc Haldun \u00c7evik, okulun havac\u0131l\u0131kta e\u011fitim el\u00e7isi g\u00f6revini \u00fcstlendi\u011fini, 148 okul aras\u0131ndan 8 okuldan biri olduklar\u0131n\u0131 belirtti. 148 OKUL ARASINDAN SE\u00c7\u0130LEN 8 OKULDAN B\u0130R\u0130S\u0130 T\u00fcrkiye&#8217;nin \u00f6nde gelen havac\u0131l\u0131k teknik okullar\u0131ndan birisi olduklar\u0131n\u0131 belirten \u00c7evik, &#8220;9. y\u0131l\u0131m\u0131zda, havac\u0131l\u0131k e\u011fitimi veren bir kurum olarak geldi\u011fimiz nokta ger\u00e7ekten \u00e7ok \u00f6nemli. \u015eu an, \u00fclkemizin ve Avrupa&#8217;n\u0131n en \u00f6nde gelen havac\u0131l\u0131k teknik okullar\u0131ndan biriyiz. T\u00fcrkiye Ulusal Ajans\u0131, 148 okul aras\u0131nda bizi se\u00e7ti ve sadece 8 okuldan biri olduk\u201d dedi. \u00c7evik, \u201cArt\u0131k projelerimizi kendimiz yapaca\u011f\u0131z ve \u00f6\u011frencilerimiz 5 y\u0131l boyunca Avrupa&#8217;da hi\u00e7bir \u00fccret \u00f6demeden staj yapma imk\u00e2n\u0131 bulacaklar. Bunun yan\u0131 s\u0131ra \u00f6\u011fretmen e\u011fitimi, \u00f6\u011frenci e\u011fitimi ve havac\u0131l\u0131k okullar\u0131yla projeler geli\u015ftirece\u011fiz. Okulumuz, art\u0131k T\u00fcrkiye&#8217;nin \u2018Havac\u0131l\u0131kta E\u011fitim El\u00e7isi&#8217; konumunda. Bu ba\u015far\u0131da eme\u011fi ge\u00e7en, gece g\u00fcnd\u00fcz demeden \u00e7al\u0131\u015fan \u00f6\u011fretmen arkada\u015flar\u0131m\u0131 can\u0131 g\u00f6n\u00fclden tebrik ediyorum&#8221; ifadelerini kulland\u0131. \u200bAntalya&#8217;da Aksu U\u00e7ak Bak\u0131m Lisesi, T\u00fcrkiye&#8217;nin en prestijli mesleki ve teknik Anadolu liseleri aras\u0131na girdi. Okul M\u00fcd\u00fcr\u00fc Haldun \u00c7evik, 148 &hellip;\" \/>\n<meta property=\"og:url\" content=\"https:\/\/denizcankizil.tr\/uk\/haberler\/gundem\/aksu-ucak-bakim-lisesi-turkiyenin-en-prestijli-8-okulundan-biri\/\" \/>\n<meta property=\"og:site_name\" content=\"Av. Deniz Can K\u0131z\u0131l\" \/>\n<meta property=\"article:published_time\" content=\"2025-01-14T08:41:15+00:00\" \/>\n<meta name=\"author\" content=\"Antalya K\u00f6rfez\" \/>\n<meta name=\"twitter:card\" content=\"summary_large_image\" \/>\n<meta name=\"twitter:label1\" content=\"\u041d\u0430\u043f\u0438\u0441\u0430\u043d\u043e\" \/>\n\t<meta name=\"twitter:data1\" content=\"Antalya K\u00f6rfez\" \/>\n\t<meta name=\"twitter:label2\" content=\"\u041f\u0440\u0438\u0431\u043b. \u0447\u0430\u0441 \u0447\u0438\u0442\u0430\u043d\u043d\u044f\" \/>\n\t<meta name=\"twitter:data2\" content=\"1 \u0445\u0432\u0438\u043b\u0438\u043d\u0430\" \/>\n<script type=\"application\/ld+json\" class=\"yoast-schema-graph\">{\"@context\":\"https:\/\/schema.org\",\"@graph\":[{\"@type\":\"Article\",\"@id\":\"https:\/\/denizcankizil.tr\/uk\/haberler\/gundem\/aksu-ucak-bakim-lisesi-turkiyenin-en-prestijli-8-okulundan-biri\/#article\",\"isPartOf\":{\"@id\":\"https:\/\/denizcankizil.tr\/uk\/haberler\/gundem\/aksu-ucak-bakim-lisesi-turkiyenin-en-prestijli-8-okulundan-biri\/\"},\"author\":{\"name\":\"Antalya K\u00f6rfez\",\"@id\":\"https:\/\/denizcankizil.tr\/#\/schema\/person\/e1eb71bb4dd684d46563f0af307e1234\"},\"headline\":\"Aksu U\u00e7ak Bak\u0131m Lisesi, T\u00fcrkiye\u2019nin en prestijli 8 okulundan biri\",\"datePublished\":\"2025-01-14T08:41:15+00:00\",\"mainEntityOfPage\":{\"@id\":\"https:\/\/denizcankizil.tr\/uk\/haberler\/gundem\/aksu-ucak-bakim-lisesi-turkiyenin-en-prestijli-8-okulundan-biri\/\"},\"wordCount\":317,\"commentCount\":0,\"publisher\":{\"@id\":\"https:\/\/denizcankizil.tr\/#organization\"},\"articleSection\":[\"G\u00fcndem\"],\"inLanguage\":\"uk\",\"potentialAction\":[{\"@type\":\"CommentAction\",\"name\":\"Comment\",\"target\":[\"https:\/\/denizcankizil.tr\/uk\/haberler\/gundem\/aksu-ucak-bakim-lisesi-turkiyenin-en-prestijli-8-okulundan-biri\/#respond\"]}]},{\"@type\":\"WebPage\",\"@id\":\"https:\/\/denizcankizil.tr\/uk\/haberler\/gundem\/aksu-ucak-bakim-lisesi-turkiyenin-en-prestijli-8-okulundan-biri\/\",\"url\":\"https:\/\/denizcankizil.tr\/uk\/haberler\/gundem\/aksu-ucak-bakim-lisesi-turkiyenin-en-prestijli-8-okulundan-biri\/\",\"name\":\"Aksu U\u00e7ak Bak\u0131m Lisesi, T\u00fcrkiye\u2019nin en prestijli 8 okulundan biri - Av. Deniz Can K\u0131z\u0131l\",\"isPartOf\":{\"@id\":\"https:\/\/denizcankizil.tr\/#website\"},\"datePublished\":\"2025-01-14T08:41:15+00:00\",\"breadcrumb\":{\"@id\":\"https:\/\/denizcankizil.tr\/uk\/haberler\/gundem\/aksu-ucak-bakim-lisesi-turkiyenin-en-prestijli-8-okulundan-biri\/#breadcrumb\"},\"inLanguage\":\"uk\",\"potentialAction\":[{\"@type\":\"ReadAction\",\"target\":[\"https:\/\/denizcankizil.tr\/uk\/haberler\/gundem\/aksu-ucak-bakim-lisesi-turkiyenin-en-prestijli-8-okulundan-biri\/\"]}]},{\"@type\":\"BreadcrumbList\",\"@id\":\"https:\/\/denizcankizil.tr\/uk\/haberler\/gundem\/aksu-ucak-bakim-lisesi-turkiyenin-en-prestijli-8-okulundan-biri\/#breadcrumb\",\"itemListElement\":[{\"@type\":\"ListItem\",\"position\":1,\"name\":\"Home\",\"item\":\"https:\/\/denizcankizil.tr\/uk\/\"},{\"@type\":\"ListItem\",\"position\":2,\"name\":\"Aksu U\u00e7ak Bak\u0131m Lisesi, T\u00fcrkiye\u2019nin en prestijli 8 okulundan biri\"}]},{\"@type\":\"WebSite\",\"@id\":\"https:\/\/denizcankizil.tr\/#website\",\"url\":\"https:\/\/denizcankizil.tr\/\",\"name\":\"Av. Deniz Can K\u0131z\u0131l\",\"description\":\"Avukat Deniz Can K\u0131z\u0131l Antalya Barosu\",\"publisher\":{\"@id\":\"https:\/\/denizcankizil.tr\/#organization\"},\"potentialAction\":[{\"@type\":\"SearchAction\",\"target\":{\"@type\":\"EntryPoint\",\"urlTemplate\":\"https:\/\/denizcankizil.tr\/?s={search_term_string}\"},\"query-input\":{\"@type\":\"PropertyValueSpecification\",\"valueRequired\":true,\"valueName\":\"search_term_string\"}}],\"inLanguage\":\"uk\"},{\"@type\":\"Organization\",\"@id\":\"https:\/\/denizcankizil.tr\/#organization\",\"name\":\"Av. Deniz Can K\u0131z\u0131l\",\"url\":\"https:\/\/denizcankizil.tr\/\",\"logo\":{\"@type\":\"ImageObject\",\"inLanguage\":\"uk\",\"@id\":\"https:\/\/denizcankizil.tr\/#\/schema\/logo\/image\/\",\"url\":\"https:\/\/denizcankizil.tr\/wp-content\/uploads\/2024\/10\/siyah-logo-svg.svg\",\"contentUrl\":\"https:\/\/denizcankizil.tr\/wp-content\/uploads\/2024\/10\/siyah-logo-svg.svg\",\"width\":1080,\"height\":1080,\"caption\":\"Av. Deniz Can K\u0131z\u0131l\"},\"image\":{\"@id\":\"https:\/\/denizcankizil.tr\/#\/schema\/logo\/image\/\"}},{\"@type\":\"Person\",\"@id\":\"https:\/\/denizcankizil.tr\/#\/schema\/person\/e1eb71bb4dd684d46563f0af307e1234\",\"name\":\"Antalya K\u00f6rfez\",\"image\":{\"@type\":\"ImageObject\",\"inLanguage\":\"uk\",\"@id\":\"https:\/\/denizcankizil.tr\/#\/schema\/person\/image\/\",\"url\":\"https:\/\/secure.gravatar.com\/avatar\/42b01982558a48a0b501fdcab6a408d3717ea5919095ee2e67b0e521799c5905?s=96&d=mm&r=g\",\"contentUrl\":\"https:\/\/secure.gravatar.com\/avatar\/42b01982558a48a0b501fdcab6a408d3717ea5919095ee2e67b0e521799c5905?s=96&d=mm&r=g\",\"caption\":\"Antalya K\u00f6rfez\"},\"sameAs\":[\"http:\/\/www.antalyakorfez.com\"],\"url\":\"https:\/\/www.antalyakorfez.com\/aksu-ucak-bakim-lisesi-turkiyenin-en-prestijli-8-okulundan-biri\"}]}<\/script>\n<!-- \/ Yoast SEO Premium plugin. -->","yoast_head_json":{"title":"Aksu U\u00e7ak Bak\u0131m Lisesi, T\u00fcrkiye\u2019nin en prestijli 8 okulundan biri - Av. Deniz Can K\u0131z\u0131l","robots":{"index":"index","follow":"follow","max-snippet":"max-snippet:-1","max-image-preview":"max-image-preview:large","max-video-preview":"max-video-preview:-1"},"canonical":"https:\/\/denizcankizil.tr\/uk\/haberler\/gundem\/aksu-ucak-bakim-lisesi-turkiyenin-en-prestijli-8-okulundan-biri\/","og_locale":"uk_UA","og_type":"article","og_title":"Aksu U\u00e7ak Bak\u0131m Lisesi, T\u00fcrkiye\u2019nin en prestijli 8 okulundan biri","og_description":"Aksu U\u00e7ak Bak\u0131m Teknolojisi Mesleki ve Teknik Anadolu Lisesi, T\u00fcrkiye&#8217;nin en se\u00e7kin mesleki ve teknik Anadolu liseleri (MTAL) aras\u0131na girmeyi ba\u015fard\u0131. HAVACILIKTA E\u011e\u0130T\u0130M EL\u00c7\u0130S\u0130 OLDUK Hem e\u011fitim kalitesi hem de sekt\u00f6rdeki ba\u015far\u0131lar\u0131yla dikkat \u00e7eken okul, Avrupa&#8217;da tek ba\u015f\u0131na staj e\u011fitimi projelerini y\u00fcr\u00fctecek okul \u00fcnvan\u0131n\u0131 kazanarak, uluslararas\u0131 alanda da \u00f6nemli bir yer edindi. Okul M\u00fcd\u00fcr\u00fc Haldun \u00c7evik, okulun havac\u0131l\u0131kta e\u011fitim el\u00e7isi g\u00f6revini \u00fcstlendi\u011fini, 148 okul aras\u0131ndan 8 okuldan biri olduklar\u0131n\u0131 belirtti. 148 OKUL ARASINDAN SE\u00c7\u0130LEN 8 OKULDAN B\u0130R\u0130S\u0130 T\u00fcrkiye&#8217;nin \u00f6nde gelen havac\u0131l\u0131k teknik okullar\u0131ndan birisi olduklar\u0131n\u0131 belirten \u00c7evik, &#8220;9. y\u0131l\u0131m\u0131zda, havac\u0131l\u0131k e\u011fitimi veren bir kurum olarak geldi\u011fimiz nokta ger\u00e7ekten \u00e7ok \u00f6nemli. \u015eu an, \u00fclkemizin ve Avrupa&#8217;n\u0131n en \u00f6nde gelen havac\u0131l\u0131k teknik okullar\u0131ndan biriyiz. T\u00fcrkiye Ulusal Ajans\u0131, 148 okul aras\u0131nda bizi se\u00e7ti ve sadece 8 okuldan biri olduk\u201d dedi. \u00c7evik, \u201cArt\u0131k projelerimizi kendimiz yapaca\u011f\u0131z ve \u00f6\u011frencilerimiz 5 y\u0131l boyunca Avrupa&#8217;da hi\u00e7bir \u00fccret \u00f6demeden staj yapma imk\u00e2n\u0131 bulacaklar. Bunun yan\u0131 s\u0131ra \u00f6\u011fretmen e\u011fitimi, \u00f6\u011frenci e\u011fitimi ve havac\u0131l\u0131k okullar\u0131yla projeler geli\u015ftirece\u011fiz. Okulumuz, art\u0131k T\u00fcrkiye&#8217;nin \u2018Havac\u0131l\u0131kta E\u011fitim El\u00e7isi&#8217; konumunda. Bu ba\u015far\u0131da eme\u011fi ge\u00e7en, gece g\u00fcnd\u00fcz demeden \u00e7al\u0131\u015fan \u00f6\u011fretmen arkada\u015flar\u0131m\u0131 can\u0131 g\u00f6n\u00fclden tebrik ediyorum&#8221; ifadelerini kulland\u0131. \u200bAntalya&#8217;da Aksu U\u00e7ak Bak\u0131m Lisesi, T\u00fcrkiye&#8217;nin en prestijli mesleki ve teknik Anadolu liseleri aras\u0131na girdi. Okul M\u00fcd\u00fcr\u00fc Haldun \u00c7evik, 148 &hellip;","og_url":"https:\/\/denizcankizil.tr\/uk\/haberler\/gundem\/aksu-ucak-bakim-lisesi-turkiyenin-en-prestijli-8-okulundan-biri\/","og_site_name":"Av. Deniz Can K\u0131z\u0131l","article_published_time":"2025-01-14T08:41:15+00:00","author":"Antalya K\u00f6rfez","twitter_card":"summary_large_image","twitter_misc":{"\u041d\u0430\u043f\u0438\u0441\u0430\u043d\u043e":"Antalya K\u00f6rfez","\u041f\u0440\u0438\u0431\u043b. \u0447\u0430\u0441 \u0447\u0438\u0442\u0430\u043d\u043d\u044f":"1 \u0445\u0432\u0438\u043b\u0438\u043d\u0430"},"schema":{"@context":"https:\/\/schema.org","@graph":[{"@type":"Article","@id":"https:\/\/denizcankizil.tr\/uk\/haberler\/gundem\/aksu-ucak-bakim-lisesi-turkiyenin-en-prestijli-8-okulundan-biri\/#article","isPartOf":{"@id":"https:\/\/denizcankizil.tr\/uk\/haberler\/gundem\/aksu-ucak-bakim-lisesi-turkiyenin-en-prestijli-8-okulundan-biri\/"},"author":{"name":"Antalya K\u00f6rfez","@id":"https:\/\/denizcankizil.tr\/#\/schema\/person\/e1eb71bb4dd684d46563f0af307e1234"},"headline":"Aksu U\u00e7ak Bak\u0131m Lisesi, T\u00fcrkiye\u2019nin en prestijli 8 okulundan biri","datePublished":"2025-01-14T08:41:15+00:00","mainEntityOfPage":{"@id":"https:\/\/denizcankizil.tr\/uk\/haberler\/gundem\/aksu-ucak-bakim-lisesi-turkiyenin-en-prestijli-8-okulundan-biri\/"},"wordCount":317,"commentCount":0,"publisher":{"@id":"https:\/\/denizcankizil.tr\/#organization"},"articleSection":["G\u00fcndem"],"inLanguage":"uk","potentialAction":[{"@type":"CommentAction","name":"Comment","target":["https:\/\/denizcankizil.tr\/uk\/haberler\/gundem\/aksu-ucak-bakim-lisesi-turkiyenin-en-prestijli-8-okulundan-biri\/#respond"]}]},{"@type":"WebPage","@id":"https:\/\/denizcankizil.tr\/uk\/haberler\/gundem\/aksu-ucak-bakim-lisesi-turkiyenin-en-prestijli-8-okulundan-biri\/","url":"https:\/\/denizcankizil.tr\/uk\/haberler\/gundem\/aksu-ucak-bakim-lisesi-turkiyenin-en-prestijli-8-okulundan-biri\/","name":"Aksu U\u00e7ak Bak\u0131m Lisesi, T\u00fcrkiye\u2019nin en prestijli 8 okulundan biri - Av. Deniz Can K\u0131z\u0131l","isPartOf":{"@id":"https:\/\/denizcankizil.tr\/#website"},"datePublished":"2025-01-14T08:41:15+00:00","breadcrumb":{"@id":"https:\/\/denizcankizil.tr\/uk\/haberler\/gundem\/aksu-ucak-bakim-lisesi-turkiyenin-en-prestijli-8-okulundan-biri\/#breadcrumb"},"inLanguage":"uk","potentialAction":[{"@type":"ReadAction","target":["https:\/\/denizcankizil.tr\/uk\/haberler\/gundem\/aksu-ucak-bakim-lisesi-turkiyenin-en-prestijli-8-okulundan-biri\/"]}]},{"@type":"BreadcrumbList","@id":"https:\/\/denizcankizil.tr\/uk\/haberler\/gundem\/aksu-ucak-bakim-lisesi-turkiyenin-en-prestijli-8-okulundan-biri\/#breadcrumb","itemListElement":[{"@type":"ListItem","position":1,"name":"Home","item":"https:\/\/denizcankizil.tr\/uk\/"},{"@type":"ListItem","position":2,"name":"Aksu U\u00e7ak Bak\u0131m Lisesi, T\u00fcrkiye\u2019nin en prestijli 8 okulundan biri"}]},{"@type":"WebSite","@id":"https:\/\/denizcankizil.tr\/#website","url":"https:\/\/denizcankizil.tr\/","name":"Av. Deniz Can K\u0131z\u0131l","description":"Avukat Deniz Can K\u0131z\u0131l Antalya Barosu","publisher":{"@id":"https:\/\/denizcankizil.tr\/#organization"},"potentialAction":[{"@type":"SearchAction","target":{"@type":"EntryPoint","urlTemplate":"https:\/\/denizcankizil.tr\/?s={search_term_string}"},"query-input":{"@type":"PropertyValueSpecification","valueRequired":true,"valueName":"search_term_string"}}],"inLanguage":"uk"},{"@type":"Organization","@id":"https:\/\/denizcankizil.tr\/#organization","name":"Av. Deniz Can K\u0131z\u0131l","url":"https:\/\/denizcankizil.tr\/","logo":{"@type":"ImageObject","inLanguage":"uk","@id":"https:\/\/denizcankizil.tr\/#\/schema\/logo\/image\/","url":"https:\/\/denizcankizil.tr\/wp-content\/uploads\/2024\/10\/siyah-logo-svg.svg","contentUrl":"https:\/\/denizcankizil.tr\/wp-content\/uploads\/2024\/10\/siyah-logo-svg.svg","width":1080,"height":1080,"caption":"Av. Deniz Can K\u0131z\u0131l"},"image":{"@id":"https:\/\/denizcankizil.tr\/#\/schema\/logo\/image\/"}},{"@type":"Person","@id":"https:\/\/denizcankizil.tr\/#\/schema\/person\/e1eb71bb4dd684d46563f0af307e1234","name":"Antalya K\u00f6rfez","image":{"@type":"ImageObject","inLanguage":"uk","@id":"https:\/\/denizcankizil.tr\/#\/schema\/person\/image\/","url":"https:\/\/secure.gravatar.com\/avatar\/42b01982558a48a0b501fdcab6a408d3717ea5919095ee2e67b0e521799c5905?s=96&d=mm&r=g","contentUrl":"https:\/\/secure.gravatar.com\/avatar\/42b01982558a48a0b501fdcab6a408d3717ea5919095ee2e67b0e521799c5905?s=96&d=mm&r=g","caption":"Antalya K\u00f6rfez"},"sameAs":["http:\/\/www.antalyakorfez.com"],"url":"https:\/\/www.antalyakorfez.com\/aksu-ucak-bakim-lisesi-turkiyenin-en-prestijli-8-okulundan-biri"}]}},"_links":{"self":[{"href":"https:\/\/denizcankizil.tr\/uk\/wp-json\/wp\/v2\/posts\/25213","targetHints":{"allow":["GET"]}}],"collection":[{"href":"https:\/\/denizcankizil.tr\/uk\/wp-json\/wp\/v2\/posts"}],"about":[{"href":"https:\/\/denizcankizil.tr\/uk\/wp-json\/wp\/v2\/types\/post"}],"author":[{"embeddable":true,"href":"https:\/\/denizcankizil.tr\/uk\/wp-json\/wp\/v2\/users\/5"}],"replies":[{"embeddable":true,"href":"https:\/\/denizcankizil.tr\/uk\/wp-json\/wp\/v2\/comments?post=25213"}],"version-history":[{"count":0,"href":"https:\/\/denizcankizil.tr\/uk\/wp-json\/wp\/v2\/posts\/25213\/revisions"}],"wp:attachment":[{"href":"https:\/\/denizcankizil.tr\/uk\/wp-json\/wp\/v2\/media?parent=25213"}],"wp:term":[{"taxonomy":"category","embeddable":true,"href":"https:\/\/denizcankizil.tr\/uk\/wp-json\/wp\/v2\/categories?post=25213"},{"taxonomy":"post_tag","embeddable":true,"href":"https:\/\/denizcankizil.tr\/uk\/wp-json\/wp\/v2\/tags?post=25213"}],"curies":[{"name":"wp","href":"https:\/\/api.w.org\/{rel}","templated":true}]}}