{"id":25198,"date":"2025-01-14T09:41:37","date_gmt":"2025-01-14T06:41:37","guid":{"rendered":"https:\/\/denizcankizil.tr\/uncategorized-tr\/ozel-ve-imamoglundan-gozalti-tepkisi\/"},"modified":"2025-01-14T09:41:37","modified_gmt":"2025-01-14T06:41:37","slug":"ozel-ve-imamoglundan-gozalti-tepkisi","status":"publish","type":"post","link":"https:\/\/denizcankizil.tr\/uk\/haberler\/gundem\/ozel-ve-imamoglundan-gozalti-tepkisi\/","title":{"rendered":"\u00d6zel ve \u0130mamo\u011flu&#8217;ndan &#8216;g\u00f6zalt\u0131&#8217; tepkisi!"},"content":{"rendered":"<p>CHP Genel Ba\u015fkan\u0131 \u00d6zg\u00fcr \u00d6zel ile T\u00fcrkiye Belediyeler Birli\u011fi (TBB) ve \u0130stanbul B\u00fcy\u00fck\u015fehir Belediye \u0130BB Ba\u015fkan\u0131 Ekrem \u0130mamo\u011flu, Be\u015fikta\u015f Belediye Ba\u015fkan\u0131 R\u0131za Akpolat\u2019\u0131n &#8216;\u015fafak operasyonu&#8217; ile g\u00f6zalt\u0131na al\u0131nd\u0131\u011f\u0131 soru\u015fturmayla ilgili Ankara\u2019da a\u00e7\u0131klamalarda bulundu.ANKARA (\u0130GFA) &#8211; CHP Genel Ba\u015fkan\u0131 \u00d6zg\u00fcr \u00d6zel ile TBB ve \u0130BB Ba\u015fkan\u0131 Ekrem \u0130mamo\u011flu, Be\u015fikta\u015f Belediye Ba\u015fkan\u0131 R\u0131za Akpolat\u2019\u0131n \u2018\u015fafak operasyonu\u2019 ile hukuksuz bir bi\u00e7imde g\u00f6zalt\u0131na al\u0131nd\u0131\u011f\u0131 soru\u015fturmayla ilgili Ankara\u2019da a\u00e7\u0131klamalarda bulundu.<br \/>\nFET\u00d6 y\u00f6ntemleriyle siyasi bir operasyon yap\u0131ld\u0131\u011f\u0131na dikkat \u00e7eken CHP Genel Ba\u015fkan\u0131 \u00d6zg\u00fcr \u00d6zel, \u201cBin tane R\u0131za Akpolat itibars\u0131zla\u015ft\u0131rsan, sana kar etmez. Bu yap\u0131lanlar FET\u00d6 y\u00f6ntemleridir. Bu y\u00f6ntemlere ba\u015fvuranlar \u015fimdi nerede? O kumpas davalar\u0131n\u0131n anl\u0131, \u015fanl\u0131 yarg\u0131\u00e7lar\u0131, savc\u0131lar\u0131 nerede? O FET\u00d6 talimat\u0131yla sabah\u0131n k\u00f6r\u00fcnde kap\u0131lar\u0131 k\u0131rarcas\u0131na \u00e7alan, polislere emri veren FET\u00d6\u2019c\u00fc amirler nerede?&#8221; diye sordu.<\/p>\n<p>&#8220;Biri 19 y\u0131lla \u015furada yat\u0131yor, biri 24 y\u0131lla burada yat\u0131yor&#8221; diyen \u00d6zel, &#8220;Kimi de yurtd\u0131\u015f\u0131na ka\u00e7t\u0131 Yunan s\u0131n\u0131r\u0131ndan s\u0131\u00e7an gibi. O g\u00fcn yap\u0131lan i\u015f ne kadar hukukiyse, bug\u00fcn yap\u0131lan i\u015fler de o kadar hukukidir. Bu i\u015fler, do\u011fru i\u015fler de\u011fildir. Bug\u00fcne kadar bir sefer AK Parti\u2019nin muhatap olmad\u0131\u011f\u0131 \u015fafak operasyonuyla, CHP\u2019li belediyeler niye muhatap oluyorlar? Muhatap olma sebepleri bu, arkamda yaz\u0131yor, \u2018CHP, T\u00fcrkiye\u2019nin birinci partisi.\u2019 Hazmedemedi\u011fi bu. Yenilmiyordu, s\u0131rt\u0131 yere gelmiyordu. Say\u0131yordu, \u2018\u015eu kadar kez yendim, bu kadar kez yendim. Madem ki yendim, milletim nezdinde her \u015feyden affedildim. Her t\u00fcrl\u00fc yolsuzlu\u011fu, pisli\u011fi ben o hesab\u0131 sand\u0131kta verdim.\u2019 Bu sefer ne oldu? Sen yenildin, CHP kazand\u0131. Yetki sana verilince ba\u015f tac\u0131, verilmeyince ala\u015fa\u011f\u0131. Olacak \u015fey mi\u201d diye konu\u015ftu.<br \/>\nSoru\u015fturmaya konu \u015firketin yaln\u0131zca CHP\u2019li belediyelerden olmad\u0131\u011f\u0131n\u0131 belirterek, Yarg\u0131tay, TBMM, THY, kamu hastaneleri, Trabzon B\u00fcy\u00fck\u015fehir Belediyesi gibi onlarca kamu kurulu\u015fu ile AK Partili il\u00e7e belediyelerinden de ihale ald\u0131\u011f\u0131 bilgisini payla\u015fan \u0130stanbul B\u00fcy\u00fck\u015fehir Belediye Ba\u015fkan\u0131 Ekrem \u0130mamo\u011flu da, \u201cBuradan ba\u015fsavc\u0131ya sesleniyorum: Yarg\u0131n\u0131n bu \u00e7ok \u00f6nemli makam\u0131na oturan \u015fah\u0131s, ne yaz\u0131k ki b\u00fct\u00fcn bu uygulamalar\u0131, talimat bi\u00e7iminde ve organize bir \u015fekilde y\u00fcr\u00fctmektedir. Ve bunu \u015fehvetle yap\u0131yor. Tek gayesi var; \u0130stanbul\u2019da CHP\u2019li belediye ba\u015fkanlar\u0131na itibar suikastlar\u0131 d\u00fczenlemek. Bundan elbette ki \u0130BB ayr\u0131 de\u011fildir. \u015eimdi savc\u0131 beylere sormak isterim: Esenyurt i\u00e7in yapt\u0131\u011f\u0131n\u0131z\u0131 ya da kafan\u0131zda ba\u015fka i\u015fler var ise, ba\u015fka \u015fafak operasyonlar\u0131 var ise, buradan s\u00f6yl\u00fcyorum. Cesaretinizi s\u0131n\u0131yorum. TBMM i\u00e7in de ayn\u0131 uygulamay\u0131 yapacak m\u0131s\u0131n\u0131z? Bu \u015firketlerin ihale dosyalar\u0131n\u0131 \u0130BB\u2019den istediniz. Ayn\u0131 \u015fekilde Yarg\u0131tay\u2019dan, TBMM\u2019den, THY\u2019den ya da Trabzon B\u00fcy\u00fck\u015fehir Belediyesi\u2019nden de bu \u015firketin ihale dosyalar\u0131n\u0131 istediniz ve inceleme ba\u015flatt\u0131n\u0131z m\u0131? Buradan Say\u0131n Cumhurba\u015fkan\u0131\u2019na da sesleniyorum: Say\u0131n Cumhurba\u015fkan\u0131; g\u00f6nderdi\u011finiz ba\u015fsavc\u0131 beye bir sorun. Bu \u015firketin devlet kurumlar\u0131ndan ald\u0131\u011f\u0131 ihaleleri de inceleyecekler mi? \u00d6yle olmal\u0131\u201d diye konu\u015ftu.<\/p>\n<p>\u200bCHP Genel Ba\u015fkan\u0131 \u00d6zg\u00fcr \u00d6zel ile T\u00fcrkiye Belediyeler Birli\u011fi (TBB) ve \u0130stanbul B\u00fcy\u00fck\u015fehir Belediye \u0130BB Ba\u015fkan\u0131 Ekrem \u0130mamo\u011flu, Be\u015fikta\u015f Belediye Ba\u015fkan\u0131 R\u0131za Akpolat\u2019\u0131n &#8216;\u015fafak operasyonu&#8217; ile g\u00f6zalt\u0131na al\u0131nd\u0131\u011f\u0131 soru\u015fturmayla ilgili Ankara\u2019da a\u00e7\u0131klamalarda bulundu.ANKARA (\u0130GFA) &#8211; CHP Genel Ba\u015fkan\u0131 \u00d6zg\u00fcr \u00d6zel ile TBB ve \u0130BB Ba\u015fkan\u0131 Ekrem \u0130mamo\u011flu, Be\u015fikta\u015f Belediye Ba\u015fkan\u0131 R\u0131za Akpolat\u2019\u0131n \u2018\u015fafak operasyonu\u2019 ile hukuksuz bir bi\u00e7imde g\u00f6zalt\u0131na al\u0131nd\u0131\u011f\u0131 soru\u015fturmayla ilgili Ankara\u2019da a\u00e7\u0131klamalarda bulundu.<br \/>\nFET\u00d6 y\u00f6ntemleriyle siyasi bir operasyon yap\u0131ld\u0131\u011f\u0131na dikkat \u00e7eken CHP Genel Ba\u015fkan\u0131 \u00d6zg\u00fcr \u00d6zel, \u201cBin tane R\u0131za Akpolat itibars\u0131zla\u015ft\u0131rsan, sana kar etmez. Bu yap\u0131lanlar FET\u00d6 y\u00f6ntemleridir. Bu y\u00f6ntemlere ba\u015fvuranlar \u015fimdi nerede? O kumpas davalar\u0131n\u0131n anl\u0131, \u015fanl\u0131 yarg\u0131\u00e7lar\u0131, savc\u0131lar\u0131 nerede? O FET\u00d6 talimat\u0131yla sabah\u0131n k\u00f6r\u00fcnde kap\u0131lar\u0131 k\u0131rarcas\u0131na \u00e7alan, polislere emri veren FET\u00d6\u2019c\u00fc amirler nerede?&#8221; diye sordu.<\/p>\n<p>&#8220;Biri 19 y\u0131lla \u015furada yat\u0131yor, biri 24 y\u0131lla burada yat\u0131yor&#8221; diyen \u00d6zel, &#8220;Kimi de yurtd\u0131\u015f\u0131na ka\u00e7t\u0131 Yunan s\u0131n\u0131r\u0131ndan s\u0131\u00e7an gibi. O g\u00fcn yap\u0131lan i\u015f ne kadar hukukiyse, bug\u00fcn yap\u0131lan i\u015fler de o kadar hukukidir. Bu i\u015fler, do\u011fru i\u015fler de\u011fildir. Bug\u00fcne kadar bir sefer AK Parti\u2019nin muhatap olmad\u0131\u011f\u0131 \u015fafak operasyonuyla, CHP\u2019li belediyeler niye muhatap oluyorlar? Muhatap olma sebepleri bu, arkamda yaz\u0131yor, \u2018CHP, T\u00fcrkiye\u2019nin birinci partisi.\u2019 Hazmedemedi\u011fi bu. Yenilmiyordu, s\u0131rt\u0131 yere gelmiyordu. Say\u0131yordu, \u2018\u015eu kadar kez yendim, bu kadar kez yendim. Madem ki yendim, milletim nezdinde her \u015feyden affedildim. Her t\u00fcrl\u00fc yolsuzlu\u011fu, pisli\u011fi ben o hesab\u0131 sand\u0131kta verdim.\u2019 Bu sefer ne oldu? Sen yenildin, CHP kazand\u0131. Yetki sana verilince ba\u015f tac\u0131, verilmeyince ala\u015fa\u011f\u0131. Olacak \u015fey mi\u201d diye konu\u015ftu.<br \/>\nSoru\u015fturmaya konu \u015firketin yaln\u0131zca CHP\u2019li belediyelerden olmad\u0131\u011f\u0131n\u0131 belirterek, Yarg\u0131tay, TBMM, THY, kamu hastaneleri, Trabzon B\u00fcy\u00fck\u015fehir Belediyesi gibi onlarca kamu kurulu\u015fu ile AK Partili il\u00e7e belediyelerinden de ihale ald\u0131\u011f\u0131 bilgisini payla\u015fan \u0130stanbul B\u00fcy\u00fck\u015fehir Belediye Ba\u015fkan\u0131 Ekrem \u0130mamo\u011flu da, \u201cBuradan ba\u015fsavc\u0131ya sesleniyorum: Yarg\u0131n\u0131n bu \u00e7ok \u00f6nemli makam\u0131na oturan \u015fah\u0131s, ne yaz\u0131k ki b\u00fct\u00fcn bu uygulamalar\u0131, talimat bi\u00e7iminde ve organize bir \u015fekilde y\u00fcr\u00fctmektedir. Ve bunu \u015fehvetle yap\u0131yor. Tek gayesi var; \u0130stanbul\u2019da CHP\u2019li belediye ba\u015fkanlar\u0131na itibar suikastlar\u0131 d\u00fczenlemek. Bundan elbette ki \u0130BB ayr\u0131 de\u011fildir. \u015eimdi savc\u0131 beylere sormak isterim: Esenyurt i\u00e7in yapt\u0131\u011f\u0131n\u0131z\u0131 ya da kafan\u0131zda ba\u015fka i\u015fler var ise, ba\u015fka \u015fafak operasyonlar\u0131 var ise, buradan s\u00f6yl\u00fcyorum. Cesaretinizi s\u0131n\u0131yorum. TBMM i\u00e7in de ayn\u0131 uygulamay\u0131 yapacak m\u0131s\u0131n\u0131z? Bu \u015firketlerin ihale dosyalar\u0131n\u0131 \u0130BB\u2019den istediniz. Ayn\u0131 \u015fekilde Yarg\u0131tay\u2019dan, TBMM\u2019den, THY\u2019den ya da Trabzon B\u00fcy\u00fck\u015fehir Belediyesi\u2019nden de bu \u015firketin ihale dosyalar\u0131n\u0131 istediniz ve inceleme ba\u015flatt\u0131n\u0131z m\u0131? Buradan Say\u0131n Cumhurba\u015fkan\u0131\u2019na da sesleniyorum: Say\u0131n Cumhurba\u015fkan\u0131; g\u00f6nderdi\u011finiz ba\u015fsavc\u0131 beye bir sorun. Bu \u015firketin devlet kurumlar\u0131ndan ald\u0131\u011f\u0131 ihaleleri de inceleyecekler mi? \u00d6yle olmal\u0131\u201d diye konu\u015ftu.\u00a0<\/p>\n<p>\u200bHaberin Al\u0131nt\u0131land\u0131\u011f\u0131 Kaynak: www.iskenderun.org<\/p>","protected":false},"excerpt":{"rendered":"<p>CHP Genel Ba\u015fkan\u0131 \u00d6zg\u00fcr \u00d6zel ile T\u00fcrkiye Belediyeler Birli\u011fi (TBB) ve \u0130stanbul B\u00fcy\u00fck\u015fehir Belediye \u0130BB Ba\u015fkan\u0131 Ekrem \u0130mamo\u011flu, Be\u015fikta\u015f Belediye Ba\u015fkan\u0131 R\u0131za Akpolat\u2019\u0131n &#8216;\u015fafak operasyonu&#8217; ile g\u00f6zalt\u0131na al\u0131nd\u0131\u011f\u0131 soru\u015fturmayla ilgili Ankara\u2019da a\u00e7\u0131klamalarda bulundu.ANKARA (\u0130GFA) &#8211; CHP Genel Ba\u015fkan\u0131 \u00d6zg\u00fcr \u00d6zel ile TBB ve \u0130BB Ba\u015fkan\u0131 Ekrem \u0130mamo\u011flu, Be\u015fikta\u015f Belediye Ba\u015fkan\u0131 R\u0131za Akpolat\u2019\u0131n \u2018\u015fafak operasyonu\u2019 ile hukuksuz bir bi\u00e7imde g\u00f6zalt\u0131na al\u0131nd\u0131\u011f\u0131 soru\u015fturmayla ilgili Ankara\u2019da a\u00e7\u0131klamalarda bulundu. FET\u00d6 y\u00f6ntemleriyle siyasi bir operasyon yap\u0131ld\u0131\u011f\u0131na dikkat \u00e7eken CHP Genel Ba\u015fkan\u0131 \u00d6zg\u00fcr \u00d6zel, \u201cBin tane R\u0131za Akpolat itibars\u0131zla\u015ft\u0131rsan, sana kar etmez. Bu yap\u0131lanlar FET\u00d6 y\u00f6ntemleridir. Bu y\u00f6ntemlere ba\u015fvuranlar \u015fimdi nerede? O kumpas davalar\u0131n\u0131n anl\u0131, \u015fanl\u0131 yarg\u0131\u00e7lar\u0131, savc\u0131lar\u0131 nerede? O FET\u00d6 talimat\u0131yla sabah\u0131n k\u00f6r\u00fcnde kap\u0131lar\u0131 k\u0131rarcas\u0131na \u00e7alan, polislere emri veren FET\u00d6\u2019c\u00fc amirler nerede?&#8221; diye sordu. &#8220;Biri 19 y\u0131lla \u015furada yat\u0131yor, biri 24 y\u0131lla burada yat\u0131yor&#8221; diyen \u00d6zel, &#8220;Kimi de yurtd\u0131\u015f\u0131na ka\u00e7t\u0131 Yunan s\u0131n\u0131r\u0131ndan s\u0131\u00e7an gibi. O g\u00fcn yap\u0131lan i\u015f ne kadar hukukiyse, bug\u00fcn yap\u0131lan i\u015fler de o kadar hukukidir. Bu i\u015fler, do\u011fru i\u015fler de\u011fildir. Bug\u00fcne kadar bir sefer AK Parti\u2019nin muhatap olmad\u0131\u011f\u0131 \u015fafak operasyonuyla, CHP\u2019li belediyeler niye muhatap oluyorlar? Muhatap olma sebepleri bu, arkamda yaz\u0131yor, \u2018CHP, T\u00fcrkiye\u2019nin birinci partisi.\u2019 Hazmedemedi\u011fi bu. Yenilmiyordu, s\u0131rt\u0131 yere gelmiyordu. Say\u0131yordu, \u2018\u015eu kadar kez yendim, bu kadar kez yendim. Madem ki &hellip;<\/p>","protected":false},"author":1,"featured_media":0,"comment_status":"open","ping_status":"open","sticky":false,"template":"","format":"standard","meta":{"_acf_changed":false,"footnotes":""},"categories":[24],"tags":[],"class_list":["post-25198","post","type-post","status-publish","format-standard","has-post-thumbnail","hentry","category-gundem"],"acf":[],"yoast_head":"<!-- This site is optimized with the Yoast SEO Premium plugin v26.6 (Yoast SEO v27.1.1) - https:\/\/yoast.com\/product\/yoast-seo-premium-wordpress\/ -->\n<title>\u00d6zel ve \u0130mamo\u011flu&#039;ndan &#039;g\u00f6zalt\u0131&#039; tepkisi! - Av. Deniz Can K\u0131z\u0131l<\/title>\n<meta name=\"robots\" content=\"index, follow, max-snippet:-1, max-image-preview:large, max-video-preview:-1\" \/>\n<link rel=\"canonical\" href=\"https:\/\/denizcankizil.tr\/uk\/haberler\/gundem\/ozel-ve-imamoglundan-gozalti-tepkisi\/\" \/>\n<meta property=\"og:locale\" content=\"uk_UA\" \/>\n<meta property=\"og:type\" content=\"article\" \/>\n<meta property=\"og:title\" content=\"\u00d6zel ve \u0130mamo\u011flu&#039;ndan &#039;g\u00f6zalt\u0131&#039; tepkisi!\" \/>\n<meta property=\"og:description\" content=\"CHP Genel Ba\u015fkan\u0131 \u00d6zg\u00fcr \u00d6zel ile T\u00fcrkiye Belediyeler Birli\u011fi (TBB) ve \u0130stanbul B\u00fcy\u00fck\u015fehir Belediye \u0130BB Ba\u015fkan\u0131 Ekrem \u0130mamo\u011flu, Be\u015fikta\u015f Belediye Ba\u015fkan\u0131 R\u0131za Akpolat\u2019\u0131n &#8216;\u015fafak operasyonu&#8217; ile g\u00f6zalt\u0131na al\u0131nd\u0131\u011f\u0131 soru\u015fturmayla ilgili Ankara\u2019da a\u00e7\u0131klamalarda bulundu.ANKARA (\u0130GFA) &#8211; CHP Genel Ba\u015fkan\u0131 \u00d6zg\u00fcr \u00d6zel ile TBB ve \u0130BB Ba\u015fkan\u0131 Ekrem \u0130mamo\u011flu, Be\u015fikta\u015f Belediye Ba\u015fkan\u0131 R\u0131za Akpolat\u2019\u0131n \u2018\u015fafak operasyonu\u2019 ile hukuksuz bir bi\u00e7imde g\u00f6zalt\u0131na al\u0131nd\u0131\u011f\u0131 soru\u015fturmayla ilgili Ankara\u2019da a\u00e7\u0131klamalarda bulundu. FET\u00d6 y\u00f6ntemleriyle siyasi bir operasyon yap\u0131ld\u0131\u011f\u0131na dikkat \u00e7eken CHP Genel Ba\u015fkan\u0131 \u00d6zg\u00fcr \u00d6zel, \u201cBin tane R\u0131za Akpolat itibars\u0131zla\u015ft\u0131rsan, sana kar etmez. Bu yap\u0131lanlar FET\u00d6 y\u00f6ntemleridir. Bu y\u00f6ntemlere ba\u015fvuranlar \u015fimdi nerede? O kumpas davalar\u0131n\u0131n anl\u0131, \u015fanl\u0131 yarg\u0131\u00e7lar\u0131, savc\u0131lar\u0131 nerede? O FET\u00d6 talimat\u0131yla sabah\u0131n k\u00f6r\u00fcnde kap\u0131lar\u0131 k\u0131rarcas\u0131na \u00e7alan, polislere emri veren FET\u00d6\u2019c\u00fc amirler nerede?&#8221; diye sordu. &#8220;Biri 19 y\u0131lla \u015furada yat\u0131yor, biri 24 y\u0131lla burada yat\u0131yor&#8221; diyen \u00d6zel, &#8220;Kimi de yurtd\u0131\u015f\u0131na ka\u00e7t\u0131 Yunan s\u0131n\u0131r\u0131ndan s\u0131\u00e7an gibi. O g\u00fcn yap\u0131lan i\u015f ne kadar hukukiyse, bug\u00fcn yap\u0131lan i\u015fler de o kadar hukukidir. Bu i\u015fler, do\u011fru i\u015fler de\u011fildir. Bug\u00fcne kadar bir sefer AK Parti\u2019nin muhatap olmad\u0131\u011f\u0131 \u015fafak operasyonuyla, CHP\u2019li belediyeler niye muhatap oluyorlar? Muhatap olma sebepleri bu, arkamda yaz\u0131yor, \u2018CHP, T\u00fcrkiye\u2019nin birinci partisi.\u2019 Hazmedemedi\u011fi bu. Yenilmiyordu, s\u0131rt\u0131 yere gelmiyordu. Say\u0131yordu, \u2018\u015eu kadar kez yendim, bu kadar kez yendim. Madem ki &hellip;\" \/>\n<meta property=\"og:url\" content=\"https:\/\/denizcankizil.tr\/uk\/haberler\/gundem\/ozel-ve-imamoglundan-gozalti-tepkisi\/\" \/>\n<meta property=\"og:site_name\" content=\"Av. Deniz Can K\u0131z\u0131l\" \/>\n<meta property=\"article:published_time\" content=\"2025-01-14T06:41:37+00:00\" \/>\n<meta name=\"author\" content=\"admin\" \/>\n<meta name=\"twitter:card\" content=\"summary_large_image\" \/>\n<meta name=\"twitter:label1\" content=\"\u041d\u0430\u043f\u0438\u0441\u0430\u043d\u043e\" \/>\n\t<meta name=\"twitter:data1\" content=\"admin\" \/>\n\t<meta name=\"twitter:label2\" content=\"\u041f\u0440\u0438\u0431\u043b. \u0447\u0430\u0441 \u0447\u0438\u0442\u0430\u043d\u043d\u044f\" \/>\n\t<meta name=\"twitter:data2\" content=\"6 \u0445\u0432\u0438\u043b\u0438\u043d\" \/>\n<script type=\"application\/ld+json\" class=\"yoast-schema-graph\">{\"@context\":\"https:\/\/schema.org\",\"@graph\":[{\"@type\":\"Article\",\"@id\":\"https:\/\/denizcankizil.tr\/uk\/haberler\/gundem\/ozel-ve-imamoglundan-gozalti-tepkisi\/#article\",\"isPartOf\":{\"@id\":\"https:\/\/denizcankizil.tr\/uk\/haberler\/gundem\/ozel-ve-imamoglundan-gozalti-tepkisi\/\"},\"author\":{\"name\":\"admin\",\"@id\":\"https:\/\/denizcankizil.tr\/#\/schema\/person\/be3c05fe6a12686905512445d8185489\"},\"headline\":\"\u00d6zel ve \u0130mamo\u011flu&#8217;ndan &#8216;g\u00f6zalt\u0131&#8217; tepkisi!\",\"datePublished\":\"2025-01-14T06:41:37+00:00\",\"mainEntityOfPage\":{\"@id\":\"https:\/\/denizcankizil.tr\/uk\/haberler\/gundem\/ozel-ve-imamoglundan-gozalti-tepkisi\/\"},\"wordCount\":1142,\"commentCount\":0,\"publisher\":{\"@id\":\"https:\/\/denizcankizil.tr\/#organization\"},\"articleSection\":[\"G\u00fcndem\"],\"inLanguage\":\"uk\",\"potentialAction\":[{\"@type\":\"CommentAction\",\"name\":\"Comment\",\"target\":[\"https:\/\/denizcankizil.tr\/uk\/haberler\/gundem\/ozel-ve-imamoglundan-gozalti-tepkisi\/#respond\"]}]},{\"@type\":\"WebPage\",\"@id\":\"https:\/\/denizcankizil.tr\/uk\/haberler\/gundem\/ozel-ve-imamoglundan-gozalti-tepkisi\/\",\"url\":\"https:\/\/denizcankizil.tr\/uk\/haberler\/gundem\/ozel-ve-imamoglundan-gozalti-tepkisi\/\",\"name\":\"\u00d6zel ve \u0130mamo\u011flu'ndan 'g\u00f6zalt\u0131' tepkisi! - Av. Deniz Can K\u0131z\u0131l\",\"isPartOf\":{\"@id\":\"https:\/\/denizcankizil.tr\/#website\"},\"datePublished\":\"2025-01-14T06:41:37+00:00\",\"breadcrumb\":{\"@id\":\"https:\/\/denizcankizil.tr\/uk\/haberler\/gundem\/ozel-ve-imamoglundan-gozalti-tepkisi\/#breadcrumb\"},\"inLanguage\":\"uk\",\"potentialAction\":[{\"@type\":\"ReadAction\",\"target\":[\"https:\/\/denizcankizil.tr\/uk\/haberler\/gundem\/ozel-ve-imamoglundan-gozalti-tepkisi\/\"]}]},{\"@type\":\"BreadcrumbList\",\"@id\":\"https:\/\/denizcankizil.tr\/uk\/haberler\/gundem\/ozel-ve-imamoglundan-gozalti-tepkisi\/#breadcrumb\",\"itemListElement\":[{\"@type\":\"ListItem\",\"position\":1,\"name\":\"Home\",\"item\":\"https:\/\/denizcankizil.tr\/de\/\"},{\"@type\":\"ListItem\",\"position\":2,\"name\":\"\u00d6zel ve \u0130mamo\u011flu&#8217;ndan &#8216;g\u00f6zalt\u0131&#8217; tepkisi!\"}]},{\"@type\":\"WebSite\",\"@id\":\"https:\/\/denizcankizil.tr\/#website\",\"url\":\"https:\/\/denizcankizil.tr\/\",\"name\":\"Av. Deniz Can K\u0131z\u0131l\",\"description\":\"Avukat Deniz Can K\u0131z\u0131l Antalya Barosu\",\"publisher\":{\"@id\":\"https:\/\/denizcankizil.tr\/#organization\"},\"potentialAction\":[{\"@type\":\"SearchAction\",\"target\":{\"@type\":\"EntryPoint\",\"urlTemplate\":\"https:\/\/denizcankizil.tr\/?s={search_term_string}\"},\"query-input\":{\"@type\":\"PropertyValueSpecification\",\"valueRequired\":true,\"valueName\":\"search_term_string\"}}],\"inLanguage\":\"uk\"},{\"@type\":\"Organization\",\"@id\":\"https:\/\/denizcankizil.tr\/#organization\",\"name\":\"Av. Deniz Can K\u0131z\u0131l\",\"url\":\"https:\/\/denizcankizil.tr\/\",\"logo\":{\"@type\":\"ImageObject\",\"inLanguage\":\"uk\",\"@id\":\"https:\/\/denizcankizil.tr\/#\/schema\/logo\/image\/\",\"url\":\"https:\/\/denizcankizil.tr\/wp-content\/uploads\/2024\/10\/siyah-logo-svg.svg\",\"contentUrl\":\"https:\/\/denizcankizil.tr\/wp-content\/uploads\/2024\/10\/siyah-logo-svg.svg\",\"width\":1080,\"height\":1080,\"caption\":\"Av. Deniz Can K\u0131z\u0131l\"},\"image\":{\"@id\":\"https:\/\/denizcankizil.tr\/#\/schema\/logo\/image\/\"}},{\"@type\":\"Person\",\"@id\":\"https:\/\/denizcankizil.tr\/#\/schema\/person\/be3c05fe6a12686905512445d8185489\",\"name\":\"admin\",\"image\":{\"@type\":\"ImageObject\",\"inLanguage\":\"uk\",\"@id\":\"https:\/\/denizcankizil.tr\/#\/schema\/person\/image\/\",\"url\":\"https:\/\/secure.gravatar.com\/avatar\/c1fce94c830dc79107e174f890d7210541c4a63e8e5d816341794a2151c9d58c?s=96&d=mm&r=g\",\"contentUrl\":\"https:\/\/secure.gravatar.com\/avatar\/c1fce94c830dc79107e174f890d7210541c4a63e8e5d816341794a2151c9d58c?s=96&d=mm&r=g\",\"caption\":\"admin\"},\"sameAs\":[\"http:\/\/denizcankizil.tr\"],\"url\":\"https:\/\/www.iskenderun.org\/ozel-ve-imamoglundan-gozalti-tepkisi\"}]}<\/script>\n<!-- \/ Yoast SEO Premium plugin. -->","yoast_head_json":{"title":"\u00d6zel ve \u0130mamo\u011flu'ndan 'g\u00f6zalt\u0131' tepkisi! - Av. Deniz Can K\u0131z\u0131l","robots":{"index":"index","follow":"follow","max-snippet":"max-snippet:-1","max-image-preview":"max-image-preview:large","max-video-preview":"max-video-preview:-1"},"canonical":"https:\/\/denizcankizil.tr\/uk\/haberler\/gundem\/ozel-ve-imamoglundan-gozalti-tepkisi\/","og_locale":"uk_UA","og_type":"article","og_title":"\u00d6zel ve \u0130mamo\u011flu'ndan 'g\u00f6zalt\u0131' tepkisi!","og_description":"CHP Genel Ba\u015fkan\u0131 \u00d6zg\u00fcr \u00d6zel ile T\u00fcrkiye Belediyeler Birli\u011fi (TBB) ve \u0130stanbul B\u00fcy\u00fck\u015fehir Belediye \u0130BB Ba\u015fkan\u0131 Ekrem \u0130mamo\u011flu, Be\u015fikta\u015f Belediye Ba\u015fkan\u0131 R\u0131za Akpolat\u2019\u0131n &#8216;\u015fafak operasyonu&#8217; ile g\u00f6zalt\u0131na al\u0131nd\u0131\u011f\u0131 soru\u015fturmayla ilgili Ankara\u2019da a\u00e7\u0131klamalarda bulundu.ANKARA (\u0130GFA) &#8211; CHP Genel Ba\u015fkan\u0131 \u00d6zg\u00fcr \u00d6zel ile TBB ve \u0130BB Ba\u015fkan\u0131 Ekrem \u0130mamo\u011flu, Be\u015fikta\u015f Belediye Ba\u015fkan\u0131 R\u0131za Akpolat\u2019\u0131n \u2018\u015fafak operasyonu\u2019 ile hukuksuz bir bi\u00e7imde g\u00f6zalt\u0131na al\u0131nd\u0131\u011f\u0131 soru\u015fturmayla ilgili Ankara\u2019da a\u00e7\u0131klamalarda bulundu. FET\u00d6 y\u00f6ntemleriyle siyasi bir operasyon yap\u0131ld\u0131\u011f\u0131na dikkat \u00e7eken CHP Genel Ba\u015fkan\u0131 \u00d6zg\u00fcr \u00d6zel, \u201cBin tane R\u0131za Akpolat itibars\u0131zla\u015ft\u0131rsan, sana kar etmez. Bu yap\u0131lanlar FET\u00d6 y\u00f6ntemleridir. Bu y\u00f6ntemlere ba\u015fvuranlar \u015fimdi nerede? O kumpas davalar\u0131n\u0131n anl\u0131, \u015fanl\u0131 yarg\u0131\u00e7lar\u0131, savc\u0131lar\u0131 nerede? O FET\u00d6 talimat\u0131yla sabah\u0131n k\u00f6r\u00fcnde kap\u0131lar\u0131 k\u0131rarcas\u0131na \u00e7alan, polislere emri veren FET\u00d6\u2019c\u00fc amirler nerede?&#8221; diye sordu. &#8220;Biri 19 y\u0131lla \u015furada yat\u0131yor, biri 24 y\u0131lla burada yat\u0131yor&#8221; diyen \u00d6zel, &#8220;Kimi de yurtd\u0131\u015f\u0131na ka\u00e7t\u0131 Yunan s\u0131n\u0131r\u0131ndan s\u0131\u00e7an gibi. O g\u00fcn yap\u0131lan i\u015f ne kadar hukukiyse, bug\u00fcn yap\u0131lan i\u015fler de o kadar hukukidir. Bu i\u015fler, do\u011fru i\u015fler de\u011fildir. Bug\u00fcne kadar bir sefer AK Parti\u2019nin muhatap olmad\u0131\u011f\u0131 \u015fafak operasyonuyla, CHP\u2019li belediyeler niye muhatap oluyorlar? Muhatap olma sebepleri bu, arkamda yaz\u0131yor, \u2018CHP, T\u00fcrkiye\u2019nin birinci partisi.\u2019 Hazmedemedi\u011fi bu. Yenilmiyordu, s\u0131rt\u0131 yere gelmiyordu. Say\u0131yordu, \u2018\u015eu kadar kez yendim, bu kadar kez yendim. Madem ki &hellip;","og_url":"https:\/\/denizcankizil.tr\/uk\/haberler\/gundem\/ozel-ve-imamoglundan-gozalti-tepkisi\/","og_site_name":"Av. Deniz Can K\u0131z\u0131l","article_published_time":"2025-01-14T06:41:37+00:00","author":"admin","twitter_card":"summary_large_image","twitter_misc":{"\u041d\u0430\u043f\u0438\u0441\u0430\u043d\u043e":"admin","\u041f\u0440\u0438\u0431\u043b. \u0447\u0430\u0441 \u0447\u0438\u0442\u0430\u043d\u043d\u044f":"6 \u0445\u0432\u0438\u043b\u0438\u043d"},"schema":{"@context":"https:\/\/schema.org","@graph":[{"@type":"Article","@id":"https:\/\/denizcankizil.tr\/uk\/haberler\/gundem\/ozel-ve-imamoglundan-gozalti-tepkisi\/#article","isPartOf":{"@id":"https:\/\/denizcankizil.tr\/uk\/haberler\/gundem\/ozel-ve-imamoglundan-gozalti-tepkisi\/"},"author":{"name":"admin","@id":"https:\/\/denizcankizil.tr\/#\/schema\/person\/be3c05fe6a12686905512445d8185489"},"headline":"\u00d6zel ve \u0130mamo\u011flu&#8217;ndan &#8216;g\u00f6zalt\u0131&#8217; tepkisi!","datePublished":"2025-01-14T06:41:37+00:00","mainEntityOfPage":{"@id":"https:\/\/denizcankizil.tr\/uk\/haberler\/gundem\/ozel-ve-imamoglundan-gozalti-tepkisi\/"},"wordCount":1142,"commentCount":0,"publisher":{"@id":"https:\/\/denizcankizil.tr\/#organization"},"articleSection":["G\u00fcndem"],"inLanguage":"uk","potentialAction":[{"@type":"CommentAction","name":"Comment","target":["https:\/\/denizcankizil.tr\/uk\/haberler\/gundem\/ozel-ve-imamoglundan-gozalti-tepkisi\/#respond"]}]},{"@type":"WebPage","@id":"https:\/\/denizcankizil.tr\/uk\/haberler\/gundem\/ozel-ve-imamoglundan-gozalti-tepkisi\/","url":"https:\/\/denizcankizil.tr\/uk\/haberler\/gundem\/ozel-ve-imamoglundan-gozalti-tepkisi\/","name":"\u00d6zel ve \u0130mamo\u011flu'ndan 'g\u00f6zalt\u0131' tepkisi! - Av. Deniz Can K\u0131z\u0131l","isPartOf":{"@id":"https:\/\/denizcankizil.tr\/#website"},"datePublished":"2025-01-14T06:41:37+00:00","breadcrumb":{"@id":"https:\/\/denizcankizil.tr\/uk\/haberler\/gundem\/ozel-ve-imamoglundan-gozalti-tepkisi\/#breadcrumb"},"inLanguage":"uk","potentialAction":[{"@type":"ReadAction","target":["https:\/\/denizcankizil.tr\/uk\/haberler\/gundem\/ozel-ve-imamoglundan-gozalti-tepkisi\/"]}]},{"@type":"BreadcrumbList","@id":"https:\/\/denizcankizil.tr\/uk\/haberler\/gundem\/ozel-ve-imamoglundan-gozalti-tepkisi\/#breadcrumb","itemListElement":[{"@type":"ListItem","position":1,"name":"Home","item":"https:\/\/denizcankizil.tr\/de\/"},{"@type":"ListItem","position":2,"name":"\u00d6zel ve \u0130mamo\u011flu&#8217;ndan &#8216;g\u00f6zalt\u0131&#8217; tepkisi!"}]},{"@type":"WebSite","@id":"https:\/\/denizcankizil.tr\/#website","url":"https:\/\/denizcankizil.tr\/","name":"Av. Deniz Can K\u0131z\u0131l","description":"Avukat Deniz Can K\u0131z\u0131l Antalya Barosu","publisher":{"@id":"https:\/\/denizcankizil.tr\/#organization"},"potentialAction":[{"@type":"SearchAction","target":{"@type":"EntryPoint","urlTemplate":"https:\/\/denizcankizil.tr\/?s={search_term_string}"},"query-input":{"@type":"PropertyValueSpecification","valueRequired":true,"valueName":"search_term_string"}}],"inLanguage":"uk"},{"@type":"Organization","@id":"https:\/\/denizcankizil.tr\/#organization","name":"Av. Deniz Can K\u0131z\u0131l","url":"https:\/\/denizcankizil.tr\/","logo":{"@type":"ImageObject","inLanguage":"uk","@id":"https:\/\/denizcankizil.tr\/#\/schema\/logo\/image\/","url":"https:\/\/denizcankizil.tr\/wp-content\/uploads\/2024\/10\/siyah-logo-svg.svg","contentUrl":"https:\/\/denizcankizil.tr\/wp-content\/uploads\/2024\/10\/siyah-logo-svg.svg","width":1080,"height":1080,"caption":"Av. Deniz Can K\u0131z\u0131l"},"image":{"@id":"https:\/\/denizcankizil.tr\/#\/schema\/logo\/image\/"}},{"@type":"Person","@id":"https:\/\/denizcankizil.tr\/#\/schema\/person\/be3c05fe6a12686905512445d8185489","name":"\u0430\u0434\u043c\u0456\u043d","image":{"@type":"ImageObject","inLanguage":"uk","@id":"https:\/\/denizcankizil.tr\/#\/schema\/person\/image\/","url":"https:\/\/secure.gravatar.com\/avatar\/c1fce94c830dc79107e174f890d7210541c4a63e8e5d816341794a2151c9d58c?s=96&d=mm&r=g","contentUrl":"https:\/\/secure.gravatar.com\/avatar\/c1fce94c830dc79107e174f890d7210541c4a63e8e5d816341794a2151c9d58c?s=96&d=mm&r=g","caption":"admin"},"sameAs":["http:\/\/denizcankizil.tr"],"url":"https:\/\/www.iskenderun.org\/ozel-ve-imamoglundan-gozalti-tepkisi"}]}},"_links":{"self":[{"href":"https:\/\/denizcankizil.tr\/uk\/wp-json\/wp\/v2\/posts\/25198","targetHints":{"allow":["GET"]}}],"collection":[{"href":"https:\/\/denizcankizil.tr\/uk\/wp-json\/wp\/v2\/posts"}],"about":[{"href":"https:\/\/denizcankizil.tr\/uk\/wp-json\/wp\/v2\/types\/post"}],"author":[{"embeddable":true,"href":"https:\/\/denizcankizil.tr\/uk\/wp-json\/wp\/v2\/users\/1"}],"replies":[{"embeddable":true,"href":"https:\/\/denizcankizil.tr\/uk\/wp-json\/wp\/v2\/comments?post=25198"}],"version-history":[{"count":0,"href":"https:\/\/denizcankizil.tr\/uk\/wp-json\/wp\/v2\/posts\/25198\/revisions"}],"wp:attachment":[{"href":"https:\/\/denizcankizil.tr\/uk\/wp-json\/wp\/v2\/media?parent=25198"}],"wp:term":[{"taxonomy":"category","embeddable":true,"href":"https:\/\/denizcankizil.tr\/uk\/wp-json\/wp\/v2\/categories?post=25198"},{"taxonomy":"post_tag","embeddable":true,"href":"https:\/\/denizcankizil.tr\/uk\/wp-json\/wp\/v2\/tags?post=25198"}],"curies":[{"name":"wp","href":"https:\/\/api.w.org\/{rel}","templated":true}]}}