{"id":24914,"date":"2025-01-11T12:41:43","date_gmt":"2025-01-11T09:41:43","guid":{"rendered":"https:\/\/denizcankizil.tr\/uncategorized-tr\/ustalara-saygi-sergisi-kent-muzesinde-acildi\/"},"modified":"2025-01-11T12:41:43","modified_gmt":"2025-01-11T09:41:43","slug":"ustalara-saygi-sergisi-kent-muzesinde-acildi","status":"publish","type":"post","link":"https:\/\/denizcankizil.tr\/uk\/haberler\/gundem\/ustalara-saygi-sergisi-kent-muzesinde-acildi\/","title":{"rendered":"Ustalara Sayg\u0131 Sergisi Kent M\u00fczesinde A\u00e7\u0131ld\u0131"},"content":{"rendered":"<p>\u0130neg\u00f6l Belediyesi Kent M\u00fczesi\u2019nin kurulu\u015funun 16\u2019nc\u0131 y\u0131l\u0131 ve \u0130neg\u00f6l Mobilyac\u0131lar Odas\u0131n\u0131n kurulu\u015funun 60\u2019\u0131nc\u0131 y\u0131l\u0131na \u00f6zel iki kurum i\u015f birli\u011finde haz\u0131rlanan \u201cUstalara Sayg\u0131\u201d isimli sergi, bug\u00fcn d\u00fczenlenen t\u00f6renle a\u00e7\u0131ld\u0131. \u0130neg\u00f6l\u2019\u00fcn eski mobilya ustalar\u0131n\u0131n foto\u011fraflar\u0131n\u0131n yer ald\u0131\u011f\u0131 sergi adeta zamanda yolculu\u011fa \u00e7\u0131kar\u0131yor.<\/p>\n<p>\u200b\u0130neg\u00f6l Belediyesi Kent M\u00fczesi\u2019nin kurulu\u015funun 16\u2019nc\u0131 y\u0131l\u0131 ve \u0130neg\u00f6l Mobilyac\u0131lar Odas\u0131n\u0131n kurulu\u015funun 60\u2019\u0131nc\u0131 y\u0131l\u0131na \u00f6zel iki kurum i\u015f birli\u011finde haz\u0131rlanan \u201cUstalara Sayg\u0131\u201d isimli sergi, bug\u00fcn d\u00fczenlenen t\u00f6renle a\u00e7\u0131ld\u0131. \u0130neg\u00f6l\u2019\u00fcn eski mobilya ustalar\u0131n\u0131n foto\u011fraflar\u0131n\u0131n yer ald\u0131\u011f\u0131 sergi adeta zamanda yolculu\u011fa \u00e7\u0131kar\u0131yor.\u00a0<\/p>\n<p>\u200bHaberin Al\u0131nt\u0131land\u0131\u011f\u0131 Kaynak: www.iskenderun.org<\/p>","protected":false},"excerpt":{"rendered":"<p>\u0130neg\u00f6l Belediyesi Kent M\u00fczesi\u2019nin kurulu\u015funun 16\u2019nc\u0131 y\u0131l\u0131 ve \u0130neg\u00f6l Mobilyac\u0131lar Odas\u0131n\u0131n kurulu\u015funun 60\u2019\u0131nc\u0131 y\u0131l\u0131na \u00f6zel iki kurum i\u015f birli\u011finde haz\u0131rlanan \u201cUstalara Sayg\u0131\u201d isimli sergi, bug\u00fcn d\u00fczenlenen t\u00f6renle a\u00e7\u0131ld\u0131. \u0130neg\u00f6l\u2019\u00fcn eski mobilya ustalar\u0131n\u0131n foto\u011fraflar\u0131n\u0131n yer ald\u0131\u011f\u0131 sergi adeta zamanda yolculu\u011fa \u00e7\u0131kar\u0131yor. \u200b\u0130neg\u00f6l Belediyesi Kent M\u00fczesi\u2019nin kurulu\u015funun 16\u2019nc\u0131 y\u0131l\u0131 ve \u0130neg\u00f6l Mobilyac\u0131lar Odas\u0131n\u0131n kurulu\u015funun 60\u2019\u0131nc\u0131 y\u0131l\u0131na \u00f6zel iki kurum i\u015f birli\u011finde haz\u0131rlanan \u201cUstalara Sayg\u0131\u201d isimli sergi, bug\u00fcn d\u00fczenlenen t\u00f6renle a\u00e7\u0131ld\u0131. \u0130neg\u00f6l\u2019\u00fcn eski mobilya ustalar\u0131n\u0131n foto\u011fraflar\u0131n\u0131n yer ald\u0131\u011f\u0131 sergi adeta zamanda yolculu\u011fa \u00e7\u0131kar\u0131yor.\u00a0 \u200bHaberin Al\u0131nt\u0131land\u0131\u011f\u0131 Kaynak: www.iskenderun.org<\/p>","protected":false},"author":1,"featured_media":0,"comment_status":"open","ping_status":"open","sticky":false,"template":"","format":"standard","meta":{"_acf_changed":false,"footnotes":""},"categories":[24],"tags":[],"class_list":["post-24914","post","type-post","status-publish","format-standard","has-post-thumbnail","hentry","category-gundem"],"acf":[],"yoast_head":"<!-- This site is optimized with the Yoast SEO Premium plugin v26.6 (Yoast SEO v27.1.1) - https:\/\/yoast.com\/product\/yoast-seo-premium-wordpress\/ -->\n<title>Ustalara Sayg\u0131 Sergisi Kent M\u00fczesinde A\u00e7\u0131ld\u0131 - Av. Deniz Can K\u0131z\u0131l<\/title>\n<meta name=\"robots\" content=\"index, follow, max-snippet:-1, max-image-preview:large, max-video-preview:-1\" \/>\n<link rel=\"canonical\" href=\"https:\/\/denizcankizil.tr\/uk\/haberler\/gundem\/ustalara-saygi-sergisi-kent-muzesinde-acildi\/\" \/>\n<meta property=\"og:locale\" content=\"uk_UA\" \/>\n<meta property=\"og:type\" content=\"article\" \/>\n<meta property=\"og:title\" content=\"Ustalara Sayg\u0131 Sergisi Kent M\u00fczesinde A\u00e7\u0131ld\u0131\" \/>\n<meta property=\"og:description\" content=\"\u0130neg\u00f6l Belediyesi Kent M\u00fczesi\u2019nin kurulu\u015funun 16\u2019nc\u0131 y\u0131l\u0131 ve \u0130neg\u00f6l Mobilyac\u0131lar Odas\u0131n\u0131n kurulu\u015funun 60\u2019\u0131nc\u0131 y\u0131l\u0131na \u00f6zel iki kurum i\u015f birli\u011finde haz\u0131rlanan \u201cUstalara Sayg\u0131\u201d isimli sergi, bug\u00fcn d\u00fczenlenen t\u00f6renle a\u00e7\u0131ld\u0131. \u0130neg\u00f6l\u2019\u00fcn eski mobilya ustalar\u0131n\u0131n foto\u011fraflar\u0131n\u0131n yer ald\u0131\u011f\u0131 sergi adeta zamanda yolculu\u011fa \u00e7\u0131kar\u0131yor. \u200b\u0130neg\u00f6l Belediyesi Kent M\u00fczesi\u2019nin kurulu\u015funun 16\u2019nc\u0131 y\u0131l\u0131 ve \u0130neg\u00f6l Mobilyac\u0131lar Odas\u0131n\u0131n kurulu\u015funun 60\u2019\u0131nc\u0131 y\u0131l\u0131na \u00f6zel iki kurum i\u015f birli\u011finde haz\u0131rlanan \u201cUstalara Sayg\u0131\u201d isimli sergi, bug\u00fcn d\u00fczenlenen t\u00f6renle a\u00e7\u0131ld\u0131. \u0130neg\u00f6l\u2019\u00fcn eski mobilya ustalar\u0131n\u0131n foto\u011fraflar\u0131n\u0131n yer ald\u0131\u011f\u0131 sergi adeta zamanda yolculu\u011fa \u00e7\u0131kar\u0131yor.\u00a0 \u200bHaberin Al\u0131nt\u0131land\u0131\u011f\u0131 Kaynak: www.iskenderun.org\" \/>\n<meta property=\"og:url\" content=\"https:\/\/denizcankizil.tr\/uk\/haberler\/gundem\/ustalara-saygi-sergisi-kent-muzesinde-acildi\/\" \/>\n<meta property=\"og:site_name\" content=\"Av. Deniz Can K\u0131z\u0131l\" \/>\n<meta property=\"article:published_time\" content=\"2025-01-11T09:41:43+00:00\" \/>\n<meta name=\"author\" content=\"admin\" \/>\n<meta name=\"twitter:card\" content=\"summary_large_image\" \/>\n<meta name=\"twitter:label1\" content=\"\u041d\u0430\u043f\u0438\u0441\u0430\u043d\u043e\" \/>\n\t<meta name=\"twitter:data1\" content=\"admin\" \/>\n\t<meta name=\"twitter:label2\" content=\"\u041f\u0440\u0438\u0431\u043b. \u0447\u0430\u0441 \u0447\u0438\u0442\u0430\u043d\u043d\u044f\" \/>\n\t<meta name=\"twitter:data2\" content=\"1 \u0445\u0432\u0438\u043b\u0438\u043d\u0430\" \/>\n<script type=\"application\/ld+json\" class=\"yoast-schema-graph\">{\"@context\":\"https:\/\/schema.org\",\"@graph\":[{\"@type\":\"Article\",\"@id\":\"https:\/\/denizcankizil.tr\/uk\/haberler\/gundem\/ustalara-saygi-sergisi-kent-muzesinde-acildi\/#article\",\"isPartOf\":{\"@id\":\"https:\/\/denizcankizil.tr\/uk\/haberler\/gundem\/ustalara-saygi-sergisi-kent-muzesinde-acildi\/\"},\"author\":{\"name\":\"admin\",\"@id\":\"https:\/\/denizcankizil.tr\/#\/schema\/person\/be3c05fe6a12686905512445d8185489\"},\"headline\":\"Ustalara Sayg\u0131 Sergisi Kent M\u00fczesinde A\u00e7\u0131ld\u0131\",\"datePublished\":\"2025-01-11T09:41:43+00:00\",\"mainEntityOfPage\":{\"@id\":\"https:\/\/denizcankizil.tr\/uk\/haberler\/gundem\/ustalara-saygi-sergisi-kent-muzesinde-acildi\/\"},\"wordCount\":150,\"commentCount\":0,\"publisher\":{\"@id\":\"https:\/\/denizcankizil.tr\/#organization\"},\"articleSection\":[\"G\u00fcndem\"],\"inLanguage\":\"uk\",\"potentialAction\":[{\"@type\":\"CommentAction\",\"name\":\"Comment\",\"target\":[\"https:\/\/denizcankizil.tr\/uk\/haberler\/gundem\/ustalara-saygi-sergisi-kent-muzesinde-acildi\/#respond\"]}]},{\"@type\":\"WebPage\",\"@id\":\"https:\/\/denizcankizil.tr\/uk\/haberler\/gundem\/ustalara-saygi-sergisi-kent-muzesinde-acildi\/\",\"url\":\"https:\/\/denizcankizil.tr\/uk\/haberler\/gundem\/ustalara-saygi-sergisi-kent-muzesinde-acildi\/\",\"name\":\"Ustalara Sayg\u0131 Sergisi Kent M\u00fczesinde A\u00e7\u0131ld\u0131 - Av. Deniz Can K\u0131z\u0131l\",\"isPartOf\":{\"@id\":\"https:\/\/denizcankizil.tr\/#website\"},\"datePublished\":\"2025-01-11T09:41:43+00:00\",\"breadcrumb\":{\"@id\":\"https:\/\/denizcankizil.tr\/uk\/haberler\/gundem\/ustalara-saygi-sergisi-kent-muzesinde-acildi\/#breadcrumb\"},\"inLanguage\":\"uk\",\"potentialAction\":[{\"@type\":\"ReadAction\",\"target\":[\"https:\/\/denizcankizil.tr\/uk\/haberler\/gundem\/ustalara-saygi-sergisi-kent-muzesinde-acildi\/\"]}]},{\"@type\":\"BreadcrumbList\",\"@id\":\"https:\/\/denizcankizil.tr\/uk\/haberler\/gundem\/ustalara-saygi-sergisi-kent-muzesinde-acildi\/#breadcrumb\",\"itemListElement\":[{\"@type\":\"ListItem\",\"position\":1,\"name\":\"Home\",\"item\":\"https:\/\/denizcankizil.tr\/de\/\"},{\"@type\":\"ListItem\",\"position\":2,\"name\":\"Ustalara Sayg\u0131 Sergisi Kent M\u00fczesinde A\u00e7\u0131ld\u0131\"}]},{\"@type\":\"WebSite\",\"@id\":\"https:\/\/denizcankizil.tr\/#website\",\"url\":\"https:\/\/denizcankizil.tr\/\",\"name\":\"Av. Deniz Can K\u0131z\u0131l\",\"description\":\"Avukat Deniz Can K\u0131z\u0131l Antalya Barosu\",\"publisher\":{\"@id\":\"https:\/\/denizcankizil.tr\/#organization\"},\"potentialAction\":[{\"@type\":\"SearchAction\",\"target\":{\"@type\":\"EntryPoint\",\"urlTemplate\":\"https:\/\/denizcankizil.tr\/?s={search_term_string}\"},\"query-input\":{\"@type\":\"PropertyValueSpecification\",\"valueRequired\":true,\"valueName\":\"search_term_string\"}}],\"inLanguage\":\"uk\"},{\"@type\":\"Organization\",\"@id\":\"https:\/\/denizcankizil.tr\/#organization\",\"name\":\"Av. Deniz Can K\u0131z\u0131l\",\"url\":\"https:\/\/denizcankizil.tr\/\",\"logo\":{\"@type\":\"ImageObject\",\"inLanguage\":\"uk\",\"@id\":\"https:\/\/denizcankizil.tr\/#\/schema\/logo\/image\/\",\"url\":\"https:\/\/denizcankizil.tr\/wp-content\/uploads\/2024\/10\/siyah-logo-svg.svg\",\"contentUrl\":\"https:\/\/denizcankizil.tr\/wp-content\/uploads\/2024\/10\/siyah-logo-svg.svg\",\"width\":1080,\"height\":1080,\"caption\":\"Av. Deniz Can K\u0131z\u0131l\"},\"image\":{\"@id\":\"https:\/\/denizcankizil.tr\/#\/schema\/logo\/image\/\"}},{\"@type\":\"Person\",\"@id\":\"https:\/\/denizcankizil.tr\/#\/schema\/person\/be3c05fe6a12686905512445d8185489\",\"name\":\"admin\",\"image\":{\"@type\":\"ImageObject\",\"inLanguage\":\"uk\",\"@id\":\"https:\/\/denizcankizil.tr\/#\/schema\/person\/image\/\",\"url\":\"https:\/\/secure.gravatar.com\/avatar\/c1fce94c830dc79107e174f890d7210541c4a63e8e5d816341794a2151c9d58c?s=96&d=mm&r=g\",\"contentUrl\":\"https:\/\/secure.gravatar.com\/avatar\/c1fce94c830dc79107e174f890d7210541c4a63e8e5d816341794a2151c9d58c?s=96&d=mm&r=g\",\"caption\":\"admin\"},\"sameAs\":[\"http:\/\/denizcankizil.tr\"],\"url\":\"https:\/\/www.iskenderun.org\/ustalara-saygi-sergisi-kent-muzesinde-acildi\"}]}<\/script>\n<!-- \/ Yoast SEO Premium plugin. -->","yoast_head_json":{"title":"Ustalara Sayg\u0131 Sergisi Kent M\u00fczesinde A\u00e7\u0131ld\u0131 - Av. Deniz Can K\u0131z\u0131l","robots":{"index":"index","follow":"follow","max-snippet":"max-snippet:-1","max-image-preview":"max-image-preview:large","max-video-preview":"max-video-preview:-1"},"canonical":"https:\/\/denizcankizil.tr\/uk\/haberler\/gundem\/ustalara-saygi-sergisi-kent-muzesinde-acildi\/","og_locale":"uk_UA","og_type":"article","og_title":"Ustalara Sayg\u0131 Sergisi Kent M\u00fczesinde A\u00e7\u0131ld\u0131","og_description":"\u0130neg\u00f6l Belediyesi Kent M\u00fczesi\u2019nin kurulu\u015funun 16\u2019nc\u0131 y\u0131l\u0131 ve \u0130neg\u00f6l Mobilyac\u0131lar Odas\u0131n\u0131n kurulu\u015funun 60\u2019\u0131nc\u0131 y\u0131l\u0131na \u00f6zel iki kurum i\u015f birli\u011finde haz\u0131rlanan \u201cUstalara Sayg\u0131\u201d isimli sergi, bug\u00fcn d\u00fczenlenen t\u00f6renle a\u00e7\u0131ld\u0131. \u0130neg\u00f6l\u2019\u00fcn eski mobilya ustalar\u0131n\u0131n foto\u011fraflar\u0131n\u0131n yer ald\u0131\u011f\u0131 sergi adeta zamanda yolculu\u011fa \u00e7\u0131kar\u0131yor. \u200b\u0130neg\u00f6l Belediyesi Kent M\u00fczesi\u2019nin kurulu\u015funun 16\u2019nc\u0131 y\u0131l\u0131 ve \u0130neg\u00f6l Mobilyac\u0131lar Odas\u0131n\u0131n kurulu\u015funun 60\u2019\u0131nc\u0131 y\u0131l\u0131na \u00f6zel iki kurum i\u015f birli\u011finde haz\u0131rlanan \u201cUstalara Sayg\u0131\u201d isimli sergi, bug\u00fcn d\u00fczenlenen t\u00f6renle a\u00e7\u0131ld\u0131. \u0130neg\u00f6l\u2019\u00fcn eski mobilya ustalar\u0131n\u0131n foto\u011fraflar\u0131n\u0131n yer ald\u0131\u011f\u0131 sergi adeta zamanda yolculu\u011fa \u00e7\u0131kar\u0131yor.\u00a0 \u200bHaberin Al\u0131nt\u0131land\u0131\u011f\u0131 Kaynak: www.iskenderun.org","og_url":"https:\/\/denizcankizil.tr\/uk\/haberler\/gundem\/ustalara-saygi-sergisi-kent-muzesinde-acildi\/","og_site_name":"Av. Deniz Can K\u0131z\u0131l","article_published_time":"2025-01-11T09:41:43+00:00","author":"admin","twitter_card":"summary_large_image","twitter_misc":{"\u041d\u0430\u043f\u0438\u0441\u0430\u043d\u043e":"admin","\u041f\u0440\u0438\u0431\u043b. \u0447\u0430\u0441 \u0447\u0438\u0442\u0430\u043d\u043d\u044f":"1 \u0445\u0432\u0438\u043b\u0438\u043d\u0430"},"schema":{"@context":"https:\/\/schema.org","@graph":[{"@type":"Article","@id":"https:\/\/denizcankizil.tr\/uk\/haberler\/gundem\/ustalara-saygi-sergisi-kent-muzesinde-acildi\/#article","isPartOf":{"@id":"https:\/\/denizcankizil.tr\/uk\/haberler\/gundem\/ustalara-saygi-sergisi-kent-muzesinde-acildi\/"},"author":{"name":"admin","@id":"https:\/\/denizcankizil.tr\/#\/schema\/person\/be3c05fe6a12686905512445d8185489"},"headline":"Ustalara Sayg\u0131 Sergisi Kent M\u00fczesinde A\u00e7\u0131ld\u0131","datePublished":"2025-01-11T09:41:43+00:00","mainEntityOfPage":{"@id":"https:\/\/denizcankizil.tr\/uk\/haberler\/gundem\/ustalara-saygi-sergisi-kent-muzesinde-acildi\/"},"wordCount":150,"commentCount":0,"publisher":{"@id":"https:\/\/denizcankizil.tr\/#organization"},"articleSection":["G\u00fcndem"],"inLanguage":"uk","potentialAction":[{"@type":"CommentAction","name":"Comment","target":["https:\/\/denizcankizil.tr\/uk\/haberler\/gundem\/ustalara-saygi-sergisi-kent-muzesinde-acildi\/#respond"]}]},{"@type":"WebPage","@id":"https:\/\/denizcankizil.tr\/uk\/haberler\/gundem\/ustalara-saygi-sergisi-kent-muzesinde-acildi\/","url":"https:\/\/denizcankizil.tr\/uk\/haberler\/gundem\/ustalara-saygi-sergisi-kent-muzesinde-acildi\/","name":"Ustalara Sayg\u0131 Sergisi Kent M\u00fczesinde A\u00e7\u0131ld\u0131 - Av. Deniz Can K\u0131z\u0131l","isPartOf":{"@id":"https:\/\/denizcankizil.tr\/#website"},"datePublished":"2025-01-11T09:41:43+00:00","breadcrumb":{"@id":"https:\/\/denizcankizil.tr\/uk\/haberler\/gundem\/ustalara-saygi-sergisi-kent-muzesinde-acildi\/#breadcrumb"},"inLanguage":"uk","potentialAction":[{"@type":"ReadAction","target":["https:\/\/denizcankizil.tr\/uk\/haberler\/gundem\/ustalara-saygi-sergisi-kent-muzesinde-acildi\/"]}]},{"@type":"BreadcrumbList","@id":"https:\/\/denizcankizil.tr\/uk\/haberler\/gundem\/ustalara-saygi-sergisi-kent-muzesinde-acildi\/#breadcrumb","itemListElement":[{"@type":"ListItem","position":1,"name":"Home","item":"https:\/\/denizcankizil.tr\/de\/"},{"@type":"ListItem","position":2,"name":"Ustalara Sayg\u0131 Sergisi Kent M\u00fczesinde A\u00e7\u0131ld\u0131"}]},{"@type":"WebSite","@id":"https:\/\/denizcankizil.tr\/#website","url":"https:\/\/denizcankizil.tr\/","name":"Av. Deniz Can K\u0131z\u0131l","description":"Avukat Deniz Can K\u0131z\u0131l Antalya Barosu","publisher":{"@id":"https:\/\/denizcankizil.tr\/#organization"},"potentialAction":[{"@type":"SearchAction","target":{"@type":"EntryPoint","urlTemplate":"https:\/\/denizcankizil.tr\/?s={search_term_string}"},"query-input":{"@type":"PropertyValueSpecification","valueRequired":true,"valueName":"search_term_string"}}],"inLanguage":"uk"},{"@type":"Organization","@id":"https:\/\/denizcankizil.tr\/#organization","name":"Av. Deniz Can K\u0131z\u0131l","url":"https:\/\/denizcankizil.tr\/","logo":{"@type":"ImageObject","inLanguage":"uk","@id":"https:\/\/denizcankizil.tr\/#\/schema\/logo\/image\/","url":"https:\/\/denizcankizil.tr\/wp-content\/uploads\/2024\/10\/siyah-logo-svg.svg","contentUrl":"https:\/\/denizcankizil.tr\/wp-content\/uploads\/2024\/10\/siyah-logo-svg.svg","width":1080,"height":1080,"caption":"Av. Deniz Can K\u0131z\u0131l"},"image":{"@id":"https:\/\/denizcankizil.tr\/#\/schema\/logo\/image\/"}},{"@type":"Person","@id":"https:\/\/denizcankizil.tr\/#\/schema\/person\/be3c05fe6a12686905512445d8185489","name":"\u0430\u0434\u043c\u0456\u043d","image":{"@type":"ImageObject","inLanguage":"uk","@id":"https:\/\/denizcankizil.tr\/#\/schema\/person\/image\/","url":"https:\/\/secure.gravatar.com\/avatar\/c1fce94c830dc79107e174f890d7210541c4a63e8e5d816341794a2151c9d58c?s=96&d=mm&r=g","contentUrl":"https:\/\/secure.gravatar.com\/avatar\/c1fce94c830dc79107e174f890d7210541c4a63e8e5d816341794a2151c9d58c?s=96&d=mm&r=g","caption":"admin"},"sameAs":["http:\/\/denizcankizil.tr"],"url":"https:\/\/www.iskenderun.org\/ustalara-saygi-sergisi-kent-muzesinde-acildi"}]}},"_links":{"self":[{"href":"https:\/\/denizcankizil.tr\/uk\/wp-json\/wp\/v2\/posts\/24914","targetHints":{"allow":["GET"]}}],"collection":[{"href":"https:\/\/denizcankizil.tr\/uk\/wp-json\/wp\/v2\/posts"}],"about":[{"href":"https:\/\/denizcankizil.tr\/uk\/wp-json\/wp\/v2\/types\/post"}],"author":[{"embeddable":true,"href":"https:\/\/denizcankizil.tr\/uk\/wp-json\/wp\/v2\/users\/1"}],"replies":[{"embeddable":true,"href":"https:\/\/denizcankizil.tr\/uk\/wp-json\/wp\/v2\/comments?post=24914"}],"version-history":[{"count":0,"href":"https:\/\/denizcankizil.tr\/uk\/wp-json\/wp\/v2\/posts\/24914\/revisions"}],"wp:attachment":[{"href":"https:\/\/denizcankizil.tr\/uk\/wp-json\/wp\/v2\/media?parent=24914"}],"wp:term":[{"taxonomy":"category","embeddable":true,"href":"https:\/\/denizcankizil.tr\/uk\/wp-json\/wp\/v2\/categories?post=24914"},{"taxonomy":"post_tag","embeddable":true,"href":"https:\/\/denizcankizil.tr\/uk\/wp-json\/wp\/v2\/tags?post=24914"}],"curies":[{"name":"wp","href":"https:\/\/api.w.org\/{rel}","templated":true}]}}