{"id":24850,"date":"2025-01-10T18:41:17","date_gmt":"2025-01-10T15:41:17","guid":{"rendered":"https:\/\/denizcankizil.tr\/uncategorized-tr\/antalyada-ogretmenler-barinamiyor-maasin-yarisi-kiraya-gidiyor\/"},"modified":"2025-01-10T18:41:17","modified_gmt":"2025-01-10T15:41:17","slug":"antalyada-ogretmenler-barinamiyor-maasin-yarisi-kiraya-gidiyor","status":"publish","type":"post","link":"https:\/\/denizcankizil.tr\/uk\/haberler\/gundem\/antalyada-ogretmenler-barinamiyor-maasin-yarisi-kiraya-gidiyor\/","title":{"rendered":"Antalya\u2019da \u00f6\u011fretmenler bar\u0131nam\u0131yor: Maa\u015f\u0131n yar\u0131s\u0131 kiraya gidiyor"},"content":{"rendered":"<p>Ge\u00e7ti\u011fimiz g\u00fcnlerde T\u00fcrkiye \u0130statistik Kurumu (T\u00dc\u0130K) \u00fclke genelindeki ev kiral\u0131lar\u0131 ve \u00f6\u011fretmen maa\u015flar\u0131 ile ilgili veri yay\u0131nlad\u0131. Yay\u0131nlanan bu verilere g\u00f6re; Antalya\u2019da g\u00f6rev yapan bir \u00f6\u011fretmen, maa\u015f\u0131n\u0131n y\u00fczde 35\u2019ini kiraya harcad\u0131\u011f\u0131 a\u00e7\u0131kland\u0131. E\u011fitim-Sen Antalya \u015eube Ba\u015fkan\u0131 Kadir \u00d6zt\u00fcrk bu verilerin do\u011fru olmad\u0131\u011f\u0131n\u0131 ve kendi ald\u0131\u011f\u0131 maa\u015f \u00fczerinden hesaplamalar yaparak Antalya\u2019da g\u00f6rev yapan bir \u00f6\u011fretmenin maa\u015f\u0131n\u0131n en az y\u00fczde 50\u2019sini kiraya harcad\u0131\u011f\u0131n\u0131 belirtti. \u00a0<\/p>\n<p>\u00d6\u011eRETMENLER\u0130N BARINMA SORUNU \u00a0<\/p>\n<p>Ge\u00e7ti\u011fimiz g\u00fcnlerde T\u00dc\u0130K, T\u00fcrkiye&#8217;deki ev kiralar\u0131 ve \u00f6\u011fretmen maa\u015flar\u0131 ile alakal\u0131 veri yay\u0131nlad\u0131. Payla\u015f\u0131lan bu veriler baz al\u0131narak \u00f6\u011fretmenlerin bar\u0131nma i\u00e7in maa\u015flar\u0131n\u0131n y\u00fczde ka\u00e7\u0131n\u0131 harcamas\u0131 gerekti\u011fin hesapland\u0131. A\u00e7\u0131klanan rapora g\u00f6re \u00f6\u011fretmenlerin en \u00e7ok kira \u00f6dedikleri \u015fehir \u0130stanbul oldu. T\u00dc\u0130K verilerine g\u00f6re; \u0130stanbul\u2019da ya\u015famak isteyen bir \u00f6\u011fretmenin maa\u015f\u0131n\u0131n y\u00fczde 47\u2019sini kiraya ay\u0131rmas\u0131 gerekiyor. Ankara y\u00fczde 40 ile ikinci s\u0131rada yer al\u0131rken Antalya ise y\u00fczde 35 ile \u00fc\u00e7\u00fcnc\u00fc s\u0131rada yer ald\u0131.\u00a0<\/p>\n<p>\u00d6\u011eRETMENLER MAA\u015eLARININ YARISINI K\u0130RAYA HARCIYOR\u00a0<\/p>\n<p>T\u00dc\u0130K verilerine g\u00f6re; Antalya\u2019da ortalama ev kiralar\u0131 18.749 TL. Bu da bir \u00f6\u011fretmen maa\u015f\u0131n\u0131n\u0131m y\u00fczde 35\u2019ine tekab\u00fcl ediyor. E\u011fitim-Sen Antalya \u015eube Ba\u015fkan\u0131 Kadir \u00d6zt\u00fcrk ise bu a\u00e7\u0131klanan verilerin do\u011fru olmad\u0131\u011f\u0131n\u0131 belirtti. \u00d6zt\u00fcrk\u2019e g\u00f6re Antalya\u2019da ya\u015famak isteyen bir \u00f6\u011fretmenin maa\u015f\u0131n\u0131n en az y\u00fczde 50\u2019sini kiraya harcamas\u0131 gerekiyor.<\/p>\n<p>ANTALYA\u2019DA EV K\u0130RALARI 30 B\u0130N TL\u00a0<\/p>\n<p>\u015eu anda Antalya\u2019n\u0131n merkez il\u00e7elerinde 30 bin TL\u2019den a\u015fa\u011f\u0131 kiral\u0131k ev olmad\u0131\u011f\u0131n\u0131 ve \u00f6\u011fretmenevlerinin de pahal\u0131 oldu\u011funa de\u011finen \u00d6zt\u00fcrk, \u201c\u00d6\u011fretmenlerin kiraya \u00f6dedikleri tutar maa\u015flar\u0131n\u0131n y\u00fczde 50\u2019sinden fazla. Merkez il\u00e7elerden Konyaalt\u0131 ve Muratpa\u015fa\u2019daki evlerin fiyatlar\u0131n\u0131n yan\u0131na yakla\u015f\u0131lamazken, Kepez\u2019de ise evler bir nebze daha uygun. Muratpa\u015fa ve Konyaalt\u0131\u2019nda \u015fu anda normal \u015fartlarda 30 bin TL\u2019den a\u015fa\u011f\u0131 3+1 ev yok. \u00d6\u011fretmenevlerinde de kalamazlar. Biliyorsunuz Manavgat\u2019taki \u00f6\u011fretmenevi kapat\u0131ld\u0131. \u00d6\u011fretmenevleri ayn\u0131 zamanda \u00e7ok pahal\u0131. \u00d6\u011fretmenlerin kalacak bir yeri yok. \u201d dedi.\u00a0<\/p>\n<p>\u00d6\u011eRETMENLER\u0130N MAA\u015eLARININ Y\u00dcZDE 60\u2019I K\u0130RAYA G\u0130D\u0130YOR\u00a0<\/p>\n<p>\u00d6\u011fretmenlerin durumunu kendi ald\u0131\u011f\u0131 maa\u015f \u00fczerinden a\u00e7\u0131klayan Kadir \u00d6zt\u00fcrk, \u201c\u015eu an yeni zamlarla beraber vergi dilime girdi\u011fim i\u00e7in benim, Aral\u0131k ay\u0131 maa\u015f\u0131m 42 bin TL oldu. Fakat bundan \u00f6nce 45-44 falan al\u0131yordum. 42 bin TL\u2019ye y\u00fczde 11 oran\u0131nda bir zam yaparsan\u0131z yakla\u015f\u0131k 5 bin lira gibi bir para yapar. Yani toplam 49 bin lira. Ev kiralar\u0131 30 bin lira olursa bu y\u00fczde 35\u2019e de\u011fil y\u00fczde 60\u2019a tekab\u00fcl ediyor demektir. Herkeste ek ders alm\u0131yor. Ek ders al\u0131rsan\u0131z 10-15 bin TL bir para geliyor. Ama bu herkese gelmiyor. Mesela bana gelmedi.\u00a0 \u00d6\u011fretmenlerin maa\u015flar\u0131n\u0131n en az y\u00fczde 50\u2019si ev kiralar\u0131na gidiyor. O da en az. Durum b\u00f6yle olunca \u00f6\u011fretmenler art\u0131k bar\u0131nam\u0131yor. Ev kiralar\u0131na para yeti\u015ftirirse geriye kalan parayla hayatlar\u0131n\u0131 nas\u0131l d\u00f6nd\u00fcrecekler ? Bu durum her ge\u00e7en g\u00fcn daha da k\u00f6t\u00fcye gidiyor\u201d ifadelerini kulland\u0131.\u00a0<\/p>\n<p>\u200bAntalya\u2019da bar\u0131nma sorunu giderek b\u00fcy\u00fcyor.  E\u011fitim Sen \u015eube Ba\u015fkan\u0131 Kadir \u00d6zt\u00fcrk, \u00f6\u011fretmen maa\u015f\u0131n\u0131n kirada eridi\u011fini s\u00f6yledi. Ba\u015fkan \u00d6zt\u00fcrk, \u201cAntalya&#8217;da ev kiralar\u0131 ortalama 30 bin lira. Bu da \u00f6\u011fretmenlerin maa\u015flar\u0131n\u0131n y\u00fczde 50&#8217;sine denk geliyor\u201d dedi.\u00a0<\/p>\n<p>\u200bHaberin Al\u0131nt\u0131land\u0131\u011f\u0131 Kaynak: www.antalyakorfez.com<\/p>","protected":false},"excerpt":{"rendered":"<p>Ge\u00e7ti\u011fimiz g\u00fcnlerde T\u00fcrkiye \u0130statistik Kurumu (T\u00dc\u0130K) \u00fclke genelindeki ev kiral\u0131lar\u0131 ve \u00f6\u011fretmen maa\u015flar\u0131 ile ilgili veri yay\u0131nlad\u0131. Yay\u0131nlanan bu verilere g\u00f6re; Antalya\u2019da g\u00f6rev yapan bir \u00f6\u011fretmen, maa\u015f\u0131n\u0131n y\u00fczde 35\u2019ini kiraya harcad\u0131\u011f\u0131 a\u00e7\u0131kland\u0131. E\u011fitim-Sen Antalya \u015eube Ba\u015fkan\u0131 Kadir \u00d6zt\u00fcrk bu verilerin do\u011fru olmad\u0131\u011f\u0131n\u0131 ve kendi ald\u0131\u011f\u0131 maa\u015f \u00fczerinden hesaplamalar yaparak Antalya\u2019da g\u00f6rev yapan bir \u00f6\u011fretmenin maa\u015f\u0131n\u0131n en az y\u00fczde 50\u2019sini kiraya harcad\u0131\u011f\u0131n\u0131 belirtti. \u00a0 \u00d6\u011eRETMENLER\u0130N BARINMA SORUNU \u00a0 Ge\u00e7ti\u011fimiz g\u00fcnlerde T\u00dc\u0130K, T\u00fcrkiye&#8217;deki ev kiralar\u0131 ve \u00f6\u011fretmen maa\u015flar\u0131 ile alakal\u0131 veri yay\u0131nlad\u0131. Payla\u015f\u0131lan bu veriler baz al\u0131narak \u00f6\u011fretmenlerin bar\u0131nma i\u00e7in maa\u015flar\u0131n\u0131n y\u00fczde ka\u00e7\u0131n\u0131 harcamas\u0131 gerekti\u011fin hesapland\u0131. A\u00e7\u0131klanan rapora g\u00f6re \u00f6\u011fretmenlerin en \u00e7ok kira \u00f6dedikleri \u015fehir \u0130stanbul oldu. T\u00dc\u0130K verilerine g\u00f6re; \u0130stanbul\u2019da ya\u015famak isteyen bir \u00f6\u011fretmenin maa\u015f\u0131n\u0131n y\u00fczde 47\u2019sini kiraya ay\u0131rmas\u0131 gerekiyor. Ankara y\u00fczde 40 ile ikinci s\u0131rada yer al\u0131rken Antalya ise y\u00fczde 35 ile \u00fc\u00e7\u00fcnc\u00fc s\u0131rada yer ald\u0131.\u00a0 \u00d6\u011eRETMENLER MAA\u015eLARININ YARISINI K\u0130RAYA HARCIYOR\u00a0 T\u00dc\u0130K verilerine g\u00f6re; Antalya\u2019da ortalama ev kiralar\u0131 18.749 TL. Bu da bir \u00f6\u011fretmen maa\u015f\u0131n\u0131n\u0131m y\u00fczde 35\u2019ine tekab\u00fcl ediyor. E\u011fitim-Sen Antalya \u015eube Ba\u015fkan\u0131 Kadir \u00d6zt\u00fcrk ise bu a\u00e7\u0131klanan verilerin do\u011fru olmad\u0131\u011f\u0131n\u0131 belirtti. \u00d6zt\u00fcrk\u2019e g\u00f6re Antalya\u2019da ya\u015famak isteyen bir \u00f6\u011fretmenin maa\u015f\u0131n\u0131n en az y\u00fczde 50\u2019sini kiraya harcamas\u0131 gerekiyor. ANTALYA\u2019DA EV K\u0130RALARI 30 B\u0130N TL\u00a0 \u015eu anda Antalya\u2019n\u0131n merkez il\u00e7elerinde 30 bin &hellip;<\/p>","protected":false},"author":5,"featured_media":0,"comment_status":"open","ping_status":"open","sticky":false,"template":"","format":"standard","meta":{"_acf_changed":false,"footnotes":""},"categories":[24],"tags":[],"class_list":["post-24850","post","type-post","status-publish","format-standard","has-post-thumbnail","hentry","category-gundem"],"acf":[],"yoast_head":"<!-- This site is optimized with the Yoast SEO Premium plugin v26.6 (Yoast SEO v27.1.1) - https:\/\/yoast.com\/product\/yoast-seo-premium-wordpress\/ -->\n<title>Antalya\u2019da \u00f6\u011fretmenler bar\u0131nam\u0131yor: Maa\u015f\u0131n yar\u0131s\u0131 kiraya gidiyor - Av. Deniz Can K\u0131z\u0131l<\/title>\n<meta name=\"robots\" content=\"index, follow, max-snippet:-1, max-image-preview:large, max-video-preview:-1\" \/>\n<link rel=\"canonical\" href=\"http:\/\/denizcankizil.tr\/uk\/haberler\/gundem\/antalyada-ogretmenler-barinamiyor-maasin-yarisi-kiraya-gidiyor\/\" \/>\n<meta property=\"og:locale\" content=\"uk_UA\" \/>\n<meta property=\"og:type\" content=\"article\" \/>\n<meta property=\"og:title\" content=\"Antalya\u2019da \u00f6\u011fretmenler bar\u0131nam\u0131yor: Maa\u015f\u0131n yar\u0131s\u0131 kiraya gidiyor\" \/>\n<meta property=\"og:description\" content=\"Ge\u00e7ti\u011fimiz g\u00fcnlerde T\u00fcrkiye \u0130statistik Kurumu (T\u00dc\u0130K) \u00fclke genelindeki ev kiral\u0131lar\u0131 ve \u00f6\u011fretmen maa\u015flar\u0131 ile ilgili veri yay\u0131nlad\u0131. Yay\u0131nlanan bu verilere g\u00f6re; Antalya\u2019da g\u00f6rev yapan bir \u00f6\u011fretmen, maa\u015f\u0131n\u0131n y\u00fczde 35\u2019ini kiraya harcad\u0131\u011f\u0131 a\u00e7\u0131kland\u0131. E\u011fitim-Sen Antalya \u015eube Ba\u015fkan\u0131 Kadir \u00d6zt\u00fcrk bu verilerin do\u011fru olmad\u0131\u011f\u0131n\u0131 ve kendi ald\u0131\u011f\u0131 maa\u015f \u00fczerinden hesaplamalar yaparak Antalya\u2019da g\u00f6rev yapan bir \u00f6\u011fretmenin maa\u015f\u0131n\u0131n en az y\u00fczde 50\u2019sini kiraya harcad\u0131\u011f\u0131n\u0131 belirtti. \u00a0 \u00d6\u011eRETMENLER\u0130N BARINMA SORUNU \u00a0 Ge\u00e7ti\u011fimiz g\u00fcnlerde T\u00dc\u0130K, T\u00fcrkiye&#8217;deki ev kiralar\u0131 ve \u00f6\u011fretmen maa\u015flar\u0131 ile alakal\u0131 veri yay\u0131nlad\u0131. Payla\u015f\u0131lan bu veriler baz al\u0131narak \u00f6\u011fretmenlerin bar\u0131nma i\u00e7in maa\u015flar\u0131n\u0131n y\u00fczde ka\u00e7\u0131n\u0131 harcamas\u0131 gerekti\u011fin hesapland\u0131. A\u00e7\u0131klanan rapora g\u00f6re \u00f6\u011fretmenlerin en \u00e7ok kira \u00f6dedikleri \u015fehir \u0130stanbul oldu. T\u00dc\u0130K verilerine g\u00f6re; \u0130stanbul\u2019da ya\u015famak isteyen bir \u00f6\u011fretmenin maa\u015f\u0131n\u0131n y\u00fczde 47\u2019sini kiraya ay\u0131rmas\u0131 gerekiyor. Ankara y\u00fczde 40 ile ikinci s\u0131rada yer al\u0131rken Antalya ise y\u00fczde 35 ile \u00fc\u00e7\u00fcnc\u00fc s\u0131rada yer ald\u0131.\u00a0 \u00d6\u011eRETMENLER MAA\u015eLARININ YARISINI K\u0130RAYA HARCIYOR\u00a0 T\u00dc\u0130K verilerine g\u00f6re; Antalya\u2019da ortalama ev kiralar\u0131 18.749 TL. Bu da bir \u00f6\u011fretmen maa\u015f\u0131n\u0131n\u0131m y\u00fczde 35\u2019ine tekab\u00fcl ediyor. E\u011fitim-Sen Antalya \u015eube Ba\u015fkan\u0131 Kadir \u00d6zt\u00fcrk ise bu a\u00e7\u0131klanan verilerin do\u011fru olmad\u0131\u011f\u0131n\u0131 belirtti. \u00d6zt\u00fcrk\u2019e g\u00f6re Antalya\u2019da ya\u015famak isteyen bir \u00f6\u011fretmenin maa\u015f\u0131n\u0131n en az y\u00fczde 50\u2019sini kiraya harcamas\u0131 gerekiyor. ANTALYA\u2019DA EV K\u0130RALARI 30 B\u0130N TL\u00a0 \u015eu anda Antalya\u2019n\u0131n merkez il\u00e7elerinde 30 bin &hellip;\" \/>\n<meta property=\"og:url\" content=\"http:\/\/denizcankizil.tr\/uk\/haberler\/gundem\/antalyada-ogretmenler-barinamiyor-maasin-yarisi-kiraya-gidiyor\/\" \/>\n<meta property=\"og:site_name\" content=\"Av. Deniz Can K\u0131z\u0131l\" \/>\n<meta property=\"article:published_time\" content=\"2025-01-10T15:41:17+00:00\" \/>\n<meta name=\"author\" content=\"Antalya K\u00f6rfez\" \/>\n<meta name=\"twitter:card\" content=\"summary_large_image\" \/>\n<meta name=\"twitter:label1\" content=\"\u041d\u0430\u043f\u0438\u0441\u0430\u043d\u043e\" \/>\n\t<meta name=\"twitter:data1\" content=\"Antalya K\u00f6rfez\" \/>\n\t<meta name=\"twitter:label2\" content=\"\u041f\u0440\u0438\u0431\u043b. \u0447\u0430\u0441 \u0447\u0438\u0442\u0430\u043d\u043d\u044f\" \/>\n\t<meta name=\"twitter:data2\" content=\"3 \u0445\u0432\u0438\u043b\u0438\u043d\u0438\" \/>\n<script type=\"application\/ld+json\" class=\"yoast-schema-graph\">{\"@context\":\"https:\/\/schema.org\",\"@graph\":[{\"@type\":\"Article\",\"@id\":\"http:\/\/denizcankizil.tr\/ru\/haberler\/gundem\/antalyada-ogretmenler-barinamiyor-maasin-yarisi-kiraya-gidiyor\/#article\",\"isPartOf\":{\"@id\":\"http:\/\/denizcankizil.tr\/ru\/haberler\/gundem\/antalyada-ogretmenler-barinamiyor-maasin-yarisi-kiraya-gidiyor\/\"},\"author\":{\"name\":\"Antalya K\u00f6rfez\",\"@id\":\"https:\/\/denizcankizil.tr\/de\/#\/schema\/person\/e1eb71bb4dd684d46563f0af307e1234\"},\"headline\":\"Antalya\u2019da \u00f6\u011fretmenler bar\u0131nam\u0131yor: Maa\u015f\u0131n yar\u0131s\u0131 kiraya gidiyor\",\"datePublished\":\"2025-01-10T15:41:17+00:00\",\"mainEntityOfPage\":{\"@id\":\"http:\/\/denizcankizil.tr\/ru\/haberler\/gundem\/antalyada-ogretmenler-barinamiyor-maasin-yarisi-kiraya-gidiyor\/\"},\"wordCount\":619,\"commentCount\":0,\"publisher\":{\"@id\":\"https:\/\/denizcankizil.tr\/de\/#organization\"},\"articleSection\":[\"G\u00fcndem\"],\"inLanguage\":\"uk\",\"potentialAction\":[{\"@type\":\"CommentAction\",\"name\":\"Comment\",\"target\":[\"http:\/\/denizcankizil.tr\/ru\/haberler\/gundem\/antalyada-ogretmenler-barinamiyor-maasin-yarisi-kiraya-gidiyor\/#respond\"]}]},{\"@type\":\"WebPage\",\"@id\":\"http:\/\/denizcankizil.tr\/ru\/haberler\/gundem\/antalyada-ogretmenler-barinamiyor-maasin-yarisi-kiraya-gidiyor\/\",\"url\":\"http:\/\/denizcankizil.tr\/ru\/haberler\/gundem\/antalyada-ogretmenler-barinamiyor-maasin-yarisi-kiraya-gidiyor\/\",\"name\":\"Antalya\u2019da \u00f6\u011fretmenler bar\u0131nam\u0131yor: Maa\u015f\u0131n yar\u0131s\u0131 kiraya gidiyor - Av. Deniz Can K\u0131z\u0131l\",\"isPartOf\":{\"@id\":\"https:\/\/denizcankizil.tr\/de\/#website\"},\"datePublished\":\"2025-01-10T15:41:17+00:00\",\"breadcrumb\":{\"@id\":\"http:\/\/denizcankizil.tr\/ru\/haberler\/gundem\/antalyada-ogretmenler-barinamiyor-maasin-yarisi-kiraya-gidiyor\/#breadcrumb\"},\"inLanguage\":\"uk\",\"potentialAction\":[{\"@type\":\"ReadAction\",\"target\":[\"http:\/\/denizcankizil.tr\/ru\/haberler\/gundem\/antalyada-ogretmenler-barinamiyor-maasin-yarisi-kiraya-gidiyor\/\"]}]},{\"@type\":\"BreadcrumbList\",\"@id\":\"http:\/\/denizcankizil.tr\/ru\/haberler\/gundem\/antalyada-ogretmenler-barinamiyor-maasin-yarisi-kiraya-gidiyor\/#breadcrumb\",\"itemListElement\":[{\"@type\":\"ListItem\",\"position\":1,\"name\":\"Home\",\"item\":\"https:\/\/denizcankizil.tr\/de\/\"},{\"@type\":\"ListItem\",\"position\":2,\"name\":\"Antalya\u2019da \u00f6\u011fretmenler bar\u0131nam\u0131yor: Maa\u015f\u0131n yar\u0131s\u0131 kiraya gidiyor\"}]},{\"@type\":\"WebSite\",\"@id\":\"https:\/\/denizcankizil.tr\/de\/#website\",\"url\":\"https:\/\/denizcankizil.tr\/de\/\",\"name\":\"Av. Deniz Can K\u0131z\u0131l\",\"description\":\"Avukat Deniz Can K\u0131z\u0131l Antalya Barosu\",\"publisher\":{\"@id\":\"https:\/\/denizcankizil.tr\/de\/#organization\"},\"potentialAction\":[{\"@type\":\"SearchAction\",\"target\":{\"@type\":\"EntryPoint\",\"urlTemplate\":\"https:\/\/denizcankizil.tr\/de\/?s={search_term_string}\"},\"query-input\":{\"@type\":\"PropertyValueSpecification\",\"valueRequired\":true,\"valueName\":\"search_term_string\"}}],\"inLanguage\":\"uk\"},{\"@type\":\"Organization\",\"@id\":\"https:\/\/denizcankizil.tr\/de\/#organization\",\"name\":\"Av. Deniz Can K\u0131z\u0131l\",\"url\":\"https:\/\/denizcankizil.tr\/de\/\",\"logo\":{\"@type\":\"ImageObject\",\"inLanguage\":\"uk\",\"@id\":\"https:\/\/denizcankizil.tr\/de\/#\/schema\/logo\/image\/\",\"url\":\"https:\/\/denizcankizil.tr\/wp-content\/uploads\/2024\/10\/siyah-logo-svg.svg\",\"contentUrl\":\"https:\/\/denizcankizil.tr\/wp-content\/uploads\/2024\/10\/siyah-logo-svg.svg\",\"width\":1080,\"height\":1080,\"caption\":\"Av. Deniz Can K\u0131z\u0131l\"},\"image\":{\"@id\":\"https:\/\/denizcankizil.tr\/de\/#\/schema\/logo\/image\/\"}},{\"@type\":\"Person\",\"@id\":\"https:\/\/denizcankizil.tr\/de\/#\/schema\/person\/e1eb71bb4dd684d46563f0af307e1234\",\"name\":\"Antalya K\u00f6rfez\",\"image\":{\"@type\":\"ImageObject\",\"inLanguage\":\"uk\",\"@id\":\"https:\/\/denizcankizil.tr\/de\/#\/schema\/person\/image\/\",\"url\":\"https:\/\/secure.gravatar.com\/avatar\/42b01982558a48a0b501fdcab6a408d3717ea5919095ee2e67b0e521799c5905?s=96&d=mm&r=g\",\"contentUrl\":\"https:\/\/secure.gravatar.com\/avatar\/42b01982558a48a0b501fdcab6a408d3717ea5919095ee2e67b0e521799c5905?s=96&d=mm&r=g\",\"caption\":\"Antalya K\u00f6rfez\"},\"sameAs\":[\"http:\/\/www.antalyakorfez.com\"],\"url\":\"https:\/\/www.antalyakorfez.com\/antalyada-ogretmenler-barinamiyor-maasin-yarisi-kiraya-gidiyor\"}]}<\/script>\n<!-- \/ Yoast SEO Premium plugin. -->","yoast_head_json":{"title":"Antalya\u2019da \u00f6\u011fretmenler bar\u0131nam\u0131yor: Maa\u015f\u0131n yar\u0131s\u0131 kiraya gidiyor - Av. Deniz Can K\u0131z\u0131l","robots":{"index":"index","follow":"follow","max-snippet":"max-snippet:-1","max-image-preview":"max-image-preview:large","max-video-preview":"max-video-preview:-1"},"canonical":"http:\/\/denizcankizil.tr\/uk\/haberler\/gundem\/antalyada-ogretmenler-barinamiyor-maasin-yarisi-kiraya-gidiyor\/","og_locale":"uk_UA","og_type":"article","og_title":"Antalya\u2019da \u00f6\u011fretmenler bar\u0131nam\u0131yor: Maa\u015f\u0131n yar\u0131s\u0131 kiraya gidiyor","og_description":"Ge\u00e7ti\u011fimiz g\u00fcnlerde T\u00fcrkiye \u0130statistik Kurumu (T\u00dc\u0130K) \u00fclke genelindeki ev kiral\u0131lar\u0131 ve \u00f6\u011fretmen maa\u015flar\u0131 ile ilgili veri yay\u0131nlad\u0131. Yay\u0131nlanan bu verilere g\u00f6re; Antalya\u2019da g\u00f6rev yapan bir \u00f6\u011fretmen, maa\u015f\u0131n\u0131n y\u00fczde 35\u2019ini kiraya harcad\u0131\u011f\u0131 a\u00e7\u0131kland\u0131. E\u011fitim-Sen Antalya \u015eube Ba\u015fkan\u0131 Kadir \u00d6zt\u00fcrk bu verilerin do\u011fru olmad\u0131\u011f\u0131n\u0131 ve kendi ald\u0131\u011f\u0131 maa\u015f \u00fczerinden hesaplamalar yaparak Antalya\u2019da g\u00f6rev yapan bir \u00f6\u011fretmenin maa\u015f\u0131n\u0131n en az y\u00fczde 50\u2019sini kiraya harcad\u0131\u011f\u0131n\u0131 belirtti. \u00a0 \u00d6\u011eRETMENLER\u0130N BARINMA SORUNU \u00a0 Ge\u00e7ti\u011fimiz g\u00fcnlerde T\u00dc\u0130K, T\u00fcrkiye&#8217;deki ev kiralar\u0131 ve \u00f6\u011fretmen maa\u015flar\u0131 ile alakal\u0131 veri yay\u0131nlad\u0131. Payla\u015f\u0131lan bu veriler baz al\u0131narak \u00f6\u011fretmenlerin bar\u0131nma i\u00e7in maa\u015flar\u0131n\u0131n y\u00fczde ka\u00e7\u0131n\u0131 harcamas\u0131 gerekti\u011fin hesapland\u0131. A\u00e7\u0131klanan rapora g\u00f6re \u00f6\u011fretmenlerin en \u00e7ok kira \u00f6dedikleri \u015fehir \u0130stanbul oldu. T\u00dc\u0130K verilerine g\u00f6re; \u0130stanbul\u2019da ya\u015famak isteyen bir \u00f6\u011fretmenin maa\u015f\u0131n\u0131n y\u00fczde 47\u2019sini kiraya ay\u0131rmas\u0131 gerekiyor. Ankara y\u00fczde 40 ile ikinci s\u0131rada yer al\u0131rken Antalya ise y\u00fczde 35 ile \u00fc\u00e7\u00fcnc\u00fc s\u0131rada yer ald\u0131.\u00a0 \u00d6\u011eRETMENLER MAA\u015eLARININ YARISINI K\u0130RAYA HARCIYOR\u00a0 T\u00dc\u0130K verilerine g\u00f6re; Antalya\u2019da ortalama ev kiralar\u0131 18.749 TL. Bu da bir \u00f6\u011fretmen maa\u015f\u0131n\u0131n\u0131m y\u00fczde 35\u2019ine tekab\u00fcl ediyor. E\u011fitim-Sen Antalya \u015eube Ba\u015fkan\u0131 Kadir \u00d6zt\u00fcrk ise bu a\u00e7\u0131klanan verilerin do\u011fru olmad\u0131\u011f\u0131n\u0131 belirtti. \u00d6zt\u00fcrk\u2019e g\u00f6re Antalya\u2019da ya\u015famak isteyen bir \u00f6\u011fretmenin maa\u015f\u0131n\u0131n en az y\u00fczde 50\u2019sini kiraya harcamas\u0131 gerekiyor. ANTALYA\u2019DA EV K\u0130RALARI 30 B\u0130N TL\u00a0 \u015eu anda Antalya\u2019n\u0131n merkez il\u00e7elerinde 30 bin &hellip;","og_url":"http:\/\/denizcankizil.tr\/uk\/haberler\/gundem\/antalyada-ogretmenler-barinamiyor-maasin-yarisi-kiraya-gidiyor\/","og_site_name":"Av. Deniz Can K\u0131z\u0131l","article_published_time":"2025-01-10T15:41:17+00:00","author":"Antalya K\u00f6rfez","twitter_card":"summary_large_image","twitter_misc":{"\u041d\u0430\u043f\u0438\u0441\u0430\u043d\u043e":"Antalya K\u00f6rfez","\u041f\u0440\u0438\u0431\u043b. \u0447\u0430\u0441 \u0447\u0438\u0442\u0430\u043d\u043d\u044f":"3 \u0445\u0432\u0438\u043b\u0438\u043d\u0438"},"schema":{"@context":"https:\/\/schema.org","@graph":[{"@type":"Article","@id":"http:\/\/denizcankizil.tr\/ru\/haberler\/gundem\/antalyada-ogretmenler-barinamiyor-maasin-yarisi-kiraya-gidiyor\/#article","isPartOf":{"@id":"http:\/\/denizcankizil.tr\/ru\/haberler\/gundem\/antalyada-ogretmenler-barinamiyor-maasin-yarisi-kiraya-gidiyor\/"},"author":{"name":"Antalya K\u00f6rfez","@id":"https:\/\/denizcankizil.tr\/de\/#\/schema\/person\/e1eb71bb4dd684d46563f0af307e1234"},"headline":"Antalya\u2019da \u00f6\u011fretmenler bar\u0131nam\u0131yor: Maa\u015f\u0131n yar\u0131s\u0131 kiraya gidiyor","datePublished":"2025-01-10T15:41:17+00:00","mainEntityOfPage":{"@id":"http:\/\/denizcankizil.tr\/ru\/haberler\/gundem\/antalyada-ogretmenler-barinamiyor-maasin-yarisi-kiraya-gidiyor\/"},"wordCount":619,"commentCount":0,"publisher":{"@id":"https:\/\/denizcankizil.tr\/de\/#organization"},"articleSection":["G\u00fcndem"],"inLanguage":"uk","potentialAction":[{"@type":"CommentAction","name":"Comment","target":["http:\/\/denizcankizil.tr\/ru\/haberler\/gundem\/antalyada-ogretmenler-barinamiyor-maasin-yarisi-kiraya-gidiyor\/#respond"]}]},{"@type":"WebPage","@id":"http:\/\/denizcankizil.tr\/ru\/haberler\/gundem\/antalyada-ogretmenler-barinamiyor-maasin-yarisi-kiraya-gidiyor\/","url":"http:\/\/denizcankizil.tr\/ru\/haberler\/gundem\/antalyada-ogretmenler-barinamiyor-maasin-yarisi-kiraya-gidiyor\/","name":"Antalya\u2019da \u00f6\u011fretmenler bar\u0131nam\u0131yor: Maa\u015f\u0131n yar\u0131s\u0131 kiraya gidiyor - Av. Deniz Can K\u0131z\u0131l","isPartOf":{"@id":"https:\/\/denizcankizil.tr\/de\/#website"},"datePublished":"2025-01-10T15:41:17+00:00","breadcrumb":{"@id":"http:\/\/denizcankizil.tr\/ru\/haberler\/gundem\/antalyada-ogretmenler-barinamiyor-maasin-yarisi-kiraya-gidiyor\/#breadcrumb"},"inLanguage":"uk","potentialAction":[{"@type":"ReadAction","target":["http:\/\/denizcankizil.tr\/ru\/haberler\/gundem\/antalyada-ogretmenler-barinamiyor-maasin-yarisi-kiraya-gidiyor\/"]}]},{"@type":"BreadcrumbList","@id":"http:\/\/denizcankizil.tr\/ru\/haberler\/gundem\/antalyada-ogretmenler-barinamiyor-maasin-yarisi-kiraya-gidiyor\/#breadcrumb","itemListElement":[{"@type":"ListItem","position":1,"name":"Home","item":"https:\/\/denizcankizil.tr\/de\/"},{"@type":"ListItem","position":2,"name":"Antalya\u2019da \u00f6\u011fretmenler bar\u0131nam\u0131yor: Maa\u015f\u0131n yar\u0131s\u0131 kiraya gidiyor"}]},{"@type":"WebSite","@id":"https:\/\/denizcankizil.tr\/de\/#website","url":"https:\/\/denizcankizil.tr\/de\/","name":"Av. Deniz Can K\u0131z\u0131l","description":"Avukat Deniz Can K\u0131z\u0131l Antalya Barosu","publisher":{"@id":"https:\/\/denizcankizil.tr\/de\/#organization"},"potentialAction":[{"@type":"SearchAction","target":{"@type":"EntryPoint","urlTemplate":"https:\/\/denizcankizil.tr\/de\/?s={search_term_string}"},"query-input":{"@type":"PropertyValueSpecification","valueRequired":true,"valueName":"search_term_string"}}],"inLanguage":"uk"},{"@type":"Organization","@id":"https:\/\/denizcankizil.tr\/de\/#organization","name":"Av. Deniz Can K\u0131z\u0131l","url":"https:\/\/denizcankizil.tr\/de\/","logo":{"@type":"ImageObject","inLanguage":"uk","@id":"https:\/\/denizcankizil.tr\/de\/#\/schema\/logo\/image\/","url":"https:\/\/denizcankizil.tr\/wp-content\/uploads\/2024\/10\/siyah-logo-svg.svg","contentUrl":"https:\/\/denizcankizil.tr\/wp-content\/uploads\/2024\/10\/siyah-logo-svg.svg","width":1080,"height":1080,"caption":"Av. Deniz Can K\u0131z\u0131l"},"image":{"@id":"https:\/\/denizcankizil.tr\/de\/#\/schema\/logo\/image\/"}},{"@type":"Person","@id":"https:\/\/denizcankizil.tr\/de\/#\/schema\/person\/e1eb71bb4dd684d46563f0af307e1234","name":"Antalya K\u00f6rfez","image":{"@type":"ImageObject","inLanguage":"uk","@id":"https:\/\/denizcankizil.tr\/de\/#\/schema\/person\/image\/","url":"https:\/\/secure.gravatar.com\/avatar\/42b01982558a48a0b501fdcab6a408d3717ea5919095ee2e67b0e521799c5905?s=96&d=mm&r=g","contentUrl":"https:\/\/secure.gravatar.com\/avatar\/42b01982558a48a0b501fdcab6a408d3717ea5919095ee2e67b0e521799c5905?s=96&d=mm&r=g","caption":"Antalya K\u00f6rfez"},"sameAs":["http:\/\/www.antalyakorfez.com"],"url":"https:\/\/www.antalyakorfez.com\/antalyada-ogretmenler-barinamiyor-maasin-yarisi-kiraya-gidiyor"}]}},"_links":{"self":[{"href":"https:\/\/denizcankizil.tr\/uk\/wp-json\/wp\/v2\/posts\/24850","targetHints":{"allow":["GET"]}}],"collection":[{"href":"https:\/\/denizcankizil.tr\/uk\/wp-json\/wp\/v2\/posts"}],"about":[{"href":"https:\/\/denizcankizil.tr\/uk\/wp-json\/wp\/v2\/types\/post"}],"author":[{"embeddable":true,"href":"https:\/\/denizcankizil.tr\/uk\/wp-json\/wp\/v2\/users\/5"}],"replies":[{"embeddable":true,"href":"https:\/\/denizcankizil.tr\/uk\/wp-json\/wp\/v2\/comments?post=24850"}],"version-history":[{"count":0,"href":"https:\/\/denizcankizil.tr\/uk\/wp-json\/wp\/v2\/posts\/24850\/revisions"}],"wp:attachment":[{"href":"https:\/\/denizcankizil.tr\/uk\/wp-json\/wp\/v2\/media?parent=24850"}],"wp:term":[{"taxonomy":"category","embeddable":true,"href":"https:\/\/denizcankizil.tr\/uk\/wp-json\/wp\/v2\/categories?post=24850"},{"taxonomy":"post_tag","embeddable":true,"href":"https:\/\/denizcankizil.tr\/uk\/wp-json\/wp\/v2\/tags?post=24850"}],"curies":[{"name":"wp","href":"https:\/\/api.w.org\/{rel}","templated":true}]}}