{"id":24822,"date":"2025-01-10T14:42:04","date_gmt":"2025-01-10T11:42:04","guid":{"rendered":"https:\/\/denizcankizil.tr\/uncategorized-tr\/iskenderunda-calisan-gazeteciler-gunu-kutlandi\/"},"modified":"2025-01-10T14:42:04","modified_gmt":"2025-01-10T11:42:04","slug":"iskenderunda-calisan-gazeteciler-gunu-kutlandi","status":"publish","type":"post","link":"https:\/\/denizcankizil.tr\/uk\/haberler\/gundem\/iskenderunda-calisan-gazeteciler-gunu-kutlandi\/","title":{"rendered":"\u0130skenderun\u2019da \u00c7al\u0131\u015fan Gazeteciler G\u00fcn\u00fc Kutland\u0131"},"content":{"rendered":"<p>T\u00f6ren kapsam\u0131nda, Atat\u00fcrk An\u0131t\u0131\u2019na \u00e7elenk b\u0131rak\u0131ld\u0131ktan sonra, ba\u015fta Gazi Mustafa Kemal Atat\u00fcrk ve silah arkada\u015flar\u0131 olmak \u00fczere, ebediyete intikal eden bas\u0131n emek\u00e7ileri i\u00e7in bir dakikal\u0131k sayg\u0131 duru\u015funda bulunuldu. Ard\u0131ndan \u0130stiklal Mar\u015f\u0131 okundu.<\/p>\n<p>\u201cBas\u0131n Emek\u00e7ilerinin G\u00fcn\u00fc Kutlu Olsun\u201d<br \/>\n\u0130GC Ba\u015fkan\u0131 Diyap Atar, g\u00fcn\u00fcn anlam ve \u00f6nemine ili\u015fkin bir konu\u015fma yaparak, ebediyete intikal etmi\u015f bas\u0131n \u00e7al\u0131\u015fanlar\u0131n\u0131 rahmetle anarken, t\u00fcm gazetecilerin 10 Ocak \u00c7al\u0131\u015fan Gazeteciler G\u00fcn\u00fc\u2019n\u00fc kutlad\u0131.<\/p>\n<p>KAYMAKAM \u00d6NDER\u2019E Z\u0130YARET<br \/>\nEtkinlikler kapsam\u0131nda, \u0130GC \u00fcyeleri \u0130skenderun Kaymakam\u0131 Muhammet \u00d6nder\u2019i ziyaret ederek, hem \u00c7al\u0131\u015fan Gazeteciler G\u00fcn\u00fc\u2019n\u00fc hem de ayn\u0131 tarihte kutlanan \u0130dareciler G\u00fcn\u00fc\u2019n\u00fc tebrik etti. Kaymakam \u00d6nder, bas\u0131n mensuplar\u0131yla keyifli bir sohbet ger\u00e7ekle\u015ftirdi.<\/p>\n<p>KAHVALTILI BULU\u015eMA D\u00dcZENLEND\u0130<br \/>\n\u0130skenderun Belediyesi\u2019nin ev sahipli\u011finde d\u00fczenlenen kahvalt\u0131 program\u0131nda da Kaymakam Muhammet \u00d6nder, bas\u0131n mensuplar\u0131n\u0131 tebrik ederek \u201c10 Ocak hem \u0130dareciler G\u00fcn\u00fc hem de \u00c7al\u0131\u015fan Gazeteciler G\u00fcn\u00fc olarak kutlan\u0131yor. 1961 y\u0131l\u0131nda bas\u0131n emek\u00e7ilerinin haklar\u0131n\u0131 kazand\u0131\u011f\u0131 yasan\u0131n y\u00fcr\u00fcrl\u00fc\u011fe girmesiyle bu anlaml\u0131 g\u00fcn kutlanmaya ba\u015flad\u0131. Bas\u0131n, yap\u0131lan hizmetlerin halka ula\u015ft\u0131r\u0131lmas\u0131nda ve vatanda\u015f\u0131n taleplerinin duyurulmas\u0131nda k\u00f6pr\u00fc vazifesi g\u00f6rmektedir. Bu nedenle bas\u0131n\u0131n yapt\u0131\u011f\u0131 i\u015f, \u00e7ok k\u0131ymetlidir\u201d diye konu\u015ftu.<\/p>\n<p>10 Ocak \u00c7al\u0131\u015fan Gazeteciler G\u00fcn\u00fc dolay\u0131s\u0131yla d\u00fczenlenen etkinlikler, gazetecilerin mesleki de\u011ferlerini bir kez daha hat\u0131rlatarak birlik ve dayan\u0131\u015fma i\u00e7inde kutland\u0131.<\/p>\n<p>\u200bT\u00fcm yurtta oldu\u011fu gibi Hatay\u2019\u0131n \u0130skenderun il\u00e7esinde de 10 Ocak \u00c7al\u0131\u015fan Gazeteciler G\u00fcn\u00fc, d\u00fczenlenen etkinliklerle kutland\u0131. \u0130skenderun Gazeteciler Cemiyeti (\u0130GC) \u00fcyeleri, g\u00fcn dolay\u0131s\u0131yla Atat\u00fcrk An\u0131t Alan\u0131\u2019nda bir araya gelerek Ata\u2019n\u0131n manevi huzuruna \u00e7elenk sundu.\u00a0<\/p>\n<p>\u200bHaberin Al\u0131nt\u0131land\u0131\u011f\u0131 Kaynak: www.iskenderun.org<\/p>","protected":false},"excerpt":{"rendered":"<p>T\u00f6ren kapsam\u0131nda, Atat\u00fcrk An\u0131t\u0131\u2019na \u00e7elenk b\u0131rak\u0131ld\u0131ktan sonra, ba\u015fta Gazi Mustafa Kemal Atat\u00fcrk ve silah arkada\u015flar\u0131 olmak \u00fczere, ebediyete intikal eden bas\u0131n emek\u00e7ileri i\u00e7in bir dakikal\u0131k sayg\u0131 duru\u015funda bulunuldu. Ard\u0131ndan \u0130stiklal Mar\u015f\u0131 okundu. \u201cBas\u0131n Emek\u00e7ilerinin G\u00fcn\u00fc Kutlu Olsun\u201d \u0130GC Ba\u015fkan\u0131 Diyap Atar, g\u00fcn\u00fcn anlam ve \u00f6nemine ili\u015fkin bir konu\u015fma yaparak, ebediyete intikal etmi\u015f bas\u0131n \u00e7al\u0131\u015fanlar\u0131n\u0131 rahmetle anarken, t\u00fcm gazetecilerin 10 Ocak \u00c7al\u0131\u015fan Gazeteciler G\u00fcn\u00fc\u2019n\u00fc kutlad\u0131. KAYMAKAM \u00d6NDER\u2019E Z\u0130YARET Etkinlikler kapsam\u0131nda, \u0130GC \u00fcyeleri \u0130skenderun Kaymakam\u0131 Muhammet \u00d6nder\u2019i ziyaret ederek, hem \u00c7al\u0131\u015fan Gazeteciler G\u00fcn\u00fc\u2019n\u00fc hem de ayn\u0131 tarihte kutlanan \u0130dareciler G\u00fcn\u00fc\u2019n\u00fc tebrik etti. Kaymakam \u00d6nder, bas\u0131n mensuplar\u0131yla keyifli bir sohbet ger\u00e7ekle\u015ftirdi. KAHVALTILI BULU\u015eMA D\u00dcZENLEND\u0130 \u0130skenderun Belediyesi\u2019nin ev sahipli\u011finde d\u00fczenlenen kahvalt\u0131 program\u0131nda da Kaymakam Muhammet \u00d6nder, bas\u0131n mensuplar\u0131n\u0131 tebrik ederek \u201c10 Ocak hem \u0130dareciler G\u00fcn\u00fc hem de \u00c7al\u0131\u015fan Gazeteciler G\u00fcn\u00fc olarak kutlan\u0131yor. 1961 y\u0131l\u0131nda bas\u0131n emek\u00e7ilerinin haklar\u0131n\u0131 kazand\u0131\u011f\u0131 yasan\u0131n y\u00fcr\u00fcrl\u00fc\u011fe girmesiyle bu anlaml\u0131 g\u00fcn kutlanmaya ba\u015flad\u0131. Bas\u0131n, yap\u0131lan hizmetlerin halka ula\u015ft\u0131r\u0131lmas\u0131nda ve vatanda\u015f\u0131n taleplerinin duyurulmas\u0131nda k\u00f6pr\u00fc vazifesi g\u00f6rmektedir. Bu nedenle bas\u0131n\u0131n yapt\u0131\u011f\u0131 i\u015f, \u00e7ok k\u0131ymetlidir\u201d diye konu\u015ftu. 10 Ocak \u00c7al\u0131\u015fan Gazeteciler G\u00fcn\u00fc dolay\u0131s\u0131yla d\u00fczenlenen etkinlikler, gazetecilerin mesleki de\u011ferlerini bir kez daha hat\u0131rlatarak birlik ve dayan\u0131\u015fma i\u00e7inde kutland\u0131. \u200bT\u00fcm yurtta oldu\u011fu gibi Hatay\u2019\u0131n \u0130skenderun il\u00e7esinde de 10 Ocak \u00c7al\u0131\u015fan Gazeteciler G\u00fcn\u00fc, d\u00fczenlenen etkinliklerle kutland\u0131. \u0130skenderun &hellip;<\/p>","protected":false},"author":1,"featured_media":0,"comment_status":"open","ping_status":"open","sticky":false,"template":"","format":"standard","meta":{"_acf_changed":false,"footnotes":""},"categories":[24],"tags":[],"class_list":["post-24822","post","type-post","status-publish","format-standard","has-post-thumbnail","hentry","category-gundem"],"acf":[],"yoast_head":"<!-- This site is optimized with the Yoast SEO Premium plugin v26.6 (Yoast SEO v27.1.1) - https:\/\/yoast.com\/product\/yoast-seo-premium-wordpress\/ -->\n<title>\u0130skenderun\u2019da \u00c7al\u0131\u015fan Gazeteciler G\u00fcn\u00fc Kutland\u0131 - Av. Deniz Can K\u0131z\u0131l<\/title>\n<meta name=\"robots\" content=\"index, follow, max-snippet:-1, max-image-preview:large, max-video-preview:-1\" \/>\n<link rel=\"canonical\" href=\"https:\/\/denizcankizil.tr\/uk\/haberler\/gundem\/iskenderunda-calisan-gazeteciler-gunu-kutlandi\/\" \/>\n<meta property=\"og:locale\" content=\"uk_UA\" \/>\n<meta property=\"og:type\" content=\"article\" \/>\n<meta property=\"og:title\" content=\"\u0130skenderun\u2019da \u00c7al\u0131\u015fan Gazeteciler G\u00fcn\u00fc Kutland\u0131\" \/>\n<meta property=\"og:description\" content=\"T\u00f6ren kapsam\u0131nda, Atat\u00fcrk An\u0131t\u0131\u2019na \u00e7elenk b\u0131rak\u0131ld\u0131ktan sonra, ba\u015fta Gazi Mustafa Kemal Atat\u00fcrk ve silah arkada\u015flar\u0131 olmak \u00fczere, ebediyete intikal eden bas\u0131n emek\u00e7ileri i\u00e7in bir dakikal\u0131k sayg\u0131 duru\u015funda bulunuldu. Ard\u0131ndan \u0130stiklal Mar\u015f\u0131 okundu. \u201cBas\u0131n Emek\u00e7ilerinin G\u00fcn\u00fc Kutlu Olsun\u201d \u0130GC Ba\u015fkan\u0131 Diyap Atar, g\u00fcn\u00fcn anlam ve \u00f6nemine ili\u015fkin bir konu\u015fma yaparak, ebediyete intikal etmi\u015f bas\u0131n \u00e7al\u0131\u015fanlar\u0131n\u0131 rahmetle anarken, t\u00fcm gazetecilerin 10 Ocak \u00c7al\u0131\u015fan Gazeteciler G\u00fcn\u00fc\u2019n\u00fc kutlad\u0131. KAYMAKAM \u00d6NDER\u2019E Z\u0130YARET Etkinlikler kapsam\u0131nda, \u0130GC \u00fcyeleri \u0130skenderun Kaymakam\u0131 Muhammet \u00d6nder\u2019i ziyaret ederek, hem \u00c7al\u0131\u015fan Gazeteciler G\u00fcn\u00fc\u2019n\u00fc hem de ayn\u0131 tarihte kutlanan \u0130dareciler G\u00fcn\u00fc\u2019n\u00fc tebrik etti. Kaymakam \u00d6nder, bas\u0131n mensuplar\u0131yla keyifli bir sohbet ger\u00e7ekle\u015ftirdi. KAHVALTILI BULU\u015eMA D\u00dcZENLEND\u0130 \u0130skenderun Belediyesi\u2019nin ev sahipli\u011finde d\u00fczenlenen kahvalt\u0131 program\u0131nda da Kaymakam Muhammet \u00d6nder, bas\u0131n mensuplar\u0131n\u0131 tebrik ederek \u201c10 Ocak hem \u0130dareciler G\u00fcn\u00fc hem de \u00c7al\u0131\u015fan Gazeteciler G\u00fcn\u00fc olarak kutlan\u0131yor. 1961 y\u0131l\u0131nda bas\u0131n emek\u00e7ilerinin haklar\u0131n\u0131 kazand\u0131\u011f\u0131 yasan\u0131n y\u00fcr\u00fcrl\u00fc\u011fe girmesiyle bu anlaml\u0131 g\u00fcn kutlanmaya ba\u015flad\u0131. Bas\u0131n, yap\u0131lan hizmetlerin halka ula\u015ft\u0131r\u0131lmas\u0131nda ve vatanda\u015f\u0131n taleplerinin duyurulmas\u0131nda k\u00f6pr\u00fc vazifesi g\u00f6rmektedir. Bu nedenle bas\u0131n\u0131n yapt\u0131\u011f\u0131 i\u015f, \u00e7ok k\u0131ymetlidir\u201d diye konu\u015ftu. 10 Ocak \u00c7al\u0131\u015fan Gazeteciler G\u00fcn\u00fc dolay\u0131s\u0131yla d\u00fczenlenen etkinlikler, gazetecilerin mesleki de\u011ferlerini bir kez daha hat\u0131rlatarak birlik ve dayan\u0131\u015fma i\u00e7inde kutland\u0131. \u200bT\u00fcm yurtta oldu\u011fu gibi Hatay\u2019\u0131n \u0130skenderun il\u00e7esinde de 10 Ocak \u00c7al\u0131\u015fan Gazeteciler G\u00fcn\u00fc, d\u00fczenlenen etkinliklerle kutland\u0131. \u0130skenderun &hellip;\" \/>\n<meta property=\"og:url\" content=\"https:\/\/denizcankizil.tr\/uk\/haberler\/gundem\/iskenderunda-calisan-gazeteciler-gunu-kutlandi\/\" \/>\n<meta property=\"og:site_name\" content=\"Av. Deniz Can K\u0131z\u0131l\" \/>\n<meta property=\"article:published_time\" content=\"2025-01-10T11:42:04+00:00\" \/>\n<meta name=\"author\" content=\"admin\" \/>\n<meta name=\"twitter:card\" content=\"summary_large_image\" \/>\n<meta name=\"twitter:label1\" content=\"\u041d\u0430\u043f\u0438\u0441\u0430\u043d\u043e\" \/>\n\t<meta name=\"twitter:data1\" content=\"admin\" \/>\n\t<meta name=\"twitter:label2\" content=\"\u041f\u0440\u0438\u0431\u043b. \u0447\u0430\u0441 \u0447\u0438\u0442\u0430\u043d\u043d\u044f\" \/>\n\t<meta name=\"twitter:data2\" content=\"2 \u0445\u0432\u0438\u043b\u0438\u043d\u0438\" \/>\n<script type=\"application\/ld+json\" class=\"yoast-schema-graph\">{\"@context\":\"https:\/\/schema.org\",\"@graph\":[{\"@type\":\"Article\",\"@id\":\"https:\/\/denizcankizil.tr\/uk\/haberler\/gundem\/iskenderunda-calisan-gazeteciler-gunu-kutlandi\/#article\",\"isPartOf\":{\"@id\":\"https:\/\/denizcankizil.tr\/uk\/haberler\/gundem\/iskenderunda-calisan-gazeteciler-gunu-kutlandi\/\"},\"author\":{\"name\":\"admin\",\"@id\":\"https:\/\/denizcankizil.tr\/de\/#\/schema\/person\/be3c05fe6a12686905512445d8185489\"},\"headline\":\"\u0130skenderun\u2019da \u00c7al\u0131\u015fan Gazeteciler G\u00fcn\u00fc Kutland\u0131\",\"datePublished\":\"2025-01-10T11:42:04+00:00\",\"mainEntityOfPage\":{\"@id\":\"https:\/\/denizcankizil.tr\/uk\/haberler\/gundem\/iskenderunda-calisan-gazeteciler-gunu-kutlandi\/\"},\"wordCount\":334,\"commentCount\":0,\"publisher\":{\"@id\":\"https:\/\/denizcankizil.tr\/de\/#organization\"},\"articleSection\":[\"G\u00fcndem\"],\"inLanguage\":\"uk\",\"potentialAction\":[{\"@type\":\"CommentAction\",\"name\":\"Comment\",\"target\":[\"https:\/\/denizcankizil.tr\/uk\/haberler\/gundem\/iskenderunda-calisan-gazeteciler-gunu-kutlandi\/#respond\"]}]},{\"@type\":\"WebPage\",\"@id\":\"https:\/\/denizcankizil.tr\/uk\/haberler\/gundem\/iskenderunda-calisan-gazeteciler-gunu-kutlandi\/\",\"url\":\"https:\/\/denizcankizil.tr\/uk\/haberler\/gundem\/iskenderunda-calisan-gazeteciler-gunu-kutlandi\/\",\"name\":\"\u0130skenderun\u2019da \u00c7al\u0131\u015fan Gazeteciler G\u00fcn\u00fc Kutland\u0131 - Av. Deniz Can K\u0131z\u0131l\",\"isPartOf\":{\"@id\":\"https:\/\/denizcankizil.tr\/de\/#website\"},\"datePublished\":\"2025-01-10T11:42:04+00:00\",\"breadcrumb\":{\"@id\":\"https:\/\/denizcankizil.tr\/uk\/haberler\/gundem\/iskenderunda-calisan-gazeteciler-gunu-kutlandi\/#breadcrumb\"},\"inLanguage\":\"uk\",\"potentialAction\":[{\"@type\":\"ReadAction\",\"target\":[\"https:\/\/denizcankizil.tr\/uk\/haberler\/gundem\/iskenderunda-calisan-gazeteciler-gunu-kutlandi\/\"]}]},{\"@type\":\"BreadcrumbList\",\"@id\":\"https:\/\/denizcankizil.tr\/uk\/haberler\/gundem\/iskenderunda-calisan-gazeteciler-gunu-kutlandi\/#breadcrumb\",\"itemListElement\":[{\"@type\":\"ListItem\",\"position\":1,\"name\":\"Home\",\"item\":\"https:\/\/denizcankizil.tr\/de\/\"},{\"@type\":\"ListItem\",\"position\":2,\"name\":\"\u0130skenderun\u2019da \u00c7al\u0131\u015fan Gazeteciler G\u00fcn\u00fc Kutland\u0131\"}]},{\"@type\":\"WebSite\",\"@id\":\"https:\/\/denizcankizil.tr\/de\/#website\",\"url\":\"https:\/\/denizcankizil.tr\/de\/\",\"name\":\"Av. Deniz Can K\u0131z\u0131l\",\"description\":\"Avukat Deniz Can K\u0131z\u0131l Antalya Barosu\",\"publisher\":{\"@id\":\"https:\/\/denizcankizil.tr\/de\/#organization\"},\"potentialAction\":[{\"@type\":\"SearchAction\",\"target\":{\"@type\":\"EntryPoint\",\"urlTemplate\":\"https:\/\/denizcankizil.tr\/de\/?s={search_term_string}\"},\"query-input\":{\"@type\":\"PropertyValueSpecification\",\"valueRequired\":true,\"valueName\":\"search_term_string\"}}],\"inLanguage\":\"uk\"},{\"@type\":\"Organization\",\"@id\":\"https:\/\/denizcankizil.tr\/de\/#organization\",\"name\":\"Av. Deniz Can K\u0131z\u0131l\",\"url\":\"https:\/\/denizcankizil.tr\/de\/\",\"logo\":{\"@type\":\"ImageObject\",\"inLanguage\":\"uk\",\"@id\":\"https:\/\/denizcankizil.tr\/de\/#\/schema\/logo\/image\/\",\"url\":\"https:\/\/denizcankizil.tr\/wp-content\/uploads\/2024\/10\/siyah-logo-svg.svg\",\"contentUrl\":\"https:\/\/denizcankizil.tr\/wp-content\/uploads\/2024\/10\/siyah-logo-svg.svg\",\"width\":1080,\"height\":1080,\"caption\":\"Av. Deniz Can K\u0131z\u0131l\"},\"image\":{\"@id\":\"https:\/\/denizcankizil.tr\/de\/#\/schema\/logo\/image\/\"}},{\"@type\":\"Person\",\"@id\":\"https:\/\/denizcankizil.tr\/de\/#\/schema\/person\/be3c05fe6a12686905512445d8185489\",\"name\":\"admin\",\"image\":{\"@type\":\"ImageObject\",\"inLanguage\":\"uk\",\"@id\":\"https:\/\/denizcankizil.tr\/de\/#\/schema\/person\/image\/\",\"url\":\"https:\/\/secure.gravatar.com\/avatar\/c1fce94c830dc79107e174f890d7210541c4a63e8e5d816341794a2151c9d58c?s=96&d=mm&r=g\",\"contentUrl\":\"https:\/\/secure.gravatar.com\/avatar\/c1fce94c830dc79107e174f890d7210541c4a63e8e5d816341794a2151c9d58c?s=96&d=mm&r=g\",\"caption\":\"admin\"},\"sameAs\":[\"http:\/\/denizcankizil.tr\"],\"url\":\"https:\/\/www.iskenderun.org\/iskenderunda-calisan-gazeteciler-gunu-kutlandi-1\"}]}<\/script>\n<!-- \/ Yoast SEO Premium plugin. -->","yoast_head_json":{"title":"\u0130skenderun\u2019da \u00c7al\u0131\u015fan Gazeteciler G\u00fcn\u00fc Kutland\u0131 - Av. Deniz Can K\u0131z\u0131l","robots":{"index":"index","follow":"follow","max-snippet":"max-snippet:-1","max-image-preview":"max-image-preview:large","max-video-preview":"max-video-preview:-1"},"canonical":"https:\/\/denizcankizil.tr\/uk\/haberler\/gundem\/iskenderunda-calisan-gazeteciler-gunu-kutlandi\/","og_locale":"uk_UA","og_type":"article","og_title":"\u0130skenderun\u2019da \u00c7al\u0131\u015fan Gazeteciler G\u00fcn\u00fc Kutland\u0131","og_description":"T\u00f6ren kapsam\u0131nda, Atat\u00fcrk An\u0131t\u0131\u2019na \u00e7elenk b\u0131rak\u0131ld\u0131ktan sonra, ba\u015fta Gazi Mustafa Kemal Atat\u00fcrk ve silah arkada\u015flar\u0131 olmak \u00fczere, ebediyete intikal eden bas\u0131n emek\u00e7ileri i\u00e7in bir dakikal\u0131k sayg\u0131 duru\u015funda bulunuldu. Ard\u0131ndan \u0130stiklal Mar\u015f\u0131 okundu. \u201cBas\u0131n Emek\u00e7ilerinin G\u00fcn\u00fc Kutlu Olsun\u201d \u0130GC Ba\u015fkan\u0131 Diyap Atar, g\u00fcn\u00fcn anlam ve \u00f6nemine ili\u015fkin bir konu\u015fma yaparak, ebediyete intikal etmi\u015f bas\u0131n \u00e7al\u0131\u015fanlar\u0131n\u0131 rahmetle anarken, t\u00fcm gazetecilerin 10 Ocak \u00c7al\u0131\u015fan Gazeteciler G\u00fcn\u00fc\u2019n\u00fc kutlad\u0131. KAYMAKAM \u00d6NDER\u2019E Z\u0130YARET Etkinlikler kapsam\u0131nda, \u0130GC \u00fcyeleri \u0130skenderun Kaymakam\u0131 Muhammet \u00d6nder\u2019i ziyaret ederek, hem \u00c7al\u0131\u015fan Gazeteciler G\u00fcn\u00fc\u2019n\u00fc hem de ayn\u0131 tarihte kutlanan \u0130dareciler G\u00fcn\u00fc\u2019n\u00fc tebrik etti. Kaymakam \u00d6nder, bas\u0131n mensuplar\u0131yla keyifli bir sohbet ger\u00e7ekle\u015ftirdi. KAHVALTILI BULU\u015eMA D\u00dcZENLEND\u0130 \u0130skenderun Belediyesi\u2019nin ev sahipli\u011finde d\u00fczenlenen kahvalt\u0131 program\u0131nda da Kaymakam Muhammet \u00d6nder, bas\u0131n mensuplar\u0131n\u0131 tebrik ederek \u201c10 Ocak hem \u0130dareciler G\u00fcn\u00fc hem de \u00c7al\u0131\u015fan Gazeteciler G\u00fcn\u00fc olarak kutlan\u0131yor. 1961 y\u0131l\u0131nda bas\u0131n emek\u00e7ilerinin haklar\u0131n\u0131 kazand\u0131\u011f\u0131 yasan\u0131n y\u00fcr\u00fcrl\u00fc\u011fe girmesiyle bu anlaml\u0131 g\u00fcn kutlanmaya ba\u015flad\u0131. Bas\u0131n, yap\u0131lan hizmetlerin halka ula\u015ft\u0131r\u0131lmas\u0131nda ve vatanda\u015f\u0131n taleplerinin duyurulmas\u0131nda k\u00f6pr\u00fc vazifesi g\u00f6rmektedir. Bu nedenle bas\u0131n\u0131n yapt\u0131\u011f\u0131 i\u015f, \u00e7ok k\u0131ymetlidir\u201d diye konu\u015ftu. 10 Ocak \u00c7al\u0131\u015fan Gazeteciler G\u00fcn\u00fc dolay\u0131s\u0131yla d\u00fczenlenen etkinlikler, gazetecilerin mesleki de\u011ferlerini bir kez daha hat\u0131rlatarak birlik ve dayan\u0131\u015fma i\u00e7inde kutland\u0131. \u200bT\u00fcm yurtta oldu\u011fu gibi Hatay\u2019\u0131n \u0130skenderun il\u00e7esinde de 10 Ocak \u00c7al\u0131\u015fan Gazeteciler G\u00fcn\u00fc, d\u00fczenlenen etkinliklerle kutland\u0131. \u0130skenderun &hellip;","og_url":"https:\/\/denizcankizil.tr\/uk\/haberler\/gundem\/iskenderunda-calisan-gazeteciler-gunu-kutlandi\/","og_site_name":"Av. Deniz Can K\u0131z\u0131l","article_published_time":"2025-01-10T11:42:04+00:00","author":"admin","twitter_card":"summary_large_image","twitter_misc":{"\u041d\u0430\u043f\u0438\u0441\u0430\u043d\u043e":"admin","\u041f\u0440\u0438\u0431\u043b. \u0447\u0430\u0441 \u0447\u0438\u0442\u0430\u043d\u043d\u044f":"2 \u0445\u0432\u0438\u043b\u0438\u043d\u0438"},"schema":{"@context":"https:\/\/schema.org","@graph":[{"@type":"Article","@id":"https:\/\/denizcankizil.tr\/uk\/haberler\/gundem\/iskenderunda-calisan-gazeteciler-gunu-kutlandi\/#article","isPartOf":{"@id":"https:\/\/denizcankizil.tr\/uk\/haberler\/gundem\/iskenderunda-calisan-gazeteciler-gunu-kutlandi\/"},"author":{"name":"admin","@id":"https:\/\/denizcankizil.tr\/de\/#\/schema\/person\/be3c05fe6a12686905512445d8185489"},"headline":"\u0130skenderun\u2019da \u00c7al\u0131\u015fan Gazeteciler G\u00fcn\u00fc Kutland\u0131","datePublished":"2025-01-10T11:42:04+00:00","mainEntityOfPage":{"@id":"https:\/\/denizcankizil.tr\/uk\/haberler\/gundem\/iskenderunda-calisan-gazeteciler-gunu-kutlandi\/"},"wordCount":334,"commentCount":0,"publisher":{"@id":"https:\/\/denizcankizil.tr\/de\/#organization"},"articleSection":["G\u00fcndem"],"inLanguage":"uk","potentialAction":[{"@type":"CommentAction","name":"Comment","target":["https:\/\/denizcankizil.tr\/uk\/haberler\/gundem\/iskenderunda-calisan-gazeteciler-gunu-kutlandi\/#respond"]}]},{"@type":"WebPage","@id":"https:\/\/denizcankizil.tr\/uk\/haberler\/gundem\/iskenderunda-calisan-gazeteciler-gunu-kutlandi\/","url":"https:\/\/denizcankizil.tr\/uk\/haberler\/gundem\/iskenderunda-calisan-gazeteciler-gunu-kutlandi\/","name":"\u0130skenderun\u2019da \u00c7al\u0131\u015fan Gazeteciler G\u00fcn\u00fc Kutland\u0131 - Av. Deniz Can K\u0131z\u0131l","isPartOf":{"@id":"https:\/\/denizcankizil.tr\/de\/#website"},"datePublished":"2025-01-10T11:42:04+00:00","breadcrumb":{"@id":"https:\/\/denizcankizil.tr\/uk\/haberler\/gundem\/iskenderunda-calisan-gazeteciler-gunu-kutlandi\/#breadcrumb"},"inLanguage":"uk","potentialAction":[{"@type":"ReadAction","target":["https:\/\/denizcankizil.tr\/uk\/haberler\/gundem\/iskenderunda-calisan-gazeteciler-gunu-kutlandi\/"]}]},{"@type":"BreadcrumbList","@id":"https:\/\/denizcankizil.tr\/uk\/haberler\/gundem\/iskenderunda-calisan-gazeteciler-gunu-kutlandi\/#breadcrumb","itemListElement":[{"@type":"ListItem","position":1,"name":"Home","item":"https:\/\/denizcankizil.tr\/de\/"},{"@type":"ListItem","position":2,"name":"\u0130skenderun\u2019da \u00c7al\u0131\u015fan Gazeteciler G\u00fcn\u00fc Kutland\u0131"}]},{"@type":"WebSite","@id":"https:\/\/denizcankizil.tr\/de\/#website","url":"https:\/\/denizcankizil.tr\/de\/","name":"Av. Deniz Can K\u0131z\u0131l","description":"Avukat Deniz Can K\u0131z\u0131l Antalya Barosu","publisher":{"@id":"https:\/\/denizcankizil.tr\/de\/#organization"},"potentialAction":[{"@type":"SearchAction","target":{"@type":"EntryPoint","urlTemplate":"https:\/\/denizcankizil.tr\/de\/?s={search_term_string}"},"query-input":{"@type":"PropertyValueSpecification","valueRequired":true,"valueName":"search_term_string"}}],"inLanguage":"uk"},{"@type":"Organization","@id":"https:\/\/denizcankizil.tr\/de\/#organization","name":"Av. Deniz Can K\u0131z\u0131l","url":"https:\/\/denizcankizil.tr\/de\/","logo":{"@type":"ImageObject","inLanguage":"uk","@id":"https:\/\/denizcankizil.tr\/de\/#\/schema\/logo\/image\/","url":"https:\/\/denizcankizil.tr\/wp-content\/uploads\/2024\/10\/siyah-logo-svg.svg","contentUrl":"https:\/\/denizcankizil.tr\/wp-content\/uploads\/2024\/10\/siyah-logo-svg.svg","width":1080,"height":1080,"caption":"Av. Deniz Can K\u0131z\u0131l"},"image":{"@id":"https:\/\/denizcankizil.tr\/de\/#\/schema\/logo\/image\/"}},{"@type":"Person","@id":"https:\/\/denizcankizil.tr\/de\/#\/schema\/person\/be3c05fe6a12686905512445d8185489","name":"\u0430\u0434\u043c\u0456\u043d","image":{"@type":"ImageObject","inLanguage":"uk","@id":"https:\/\/denizcankizil.tr\/de\/#\/schema\/person\/image\/","url":"https:\/\/secure.gravatar.com\/avatar\/c1fce94c830dc79107e174f890d7210541c4a63e8e5d816341794a2151c9d58c?s=96&d=mm&r=g","contentUrl":"https:\/\/secure.gravatar.com\/avatar\/c1fce94c830dc79107e174f890d7210541c4a63e8e5d816341794a2151c9d58c?s=96&d=mm&r=g","caption":"admin"},"sameAs":["http:\/\/denizcankizil.tr"],"url":"https:\/\/www.iskenderun.org\/iskenderunda-calisan-gazeteciler-gunu-kutlandi-1"}]}},"_links":{"self":[{"href":"https:\/\/denizcankizil.tr\/uk\/wp-json\/wp\/v2\/posts\/24822","targetHints":{"allow":["GET"]}}],"collection":[{"href":"https:\/\/denizcankizil.tr\/uk\/wp-json\/wp\/v2\/posts"}],"about":[{"href":"https:\/\/denizcankizil.tr\/uk\/wp-json\/wp\/v2\/types\/post"}],"author":[{"embeddable":true,"href":"https:\/\/denizcankizil.tr\/uk\/wp-json\/wp\/v2\/users\/1"}],"replies":[{"embeddable":true,"href":"https:\/\/denizcankizil.tr\/uk\/wp-json\/wp\/v2\/comments?post=24822"}],"version-history":[{"count":0,"href":"https:\/\/denizcankizil.tr\/uk\/wp-json\/wp\/v2\/posts\/24822\/revisions"}],"wp:attachment":[{"href":"https:\/\/denizcankizil.tr\/uk\/wp-json\/wp\/v2\/media?parent=24822"}],"wp:term":[{"taxonomy":"category","embeddable":true,"href":"https:\/\/denizcankizil.tr\/uk\/wp-json\/wp\/v2\/categories?post=24822"},{"taxonomy":"post_tag","embeddable":true,"href":"https:\/\/denizcankizil.tr\/uk\/wp-json\/wp\/v2\/tags?post=24822"}],"curies":[{"name":"wp","href":"https:\/\/api.w.org\/{rel}","templated":true}]}}