{"id":24453,"date":"2025-01-08T11:41:38","date_gmt":"2025-01-08T08:41:38","guid":{"rendered":"https:\/\/denizcankizil.tr\/uncategorized-tr\/icislerinden-38-ilde-fetoye-63-kiskac\/"},"modified":"2025-01-08T11:41:38","modified_gmt":"2025-01-08T08:41:38","slug":"icislerinden-38-ilde-fetoye-63-kiskac","status":"publish","type":"post","link":"https:\/\/denizcankizil.tr\/uk\/haberler\/gundem\/icislerinden-38-ilde-fetoye-63-kiskac\/","title":{"rendered":"\u0130\u00e7i\u015fleri&#8217;nden 38 ilde FET\u00d6&#8217;ye 63 K\u0131ska\u00e7!"},"content":{"rendered":"<p>\u0130\u00e7i\u015fleri Bakanl\u0131\u011f\u0131, 38 ilde FET\u00d6\u2019ye y\u00f6nelik Jandarma taraf\u0131ndan son iki haftad\u0131r devam eden \u201cKISKA\u00c7-33&#8243; operasyonlar\u0131nda 63 \u015f\u00fcphelinin yakaland\u0131\u011f\u0131n\u0131 a\u00e7\u0131klad\u0131.ANKARA (\u0130GFA) &#8211; \u0130\u00e7i\u015fleri Bakanl\u0131\u011f\u0131&#8217;n\u0131n FET\u00d6&#8217;ye y\u00f6nelik bir s\u00fcredir d\u00fczenledi\u011fi K\u0131ska\u00e7 operasyonlar\u0131n\u0131n bu kez 33&#8217;\u00fcnc\u00fcs\u00fc ger\u00e7ekle\u015ftirildi.<br \/>\nSon iki haftad\u0131r Jandarma taraf\u0131ndan 38 ilde d\u00fczenlenen K\u0131ska\u00e7-33 Operasyonu&#8217;nda 63 \u015f\u00fcpheli g\u00f6zalt\u0131na al\u0131nd\u0131.<br \/>\n\u0130\u00e7i\u015fleri Bakan\u0131 Ali Yerlikaya, operasyonun detaylar\u0131n\u0131 sosyal medya hesab\u0131ndan payla\u015ft\u0131. Operasyonda g\u00f6zalt\u0131na al\u0131nan 63 \u015f\u00fcpheliden 36&#8217;s\u0131n\u0131n tutukland\u0131\u011f\u0131, 2\u2019si hakk\u0131nda adli kontrol karar\u0131 verildi\u011fi kaydedilen a\u00e7\u0131klamada, di\u011ferlerinin i\u015flemlerinin s\u00fcrd\u00fc\u011f\u00fc belirtildi.<\/p>\n<p>https:\/\/twitter.com\/AliYerlikaya\/status\/1876854205648163016<\/p>\n<p>Operasyonlarda yakalanan \u015f\u00fcphelilerin ter\u00f6r \u00f6rg\u00fct\u00fcne \u00fcye olmak, finans sa\u011flamak ve sosyal medya hesaplar\u0131 \u00fczerinden FET\u00d6 propagandas\u0131 yapmak su\u00e7lar\u0131ndan arand\u0131\u011f\u0131 belirlendi.<br \/>\nOperasyonlar sonucu; \u00e7ok say\u0131da dok\u00fcman ve dijital materyallere de el konuldu.<br \/>\n&#8220;FET\u00d6 eleba\u015f\u0131n\u0131n \u00f6l\u00fcm\u00fcnden sonra da; bu hain ter\u00f6r \u00f6rg\u00fct\u00fcne y\u00f6nelik y\u00fcr\u00fctt\u00fc\u011f\u00fcm\u00fcz m\u00fccadelede hi\u00e7bir gev\u015femeye yer yok&#8221; diyen Bakan Yerlikaya, &#8220;Milli irademize darbe yapmaya yeltenen bu hain yap\u0131y\u0131 temizleyene kadar m\u00fccadelemize devam edece\u011fiz.Operasyonlar\u0131 koordine eden Cumhuriyet Ba\u015fsavc\u0131l\u0131klar\u0131m\u0131z\u0131 ve operasyonlar\u0131 ger\u00e7ekle\u015ftiren Kahraman Jandarmam\u0131z\u0131 tebrik ediyorum&#8221; ifadelerini kulland\u0131.<\/p>\n<p>\u200b\u0130\u00e7i\u015fleri Bakanl\u0131\u011f\u0131, 38 ilde FET\u00d6\u2019ye y\u00f6nelik Jandarma taraf\u0131ndan son iki haftad\u0131r devam eden \u201cKISKA\u00c7-33&#8243; operasyonlar\u0131nda 63 \u015f\u00fcphelinin yakaland\u0131\u011f\u0131n\u0131 a\u00e7\u0131klad\u0131.ANKARA (\u0130GFA) &#8211; \u0130\u00e7i\u015fleri Bakanl\u0131\u011f\u0131&#8217;n\u0131n FET\u00d6&#8217;ye y\u00f6nelik bir s\u00fcredir d\u00fczenledi\u011fi K\u0131ska\u00e7 operasyonlar\u0131n\u0131n bu kez 33&#8217;\u00fcnc\u00fcs\u00fc ger\u00e7ekle\u015ftirildi.<br \/>\nSon iki haftad\u0131r Jandarma taraf\u0131ndan 38 ilde d\u00fczenlenen K\u0131ska\u00e7-33 Operasyonu&#8217;nda 63 \u015f\u00fcpheli g\u00f6zalt\u0131na al\u0131nd\u0131.<br \/>\n\u0130\u00e7i\u015fleri Bakan\u0131 Ali Yerlikaya, operasyonun detaylar\u0131n\u0131 sosyal medya hesab\u0131ndan payla\u015ft\u0131. Operasyonda g\u00f6zalt\u0131na al\u0131nan 63 \u015f\u00fcpheliden 36&#8217;s\u0131n\u0131n tutukland\u0131\u011f\u0131, 2\u2019si hakk\u0131nda adli kontrol karar\u0131 verildi\u011fi kaydedilen a\u00e7\u0131klamada, di\u011ferlerinin i\u015flemlerinin s\u00fcrd\u00fc\u011f\u00fc belirtildi.<\/p>\n<p>https:\/\/twitter.com\/AliYerlikaya\/status\/1876854205648163016<\/p>\n<p>Operasyonlarda yakalanan \u015f\u00fcphelilerin ter\u00f6r \u00f6rg\u00fct\u00fcne \u00fcye olmak, finans sa\u011flamak ve sosyal medya hesaplar\u0131 \u00fczerinden FET\u00d6 propagandas\u0131 yapmak su\u00e7lar\u0131ndan arand\u0131\u011f\u0131 belirlendi.<br \/>\nOperasyonlar sonucu; \u00e7ok say\u0131da dok\u00fcman ve dijital materyallere de el konuldu.<br \/>\n&#8220;FET\u00d6 eleba\u015f\u0131n\u0131n \u00f6l\u00fcm\u00fcnden sonra da; bu hain ter\u00f6r \u00f6rg\u00fct\u00fcne y\u00f6nelik y\u00fcr\u00fctt\u00fc\u011f\u00fcm\u00fcz m\u00fccadelede hi\u00e7bir gev\u015femeye yer yok&#8221; diyen Bakan Yerlikaya, &#8220;Milli irademize darbe yapmaya yeltenen bu hain yap\u0131y\u0131 temizleyene kadar m\u00fccadelemize devam edece\u011fiz.Operasyonlar\u0131 koordine eden Cumhuriyet Ba\u015fsavc\u0131l\u0131klar\u0131m\u0131z\u0131 ve operasyonlar\u0131 ger\u00e7ekle\u015ftiren Kahraman Jandarmam\u0131z\u0131 tebrik ediyorum&#8221; ifadelerini kulland\u0131.\u00a0<\/p>\n<p>\u200bHaberin Al\u0131nt\u0131land\u0131\u011f\u0131 Kaynak: www.iskenderun.org<\/p>","protected":false},"excerpt":{"rendered":"<p>\u0130\u00e7i\u015fleri Bakanl\u0131\u011f\u0131, 38 ilde FET\u00d6\u2019ye y\u00f6nelik Jandarma taraf\u0131ndan son iki haftad\u0131r devam eden \u201cKISKA\u00c7-33&#8243; operasyonlar\u0131nda 63 \u015f\u00fcphelinin yakaland\u0131\u011f\u0131n\u0131 a\u00e7\u0131klad\u0131.ANKARA (\u0130GFA) &#8211; \u0130\u00e7i\u015fleri Bakanl\u0131\u011f\u0131&#8217;n\u0131n FET\u00d6&#8217;ye y\u00f6nelik bir s\u00fcredir d\u00fczenledi\u011fi K\u0131ska\u00e7 operasyonlar\u0131n\u0131n bu kez 33&#8217;\u00fcnc\u00fcs\u00fc ger\u00e7ekle\u015ftirildi. Son iki haftad\u0131r Jandarma taraf\u0131ndan 38 ilde d\u00fczenlenen K\u0131ska\u00e7-33 Operasyonu&#8217;nda 63 \u015f\u00fcpheli g\u00f6zalt\u0131na al\u0131nd\u0131. \u0130\u00e7i\u015fleri Bakan\u0131 Ali Yerlikaya, operasyonun detaylar\u0131n\u0131 sosyal medya hesab\u0131ndan payla\u015ft\u0131. Operasyonda g\u00f6zalt\u0131na al\u0131nan 63 \u015f\u00fcpheliden 36&#8217;s\u0131n\u0131n tutukland\u0131\u011f\u0131, 2\u2019si hakk\u0131nda adli kontrol karar\u0131 verildi\u011fi kaydedilen a\u00e7\u0131klamada, di\u011ferlerinin i\u015flemlerinin s\u00fcrd\u00fc\u011f\u00fc belirtildi. https:\/\/twitter.com\/AliYerlikaya\/status\/1876854205648163016 Operasyonlarda yakalanan \u015f\u00fcphelilerin ter\u00f6r \u00f6rg\u00fct\u00fcne \u00fcye olmak, finans sa\u011flamak ve sosyal medya hesaplar\u0131 \u00fczerinden FET\u00d6 propagandas\u0131 yapmak su\u00e7lar\u0131ndan arand\u0131\u011f\u0131 belirlendi. Operasyonlar sonucu; \u00e7ok say\u0131da dok\u00fcman ve dijital materyallere de el konuldu. &#8220;FET\u00d6 eleba\u015f\u0131n\u0131n \u00f6l\u00fcm\u00fcnden sonra da; bu hain ter\u00f6r \u00f6rg\u00fct\u00fcne y\u00f6nelik y\u00fcr\u00fctt\u00fc\u011f\u00fcm\u00fcz m\u00fccadelede hi\u00e7bir gev\u015femeye yer yok&#8221; diyen Bakan Yerlikaya, &#8220;Milli irademize darbe yapmaya yeltenen bu hain yap\u0131y\u0131 temizleyene kadar m\u00fccadelemize devam edece\u011fiz.Operasyonlar\u0131 koordine eden Cumhuriyet Ba\u015fsavc\u0131l\u0131klar\u0131m\u0131z\u0131 ve operasyonlar\u0131 ger\u00e7ekle\u015ftiren Kahraman Jandarmam\u0131z\u0131 tebrik ediyorum&#8221; ifadelerini kulland\u0131. \u200b\u0130\u00e7i\u015fleri Bakanl\u0131\u011f\u0131, 38 ilde FET\u00d6\u2019ye y\u00f6nelik Jandarma taraf\u0131ndan son iki haftad\u0131r devam eden \u201cKISKA\u00c7-33&#8243; operasyonlar\u0131nda 63 \u015f\u00fcphelinin yakaland\u0131\u011f\u0131n\u0131 a\u00e7\u0131klad\u0131.ANKARA (\u0130GFA) &#8211; \u0130\u00e7i\u015fleri Bakanl\u0131\u011f\u0131&#8217;n\u0131n FET\u00d6&#8217;ye y\u00f6nelik bir s\u00fcredir d\u00fczenledi\u011fi K\u0131ska\u00e7 operasyonlar\u0131n\u0131n bu kez 33&#8217;\u00fcnc\u00fcs\u00fc ger\u00e7ekle\u015ftirildi. Son iki haftad\u0131r Jandarma taraf\u0131ndan 38 ilde d\u00fczenlenen K\u0131ska\u00e7-33 Operasyonu&#8217;nda 63 \u015f\u00fcpheli &hellip;<\/p>","protected":false},"author":1,"featured_media":0,"comment_status":"open","ping_status":"open","sticky":false,"template":"","format":"standard","meta":{"_acf_changed":false,"footnotes":""},"categories":[24],"tags":[],"class_list":["post-24453","post","type-post","status-publish","format-standard","has-post-thumbnail","hentry","category-gundem"],"acf":[],"yoast_head":"<!-- This site is optimized with the Yoast SEO Premium plugin v26.6 (Yoast SEO v27.1.1) - https:\/\/yoast.com\/product\/yoast-seo-premium-wordpress\/ -->\n<title>\u0130\u00e7i\u015fleri&#039;nden 38 ilde FET\u00d6&#039;ye 63 K\u0131ska\u00e7! - Av. Deniz Can K\u0131z\u0131l<\/title>\n<meta name=\"robots\" content=\"index, follow, max-snippet:-1, max-image-preview:large, max-video-preview:-1\" \/>\n<link rel=\"canonical\" href=\"http:\/\/denizcankizil.tr\/uk\/haberler\/gundem\/icislerinden-38-ilde-fetoye-63-kiskac\/\" \/>\n<meta property=\"og:locale\" content=\"uk_UA\" \/>\n<meta property=\"og:type\" content=\"article\" \/>\n<meta property=\"og:title\" content=\"\u0130\u00e7i\u015fleri&#039;nden 38 ilde FET\u00d6&#039;ye 63 K\u0131ska\u00e7!\" \/>\n<meta property=\"og:description\" content=\"\u0130\u00e7i\u015fleri Bakanl\u0131\u011f\u0131, 38 ilde FET\u00d6\u2019ye y\u00f6nelik Jandarma taraf\u0131ndan son iki haftad\u0131r devam eden \u201cKISKA\u00c7-33&#8243; operasyonlar\u0131nda 63 \u015f\u00fcphelinin yakaland\u0131\u011f\u0131n\u0131 a\u00e7\u0131klad\u0131.ANKARA (\u0130GFA) &#8211; \u0130\u00e7i\u015fleri Bakanl\u0131\u011f\u0131&#8217;n\u0131n FET\u00d6&#8217;ye y\u00f6nelik bir s\u00fcredir d\u00fczenledi\u011fi K\u0131ska\u00e7 operasyonlar\u0131n\u0131n bu kez 33&#8217;\u00fcnc\u00fcs\u00fc ger\u00e7ekle\u015ftirildi. Son iki haftad\u0131r Jandarma taraf\u0131ndan 38 ilde d\u00fczenlenen K\u0131ska\u00e7-33 Operasyonu&#8217;nda 63 \u015f\u00fcpheli g\u00f6zalt\u0131na al\u0131nd\u0131. \u0130\u00e7i\u015fleri Bakan\u0131 Ali Yerlikaya, operasyonun detaylar\u0131n\u0131 sosyal medya hesab\u0131ndan payla\u015ft\u0131. Operasyonda g\u00f6zalt\u0131na al\u0131nan 63 \u015f\u00fcpheliden 36&#8217;s\u0131n\u0131n tutukland\u0131\u011f\u0131, 2\u2019si hakk\u0131nda adli kontrol karar\u0131 verildi\u011fi kaydedilen a\u00e7\u0131klamada, di\u011ferlerinin i\u015flemlerinin s\u00fcrd\u00fc\u011f\u00fc belirtildi. https:\/\/twitter.com\/AliYerlikaya\/status\/1876854205648163016 Operasyonlarda yakalanan \u015f\u00fcphelilerin ter\u00f6r \u00f6rg\u00fct\u00fcne \u00fcye olmak, finans sa\u011flamak ve sosyal medya hesaplar\u0131 \u00fczerinden FET\u00d6 propagandas\u0131 yapmak su\u00e7lar\u0131ndan arand\u0131\u011f\u0131 belirlendi. Operasyonlar sonucu; \u00e7ok say\u0131da dok\u00fcman ve dijital materyallere de el konuldu. &#8220;FET\u00d6 eleba\u015f\u0131n\u0131n \u00f6l\u00fcm\u00fcnden sonra da; bu hain ter\u00f6r \u00f6rg\u00fct\u00fcne y\u00f6nelik y\u00fcr\u00fctt\u00fc\u011f\u00fcm\u00fcz m\u00fccadelede hi\u00e7bir gev\u015femeye yer yok&#8221; diyen Bakan Yerlikaya, &#8220;Milli irademize darbe yapmaya yeltenen bu hain yap\u0131y\u0131 temizleyene kadar m\u00fccadelemize devam edece\u011fiz.Operasyonlar\u0131 koordine eden Cumhuriyet Ba\u015fsavc\u0131l\u0131klar\u0131m\u0131z\u0131 ve operasyonlar\u0131 ger\u00e7ekle\u015ftiren Kahraman Jandarmam\u0131z\u0131 tebrik ediyorum&#8221; ifadelerini kulland\u0131. \u200b\u0130\u00e7i\u015fleri Bakanl\u0131\u011f\u0131, 38 ilde FET\u00d6\u2019ye y\u00f6nelik Jandarma taraf\u0131ndan son iki haftad\u0131r devam eden \u201cKISKA\u00c7-33&#8243; operasyonlar\u0131nda 63 \u015f\u00fcphelinin yakaland\u0131\u011f\u0131n\u0131 a\u00e7\u0131klad\u0131.ANKARA (\u0130GFA) &#8211; \u0130\u00e7i\u015fleri Bakanl\u0131\u011f\u0131&#8217;n\u0131n FET\u00d6&#8217;ye y\u00f6nelik bir s\u00fcredir d\u00fczenledi\u011fi K\u0131ska\u00e7 operasyonlar\u0131n\u0131n bu kez 33&#8217;\u00fcnc\u00fcs\u00fc ger\u00e7ekle\u015ftirildi. Son iki haftad\u0131r Jandarma taraf\u0131ndan 38 ilde d\u00fczenlenen K\u0131ska\u00e7-33 Operasyonu&#8217;nda 63 \u015f\u00fcpheli &hellip;\" \/>\n<meta property=\"og:url\" content=\"http:\/\/denizcankizil.tr\/uk\/haberler\/gundem\/icislerinden-38-ilde-fetoye-63-kiskac\/\" \/>\n<meta property=\"og:site_name\" content=\"Av. Deniz Can K\u0131z\u0131l\" \/>\n<meta property=\"article:published_time\" content=\"2025-01-08T08:41:38+00:00\" \/>\n<meta name=\"author\" content=\"admin\" \/>\n<meta name=\"twitter:card\" content=\"summary_large_image\" \/>\n<meta name=\"twitter:label1\" content=\"\u041d\u0430\u043f\u0438\u0441\u0430\u043d\u043e\" \/>\n\t<meta name=\"twitter:data1\" content=\"admin\" \/>\n\t<meta name=\"twitter:label2\" content=\"\u041f\u0440\u0438\u0431\u043b. \u0447\u0430\u0441 \u0447\u0438\u0442\u0430\u043d\u043d\u044f\" \/>\n\t<meta name=\"twitter:data2\" content=\"2 \u0445\u0432\u0438\u043b\u0438\u043d\u0438\" \/>\n<script type=\"application\/ld+json\" class=\"yoast-schema-graph\">{\"@context\":\"https:\/\/schema.org\",\"@graph\":[{\"@type\":\"Article\",\"@id\":\"http:\/\/denizcankizil.tr\/ru\/haberler\/gundem\/icislerinden-38-ilde-fetoye-63-kiskac\/#article\",\"isPartOf\":{\"@id\":\"http:\/\/denizcankizil.tr\/ru\/haberler\/gundem\/icislerinden-38-ilde-fetoye-63-kiskac\/\"},\"author\":{\"name\":\"admin\",\"@id\":\"https:\/\/denizcankizil.tr\/de\/#\/schema\/person\/be3c05fe6a12686905512445d8185489\"},\"headline\":\"\u0130\u00e7i\u015fleri&#8217;nden 38 ilde FET\u00d6&#8217;ye 63 K\u0131ska\u00e7!\",\"datePublished\":\"2025-01-08T08:41:38+00:00\",\"mainEntityOfPage\":{\"@id\":\"http:\/\/denizcankizil.tr\/ru\/haberler\/gundem\/icislerinden-38-ilde-fetoye-63-kiskac\/\"},\"wordCount\":488,\"commentCount\":0,\"publisher\":{\"@id\":\"https:\/\/denizcankizil.tr\/de\/#organization\"},\"articleSection\":[\"G\u00fcndem\"],\"inLanguage\":\"uk\",\"potentialAction\":[{\"@type\":\"CommentAction\",\"name\":\"Comment\",\"target\":[\"http:\/\/denizcankizil.tr\/ru\/haberler\/gundem\/icislerinden-38-ilde-fetoye-63-kiskac\/#respond\"]}]},{\"@type\":\"WebPage\",\"@id\":\"http:\/\/denizcankizil.tr\/ru\/haberler\/gundem\/icislerinden-38-ilde-fetoye-63-kiskac\/\",\"url\":\"http:\/\/denizcankizil.tr\/ru\/haberler\/gundem\/icislerinden-38-ilde-fetoye-63-kiskac\/\",\"name\":\"\u0130\u00e7i\u015fleri'nden 38 ilde FET\u00d6'ye 63 K\u0131ska\u00e7! - Av. Deniz Can K\u0131z\u0131l\",\"isPartOf\":{\"@id\":\"https:\/\/denizcankizil.tr\/de\/#website\"},\"datePublished\":\"2025-01-08T08:41:38+00:00\",\"breadcrumb\":{\"@id\":\"http:\/\/denizcankizil.tr\/ru\/haberler\/gundem\/icislerinden-38-ilde-fetoye-63-kiskac\/#breadcrumb\"},\"inLanguage\":\"uk\",\"potentialAction\":[{\"@type\":\"ReadAction\",\"target\":[\"http:\/\/denizcankizil.tr\/ru\/haberler\/gundem\/icislerinden-38-ilde-fetoye-63-kiskac\/\"]}]},{\"@type\":\"BreadcrumbList\",\"@id\":\"http:\/\/denizcankizil.tr\/ru\/haberler\/gundem\/icislerinden-38-ilde-fetoye-63-kiskac\/#breadcrumb\",\"itemListElement\":[{\"@type\":\"ListItem\",\"position\":1,\"name\":\"Home\",\"item\":\"https:\/\/denizcankizil.tr\/de\/\"},{\"@type\":\"ListItem\",\"position\":2,\"name\":\"\u0130\u00e7i\u015fleri&#8217;nden 38 ilde FET\u00d6&#8217;ye 63 K\u0131ska\u00e7!\"}]},{\"@type\":\"WebSite\",\"@id\":\"https:\/\/denizcankizil.tr\/de\/#website\",\"url\":\"https:\/\/denizcankizil.tr\/de\/\",\"name\":\"Av. Deniz Can K\u0131z\u0131l\",\"description\":\"Avukat Deniz Can K\u0131z\u0131l Antalya Barosu\",\"publisher\":{\"@id\":\"https:\/\/denizcankizil.tr\/de\/#organization\"},\"potentialAction\":[{\"@type\":\"SearchAction\",\"target\":{\"@type\":\"EntryPoint\",\"urlTemplate\":\"https:\/\/denizcankizil.tr\/de\/?s={search_term_string}\"},\"query-input\":{\"@type\":\"PropertyValueSpecification\",\"valueRequired\":true,\"valueName\":\"search_term_string\"}}],\"inLanguage\":\"uk\"},{\"@type\":\"Organization\",\"@id\":\"https:\/\/denizcankizil.tr\/de\/#organization\",\"name\":\"Av. Deniz Can K\u0131z\u0131l\",\"url\":\"https:\/\/denizcankizil.tr\/de\/\",\"logo\":{\"@type\":\"ImageObject\",\"inLanguage\":\"uk\",\"@id\":\"https:\/\/denizcankizil.tr\/de\/#\/schema\/logo\/image\/\",\"url\":\"https:\/\/denizcankizil.tr\/wp-content\/uploads\/2024\/10\/siyah-logo-svg.svg\",\"contentUrl\":\"https:\/\/denizcankizil.tr\/wp-content\/uploads\/2024\/10\/siyah-logo-svg.svg\",\"width\":1080,\"height\":1080,\"caption\":\"Av. Deniz Can K\u0131z\u0131l\"},\"image\":{\"@id\":\"https:\/\/denizcankizil.tr\/de\/#\/schema\/logo\/image\/\"}},{\"@type\":\"Person\",\"@id\":\"https:\/\/denizcankizil.tr\/de\/#\/schema\/person\/be3c05fe6a12686905512445d8185489\",\"name\":\"admin\",\"image\":{\"@type\":\"ImageObject\",\"inLanguage\":\"uk\",\"@id\":\"https:\/\/denizcankizil.tr\/de\/#\/schema\/person\/image\/\",\"url\":\"https:\/\/secure.gravatar.com\/avatar\/c1fce94c830dc79107e174f890d7210541c4a63e8e5d816341794a2151c9d58c?s=96&d=mm&r=g\",\"contentUrl\":\"https:\/\/secure.gravatar.com\/avatar\/c1fce94c830dc79107e174f890d7210541c4a63e8e5d816341794a2151c9d58c?s=96&d=mm&r=g\",\"caption\":\"admin\"},\"sameAs\":[\"http:\/\/denizcankizil.tr\"],\"url\":\"https:\/\/www.iskenderun.org\/icislerinden-38-ilde-fetoye-63-kiskac\"}]}<\/script>\n<!-- \/ Yoast SEO Premium plugin. -->","yoast_head_json":{"title":"\u0130\u00e7i\u015fleri'nden 38 ilde FET\u00d6'ye 63 K\u0131ska\u00e7! - Av. Deniz Can K\u0131z\u0131l","robots":{"index":"index","follow":"follow","max-snippet":"max-snippet:-1","max-image-preview":"max-image-preview:large","max-video-preview":"max-video-preview:-1"},"canonical":"http:\/\/denizcankizil.tr\/uk\/haberler\/gundem\/icislerinden-38-ilde-fetoye-63-kiskac\/","og_locale":"uk_UA","og_type":"article","og_title":"\u0130\u00e7i\u015fleri'nden 38 ilde FET\u00d6'ye 63 K\u0131ska\u00e7!","og_description":"\u0130\u00e7i\u015fleri Bakanl\u0131\u011f\u0131, 38 ilde FET\u00d6\u2019ye y\u00f6nelik Jandarma taraf\u0131ndan son iki haftad\u0131r devam eden \u201cKISKA\u00c7-33&#8243; operasyonlar\u0131nda 63 \u015f\u00fcphelinin yakaland\u0131\u011f\u0131n\u0131 a\u00e7\u0131klad\u0131.ANKARA (\u0130GFA) &#8211; \u0130\u00e7i\u015fleri Bakanl\u0131\u011f\u0131&#8217;n\u0131n FET\u00d6&#8217;ye y\u00f6nelik bir s\u00fcredir d\u00fczenledi\u011fi K\u0131ska\u00e7 operasyonlar\u0131n\u0131n bu kez 33&#8217;\u00fcnc\u00fcs\u00fc ger\u00e7ekle\u015ftirildi. Son iki haftad\u0131r Jandarma taraf\u0131ndan 38 ilde d\u00fczenlenen K\u0131ska\u00e7-33 Operasyonu&#8217;nda 63 \u015f\u00fcpheli g\u00f6zalt\u0131na al\u0131nd\u0131. \u0130\u00e7i\u015fleri Bakan\u0131 Ali Yerlikaya, operasyonun detaylar\u0131n\u0131 sosyal medya hesab\u0131ndan payla\u015ft\u0131. Operasyonda g\u00f6zalt\u0131na al\u0131nan 63 \u015f\u00fcpheliden 36&#8217;s\u0131n\u0131n tutukland\u0131\u011f\u0131, 2\u2019si hakk\u0131nda adli kontrol karar\u0131 verildi\u011fi kaydedilen a\u00e7\u0131klamada, di\u011ferlerinin i\u015flemlerinin s\u00fcrd\u00fc\u011f\u00fc belirtildi. https:\/\/twitter.com\/AliYerlikaya\/status\/1876854205648163016 Operasyonlarda yakalanan \u015f\u00fcphelilerin ter\u00f6r \u00f6rg\u00fct\u00fcne \u00fcye olmak, finans sa\u011flamak ve sosyal medya hesaplar\u0131 \u00fczerinden FET\u00d6 propagandas\u0131 yapmak su\u00e7lar\u0131ndan arand\u0131\u011f\u0131 belirlendi. Operasyonlar sonucu; \u00e7ok say\u0131da dok\u00fcman ve dijital materyallere de el konuldu. &#8220;FET\u00d6 eleba\u015f\u0131n\u0131n \u00f6l\u00fcm\u00fcnden sonra da; bu hain ter\u00f6r \u00f6rg\u00fct\u00fcne y\u00f6nelik y\u00fcr\u00fctt\u00fc\u011f\u00fcm\u00fcz m\u00fccadelede hi\u00e7bir gev\u015femeye yer yok&#8221; diyen Bakan Yerlikaya, &#8220;Milli irademize darbe yapmaya yeltenen bu hain yap\u0131y\u0131 temizleyene kadar m\u00fccadelemize devam edece\u011fiz.Operasyonlar\u0131 koordine eden Cumhuriyet Ba\u015fsavc\u0131l\u0131klar\u0131m\u0131z\u0131 ve operasyonlar\u0131 ger\u00e7ekle\u015ftiren Kahraman Jandarmam\u0131z\u0131 tebrik ediyorum&#8221; ifadelerini kulland\u0131. \u200b\u0130\u00e7i\u015fleri Bakanl\u0131\u011f\u0131, 38 ilde FET\u00d6\u2019ye y\u00f6nelik Jandarma taraf\u0131ndan son iki haftad\u0131r devam eden \u201cKISKA\u00c7-33&#8243; operasyonlar\u0131nda 63 \u015f\u00fcphelinin yakaland\u0131\u011f\u0131n\u0131 a\u00e7\u0131klad\u0131.ANKARA (\u0130GFA) &#8211; \u0130\u00e7i\u015fleri Bakanl\u0131\u011f\u0131&#8217;n\u0131n FET\u00d6&#8217;ye y\u00f6nelik bir s\u00fcredir d\u00fczenledi\u011fi K\u0131ska\u00e7 operasyonlar\u0131n\u0131n bu kez 33&#8217;\u00fcnc\u00fcs\u00fc ger\u00e7ekle\u015ftirildi. Son iki haftad\u0131r Jandarma taraf\u0131ndan 38 ilde d\u00fczenlenen K\u0131ska\u00e7-33 Operasyonu&#8217;nda 63 \u015f\u00fcpheli &hellip;","og_url":"http:\/\/denizcankizil.tr\/uk\/haberler\/gundem\/icislerinden-38-ilde-fetoye-63-kiskac\/","og_site_name":"Av. Deniz Can K\u0131z\u0131l","article_published_time":"2025-01-08T08:41:38+00:00","author":"admin","twitter_card":"summary_large_image","twitter_misc":{"\u041d\u0430\u043f\u0438\u0441\u0430\u043d\u043e":"admin","\u041f\u0440\u0438\u0431\u043b. \u0447\u0430\u0441 \u0447\u0438\u0442\u0430\u043d\u043d\u044f":"2 \u0445\u0432\u0438\u043b\u0438\u043d\u0438"},"schema":{"@context":"https:\/\/schema.org","@graph":[{"@type":"Article","@id":"http:\/\/denizcankizil.tr\/ru\/haberler\/gundem\/icislerinden-38-ilde-fetoye-63-kiskac\/#article","isPartOf":{"@id":"http:\/\/denizcankizil.tr\/ru\/haberler\/gundem\/icislerinden-38-ilde-fetoye-63-kiskac\/"},"author":{"name":"admin","@id":"https:\/\/denizcankizil.tr\/de\/#\/schema\/person\/be3c05fe6a12686905512445d8185489"},"headline":"\u0130\u00e7i\u015fleri&#8217;nden 38 ilde FET\u00d6&#8217;ye 63 K\u0131ska\u00e7!","datePublished":"2025-01-08T08:41:38+00:00","mainEntityOfPage":{"@id":"http:\/\/denizcankizil.tr\/ru\/haberler\/gundem\/icislerinden-38-ilde-fetoye-63-kiskac\/"},"wordCount":488,"commentCount":0,"publisher":{"@id":"https:\/\/denizcankizil.tr\/de\/#organization"},"articleSection":["G\u00fcndem"],"inLanguage":"uk","potentialAction":[{"@type":"CommentAction","name":"Comment","target":["http:\/\/denizcankizil.tr\/ru\/haberler\/gundem\/icislerinden-38-ilde-fetoye-63-kiskac\/#respond"]}]},{"@type":"WebPage","@id":"http:\/\/denizcankizil.tr\/ru\/haberler\/gundem\/icislerinden-38-ilde-fetoye-63-kiskac\/","url":"http:\/\/denizcankizil.tr\/ru\/haberler\/gundem\/icislerinden-38-ilde-fetoye-63-kiskac\/","name":"\u0130\u00e7i\u015fleri'nden 38 ilde FET\u00d6'ye 63 K\u0131ska\u00e7! - Av. Deniz Can K\u0131z\u0131l","isPartOf":{"@id":"https:\/\/denizcankizil.tr\/de\/#website"},"datePublished":"2025-01-08T08:41:38+00:00","breadcrumb":{"@id":"http:\/\/denizcankizil.tr\/ru\/haberler\/gundem\/icislerinden-38-ilde-fetoye-63-kiskac\/#breadcrumb"},"inLanguage":"uk","potentialAction":[{"@type":"ReadAction","target":["http:\/\/denizcankizil.tr\/ru\/haberler\/gundem\/icislerinden-38-ilde-fetoye-63-kiskac\/"]}]},{"@type":"BreadcrumbList","@id":"http:\/\/denizcankizil.tr\/ru\/haberler\/gundem\/icislerinden-38-ilde-fetoye-63-kiskac\/#breadcrumb","itemListElement":[{"@type":"ListItem","position":1,"name":"Home","item":"https:\/\/denizcankizil.tr\/de\/"},{"@type":"ListItem","position":2,"name":"\u0130\u00e7i\u015fleri&#8217;nden 38 ilde FET\u00d6&#8217;ye 63 K\u0131ska\u00e7!"}]},{"@type":"WebSite","@id":"https:\/\/denizcankizil.tr\/de\/#website","url":"https:\/\/denizcankizil.tr\/de\/","name":"Av. Deniz Can K\u0131z\u0131l","description":"Avukat Deniz Can K\u0131z\u0131l Antalya Barosu","publisher":{"@id":"https:\/\/denizcankizil.tr\/de\/#organization"},"potentialAction":[{"@type":"SearchAction","target":{"@type":"EntryPoint","urlTemplate":"https:\/\/denizcankizil.tr\/de\/?s={search_term_string}"},"query-input":{"@type":"PropertyValueSpecification","valueRequired":true,"valueName":"search_term_string"}}],"inLanguage":"uk"},{"@type":"Organization","@id":"https:\/\/denizcankizil.tr\/de\/#organization","name":"Av. Deniz Can K\u0131z\u0131l","url":"https:\/\/denizcankizil.tr\/de\/","logo":{"@type":"ImageObject","inLanguage":"uk","@id":"https:\/\/denizcankizil.tr\/de\/#\/schema\/logo\/image\/","url":"https:\/\/denizcankizil.tr\/wp-content\/uploads\/2024\/10\/siyah-logo-svg.svg","contentUrl":"https:\/\/denizcankizil.tr\/wp-content\/uploads\/2024\/10\/siyah-logo-svg.svg","width":1080,"height":1080,"caption":"Av. Deniz Can K\u0131z\u0131l"},"image":{"@id":"https:\/\/denizcankizil.tr\/de\/#\/schema\/logo\/image\/"}},{"@type":"Person","@id":"https:\/\/denizcankizil.tr\/de\/#\/schema\/person\/be3c05fe6a12686905512445d8185489","name":"\u0430\u0434\u043c\u0456\u043d","image":{"@type":"ImageObject","inLanguage":"uk","@id":"https:\/\/denizcankizil.tr\/de\/#\/schema\/person\/image\/","url":"https:\/\/secure.gravatar.com\/avatar\/c1fce94c830dc79107e174f890d7210541c4a63e8e5d816341794a2151c9d58c?s=96&d=mm&r=g","contentUrl":"https:\/\/secure.gravatar.com\/avatar\/c1fce94c830dc79107e174f890d7210541c4a63e8e5d816341794a2151c9d58c?s=96&d=mm&r=g","caption":"admin"},"sameAs":["http:\/\/denizcankizil.tr"],"url":"https:\/\/www.iskenderun.org\/icislerinden-38-ilde-fetoye-63-kiskac"}]}},"_links":{"self":[{"href":"https:\/\/denizcankizil.tr\/uk\/wp-json\/wp\/v2\/posts\/24453","targetHints":{"allow":["GET"]}}],"collection":[{"href":"https:\/\/denizcankizil.tr\/uk\/wp-json\/wp\/v2\/posts"}],"about":[{"href":"https:\/\/denizcankizil.tr\/uk\/wp-json\/wp\/v2\/types\/post"}],"author":[{"embeddable":true,"href":"https:\/\/denizcankizil.tr\/uk\/wp-json\/wp\/v2\/users\/1"}],"replies":[{"embeddable":true,"href":"https:\/\/denizcankizil.tr\/uk\/wp-json\/wp\/v2\/comments?post=24453"}],"version-history":[{"count":0,"href":"https:\/\/denizcankizil.tr\/uk\/wp-json\/wp\/v2\/posts\/24453\/revisions"}],"wp:attachment":[{"href":"https:\/\/denizcankizil.tr\/uk\/wp-json\/wp\/v2\/media?parent=24453"}],"wp:term":[{"taxonomy":"category","embeddable":true,"href":"https:\/\/denizcankizil.tr\/uk\/wp-json\/wp\/v2\/categories?post=24453"},{"taxonomy":"post_tag","embeddable":true,"href":"https:\/\/denizcankizil.tr\/uk\/wp-json\/wp\/v2\/tags?post=24453"}],"curies":[{"name":"wp","href":"https:\/\/api.w.org\/{rel}","templated":true}]}}