{"id":24448,"date":"2025-01-08T11:41:34","date_gmt":"2025-01-08T08:41:34","guid":{"rendered":"https:\/\/denizcankizil.tr\/uncategorized-tr\/sakarya-depozito-sisteminde-pilot-oldu\/"},"modified":"2025-01-08T11:41:34","modified_gmt":"2025-01-08T08:41:34","slug":"sakarya-depozito-sisteminde-pilot-oldu","status":"publish","type":"post","link":"https:\/\/denizcankizil.tr\/uk\/haberler\/gundem\/sakarya-depozito-sisteminde-pilot-oldu\/","title":{"rendered":"Sakarya depozito sisteminde pilot oldu"},"content":{"rendered":"<p>Sakarya B\u00fcy\u00fck\u015fehir Belediye Ba\u015fkan\u0131 Yusuf Alemdar, Sakarya&#8217;n\u0131n daha temiz bir \u00e7evre ve b\u00fcy\u00fck bir geri d\u00f6n\u00fc\u015f\u00fcm hamlesi olan &#8220;Depozito Y\u00f6netim Sistemi&#8221; program\u0131nda tek pilot il oldu\u011funu a\u00e7\u0131klayarak, \u201c\u00c7evre \u015eehircilik ve \u0130klim De\u011fi\u015fikli\u011fi Bakan\u0131m\u0131z Sakarya&#8217;m\u0131z i\u00e7in g\u00fczel haberi payla\u015ft\u0131. Temiz bir gelecek i\u00e7in &#8216;s\u0131f\u0131r at\u0131k&#8217; iddiam\u0131z\u0131 g\u00fc\u00e7lendiren depozito y\u00f6netim siteminde pilot il se\u00e7ilmemizi \u00f6nemsiyoruz. Yak\u0131nda at\u0131k toplama makinalar\u0131n\u0131 \u015fehrimizde g\u00f6rece\u011fiz\u201d dedi.SAKARYA (\u0130GFA) &#8211;\u00a0Sakarya B\u00fcy\u00fck\u015fehir Belediye Ba\u015fkan\u0131 Yusuf Alemdar, \u00c7evre \u015eehircilik ve \u0130klim De\u011fi\u015fikli\u011fi Bakanl\u0131\u011f\u0131&#8217;n\u0131n hayata ge\u00e7irdi\u011fi \u201cDepozito Saha Y\u00f6netim Sistemi\u201d (DSYS) projesiyle ilgili a\u00e7\u0131klamalarda bulundu.<br \/>\nS\u00f6z konusu projenin i\u015f birli\u011fi protokol\u00fc bizzat Bakan Murat Kurum taraf\u0131ndan imzaland\u0131 ve Sakarya, proje i\u00e7in T\u00fcrkiye&#8217;de ilk ve tek pilot \u015fehir olarak se\u00e7ildi.<br \/>\nDaha temiz bir \u015fehir i\u00e7in\u00a0<br \/>\nBu projeyle birlikte Sakarya&#8217;n\u0131n s\u0131f\u0131r at\u0131k ve s\u0131f\u0131r emisyon iddias\u0131 daha da g\u00fc\u00e7lenirken Ba\u015fkan Alemdar, at\u0131lan ad\u0131m\u0131n daha temiz bir Sakarya i\u00e7in b\u00fcy\u00fck bir \u00f6neme sahip oldu\u011funu ifade etti.<br \/>\nBa\u015fkan Alemdar, bu projenin s\u0131f\u0131r at\u0131k-emisyon iddias\u0131n\u0131 g\u00fc\u00e7lendirerek kendilerini &#8216;Ye\u015filiyle \u00f6n planda oksijen ve huzur dolu bir Sakarya hayaline&#8217; bir ad\u0131m daha yak\u0131nla\u015ft\u0131rd\u0131\u011f\u0131n\u0131 vurgulad\u0131.<br \/>\n\u201cYe\u015filiyle \u00f6n planda bir Sakarya hedefliyoruz\u201d<br \/>\nAlemdar \u015f\u00f6yle dedi: \u201cS\u0131f\u0131r at\u0131k ve s\u0131f\u0131r emisyon iddias\u0131yla y\u00fcr\u00fctt\u00fc\u011f\u00fcm\u00fcz \u00e7al\u0131\u015fmalar\u0131n, b\u00f6ylesine \u00f6nemli bir geli\u015fmeyle g\u00fc\u00e7lenmesi bizim i\u00e7in \u00e7ok k\u0131ymetli. G\u00f6reve geldi\u011fimiz ilk g\u00fcnden bu yana bu alanda y\u00fcr\u00fctt\u00fc\u011f\u00fcm\u00fcz \u00e7al\u0131\u015fmalar\u0131n kapsam\u0131n\u0131 geni\u015fletmek i\u00e7in b\u00fcy\u00fck bir gayret sarf ediyoruz. \u00d6zellikle en b\u00fcy\u00fck do\u011fal kayna\u011f\u0131m\u0131z Sapanca G\u00f6l\u00fc&#8217;m\u00fcz\u00fcn etkin \u015fekilde korunmas\u0131, karbon emisyon seviyelerinin d\u00fc\u015f\u00fcr\u00fclmesi i\u00e7in yeni projeleri \u00fcretilmesi konusunda ad\u0131mlar\u0131m\u0131z oldu, olmaya da devam edecek. \u00c7\u00fcnk\u00fc biz tertemiz, ye\u015filiyle \u00f6n planda, oksijen ve huzur dolu bir Sakarya&#8217;y\u0131 hayal ediyoruz. Yak\u0131nda at\u0131k toplama makinalar\u0131n\u0131 \u015fehrimizde g\u00f6rece\u011fiz\u201d<br \/>\n\u201cY\u0131ll\u0131k 520 milyon avro kazan\u00e7 sa\u011flayacak\u201d<br \/>\n\u0130\u015f birli\u011fi protokol\u00fcn\u00fc imzalayan Bakan Murat Kurum ise, &#8220;Depozito Sistemi, \u00fclkemize her y\u0131l 520 milyon avroluk kazan\u00e7 getirecek ve Sayg\u0131de\u011fer Emine Erdo\u011fan Han\u0131mefendi\u2019nin \u00f6nc\u00fcl\u00fc\u011f\u00fcndeki S\u0131f\u0131r At\u0131k Projesi\u2019nin en k\u0131ymetli ad\u0131m\u0131 olacak. Bu sistemi 2025 y\u0131l\u0131 i\u00e7inde Sakarya\u2019dan ba\u015flamak \u00fczere kademeli olarak \u00fclke genelinde yayg\u0131nla\u015ft\u0131raca\u011f\u0131z. Y\u0131l sonunda da her il ve her il\u00e7ede asgari makine ve altyap\u0131 kurulumuyla ulusal depozito sistemine ge\u00e7mi\u015f olaca\u011f\u0131z&#8221; dedi.<br \/>\nDSYS sistemi nedir?<br \/>\nDepozitosu Olan Ambalajlar (DOA) uygulamas\u0131 ile bu logo olan plastik, cam ve al\u00fcminyum i\u00e7ecek ambalajlar\u0131, sisteme entegre depozito iade makinelerine iade edilebilecek. \u0130ade edilen her ambalaj ba\u015f\u0131na belirlenecek tutarda te\u015fvik bedeli vatanda\u015fa \u00f6denecek. Proje ilk olarak Sakarya&#8217;da ba\u015flayacak, ulusal d\u00fczeyde depozito uygulamas\u0131 ba\u015flad\u0131\u011f\u0131nda ise belirlenecek depozito bedeli vatanda\u015f\u0131n e-c\u00fczdan hesab\u0131na iade edilecek.\u00a0<\/p>\n<p>\u200bSakarya B\u00fcy\u00fck\u015fehir Belediye Ba\u015fkan\u0131 Yusuf Alemdar, Sakarya&#8217;n\u0131n daha temiz bir \u00e7evre ve b\u00fcy\u00fck bir geri d\u00f6n\u00fc\u015f\u00fcm hamlesi olan &#8220;Depozito Y\u00f6netim Sistemi&#8221; program\u0131nda tek pilot il oldu\u011funu a\u00e7\u0131klayarak, \u201c\u00c7evre \u015eehircilik ve \u0130klim De\u011fi\u015fikli\u011fi Bakan\u0131m\u0131z Sakarya&#8217;m\u0131z i\u00e7in g\u00fczel haberi payla\u015ft\u0131. Temiz bir gelecek i\u00e7in &#8216;s\u0131f\u0131r at\u0131k&#8217; iddiam\u0131z\u0131 g\u00fc\u00e7lendiren depozito y\u00f6netim siteminde pilot il se\u00e7ilmemizi \u00f6nemsiyoruz. Yak\u0131nda at\u0131k toplama makinalar\u0131n\u0131 \u015fehrimizde g\u00f6rece\u011fiz\u201d dedi.SAKARYA (\u0130GFA) &#8211;\u00a0Sakarya B\u00fcy\u00fck\u015fehir Belediye Ba\u015fkan\u0131 Yusuf Alemdar, \u00c7evre \u015eehircilik ve \u0130klim De\u011fi\u015fikli\u011fi Bakanl\u0131\u011f\u0131&#8217;n\u0131n hayata ge\u00e7irdi\u011fi \u201cDepozito Saha Y\u00f6netim Sistemi\u201d (DSYS) projesiyle ilgili a\u00e7\u0131klamalarda bulundu.<br \/>\nS\u00f6z konusu projenin i\u015f birli\u011fi protokol\u00fc bizzat Bakan Murat Kurum taraf\u0131ndan imzaland\u0131 ve Sakarya, proje i\u00e7in T\u00fcrkiye&#8217;de ilk ve tek pilot \u015fehir olarak se\u00e7ildi.<br \/>\nDaha temiz bir \u015fehir i\u00e7in\u00a0<br \/>\nBu projeyle birlikte Sakarya&#8217;n\u0131n s\u0131f\u0131r at\u0131k ve s\u0131f\u0131r emisyon iddias\u0131 daha da g\u00fc\u00e7lenirken Ba\u015fkan Alemdar, at\u0131lan ad\u0131m\u0131n daha temiz bir Sakarya i\u00e7in b\u00fcy\u00fck bir \u00f6neme sahip oldu\u011funu ifade etti.<br \/>\nBa\u015fkan Alemdar, bu projenin s\u0131f\u0131r at\u0131k-emisyon iddias\u0131n\u0131 g\u00fc\u00e7lendirerek kendilerini &#8216;Ye\u015filiyle \u00f6n planda oksijen ve huzur dolu bir Sakarya hayaline&#8217; bir ad\u0131m daha yak\u0131nla\u015ft\u0131rd\u0131\u011f\u0131n\u0131 vurgulad\u0131.<br \/>\n\u201cYe\u015filiyle \u00f6n planda bir Sakarya hedefliyoruz\u201d<br \/>\nAlemdar \u015f\u00f6yle dedi: \u201cS\u0131f\u0131r at\u0131k ve s\u0131f\u0131r emisyon iddias\u0131yla y\u00fcr\u00fctt\u00fc\u011f\u00fcm\u00fcz \u00e7al\u0131\u015fmalar\u0131n, b\u00f6ylesine \u00f6nemli bir geli\u015fmeyle g\u00fc\u00e7lenmesi bizim i\u00e7in \u00e7ok k\u0131ymetli. G\u00f6reve geldi\u011fimiz ilk g\u00fcnden bu yana bu alanda y\u00fcr\u00fctt\u00fc\u011f\u00fcm\u00fcz \u00e7al\u0131\u015fmalar\u0131n kapsam\u0131n\u0131 geni\u015fletmek i\u00e7in b\u00fcy\u00fck bir gayret sarf ediyoruz. \u00d6zellikle en b\u00fcy\u00fck do\u011fal kayna\u011f\u0131m\u0131z Sapanca G\u00f6l\u00fc&#8217;m\u00fcz\u00fcn etkin \u015fekilde korunmas\u0131, karbon emisyon seviyelerinin d\u00fc\u015f\u00fcr\u00fclmesi i\u00e7in yeni projeleri \u00fcretilmesi konusunda ad\u0131mlar\u0131m\u0131z oldu, olmaya da devam edecek. \u00c7\u00fcnk\u00fc biz tertemiz, ye\u015filiyle \u00f6n planda, oksijen ve huzur dolu bir Sakarya&#8217;y\u0131 hayal ediyoruz. Yak\u0131nda at\u0131k toplama makinalar\u0131n\u0131 \u015fehrimizde g\u00f6rece\u011fiz\u201d<br \/>\n\u201cY\u0131ll\u0131k 520 milyon avro kazan\u00e7 sa\u011flayacak\u201d<br \/>\n\u0130\u015f birli\u011fi protokol\u00fcn\u00fc imzalayan Bakan Murat Kurum ise, &#8220;Depozito Sistemi, \u00fclkemize her y\u0131l 520 milyon avroluk kazan\u00e7 getirecek ve Sayg\u0131de\u011fer Emine Erdo\u011fan Han\u0131mefendi\u2019nin \u00f6nc\u00fcl\u00fc\u011f\u00fcndeki S\u0131f\u0131r At\u0131k Projesi\u2019nin en k\u0131ymetli ad\u0131m\u0131 olacak. Bu sistemi 2025 y\u0131l\u0131 i\u00e7inde Sakarya\u2019dan ba\u015flamak \u00fczere kademeli olarak \u00fclke genelinde yayg\u0131nla\u015ft\u0131raca\u011f\u0131z. Y\u0131l sonunda da her il ve her il\u00e7ede asgari makine ve altyap\u0131 kurulumuyla ulusal depozito sistemine ge\u00e7mi\u015f olaca\u011f\u0131z&#8221; dedi.<br \/>\nDSYS sistemi nedir?<br \/>\nDepozitosu Olan Ambalajlar (DOA) uygulamas\u0131 ile bu logo olan plastik, cam ve al\u00fcminyum i\u00e7ecek ambalajlar\u0131, sisteme entegre depozito iade makinelerine iade edilebilecek. \u0130ade edilen her ambalaj ba\u015f\u0131na belirlenecek tutarda te\u015fvik bedeli vatanda\u015fa \u00f6denecek. Proje ilk olarak Sakarya&#8217;da ba\u015flayacak, ulusal d\u00fczeyde depozito uygulamas\u0131 ba\u015flad\u0131\u011f\u0131nda ise belirlenecek depozito bedeli vatanda\u015f\u0131n e-c\u00fczdan hesab\u0131na iade edilecek.\u00a0\u00a0<\/p>\n<p>\u200bHaberin Al\u0131nt\u0131land\u0131\u011f\u0131 Kaynak: www.iskenderun.org<\/p>","protected":false},"excerpt":{"rendered":"<p>Sakarya B\u00fcy\u00fck\u015fehir Belediye Ba\u015fkan\u0131 Yusuf Alemdar, Sakarya&#8217;n\u0131n daha temiz bir \u00e7evre ve b\u00fcy\u00fck bir geri d\u00f6n\u00fc\u015f\u00fcm hamlesi olan &#8220;Depozito Y\u00f6netim Sistemi&#8221; program\u0131nda tek pilot il oldu\u011funu a\u00e7\u0131klayarak, \u201c\u00c7evre \u015eehircilik ve \u0130klim De\u011fi\u015fikli\u011fi Bakan\u0131m\u0131z Sakarya&#8217;m\u0131z i\u00e7in g\u00fczel haberi payla\u015ft\u0131. Temiz bir gelecek i\u00e7in &#8216;s\u0131f\u0131r at\u0131k&#8217; iddiam\u0131z\u0131 g\u00fc\u00e7lendiren depozito y\u00f6netim siteminde pilot il se\u00e7ilmemizi \u00f6nemsiyoruz. Yak\u0131nda at\u0131k toplama makinalar\u0131n\u0131 \u015fehrimizde g\u00f6rece\u011fiz\u201d dedi.SAKARYA (\u0130GFA) &#8211;\u00a0Sakarya B\u00fcy\u00fck\u015fehir Belediye Ba\u015fkan\u0131 Yusuf Alemdar, \u00c7evre \u015eehircilik ve \u0130klim De\u011fi\u015fikli\u011fi Bakanl\u0131\u011f\u0131&#8217;n\u0131n hayata ge\u00e7irdi\u011fi \u201cDepozito Saha Y\u00f6netim Sistemi\u201d (DSYS) projesiyle ilgili a\u00e7\u0131klamalarda bulundu. S\u00f6z konusu projenin i\u015f birli\u011fi protokol\u00fc bizzat Bakan Murat Kurum taraf\u0131ndan imzaland\u0131 ve Sakarya, proje i\u00e7in T\u00fcrkiye&#8217;de ilk ve tek pilot \u015fehir olarak se\u00e7ildi. Daha temiz bir \u015fehir i\u00e7in\u00a0 Bu projeyle birlikte Sakarya&#8217;n\u0131n s\u0131f\u0131r at\u0131k ve s\u0131f\u0131r emisyon iddias\u0131 daha da g\u00fc\u00e7lenirken Ba\u015fkan Alemdar, at\u0131lan ad\u0131m\u0131n daha temiz bir Sakarya i\u00e7in b\u00fcy\u00fck bir \u00f6neme sahip oldu\u011funu ifade etti. Ba\u015fkan Alemdar, bu projenin s\u0131f\u0131r at\u0131k-emisyon iddias\u0131n\u0131 g\u00fc\u00e7lendirerek kendilerini &#8216;Ye\u015filiyle \u00f6n planda oksijen ve huzur dolu bir Sakarya hayaline&#8217; bir ad\u0131m daha yak\u0131nla\u015ft\u0131rd\u0131\u011f\u0131n\u0131 vurgulad\u0131. \u201cYe\u015filiyle \u00f6n planda bir Sakarya hedefliyoruz\u201d Alemdar \u015f\u00f6yle dedi: \u201cS\u0131f\u0131r at\u0131k ve s\u0131f\u0131r emisyon iddias\u0131yla y\u00fcr\u00fctt\u00fc\u011f\u00fcm\u00fcz \u00e7al\u0131\u015fmalar\u0131n, b\u00f6ylesine \u00f6nemli bir geli\u015fmeyle g\u00fc\u00e7lenmesi bizim i\u00e7in \u00e7ok k\u0131ymetli. G\u00f6reve geldi\u011fimiz ilk g\u00fcnden bu yana bu alanda &hellip;<\/p>","protected":false},"author":1,"featured_media":0,"comment_status":"open","ping_status":"open","sticky":false,"template":"","format":"standard","meta":{"_acf_changed":false,"footnotes":""},"categories":[24],"tags":[],"class_list":["post-24448","post","type-post","status-publish","format-standard","has-post-thumbnail","hentry","category-gundem"],"acf":[],"yoast_head":"<!-- This site is optimized with the Yoast SEO Premium plugin v26.6 (Yoast SEO v27.1.1) - https:\/\/yoast.com\/product\/yoast-seo-premium-wordpress\/ -->\n<title>Sakarya depozito sisteminde pilot oldu - Av. Deniz Can K\u0131z\u0131l<\/title>\n<meta name=\"robots\" content=\"index, follow, max-snippet:-1, max-image-preview:large, max-video-preview:-1\" \/>\n<link rel=\"canonical\" href=\"https:\/\/denizcankizil.tr\/uk\/haberler\/gundem\/sakarya-depozito-sisteminde-pilot-oldu\/\" \/>\n<meta property=\"og:locale\" content=\"uk_UA\" \/>\n<meta property=\"og:type\" content=\"article\" \/>\n<meta property=\"og:title\" content=\"Sakarya depozito sisteminde pilot oldu\" \/>\n<meta property=\"og:description\" content=\"Sakarya B\u00fcy\u00fck\u015fehir Belediye Ba\u015fkan\u0131 Yusuf Alemdar, Sakarya&#8217;n\u0131n daha temiz bir \u00e7evre ve b\u00fcy\u00fck bir geri d\u00f6n\u00fc\u015f\u00fcm hamlesi olan &#8220;Depozito Y\u00f6netim Sistemi&#8221; program\u0131nda tek pilot il oldu\u011funu a\u00e7\u0131klayarak, \u201c\u00c7evre \u015eehircilik ve \u0130klim De\u011fi\u015fikli\u011fi Bakan\u0131m\u0131z Sakarya&#8217;m\u0131z i\u00e7in g\u00fczel haberi payla\u015ft\u0131. Temiz bir gelecek i\u00e7in &#8216;s\u0131f\u0131r at\u0131k&#8217; iddiam\u0131z\u0131 g\u00fc\u00e7lendiren depozito y\u00f6netim siteminde pilot il se\u00e7ilmemizi \u00f6nemsiyoruz. Yak\u0131nda at\u0131k toplama makinalar\u0131n\u0131 \u015fehrimizde g\u00f6rece\u011fiz\u201d dedi.SAKARYA (\u0130GFA) &#8211;\u00a0Sakarya B\u00fcy\u00fck\u015fehir Belediye Ba\u015fkan\u0131 Yusuf Alemdar, \u00c7evre \u015eehircilik ve \u0130klim De\u011fi\u015fikli\u011fi Bakanl\u0131\u011f\u0131&#8217;n\u0131n hayata ge\u00e7irdi\u011fi \u201cDepozito Saha Y\u00f6netim Sistemi\u201d (DSYS) projesiyle ilgili a\u00e7\u0131klamalarda bulundu. S\u00f6z konusu projenin i\u015f birli\u011fi protokol\u00fc bizzat Bakan Murat Kurum taraf\u0131ndan imzaland\u0131 ve Sakarya, proje i\u00e7in T\u00fcrkiye&#8217;de ilk ve tek pilot \u015fehir olarak se\u00e7ildi. Daha temiz bir \u015fehir i\u00e7in\u00a0 Bu projeyle birlikte Sakarya&#8217;n\u0131n s\u0131f\u0131r at\u0131k ve s\u0131f\u0131r emisyon iddias\u0131 daha da g\u00fc\u00e7lenirken Ba\u015fkan Alemdar, at\u0131lan ad\u0131m\u0131n daha temiz bir Sakarya i\u00e7in b\u00fcy\u00fck bir \u00f6neme sahip oldu\u011funu ifade etti. Ba\u015fkan Alemdar, bu projenin s\u0131f\u0131r at\u0131k-emisyon iddias\u0131n\u0131 g\u00fc\u00e7lendirerek kendilerini &#8216;Ye\u015filiyle \u00f6n planda oksijen ve huzur dolu bir Sakarya hayaline&#8217; bir ad\u0131m daha yak\u0131nla\u015ft\u0131rd\u0131\u011f\u0131n\u0131 vurgulad\u0131. \u201cYe\u015filiyle \u00f6n planda bir Sakarya hedefliyoruz\u201d Alemdar \u015f\u00f6yle dedi: \u201cS\u0131f\u0131r at\u0131k ve s\u0131f\u0131r emisyon iddias\u0131yla y\u00fcr\u00fctt\u00fc\u011f\u00fcm\u00fcz \u00e7al\u0131\u015fmalar\u0131n, b\u00f6ylesine \u00f6nemli bir geli\u015fmeyle g\u00fc\u00e7lenmesi bizim i\u00e7in \u00e7ok k\u0131ymetli. G\u00f6reve geldi\u011fimiz ilk g\u00fcnden bu yana bu alanda &hellip;\" \/>\n<meta property=\"og:url\" content=\"https:\/\/denizcankizil.tr\/uk\/haberler\/gundem\/sakarya-depozito-sisteminde-pilot-oldu\/\" \/>\n<meta property=\"og:site_name\" content=\"Av. Deniz Can K\u0131z\u0131l\" \/>\n<meta property=\"article:published_time\" content=\"2025-01-08T08:41:34+00:00\" \/>\n<meta name=\"author\" content=\"admin\" \/>\n<meta name=\"twitter:card\" content=\"summary_large_image\" \/>\n<meta name=\"twitter:label1\" content=\"\u041d\u0430\u043f\u0438\u0441\u0430\u043d\u043e\" \/>\n\t<meta name=\"twitter:data1\" content=\"admin\" \/>\n\t<meta name=\"twitter:label2\" content=\"\u041f\u0440\u0438\u0431\u043b. \u0447\u0430\u0441 \u0447\u0438\u0442\u0430\u043d\u043d\u044f\" \/>\n\t<meta name=\"twitter:data2\" content=\"6 \u0445\u0432\u0438\u043b\u0438\u043d\" \/>\n<script type=\"application\/ld+json\" class=\"yoast-schema-graph\">{\"@context\":\"https:\/\/schema.org\",\"@graph\":[{\"@type\":\"Article\",\"@id\":\"https:\/\/denizcankizil.tr\/ru\/haberler\/gundem\/sakarya-depozito-sisteminde-pilot-oldu\/#article\",\"isPartOf\":{\"@id\":\"https:\/\/denizcankizil.tr\/ru\/haberler\/gundem\/sakarya-depozito-sisteminde-pilot-oldu\/\"},\"author\":{\"name\":\"admin\",\"@id\":\"https:\/\/denizcankizil.tr\/de\/#\/schema\/person\/be3c05fe6a12686905512445d8185489\"},\"headline\":\"Sakarya depozito sisteminde pilot oldu\",\"datePublished\":\"2025-01-08T08:41:34+00:00\",\"mainEntityOfPage\":{\"@id\":\"https:\/\/denizcankizil.tr\/ru\/haberler\/gundem\/sakarya-depozito-sisteminde-pilot-oldu\/\"},\"wordCount\":1135,\"commentCount\":0,\"publisher\":{\"@id\":\"https:\/\/denizcankizil.tr\/de\/#organization\"},\"articleSection\":[\"G\u00fcndem\"],\"inLanguage\":\"uk\",\"potentialAction\":[{\"@type\":\"CommentAction\",\"name\":\"Comment\",\"target\":[\"https:\/\/denizcankizil.tr\/ru\/haberler\/gundem\/sakarya-depozito-sisteminde-pilot-oldu\/#respond\"]}]},{\"@type\":\"WebPage\",\"@id\":\"https:\/\/denizcankizil.tr\/ru\/haberler\/gundem\/sakarya-depozito-sisteminde-pilot-oldu\/\",\"url\":\"https:\/\/denizcankizil.tr\/ru\/haberler\/gundem\/sakarya-depozito-sisteminde-pilot-oldu\/\",\"name\":\"Sakarya depozito sisteminde pilot oldu - Av. Deniz Can K\u0131z\u0131l\",\"isPartOf\":{\"@id\":\"https:\/\/denizcankizil.tr\/de\/#website\"},\"datePublished\":\"2025-01-08T08:41:34+00:00\",\"breadcrumb\":{\"@id\":\"https:\/\/denizcankizil.tr\/ru\/haberler\/gundem\/sakarya-depozito-sisteminde-pilot-oldu\/#breadcrumb\"},\"inLanguage\":\"uk\",\"potentialAction\":[{\"@type\":\"ReadAction\",\"target\":[\"https:\/\/denizcankizil.tr\/ru\/haberler\/gundem\/sakarya-depozito-sisteminde-pilot-oldu\/\"]}]},{\"@type\":\"BreadcrumbList\",\"@id\":\"https:\/\/denizcankizil.tr\/ru\/haberler\/gundem\/sakarya-depozito-sisteminde-pilot-oldu\/#breadcrumb\",\"itemListElement\":[{\"@type\":\"ListItem\",\"position\":1,\"name\":\"Home\",\"item\":\"https:\/\/denizcankizil.tr\/de\/\"},{\"@type\":\"ListItem\",\"position\":2,\"name\":\"Sakarya depozito sisteminde pilot oldu\"}]},{\"@type\":\"WebSite\",\"@id\":\"https:\/\/denizcankizil.tr\/de\/#website\",\"url\":\"https:\/\/denizcankizil.tr\/de\/\",\"name\":\"Av. Deniz Can K\u0131z\u0131l\",\"description\":\"Avukat Deniz Can K\u0131z\u0131l Antalya Barosu\",\"publisher\":{\"@id\":\"https:\/\/denizcankizil.tr\/de\/#organization\"},\"potentialAction\":[{\"@type\":\"SearchAction\",\"target\":{\"@type\":\"EntryPoint\",\"urlTemplate\":\"https:\/\/denizcankizil.tr\/de\/?s={search_term_string}\"},\"query-input\":{\"@type\":\"PropertyValueSpecification\",\"valueRequired\":true,\"valueName\":\"search_term_string\"}}],\"inLanguage\":\"uk\"},{\"@type\":\"Organization\",\"@id\":\"https:\/\/denizcankizil.tr\/de\/#organization\",\"name\":\"Av. Deniz Can K\u0131z\u0131l\",\"url\":\"https:\/\/denizcankizil.tr\/de\/\",\"logo\":{\"@type\":\"ImageObject\",\"inLanguage\":\"uk\",\"@id\":\"https:\/\/denizcankizil.tr\/de\/#\/schema\/logo\/image\/\",\"url\":\"https:\/\/denizcankizil.tr\/wp-content\/uploads\/2024\/10\/siyah-logo-svg.svg\",\"contentUrl\":\"https:\/\/denizcankizil.tr\/wp-content\/uploads\/2024\/10\/siyah-logo-svg.svg\",\"width\":1080,\"height\":1080,\"caption\":\"Av. Deniz Can K\u0131z\u0131l\"},\"image\":{\"@id\":\"https:\/\/denizcankizil.tr\/de\/#\/schema\/logo\/image\/\"}},{\"@type\":\"Person\",\"@id\":\"https:\/\/denizcankizil.tr\/de\/#\/schema\/person\/be3c05fe6a12686905512445d8185489\",\"name\":\"admin\",\"image\":{\"@type\":\"ImageObject\",\"inLanguage\":\"uk\",\"@id\":\"https:\/\/denizcankizil.tr\/de\/#\/schema\/person\/image\/\",\"url\":\"https:\/\/secure.gravatar.com\/avatar\/c1fce94c830dc79107e174f890d7210541c4a63e8e5d816341794a2151c9d58c?s=96&d=mm&r=g\",\"contentUrl\":\"https:\/\/secure.gravatar.com\/avatar\/c1fce94c830dc79107e174f890d7210541c4a63e8e5d816341794a2151c9d58c?s=96&d=mm&r=g\",\"caption\":\"admin\"},\"sameAs\":[\"http:\/\/denizcankizil.tr\"],\"url\":\"https:\/\/www.iskenderun.org\/sakarya-depozito-sisteminde-pilot-oldu\"}]}<\/script>\n<!-- \/ Yoast SEO Premium plugin. -->","yoast_head_json":{"title":"Sakarya depozito sisteminde pilot oldu - Av. Deniz Can K\u0131z\u0131l","robots":{"index":"index","follow":"follow","max-snippet":"max-snippet:-1","max-image-preview":"max-image-preview:large","max-video-preview":"max-video-preview:-1"},"canonical":"https:\/\/denizcankizil.tr\/uk\/haberler\/gundem\/sakarya-depozito-sisteminde-pilot-oldu\/","og_locale":"uk_UA","og_type":"article","og_title":"Sakarya depozito sisteminde pilot oldu","og_description":"Sakarya B\u00fcy\u00fck\u015fehir Belediye Ba\u015fkan\u0131 Yusuf Alemdar, Sakarya&#8217;n\u0131n daha temiz bir \u00e7evre ve b\u00fcy\u00fck bir geri d\u00f6n\u00fc\u015f\u00fcm hamlesi olan &#8220;Depozito Y\u00f6netim Sistemi&#8221; program\u0131nda tek pilot il oldu\u011funu a\u00e7\u0131klayarak, \u201c\u00c7evre \u015eehircilik ve \u0130klim De\u011fi\u015fikli\u011fi Bakan\u0131m\u0131z Sakarya&#8217;m\u0131z i\u00e7in g\u00fczel haberi payla\u015ft\u0131. Temiz bir gelecek i\u00e7in &#8216;s\u0131f\u0131r at\u0131k&#8217; iddiam\u0131z\u0131 g\u00fc\u00e7lendiren depozito y\u00f6netim siteminde pilot il se\u00e7ilmemizi \u00f6nemsiyoruz. Yak\u0131nda at\u0131k toplama makinalar\u0131n\u0131 \u015fehrimizde g\u00f6rece\u011fiz\u201d dedi.SAKARYA (\u0130GFA) &#8211;\u00a0Sakarya B\u00fcy\u00fck\u015fehir Belediye Ba\u015fkan\u0131 Yusuf Alemdar, \u00c7evre \u015eehircilik ve \u0130klim De\u011fi\u015fikli\u011fi Bakanl\u0131\u011f\u0131&#8217;n\u0131n hayata ge\u00e7irdi\u011fi \u201cDepozito Saha Y\u00f6netim Sistemi\u201d (DSYS) projesiyle ilgili a\u00e7\u0131klamalarda bulundu. S\u00f6z konusu projenin i\u015f birli\u011fi protokol\u00fc bizzat Bakan Murat Kurum taraf\u0131ndan imzaland\u0131 ve Sakarya, proje i\u00e7in T\u00fcrkiye&#8217;de ilk ve tek pilot \u015fehir olarak se\u00e7ildi. Daha temiz bir \u015fehir i\u00e7in\u00a0 Bu projeyle birlikte Sakarya&#8217;n\u0131n s\u0131f\u0131r at\u0131k ve s\u0131f\u0131r emisyon iddias\u0131 daha da g\u00fc\u00e7lenirken Ba\u015fkan Alemdar, at\u0131lan ad\u0131m\u0131n daha temiz bir Sakarya i\u00e7in b\u00fcy\u00fck bir \u00f6neme sahip oldu\u011funu ifade etti. Ba\u015fkan Alemdar, bu projenin s\u0131f\u0131r at\u0131k-emisyon iddias\u0131n\u0131 g\u00fc\u00e7lendirerek kendilerini &#8216;Ye\u015filiyle \u00f6n planda oksijen ve huzur dolu bir Sakarya hayaline&#8217; bir ad\u0131m daha yak\u0131nla\u015ft\u0131rd\u0131\u011f\u0131n\u0131 vurgulad\u0131. \u201cYe\u015filiyle \u00f6n planda bir Sakarya hedefliyoruz\u201d Alemdar \u015f\u00f6yle dedi: \u201cS\u0131f\u0131r at\u0131k ve s\u0131f\u0131r emisyon iddias\u0131yla y\u00fcr\u00fctt\u00fc\u011f\u00fcm\u00fcz \u00e7al\u0131\u015fmalar\u0131n, b\u00f6ylesine \u00f6nemli bir geli\u015fmeyle g\u00fc\u00e7lenmesi bizim i\u00e7in \u00e7ok k\u0131ymetli. G\u00f6reve geldi\u011fimiz ilk g\u00fcnden bu yana bu alanda &hellip;","og_url":"https:\/\/denizcankizil.tr\/uk\/haberler\/gundem\/sakarya-depozito-sisteminde-pilot-oldu\/","og_site_name":"Av. Deniz Can K\u0131z\u0131l","article_published_time":"2025-01-08T08:41:34+00:00","author":"admin","twitter_card":"summary_large_image","twitter_misc":{"\u041d\u0430\u043f\u0438\u0441\u0430\u043d\u043e":"admin","\u041f\u0440\u0438\u0431\u043b. \u0447\u0430\u0441 \u0447\u0438\u0442\u0430\u043d\u043d\u044f":"6 \u0445\u0432\u0438\u043b\u0438\u043d"},"schema":{"@context":"https:\/\/schema.org","@graph":[{"@type":"Article","@id":"https:\/\/denizcankizil.tr\/ru\/haberler\/gundem\/sakarya-depozito-sisteminde-pilot-oldu\/#article","isPartOf":{"@id":"https:\/\/denizcankizil.tr\/ru\/haberler\/gundem\/sakarya-depozito-sisteminde-pilot-oldu\/"},"author":{"name":"admin","@id":"https:\/\/denizcankizil.tr\/de\/#\/schema\/person\/be3c05fe6a12686905512445d8185489"},"headline":"Sakarya depozito sisteminde pilot oldu","datePublished":"2025-01-08T08:41:34+00:00","mainEntityOfPage":{"@id":"https:\/\/denizcankizil.tr\/ru\/haberler\/gundem\/sakarya-depozito-sisteminde-pilot-oldu\/"},"wordCount":1135,"commentCount":0,"publisher":{"@id":"https:\/\/denizcankizil.tr\/de\/#organization"},"articleSection":["G\u00fcndem"],"inLanguage":"uk","potentialAction":[{"@type":"CommentAction","name":"Comment","target":["https:\/\/denizcankizil.tr\/ru\/haberler\/gundem\/sakarya-depozito-sisteminde-pilot-oldu\/#respond"]}]},{"@type":"WebPage","@id":"https:\/\/denizcankizil.tr\/ru\/haberler\/gundem\/sakarya-depozito-sisteminde-pilot-oldu\/","url":"https:\/\/denizcankizil.tr\/ru\/haberler\/gundem\/sakarya-depozito-sisteminde-pilot-oldu\/","name":"Sakarya depozito sisteminde pilot oldu - Av. Deniz Can K\u0131z\u0131l","isPartOf":{"@id":"https:\/\/denizcankizil.tr\/de\/#website"},"datePublished":"2025-01-08T08:41:34+00:00","breadcrumb":{"@id":"https:\/\/denizcankizil.tr\/ru\/haberler\/gundem\/sakarya-depozito-sisteminde-pilot-oldu\/#breadcrumb"},"inLanguage":"uk","potentialAction":[{"@type":"ReadAction","target":["https:\/\/denizcankizil.tr\/ru\/haberler\/gundem\/sakarya-depozito-sisteminde-pilot-oldu\/"]}]},{"@type":"BreadcrumbList","@id":"https:\/\/denizcankizil.tr\/ru\/haberler\/gundem\/sakarya-depozito-sisteminde-pilot-oldu\/#breadcrumb","itemListElement":[{"@type":"ListItem","position":1,"name":"Home","item":"https:\/\/denizcankizil.tr\/de\/"},{"@type":"ListItem","position":2,"name":"Sakarya depozito sisteminde pilot oldu"}]},{"@type":"WebSite","@id":"https:\/\/denizcankizil.tr\/de\/#website","url":"https:\/\/denizcankizil.tr\/de\/","name":"Av. Deniz Can K\u0131z\u0131l","description":"Avukat Deniz Can K\u0131z\u0131l Antalya Barosu","publisher":{"@id":"https:\/\/denizcankizil.tr\/de\/#organization"},"potentialAction":[{"@type":"SearchAction","target":{"@type":"EntryPoint","urlTemplate":"https:\/\/denizcankizil.tr\/de\/?s={search_term_string}"},"query-input":{"@type":"PropertyValueSpecification","valueRequired":true,"valueName":"search_term_string"}}],"inLanguage":"uk"},{"@type":"Organization","@id":"https:\/\/denizcankizil.tr\/de\/#organization","name":"Av. Deniz Can K\u0131z\u0131l","url":"https:\/\/denizcankizil.tr\/de\/","logo":{"@type":"ImageObject","inLanguage":"uk","@id":"https:\/\/denizcankizil.tr\/de\/#\/schema\/logo\/image\/","url":"https:\/\/denizcankizil.tr\/wp-content\/uploads\/2024\/10\/siyah-logo-svg.svg","contentUrl":"https:\/\/denizcankizil.tr\/wp-content\/uploads\/2024\/10\/siyah-logo-svg.svg","width":1080,"height":1080,"caption":"Av. Deniz Can K\u0131z\u0131l"},"image":{"@id":"https:\/\/denizcankizil.tr\/de\/#\/schema\/logo\/image\/"}},{"@type":"Person","@id":"https:\/\/denizcankizil.tr\/de\/#\/schema\/person\/be3c05fe6a12686905512445d8185489","name":"\u0430\u0434\u043c\u0456\u043d","image":{"@type":"ImageObject","inLanguage":"uk","@id":"https:\/\/denizcankizil.tr\/de\/#\/schema\/person\/image\/","url":"https:\/\/secure.gravatar.com\/avatar\/c1fce94c830dc79107e174f890d7210541c4a63e8e5d816341794a2151c9d58c?s=96&d=mm&r=g","contentUrl":"https:\/\/secure.gravatar.com\/avatar\/c1fce94c830dc79107e174f890d7210541c4a63e8e5d816341794a2151c9d58c?s=96&d=mm&r=g","caption":"admin"},"sameAs":["http:\/\/denizcankizil.tr"],"url":"https:\/\/www.iskenderun.org\/sakarya-depozito-sisteminde-pilot-oldu"}]}},"_links":{"self":[{"href":"https:\/\/denizcankizil.tr\/uk\/wp-json\/wp\/v2\/posts\/24448","targetHints":{"allow":["GET"]}}],"collection":[{"href":"https:\/\/denizcankizil.tr\/uk\/wp-json\/wp\/v2\/posts"}],"about":[{"href":"https:\/\/denizcankizil.tr\/uk\/wp-json\/wp\/v2\/types\/post"}],"author":[{"embeddable":true,"href":"https:\/\/denizcankizil.tr\/uk\/wp-json\/wp\/v2\/users\/1"}],"replies":[{"embeddable":true,"href":"https:\/\/denizcankizil.tr\/uk\/wp-json\/wp\/v2\/comments?post=24448"}],"version-history":[{"count":0,"href":"https:\/\/denizcankizil.tr\/uk\/wp-json\/wp\/v2\/posts\/24448\/revisions"}],"wp:attachment":[{"href":"https:\/\/denizcankizil.tr\/uk\/wp-json\/wp\/v2\/media?parent=24448"}],"wp:term":[{"taxonomy":"category","embeddable":true,"href":"https:\/\/denizcankizil.tr\/uk\/wp-json\/wp\/v2\/categories?post=24448"},{"taxonomy":"post_tag","embeddable":true,"href":"https:\/\/denizcankizil.tr\/uk\/wp-json\/wp\/v2\/tags?post=24448"}],"curies":[{"name":"wp","href":"https:\/\/api.w.org\/{rel}","templated":true}]}}