{"id":24325,"date":"2025-01-07T16:41:23","date_gmt":"2025-01-07T13:41:23","guid":{"rendered":"https:\/\/denizcankizil.tr\/uncategorized-tr\/sifir-atika-uluslararasi-deger\/"},"modified":"2025-01-07T16:41:23","modified_gmt":"2025-01-07T13:41:23","slug":"sifir-atika-uluslararasi-deger","status":"publish","type":"post","link":"https:\/\/denizcankizil.tr\/uk\/haberler\/gundem\/sifir-atika-uluslararasi-deger\/","title":{"rendered":"&#8216;S\u0131f\u0131r At\u0131k&#8217;a uluslararas\u0131 de\u011fer"},"content":{"rendered":"<p>Mehmet Akif \u0130nan Vakf\u0131, Emine Erdo\u011fan himayesinde y\u00fcr\u00fct\u00fclen S\u0131f\u0131r At\u0131k Hareketi\u2019ni \u201cUluslararas\u0131 De\u011fer \u00d6d\u00fcl\u00fc\u201dne lay\u0131k g\u00f6rd\u00fc.ANKARA (\u0130GFA) &#8211; Mehmet Akif \u0130nan Vakf\u0131 ve Memur-Sen Konfederasyonu i\u015f birli\u011fiyle ger\u00e7ekle\u015fen 2025 y\u0131l\u0131 Mehmet Akif \u0130nan \u00d6d\u00fclleri, d\u00fczenlenen t\u00f6renle sahiplerini buldu. 6 kategoride verilen \u00f6d\u00fcllerden Uluslararas\u0131 De\u011fer \u00d6d\u00fcl\u00fc, bu y\u0131l Emine Erdo\u011fan\u2019\u0131n himayesinde ba\u015flat\u0131lan S\u0131f\u0131r At\u0131k Projesi\u2019ne verildi. Emine Erdo\u011fan ad\u0131na \u00f6d\u00fcl\u00fc \u00c7evre, \u015eehircilik ve \u0130klim De\u011fi\u015fikli\u011fi Bakan\u0131 Murat Kurum ald\u0131. Bakan Kurum, \u00f6d\u00fcl alan isimlerin b\u00fcy\u00fck bir vefa duygusuyla belirlendi\u011fini kaydederek, \u201cBa\u015fta \u015fehitlerimiz olmak \u00fczere, \u00f6d\u00fcl takdim edilen her \u015fahsiyetin, verilen payeyi sonuna kadar hak etmi\u015f oldu\u011funu d\u00fc\u015f\u00fcn\u00fcyorum\u201d dedi.<br \/>\nCumhurba\u015fkan\u0131 Recep Tayyip Erdo\u011fan\u2019\u0131n liderli\u011finde ba\u015flat\u0131lan asr\u0131n in\u015fa seferberli\u011fine, milli m\u00fccadele \u015fuuruyla devam etiklerini belirten Bakan Kurum, \u201cBu seferberli\u011fin ordusu, elbette emek\u00e7i karde\u015flerimiz. Bug\u00fcn 11 ilimizde 201 bin konutu ba\u015far\u0131yla teslim ettiysek; 2025\u2019in sonunda evine girmeyen tek bir depremzede kalmayacak s\u00f6z\u00fcn\u00fc verebiliyorsak, bunun arkas\u0131nda 182 bin mimar, m\u00fchendis, i\u015f\u00e7i karde\u015fimizin al\u0131n teri vard\u0131r. Ben sizlerin huzurunda, deprem b\u00f6lgesindeki konutlar i\u00e7in 7\/24 \u00e7al\u0131\u015fan t\u00fcm emek\u00e7i karde\u015flerime te\u015fekk\u00fcr ediyorum\u201d \u015feklinde konu\u015ftu.<br \/>\n\u201cSIFIR ATIK 6 ULUSLARARASI \u00d6D\u00dcLLE K\u00dcRESEL B\u0130R \u00c7EVRE HAREKET\u0130NE D\u00d6N\u00dc\u015eT\u00dc\u201d<br \/>\nBakan Kurum, Mehmet Akif \u0130nan Vakf\u0131\u2019n\u0131n S\u0131f\u0131r At\u0131k Hareketi\u2019ne verdi\u011fi Uluslararas\u0131 De\u011fer \u00d6d\u00fcl\u00fc\u2019ne dikkat \u00e7ekerek \u015funlar\u0131 s\u00f6yledi:<br \/>\nBu \u00f6d\u00fclle hem bir hakk\u0131 teslim ediyor hem de bizimle ayn\u0131 duyarl\u0131l\u0131\u011fa sahip oldu\u011funuzu ilan ediyorsunuz. Bu deste\u011fe bizim, \u00fclkemizin ve d\u00fcnyam\u0131z\u0131n \u00e7ok ihtiyac\u0131 var. Zira, bug\u00fcn k\u00fcresel bir \u00e7evre felaketiyle kar\u015f\u0131 kar\u015f\u0131yay\u0131z. Bizim \u015fanl\u0131 ecdad\u0131m\u0131z, d\u00fcnya tarihindeki en g\u00fc\u00e7l\u00fc devletleri kurarken bile, do\u011faya rakip de\u011fil yolda\u015f olmu\u015f, efendi de\u011fil hizmetk\u00e2r olmu\u015ftur. Bug\u00fcn Say\u0131n Emine Erdo\u011fan\u2019\u0131n \u00f6nc\u00fcl\u00fc\u011f\u00fcnde y\u00fcr\u00fctt\u00fc\u011f\u00fcm\u00fcz S\u0131f\u0131r At\u0131k Projesi de b\u00f6yle derin bir bilgelikten do\u011fmu\u015ftur. 6 uluslararas\u0131 \u00f6d\u00fcl kazanarak k\u00fcresel bir \u00e7evre hareketine d\u00f6n\u00fc\u015fm\u00fc\u015ft\u00fcr. Bu b\u00fcy\u00fck ba\u015far\u0131 T\u00fcrkiye\u2019ye aittir. \u015eu bir ger\u00e7ektir ki; S\u0131f\u0131r At\u0131k\u2019\u0131n amac\u0131 olan, israf\u0131 de\u011fil tasarrufu, y\u0131k\u0131m\u0131 de\u011fil yeniden in\u015fay\u0131 merkeze alan d\u00f6ng\u00fcsel ekonomi her millet i\u00e7in \u00e7ok \u00f6nemlidir. Bu ekonomi modelinde ba\u015far\u0131l\u0131 olamayan \u00fclkeler i\u00e7in g\u00fc\u00e7l\u00fc bir gelecekten s\u00f6z etmek maalesef m\u00fcmk\u00fcn de\u011fildir. Bu y\u00f6n\u00fcyle de S\u0131f\u0131r At\u0131k Projesi salt bir \u00e7evre hareketi de\u011fil ayn\u0131 zamanda ekonomimiz a\u00e7\u0131s\u0131ndan stratejik \u00f6nemde bir projedir&#8221;.<br \/>\nKonu\u015fmalar\u0131n ard\u0131ndan \u00f6d\u00fcller takdim edildi. Emine Erdo\u011fan ad\u0131na \u00f6d\u00fcl\u00fc alan Bakan Murat Kurum, \u201c\u00c7ok de\u011ferli bir \u00f6d\u00fcl. Ben bu \u00f6d\u00fcl\u00fc \u00f6ncelikle bu hareketi ba\u015flatan Sayg\u0131de\u011fer Emine Erdo\u011fan Han\u0131mefendi ad\u0131na almak istiyorum ve \u00e7ok \u00e7ok te\u015fekk\u00fcr ediyorum. Di\u011fer taraftan yine bu \u00f6d\u00fcl\u00fc Ay\u015fenur Ezgi Eygi karde\u015fimiz i\u00e7in al\u0131yorum. Bu \u00f6d\u00fcl\u00fc TUSA\u015e\u2019ta \u015fehit d\u00fc\u015fen karde\u015flerimiz i\u00e7in al\u0131yorum. Bu \u00f6d\u00fcl\u00fc Filistin\u2019de, Gazze\u2019de Filistin\u2019in Gazze\u2019nin \u00f6zg\u00fcrl\u00fc\u011f\u00fc i\u00e7in m\u00fccadele eden karde\u015flerim i\u00e7in al\u0131yorum\u201d dedi.<\/p>\n<p>\u200bMehmet Akif \u0130nan Vakf\u0131, Emine Erdo\u011fan himayesinde y\u00fcr\u00fct\u00fclen S\u0131f\u0131r At\u0131k Hareketi\u2019ni \u201cUluslararas\u0131 De\u011fer \u00d6d\u00fcl\u00fc\u201dne lay\u0131k g\u00f6rd\u00fc.ANKARA (\u0130GFA) &#8211; Mehmet Akif \u0130nan Vakf\u0131 ve Memur-Sen Konfederasyonu i\u015f birli\u011fiyle ger\u00e7ekle\u015fen 2025 y\u0131l\u0131 Mehmet Akif \u0130nan \u00d6d\u00fclleri, d\u00fczenlenen t\u00f6renle sahiplerini buldu. 6 kategoride verilen \u00f6d\u00fcllerden Uluslararas\u0131 De\u011fer \u00d6d\u00fcl\u00fc, bu y\u0131l Emine Erdo\u011fan\u2019\u0131n himayesinde ba\u015flat\u0131lan S\u0131f\u0131r At\u0131k Projesi\u2019ne verildi. Emine Erdo\u011fan ad\u0131na \u00f6d\u00fcl\u00fc \u00c7evre, \u015eehircilik ve \u0130klim De\u011fi\u015fikli\u011fi Bakan\u0131 Murat Kurum ald\u0131. Bakan Kurum, \u00f6d\u00fcl alan isimlerin b\u00fcy\u00fck bir vefa duygusuyla belirlendi\u011fini kaydederek, \u201cBa\u015fta \u015fehitlerimiz olmak \u00fczere, \u00f6d\u00fcl takdim edilen her \u015fahsiyetin, verilen payeyi sonuna kadar hak etmi\u015f oldu\u011funu d\u00fc\u015f\u00fcn\u00fcyorum\u201d dedi.<br \/>\nCumhurba\u015fkan\u0131 Recep Tayyip Erdo\u011fan\u2019\u0131n liderli\u011finde ba\u015flat\u0131lan asr\u0131n in\u015fa seferberli\u011fine, milli m\u00fccadele \u015fuuruyla devam etiklerini belirten Bakan Kurum, \u201cBu seferberli\u011fin ordusu, elbette emek\u00e7i karde\u015flerimiz. Bug\u00fcn 11 ilimizde 201 bin konutu ba\u015far\u0131yla teslim ettiysek; 2025\u2019in sonunda evine girmeyen tek bir depremzede kalmayacak s\u00f6z\u00fcn\u00fc verebiliyorsak, bunun arkas\u0131nda 182 bin mimar, m\u00fchendis, i\u015f\u00e7i karde\u015fimizin al\u0131n teri vard\u0131r. Ben sizlerin huzurunda, deprem b\u00f6lgesindeki konutlar i\u00e7in 7\/24 \u00e7al\u0131\u015fan t\u00fcm emek\u00e7i karde\u015flerime te\u015fekk\u00fcr ediyorum\u201d \u015feklinde konu\u015ftu.<br \/>\n\u201cSIFIR ATIK 6 ULUSLARARASI \u00d6D\u00dcLLE K\u00dcRESEL B\u0130R \u00c7EVRE HAREKET\u0130NE D\u00d6N\u00dc\u015eT\u00dc\u201d<br \/>\nBakan Kurum, Mehmet Akif \u0130nan Vakf\u0131\u2019n\u0131n S\u0131f\u0131r At\u0131k Hareketi\u2019ne verdi\u011fi Uluslararas\u0131 De\u011fer \u00d6d\u00fcl\u00fc\u2019ne dikkat \u00e7ekerek \u015funlar\u0131 s\u00f6yledi:<br \/>\nBu \u00f6d\u00fclle hem bir hakk\u0131 teslim ediyor hem de bizimle ayn\u0131 duyarl\u0131l\u0131\u011fa sahip oldu\u011funuzu ilan ediyorsunuz. Bu deste\u011fe bizim, \u00fclkemizin ve d\u00fcnyam\u0131z\u0131n \u00e7ok ihtiyac\u0131 var. Zira, bug\u00fcn k\u00fcresel bir \u00e7evre felaketiyle kar\u015f\u0131 kar\u015f\u0131yay\u0131z. Bizim \u015fanl\u0131 ecdad\u0131m\u0131z, d\u00fcnya tarihindeki en g\u00fc\u00e7l\u00fc devletleri kurarken bile, do\u011faya rakip de\u011fil yolda\u015f olmu\u015f, efendi de\u011fil hizmetk\u00e2r olmu\u015ftur. Bug\u00fcn Say\u0131n Emine Erdo\u011fan\u2019\u0131n \u00f6nc\u00fcl\u00fc\u011f\u00fcnde y\u00fcr\u00fctt\u00fc\u011f\u00fcm\u00fcz S\u0131f\u0131r At\u0131k Projesi de b\u00f6yle derin bir bilgelikten do\u011fmu\u015ftur. 6 uluslararas\u0131 \u00f6d\u00fcl kazanarak k\u00fcresel bir \u00e7evre hareketine d\u00f6n\u00fc\u015fm\u00fc\u015ft\u00fcr. Bu b\u00fcy\u00fck ba\u015far\u0131 T\u00fcrkiye\u2019ye aittir. \u015eu bir ger\u00e7ektir ki; S\u0131f\u0131r At\u0131k\u2019\u0131n amac\u0131 olan, israf\u0131 de\u011fil tasarrufu, y\u0131k\u0131m\u0131 de\u011fil yeniden in\u015fay\u0131 merkeze alan d\u00f6ng\u00fcsel ekonomi her millet i\u00e7in \u00e7ok \u00f6nemlidir. Bu ekonomi modelinde ba\u015far\u0131l\u0131 olamayan \u00fclkeler i\u00e7in g\u00fc\u00e7l\u00fc bir gelecekten s\u00f6z etmek maalesef m\u00fcmk\u00fcn de\u011fildir. Bu y\u00f6n\u00fcyle de S\u0131f\u0131r At\u0131k Projesi salt bir \u00e7evre hareketi de\u011fil ayn\u0131 zamanda ekonomimiz a\u00e7\u0131s\u0131ndan stratejik \u00f6nemde bir projedir&#8221;.<br \/>\nKonu\u015fmalar\u0131n ard\u0131ndan \u00f6d\u00fcller takdim edildi. Emine Erdo\u011fan ad\u0131na \u00f6d\u00fcl\u00fc alan Bakan Murat Kurum, \u201c\u00c7ok de\u011ferli bir \u00f6d\u00fcl. Ben bu \u00f6d\u00fcl\u00fc \u00f6ncelikle bu hareketi ba\u015flatan Sayg\u0131de\u011fer Emine Erdo\u011fan Han\u0131mefendi ad\u0131na almak istiyorum ve \u00e7ok \u00e7ok te\u015fekk\u00fcr ediyorum. Di\u011fer taraftan yine bu \u00f6d\u00fcl\u00fc Ay\u015fenur Ezgi Eygi karde\u015fimiz i\u00e7in al\u0131yorum. Bu \u00f6d\u00fcl\u00fc TUSA\u015e\u2019ta \u015fehit d\u00fc\u015fen karde\u015flerimiz i\u00e7in al\u0131yorum. Bu \u00f6d\u00fcl\u00fc Filistin\u2019de, Gazze\u2019de Filistin\u2019in Gazze\u2019nin \u00f6zg\u00fcrl\u00fc\u011f\u00fc i\u00e7in m\u00fccadele eden karde\u015flerim i\u00e7in al\u0131yorum\u201d dedi.\u00a0<\/p>\n<p>\u200bHaberin Al\u0131nt\u0131land\u0131\u011f\u0131 Kaynak: www.iskenderun.org<\/p>","protected":false},"excerpt":{"rendered":"<p>Mehmet Akif \u0130nan Vakf\u0131, Emine Erdo\u011fan himayesinde y\u00fcr\u00fct\u00fclen S\u0131f\u0131r At\u0131k Hareketi\u2019ni \u201cUluslararas\u0131 De\u011fer \u00d6d\u00fcl\u00fc\u201dne lay\u0131k g\u00f6rd\u00fc.ANKARA (\u0130GFA) &#8211; Mehmet Akif \u0130nan Vakf\u0131 ve Memur-Sen Konfederasyonu i\u015f birli\u011fiyle ger\u00e7ekle\u015fen 2025 y\u0131l\u0131 Mehmet Akif \u0130nan \u00d6d\u00fclleri, d\u00fczenlenen t\u00f6renle sahiplerini buldu. 6 kategoride verilen \u00f6d\u00fcllerden Uluslararas\u0131 De\u011fer \u00d6d\u00fcl\u00fc, bu y\u0131l Emine Erdo\u011fan\u2019\u0131n himayesinde ba\u015flat\u0131lan S\u0131f\u0131r At\u0131k Projesi\u2019ne verildi. Emine Erdo\u011fan ad\u0131na \u00f6d\u00fcl\u00fc \u00c7evre, \u015eehircilik ve \u0130klim De\u011fi\u015fikli\u011fi Bakan\u0131 Murat Kurum ald\u0131. Bakan Kurum, \u00f6d\u00fcl alan isimlerin b\u00fcy\u00fck bir vefa duygusuyla belirlendi\u011fini kaydederek, \u201cBa\u015fta \u015fehitlerimiz olmak \u00fczere, \u00f6d\u00fcl takdim edilen her \u015fahsiyetin, verilen payeyi sonuna kadar hak etmi\u015f oldu\u011funu d\u00fc\u015f\u00fcn\u00fcyorum\u201d dedi. Cumhurba\u015fkan\u0131 Recep Tayyip Erdo\u011fan\u2019\u0131n liderli\u011finde ba\u015flat\u0131lan asr\u0131n in\u015fa seferberli\u011fine, milli m\u00fccadele \u015fuuruyla devam etiklerini belirten Bakan Kurum, \u201cBu seferberli\u011fin ordusu, elbette emek\u00e7i karde\u015flerimiz. Bug\u00fcn 11 ilimizde 201 bin konutu ba\u015far\u0131yla teslim ettiysek; 2025\u2019in sonunda evine girmeyen tek bir depremzede kalmayacak s\u00f6z\u00fcn\u00fc verebiliyorsak, bunun arkas\u0131nda 182 bin mimar, m\u00fchendis, i\u015f\u00e7i karde\u015fimizin al\u0131n teri vard\u0131r. Ben sizlerin huzurunda, deprem b\u00f6lgesindeki konutlar i\u00e7in 7\/24 \u00e7al\u0131\u015fan t\u00fcm emek\u00e7i karde\u015flerime te\u015fekk\u00fcr ediyorum\u201d \u015feklinde konu\u015ftu. \u201cSIFIR ATIK 6 ULUSLARARASI \u00d6D\u00dcLLE K\u00dcRESEL B\u0130R \u00c7EVRE HAREKET\u0130NE D\u00d6N\u00dc\u015eT\u00dc\u201d Bakan Kurum, Mehmet Akif \u0130nan Vakf\u0131\u2019n\u0131n S\u0131f\u0131r At\u0131k Hareketi\u2019ne verdi\u011fi Uluslararas\u0131 De\u011fer \u00d6d\u00fcl\u00fc\u2019ne dikkat \u00e7ekerek \u015funlar\u0131 s\u00f6yledi: Bu \u00f6d\u00fclle hem bir hakk\u0131 teslim ediyor &hellip;<\/p>","protected":false},"author":1,"featured_media":0,"comment_status":"open","ping_status":"open","sticky":false,"template":"","format":"standard","meta":{"_acf_changed":false,"footnotes":""},"categories":[24],"tags":[],"class_list":["post-24325","post","type-post","status-publish","format-standard","has-post-thumbnail","hentry","category-gundem"],"acf":[],"yoast_head":"<!-- This site is optimized with the Yoast SEO Premium plugin v26.6 (Yoast SEO v27.1.1) - https:\/\/yoast.com\/product\/yoast-seo-premium-wordpress\/ -->\n<title>&#039;S\u0131f\u0131r At\u0131k&#039;a uluslararas\u0131 de\u011fer - Av. Deniz Can K\u0131z\u0131l<\/title>\n<meta name=\"robots\" content=\"index, follow, max-snippet:-1, max-image-preview:large, max-video-preview:-1\" \/>\n<link rel=\"canonical\" href=\"https:\/\/denizcankizil.tr\/uk\/haberler\/gundem\/sifir-atika-uluslararasi-deger\/\" \/>\n<meta property=\"og:locale\" content=\"uk_UA\" \/>\n<meta property=\"og:type\" content=\"article\" \/>\n<meta property=\"og:title\" content=\"&#039;S\u0131f\u0131r At\u0131k&#039;a uluslararas\u0131 de\u011fer\" \/>\n<meta property=\"og:description\" content=\"Mehmet Akif \u0130nan Vakf\u0131, Emine Erdo\u011fan himayesinde y\u00fcr\u00fct\u00fclen S\u0131f\u0131r At\u0131k Hareketi\u2019ni \u201cUluslararas\u0131 De\u011fer \u00d6d\u00fcl\u00fc\u201dne lay\u0131k g\u00f6rd\u00fc.ANKARA (\u0130GFA) &#8211; Mehmet Akif \u0130nan Vakf\u0131 ve Memur-Sen Konfederasyonu i\u015f birli\u011fiyle ger\u00e7ekle\u015fen 2025 y\u0131l\u0131 Mehmet Akif \u0130nan \u00d6d\u00fclleri, d\u00fczenlenen t\u00f6renle sahiplerini buldu. 6 kategoride verilen \u00f6d\u00fcllerden Uluslararas\u0131 De\u011fer \u00d6d\u00fcl\u00fc, bu y\u0131l Emine Erdo\u011fan\u2019\u0131n himayesinde ba\u015flat\u0131lan S\u0131f\u0131r At\u0131k Projesi\u2019ne verildi. Emine Erdo\u011fan ad\u0131na \u00f6d\u00fcl\u00fc \u00c7evre, \u015eehircilik ve \u0130klim De\u011fi\u015fikli\u011fi Bakan\u0131 Murat Kurum ald\u0131. Bakan Kurum, \u00f6d\u00fcl alan isimlerin b\u00fcy\u00fck bir vefa duygusuyla belirlendi\u011fini kaydederek, \u201cBa\u015fta \u015fehitlerimiz olmak \u00fczere, \u00f6d\u00fcl takdim edilen her \u015fahsiyetin, verilen payeyi sonuna kadar hak etmi\u015f oldu\u011funu d\u00fc\u015f\u00fcn\u00fcyorum\u201d dedi. Cumhurba\u015fkan\u0131 Recep Tayyip Erdo\u011fan\u2019\u0131n liderli\u011finde ba\u015flat\u0131lan asr\u0131n in\u015fa seferberli\u011fine, milli m\u00fccadele \u015fuuruyla devam etiklerini belirten Bakan Kurum, \u201cBu seferberli\u011fin ordusu, elbette emek\u00e7i karde\u015flerimiz. Bug\u00fcn 11 ilimizde 201 bin konutu ba\u015far\u0131yla teslim ettiysek; 2025\u2019in sonunda evine girmeyen tek bir depremzede kalmayacak s\u00f6z\u00fcn\u00fc verebiliyorsak, bunun arkas\u0131nda 182 bin mimar, m\u00fchendis, i\u015f\u00e7i karde\u015fimizin al\u0131n teri vard\u0131r. Ben sizlerin huzurunda, deprem b\u00f6lgesindeki konutlar i\u00e7in 7\/24 \u00e7al\u0131\u015fan t\u00fcm emek\u00e7i karde\u015flerime te\u015fekk\u00fcr ediyorum\u201d \u015feklinde konu\u015ftu. \u201cSIFIR ATIK 6 ULUSLARARASI \u00d6D\u00dcLLE K\u00dcRESEL B\u0130R \u00c7EVRE HAREKET\u0130NE D\u00d6N\u00dc\u015eT\u00dc\u201d Bakan Kurum, Mehmet Akif \u0130nan Vakf\u0131\u2019n\u0131n S\u0131f\u0131r At\u0131k Hareketi\u2019ne verdi\u011fi Uluslararas\u0131 De\u011fer \u00d6d\u00fcl\u00fc\u2019ne dikkat \u00e7ekerek \u015funlar\u0131 s\u00f6yledi: Bu \u00f6d\u00fclle hem bir hakk\u0131 teslim ediyor &hellip;\" \/>\n<meta property=\"og:url\" content=\"https:\/\/denizcankizil.tr\/uk\/haberler\/gundem\/sifir-atika-uluslararasi-deger\/\" \/>\n<meta property=\"og:site_name\" content=\"Av. Deniz Can K\u0131z\u0131l\" \/>\n<meta property=\"article:published_time\" content=\"2025-01-07T13:41:23+00:00\" \/>\n<meta name=\"author\" content=\"admin\" \/>\n<meta name=\"twitter:card\" content=\"summary_large_image\" \/>\n<meta name=\"twitter:label1\" content=\"\u041d\u0430\u043f\u0438\u0441\u0430\u043d\u043e\" \/>\n\t<meta name=\"twitter:data1\" content=\"admin\" \/>\n\t<meta name=\"twitter:label2\" content=\"\u041f\u0440\u0438\u0431\u043b. \u0447\u0430\u0441 \u0447\u0438\u0442\u0430\u043d\u043d\u044f\" \/>\n\t<meta name=\"twitter:data2\" content=\"6 \u0445\u0432\u0438\u043b\u0438\u043d\" \/>\n<script type=\"application\/ld+json\" class=\"yoast-schema-graph\">{\"@context\":\"https:\/\/schema.org\",\"@graph\":[{\"@type\":\"Article\",\"@id\":\"https:\/\/denizcankizil.tr\/uk\/haberler\/gundem\/sifir-atika-uluslararasi-deger\/#article\",\"isPartOf\":{\"@id\":\"https:\/\/denizcankizil.tr\/uk\/haberler\/gundem\/sifir-atika-uluslararasi-deger\/\"},\"author\":{\"name\":\"admin\",\"@id\":\"https:\/\/denizcankizil.tr\/de\/#\/schema\/person\/be3c05fe6a12686905512445d8185489\"},\"headline\":\"&#8216;S\u0131f\u0131r At\u0131k&#8217;a uluslararas\u0131 de\u011fer\",\"datePublished\":\"2025-01-07T13:41:23+00:00\",\"mainEntityOfPage\":{\"@id\":\"https:\/\/denizcankizil.tr\/uk\/haberler\/gundem\/sifir-atika-uluslararasi-deger\/\"},\"wordCount\":1235,\"commentCount\":0,\"publisher\":{\"@id\":\"https:\/\/denizcankizil.tr\/de\/#organization\"},\"articleSection\":[\"G\u00fcndem\"],\"inLanguage\":\"uk\",\"potentialAction\":[{\"@type\":\"CommentAction\",\"name\":\"Comment\",\"target\":[\"https:\/\/denizcankizil.tr\/uk\/haberler\/gundem\/sifir-atika-uluslararasi-deger\/#respond\"]}]},{\"@type\":\"WebPage\",\"@id\":\"https:\/\/denizcankizil.tr\/uk\/haberler\/gundem\/sifir-atika-uluslararasi-deger\/\",\"url\":\"https:\/\/denizcankizil.tr\/uk\/haberler\/gundem\/sifir-atika-uluslararasi-deger\/\",\"name\":\"'S\u0131f\u0131r At\u0131k'a uluslararas\u0131 de\u011fer - Av. Deniz Can K\u0131z\u0131l\",\"isPartOf\":{\"@id\":\"https:\/\/denizcankizil.tr\/de\/#website\"},\"datePublished\":\"2025-01-07T13:41:23+00:00\",\"breadcrumb\":{\"@id\":\"https:\/\/denizcankizil.tr\/uk\/haberler\/gundem\/sifir-atika-uluslararasi-deger\/#breadcrumb\"},\"inLanguage\":\"uk\",\"potentialAction\":[{\"@type\":\"ReadAction\",\"target\":[\"https:\/\/denizcankizil.tr\/uk\/haberler\/gundem\/sifir-atika-uluslararasi-deger\/\"]}]},{\"@type\":\"BreadcrumbList\",\"@id\":\"https:\/\/denizcankizil.tr\/uk\/haberler\/gundem\/sifir-atika-uluslararasi-deger\/#breadcrumb\",\"itemListElement\":[{\"@type\":\"ListItem\",\"position\":1,\"name\":\"Home\",\"item\":\"https:\/\/denizcankizil.tr\/de\/\"},{\"@type\":\"ListItem\",\"position\":2,\"name\":\"&#8216;S\u0131f\u0131r At\u0131k&#8217;a uluslararas\u0131 de\u011fer\"}]},{\"@type\":\"WebSite\",\"@id\":\"https:\/\/denizcankizil.tr\/de\/#website\",\"url\":\"https:\/\/denizcankizil.tr\/de\/\",\"name\":\"Av. Deniz Can K\u0131z\u0131l\",\"description\":\"Avukat Deniz Can K\u0131z\u0131l Antalya Barosu\",\"publisher\":{\"@id\":\"https:\/\/denizcankizil.tr\/de\/#organization\"},\"potentialAction\":[{\"@type\":\"SearchAction\",\"target\":{\"@type\":\"EntryPoint\",\"urlTemplate\":\"https:\/\/denizcankizil.tr\/de\/?s={search_term_string}\"},\"query-input\":{\"@type\":\"PropertyValueSpecification\",\"valueRequired\":true,\"valueName\":\"search_term_string\"}}],\"inLanguage\":\"uk\"},{\"@type\":\"Organization\",\"@id\":\"https:\/\/denizcankizil.tr\/de\/#organization\",\"name\":\"Av. Deniz Can K\u0131z\u0131l\",\"url\":\"https:\/\/denizcankizil.tr\/de\/\",\"logo\":{\"@type\":\"ImageObject\",\"inLanguage\":\"uk\",\"@id\":\"https:\/\/denizcankizil.tr\/de\/#\/schema\/logo\/image\/\",\"url\":\"https:\/\/denizcankizil.tr\/wp-content\/uploads\/2024\/10\/siyah-logo-svg.svg\",\"contentUrl\":\"https:\/\/denizcankizil.tr\/wp-content\/uploads\/2024\/10\/siyah-logo-svg.svg\",\"width\":1080,\"height\":1080,\"caption\":\"Av. Deniz Can K\u0131z\u0131l\"},\"image\":{\"@id\":\"https:\/\/denizcankizil.tr\/de\/#\/schema\/logo\/image\/\"}},{\"@type\":\"Person\",\"@id\":\"https:\/\/denizcankizil.tr\/de\/#\/schema\/person\/be3c05fe6a12686905512445d8185489\",\"name\":\"admin\",\"image\":{\"@type\":\"ImageObject\",\"inLanguage\":\"uk\",\"@id\":\"https:\/\/denizcankizil.tr\/de\/#\/schema\/person\/image\/\",\"url\":\"https:\/\/secure.gravatar.com\/avatar\/c1fce94c830dc79107e174f890d7210541c4a63e8e5d816341794a2151c9d58c?s=96&d=mm&r=g\",\"contentUrl\":\"https:\/\/secure.gravatar.com\/avatar\/c1fce94c830dc79107e174f890d7210541c4a63e8e5d816341794a2151c9d58c?s=96&d=mm&r=g\",\"caption\":\"admin\"},\"sameAs\":[\"http:\/\/denizcankizil.tr\"],\"url\":\"https:\/\/www.iskenderun.org\/sifir-atika-uluslararasi-deger\"}]}<\/script>\n<!-- \/ Yoast SEO Premium plugin. -->","yoast_head_json":{"title":"'S\u0131f\u0131r At\u0131k'a uluslararas\u0131 de\u011fer - Av. Deniz Can K\u0131z\u0131l","robots":{"index":"index","follow":"follow","max-snippet":"max-snippet:-1","max-image-preview":"max-image-preview:large","max-video-preview":"max-video-preview:-1"},"canonical":"https:\/\/denizcankizil.tr\/uk\/haberler\/gundem\/sifir-atika-uluslararasi-deger\/","og_locale":"uk_UA","og_type":"article","og_title":"'S\u0131f\u0131r At\u0131k'a uluslararas\u0131 de\u011fer","og_description":"Mehmet Akif \u0130nan Vakf\u0131, Emine Erdo\u011fan himayesinde y\u00fcr\u00fct\u00fclen S\u0131f\u0131r At\u0131k Hareketi\u2019ni \u201cUluslararas\u0131 De\u011fer \u00d6d\u00fcl\u00fc\u201dne lay\u0131k g\u00f6rd\u00fc.ANKARA (\u0130GFA) &#8211; Mehmet Akif \u0130nan Vakf\u0131 ve Memur-Sen Konfederasyonu i\u015f birli\u011fiyle ger\u00e7ekle\u015fen 2025 y\u0131l\u0131 Mehmet Akif \u0130nan \u00d6d\u00fclleri, d\u00fczenlenen t\u00f6renle sahiplerini buldu. 6 kategoride verilen \u00f6d\u00fcllerden Uluslararas\u0131 De\u011fer \u00d6d\u00fcl\u00fc, bu y\u0131l Emine Erdo\u011fan\u2019\u0131n himayesinde ba\u015flat\u0131lan S\u0131f\u0131r At\u0131k Projesi\u2019ne verildi. Emine Erdo\u011fan ad\u0131na \u00f6d\u00fcl\u00fc \u00c7evre, \u015eehircilik ve \u0130klim De\u011fi\u015fikli\u011fi Bakan\u0131 Murat Kurum ald\u0131. Bakan Kurum, \u00f6d\u00fcl alan isimlerin b\u00fcy\u00fck bir vefa duygusuyla belirlendi\u011fini kaydederek, \u201cBa\u015fta \u015fehitlerimiz olmak \u00fczere, \u00f6d\u00fcl takdim edilen her \u015fahsiyetin, verilen payeyi sonuna kadar hak etmi\u015f oldu\u011funu d\u00fc\u015f\u00fcn\u00fcyorum\u201d dedi. Cumhurba\u015fkan\u0131 Recep Tayyip Erdo\u011fan\u2019\u0131n liderli\u011finde ba\u015flat\u0131lan asr\u0131n in\u015fa seferberli\u011fine, milli m\u00fccadele \u015fuuruyla devam etiklerini belirten Bakan Kurum, \u201cBu seferberli\u011fin ordusu, elbette emek\u00e7i karde\u015flerimiz. Bug\u00fcn 11 ilimizde 201 bin konutu ba\u015far\u0131yla teslim ettiysek; 2025\u2019in sonunda evine girmeyen tek bir depremzede kalmayacak s\u00f6z\u00fcn\u00fc verebiliyorsak, bunun arkas\u0131nda 182 bin mimar, m\u00fchendis, i\u015f\u00e7i karde\u015fimizin al\u0131n teri vard\u0131r. Ben sizlerin huzurunda, deprem b\u00f6lgesindeki konutlar i\u00e7in 7\/24 \u00e7al\u0131\u015fan t\u00fcm emek\u00e7i karde\u015flerime te\u015fekk\u00fcr ediyorum\u201d \u015feklinde konu\u015ftu. \u201cSIFIR ATIK 6 ULUSLARARASI \u00d6D\u00dcLLE K\u00dcRESEL B\u0130R \u00c7EVRE HAREKET\u0130NE D\u00d6N\u00dc\u015eT\u00dc\u201d Bakan Kurum, Mehmet Akif \u0130nan Vakf\u0131\u2019n\u0131n S\u0131f\u0131r At\u0131k Hareketi\u2019ne verdi\u011fi Uluslararas\u0131 De\u011fer \u00d6d\u00fcl\u00fc\u2019ne dikkat \u00e7ekerek \u015funlar\u0131 s\u00f6yledi: Bu \u00f6d\u00fclle hem bir hakk\u0131 teslim ediyor &hellip;","og_url":"https:\/\/denizcankizil.tr\/uk\/haberler\/gundem\/sifir-atika-uluslararasi-deger\/","og_site_name":"Av. Deniz Can K\u0131z\u0131l","article_published_time":"2025-01-07T13:41:23+00:00","author":"admin","twitter_card":"summary_large_image","twitter_misc":{"\u041d\u0430\u043f\u0438\u0441\u0430\u043d\u043e":"admin","\u041f\u0440\u0438\u0431\u043b. \u0447\u0430\u0441 \u0447\u0438\u0442\u0430\u043d\u043d\u044f":"6 \u0445\u0432\u0438\u043b\u0438\u043d"},"schema":{"@context":"https:\/\/schema.org","@graph":[{"@type":"Article","@id":"https:\/\/denizcankizil.tr\/uk\/haberler\/gundem\/sifir-atika-uluslararasi-deger\/#article","isPartOf":{"@id":"https:\/\/denizcankizil.tr\/uk\/haberler\/gundem\/sifir-atika-uluslararasi-deger\/"},"author":{"name":"admin","@id":"https:\/\/denizcankizil.tr\/de\/#\/schema\/person\/be3c05fe6a12686905512445d8185489"},"headline":"&#8216;S\u0131f\u0131r At\u0131k&#8217;a uluslararas\u0131 de\u011fer","datePublished":"2025-01-07T13:41:23+00:00","mainEntityOfPage":{"@id":"https:\/\/denizcankizil.tr\/uk\/haberler\/gundem\/sifir-atika-uluslararasi-deger\/"},"wordCount":1235,"commentCount":0,"publisher":{"@id":"https:\/\/denizcankizil.tr\/de\/#organization"},"articleSection":["G\u00fcndem"],"inLanguage":"uk","potentialAction":[{"@type":"CommentAction","name":"Comment","target":["https:\/\/denizcankizil.tr\/uk\/haberler\/gundem\/sifir-atika-uluslararasi-deger\/#respond"]}]},{"@type":"WebPage","@id":"https:\/\/denizcankizil.tr\/uk\/haberler\/gundem\/sifir-atika-uluslararasi-deger\/","url":"https:\/\/denizcankizil.tr\/uk\/haberler\/gundem\/sifir-atika-uluslararasi-deger\/","name":"'S\u0131f\u0131r At\u0131k'a uluslararas\u0131 de\u011fer - Av. Deniz Can K\u0131z\u0131l","isPartOf":{"@id":"https:\/\/denizcankizil.tr\/de\/#website"},"datePublished":"2025-01-07T13:41:23+00:00","breadcrumb":{"@id":"https:\/\/denizcankizil.tr\/uk\/haberler\/gundem\/sifir-atika-uluslararasi-deger\/#breadcrumb"},"inLanguage":"uk","potentialAction":[{"@type":"ReadAction","target":["https:\/\/denizcankizil.tr\/uk\/haberler\/gundem\/sifir-atika-uluslararasi-deger\/"]}]},{"@type":"BreadcrumbList","@id":"https:\/\/denizcankizil.tr\/uk\/haberler\/gundem\/sifir-atika-uluslararasi-deger\/#breadcrumb","itemListElement":[{"@type":"ListItem","position":1,"name":"Home","item":"https:\/\/denizcankizil.tr\/de\/"},{"@type":"ListItem","position":2,"name":"&#8216;S\u0131f\u0131r At\u0131k&#8217;a uluslararas\u0131 de\u011fer"}]},{"@type":"WebSite","@id":"https:\/\/denizcankizil.tr\/de\/#website","url":"https:\/\/denizcankizil.tr\/de\/","name":"Av. Deniz Can K\u0131z\u0131l","description":"Avukat Deniz Can K\u0131z\u0131l Antalya Barosu","publisher":{"@id":"https:\/\/denizcankizil.tr\/de\/#organization"},"potentialAction":[{"@type":"SearchAction","target":{"@type":"EntryPoint","urlTemplate":"https:\/\/denizcankizil.tr\/de\/?s={search_term_string}"},"query-input":{"@type":"PropertyValueSpecification","valueRequired":true,"valueName":"search_term_string"}}],"inLanguage":"uk"},{"@type":"Organization","@id":"https:\/\/denizcankizil.tr\/de\/#organization","name":"Av. Deniz Can K\u0131z\u0131l","url":"https:\/\/denizcankizil.tr\/de\/","logo":{"@type":"ImageObject","inLanguage":"uk","@id":"https:\/\/denizcankizil.tr\/de\/#\/schema\/logo\/image\/","url":"https:\/\/denizcankizil.tr\/wp-content\/uploads\/2024\/10\/siyah-logo-svg.svg","contentUrl":"https:\/\/denizcankizil.tr\/wp-content\/uploads\/2024\/10\/siyah-logo-svg.svg","width":1080,"height":1080,"caption":"Av. Deniz Can K\u0131z\u0131l"},"image":{"@id":"https:\/\/denizcankizil.tr\/de\/#\/schema\/logo\/image\/"}},{"@type":"Person","@id":"https:\/\/denizcankizil.tr\/de\/#\/schema\/person\/be3c05fe6a12686905512445d8185489","name":"\u0430\u0434\u043c\u0456\u043d","image":{"@type":"ImageObject","inLanguage":"uk","@id":"https:\/\/denizcankizil.tr\/de\/#\/schema\/person\/image\/","url":"https:\/\/secure.gravatar.com\/avatar\/c1fce94c830dc79107e174f890d7210541c4a63e8e5d816341794a2151c9d58c?s=96&d=mm&r=g","contentUrl":"https:\/\/secure.gravatar.com\/avatar\/c1fce94c830dc79107e174f890d7210541c4a63e8e5d816341794a2151c9d58c?s=96&d=mm&r=g","caption":"admin"},"sameAs":["http:\/\/denizcankizil.tr"],"url":"https:\/\/www.iskenderun.org\/sifir-atika-uluslararasi-deger"}]}},"_links":{"self":[{"href":"https:\/\/denizcankizil.tr\/uk\/wp-json\/wp\/v2\/posts\/24325","targetHints":{"allow":["GET"]}}],"collection":[{"href":"https:\/\/denizcankizil.tr\/uk\/wp-json\/wp\/v2\/posts"}],"about":[{"href":"https:\/\/denizcankizil.tr\/uk\/wp-json\/wp\/v2\/types\/post"}],"author":[{"embeddable":true,"href":"https:\/\/denizcankizil.tr\/uk\/wp-json\/wp\/v2\/users\/1"}],"replies":[{"embeddable":true,"href":"https:\/\/denizcankizil.tr\/uk\/wp-json\/wp\/v2\/comments?post=24325"}],"version-history":[{"count":0,"href":"https:\/\/denizcankizil.tr\/uk\/wp-json\/wp\/v2\/posts\/24325\/revisions"}],"wp:attachment":[{"href":"https:\/\/denizcankizil.tr\/uk\/wp-json\/wp\/v2\/media?parent=24325"}],"wp:term":[{"taxonomy":"category","embeddable":true,"href":"https:\/\/denizcankizil.tr\/uk\/wp-json\/wp\/v2\/categories?post=24325"},{"taxonomy":"post_tag","embeddable":true,"href":"https:\/\/denizcankizil.tr\/uk\/wp-json\/wp\/v2\/tags?post=24325"}],"curies":[{"name":"wp","href":"https:\/\/api.w.org\/{rel}","templated":true}]}}