{"id":24113,"date":"2025-01-06T14:41:12","date_gmt":"2025-01-06T11:41:12","guid":{"rendered":"https:\/\/denizcankizil.tr\/uncategorized-tr\/turistler-sicak-havanin-keyfini-cikardi\/"},"modified":"2025-01-06T14:41:12","modified_gmt":"2025-01-06T11:41:12","slug":"turistler-sicak-havanin-keyfini-cikardi","status":"publish","type":"post","link":"https:\/\/denizcankizil.tr\/uk\/haberler\/antalya\/turistler-sicak-havanin-keyfini-cikardi\/","title":{"rendered":"Turistler s\u0131cak havan\u0131n keyfini \u00e7\u0131kard\u0131"},"content":{"rendered":"<p>Hava s\u0131cakl\u0131klar\u0131n\u0131n 20 derecenin \u00fczerine \u00e7\u0131kt\u0131\u011f\u0131 il\u00e7ede yerli ve yabanc\u0131 turistler g\u00fczel havan\u0131n ve denizin tad\u0131n\u0131 \u00e7\u0131karmak i\u00e7in d\u00fcnyaca \u00fcnl\u00fc Kleopatra plaj\u0131na ak\u0131n etti. Deniz s\u0131cakl\u0131\u011f\u0131n\u0131n 18 dereceye \u00e7\u0131kmas\u0131n\u0131 de\u011ferlendiren baz\u0131 vatanda\u015flar y\u00fczerken, kimi de oltayla bal\u0131k tuttu. Baz\u0131s\u0131 da an\u0131 \u00f6l\u00fcms\u00fczle\u015ftirmek i\u00e7in foto\u011fraf \u00e7ekildi. Sahilde bal\u0131k tutan Alaaddin Ar\u0131kan (48), \u2018&#8217;Y\u0131l\u0131n ilk g\u00fcnlerinde hava \u00e7ok g\u00fczel de\u011ferlendirmek istedik, sahile indik hem g\u00fcne\u015flenelim dedik hem de bal\u0131\u011f\u0131m\u0131z\u0131 tutal\u0131m ama maalesef bal\u0131\u011f\u0131m\u0131z\u0131 tutamad\u0131k. \u0130nsanlar g\u00fcne\u015fleniyor, turistler tad\u0131n\u0131 \u00e7\u0131kar\u0131yor&#8221; dedi.<\/p>\n<p>Kaynak: www.kanalv.com.tr Haber Sitesinden Al\u0131nm\u0131\u015ft\u0131r.<\/p>","protected":false},"excerpt":{"rendered":"<p>Hava s\u0131cakl\u0131klar\u0131n\u0131n 20 derecenin \u00fczerine \u00e7\u0131kt\u0131\u011f\u0131 il\u00e7ede yerli ve yabanc\u0131 turistler g\u00fczel havan\u0131n ve denizin tad\u0131n\u0131 \u00e7\u0131karmak i\u00e7in d\u00fcnyaca \u00fcnl\u00fc Kleopatra plaj\u0131na ak\u0131n etti. Deniz s\u0131cakl\u0131\u011f\u0131n\u0131n 18 dereceye \u00e7\u0131kmas\u0131n\u0131 de\u011ferlendiren baz\u0131 vatanda\u015flar y\u00fczerken, kimi de oltayla bal\u0131k tuttu. Baz\u0131s\u0131 da an\u0131 \u00f6l\u00fcms\u00fczle\u015ftirmek i\u00e7in foto\u011fraf \u00e7ekildi. Sahilde bal\u0131k tutan Alaaddin Ar\u0131kan (48), \u2018&#8217;Y\u0131l\u0131n ilk g\u00fcnlerinde hava \u00e7ok g\u00fczel de\u011ferlendirmek istedik, sahile indik hem g\u00fcne\u015flenelim dedik hem de bal\u0131\u011f\u0131m\u0131z\u0131 tutal\u0131m ama maalesef bal\u0131\u011f\u0131m\u0131z\u0131 tutamad\u0131k. \u0130nsanlar g\u00fcne\u015fleniyor, turistler tad\u0131n\u0131 \u00e7\u0131kar\u0131yor&#8221; dedi. Kaynak: www.kanalv.com.tr Haber Sitesinden Al\u0131nm\u0131\u015ft\u0131r.<\/p>","protected":false},"author":0,"featured_media":24114,"comment_status":"open","ping_status":"open","sticky":false,"template":"","format":"standard","meta":{"_acf_changed":false,"footnotes":""},"categories":[26,535],"tags":[],"class_list":["post-24113","post","type-post","status-publish","format-standard","has-post-thumbnail","hentry","category-antalya","category-uncategorized-tr"],"acf":[],"yoast_head":"<!-- This site is optimized with the Yoast SEO Premium plugin v26.6 (Yoast SEO v27.1.1) - https:\/\/yoast.com\/product\/yoast-seo-premium-wordpress\/ -->\n<title>Turistler s\u0131cak havan\u0131n keyfini \u00e7\u0131kard\u0131 - Av. Deniz Can K\u0131z\u0131l<\/title>\n<meta name=\"robots\" content=\"index, follow, max-snippet:-1, max-image-preview:large, max-video-preview:-1\" \/>\n<link rel=\"canonical\" href=\"https:\/\/denizcankizil.tr\/uk\/haberler\/antalya\/turistler-sicak-havanin-keyfini-cikardi\/\" \/>\n<meta property=\"og:locale\" content=\"uk_UA\" \/>\n<meta property=\"og:type\" content=\"article\" \/>\n<meta property=\"og:title\" content=\"Turistler s\u0131cak havan\u0131n keyfini \u00e7\u0131kard\u0131\" \/>\n<meta property=\"og:description\" content=\"Hava s\u0131cakl\u0131klar\u0131n\u0131n 20 derecenin \u00fczerine \u00e7\u0131kt\u0131\u011f\u0131 il\u00e7ede yerli ve yabanc\u0131 turistler g\u00fczel havan\u0131n ve denizin tad\u0131n\u0131 \u00e7\u0131karmak i\u00e7in d\u00fcnyaca \u00fcnl\u00fc Kleopatra plaj\u0131na ak\u0131n etti. Deniz s\u0131cakl\u0131\u011f\u0131n\u0131n 18 dereceye \u00e7\u0131kmas\u0131n\u0131 de\u011ferlendiren baz\u0131 vatanda\u015flar y\u00fczerken, kimi de oltayla bal\u0131k tuttu. Baz\u0131s\u0131 da an\u0131 \u00f6l\u00fcms\u00fczle\u015ftirmek i\u00e7in foto\u011fraf \u00e7ekildi. Sahilde bal\u0131k tutan Alaaddin Ar\u0131kan (48), \u2018&#8217;Y\u0131l\u0131n ilk g\u00fcnlerinde hava \u00e7ok g\u00fczel de\u011ferlendirmek istedik, sahile indik hem g\u00fcne\u015flenelim dedik hem de bal\u0131\u011f\u0131m\u0131z\u0131 tutal\u0131m ama maalesef bal\u0131\u011f\u0131m\u0131z\u0131 tutamad\u0131k. \u0130nsanlar g\u00fcne\u015fleniyor, turistler tad\u0131n\u0131 \u00e7\u0131kar\u0131yor&#8221; dedi. Kaynak: www.kanalv.com.tr Haber Sitesinden Al\u0131nm\u0131\u015ft\u0131r.\" \/>\n<meta property=\"og:url\" content=\"https:\/\/denizcankizil.tr\/uk\/haberler\/antalya\/turistler-sicak-havanin-keyfini-cikardi\/\" \/>\n<meta property=\"og:site_name\" content=\"Av. Deniz Can K\u0131z\u0131l\" \/>\n<meta property=\"article:published_time\" content=\"2025-01-06T11:41:12+00:00\" \/>\n<meta property=\"og:image\" content=\"https:\/\/denizcankizil.tr\/wp-content\/uploads\/2025\/01\/4027-01-j57Kq4.jpeg\" \/>\n\t<meta property=\"og:image:width\" content=\"1280\" \/>\n\t<meta property=\"og:image:height\" content=\"720\" \/>\n\t<meta property=\"og:image:type\" content=\"image\/jpeg\" \/>\n<meta name=\"twitter:card\" content=\"summary_large_image\" \/>\n<meta name=\"twitter:label1\" content=\"\u041f\u0440\u0438\u0431\u043b. \u0447\u0430\u0441 \u0447\u0438\u0442\u0430\u043d\u043d\u044f\" \/>\n\t<meta name=\"twitter:data1\" content=\"1 \u0445\u0432\u0438\u043b\u0438\u043d\u0430\" \/>\n<script type=\"application\/ld+json\" class=\"yoast-schema-graph\">{\"@context\":\"https:\/\/schema.org\",\"@graph\":[{\"@type\":\"Article\",\"@id\":\"https:\/\/denizcankizil.tr\/uk\/haberler\/antalya\/turistler-sicak-havanin-keyfini-cikardi\/#article\",\"isPartOf\":{\"@id\":\"https:\/\/denizcankizil.tr\/uk\/haberler\/antalya\/turistler-sicak-havanin-keyfini-cikardi\/\"},\"author\":{\"name\":\"\",\"@id\":\"\"},\"headline\":\"Turistler s\u0131cak havan\u0131n keyfini \u00e7\u0131kard\u0131\",\"datePublished\":\"2025-01-06T11:41:12+00:00\",\"mainEntityOfPage\":{\"@id\":\"https:\/\/denizcankizil.tr\/uk\/haberler\/antalya\/turistler-sicak-havanin-keyfini-cikardi\/\"},\"wordCount\":138,\"commentCount\":0,\"publisher\":{\"@id\":\"https:\/\/denizcankizil.tr\/de\/#organization\"},\"image\":{\"@id\":\"https:\/\/denizcankizil.tr\/uk\/haberler\/antalya\/turistler-sicak-havanin-keyfini-cikardi\/#primaryimage\"},\"thumbnailUrl\":\"https:\/\/denizcankizil.tr\/wp-content\/uploads\/2025\/01\/4027-01-j57Kq4.jpeg\",\"articleSection\":[\"Antalya\",\"Uncategorized\"],\"inLanguage\":\"uk\",\"potentialAction\":[{\"@type\":\"CommentAction\",\"name\":\"Comment\",\"target\":[\"https:\/\/denizcankizil.tr\/uk\/haberler\/antalya\/turistler-sicak-havanin-keyfini-cikardi\/#respond\"]}]},{\"@type\":\"WebPage\",\"@id\":\"https:\/\/denizcankizil.tr\/uk\/haberler\/antalya\/turistler-sicak-havanin-keyfini-cikardi\/\",\"url\":\"https:\/\/denizcankizil.tr\/uk\/haberler\/antalya\/turistler-sicak-havanin-keyfini-cikardi\/\",\"name\":\"Turistler s\u0131cak havan\u0131n keyfini \u00e7\u0131kard\u0131 - Av. Deniz Can K\u0131z\u0131l\",\"isPartOf\":{\"@id\":\"https:\/\/denizcankizil.tr\/de\/#website\"},\"primaryImageOfPage\":{\"@id\":\"https:\/\/denizcankizil.tr\/uk\/haberler\/antalya\/turistler-sicak-havanin-keyfini-cikardi\/#primaryimage\"},\"image\":{\"@id\":\"https:\/\/denizcankizil.tr\/uk\/haberler\/antalya\/turistler-sicak-havanin-keyfini-cikardi\/#primaryimage\"},\"thumbnailUrl\":\"https:\/\/denizcankizil.tr\/wp-content\/uploads\/2025\/01\/4027-01-j57Kq4.jpeg\",\"datePublished\":\"2025-01-06T11:41:12+00:00\",\"breadcrumb\":{\"@id\":\"https:\/\/denizcankizil.tr\/uk\/haberler\/antalya\/turistler-sicak-havanin-keyfini-cikardi\/#breadcrumb\"},\"inLanguage\":\"uk\",\"potentialAction\":[{\"@type\":\"ReadAction\",\"target\":[\"https:\/\/denizcankizil.tr\/uk\/haberler\/antalya\/turistler-sicak-havanin-keyfini-cikardi\/\"]}]},{\"@type\":\"ImageObject\",\"inLanguage\":\"uk\",\"@id\":\"https:\/\/denizcankizil.tr\/uk\/haberler\/antalya\/turistler-sicak-havanin-keyfini-cikardi\/#primaryimage\",\"url\":\"https:\/\/denizcankizil.tr\/wp-content\/uploads\/2025\/01\/4027-01-j57Kq4.jpeg\",\"contentUrl\":\"https:\/\/denizcankizil.tr\/wp-content\/uploads\/2025\/01\/4027-01-j57Kq4.jpeg\",\"width\":1280,\"height\":720},{\"@type\":\"BreadcrumbList\",\"@id\":\"https:\/\/denizcankizil.tr\/uk\/haberler\/antalya\/turistler-sicak-havanin-keyfini-cikardi\/#breadcrumb\",\"itemListElement\":[{\"@type\":\"ListItem\",\"position\":1,\"name\":\"Home\",\"item\":\"https:\/\/denizcankizil.tr\/de\/\"},{\"@type\":\"ListItem\",\"position\":2,\"name\":\"Turistler s\u0131cak havan\u0131n keyfini \u00e7\u0131kard\u0131\"}]},{\"@type\":\"WebSite\",\"@id\":\"https:\/\/denizcankizil.tr\/de\/#website\",\"url\":\"https:\/\/denizcankizil.tr\/de\/\",\"name\":\"Av. Deniz Can K\u0131z\u0131l\",\"description\":\"Avukat Deniz Can K\u0131z\u0131l Antalya Barosu\",\"publisher\":{\"@id\":\"https:\/\/denizcankizil.tr\/de\/#organization\"},\"potentialAction\":[{\"@type\":\"SearchAction\",\"target\":{\"@type\":\"EntryPoint\",\"urlTemplate\":\"https:\/\/denizcankizil.tr\/de\/?s={search_term_string}\"},\"query-input\":{\"@type\":\"PropertyValueSpecification\",\"valueRequired\":true,\"valueName\":\"search_term_string\"}}],\"inLanguage\":\"uk\"},{\"@type\":\"Organization\",\"@id\":\"https:\/\/denizcankizil.tr\/de\/#organization\",\"name\":\"Av. Deniz Can K\u0131z\u0131l\",\"url\":\"https:\/\/denizcankizil.tr\/de\/\",\"logo\":{\"@type\":\"ImageObject\",\"inLanguage\":\"uk\",\"@id\":\"https:\/\/denizcankizil.tr\/de\/#\/schema\/logo\/image\/\",\"url\":\"https:\/\/denizcankizil.tr\/wp-content\/uploads\/2024\/10\/siyah-logo-svg.svg\",\"contentUrl\":\"https:\/\/denizcankizil.tr\/wp-content\/uploads\/2024\/10\/siyah-logo-svg.svg\",\"width\":1080,\"height\":1080,\"caption\":\"Av. Deniz Can K\u0131z\u0131l\"},\"image\":{\"@id\":\"https:\/\/denizcankizil.tr\/de\/#\/schema\/logo\/image\/\"}}]}<\/script>\n<!-- \/ Yoast SEO Premium plugin. -->","yoast_head_json":{"title":"Turistler s\u0131cak havan\u0131n keyfini \u00e7\u0131kard\u0131 - Av. Deniz Can K\u0131z\u0131l","robots":{"index":"index","follow":"follow","max-snippet":"max-snippet:-1","max-image-preview":"max-image-preview:large","max-video-preview":"max-video-preview:-1"},"canonical":"https:\/\/denizcankizil.tr\/uk\/haberler\/antalya\/turistler-sicak-havanin-keyfini-cikardi\/","og_locale":"uk_UA","og_type":"article","og_title":"Turistler s\u0131cak havan\u0131n keyfini \u00e7\u0131kard\u0131","og_description":"Hava s\u0131cakl\u0131klar\u0131n\u0131n 20 derecenin \u00fczerine \u00e7\u0131kt\u0131\u011f\u0131 il\u00e7ede yerli ve yabanc\u0131 turistler g\u00fczel havan\u0131n ve denizin tad\u0131n\u0131 \u00e7\u0131karmak i\u00e7in d\u00fcnyaca \u00fcnl\u00fc Kleopatra plaj\u0131na ak\u0131n etti. Deniz s\u0131cakl\u0131\u011f\u0131n\u0131n 18 dereceye \u00e7\u0131kmas\u0131n\u0131 de\u011ferlendiren baz\u0131 vatanda\u015flar y\u00fczerken, kimi de oltayla bal\u0131k tuttu. Baz\u0131s\u0131 da an\u0131 \u00f6l\u00fcms\u00fczle\u015ftirmek i\u00e7in foto\u011fraf \u00e7ekildi. Sahilde bal\u0131k tutan Alaaddin Ar\u0131kan (48), \u2018&#8217;Y\u0131l\u0131n ilk g\u00fcnlerinde hava \u00e7ok g\u00fczel de\u011ferlendirmek istedik, sahile indik hem g\u00fcne\u015flenelim dedik hem de bal\u0131\u011f\u0131m\u0131z\u0131 tutal\u0131m ama maalesef bal\u0131\u011f\u0131m\u0131z\u0131 tutamad\u0131k. \u0130nsanlar g\u00fcne\u015fleniyor, turistler tad\u0131n\u0131 \u00e7\u0131kar\u0131yor&#8221; dedi. Kaynak: www.kanalv.com.tr Haber Sitesinden Al\u0131nm\u0131\u015ft\u0131r.","og_url":"https:\/\/denizcankizil.tr\/uk\/haberler\/antalya\/turistler-sicak-havanin-keyfini-cikardi\/","og_site_name":"Av. Deniz Can K\u0131z\u0131l","article_published_time":"2025-01-06T11:41:12+00:00","og_image":[{"width":1280,"height":720,"url":"https:\/\/denizcankizil.tr\/wp-content\/uploads\/2025\/01\/4027-01-j57Kq4.jpeg","type":"image\/jpeg"}],"twitter_card":"summary_large_image","twitter_misc":{"\u041f\u0440\u0438\u0431\u043b. \u0447\u0430\u0441 \u0447\u0438\u0442\u0430\u043d\u043d\u044f":"1 \u0445\u0432\u0438\u043b\u0438\u043d\u0430"},"schema":{"@context":"https:\/\/schema.org","@graph":[{"@type":"Article","@id":"https:\/\/denizcankizil.tr\/uk\/haberler\/antalya\/turistler-sicak-havanin-keyfini-cikardi\/#article","isPartOf":{"@id":"https:\/\/denizcankizil.tr\/uk\/haberler\/antalya\/turistler-sicak-havanin-keyfini-cikardi\/"},"author":{"name":"","@id":""},"headline":"Turistler s\u0131cak havan\u0131n keyfini \u00e7\u0131kard\u0131","datePublished":"2025-01-06T11:41:12+00:00","mainEntityOfPage":{"@id":"https:\/\/denizcankizil.tr\/uk\/haberler\/antalya\/turistler-sicak-havanin-keyfini-cikardi\/"},"wordCount":138,"commentCount":0,"publisher":{"@id":"https:\/\/denizcankizil.tr\/de\/#organization"},"image":{"@id":"https:\/\/denizcankizil.tr\/uk\/haberler\/antalya\/turistler-sicak-havanin-keyfini-cikardi\/#primaryimage"},"thumbnailUrl":"https:\/\/denizcankizil.tr\/wp-content\/uploads\/2025\/01\/4027-01-j57Kq4.jpeg","articleSection":["Antalya","Uncategorized"],"inLanguage":"uk","potentialAction":[{"@type":"CommentAction","name":"Comment","target":["https:\/\/denizcankizil.tr\/uk\/haberler\/antalya\/turistler-sicak-havanin-keyfini-cikardi\/#respond"]}]},{"@type":"WebPage","@id":"https:\/\/denizcankizil.tr\/uk\/haberler\/antalya\/turistler-sicak-havanin-keyfini-cikardi\/","url":"https:\/\/denizcankizil.tr\/uk\/haberler\/antalya\/turistler-sicak-havanin-keyfini-cikardi\/","name":"Turistler s\u0131cak havan\u0131n keyfini \u00e7\u0131kard\u0131 - Av. Deniz Can K\u0131z\u0131l","isPartOf":{"@id":"https:\/\/denizcankizil.tr\/de\/#website"},"primaryImageOfPage":{"@id":"https:\/\/denizcankizil.tr\/uk\/haberler\/antalya\/turistler-sicak-havanin-keyfini-cikardi\/#primaryimage"},"image":{"@id":"https:\/\/denizcankizil.tr\/uk\/haberler\/antalya\/turistler-sicak-havanin-keyfini-cikardi\/#primaryimage"},"thumbnailUrl":"https:\/\/denizcankizil.tr\/wp-content\/uploads\/2025\/01\/4027-01-j57Kq4.jpeg","datePublished":"2025-01-06T11:41:12+00:00","breadcrumb":{"@id":"https:\/\/denizcankizil.tr\/uk\/haberler\/antalya\/turistler-sicak-havanin-keyfini-cikardi\/#breadcrumb"},"inLanguage":"uk","potentialAction":[{"@type":"ReadAction","target":["https:\/\/denizcankizil.tr\/uk\/haberler\/antalya\/turistler-sicak-havanin-keyfini-cikardi\/"]}]},{"@type":"ImageObject","inLanguage":"uk","@id":"https:\/\/denizcankizil.tr\/uk\/haberler\/antalya\/turistler-sicak-havanin-keyfini-cikardi\/#primaryimage","url":"https:\/\/denizcankizil.tr\/wp-content\/uploads\/2025\/01\/4027-01-j57Kq4.jpeg","contentUrl":"https:\/\/denizcankizil.tr\/wp-content\/uploads\/2025\/01\/4027-01-j57Kq4.jpeg","width":1280,"height":720},{"@type":"BreadcrumbList","@id":"https:\/\/denizcankizil.tr\/uk\/haberler\/antalya\/turistler-sicak-havanin-keyfini-cikardi\/#breadcrumb","itemListElement":[{"@type":"ListItem","position":1,"name":"Home","item":"https:\/\/denizcankizil.tr\/de\/"},{"@type":"ListItem","position":2,"name":"Turistler s\u0131cak havan\u0131n keyfini \u00e7\u0131kard\u0131"}]},{"@type":"WebSite","@id":"https:\/\/denizcankizil.tr\/de\/#website","url":"https:\/\/denizcankizil.tr\/de\/","name":"Av. Deniz Can K\u0131z\u0131l","description":"Avukat Deniz Can K\u0131z\u0131l Antalya Barosu","publisher":{"@id":"https:\/\/denizcankizil.tr\/de\/#organization"},"potentialAction":[{"@type":"SearchAction","target":{"@type":"EntryPoint","urlTemplate":"https:\/\/denizcankizil.tr\/de\/?s={search_term_string}"},"query-input":{"@type":"PropertyValueSpecification","valueRequired":true,"valueName":"search_term_string"}}],"inLanguage":"uk"},{"@type":"Organization","@id":"https:\/\/denizcankizil.tr\/de\/#organization","name":"Av. Deniz Can K\u0131z\u0131l","url":"https:\/\/denizcankizil.tr\/de\/","logo":{"@type":"ImageObject","inLanguage":"uk","@id":"https:\/\/denizcankizil.tr\/de\/#\/schema\/logo\/image\/","url":"https:\/\/denizcankizil.tr\/wp-content\/uploads\/2024\/10\/siyah-logo-svg.svg","contentUrl":"https:\/\/denizcankizil.tr\/wp-content\/uploads\/2024\/10\/siyah-logo-svg.svg","width":1080,"height":1080,"caption":"Av. Deniz Can K\u0131z\u0131l"},"image":{"@id":"https:\/\/denizcankizil.tr\/de\/#\/schema\/logo\/image\/"}}]}},"_links":{"self":[{"href":"https:\/\/denizcankizil.tr\/uk\/wp-json\/wp\/v2\/posts\/24113","targetHints":{"allow":["GET"]}}],"collection":[{"href":"https:\/\/denizcankizil.tr\/uk\/wp-json\/wp\/v2\/posts"}],"about":[{"href":"https:\/\/denizcankizil.tr\/uk\/wp-json\/wp\/v2\/types\/post"}],"replies":[{"embeddable":true,"href":"https:\/\/denizcankizil.tr\/uk\/wp-json\/wp\/v2\/comments?post=24113"}],"version-history":[{"count":0,"href":"https:\/\/denizcankizil.tr\/uk\/wp-json\/wp\/v2\/posts\/24113\/revisions"}],"wp:featuredmedia":[{"embeddable":true,"href":"https:\/\/denizcankizil.tr\/uk\/wp-json\/wp\/v2\/media\/24114"}],"wp:attachment":[{"href":"https:\/\/denizcankizil.tr\/uk\/wp-json\/wp\/v2\/media?parent=24113"}],"wp:term":[{"taxonomy":"category","embeddable":true,"href":"https:\/\/denizcankizil.tr\/uk\/wp-json\/wp\/v2\/categories?post=24113"},{"taxonomy":"post_tag","embeddable":true,"href":"https:\/\/denizcankizil.tr\/uk\/wp-json\/wp\/v2\/tags?post=24113"}],"curies":[{"name":"wp","href":"https:\/\/api.w.org\/{rel}","templated":true}]}}