{"id":24105,"date":"2025-01-06T13:42:22","date_gmt":"2025-01-06T10:42:22","guid":{"rendered":"https:\/\/denizcankizil.tr\/uncategorized-tr\/zirai-ilac-ambalaj-atiklari-kontrol-altinda\/"},"modified":"2025-01-06T13:42:22","modified_gmt":"2025-01-06T10:42:22","slug":"zirai-ilac-ambalaj-atiklari-kontrol-altinda","status":"publish","type":"post","link":"https:\/\/denizcankizil.tr\/uk\/haberler\/gundem\/zirai-ilac-ambalaj-atiklari-kontrol-altinda\/","title":{"rendered":"Zirai ila\u00e7 ambalaj at\u0131klar\u0131 kontrol alt\u0131nda"},"content":{"rendered":"<p>Nil\u00fcfer Belediyesi, zirai ila\u00e7 ambalaj at\u0131klar\u0131n\u0131n \u00e7evreye verdi\u011fi zarar\u0131 \u00f6nlemek amac\u0131yla ba\u015flatt\u0131\u011f\u0131 kontroll\u00fc toplama sistemini \u00c7ayl\u0131 Mahallesi\u2019nde de hayata ge\u00e7irdi.<\/p>\n<p>\u200bNil\u00fcfer Belediyesi, zirai ila\u00e7 ambalaj at\u0131klar\u0131n\u0131n \u00e7evreye verdi\u011fi zarar\u0131 \u00f6nlemek amac\u0131yla ba\u015flatt\u0131\u011f\u0131 kontroll\u00fc toplama sistemini \u00c7ayl\u0131 Mahallesi\u2019nde de hayata ge\u00e7irdi.\u00a0<\/p>\n<p>\u200bHaberin Al\u0131nt\u0131land\u0131\u011f\u0131 Kaynak: www.iskenderun.org<\/p>","protected":false},"excerpt":{"rendered":"<p>Nil\u00fcfer Belediyesi, zirai ila\u00e7 ambalaj at\u0131klar\u0131n\u0131n \u00e7evreye verdi\u011fi zarar\u0131 \u00f6nlemek amac\u0131yla ba\u015flatt\u0131\u011f\u0131 kontroll\u00fc toplama sistemini \u00c7ayl\u0131 Mahallesi\u2019nde de hayata ge\u00e7irdi. \u200bNil\u00fcfer Belediyesi, zirai ila\u00e7 ambalaj at\u0131klar\u0131n\u0131n \u00e7evreye verdi\u011fi zarar\u0131 \u00f6nlemek amac\u0131yla ba\u015flatt\u0131\u011f\u0131 kontroll\u00fc toplama sistemini \u00c7ayl\u0131 Mahallesi\u2019nde de hayata ge\u00e7irdi.\u00a0 \u200bHaberin Al\u0131nt\u0131land\u0131\u011f\u0131 Kaynak: www.iskenderun.org<\/p>","protected":false},"author":0,"featured_media":0,"comment_status":"open","ping_status":"open","sticky":false,"template":"","format":"standard","meta":{"_acf_changed":false,"footnotes":""},"categories":[24,535],"tags":[],"class_list":["post-24105","post","type-post","status-publish","format-standard","has-post-thumbnail","hentry","category-gundem","category-uncategorized-tr"],"acf":[],"yoast_head":"<!-- This site is optimized with the Yoast SEO Premium plugin v26.6 (Yoast SEO v27.1.1) - https:\/\/yoast.com\/product\/yoast-seo-premium-wordpress\/ -->\n<title>Zirai ila\u00e7 ambalaj at\u0131klar\u0131 kontrol alt\u0131nda - Av. Deniz Can K\u0131z\u0131l<\/title>\n<meta name=\"robots\" content=\"index, follow, max-snippet:-1, max-image-preview:large, max-video-preview:-1\" \/>\n<link rel=\"canonical\" href=\"https:\/\/denizcankizil.tr\/uk\/haberler\/gundem\/zirai-ilac-ambalaj-atiklari-kontrol-altinda\/\" \/>\n<meta property=\"og:locale\" content=\"uk_UA\" \/>\n<meta property=\"og:type\" content=\"article\" \/>\n<meta property=\"og:title\" content=\"Zirai ila\u00e7 ambalaj at\u0131klar\u0131 kontrol alt\u0131nda\" \/>\n<meta property=\"og:description\" content=\"Nil\u00fcfer Belediyesi, zirai ila\u00e7 ambalaj at\u0131klar\u0131n\u0131n \u00e7evreye verdi\u011fi zarar\u0131 \u00f6nlemek amac\u0131yla ba\u015flatt\u0131\u011f\u0131 kontroll\u00fc toplama sistemini \u00c7ayl\u0131 Mahallesi\u2019nde de hayata ge\u00e7irdi. \u200bNil\u00fcfer Belediyesi, zirai ila\u00e7 ambalaj at\u0131klar\u0131n\u0131n \u00e7evreye verdi\u011fi zarar\u0131 \u00f6nlemek amac\u0131yla ba\u015flatt\u0131\u011f\u0131 kontroll\u00fc toplama sistemini \u00c7ayl\u0131 Mahallesi\u2019nde de hayata ge\u00e7irdi.\u00a0 \u200bHaberin Al\u0131nt\u0131land\u0131\u011f\u0131 Kaynak: www.iskenderun.org\" \/>\n<meta property=\"og:url\" content=\"https:\/\/denizcankizil.tr\/uk\/haberler\/gundem\/zirai-ilac-ambalaj-atiklari-kontrol-altinda\/\" \/>\n<meta property=\"og:site_name\" content=\"Av. Deniz Can K\u0131z\u0131l\" \/>\n<meta property=\"article:published_time\" content=\"2025-01-06T10:42:22+00:00\" \/>\n<meta name=\"twitter:card\" content=\"summary_large_image\" \/>\n<script type=\"application\/ld+json\" class=\"yoast-schema-graph\">{\"@context\":\"https:\/\/schema.org\",\"@graph\":[{\"@type\":\"Article\",\"@id\":\"https:\/\/denizcankizil.tr\/uk\/haberler\/gundem\/zirai-ilac-ambalaj-atiklari-kontrol-altinda\/#article\",\"isPartOf\":{\"@id\":\"https:\/\/denizcankizil.tr\/uk\/haberler\/gundem\/zirai-ilac-ambalaj-atiklari-kontrol-altinda\/\"},\"author\":{\"name\":\"\",\"@id\":\"\"},\"headline\":\"Zirai ila\u00e7 ambalaj at\u0131klar\u0131 kontrol alt\u0131nda\",\"datePublished\":\"2025-01-06T10:42:22+00:00\",\"mainEntityOfPage\":{\"@id\":\"https:\/\/denizcankizil.tr\/uk\/haberler\/gundem\/zirai-ilac-ambalaj-atiklari-kontrol-altinda\/\"},\"wordCount\":74,\"commentCount\":0,\"publisher\":{\"@id\":\"https:\/\/denizcankizil.tr\/#organization\"},\"articleSection\":[\"G\u00fcndem\",\"Uncategorized\"],\"inLanguage\":\"uk\",\"potentialAction\":[{\"@type\":\"CommentAction\",\"name\":\"Comment\",\"target\":[\"https:\/\/denizcankizil.tr\/uk\/haberler\/gundem\/zirai-ilac-ambalaj-atiklari-kontrol-altinda\/#respond\"]}]},{\"@type\":\"WebPage\",\"@id\":\"https:\/\/denizcankizil.tr\/uk\/haberler\/gundem\/zirai-ilac-ambalaj-atiklari-kontrol-altinda\/\",\"url\":\"https:\/\/denizcankizil.tr\/uk\/haberler\/gundem\/zirai-ilac-ambalaj-atiklari-kontrol-altinda\/\",\"name\":\"Zirai ila\u00e7 ambalaj at\u0131klar\u0131 kontrol alt\u0131nda - Av. Deniz Can K\u0131z\u0131l\",\"isPartOf\":{\"@id\":\"https:\/\/denizcankizil.tr\/#website\"},\"datePublished\":\"2025-01-06T10:42:22+00:00\",\"breadcrumb\":{\"@id\":\"https:\/\/denizcankizil.tr\/uk\/haberler\/gundem\/zirai-ilac-ambalaj-atiklari-kontrol-altinda\/#breadcrumb\"},\"inLanguage\":\"uk\",\"potentialAction\":[{\"@type\":\"ReadAction\",\"target\":[\"https:\/\/denizcankizil.tr\/uk\/haberler\/gundem\/zirai-ilac-ambalaj-atiklari-kontrol-altinda\/\"]}]},{\"@type\":\"BreadcrumbList\",\"@id\":\"https:\/\/denizcankizil.tr\/uk\/haberler\/gundem\/zirai-ilac-ambalaj-atiklari-kontrol-altinda\/#breadcrumb\",\"itemListElement\":[{\"@type\":\"ListItem\",\"position\":1,\"name\":\"Home\",\"item\":\"https:\/\/denizcankizil.tr\/de\/\"},{\"@type\":\"ListItem\",\"position\":2,\"name\":\"Zirai ila\u00e7 ambalaj at\u0131klar\u0131 kontrol alt\u0131nda\"}]},{\"@type\":\"WebSite\",\"@id\":\"https:\/\/denizcankizil.tr\/#website\",\"url\":\"https:\/\/denizcankizil.tr\/\",\"name\":\"Av. Deniz Can K\u0131z\u0131l\",\"description\":\"Avukat Deniz Can K\u0131z\u0131l Antalya Barosu\",\"publisher\":{\"@id\":\"https:\/\/denizcankizil.tr\/#organization\"},\"potentialAction\":[{\"@type\":\"SearchAction\",\"target\":{\"@type\":\"EntryPoint\",\"urlTemplate\":\"https:\/\/denizcankizil.tr\/?s={search_term_string}\"},\"query-input\":{\"@type\":\"PropertyValueSpecification\",\"valueRequired\":true,\"valueName\":\"search_term_string\"}}],\"inLanguage\":\"uk\"},{\"@type\":\"Organization\",\"@id\":\"https:\/\/denizcankizil.tr\/#organization\",\"name\":\"Av. Deniz Can K\u0131z\u0131l\",\"url\":\"https:\/\/denizcankizil.tr\/\",\"logo\":{\"@type\":\"ImageObject\",\"inLanguage\":\"uk\",\"@id\":\"https:\/\/denizcankizil.tr\/#\/schema\/logo\/image\/\",\"url\":\"https:\/\/denizcankizil.tr\/wp-content\/uploads\/2024\/10\/siyah-logo-svg.svg\",\"contentUrl\":\"https:\/\/denizcankizil.tr\/wp-content\/uploads\/2024\/10\/siyah-logo-svg.svg\",\"width\":1080,\"height\":1080,\"caption\":\"Av. Deniz Can K\u0131z\u0131l\"},\"image\":{\"@id\":\"https:\/\/denizcankizil.tr\/#\/schema\/logo\/image\/\"}}]}<\/script>\n<!-- \/ Yoast SEO Premium plugin. -->","yoast_head_json":{"title":"Zirai ila\u00e7 ambalaj at\u0131klar\u0131 kontrol alt\u0131nda - Av. Deniz Can K\u0131z\u0131l","robots":{"index":"index","follow":"follow","max-snippet":"max-snippet:-1","max-image-preview":"max-image-preview:large","max-video-preview":"max-video-preview:-1"},"canonical":"https:\/\/denizcankizil.tr\/uk\/haberler\/gundem\/zirai-ilac-ambalaj-atiklari-kontrol-altinda\/","og_locale":"uk_UA","og_type":"article","og_title":"Zirai ila\u00e7 ambalaj at\u0131klar\u0131 kontrol alt\u0131nda","og_description":"Nil\u00fcfer Belediyesi, zirai ila\u00e7 ambalaj at\u0131klar\u0131n\u0131n \u00e7evreye verdi\u011fi zarar\u0131 \u00f6nlemek amac\u0131yla ba\u015flatt\u0131\u011f\u0131 kontroll\u00fc toplama sistemini \u00c7ayl\u0131 Mahallesi\u2019nde de hayata ge\u00e7irdi. \u200bNil\u00fcfer Belediyesi, zirai ila\u00e7 ambalaj at\u0131klar\u0131n\u0131n \u00e7evreye verdi\u011fi zarar\u0131 \u00f6nlemek amac\u0131yla ba\u015flatt\u0131\u011f\u0131 kontroll\u00fc toplama sistemini \u00c7ayl\u0131 Mahallesi\u2019nde de hayata ge\u00e7irdi.\u00a0 \u200bHaberin Al\u0131nt\u0131land\u0131\u011f\u0131 Kaynak: www.iskenderun.org","og_url":"https:\/\/denizcankizil.tr\/uk\/haberler\/gundem\/zirai-ilac-ambalaj-atiklari-kontrol-altinda\/","og_site_name":"Av. Deniz Can K\u0131z\u0131l","article_published_time":"2025-01-06T10:42:22+00:00","twitter_card":"summary_large_image","schema":{"@context":"https:\/\/schema.org","@graph":[{"@type":"Article","@id":"https:\/\/denizcankizil.tr\/uk\/haberler\/gundem\/zirai-ilac-ambalaj-atiklari-kontrol-altinda\/#article","isPartOf":{"@id":"https:\/\/denizcankizil.tr\/uk\/haberler\/gundem\/zirai-ilac-ambalaj-atiklari-kontrol-altinda\/"},"author":{"name":"","@id":""},"headline":"Zirai ila\u00e7 ambalaj at\u0131klar\u0131 kontrol alt\u0131nda","datePublished":"2025-01-06T10:42:22+00:00","mainEntityOfPage":{"@id":"https:\/\/denizcankizil.tr\/uk\/haberler\/gundem\/zirai-ilac-ambalaj-atiklari-kontrol-altinda\/"},"wordCount":74,"commentCount":0,"publisher":{"@id":"https:\/\/denizcankizil.tr\/#organization"},"articleSection":["G\u00fcndem","Uncategorized"],"inLanguage":"uk","potentialAction":[{"@type":"CommentAction","name":"Comment","target":["https:\/\/denizcankizil.tr\/uk\/haberler\/gundem\/zirai-ilac-ambalaj-atiklari-kontrol-altinda\/#respond"]}]},{"@type":"WebPage","@id":"https:\/\/denizcankizil.tr\/uk\/haberler\/gundem\/zirai-ilac-ambalaj-atiklari-kontrol-altinda\/","url":"https:\/\/denizcankizil.tr\/uk\/haberler\/gundem\/zirai-ilac-ambalaj-atiklari-kontrol-altinda\/","name":"Zirai ila\u00e7 ambalaj at\u0131klar\u0131 kontrol alt\u0131nda - Av. Deniz Can K\u0131z\u0131l","isPartOf":{"@id":"https:\/\/denizcankizil.tr\/#website"},"datePublished":"2025-01-06T10:42:22+00:00","breadcrumb":{"@id":"https:\/\/denizcankizil.tr\/uk\/haberler\/gundem\/zirai-ilac-ambalaj-atiklari-kontrol-altinda\/#breadcrumb"},"inLanguage":"uk","potentialAction":[{"@type":"ReadAction","target":["https:\/\/denizcankizil.tr\/uk\/haberler\/gundem\/zirai-ilac-ambalaj-atiklari-kontrol-altinda\/"]}]},{"@type":"BreadcrumbList","@id":"https:\/\/denizcankizil.tr\/uk\/haberler\/gundem\/zirai-ilac-ambalaj-atiklari-kontrol-altinda\/#breadcrumb","itemListElement":[{"@type":"ListItem","position":1,"name":"Home","item":"https:\/\/denizcankizil.tr\/de\/"},{"@type":"ListItem","position":2,"name":"Zirai ila\u00e7 ambalaj at\u0131klar\u0131 kontrol alt\u0131nda"}]},{"@type":"WebSite","@id":"https:\/\/denizcankizil.tr\/#website","url":"https:\/\/denizcankizil.tr\/","name":"Av. Deniz Can K\u0131z\u0131l","description":"Avukat Deniz Can K\u0131z\u0131l Antalya Barosu","publisher":{"@id":"https:\/\/denizcankizil.tr\/#organization"},"potentialAction":[{"@type":"SearchAction","target":{"@type":"EntryPoint","urlTemplate":"https:\/\/denizcankizil.tr\/?s={search_term_string}"},"query-input":{"@type":"PropertyValueSpecification","valueRequired":true,"valueName":"search_term_string"}}],"inLanguage":"uk"},{"@type":"Organization","@id":"https:\/\/denizcankizil.tr\/#organization","name":"Av. Deniz Can K\u0131z\u0131l","url":"https:\/\/denizcankizil.tr\/","logo":{"@type":"ImageObject","inLanguage":"uk","@id":"https:\/\/denizcankizil.tr\/#\/schema\/logo\/image\/","url":"https:\/\/denizcankizil.tr\/wp-content\/uploads\/2024\/10\/siyah-logo-svg.svg","contentUrl":"https:\/\/denizcankizil.tr\/wp-content\/uploads\/2024\/10\/siyah-logo-svg.svg","width":1080,"height":1080,"caption":"Av. Deniz Can K\u0131z\u0131l"},"image":{"@id":"https:\/\/denizcankizil.tr\/#\/schema\/logo\/image\/"}}]}},"_links":{"self":[{"href":"https:\/\/denizcankizil.tr\/uk\/wp-json\/wp\/v2\/posts\/24105","targetHints":{"allow":["GET"]}}],"collection":[{"href":"https:\/\/denizcankizil.tr\/uk\/wp-json\/wp\/v2\/posts"}],"about":[{"href":"https:\/\/denizcankizil.tr\/uk\/wp-json\/wp\/v2\/types\/post"}],"replies":[{"embeddable":true,"href":"https:\/\/denizcankizil.tr\/uk\/wp-json\/wp\/v2\/comments?post=24105"}],"version-history":[{"count":0,"href":"https:\/\/denizcankizil.tr\/uk\/wp-json\/wp\/v2\/posts\/24105\/revisions"}],"wp:attachment":[{"href":"https:\/\/denizcankizil.tr\/uk\/wp-json\/wp\/v2\/media?parent=24105"}],"wp:term":[{"taxonomy":"category","embeddable":true,"href":"https:\/\/denizcankizil.tr\/uk\/wp-json\/wp\/v2\/categories?post=24105"},{"taxonomy":"post_tag","embeddable":true,"href":"https:\/\/denizcankizil.tr\/uk\/wp-json\/wp\/v2\/tags?post=24105"}],"curies":[{"name":"wp","href":"https:\/\/api.w.org\/{rel}","templated":true}]}}