{"id":24066,"date":"2025-01-06T12:42:29","date_gmt":"2025-01-06T09:42:29","guid":{"rendered":"https:\/\/denizcankizil.tr\/uncategorized-tr\/uzmanindan-gecmeyen-agiz-kokusu-hakkinda-uyarilar\/"},"modified":"2025-01-06T12:42:29","modified_gmt":"2025-01-06T09:42:29","slug":"uzmanindan-gecmeyen-agiz-kokusu-hakkinda-uyarilar","status":"publish","type":"post","link":"https:\/\/denizcankizil.tr\/uk\/haberler\/antalya\/uzmanindan-gecmeyen-agiz-kokusu-hakkinda-uyarilar\/","title":{"rendered":"Uzman\u0131ndan ge\u00e7meyen a\u011f\u0131z kokusu hakk\u0131nda uyar\u0131lar"},"content":{"rendered":"<p>Uzm. Dr. Adil Duman, a\u011f\u0131z kokusunun genellikle a\u011f\u0131z ve di\u015f sa\u011fl\u0131\u011f\u0131 problemleri ya da kulak, burun, bo\u011faz enfeksiyonlar\u0131ndan kaynakland\u0131\u011f\u0131n\u0131 belirtti. A\u011f\u0131z kokular\u0131n\u0131n y\u00fczde 90\u2019\u0131n\u0131n bu nedenlerle ortaya \u00e7\u0131kt\u0131\u011f\u0131n\u0131 ifade eden Dr. Duman, bo\u011faz enfeksiyonlar\u0131, sin\u00fczit, akci\u011fer hastal\u0131klar\u0131 gibi durumlar\u0131n da k\u00f6t\u00fc nefes kokusuna yol a\u00e7abilece\u011fini s\u00f6yleyerek, bu t\u00fcr sorunlar\u0131n d\u0131\u015flanmas\u0131 halinde, mide ve sindirim sistemi hastal\u0131klar\u0131n\u0131n de\u011ferlendirilmesi gerekti\u011finin alt\u0131n\u0131 \u00e7izdi.<\/p>\n<p>Mide ve sindirim sistemi rahats\u0131zl\u0131klar\u0131<br \/>\nMide hastal\u0131klar\u0131n\u0131n da a\u011f\u0131z kokusuna yol a\u00e7abilece\u011fini vurgulayan Uzm. Dr. Duman, \u00f6zellikle refl\u00fcn\u00fcn bu duruma sebep olabilece\u011fini belirtti. Dr. Duman, mide i\u00e7eri\u011finin yemek borusuna geri ka\u00e7mas\u0131 sonucu olu\u015fan bu hastal\u0131kta, mide asidi ve yiyecek art\u0131klar\u0131 nefeste k\u00f6t\u00fc bir kokuya neden olabilece\u011fini dile getirdi. Duman, ayr\u0131ca yemek borusunda olu\u015fan \u201cdivertik\u00fcl\u201d ad\u0131 verilen baloncuklar ya da yemek borusu alt ucunun kas\u0131l\u0131 kalmas\u0131na neden olan akalazya gibi hastal\u0131klar\u0131n da a\u011f\u0131z kokusuyla ba\u011flant\u0131l\u0131 olabilece\u011fi ifade edildi.<br \/>\nDr. Duman, a\u011f\u0131z kokusuna neden olabilecek di\u011fer hastal\u0131klar\u0131 \u015fu \u015fekilde s\u0131ralad\u0131: \u201cHelicobacter pylori enfeksiyonu, ba\u011f\u0131rsak t\u0131kan\u0131kl\u0131\u011f\u0131, Irritabl Ba\u011f\u0131rsak Sendromu (IBS), karaci\u011fer ve b\u00f6brek hastal\u0131klar\u0131, safra kesesi problemleri, sindirim sistemi enfeksiyonlar\u0131.\u201d<\/p>\n<p>Koku tipleri tan\u0131y\u0131 kolayla\u015ft\u0131rabilir<br \/>\nA\u011f\u0131z kokusunun farkl\u0131 sa\u011fl\u0131k sorunlar\u0131na i\u015faret edebilece\u011fini s\u00f6yleyen Duman, kokunun tipine g\u00f6re tan\u0131 konulabilece\u011fini belirterek, kokular\u0131n olu\u015fturabilece\u011fi rahats\u0131zl\u0131klar\u0131 s\u0131ralad\u0131: \u201c\u00c7\u00fcr\u00fck yumurta kokusu: Genellikle gastrointestinal rahats\u0131zl\u0131klarla ili\u015fkilidir. Tatl\u0131 veya meyvemsi koku: Diyabetle ba\u011flant\u0131l\u0131d\u0131r. Mantar kokusu: Enfeksiyon veya bakteri b\u00fcy\u00fcmesini i\u015faret edebilir. Kaka kokusu: Ba\u011f\u0131rsak t\u0131kan\u0131kl\u0131\u011f\u0131 gibi sorunlarla ili\u015fkilidir. Bal\u0131k kokusu: B\u00f6brek rahats\u0131zl\u0131klar\u0131n\u0131n belirtisi olabilir.\u201d<\/p>\n<p>Tedavi ve \u00f6nlemler<br \/>\nGe\u00e7meyen a\u011f\u0131z kokusunun alt\u0131nda yatan sebebin tespit edilmesi gerekti\u011fini vurgulayan Dr. Duman, bu sorunun yaln\u0131zca a\u011f\u0131z ve di\u015f sa\u011fl\u0131\u011f\u0131na ba\u011flanmamas\u0131 gerekti\u011fini s\u00f6yledi. Duman, kulak, burun, bo\u011faz ve gastroenterolojik muayenelerle altta yatan hastal\u0131klar\u0131n te\u015fhis edilmesi gerekti\u011fini belirterek, \u00f6zellikle refl\u00fc ve Helicobacter pylori enfeksiyonlar\u0131 gibi sorunlar\u0131n tedavi edilmesiyle a\u011f\u0131z kokusunun b\u00fcy\u00fck \u00f6l\u00e7\u00fcde giderilebilece\u011fini ifade etti.<br \/>\nDr. Duman, a\u011f\u0131z kokusunun genellikle ciddi bir hastal\u0131\u011f\u0131n ilk belirtisi olmayabilece\u011fini, ancak ihmal edilmemesi gerekti\u011fini s\u00f6yleyerek \u015fu uyar\u0131da bulundu: \u201cA\u011f\u0131z kokusu sosyal ya\u015fam\u0131 ve bireyin psikolojik durumunu ciddi \u015fekilde etkileyebilir. E\u011fer a\u011f\u0131z ve di\u015f sa\u011fl\u0131\u011f\u0131na dikkat edilmesine ra\u011fmen bu sorun devam ediyorsa mutlaka bir uzmana ba\u015fvurulmal\u0131 ve gerekli tetkikler yap\u0131lmal\u0131d\u0131r.\u201d<\/p>\n<p>Kaynak: www.kanalv.com.tr Haber Sitesinden Al\u0131nm\u0131\u015ft\u0131r.<\/p>","protected":false},"excerpt":{"rendered":"<p>Uzm. Dr. Adil Duman, a\u011f\u0131z kokusunun genellikle a\u011f\u0131z ve di\u015f sa\u011fl\u0131\u011f\u0131 problemleri ya da kulak, burun, bo\u011faz enfeksiyonlar\u0131ndan kaynakland\u0131\u011f\u0131n\u0131 belirtti. A\u011f\u0131z kokular\u0131n\u0131n y\u00fczde 90\u2019\u0131n\u0131n bu nedenlerle ortaya \u00e7\u0131kt\u0131\u011f\u0131n\u0131 ifade eden Dr. Duman, bo\u011faz enfeksiyonlar\u0131, sin\u00fczit, akci\u011fer hastal\u0131klar\u0131 gibi durumlar\u0131n da k\u00f6t\u00fc nefes kokusuna yol a\u00e7abilece\u011fini s\u00f6yleyerek, bu t\u00fcr sorunlar\u0131n d\u0131\u015flanmas\u0131 halinde, mide ve sindirim sistemi hastal\u0131klar\u0131n\u0131n de\u011ferlendirilmesi gerekti\u011finin alt\u0131n\u0131 \u00e7izdi. Mide ve sindirim sistemi rahats\u0131zl\u0131klar\u0131 Mide hastal\u0131klar\u0131n\u0131n da a\u011f\u0131z kokusuna yol a\u00e7abilece\u011fini vurgulayan Uzm. Dr. Duman, \u00f6zellikle refl\u00fcn\u00fcn bu duruma sebep olabilece\u011fini belirtti. Dr. Duman, mide i\u00e7eri\u011finin yemek borusuna geri ka\u00e7mas\u0131 sonucu olu\u015fan bu hastal\u0131kta, mide asidi ve yiyecek art\u0131klar\u0131 nefeste k\u00f6t\u00fc bir kokuya neden olabilece\u011fini dile getirdi. Duman, ayr\u0131ca yemek borusunda olu\u015fan \u201cdivertik\u00fcl\u201d ad\u0131 verilen baloncuklar ya da yemek borusu alt ucunun kas\u0131l\u0131 kalmas\u0131na neden olan akalazya gibi hastal\u0131klar\u0131n da a\u011f\u0131z kokusuyla ba\u011flant\u0131l\u0131 olabilece\u011fi ifade edildi. Dr. Duman, a\u011f\u0131z kokusuna neden olabilecek di\u011fer hastal\u0131klar\u0131 \u015fu \u015fekilde s\u0131ralad\u0131: \u201cHelicobacter pylori enfeksiyonu, ba\u011f\u0131rsak t\u0131kan\u0131kl\u0131\u011f\u0131, Irritabl Ba\u011f\u0131rsak Sendromu (IBS), karaci\u011fer ve b\u00f6brek hastal\u0131klar\u0131, safra kesesi problemleri, sindirim sistemi enfeksiyonlar\u0131.\u201d Koku tipleri tan\u0131y\u0131 kolayla\u015ft\u0131rabilir A\u011f\u0131z kokusunun farkl\u0131 sa\u011fl\u0131k sorunlar\u0131na i\u015faret edebilece\u011fini s\u00f6yleyen Duman, kokunun tipine g\u00f6re tan\u0131 konulabilece\u011fini belirterek, kokular\u0131n olu\u015fturabilece\u011fi rahats\u0131zl\u0131klar\u0131 s\u0131ralad\u0131: \u201c\u00c7\u00fcr\u00fck yumurta kokusu: Genellikle gastrointestinal rahats\u0131zl\u0131klarla ili\u015fkilidir. Tatl\u0131 veya meyvemsi &hellip;<\/p>","protected":false},"author":0,"featured_media":24067,"comment_status":"open","ping_status":"open","sticky":false,"template":"","format":"standard","meta":{"_acf_changed":false,"footnotes":""},"categories":[26,535],"tags":[],"class_list":["post-24066","post","type-post","status-publish","format-standard","has-post-thumbnail","hentry","category-antalya","category-uncategorized-tr"],"acf":[],"yoast_head":"<!-- This site is optimized with the Yoast SEO Premium plugin v26.6 (Yoast SEO v27.1.1) - https:\/\/yoast.com\/product\/yoast-seo-premium-wordpress\/ -->\n<title>Uzman\u0131ndan ge\u00e7meyen a\u011f\u0131z kokusu hakk\u0131nda uyar\u0131lar - Av. Deniz Can K\u0131z\u0131l<\/title>\n<meta name=\"robots\" content=\"index, follow, max-snippet:-1, max-image-preview:large, max-video-preview:-1\" \/>\n<link rel=\"canonical\" href=\"https:\/\/denizcankizil.tr\/uk\/haberler\/antalya\/uzmanindan-gecmeyen-agiz-kokusu-hakkinda-uyarilar\/\" \/>\n<meta property=\"og:locale\" content=\"uk_UA\" \/>\n<meta property=\"og:type\" content=\"article\" \/>\n<meta property=\"og:title\" content=\"Uzman\u0131ndan ge\u00e7meyen a\u011f\u0131z kokusu hakk\u0131nda uyar\u0131lar\" \/>\n<meta property=\"og:description\" content=\"Uzm. Dr. Adil Duman, a\u011f\u0131z kokusunun genellikle a\u011f\u0131z ve di\u015f sa\u011fl\u0131\u011f\u0131 problemleri ya da kulak, burun, bo\u011faz enfeksiyonlar\u0131ndan kaynakland\u0131\u011f\u0131n\u0131 belirtti. A\u011f\u0131z kokular\u0131n\u0131n y\u00fczde 90\u2019\u0131n\u0131n bu nedenlerle ortaya \u00e7\u0131kt\u0131\u011f\u0131n\u0131 ifade eden Dr. Duman, bo\u011faz enfeksiyonlar\u0131, sin\u00fczit, akci\u011fer hastal\u0131klar\u0131 gibi durumlar\u0131n da k\u00f6t\u00fc nefes kokusuna yol a\u00e7abilece\u011fini s\u00f6yleyerek, bu t\u00fcr sorunlar\u0131n d\u0131\u015flanmas\u0131 halinde, mide ve sindirim sistemi hastal\u0131klar\u0131n\u0131n de\u011ferlendirilmesi gerekti\u011finin alt\u0131n\u0131 \u00e7izdi. Mide ve sindirim sistemi rahats\u0131zl\u0131klar\u0131 Mide hastal\u0131klar\u0131n\u0131n da a\u011f\u0131z kokusuna yol a\u00e7abilece\u011fini vurgulayan Uzm. Dr. Duman, \u00f6zellikle refl\u00fcn\u00fcn bu duruma sebep olabilece\u011fini belirtti. Dr. Duman, mide i\u00e7eri\u011finin yemek borusuna geri ka\u00e7mas\u0131 sonucu olu\u015fan bu hastal\u0131kta, mide asidi ve yiyecek art\u0131klar\u0131 nefeste k\u00f6t\u00fc bir kokuya neden olabilece\u011fini dile getirdi. Duman, ayr\u0131ca yemek borusunda olu\u015fan \u201cdivertik\u00fcl\u201d ad\u0131 verilen baloncuklar ya da yemek borusu alt ucunun kas\u0131l\u0131 kalmas\u0131na neden olan akalazya gibi hastal\u0131klar\u0131n da a\u011f\u0131z kokusuyla ba\u011flant\u0131l\u0131 olabilece\u011fi ifade edildi. Dr. Duman, a\u011f\u0131z kokusuna neden olabilecek di\u011fer hastal\u0131klar\u0131 \u015fu \u015fekilde s\u0131ralad\u0131: \u201cHelicobacter pylori enfeksiyonu, ba\u011f\u0131rsak t\u0131kan\u0131kl\u0131\u011f\u0131, Irritabl Ba\u011f\u0131rsak Sendromu (IBS), karaci\u011fer ve b\u00f6brek hastal\u0131klar\u0131, safra kesesi problemleri, sindirim sistemi enfeksiyonlar\u0131.\u201d Koku tipleri tan\u0131y\u0131 kolayla\u015ft\u0131rabilir A\u011f\u0131z kokusunun farkl\u0131 sa\u011fl\u0131k sorunlar\u0131na i\u015faret edebilece\u011fini s\u00f6yleyen Duman, kokunun tipine g\u00f6re tan\u0131 konulabilece\u011fini belirterek, kokular\u0131n olu\u015fturabilece\u011fi rahats\u0131zl\u0131klar\u0131 s\u0131ralad\u0131: \u201c\u00c7\u00fcr\u00fck yumurta kokusu: Genellikle gastrointestinal rahats\u0131zl\u0131klarla ili\u015fkilidir. Tatl\u0131 veya meyvemsi &hellip;\" \/>\n<meta property=\"og:url\" content=\"https:\/\/denizcankizil.tr\/uk\/haberler\/antalya\/uzmanindan-gecmeyen-agiz-kokusu-hakkinda-uyarilar\/\" \/>\n<meta property=\"og:site_name\" content=\"Av. Deniz Can K\u0131z\u0131l\" \/>\n<meta property=\"article:published_time\" content=\"2025-01-06T09:42:29+00:00\" \/>\n<meta property=\"og:image\" content=\"https:\/\/denizcankizil.tr\/wp-content\/uploads\/2025\/01\/4020-01-dR0op8.jpeg\" \/>\n\t<meta property=\"og:image:width\" content=\"1280\" \/>\n\t<meta property=\"og:image:height\" content=\"720\" \/>\n\t<meta property=\"og:image:type\" content=\"image\/jpeg\" \/>\n<meta name=\"twitter:card\" content=\"summary_large_image\" \/>\n<meta name=\"twitter:label1\" content=\"\u041f\u0440\u0438\u0431\u043b. \u0447\u0430\u0441 \u0447\u0438\u0442\u0430\u043d\u043d\u044f\" \/>\n\t<meta name=\"twitter:data1\" content=\"2 \u0445\u0432\u0438\u043b\u0438\u043d\u0438\" \/>\n<script type=\"application\/ld+json\" class=\"yoast-schema-graph\">{\"@context\":\"https:\/\/schema.org\",\"@graph\":[{\"@type\":\"Article\",\"@id\":\"https:\/\/denizcankizil.tr\/de\/haberler\/antalya\/uzmanindan-gecmeyen-agiz-kokusu-hakkinda-uyarilar\/#article\",\"isPartOf\":{\"@id\":\"https:\/\/denizcankizil.tr\/de\/haberler\/antalya\/uzmanindan-gecmeyen-agiz-kokusu-hakkinda-uyarilar\/\"},\"author\":{\"name\":\"\",\"@id\":\"\"},\"headline\":\"Uzman\u0131ndan ge\u00e7meyen a\u011f\u0131z kokusu hakk\u0131nda uyar\u0131lar\",\"datePublished\":\"2025-01-06T09:42:29+00:00\",\"mainEntityOfPage\":{\"@id\":\"https:\/\/denizcankizil.tr\/de\/haberler\/antalya\/uzmanindan-gecmeyen-agiz-kokusu-hakkinda-uyarilar\/\"},\"wordCount\":501,\"commentCount\":0,\"publisher\":{\"@id\":\"https:\/\/denizcankizil.tr\/#organization\"},\"image\":{\"@id\":\"https:\/\/denizcankizil.tr\/de\/haberler\/antalya\/uzmanindan-gecmeyen-agiz-kokusu-hakkinda-uyarilar\/#primaryimage\"},\"thumbnailUrl\":\"https:\/\/denizcankizil.tr\/wp-content\/uploads\/2025\/01\/4020-01-dR0op8.jpeg\",\"articleSection\":[\"Antalya\",\"Uncategorized\"],\"inLanguage\":\"uk\",\"potentialAction\":[{\"@type\":\"CommentAction\",\"name\":\"Comment\",\"target\":[\"https:\/\/denizcankizil.tr\/de\/haberler\/antalya\/uzmanindan-gecmeyen-agiz-kokusu-hakkinda-uyarilar\/#respond\"]}]},{\"@type\":\"WebPage\",\"@id\":\"https:\/\/denizcankizil.tr\/de\/haberler\/antalya\/uzmanindan-gecmeyen-agiz-kokusu-hakkinda-uyarilar\/\",\"url\":\"https:\/\/denizcankizil.tr\/de\/haberler\/antalya\/uzmanindan-gecmeyen-agiz-kokusu-hakkinda-uyarilar\/\",\"name\":\"Uzman\u0131ndan ge\u00e7meyen a\u011f\u0131z kokusu hakk\u0131nda uyar\u0131lar - Av. Deniz Can K\u0131z\u0131l\",\"isPartOf\":{\"@id\":\"https:\/\/denizcankizil.tr\/#website\"},\"primaryImageOfPage\":{\"@id\":\"https:\/\/denizcankizil.tr\/de\/haberler\/antalya\/uzmanindan-gecmeyen-agiz-kokusu-hakkinda-uyarilar\/#primaryimage\"},\"image\":{\"@id\":\"https:\/\/denizcankizil.tr\/de\/haberler\/antalya\/uzmanindan-gecmeyen-agiz-kokusu-hakkinda-uyarilar\/#primaryimage\"},\"thumbnailUrl\":\"https:\/\/denizcankizil.tr\/wp-content\/uploads\/2025\/01\/4020-01-dR0op8.jpeg\",\"datePublished\":\"2025-01-06T09:42:29+00:00\",\"breadcrumb\":{\"@id\":\"https:\/\/denizcankizil.tr\/de\/haberler\/antalya\/uzmanindan-gecmeyen-agiz-kokusu-hakkinda-uyarilar\/#breadcrumb\"},\"inLanguage\":\"uk\",\"potentialAction\":[{\"@type\":\"ReadAction\",\"target\":[\"https:\/\/denizcankizil.tr\/de\/haberler\/antalya\/uzmanindan-gecmeyen-agiz-kokusu-hakkinda-uyarilar\/\"]}]},{\"@type\":\"ImageObject\",\"inLanguage\":\"uk\",\"@id\":\"https:\/\/denizcankizil.tr\/de\/haberler\/antalya\/uzmanindan-gecmeyen-agiz-kokusu-hakkinda-uyarilar\/#primaryimage\",\"url\":\"https:\/\/denizcankizil.tr\/wp-content\/uploads\/2025\/01\/4020-01-dR0op8.jpeg\",\"contentUrl\":\"https:\/\/denizcankizil.tr\/wp-content\/uploads\/2025\/01\/4020-01-dR0op8.jpeg\",\"width\":1280,\"height\":720},{\"@type\":\"BreadcrumbList\",\"@id\":\"https:\/\/denizcankizil.tr\/de\/haberler\/antalya\/uzmanindan-gecmeyen-agiz-kokusu-hakkinda-uyarilar\/#breadcrumb\",\"itemListElement\":[{\"@type\":\"ListItem\",\"position\":1,\"name\":\"Home\",\"item\":\"https:\/\/denizcankizil.tr\/de\/\"},{\"@type\":\"ListItem\",\"position\":2,\"name\":\"Uzman\u0131ndan ge\u00e7meyen a\u011f\u0131z kokusu hakk\u0131nda uyar\u0131lar\"}]},{\"@type\":\"WebSite\",\"@id\":\"https:\/\/denizcankizil.tr\/#website\",\"url\":\"https:\/\/denizcankizil.tr\/\",\"name\":\"Av. Deniz Can K\u0131z\u0131l\",\"description\":\"Avukat Deniz Can K\u0131z\u0131l Antalya Barosu\",\"publisher\":{\"@id\":\"https:\/\/denizcankizil.tr\/#organization\"},\"potentialAction\":[{\"@type\":\"SearchAction\",\"target\":{\"@type\":\"EntryPoint\",\"urlTemplate\":\"https:\/\/denizcankizil.tr\/?s={search_term_string}\"},\"query-input\":{\"@type\":\"PropertyValueSpecification\",\"valueRequired\":true,\"valueName\":\"search_term_string\"}}],\"inLanguage\":\"uk\"},{\"@type\":\"Organization\",\"@id\":\"https:\/\/denizcankizil.tr\/#organization\",\"name\":\"Av. Deniz Can K\u0131z\u0131l\",\"url\":\"https:\/\/denizcankizil.tr\/\",\"logo\":{\"@type\":\"ImageObject\",\"inLanguage\":\"uk\",\"@id\":\"https:\/\/denizcankizil.tr\/#\/schema\/logo\/image\/\",\"url\":\"https:\/\/denizcankizil.tr\/wp-content\/uploads\/2024\/10\/siyah-logo-svg.svg\",\"contentUrl\":\"https:\/\/denizcankizil.tr\/wp-content\/uploads\/2024\/10\/siyah-logo-svg.svg\",\"width\":1080,\"height\":1080,\"caption\":\"Av. Deniz Can K\u0131z\u0131l\"},\"image\":{\"@id\":\"https:\/\/denizcankizil.tr\/#\/schema\/logo\/image\/\"}}]}<\/script>\n<!-- \/ Yoast SEO Premium plugin. -->","yoast_head_json":{"title":"Uzman\u0131ndan ge\u00e7meyen a\u011f\u0131z kokusu hakk\u0131nda uyar\u0131lar - Av. Deniz Can K\u0131z\u0131l","robots":{"index":"index","follow":"follow","max-snippet":"max-snippet:-1","max-image-preview":"max-image-preview:large","max-video-preview":"max-video-preview:-1"},"canonical":"https:\/\/denizcankizil.tr\/uk\/haberler\/antalya\/uzmanindan-gecmeyen-agiz-kokusu-hakkinda-uyarilar\/","og_locale":"uk_UA","og_type":"article","og_title":"Uzman\u0131ndan ge\u00e7meyen a\u011f\u0131z kokusu hakk\u0131nda uyar\u0131lar","og_description":"Uzm. Dr. Adil Duman, a\u011f\u0131z kokusunun genellikle a\u011f\u0131z ve di\u015f sa\u011fl\u0131\u011f\u0131 problemleri ya da kulak, burun, bo\u011faz enfeksiyonlar\u0131ndan kaynakland\u0131\u011f\u0131n\u0131 belirtti. A\u011f\u0131z kokular\u0131n\u0131n y\u00fczde 90\u2019\u0131n\u0131n bu nedenlerle ortaya \u00e7\u0131kt\u0131\u011f\u0131n\u0131 ifade eden Dr. Duman, bo\u011faz enfeksiyonlar\u0131, sin\u00fczit, akci\u011fer hastal\u0131klar\u0131 gibi durumlar\u0131n da k\u00f6t\u00fc nefes kokusuna yol a\u00e7abilece\u011fini s\u00f6yleyerek, bu t\u00fcr sorunlar\u0131n d\u0131\u015flanmas\u0131 halinde, mide ve sindirim sistemi hastal\u0131klar\u0131n\u0131n de\u011ferlendirilmesi gerekti\u011finin alt\u0131n\u0131 \u00e7izdi. Mide ve sindirim sistemi rahats\u0131zl\u0131klar\u0131 Mide hastal\u0131klar\u0131n\u0131n da a\u011f\u0131z kokusuna yol a\u00e7abilece\u011fini vurgulayan Uzm. Dr. Duman, \u00f6zellikle refl\u00fcn\u00fcn bu duruma sebep olabilece\u011fini belirtti. Dr. Duman, mide i\u00e7eri\u011finin yemek borusuna geri ka\u00e7mas\u0131 sonucu olu\u015fan bu hastal\u0131kta, mide asidi ve yiyecek art\u0131klar\u0131 nefeste k\u00f6t\u00fc bir kokuya neden olabilece\u011fini dile getirdi. Duman, ayr\u0131ca yemek borusunda olu\u015fan \u201cdivertik\u00fcl\u201d ad\u0131 verilen baloncuklar ya da yemek borusu alt ucunun kas\u0131l\u0131 kalmas\u0131na neden olan akalazya gibi hastal\u0131klar\u0131n da a\u011f\u0131z kokusuyla ba\u011flant\u0131l\u0131 olabilece\u011fi ifade edildi. Dr. Duman, a\u011f\u0131z kokusuna neden olabilecek di\u011fer hastal\u0131klar\u0131 \u015fu \u015fekilde s\u0131ralad\u0131: \u201cHelicobacter pylori enfeksiyonu, ba\u011f\u0131rsak t\u0131kan\u0131kl\u0131\u011f\u0131, Irritabl Ba\u011f\u0131rsak Sendromu (IBS), karaci\u011fer ve b\u00f6brek hastal\u0131klar\u0131, safra kesesi problemleri, sindirim sistemi enfeksiyonlar\u0131.\u201d Koku tipleri tan\u0131y\u0131 kolayla\u015ft\u0131rabilir A\u011f\u0131z kokusunun farkl\u0131 sa\u011fl\u0131k sorunlar\u0131na i\u015faret edebilece\u011fini s\u00f6yleyen Duman, kokunun tipine g\u00f6re tan\u0131 konulabilece\u011fini belirterek, kokular\u0131n olu\u015fturabilece\u011fi rahats\u0131zl\u0131klar\u0131 s\u0131ralad\u0131: \u201c\u00c7\u00fcr\u00fck yumurta kokusu: Genellikle gastrointestinal rahats\u0131zl\u0131klarla ili\u015fkilidir. Tatl\u0131 veya meyvemsi &hellip;","og_url":"https:\/\/denizcankizil.tr\/uk\/haberler\/antalya\/uzmanindan-gecmeyen-agiz-kokusu-hakkinda-uyarilar\/","og_site_name":"Av. Deniz Can K\u0131z\u0131l","article_published_time":"2025-01-06T09:42:29+00:00","og_image":[{"width":1280,"height":720,"url":"https:\/\/denizcankizil.tr\/wp-content\/uploads\/2025\/01\/4020-01-dR0op8.jpeg","type":"image\/jpeg"}],"twitter_card":"summary_large_image","twitter_misc":{"\u041f\u0440\u0438\u0431\u043b. \u0447\u0430\u0441 \u0447\u0438\u0442\u0430\u043d\u043d\u044f":"2 \u0445\u0432\u0438\u043b\u0438\u043d\u0438"},"schema":{"@context":"https:\/\/schema.org","@graph":[{"@type":"Article","@id":"https:\/\/denizcankizil.tr\/de\/haberler\/antalya\/uzmanindan-gecmeyen-agiz-kokusu-hakkinda-uyarilar\/#article","isPartOf":{"@id":"https:\/\/denizcankizil.tr\/de\/haberler\/antalya\/uzmanindan-gecmeyen-agiz-kokusu-hakkinda-uyarilar\/"},"author":{"name":"","@id":""},"headline":"Uzman\u0131ndan ge\u00e7meyen a\u011f\u0131z kokusu hakk\u0131nda uyar\u0131lar","datePublished":"2025-01-06T09:42:29+00:00","mainEntityOfPage":{"@id":"https:\/\/denizcankizil.tr\/de\/haberler\/antalya\/uzmanindan-gecmeyen-agiz-kokusu-hakkinda-uyarilar\/"},"wordCount":501,"commentCount":0,"publisher":{"@id":"https:\/\/denizcankizil.tr\/#organization"},"image":{"@id":"https:\/\/denizcankizil.tr\/de\/haberler\/antalya\/uzmanindan-gecmeyen-agiz-kokusu-hakkinda-uyarilar\/#primaryimage"},"thumbnailUrl":"https:\/\/denizcankizil.tr\/wp-content\/uploads\/2025\/01\/4020-01-dR0op8.jpeg","articleSection":["Antalya","Uncategorized"],"inLanguage":"uk","potentialAction":[{"@type":"CommentAction","name":"Comment","target":["https:\/\/denizcankizil.tr\/de\/haberler\/antalya\/uzmanindan-gecmeyen-agiz-kokusu-hakkinda-uyarilar\/#respond"]}]},{"@type":"WebPage","@id":"https:\/\/denizcankizil.tr\/de\/haberler\/antalya\/uzmanindan-gecmeyen-agiz-kokusu-hakkinda-uyarilar\/","url":"https:\/\/denizcankizil.tr\/de\/haberler\/antalya\/uzmanindan-gecmeyen-agiz-kokusu-hakkinda-uyarilar\/","name":"Uzman\u0131ndan ge\u00e7meyen a\u011f\u0131z kokusu hakk\u0131nda uyar\u0131lar - Av. Deniz Can K\u0131z\u0131l","isPartOf":{"@id":"https:\/\/denizcankizil.tr\/#website"},"primaryImageOfPage":{"@id":"https:\/\/denizcankizil.tr\/de\/haberler\/antalya\/uzmanindan-gecmeyen-agiz-kokusu-hakkinda-uyarilar\/#primaryimage"},"image":{"@id":"https:\/\/denizcankizil.tr\/de\/haberler\/antalya\/uzmanindan-gecmeyen-agiz-kokusu-hakkinda-uyarilar\/#primaryimage"},"thumbnailUrl":"https:\/\/denizcankizil.tr\/wp-content\/uploads\/2025\/01\/4020-01-dR0op8.jpeg","datePublished":"2025-01-06T09:42:29+00:00","breadcrumb":{"@id":"https:\/\/denizcankizil.tr\/de\/haberler\/antalya\/uzmanindan-gecmeyen-agiz-kokusu-hakkinda-uyarilar\/#breadcrumb"},"inLanguage":"uk","potentialAction":[{"@type":"ReadAction","target":["https:\/\/denizcankizil.tr\/de\/haberler\/antalya\/uzmanindan-gecmeyen-agiz-kokusu-hakkinda-uyarilar\/"]}]},{"@type":"ImageObject","inLanguage":"uk","@id":"https:\/\/denizcankizil.tr\/de\/haberler\/antalya\/uzmanindan-gecmeyen-agiz-kokusu-hakkinda-uyarilar\/#primaryimage","url":"https:\/\/denizcankizil.tr\/wp-content\/uploads\/2025\/01\/4020-01-dR0op8.jpeg","contentUrl":"https:\/\/denizcankizil.tr\/wp-content\/uploads\/2025\/01\/4020-01-dR0op8.jpeg","width":1280,"height":720},{"@type":"BreadcrumbList","@id":"https:\/\/denizcankizil.tr\/de\/haberler\/antalya\/uzmanindan-gecmeyen-agiz-kokusu-hakkinda-uyarilar\/#breadcrumb","itemListElement":[{"@type":"ListItem","position":1,"name":"Home","item":"https:\/\/denizcankizil.tr\/de\/"},{"@type":"ListItem","position":2,"name":"Uzman\u0131ndan ge\u00e7meyen a\u011f\u0131z kokusu hakk\u0131nda uyar\u0131lar"}]},{"@type":"WebSite","@id":"https:\/\/denizcankizil.tr\/#website","url":"https:\/\/denizcankizil.tr\/","name":"Av. Deniz Can K\u0131z\u0131l","description":"Avukat Deniz Can K\u0131z\u0131l Antalya Barosu","publisher":{"@id":"https:\/\/denizcankizil.tr\/#organization"},"potentialAction":[{"@type":"SearchAction","target":{"@type":"EntryPoint","urlTemplate":"https:\/\/denizcankizil.tr\/?s={search_term_string}"},"query-input":{"@type":"PropertyValueSpecification","valueRequired":true,"valueName":"search_term_string"}}],"inLanguage":"uk"},{"@type":"Organization","@id":"https:\/\/denizcankizil.tr\/#organization","name":"Av. Deniz Can K\u0131z\u0131l","url":"https:\/\/denizcankizil.tr\/","logo":{"@type":"ImageObject","inLanguage":"uk","@id":"https:\/\/denizcankizil.tr\/#\/schema\/logo\/image\/","url":"https:\/\/denizcankizil.tr\/wp-content\/uploads\/2024\/10\/siyah-logo-svg.svg","contentUrl":"https:\/\/denizcankizil.tr\/wp-content\/uploads\/2024\/10\/siyah-logo-svg.svg","width":1080,"height":1080,"caption":"Av. Deniz Can K\u0131z\u0131l"},"image":{"@id":"https:\/\/denizcankizil.tr\/#\/schema\/logo\/image\/"}}]}},"_links":{"self":[{"href":"https:\/\/denizcankizil.tr\/uk\/wp-json\/wp\/v2\/posts\/24066","targetHints":{"allow":["GET"]}}],"collection":[{"href":"https:\/\/denizcankizil.tr\/uk\/wp-json\/wp\/v2\/posts"}],"about":[{"href":"https:\/\/denizcankizil.tr\/uk\/wp-json\/wp\/v2\/types\/post"}],"replies":[{"embeddable":true,"href":"https:\/\/denizcankizil.tr\/uk\/wp-json\/wp\/v2\/comments?post=24066"}],"version-history":[{"count":0,"href":"https:\/\/denizcankizil.tr\/uk\/wp-json\/wp\/v2\/posts\/24066\/revisions"}],"wp:featuredmedia":[{"embeddable":true,"href":"https:\/\/denizcankizil.tr\/uk\/wp-json\/wp\/v2\/media\/24067"}],"wp:attachment":[{"href":"https:\/\/denizcankizil.tr\/uk\/wp-json\/wp\/v2\/media?parent=24066"}],"wp:term":[{"taxonomy":"category","embeddable":true,"href":"https:\/\/denizcankizil.tr\/uk\/wp-json\/wp\/v2\/categories?post=24066"},{"taxonomy":"post_tag","embeddable":true,"href":"https:\/\/denizcankizil.tr\/uk\/wp-json\/wp\/v2\/tags?post=24066"}],"curies":[{"name":"wp","href":"https:\/\/api.w.org\/{rel}","templated":true}]}}