{"id":23965,"date":"2025-01-05T19:41:20","date_gmt":"2025-01-05T16:41:20","guid":{"rendered":"https:\/\/denizcankizil.tr\/uncategorized-tr\/ferdi-tayfurun-serveti-ortaya-cikti-adanada-tam-50-tane\/"},"modified":"2025-01-05T19:41:20","modified_gmt":"2025-01-05T16:41:20","slug":"ferdi-tayfurun-serveti-ortaya-cikti-adanada-tam-50-tane","status":"publish","type":"post","link":"https:\/\/denizcankizil.tr\/uk\/haberler\/gundem\/ferdi-tayfurun-serveti-ortaya-cikti-adanada-tam-50-tane\/","title":{"rendered":"Ferdi Tayfur&#8217;un serveti ortaya \u00e7\u0131kt\u0131. Adana\u2019da tam 50 tane\u2026"},"content":{"rendered":"<p>\u00dcnl\u00fc sanat\u00e7\u0131, arabesk m\u00fczi\u011fin \u00f6nde gelen isimlerinden Ferdi Tayfur&#8217;un vefat\u0131 T\u00fcrkiye&#8217;de milyonlar\u0131 \u00fczd\u00fc. Tayfur, son yolculu\u011funa u\u011furland\u0131. Ferdi Tayfur&#8217;un arkas\u0131nda b\u00fcy\u00fck bir servet de\u011ferinde \u00e7ok say\u0131da m\u00fclk b\u0131rakt\u0131\u011f\u0131 ileri s\u00fcr\u00fcld\u00fc.<\/p>\n<p>MARMAR\u0130S\u2019TE V\u0130LLA ALDI<\/p>\n<p>1981 y\u0131l\u0131nda Marmaris&#8217;te film \u00e7eken Tayfur&#8217;un il\u00e7eyi \u00e7ok be\u011fendi\u011fi ve yat\u0131r\u0131m yapmaya karar verdi\u011fi belirtildi. Tayfur uzun y\u0131llar ya\u015fad\u0131\u011f\u0131 Marmaris\u2019te havuzlu bir villa ald\u0131. Y\u0131llar i\u00e7inde yat\u0131r\u0131mlar\u0131n\u0131 art\u0131rd\u0131. G\u00f6kbel Villalar\u0131 ve bir apartman edindi. 1990&#8217;l\u0131 y\u0131llar\u0131n sonunda \u015fu anda oturdu\u011fu Cennet Adas\u0131&#8217;ndaki m\u00fclk\u00fc ald\u0131.<\/p>\n<p>[related-posts id=&#8221;18094199&#8243; color=&#8221;bg-dark&#8221;][\/related-posts]<\/p>\n<p>ORTAK OLDU\u011eU YATIRIMLAR B\u0130L\u0130NM\u0130YOR<\/p>\n<p>2000&#8217;li y\u0131llardan itibaren s\u00fcrekli olarak Marmaris&#8217;te kalmaya ba\u015flad\u0131. Ayr\u0131ca Adana&#8217;da 50 daire, \u0130stanbul&#8217;da \u00e7e\u015fitli semtlerde 6 villa, 30 daire ald\u0131. \u0130n\u015faat sekt\u00f6r\u00fcnde de yat\u0131r\u0131mlar\u0131 olan Tayfur&#8217;un ortak oldu\u011fu yat\u0131r\u0131mlar\u0131n net olarak bilinmedi\u011fi ifade edildi. M\u00fctevaz\u0131 bir ya\u015fam\u0131 tercih eden Tayfur&#8217;un g\u00f6steri\u015fli tekne yerine k\u00fc\u00e7\u00fck bir tekne ald\u0131\u011f\u0131 zaman zaman Marmaris koylar\u0131nda gezintiye \u00e7\u0131kt\u0131\u011f\u0131 da biliniyordu.<\/p>\n<p>\u200bAntalya\u2019da hayat\u0131n\u0131 kaybeden Ferdi Tayfur&#8217;un miras\u0131 ortaya \u00e7\u0131kt\u0131. Tayfur\u2019un nerede ne kadar gayrimenkul\u00fc var? Ayr\u0131t\u0131lar haberimizde\u00a0<\/p>\n<p>\u200bHaberin Al\u0131nt\u0131land\u0131\u011f\u0131 Kaynak: www.antalyakorfez.com<\/p>","protected":false},"excerpt":{"rendered":"<p>\u00dcnl\u00fc sanat\u00e7\u0131, arabesk m\u00fczi\u011fin \u00f6nde gelen isimlerinden Ferdi Tayfur&#8217;un vefat\u0131 T\u00fcrkiye&#8217;de milyonlar\u0131 \u00fczd\u00fc. Tayfur, son yolculu\u011funa u\u011furland\u0131. Ferdi Tayfur&#8217;un arkas\u0131nda b\u00fcy\u00fck bir servet de\u011ferinde \u00e7ok say\u0131da m\u00fclk b\u0131rakt\u0131\u011f\u0131 ileri s\u00fcr\u00fcld\u00fc. MARMAR\u0130S\u2019TE V\u0130LLA ALDI 1981 y\u0131l\u0131nda Marmaris&#8217;te film \u00e7eken Tayfur&#8217;un il\u00e7eyi \u00e7ok be\u011fendi\u011fi ve yat\u0131r\u0131m yapmaya karar verdi\u011fi belirtildi. Tayfur uzun y\u0131llar ya\u015fad\u0131\u011f\u0131 Marmaris\u2019te havuzlu bir villa ald\u0131. Y\u0131llar i\u00e7inde yat\u0131r\u0131mlar\u0131n\u0131 art\u0131rd\u0131. G\u00f6kbel Villalar\u0131 ve bir apartman edindi. 1990&#8217;l\u0131 y\u0131llar\u0131n sonunda \u015fu anda oturdu\u011fu Cennet Adas\u0131&#8217;ndaki m\u00fclk\u00fc ald\u0131. [related-posts id=&#8221;18094199&#8243; color=&#8221;bg-dark&#8221;][\/related-posts] ORTAK OLDU\u011eU YATIRIMLAR B\u0130L\u0130NM\u0130YOR 2000&#8217;li y\u0131llardan itibaren s\u00fcrekli olarak Marmaris&#8217;te kalmaya ba\u015flad\u0131. Ayr\u0131ca Adana&#8217;da 50 daire, \u0130stanbul&#8217;da \u00e7e\u015fitli semtlerde 6 villa, 30 daire ald\u0131. \u0130n\u015faat sekt\u00f6r\u00fcnde de yat\u0131r\u0131mlar\u0131 olan Tayfur&#8217;un ortak oldu\u011fu yat\u0131r\u0131mlar\u0131n net olarak bilinmedi\u011fi ifade edildi. M\u00fctevaz\u0131 bir ya\u015fam\u0131 tercih eden Tayfur&#8217;un g\u00f6steri\u015fli tekne yerine k\u00fc\u00e7\u00fck bir tekne ald\u0131\u011f\u0131 zaman zaman Marmaris koylar\u0131nda gezintiye \u00e7\u0131kt\u0131\u011f\u0131 da biliniyordu. \u200bAntalya\u2019da hayat\u0131n\u0131 kaybeden Ferdi Tayfur&#8217;un miras\u0131 ortaya \u00e7\u0131kt\u0131. Tayfur\u2019un nerede ne kadar gayrimenkul\u00fc var? Ayr\u0131t\u0131lar haberimizde\u00a0 \u200bHaberin Al\u0131nt\u0131land\u0131\u011f\u0131 Kaynak: www.antalyakorfez.com<\/p>\n","protected":false},"author":0,"featured_media":0,"comment_status":"open","ping_status":"open","sticky":false,"template":"","format":"standard","meta":{"_acf_changed":false,"footnotes":""},"categories":[24,535],"tags":[],"class_list":["post-23965","post","type-post","status-publish","format-standard","has-post-thumbnail","hentry","category-gundem","category-uncategorized-tr"],"acf":[],"yoast_head":"<!-- This site is optimized with the Yoast SEO Premium plugin v26.6 (Yoast SEO v27.1.1) - https:\/\/yoast.com\/product\/yoast-seo-premium-wordpress\/ -->\n<title>Ferdi Tayfur&#039;un serveti ortaya \u00e7\u0131kt\u0131. Adana\u2019da tam 50 tane\u2026 - Av. Deniz Can K\u0131z\u0131l<\/title>\n<meta name=\"robots\" content=\"index, follow, max-snippet:-1, max-image-preview:large, max-video-preview:-1\" \/>\n<link rel=\"canonical\" href=\"https:\/\/denizcankizil.tr\/uk\/haberler\/gundem\/ferdi-tayfurun-serveti-ortaya-cikti-adanada-tam-50-tane\/\" \/>\n<meta property=\"og:locale\" content=\"uk_UA\" \/>\n<meta property=\"og:type\" content=\"article\" \/>\n<meta property=\"og:title\" content=\"Ferdi Tayfur&#039;un serveti ortaya \u00e7\u0131kt\u0131. Adana\u2019da tam 50 tane\u2026\" \/>\n<meta property=\"og:description\" content=\"\u00dcnl\u00fc sanat\u00e7\u0131, arabesk m\u00fczi\u011fin \u00f6nde gelen isimlerinden Ferdi Tayfur&#8217;un vefat\u0131 T\u00fcrkiye&#8217;de milyonlar\u0131 \u00fczd\u00fc. Tayfur, son yolculu\u011funa u\u011furland\u0131. Ferdi Tayfur&#8217;un arkas\u0131nda b\u00fcy\u00fck bir servet de\u011ferinde \u00e7ok say\u0131da m\u00fclk b\u0131rakt\u0131\u011f\u0131 ileri s\u00fcr\u00fcld\u00fc. MARMAR\u0130S\u2019TE V\u0130LLA ALDI 1981 y\u0131l\u0131nda Marmaris&#8217;te film \u00e7eken Tayfur&#8217;un il\u00e7eyi \u00e7ok be\u011fendi\u011fi ve yat\u0131r\u0131m yapmaya karar verdi\u011fi belirtildi. Tayfur uzun y\u0131llar ya\u015fad\u0131\u011f\u0131 Marmaris\u2019te havuzlu bir villa ald\u0131. Y\u0131llar i\u00e7inde yat\u0131r\u0131mlar\u0131n\u0131 art\u0131rd\u0131. G\u00f6kbel Villalar\u0131 ve bir apartman edindi. 1990&#8217;l\u0131 y\u0131llar\u0131n sonunda \u015fu anda oturdu\u011fu Cennet Adas\u0131&#8217;ndaki m\u00fclk\u00fc ald\u0131. [related-posts id=&#8221;18094199&#8243; color=&#8221;bg-dark&#8221;][\/related-posts] ORTAK OLDU\u011eU YATIRIMLAR B\u0130L\u0130NM\u0130YOR 2000&#8217;li y\u0131llardan itibaren s\u00fcrekli olarak Marmaris&#8217;te kalmaya ba\u015flad\u0131. Ayr\u0131ca Adana&#8217;da 50 daire, \u0130stanbul&#8217;da \u00e7e\u015fitli semtlerde 6 villa, 30 daire ald\u0131. \u0130n\u015faat sekt\u00f6r\u00fcnde de yat\u0131r\u0131mlar\u0131 olan Tayfur&#8217;un ortak oldu\u011fu yat\u0131r\u0131mlar\u0131n net olarak bilinmedi\u011fi ifade edildi. M\u00fctevaz\u0131 bir ya\u015fam\u0131 tercih eden Tayfur&#8217;un g\u00f6steri\u015fli tekne yerine k\u00fc\u00e7\u00fck bir tekne ald\u0131\u011f\u0131 zaman zaman Marmaris koylar\u0131nda gezintiye \u00e7\u0131kt\u0131\u011f\u0131 da biliniyordu. \u200bAntalya\u2019da hayat\u0131n\u0131 kaybeden Ferdi Tayfur&#8217;un miras\u0131 ortaya \u00e7\u0131kt\u0131. Tayfur\u2019un nerede ne kadar gayrimenkul\u00fc var? Ayr\u0131t\u0131lar haberimizde\u00a0 \u200bHaberin Al\u0131nt\u0131land\u0131\u011f\u0131 Kaynak: www.antalyakorfez.com\" \/>\n<meta property=\"og:url\" content=\"https:\/\/denizcankizil.tr\/uk\/haberler\/gundem\/ferdi-tayfurun-serveti-ortaya-cikti-adanada-tam-50-tane\/\" \/>\n<meta property=\"og:site_name\" content=\"Av. Deniz Can K\u0131z\u0131l\" \/>\n<meta property=\"article:published_time\" content=\"2025-01-05T16:41:20+00:00\" \/>\n<meta name=\"twitter:card\" content=\"summary_large_image\" \/>\n<meta name=\"twitter:label1\" content=\"\u041f\u0440\u0438\u0431\u043b. \u0447\u0430\u0441 \u0447\u0438\u0442\u0430\u043d\u043d\u044f\" \/>\n\t<meta name=\"twitter:data1\" content=\"1 \u0445\u0432\u0438\u043b\u0438\u043d\u0430\" \/>\n<script type=\"application\/ld+json\" class=\"yoast-schema-graph\">{\"@context\":\"https:\/\/schema.org\",\"@graph\":[{\"@type\":\"Article\",\"@id\":\"https:\/\/denizcankizil.tr\/uk\/haberler\/gundem\/ferdi-tayfurun-serveti-ortaya-cikti-adanada-tam-50-tane\/#article\",\"isPartOf\":{\"@id\":\"https:\/\/denizcankizil.tr\/uk\/haberler\/gundem\/ferdi-tayfurun-serveti-ortaya-cikti-adanada-tam-50-tane\/\"},\"author\":{\"name\":\"\",\"@id\":\"\"},\"headline\":\"Ferdi Tayfur&#8217;un serveti ortaya \u00e7\u0131kt\u0131. Adana\u2019da tam 50 tane\u2026\",\"datePublished\":\"2025-01-05T16:41:20+00:00\",\"mainEntityOfPage\":{\"@id\":\"https:\/\/denizcankizil.tr\/uk\/haberler\/gundem\/ferdi-tayfurun-serveti-ortaya-cikti-adanada-tam-50-tane\/\"},\"wordCount\":252,\"commentCount\":0,\"publisher\":{\"@id\":\"https:\/\/denizcankizil.tr\/de\/#organization\"},\"articleSection\":[\"G\u00fcndem\",\"Uncategorized\"],\"inLanguage\":\"uk\",\"potentialAction\":[{\"@type\":\"CommentAction\",\"name\":\"Comment\",\"target\":[\"https:\/\/denizcankizil.tr\/uk\/haberler\/gundem\/ferdi-tayfurun-serveti-ortaya-cikti-adanada-tam-50-tane\/#respond\"]}]},{\"@type\":\"WebPage\",\"@id\":\"https:\/\/denizcankizil.tr\/uk\/haberler\/gundem\/ferdi-tayfurun-serveti-ortaya-cikti-adanada-tam-50-tane\/\",\"url\":\"https:\/\/denizcankizil.tr\/uk\/haberler\/gundem\/ferdi-tayfurun-serveti-ortaya-cikti-adanada-tam-50-tane\/\",\"name\":\"Ferdi Tayfur'un serveti ortaya \u00e7\u0131kt\u0131. Adana\u2019da tam 50 tane\u2026 - Av. Deniz Can K\u0131z\u0131l\",\"isPartOf\":{\"@id\":\"https:\/\/denizcankizil.tr\/de\/#website\"},\"datePublished\":\"2025-01-05T16:41:20+00:00\",\"breadcrumb\":{\"@id\":\"https:\/\/denizcankizil.tr\/uk\/haberler\/gundem\/ferdi-tayfurun-serveti-ortaya-cikti-adanada-tam-50-tane\/#breadcrumb\"},\"inLanguage\":\"uk\",\"potentialAction\":[{\"@type\":\"ReadAction\",\"target\":[\"https:\/\/denizcankizil.tr\/uk\/haberler\/gundem\/ferdi-tayfurun-serveti-ortaya-cikti-adanada-tam-50-tane\/\"]}]},{\"@type\":\"BreadcrumbList\",\"@id\":\"https:\/\/denizcankizil.tr\/uk\/haberler\/gundem\/ferdi-tayfurun-serveti-ortaya-cikti-adanada-tam-50-tane\/#breadcrumb\",\"itemListElement\":[{\"@type\":\"ListItem\",\"position\":1,\"name\":\"Home\",\"item\":\"https:\/\/denizcankizil.tr\/de\/\"},{\"@type\":\"ListItem\",\"position\":2,\"name\":\"Ferdi Tayfur&#8217;un serveti ortaya \u00e7\u0131kt\u0131. Adana\u2019da tam 50 tane\u2026\"}]},{\"@type\":\"WebSite\",\"@id\":\"https:\/\/denizcankizil.tr\/de\/#website\",\"url\":\"https:\/\/denizcankizil.tr\/de\/\",\"name\":\"Av. Deniz Can K\u0131z\u0131l\",\"description\":\"Avukat Deniz Can K\u0131z\u0131l Antalya Barosu\",\"publisher\":{\"@id\":\"https:\/\/denizcankizil.tr\/de\/#organization\"},\"potentialAction\":[{\"@type\":\"SearchAction\",\"target\":{\"@type\":\"EntryPoint\",\"urlTemplate\":\"https:\/\/denizcankizil.tr\/de\/?s={search_term_string}\"},\"query-input\":{\"@type\":\"PropertyValueSpecification\",\"valueRequired\":true,\"valueName\":\"search_term_string\"}}],\"inLanguage\":\"uk\"},{\"@type\":\"Organization\",\"@id\":\"https:\/\/denizcankizil.tr\/de\/#organization\",\"name\":\"Av. Deniz Can K\u0131z\u0131l\",\"url\":\"https:\/\/denizcankizil.tr\/de\/\",\"logo\":{\"@type\":\"ImageObject\",\"inLanguage\":\"uk\",\"@id\":\"https:\/\/denizcankizil.tr\/de\/#\/schema\/logo\/image\/\",\"url\":\"https:\/\/denizcankizil.tr\/wp-content\/uploads\/2024\/10\/siyah-logo-svg.svg\",\"contentUrl\":\"https:\/\/denizcankizil.tr\/wp-content\/uploads\/2024\/10\/siyah-logo-svg.svg\",\"width\":1080,\"height\":1080,\"caption\":\"Av. Deniz Can K\u0131z\u0131l\"},\"image\":{\"@id\":\"https:\/\/denizcankizil.tr\/de\/#\/schema\/logo\/image\/\"}}]}<\/script>\n<!-- \/ Yoast SEO Premium plugin. -->","yoast_head_json":{"title":"Ferdi Tayfur'un serveti ortaya \u00e7\u0131kt\u0131. Adana\u2019da tam 50 tane\u2026 - Av. Deniz Can K\u0131z\u0131l","robots":{"index":"index","follow":"follow","max-snippet":"max-snippet:-1","max-image-preview":"max-image-preview:large","max-video-preview":"max-video-preview:-1"},"canonical":"https:\/\/denizcankizil.tr\/uk\/haberler\/gundem\/ferdi-tayfurun-serveti-ortaya-cikti-adanada-tam-50-tane\/","og_locale":"uk_UA","og_type":"article","og_title":"Ferdi Tayfur'un serveti ortaya \u00e7\u0131kt\u0131. Adana\u2019da tam 50 tane\u2026","og_description":"\u00dcnl\u00fc sanat\u00e7\u0131, arabesk m\u00fczi\u011fin \u00f6nde gelen isimlerinden Ferdi Tayfur&#8217;un vefat\u0131 T\u00fcrkiye&#8217;de milyonlar\u0131 \u00fczd\u00fc. Tayfur, son yolculu\u011funa u\u011furland\u0131. Ferdi Tayfur&#8217;un arkas\u0131nda b\u00fcy\u00fck bir servet de\u011ferinde \u00e7ok say\u0131da m\u00fclk b\u0131rakt\u0131\u011f\u0131 ileri s\u00fcr\u00fcld\u00fc. MARMAR\u0130S\u2019TE V\u0130LLA ALDI 1981 y\u0131l\u0131nda Marmaris&#8217;te film \u00e7eken Tayfur&#8217;un il\u00e7eyi \u00e7ok be\u011fendi\u011fi ve yat\u0131r\u0131m yapmaya karar verdi\u011fi belirtildi. Tayfur uzun y\u0131llar ya\u015fad\u0131\u011f\u0131 Marmaris\u2019te havuzlu bir villa ald\u0131. Y\u0131llar i\u00e7inde yat\u0131r\u0131mlar\u0131n\u0131 art\u0131rd\u0131. G\u00f6kbel Villalar\u0131 ve bir apartman edindi. 1990&#8217;l\u0131 y\u0131llar\u0131n sonunda \u015fu anda oturdu\u011fu Cennet Adas\u0131&#8217;ndaki m\u00fclk\u00fc ald\u0131. [related-posts id=&#8221;18094199&#8243; color=&#8221;bg-dark&#8221;][\/related-posts] ORTAK OLDU\u011eU YATIRIMLAR B\u0130L\u0130NM\u0130YOR 2000&#8217;li y\u0131llardan itibaren s\u00fcrekli olarak Marmaris&#8217;te kalmaya ba\u015flad\u0131. Ayr\u0131ca Adana&#8217;da 50 daire, \u0130stanbul&#8217;da \u00e7e\u015fitli semtlerde 6 villa, 30 daire ald\u0131. \u0130n\u015faat sekt\u00f6r\u00fcnde de yat\u0131r\u0131mlar\u0131 olan Tayfur&#8217;un ortak oldu\u011fu yat\u0131r\u0131mlar\u0131n net olarak bilinmedi\u011fi ifade edildi. M\u00fctevaz\u0131 bir ya\u015fam\u0131 tercih eden Tayfur&#8217;un g\u00f6steri\u015fli tekne yerine k\u00fc\u00e7\u00fck bir tekne ald\u0131\u011f\u0131 zaman zaman Marmaris koylar\u0131nda gezintiye \u00e7\u0131kt\u0131\u011f\u0131 da biliniyordu. \u200bAntalya\u2019da hayat\u0131n\u0131 kaybeden Ferdi Tayfur&#8217;un miras\u0131 ortaya \u00e7\u0131kt\u0131. Tayfur\u2019un nerede ne kadar gayrimenkul\u00fc var? Ayr\u0131t\u0131lar haberimizde\u00a0 \u200bHaberin Al\u0131nt\u0131land\u0131\u011f\u0131 Kaynak: www.antalyakorfez.com","og_url":"https:\/\/denizcankizil.tr\/uk\/haberler\/gundem\/ferdi-tayfurun-serveti-ortaya-cikti-adanada-tam-50-tane\/","og_site_name":"Av. Deniz Can K\u0131z\u0131l","article_published_time":"2025-01-05T16:41:20+00:00","twitter_card":"summary_large_image","twitter_misc":{"\u041f\u0440\u0438\u0431\u043b. \u0447\u0430\u0441 \u0447\u0438\u0442\u0430\u043d\u043d\u044f":"1 \u0445\u0432\u0438\u043b\u0438\u043d\u0430"},"schema":{"@context":"https:\/\/schema.org","@graph":[{"@type":"Article","@id":"https:\/\/denizcankizil.tr\/uk\/haberler\/gundem\/ferdi-tayfurun-serveti-ortaya-cikti-adanada-tam-50-tane\/#article","isPartOf":{"@id":"https:\/\/denizcankizil.tr\/uk\/haberler\/gundem\/ferdi-tayfurun-serveti-ortaya-cikti-adanada-tam-50-tane\/"},"author":{"name":"","@id":""},"headline":"Ferdi Tayfur&#8217;un serveti ortaya \u00e7\u0131kt\u0131. Adana\u2019da tam 50 tane\u2026","datePublished":"2025-01-05T16:41:20+00:00","mainEntityOfPage":{"@id":"https:\/\/denizcankizil.tr\/uk\/haberler\/gundem\/ferdi-tayfurun-serveti-ortaya-cikti-adanada-tam-50-tane\/"},"wordCount":252,"commentCount":0,"publisher":{"@id":"https:\/\/denizcankizil.tr\/de\/#organization"},"articleSection":["G\u00fcndem","Uncategorized"],"inLanguage":"uk","potentialAction":[{"@type":"CommentAction","name":"Comment","target":["https:\/\/denizcankizil.tr\/uk\/haberler\/gundem\/ferdi-tayfurun-serveti-ortaya-cikti-adanada-tam-50-tane\/#respond"]}]},{"@type":"WebPage","@id":"https:\/\/denizcankizil.tr\/uk\/haberler\/gundem\/ferdi-tayfurun-serveti-ortaya-cikti-adanada-tam-50-tane\/","url":"https:\/\/denizcankizil.tr\/uk\/haberler\/gundem\/ferdi-tayfurun-serveti-ortaya-cikti-adanada-tam-50-tane\/","name":"Ferdi Tayfur'un serveti ortaya \u00e7\u0131kt\u0131. Adana\u2019da tam 50 tane\u2026 - Av. Deniz Can K\u0131z\u0131l","isPartOf":{"@id":"https:\/\/denizcankizil.tr\/de\/#website"},"datePublished":"2025-01-05T16:41:20+00:00","breadcrumb":{"@id":"https:\/\/denizcankizil.tr\/uk\/haberler\/gundem\/ferdi-tayfurun-serveti-ortaya-cikti-adanada-tam-50-tane\/#breadcrumb"},"inLanguage":"uk","potentialAction":[{"@type":"ReadAction","target":["https:\/\/denizcankizil.tr\/uk\/haberler\/gundem\/ferdi-tayfurun-serveti-ortaya-cikti-adanada-tam-50-tane\/"]}]},{"@type":"BreadcrumbList","@id":"https:\/\/denizcankizil.tr\/uk\/haberler\/gundem\/ferdi-tayfurun-serveti-ortaya-cikti-adanada-tam-50-tane\/#breadcrumb","itemListElement":[{"@type":"ListItem","position":1,"name":"Home","item":"https:\/\/denizcankizil.tr\/de\/"},{"@type":"ListItem","position":2,"name":"Ferdi Tayfur&#8217;un serveti ortaya \u00e7\u0131kt\u0131. Adana\u2019da tam 50 tane\u2026"}]},{"@type":"WebSite","@id":"https:\/\/denizcankizil.tr\/de\/#website","url":"https:\/\/denizcankizil.tr\/de\/","name":"Av. Deniz Can K\u0131z\u0131l","description":"Avukat Deniz Can K\u0131z\u0131l Antalya Barosu","publisher":{"@id":"https:\/\/denizcankizil.tr\/de\/#organization"},"potentialAction":[{"@type":"SearchAction","target":{"@type":"EntryPoint","urlTemplate":"https:\/\/denizcankizil.tr\/de\/?s={search_term_string}"},"query-input":{"@type":"PropertyValueSpecification","valueRequired":true,"valueName":"search_term_string"}}],"inLanguage":"uk"},{"@type":"Organization","@id":"https:\/\/denizcankizil.tr\/de\/#organization","name":"Av. Deniz Can K\u0131z\u0131l","url":"https:\/\/denizcankizil.tr\/de\/","logo":{"@type":"ImageObject","inLanguage":"uk","@id":"https:\/\/denizcankizil.tr\/de\/#\/schema\/logo\/image\/","url":"https:\/\/denizcankizil.tr\/wp-content\/uploads\/2024\/10\/siyah-logo-svg.svg","contentUrl":"https:\/\/denizcankizil.tr\/wp-content\/uploads\/2024\/10\/siyah-logo-svg.svg","width":1080,"height":1080,"caption":"Av. Deniz Can K\u0131z\u0131l"},"image":{"@id":"https:\/\/denizcankizil.tr\/de\/#\/schema\/logo\/image\/"}}]}},"_links":{"self":[{"href":"https:\/\/denizcankizil.tr\/uk\/wp-json\/wp\/v2\/posts\/23965","targetHints":{"allow":["GET"]}}],"collection":[{"href":"https:\/\/denizcankizil.tr\/uk\/wp-json\/wp\/v2\/posts"}],"about":[{"href":"https:\/\/denizcankizil.tr\/uk\/wp-json\/wp\/v2\/types\/post"}],"replies":[{"embeddable":true,"href":"https:\/\/denizcankizil.tr\/uk\/wp-json\/wp\/v2\/comments?post=23965"}],"version-history":[{"count":0,"href":"https:\/\/denizcankizil.tr\/uk\/wp-json\/wp\/v2\/posts\/23965\/revisions"}],"wp:attachment":[{"href":"https:\/\/denizcankizil.tr\/uk\/wp-json\/wp\/v2\/media?parent=23965"}],"wp:term":[{"taxonomy":"category","embeddable":true,"href":"https:\/\/denizcankizil.tr\/uk\/wp-json\/wp\/v2\/categories?post=23965"},{"taxonomy":"post_tag","embeddable":true,"href":"https:\/\/denizcankizil.tr\/uk\/wp-json\/wp\/v2\/tags?post=23965"}],"curies":[{"name":"wp","href":"https:\/\/api.w.org\/{rel}","templated":true}]}}