{"id":23952,"date":"2025-01-05T16:41:33","date_gmt":"2025-01-05T13:41:33","guid":{"rendered":"https:\/\/denizcankizil.tr\/uncategorized-tr\/cumhurbaskani-erdogan-karadenizin-azmi-ile-calismaya-devam\/"},"modified":"2025-01-05T16:41:33","modified_gmt":"2025-01-05T13:41:33","slug":"cumhurbaskani-erdogan-karadenizin-azmi-ile-calismaya-devam","status":"publish","type":"post","link":"https:\/\/denizcankizil.tr\/uk\/haberler\/gundem\/cumhurbaskani-erdogan-karadenizin-azmi-ile-calismaya-devam\/","title":{"rendered":"Cumhurba\u015fkan\u0131 Erdo\u011fan: Karadeniz&#8217;in azmi ile \u00e7al\u0131\u015fmaya devam"},"content":{"rendered":"<p>Cumhurba\u015fkan\u0131 Recep Tayyip Erdo\u011fan, AK Parti Rize 8&#8217;inci Ola\u011fan \u0130l Kongresi&#8217;nde yeni d\u00f6neme kap\u0131 a\u00e7acaklar\u0131n\u0131n mesaj\u0131n\u0131 vererek, hedeflerinin AK Parti&#8217;yi se\u00e7imlerde yeniden y\u00fczde 50 band\u0131na \u00e7\u0131kartmak oldu\u011funu s\u00f6yledi.ANKARA (\u0130GFA) &#8211; Rize&#8217;ye olan sevgisini vurgulayan Cumhurba\u015fkan\u0131 ve AK Parti Genel Ba\u015fkan\u0131 Recep Tayyip Erdo\u011fan, &#8220;Rize&#8217;nin davas\u0131na olan sevdam\u0131z t\u00fckenmez.&#8221; dedi.<br \/>\nPartisinin 8&#8217;inci ola\u011fan il kongresine kat\u0131lan Cumhurba\u015fkan\u0131 Erdo\u011fan, \u00fclkeye hizmet etme yolunda daha gidecek \u00e7ok yollar\u0131 oldu\u011funu belirterek, &#8220;Dosta d\u00fc\u015fmana kar\u015f\u0131 y\u00fcz\u00fcn\u00fcz\u00fc kara \u00e7\u0131karmad\u0131k. T\u00fcrkiye&#8217;yi d\u00fcnyan\u0131n en g\u00fc\u00e7l\u00fc \u00fclkelerinden biri haline getirdik. T\u00fcrkiye Y\u00fczy\u0131l\u0131&#8217;nda da Karadeniz azmi ile \u00e7al\u0131\u015fmaya devam edece\u011fiz&#8221; dedi.<br \/>\nAK Parti Rize 8&#8217;inci Ola\u011fan \u0130l Kongresi https:\/\/t.co\/ILBsf1Gpr1\u2014 Recep Tayyip Erdo\u011fan (@RTErdogan) January 5, 2025<br \/>\nErdo\u011fan, &#8220;Son d\u00f6nemde att\u0131\u011f\u0131m\u0131z her ad\u0131m T\u00fcrkiye Y\u00fczy\u0131l\u0131 yap\u0131 ta\u015flar\u0131 mahiyetindedir. Biz bunlar\u0131 s\u00f6ylerken birileri gibi palavra atm\u0131yoruz, tart\u0131\u015fmal\u0131 verilere dayanm\u0131yoruz. Birileri gibi emperyalistlerin bi\u00e7ti\u011fi rollere g\u00fcvenmiyoruz&#8221; dedi.<br \/>\nCumhurba\u015fkan\u0131 Recep Tayyip Erdo\u011fan, b\u00fcy\u00fck kongre ile birlikte yeni d\u00f6neme kap\u0131 a\u00e7acaklar\u0131n\u0131 belirterek, &#8220;Hedefimiz AK Parti&#8217;yi se\u00e7imlerde yeniden y\u00fczde 50 band\u0131na \u00e7\u0131kartmakt\u0131r&#8221; dedi.<\/p>\n<p>\u200bCumhurba\u015fkan\u0131 Recep Tayyip Erdo\u011fan, AK Parti Rize 8&#8217;inci Ola\u011fan \u0130l Kongresi&#8217;nde yeni d\u00f6neme kap\u0131 a\u00e7acaklar\u0131n\u0131n mesaj\u0131n\u0131 vererek, hedeflerinin AK Parti&#8217;yi se\u00e7imlerde yeniden y\u00fczde 50 band\u0131na \u00e7\u0131kartmak oldu\u011funu s\u00f6yledi.ANKARA (\u0130GFA) &#8211; Rize&#8217;ye olan sevgisini vurgulayan Cumhurba\u015fkan\u0131 ve AK Parti Genel Ba\u015fkan\u0131 Recep Tayyip Erdo\u011fan, &#8220;Rize&#8217;nin davas\u0131na olan sevdam\u0131z t\u00fckenmez.&#8221; dedi.<br \/>\nPartisinin 8&#8217;inci ola\u011fan il kongresine kat\u0131lan Cumhurba\u015fkan\u0131 Erdo\u011fan, \u00fclkeye hizmet etme yolunda daha gidecek \u00e7ok yollar\u0131 oldu\u011funu belirterek, &#8220;Dosta d\u00fc\u015fmana kar\u015f\u0131 y\u00fcz\u00fcn\u00fcz\u00fc kara \u00e7\u0131karmad\u0131k. T\u00fcrkiye&#8217;yi d\u00fcnyan\u0131n en g\u00fc\u00e7l\u00fc \u00fclkelerinden biri haline getirdik. T\u00fcrkiye Y\u00fczy\u0131l\u0131&#8217;nda da Karadeniz azmi ile \u00e7al\u0131\u015fmaya devam edece\u011fiz&#8221; dedi.<br \/>\nAK Parti Rize 8&#8217;inci Ola\u011fan \u0130l Kongresi https:\/\/t.co\/ILBsf1Gpr1\u2014 Recep Tayyip Erdo\u011fan (@RTErdogan) January 5, 2025<br \/>\nErdo\u011fan, &#8220;Son d\u00f6nemde att\u0131\u011f\u0131m\u0131z her ad\u0131m T\u00fcrkiye Y\u00fczy\u0131l\u0131 yap\u0131 ta\u015flar\u0131 mahiyetindedir. Biz bunlar\u0131 s\u00f6ylerken birileri gibi palavra atm\u0131yoruz, tart\u0131\u015fmal\u0131 verilere dayanm\u0131yoruz. Birileri gibi emperyalistlerin bi\u00e7ti\u011fi rollere g\u00fcvenmiyoruz&#8221; dedi.<br \/>\nCumhurba\u015fkan\u0131 Recep Tayyip Erdo\u011fan, b\u00fcy\u00fck kongre ile birlikte yeni d\u00f6neme kap\u0131 a\u00e7acaklar\u0131n\u0131 belirterek, &#8220;Hedefimiz AK Parti&#8217;yi se\u00e7imlerde yeniden y\u00fczde 50 band\u0131na \u00e7\u0131kartmakt\u0131r&#8221; dedi.\u00a0<\/p>\n<p>\u200bHaberin Al\u0131nt\u0131land\u0131\u011f\u0131 Kaynak: www.iskenderun.org<\/p>","protected":false},"excerpt":{"rendered":"<p>Cumhurba\u015fkan\u0131 Recep Tayyip Erdo\u011fan, AK Parti Rize 8&#8217;inci Ola\u011fan \u0130l Kongresi&#8217;nde yeni d\u00f6neme kap\u0131 a\u00e7acaklar\u0131n\u0131n mesaj\u0131n\u0131 vererek, hedeflerinin AK Parti&#8217;yi se\u00e7imlerde yeniden y\u00fczde 50 band\u0131na \u00e7\u0131kartmak oldu\u011funu s\u00f6yledi.ANKARA (\u0130GFA) &#8211; Rize&#8217;ye olan sevgisini vurgulayan Cumhurba\u015fkan\u0131 ve AK Parti Genel Ba\u015fkan\u0131 Recep Tayyip Erdo\u011fan, &#8220;Rize&#8217;nin davas\u0131na olan sevdam\u0131z t\u00fckenmez.&#8221; dedi. Partisinin 8&#8217;inci ola\u011fan il kongresine kat\u0131lan Cumhurba\u015fkan\u0131 Erdo\u011fan, \u00fclkeye hizmet etme yolunda daha gidecek \u00e7ok yollar\u0131 oldu\u011funu belirterek, &#8220;Dosta d\u00fc\u015fmana kar\u015f\u0131 y\u00fcz\u00fcn\u00fcz\u00fc kara \u00e7\u0131karmad\u0131k. T\u00fcrkiye&#8217;yi d\u00fcnyan\u0131n en g\u00fc\u00e7l\u00fc \u00fclkelerinden biri haline getirdik. T\u00fcrkiye Y\u00fczy\u0131l\u0131&#8217;nda da Karadeniz azmi ile \u00e7al\u0131\u015fmaya devam edece\u011fiz&#8221; dedi. AK Parti Rize 8&#8217;inci Ola\u011fan \u0130l Kongresi https:\/\/t.co\/ILBsf1Gpr1\u2014 Recep Tayyip Erdo\u011fan (@RTErdogan) January 5, 2025 Erdo\u011fan, &#8220;Son d\u00f6nemde att\u0131\u011f\u0131m\u0131z her ad\u0131m T\u00fcrkiye Y\u00fczy\u0131l\u0131 yap\u0131 ta\u015flar\u0131 mahiyetindedir. Biz bunlar\u0131 s\u00f6ylerken birileri gibi palavra atm\u0131yoruz, tart\u0131\u015fmal\u0131 verilere dayanm\u0131yoruz. Birileri gibi emperyalistlerin bi\u00e7ti\u011fi rollere g\u00fcvenmiyoruz&#8221; dedi. Cumhurba\u015fkan\u0131 Recep Tayyip Erdo\u011fan, b\u00fcy\u00fck kongre ile birlikte yeni d\u00f6neme kap\u0131 a\u00e7acaklar\u0131n\u0131 belirterek, &#8220;Hedefimiz AK Parti&#8217;yi se\u00e7imlerde yeniden y\u00fczde 50 band\u0131na \u00e7\u0131kartmakt\u0131r&#8221; dedi. \u200bCumhurba\u015fkan\u0131 Recep Tayyip Erdo\u011fan, AK Parti Rize 8&#8217;inci Ola\u011fan \u0130l Kongresi&#8217;nde yeni d\u00f6neme kap\u0131 a\u00e7acaklar\u0131n\u0131n mesaj\u0131n\u0131 vererek, hedeflerinin AK Parti&#8217;yi se\u00e7imlerde yeniden y\u00fczde 50 band\u0131na \u00e7\u0131kartmak oldu\u011funu s\u00f6yledi.ANKARA (\u0130GFA) &#8211; Rize&#8217;ye olan sevgisini vurgulayan Cumhurba\u015fkan\u0131 ve AK Parti Genel Ba\u015fkan\u0131 Recep Tayyip Erdo\u011fan, &hellip;<\/p>","protected":false},"author":0,"featured_media":0,"comment_status":"open","ping_status":"open","sticky":false,"template":"","format":"standard","meta":{"_acf_changed":false,"footnotes":""},"categories":[24,535],"tags":[],"class_list":["post-23952","post","type-post","status-publish","format-standard","has-post-thumbnail","hentry","category-gundem","category-uncategorized-tr"],"acf":[],"yoast_head":"<!-- This site is optimized with the Yoast SEO Premium plugin v26.6 (Yoast SEO v27.1.1) - https:\/\/yoast.com\/product\/yoast-seo-premium-wordpress\/ -->\n<title>Cumhurba\u015fkan\u0131 Erdo\u011fan: Karadeniz&#039;in azmi ile \u00e7al\u0131\u015fmaya devam - Av. Deniz Can K\u0131z\u0131l<\/title>\n<meta name=\"robots\" content=\"index, follow, max-snippet:-1, max-image-preview:large, max-video-preview:-1\" \/>\n<link rel=\"canonical\" href=\"https:\/\/denizcankizil.tr\/uk\/haberler\/gundem\/cumhurbaskani-erdogan-karadenizin-azmi-ile-calismaya-devam\/\" \/>\n<meta property=\"og:locale\" content=\"uk_UA\" \/>\n<meta property=\"og:type\" content=\"article\" \/>\n<meta property=\"og:title\" content=\"Cumhurba\u015fkan\u0131 Erdo\u011fan: Karadeniz&#039;in azmi ile \u00e7al\u0131\u015fmaya devam\" \/>\n<meta property=\"og:description\" content=\"Cumhurba\u015fkan\u0131 Recep Tayyip Erdo\u011fan, AK Parti Rize 8&#8217;inci Ola\u011fan \u0130l Kongresi&#8217;nde yeni d\u00f6neme kap\u0131 a\u00e7acaklar\u0131n\u0131n mesaj\u0131n\u0131 vererek, hedeflerinin AK Parti&#8217;yi se\u00e7imlerde yeniden y\u00fczde 50 band\u0131na \u00e7\u0131kartmak oldu\u011funu s\u00f6yledi.ANKARA (\u0130GFA) &#8211; Rize&#8217;ye olan sevgisini vurgulayan Cumhurba\u015fkan\u0131 ve AK Parti Genel Ba\u015fkan\u0131 Recep Tayyip Erdo\u011fan, &#8220;Rize&#8217;nin davas\u0131na olan sevdam\u0131z t\u00fckenmez.&#8221; dedi. Partisinin 8&#8217;inci ola\u011fan il kongresine kat\u0131lan Cumhurba\u015fkan\u0131 Erdo\u011fan, \u00fclkeye hizmet etme yolunda daha gidecek \u00e7ok yollar\u0131 oldu\u011funu belirterek, &#8220;Dosta d\u00fc\u015fmana kar\u015f\u0131 y\u00fcz\u00fcn\u00fcz\u00fc kara \u00e7\u0131karmad\u0131k. T\u00fcrkiye&#8217;yi d\u00fcnyan\u0131n en g\u00fc\u00e7l\u00fc \u00fclkelerinden biri haline getirdik. T\u00fcrkiye Y\u00fczy\u0131l\u0131&#8217;nda da Karadeniz azmi ile \u00e7al\u0131\u015fmaya devam edece\u011fiz&#8221; dedi. AK Parti Rize 8&#8217;inci Ola\u011fan \u0130l Kongresi https:\/\/t.co\/ILBsf1Gpr1\u2014 Recep Tayyip Erdo\u011fan (@RTErdogan) January 5, 2025 Erdo\u011fan, &#8220;Son d\u00f6nemde att\u0131\u011f\u0131m\u0131z her ad\u0131m T\u00fcrkiye Y\u00fczy\u0131l\u0131 yap\u0131 ta\u015flar\u0131 mahiyetindedir. Biz bunlar\u0131 s\u00f6ylerken birileri gibi palavra atm\u0131yoruz, tart\u0131\u015fmal\u0131 verilere dayanm\u0131yoruz. Birileri gibi emperyalistlerin bi\u00e7ti\u011fi rollere g\u00fcvenmiyoruz&#8221; dedi. Cumhurba\u015fkan\u0131 Recep Tayyip Erdo\u011fan, b\u00fcy\u00fck kongre ile birlikte yeni d\u00f6neme kap\u0131 a\u00e7acaklar\u0131n\u0131 belirterek, &#8220;Hedefimiz AK Parti&#8217;yi se\u00e7imlerde yeniden y\u00fczde 50 band\u0131na \u00e7\u0131kartmakt\u0131r&#8221; dedi. \u200bCumhurba\u015fkan\u0131 Recep Tayyip Erdo\u011fan, AK Parti Rize 8&#8217;inci Ola\u011fan \u0130l Kongresi&#8217;nde yeni d\u00f6neme kap\u0131 a\u00e7acaklar\u0131n\u0131n mesaj\u0131n\u0131 vererek, hedeflerinin AK Parti&#8217;yi se\u00e7imlerde yeniden y\u00fczde 50 band\u0131na \u00e7\u0131kartmak oldu\u011funu s\u00f6yledi.ANKARA (\u0130GFA) &#8211; Rize&#8217;ye olan sevgisini vurgulayan Cumhurba\u015fkan\u0131 ve AK Parti Genel Ba\u015fkan\u0131 Recep Tayyip Erdo\u011fan, &hellip;\" \/>\n<meta property=\"og:url\" content=\"https:\/\/denizcankizil.tr\/uk\/haberler\/gundem\/cumhurbaskani-erdogan-karadenizin-azmi-ile-calismaya-devam\/\" \/>\n<meta property=\"og:site_name\" content=\"Av. Deniz Can K\u0131z\u0131l\" \/>\n<meta property=\"article:published_time\" content=\"2025-01-05T13:41:33+00:00\" \/>\n<meta name=\"twitter:card\" content=\"summary_large_image\" \/>\n<meta name=\"twitter:label1\" content=\"\u041f\u0440\u0438\u0431\u043b. \u0447\u0430\u0441 \u0447\u0438\u0442\u0430\u043d\u043d\u044f\" \/>\n\t<meta name=\"twitter:data1\" content=\"2 \u0445\u0432\u0438\u043b\u0438\u043d\u0438\" \/>\n<script type=\"application\/ld+json\" class=\"yoast-schema-graph\">{\"@context\":\"https:\/\/schema.org\",\"@graph\":[{\"@type\":\"Article\",\"@id\":\"https:\/\/denizcankizil.tr\/uk\/haberler\/gundem\/cumhurbaskani-erdogan-karadenizin-azmi-ile-calismaya-devam\/#article\",\"isPartOf\":{\"@id\":\"https:\/\/denizcankizil.tr\/uk\/haberler\/gundem\/cumhurbaskani-erdogan-karadenizin-azmi-ile-calismaya-devam\/\"},\"author\":{\"name\":\"\",\"@id\":\"\"},\"headline\":\"Cumhurba\u015fkan\u0131 Erdo\u011fan: Karadeniz&#8217;in azmi ile \u00e7al\u0131\u015fmaya devam\",\"datePublished\":\"2025-01-05T13:41:33+00:00\",\"mainEntityOfPage\":{\"@id\":\"https:\/\/denizcankizil.tr\/uk\/haberler\/gundem\/cumhurbaskani-erdogan-karadenizin-azmi-ile-calismaya-devam\/\"},\"wordCount\":483,\"commentCount\":0,\"publisher\":{\"@id\":\"https:\/\/denizcankizil.tr\/#organization\"},\"articleSection\":[\"G\u00fcndem\",\"Uncategorized\"],\"inLanguage\":\"uk\",\"potentialAction\":[{\"@type\":\"CommentAction\",\"name\":\"Comment\",\"target\":[\"https:\/\/denizcankizil.tr\/uk\/haberler\/gundem\/cumhurbaskani-erdogan-karadenizin-azmi-ile-calismaya-devam\/#respond\"]}]},{\"@type\":\"WebPage\",\"@id\":\"https:\/\/denizcankizil.tr\/uk\/haberler\/gundem\/cumhurbaskani-erdogan-karadenizin-azmi-ile-calismaya-devam\/\",\"url\":\"https:\/\/denizcankizil.tr\/uk\/haberler\/gundem\/cumhurbaskani-erdogan-karadenizin-azmi-ile-calismaya-devam\/\",\"name\":\"Cumhurba\u015fkan\u0131 Erdo\u011fan: Karadeniz'in azmi ile \u00e7al\u0131\u015fmaya devam - Av. Deniz Can K\u0131z\u0131l\",\"isPartOf\":{\"@id\":\"https:\/\/denizcankizil.tr\/#website\"},\"datePublished\":\"2025-01-05T13:41:33+00:00\",\"breadcrumb\":{\"@id\":\"https:\/\/denizcankizil.tr\/uk\/haberler\/gundem\/cumhurbaskani-erdogan-karadenizin-azmi-ile-calismaya-devam\/#breadcrumb\"},\"inLanguage\":\"uk\",\"potentialAction\":[{\"@type\":\"ReadAction\",\"target\":[\"https:\/\/denizcankizil.tr\/uk\/haberler\/gundem\/cumhurbaskani-erdogan-karadenizin-azmi-ile-calismaya-devam\/\"]}]},{\"@type\":\"BreadcrumbList\",\"@id\":\"https:\/\/denizcankizil.tr\/uk\/haberler\/gundem\/cumhurbaskani-erdogan-karadenizin-azmi-ile-calismaya-devam\/#breadcrumb\",\"itemListElement\":[{\"@type\":\"ListItem\",\"position\":1,\"name\":\"Home\",\"item\":\"https:\/\/denizcankizil.tr\/uk\/\"},{\"@type\":\"ListItem\",\"position\":2,\"name\":\"Cumhurba\u015fkan\u0131 Erdo\u011fan: Karadeniz&#8217;in azmi ile \u00e7al\u0131\u015fmaya devam\"}]},{\"@type\":\"WebSite\",\"@id\":\"https:\/\/denizcankizil.tr\/#website\",\"url\":\"https:\/\/denizcankizil.tr\/\",\"name\":\"Av. Deniz Can K\u0131z\u0131l\",\"description\":\"Avukat Deniz Can K\u0131z\u0131l Antalya Barosu\",\"publisher\":{\"@id\":\"https:\/\/denizcankizil.tr\/#organization\"},\"potentialAction\":[{\"@type\":\"SearchAction\",\"target\":{\"@type\":\"EntryPoint\",\"urlTemplate\":\"https:\/\/denizcankizil.tr\/?s={search_term_string}\"},\"query-input\":{\"@type\":\"PropertyValueSpecification\",\"valueRequired\":true,\"valueName\":\"search_term_string\"}}],\"inLanguage\":\"uk\"},{\"@type\":\"Organization\",\"@id\":\"https:\/\/denizcankizil.tr\/#organization\",\"name\":\"Av. Deniz Can K\u0131z\u0131l\",\"url\":\"https:\/\/denizcankizil.tr\/\",\"logo\":{\"@type\":\"ImageObject\",\"inLanguage\":\"uk\",\"@id\":\"https:\/\/denizcankizil.tr\/#\/schema\/logo\/image\/\",\"url\":\"https:\/\/denizcankizil.tr\/wp-content\/uploads\/2024\/10\/siyah-logo-svg.svg\",\"contentUrl\":\"https:\/\/denizcankizil.tr\/wp-content\/uploads\/2024\/10\/siyah-logo-svg.svg\",\"width\":1080,\"height\":1080,\"caption\":\"Av. Deniz Can K\u0131z\u0131l\"},\"image\":{\"@id\":\"https:\/\/denizcankizil.tr\/#\/schema\/logo\/image\/\"}}]}<\/script>\n<!-- \/ Yoast SEO Premium plugin. -->","yoast_head_json":{"title":"Cumhurba\u015fkan\u0131 Erdo\u011fan: Karadeniz'in azmi ile \u00e7al\u0131\u015fmaya devam - Av. Deniz Can K\u0131z\u0131l","robots":{"index":"index","follow":"follow","max-snippet":"max-snippet:-1","max-image-preview":"max-image-preview:large","max-video-preview":"max-video-preview:-1"},"canonical":"https:\/\/denizcankizil.tr\/uk\/haberler\/gundem\/cumhurbaskani-erdogan-karadenizin-azmi-ile-calismaya-devam\/","og_locale":"uk_UA","og_type":"article","og_title":"Cumhurba\u015fkan\u0131 Erdo\u011fan: Karadeniz'in azmi ile \u00e7al\u0131\u015fmaya devam","og_description":"Cumhurba\u015fkan\u0131 Recep Tayyip Erdo\u011fan, AK Parti Rize 8&#8217;inci Ola\u011fan \u0130l Kongresi&#8217;nde yeni d\u00f6neme kap\u0131 a\u00e7acaklar\u0131n\u0131n mesaj\u0131n\u0131 vererek, hedeflerinin AK Parti&#8217;yi se\u00e7imlerde yeniden y\u00fczde 50 band\u0131na \u00e7\u0131kartmak oldu\u011funu s\u00f6yledi.ANKARA (\u0130GFA) &#8211; Rize&#8217;ye olan sevgisini vurgulayan Cumhurba\u015fkan\u0131 ve AK Parti Genel Ba\u015fkan\u0131 Recep Tayyip Erdo\u011fan, &#8220;Rize&#8217;nin davas\u0131na olan sevdam\u0131z t\u00fckenmez.&#8221; dedi. Partisinin 8&#8217;inci ola\u011fan il kongresine kat\u0131lan Cumhurba\u015fkan\u0131 Erdo\u011fan, \u00fclkeye hizmet etme yolunda daha gidecek \u00e7ok yollar\u0131 oldu\u011funu belirterek, &#8220;Dosta d\u00fc\u015fmana kar\u015f\u0131 y\u00fcz\u00fcn\u00fcz\u00fc kara \u00e7\u0131karmad\u0131k. T\u00fcrkiye&#8217;yi d\u00fcnyan\u0131n en g\u00fc\u00e7l\u00fc \u00fclkelerinden biri haline getirdik. T\u00fcrkiye Y\u00fczy\u0131l\u0131&#8217;nda da Karadeniz azmi ile \u00e7al\u0131\u015fmaya devam edece\u011fiz&#8221; dedi. AK Parti Rize 8&#8217;inci Ola\u011fan \u0130l Kongresi https:\/\/t.co\/ILBsf1Gpr1\u2014 Recep Tayyip Erdo\u011fan (@RTErdogan) January 5, 2025 Erdo\u011fan, &#8220;Son d\u00f6nemde att\u0131\u011f\u0131m\u0131z her ad\u0131m T\u00fcrkiye Y\u00fczy\u0131l\u0131 yap\u0131 ta\u015flar\u0131 mahiyetindedir. Biz bunlar\u0131 s\u00f6ylerken birileri gibi palavra atm\u0131yoruz, tart\u0131\u015fmal\u0131 verilere dayanm\u0131yoruz. Birileri gibi emperyalistlerin bi\u00e7ti\u011fi rollere g\u00fcvenmiyoruz&#8221; dedi. Cumhurba\u015fkan\u0131 Recep Tayyip Erdo\u011fan, b\u00fcy\u00fck kongre ile birlikte yeni d\u00f6neme kap\u0131 a\u00e7acaklar\u0131n\u0131 belirterek, &#8220;Hedefimiz AK Parti&#8217;yi se\u00e7imlerde yeniden y\u00fczde 50 band\u0131na \u00e7\u0131kartmakt\u0131r&#8221; dedi. \u200bCumhurba\u015fkan\u0131 Recep Tayyip Erdo\u011fan, AK Parti Rize 8&#8217;inci Ola\u011fan \u0130l Kongresi&#8217;nde yeni d\u00f6neme kap\u0131 a\u00e7acaklar\u0131n\u0131n mesaj\u0131n\u0131 vererek, hedeflerinin AK Parti&#8217;yi se\u00e7imlerde yeniden y\u00fczde 50 band\u0131na \u00e7\u0131kartmak oldu\u011funu s\u00f6yledi.ANKARA (\u0130GFA) &#8211; Rize&#8217;ye olan sevgisini vurgulayan Cumhurba\u015fkan\u0131 ve AK Parti Genel Ba\u015fkan\u0131 Recep Tayyip Erdo\u011fan, &hellip;","og_url":"https:\/\/denizcankizil.tr\/uk\/haberler\/gundem\/cumhurbaskani-erdogan-karadenizin-azmi-ile-calismaya-devam\/","og_site_name":"Av. Deniz Can K\u0131z\u0131l","article_published_time":"2025-01-05T13:41:33+00:00","twitter_card":"summary_large_image","twitter_misc":{"\u041f\u0440\u0438\u0431\u043b. \u0447\u0430\u0441 \u0447\u0438\u0442\u0430\u043d\u043d\u044f":"2 \u0445\u0432\u0438\u043b\u0438\u043d\u0438"},"schema":{"@context":"https:\/\/schema.org","@graph":[{"@type":"Article","@id":"https:\/\/denizcankizil.tr\/uk\/haberler\/gundem\/cumhurbaskani-erdogan-karadenizin-azmi-ile-calismaya-devam\/#article","isPartOf":{"@id":"https:\/\/denizcankizil.tr\/uk\/haberler\/gundem\/cumhurbaskani-erdogan-karadenizin-azmi-ile-calismaya-devam\/"},"author":{"name":"","@id":""},"headline":"Cumhurba\u015fkan\u0131 Erdo\u011fan: Karadeniz&#8217;in azmi ile \u00e7al\u0131\u015fmaya devam","datePublished":"2025-01-05T13:41:33+00:00","mainEntityOfPage":{"@id":"https:\/\/denizcankizil.tr\/uk\/haberler\/gundem\/cumhurbaskani-erdogan-karadenizin-azmi-ile-calismaya-devam\/"},"wordCount":483,"commentCount":0,"publisher":{"@id":"https:\/\/denizcankizil.tr\/#organization"},"articleSection":["G\u00fcndem","Uncategorized"],"inLanguage":"uk","potentialAction":[{"@type":"CommentAction","name":"Comment","target":["https:\/\/denizcankizil.tr\/uk\/haberler\/gundem\/cumhurbaskani-erdogan-karadenizin-azmi-ile-calismaya-devam\/#respond"]}]},{"@type":"WebPage","@id":"https:\/\/denizcankizil.tr\/uk\/haberler\/gundem\/cumhurbaskani-erdogan-karadenizin-azmi-ile-calismaya-devam\/","url":"https:\/\/denizcankizil.tr\/uk\/haberler\/gundem\/cumhurbaskani-erdogan-karadenizin-azmi-ile-calismaya-devam\/","name":"Cumhurba\u015fkan\u0131 Erdo\u011fan: Karadeniz'in azmi ile \u00e7al\u0131\u015fmaya devam - Av. Deniz Can K\u0131z\u0131l","isPartOf":{"@id":"https:\/\/denizcankizil.tr\/#website"},"datePublished":"2025-01-05T13:41:33+00:00","breadcrumb":{"@id":"https:\/\/denizcankizil.tr\/uk\/haberler\/gundem\/cumhurbaskani-erdogan-karadenizin-azmi-ile-calismaya-devam\/#breadcrumb"},"inLanguage":"uk","potentialAction":[{"@type":"ReadAction","target":["https:\/\/denizcankizil.tr\/uk\/haberler\/gundem\/cumhurbaskani-erdogan-karadenizin-azmi-ile-calismaya-devam\/"]}]},{"@type":"BreadcrumbList","@id":"https:\/\/denizcankizil.tr\/uk\/haberler\/gundem\/cumhurbaskani-erdogan-karadenizin-azmi-ile-calismaya-devam\/#breadcrumb","itemListElement":[{"@type":"ListItem","position":1,"name":"Home","item":"https:\/\/denizcankizil.tr\/uk\/"},{"@type":"ListItem","position":2,"name":"Cumhurba\u015fkan\u0131 Erdo\u011fan: Karadeniz&#8217;in azmi ile \u00e7al\u0131\u015fmaya devam"}]},{"@type":"WebSite","@id":"https:\/\/denizcankizil.tr\/#website","url":"https:\/\/denizcankizil.tr\/","name":"Av. Deniz Can K\u0131z\u0131l","description":"Avukat Deniz Can K\u0131z\u0131l Antalya Barosu","publisher":{"@id":"https:\/\/denizcankizil.tr\/#organization"},"potentialAction":[{"@type":"SearchAction","target":{"@type":"EntryPoint","urlTemplate":"https:\/\/denizcankizil.tr\/?s={search_term_string}"},"query-input":{"@type":"PropertyValueSpecification","valueRequired":true,"valueName":"search_term_string"}}],"inLanguage":"uk"},{"@type":"Organization","@id":"https:\/\/denizcankizil.tr\/#organization","name":"Av. Deniz Can K\u0131z\u0131l","url":"https:\/\/denizcankizil.tr\/","logo":{"@type":"ImageObject","inLanguage":"uk","@id":"https:\/\/denizcankizil.tr\/#\/schema\/logo\/image\/","url":"https:\/\/denizcankizil.tr\/wp-content\/uploads\/2024\/10\/siyah-logo-svg.svg","contentUrl":"https:\/\/denizcankizil.tr\/wp-content\/uploads\/2024\/10\/siyah-logo-svg.svg","width":1080,"height":1080,"caption":"Av. Deniz Can K\u0131z\u0131l"},"image":{"@id":"https:\/\/denizcankizil.tr\/#\/schema\/logo\/image\/"}}]}},"_links":{"self":[{"href":"https:\/\/denizcankizil.tr\/uk\/wp-json\/wp\/v2\/posts\/23952","targetHints":{"allow":["GET"]}}],"collection":[{"href":"https:\/\/denizcankizil.tr\/uk\/wp-json\/wp\/v2\/posts"}],"about":[{"href":"https:\/\/denizcankizil.tr\/uk\/wp-json\/wp\/v2\/types\/post"}],"replies":[{"embeddable":true,"href":"https:\/\/denizcankizil.tr\/uk\/wp-json\/wp\/v2\/comments?post=23952"}],"version-history":[{"count":0,"href":"https:\/\/denizcankizil.tr\/uk\/wp-json\/wp\/v2\/posts\/23952\/revisions"}],"wp:attachment":[{"href":"https:\/\/denizcankizil.tr\/uk\/wp-json\/wp\/v2\/media?parent=23952"}],"wp:term":[{"taxonomy":"category","embeddable":true,"href":"https:\/\/denizcankizil.tr\/uk\/wp-json\/wp\/v2\/categories?post=23952"},{"taxonomy":"post_tag","embeddable":true,"href":"https:\/\/denizcankizil.tr\/uk\/wp-json\/wp\/v2\/tags?post=23952"}],"curies":[{"name":"wp","href":"https:\/\/api.w.org\/{rel}","templated":true}]}}