{"id":23779,"date":"2025-01-04T11:41:24","date_gmt":"2025-01-04T08:41:24","guid":{"rendered":"https:\/\/denizcankizil.tr\/uncategorized-tr\/kayip-alzheimer-hastasi-bulundu\/"},"modified":"2025-01-04T11:41:24","modified_gmt":"2025-01-04T08:41:24","slug":"kayip-alzheimer-hastasi-bulundu","status":"publish","type":"post","link":"https:\/\/denizcankizil.tr\/uk\/haberler\/antalya\/kayip-alzheimer-hastasi-bulundu\/","title":{"rendered":"Kay\u0131p Alzheimer hastas\u0131 bulundu"},"content":{"rendered":"<p>Serik&#8217;e ba\u011fl\u0131 Demirciler Mahallesi&#8217;nde ya\u015fayan Alzheimer hastas\u0131 Bayram Karak\u00f6k, d\u00fcn saat 09.00 s\u0131ralar\u0131nda evden ayr\u0131ld\u0131ktan sonra haber al\u0131namad\u0131. Kay\u0131p ihbar\u0131nda bulunulmas\u0131 \u00fczerine AFAD, Serik Merkez Jandarma Karakol Komutanl\u0131\u011f\u0131, Gebiz Jandarma Karakol Komutanl\u0131\u011f\u0131 ve Antalya \u0130l Jandarma \u0130z Takip ekipleri arama \u00e7al\u0131\u015fmalar\u0131 ba\u015flatt\u0131. Yap\u0131lan arama \u00e7al\u0131\u015fmalar\u0131 sonucunda Bayram Karak\u00f6k, kayboldu\u011fu mahallenin G\u00f6kkaya mevkisinde d\u00fcn saat 19.00 s\u0131ralar\u0131nda bulundu. Sa\u011fl\u0131k durumu iyi oldu\u011fu belirlenen Bayram Karak\u00f6k, ailesine teslim edildi.<\/p>\n<p>Kaynak: www.kanalv.com.tr Haber Sitesinden Al\u0131nm\u0131\u015ft\u0131r.<\/p>","protected":false},"excerpt":{"rendered":"<p>Serik&#8217;e ba\u011fl\u0131 Demirciler Mahallesi&#8217;nde ya\u015fayan Alzheimer hastas\u0131 Bayram Karak\u00f6k, d\u00fcn saat 09.00 s\u0131ralar\u0131nda evden ayr\u0131ld\u0131ktan sonra haber al\u0131namad\u0131. Kay\u0131p ihbar\u0131nda bulunulmas\u0131 \u00fczerine AFAD, Serik Merkez Jandarma Karakol Komutanl\u0131\u011f\u0131, Gebiz Jandarma Karakol Komutanl\u0131\u011f\u0131 ve Antalya \u0130l Jandarma \u0130z Takip ekipleri arama \u00e7al\u0131\u015fmalar\u0131 ba\u015flatt\u0131. Yap\u0131lan arama \u00e7al\u0131\u015fmalar\u0131 sonucunda Bayram Karak\u00f6k, kayboldu\u011fu mahallenin G\u00f6kkaya mevkisinde d\u00fcn saat 19.00 s\u0131ralar\u0131nda bulundu. Sa\u011fl\u0131k durumu iyi oldu\u011fu belirlenen Bayram Karak\u00f6k, ailesine teslim edildi. Kaynak: www.kanalv.com.tr Haber Sitesinden Al\u0131nm\u0131\u015ft\u0131r.<\/p>","protected":false},"author":0,"featured_media":23780,"comment_status":"open","ping_status":"open","sticky":false,"template":"","format":"standard","meta":{"_acf_changed":false,"footnotes":""},"categories":[26,535],"tags":[],"class_list":["post-23779","post","type-post","status-publish","format-standard","has-post-thumbnail","hentry","category-antalya","category-uncategorized-tr"],"acf":[],"yoast_head":"<!-- This site is optimized with the Yoast SEO Premium plugin v26.6 (Yoast SEO v27.1.1) - https:\/\/yoast.com\/product\/yoast-seo-premium-wordpress\/ -->\n<title>Kay\u0131p Alzheimer hastas\u0131 bulundu - Av. Deniz Can K\u0131z\u0131l<\/title>\n<meta name=\"robots\" content=\"index, follow, max-snippet:-1, max-image-preview:large, max-video-preview:-1\" \/>\n<link rel=\"canonical\" href=\"https:\/\/denizcankizil.tr\/uk\/haberler\/antalya\/kayip-alzheimer-hastasi-bulundu\/\" \/>\n<meta property=\"og:locale\" content=\"uk_UA\" \/>\n<meta property=\"og:type\" content=\"article\" \/>\n<meta property=\"og:title\" content=\"Kay\u0131p Alzheimer hastas\u0131 bulundu\" \/>\n<meta property=\"og:description\" content=\"Serik&#8217;e ba\u011fl\u0131 Demirciler Mahallesi&#8217;nde ya\u015fayan Alzheimer hastas\u0131 Bayram Karak\u00f6k, d\u00fcn saat 09.00 s\u0131ralar\u0131nda evden ayr\u0131ld\u0131ktan sonra haber al\u0131namad\u0131. Kay\u0131p ihbar\u0131nda bulunulmas\u0131 \u00fczerine AFAD, Serik Merkez Jandarma Karakol Komutanl\u0131\u011f\u0131, Gebiz Jandarma Karakol Komutanl\u0131\u011f\u0131 ve Antalya \u0130l Jandarma \u0130z Takip ekipleri arama \u00e7al\u0131\u015fmalar\u0131 ba\u015flatt\u0131. Yap\u0131lan arama \u00e7al\u0131\u015fmalar\u0131 sonucunda Bayram Karak\u00f6k, kayboldu\u011fu mahallenin G\u00f6kkaya mevkisinde d\u00fcn saat 19.00 s\u0131ralar\u0131nda bulundu. Sa\u011fl\u0131k durumu iyi oldu\u011fu belirlenen Bayram Karak\u00f6k, ailesine teslim edildi. Kaynak: www.kanalv.com.tr Haber Sitesinden Al\u0131nm\u0131\u015ft\u0131r.\" \/>\n<meta property=\"og:url\" content=\"https:\/\/denizcankizil.tr\/uk\/haberler\/antalya\/kayip-alzheimer-hastasi-bulundu\/\" \/>\n<meta property=\"og:site_name\" content=\"Av. Deniz Can K\u0131z\u0131l\" \/>\n<meta property=\"article:published_time\" content=\"2025-01-04T08:41:24+00:00\" \/>\n<meta property=\"og:image\" content=\"https:\/\/denizcankizil.tr\/wp-content\/uploads\/2025\/01\/4000-01-8EaUQL.jpeg\" \/>\n\t<meta property=\"og:image:width\" content=\"1280\" \/>\n\t<meta property=\"og:image:height\" content=\"720\" \/>\n\t<meta property=\"og:image:type\" content=\"image\/jpeg\" \/>\n<meta name=\"twitter:card\" content=\"summary_large_image\" \/>\n<meta name=\"twitter:label1\" content=\"\u041f\u0440\u0438\u0431\u043b. \u0447\u0430\u0441 \u0447\u0438\u0442\u0430\u043d\u043d\u044f\" \/>\n\t<meta name=\"twitter:data1\" content=\"1 \u0445\u0432\u0438\u043b\u0438\u043d\u0430\" \/>\n<script type=\"application\/ld+json\" class=\"yoast-schema-graph\">{\"@context\":\"https:\/\/schema.org\",\"@graph\":[{\"@type\":\"Article\",\"@id\":\"https:\/\/denizcankizil.tr\/uk\/haberler\/antalya\/kayip-alzheimer-hastasi-bulundu\/#article\",\"isPartOf\":{\"@id\":\"https:\/\/denizcankizil.tr\/uk\/haberler\/antalya\/kayip-alzheimer-hastasi-bulundu\/\"},\"author\":{\"name\":\"\",\"@id\":\"\"},\"headline\":\"Kay\u0131p Alzheimer hastas\u0131 bulundu\",\"datePublished\":\"2025-01-04T08:41:24+00:00\",\"mainEntityOfPage\":{\"@id\":\"https:\/\/denizcankizil.tr\/uk\/haberler\/antalya\/kayip-alzheimer-hastasi-bulundu\/\"},\"wordCount\":108,\"commentCount\":0,\"publisher\":{\"@id\":\"https:\/\/denizcankizil.tr\/de\/#organization\"},\"image\":{\"@id\":\"https:\/\/denizcankizil.tr\/uk\/haberler\/antalya\/kayip-alzheimer-hastasi-bulundu\/#primaryimage\"},\"thumbnailUrl\":\"https:\/\/denizcankizil.tr\/wp-content\/uploads\/2025\/01\/4000-01-8EaUQL.jpeg\",\"articleSection\":[\"Antalya\",\"Uncategorized\"],\"inLanguage\":\"uk\",\"potentialAction\":[{\"@type\":\"CommentAction\",\"name\":\"Comment\",\"target\":[\"https:\/\/denizcankizil.tr\/uk\/haberler\/antalya\/kayip-alzheimer-hastasi-bulundu\/#respond\"]}]},{\"@type\":\"WebPage\",\"@id\":\"https:\/\/denizcankizil.tr\/uk\/haberler\/antalya\/kayip-alzheimer-hastasi-bulundu\/\",\"url\":\"https:\/\/denizcankizil.tr\/uk\/haberler\/antalya\/kayip-alzheimer-hastasi-bulundu\/\",\"name\":\"Kay\u0131p Alzheimer hastas\u0131 bulundu - Av. Deniz Can K\u0131z\u0131l\",\"isPartOf\":{\"@id\":\"https:\/\/denizcankizil.tr\/de\/#website\"},\"primaryImageOfPage\":{\"@id\":\"https:\/\/denizcankizil.tr\/uk\/haberler\/antalya\/kayip-alzheimer-hastasi-bulundu\/#primaryimage\"},\"image\":{\"@id\":\"https:\/\/denizcankizil.tr\/uk\/haberler\/antalya\/kayip-alzheimer-hastasi-bulundu\/#primaryimage\"},\"thumbnailUrl\":\"https:\/\/denizcankizil.tr\/wp-content\/uploads\/2025\/01\/4000-01-8EaUQL.jpeg\",\"datePublished\":\"2025-01-04T08:41:24+00:00\",\"breadcrumb\":{\"@id\":\"https:\/\/denizcankizil.tr\/uk\/haberler\/antalya\/kayip-alzheimer-hastasi-bulundu\/#breadcrumb\"},\"inLanguage\":\"uk\",\"potentialAction\":[{\"@type\":\"ReadAction\",\"target\":[\"https:\/\/denizcankizil.tr\/uk\/haberler\/antalya\/kayip-alzheimer-hastasi-bulundu\/\"]}]},{\"@type\":\"ImageObject\",\"inLanguage\":\"uk\",\"@id\":\"https:\/\/denizcankizil.tr\/uk\/haberler\/antalya\/kayip-alzheimer-hastasi-bulundu\/#primaryimage\",\"url\":\"https:\/\/denizcankizil.tr\/wp-content\/uploads\/2025\/01\/4000-01-8EaUQL.jpeg\",\"contentUrl\":\"https:\/\/denizcankizil.tr\/wp-content\/uploads\/2025\/01\/4000-01-8EaUQL.jpeg\",\"width\":1280,\"height\":720},{\"@type\":\"BreadcrumbList\",\"@id\":\"https:\/\/denizcankizil.tr\/uk\/haberler\/antalya\/kayip-alzheimer-hastasi-bulundu\/#breadcrumb\",\"itemListElement\":[{\"@type\":\"ListItem\",\"position\":1,\"name\":\"Home\",\"item\":\"https:\/\/denizcankizil.tr\/de\/\"},{\"@type\":\"ListItem\",\"position\":2,\"name\":\"Kay\u0131p Alzheimer hastas\u0131 bulundu\"}]},{\"@type\":\"WebSite\",\"@id\":\"https:\/\/denizcankizil.tr\/de\/#website\",\"url\":\"https:\/\/denizcankizil.tr\/de\/\",\"name\":\"Av. Deniz Can K\u0131z\u0131l\",\"description\":\"Avukat Deniz Can K\u0131z\u0131l Antalya Barosu\",\"publisher\":{\"@id\":\"https:\/\/denizcankizil.tr\/de\/#organization\"},\"potentialAction\":[{\"@type\":\"SearchAction\",\"target\":{\"@type\":\"EntryPoint\",\"urlTemplate\":\"https:\/\/denizcankizil.tr\/de\/?s={search_term_string}\"},\"query-input\":{\"@type\":\"PropertyValueSpecification\",\"valueRequired\":true,\"valueName\":\"search_term_string\"}}],\"inLanguage\":\"uk\"},{\"@type\":\"Organization\",\"@id\":\"https:\/\/denizcankizil.tr\/de\/#organization\",\"name\":\"Av. Deniz Can K\u0131z\u0131l\",\"url\":\"https:\/\/denizcankizil.tr\/de\/\",\"logo\":{\"@type\":\"ImageObject\",\"inLanguage\":\"uk\",\"@id\":\"https:\/\/denizcankizil.tr\/de\/#\/schema\/logo\/image\/\",\"url\":\"https:\/\/denizcankizil.tr\/wp-content\/uploads\/2024\/10\/siyah-logo-svg.svg\",\"contentUrl\":\"https:\/\/denizcankizil.tr\/wp-content\/uploads\/2024\/10\/siyah-logo-svg.svg\",\"width\":1080,\"height\":1080,\"caption\":\"Av. Deniz Can K\u0131z\u0131l\"},\"image\":{\"@id\":\"https:\/\/denizcankizil.tr\/de\/#\/schema\/logo\/image\/\"}}]}<\/script>\n<!-- \/ Yoast SEO Premium plugin. -->","yoast_head_json":{"title":"Kay\u0131p Alzheimer hastas\u0131 bulundu - Av. Deniz Can K\u0131z\u0131l","robots":{"index":"index","follow":"follow","max-snippet":"max-snippet:-1","max-image-preview":"max-image-preview:large","max-video-preview":"max-video-preview:-1"},"canonical":"https:\/\/denizcankizil.tr\/uk\/haberler\/antalya\/kayip-alzheimer-hastasi-bulundu\/","og_locale":"uk_UA","og_type":"article","og_title":"Kay\u0131p Alzheimer hastas\u0131 bulundu","og_description":"Serik&#8217;e ba\u011fl\u0131 Demirciler Mahallesi&#8217;nde ya\u015fayan Alzheimer hastas\u0131 Bayram Karak\u00f6k, d\u00fcn saat 09.00 s\u0131ralar\u0131nda evden ayr\u0131ld\u0131ktan sonra haber al\u0131namad\u0131. Kay\u0131p ihbar\u0131nda bulunulmas\u0131 \u00fczerine AFAD, Serik Merkez Jandarma Karakol Komutanl\u0131\u011f\u0131, Gebiz Jandarma Karakol Komutanl\u0131\u011f\u0131 ve Antalya \u0130l Jandarma \u0130z Takip ekipleri arama \u00e7al\u0131\u015fmalar\u0131 ba\u015flatt\u0131. Yap\u0131lan arama \u00e7al\u0131\u015fmalar\u0131 sonucunda Bayram Karak\u00f6k, kayboldu\u011fu mahallenin G\u00f6kkaya mevkisinde d\u00fcn saat 19.00 s\u0131ralar\u0131nda bulundu. Sa\u011fl\u0131k durumu iyi oldu\u011fu belirlenen Bayram Karak\u00f6k, ailesine teslim edildi. Kaynak: www.kanalv.com.tr Haber Sitesinden Al\u0131nm\u0131\u015ft\u0131r.","og_url":"https:\/\/denizcankizil.tr\/uk\/haberler\/antalya\/kayip-alzheimer-hastasi-bulundu\/","og_site_name":"Av. Deniz Can K\u0131z\u0131l","article_published_time":"2025-01-04T08:41:24+00:00","og_image":[{"width":1280,"height":720,"url":"https:\/\/denizcankizil.tr\/wp-content\/uploads\/2025\/01\/4000-01-8EaUQL.jpeg","type":"image\/jpeg"}],"twitter_card":"summary_large_image","twitter_misc":{"\u041f\u0440\u0438\u0431\u043b. \u0447\u0430\u0441 \u0447\u0438\u0442\u0430\u043d\u043d\u044f":"1 \u0445\u0432\u0438\u043b\u0438\u043d\u0430"},"schema":{"@context":"https:\/\/schema.org","@graph":[{"@type":"Article","@id":"https:\/\/denizcankizil.tr\/uk\/haberler\/antalya\/kayip-alzheimer-hastasi-bulundu\/#article","isPartOf":{"@id":"https:\/\/denizcankizil.tr\/uk\/haberler\/antalya\/kayip-alzheimer-hastasi-bulundu\/"},"author":{"name":"","@id":""},"headline":"Kay\u0131p Alzheimer hastas\u0131 bulundu","datePublished":"2025-01-04T08:41:24+00:00","mainEntityOfPage":{"@id":"https:\/\/denizcankizil.tr\/uk\/haberler\/antalya\/kayip-alzheimer-hastasi-bulundu\/"},"wordCount":108,"commentCount":0,"publisher":{"@id":"https:\/\/denizcankizil.tr\/de\/#organization"},"image":{"@id":"https:\/\/denizcankizil.tr\/uk\/haberler\/antalya\/kayip-alzheimer-hastasi-bulundu\/#primaryimage"},"thumbnailUrl":"https:\/\/denizcankizil.tr\/wp-content\/uploads\/2025\/01\/4000-01-8EaUQL.jpeg","articleSection":["Antalya","Uncategorized"],"inLanguage":"uk","potentialAction":[{"@type":"CommentAction","name":"Comment","target":["https:\/\/denizcankizil.tr\/uk\/haberler\/antalya\/kayip-alzheimer-hastasi-bulundu\/#respond"]}]},{"@type":"WebPage","@id":"https:\/\/denizcankizil.tr\/uk\/haberler\/antalya\/kayip-alzheimer-hastasi-bulundu\/","url":"https:\/\/denizcankizil.tr\/uk\/haberler\/antalya\/kayip-alzheimer-hastasi-bulundu\/","name":"Kay\u0131p Alzheimer hastas\u0131 bulundu - Av. Deniz Can K\u0131z\u0131l","isPartOf":{"@id":"https:\/\/denizcankizil.tr\/de\/#website"},"primaryImageOfPage":{"@id":"https:\/\/denizcankizil.tr\/uk\/haberler\/antalya\/kayip-alzheimer-hastasi-bulundu\/#primaryimage"},"image":{"@id":"https:\/\/denizcankizil.tr\/uk\/haberler\/antalya\/kayip-alzheimer-hastasi-bulundu\/#primaryimage"},"thumbnailUrl":"https:\/\/denizcankizil.tr\/wp-content\/uploads\/2025\/01\/4000-01-8EaUQL.jpeg","datePublished":"2025-01-04T08:41:24+00:00","breadcrumb":{"@id":"https:\/\/denizcankizil.tr\/uk\/haberler\/antalya\/kayip-alzheimer-hastasi-bulundu\/#breadcrumb"},"inLanguage":"uk","potentialAction":[{"@type":"ReadAction","target":["https:\/\/denizcankizil.tr\/uk\/haberler\/antalya\/kayip-alzheimer-hastasi-bulundu\/"]}]},{"@type":"ImageObject","inLanguage":"uk","@id":"https:\/\/denizcankizil.tr\/uk\/haberler\/antalya\/kayip-alzheimer-hastasi-bulundu\/#primaryimage","url":"https:\/\/denizcankizil.tr\/wp-content\/uploads\/2025\/01\/4000-01-8EaUQL.jpeg","contentUrl":"https:\/\/denizcankizil.tr\/wp-content\/uploads\/2025\/01\/4000-01-8EaUQL.jpeg","width":1280,"height":720},{"@type":"BreadcrumbList","@id":"https:\/\/denizcankizil.tr\/uk\/haberler\/antalya\/kayip-alzheimer-hastasi-bulundu\/#breadcrumb","itemListElement":[{"@type":"ListItem","position":1,"name":"Home","item":"https:\/\/denizcankizil.tr\/de\/"},{"@type":"ListItem","position":2,"name":"Kay\u0131p Alzheimer hastas\u0131 bulundu"}]},{"@type":"WebSite","@id":"https:\/\/denizcankizil.tr\/de\/#website","url":"https:\/\/denizcankizil.tr\/de\/","name":"Av. Deniz Can K\u0131z\u0131l","description":"Avukat Deniz Can K\u0131z\u0131l Antalya Barosu","publisher":{"@id":"https:\/\/denizcankizil.tr\/de\/#organization"},"potentialAction":[{"@type":"SearchAction","target":{"@type":"EntryPoint","urlTemplate":"https:\/\/denizcankizil.tr\/de\/?s={search_term_string}"},"query-input":{"@type":"PropertyValueSpecification","valueRequired":true,"valueName":"search_term_string"}}],"inLanguage":"uk"},{"@type":"Organization","@id":"https:\/\/denizcankizil.tr\/de\/#organization","name":"Av. Deniz Can K\u0131z\u0131l","url":"https:\/\/denizcankizil.tr\/de\/","logo":{"@type":"ImageObject","inLanguage":"uk","@id":"https:\/\/denizcankizil.tr\/de\/#\/schema\/logo\/image\/","url":"https:\/\/denizcankizil.tr\/wp-content\/uploads\/2024\/10\/siyah-logo-svg.svg","contentUrl":"https:\/\/denizcankizil.tr\/wp-content\/uploads\/2024\/10\/siyah-logo-svg.svg","width":1080,"height":1080,"caption":"Av. Deniz Can K\u0131z\u0131l"},"image":{"@id":"https:\/\/denizcankizil.tr\/de\/#\/schema\/logo\/image\/"}}]}},"_links":{"self":[{"href":"https:\/\/denizcankizil.tr\/uk\/wp-json\/wp\/v2\/posts\/23779","targetHints":{"allow":["GET"]}}],"collection":[{"href":"https:\/\/denizcankizil.tr\/uk\/wp-json\/wp\/v2\/posts"}],"about":[{"href":"https:\/\/denizcankizil.tr\/uk\/wp-json\/wp\/v2\/types\/post"}],"replies":[{"embeddable":true,"href":"https:\/\/denizcankizil.tr\/uk\/wp-json\/wp\/v2\/comments?post=23779"}],"version-history":[{"count":0,"href":"https:\/\/denizcankizil.tr\/uk\/wp-json\/wp\/v2\/posts\/23779\/revisions"}],"wp:featuredmedia":[{"embeddable":true,"href":"https:\/\/denizcankizil.tr\/uk\/wp-json\/wp\/v2\/media\/23780"}],"wp:attachment":[{"href":"https:\/\/denizcankizil.tr\/uk\/wp-json\/wp\/v2\/media?parent=23779"}],"wp:term":[{"taxonomy":"category","embeddable":true,"href":"https:\/\/denizcankizil.tr\/uk\/wp-json\/wp\/v2\/categories?post=23779"},{"taxonomy":"post_tag","embeddable":true,"href":"https:\/\/denizcankizil.tr\/uk\/wp-json\/wp\/v2\/tags?post=23779"}],"curies":[{"name":"wp","href":"https:\/\/api.w.org\/{rel}","templated":true}]}}