{"id":23694,"date":"2025-01-03T19:41:23","date_gmt":"2025-01-03T16:41:23","guid":{"rendered":"https:\/\/denizcankizil.tr\/uncategorized-tr\/igc-yonetimi-ve-uyelerinden-rektore-ziyaret\/"},"modified":"2025-01-03T19:41:23","modified_gmt":"2025-01-03T16:41:23","slug":"igc-yonetimi-ve-uyelerinden-rektore-ziyaret","status":"publish","type":"post","link":"https:\/\/denizcankizil.tr\/uk\/haberler\/gundem\/igc-yonetimi-ve-uyelerinden-rektore-ziyaret\/","title":{"rendered":"\u0130GC Y\u00f6netimi ve \u00fcyelerinden Rekt\u00f6re ziyaret"},"content":{"rendered":"<p>\u0130GC Ba\u015fkan\u0131 Diyap Atar, y\u00f6netimi ile \u00fcyeleri \u0130STE Rekt\u00f6rl\u00fck Binas\u0131nda Rekt\u00f6r Prof. Dr. Mehmet Duruel, Rekt\u00f6r Yard\u0131mc\u0131s\u0131 Prof. Dr. Ahmet Yap\u0131c\u0131, Rekt\u00f6r Dan\u0131\u015fman\u0131 Hamit Bas\u0131k a\u011f\u0131rlad\u0131.<\/p>\n<p>Ziyarette \u0130GC y\u00f6netimi ile konuk bas\u0131n mensuplar\u0131 kendini ve yay\u0131n kurulu\u015flar\u0131n\u0131 tan\u0131tt\u0131, \u0130skenderun Teknik \u00dcniversitesi\u2019nin gen\u00e7 bir e\u011fitim kurumu olan \u00fcniversitenin k\u0131sa s\u00fcrede ald\u0131\u011f\u0131 yolu daha da ilerilere ta\u015f\u0131nmas\u0131nda her t\u00fcrl\u00fc deste\u011fe haz\u0131r olduklar\u0131n\u0131 ilettiler. \u00a0<\/p>\n<p>\u0130GC Ba\u015fkan\u0131 Diyap Atar, \u0130skenderun Gazeteciler Cemiyeti\u2019nin 1963 y\u0131l\u0131ndan buyana bas\u0131n sekt\u00f6r\u00fcne aral\u0131ks\u0131z hizmet veren \u00e7ok \u00f6nemli bir STK olarak g\u00f6rev yapt\u0131\u011f\u0131n\u0131, \u00fcyelerinin de halk\u0131n haber alma \u00f6zg\u00fcrl\u00fc\u011f\u00fcne b\u00fcy\u00fck bir \u00f6zveriyle katk\u0131 sundu\u011funu s\u00f6yledi.<\/p>\n<p>\u0130STE \u0130skenderun Teknik \u00dcniversitesi Rekt\u00f6r\u00fc Mehmet Duruel de, Bas\u0131n, \u00f6zellikle yerel bas\u0131n\u0131n kendileri a\u00e7\u0131s\u0131ndan en \u00f6nemli payda\u015flardan birisi oldu\u011funun alt\u0131n\u0131 \u00e7izerek \u201cBiz, \u00fcniversite y\u00f6netimimizde bas\u0131n\u0131 bir bu alanda \u00f6nemli bir akt\u00f6r olarak da g\u00f6r\u00fcyor, k\u0131ymetli buluyoruz\u201d dedi.<\/p>\n<p>Yapt\u0131klar\u0131 hizmetlerin gerek bilinmesi, gerekse \u00f6\u011frencilere \u00f6\u011frenci ailelerine tan\u0131t\u0131lmas\u0131, a\u00e7\u0131s\u0131ndan bas\u0131n\u0131n yapt\u0131\u011f\u0131 hizmetin son derece k\u0131ymetli oldu\u011funu vurgulayan Rekt\u00f6r Duruel \u201cBu anlamda sizlerin do\u011fru bilgilendirilmesi, do\u011fru haberleri do\u011fru kanallarla iletilmesi bizim i\u00e7in \u00f6nceliklerimiz aras\u0131nda olacak. Yeniyiz, tan\u0131\u015faca\u011f\u0131z, \u00fcmit ediyorum ilerleyen s\u00fcre\u00e7lerde \u00e7ok daha yak\u0131n ili\u015fki i\u00e7erisinde hem \u00fcniversitemizde hem Memleketimizde, hizmet etme \u015fans\u0131n\u0131 yakalayaca\u011f\u0131z. Biz, sizlerle de i\u00e7 i\u00e7e olmaya haz\u0131r\u0131z. Sizden de Bizlerle beraber y\u00fcr\u00fcmeyi arzu ediyoruz. Tavsiye ediyoruz. \u00d6neriyoruz rica ediyoruz\u201d diye konu\u015ftu.<\/p>\n<p>\u200b\u0130skenderun Gazeteciler Cemiyeti Y\u00f6netimi ile \u00fcyeleri \u0130STE \u0130skenderun Teknik \u00dcniversitesi Rekt\u00f6rl\u00fc\u011f\u00fc g\u00f6revine atanan Prof. Dr. Mehmet Duruel\u2019i ziyaret etti.\u00a0<\/p>\n<p>\u200bHaberin Al\u0131nt\u0131land\u0131\u011f\u0131 Kaynak: www.iskenderun.org<\/p>","protected":false},"excerpt":{"rendered":"<p>\u0130GC Ba\u015fkan\u0131 Diyap Atar, y\u00f6netimi ile \u00fcyeleri \u0130STE Rekt\u00f6rl\u00fck Binas\u0131nda Rekt\u00f6r Prof. Dr. Mehmet Duruel, Rekt\u00f6r Yard\u0131mc\u0131s\u0131 Prof. Dr. Ahmet Yap\u0131c\u0131, Rekt\u00f6r Dan\u0131\u015fman\u0131 Hamit Bas\u0131k a\u011f\u0131rlad\u0131. Ziyarette \u0130GC y\u00f6netimi ile konuk bas\u0131n mensuplar\u0131 kendini ve yay\u0131n kurulu\u015flar\u0131n\u0131 tan\u0131tt\u0131, \u0130skenderun Teknik \u00dcniversitesi\u2019nin gen\u00e7 bir e\u011fitim kurumu olan \u00fcniversitenin k\u0131sa s\u00fcrede ald\u0131\u011f\u0131 yolu daha da ilerilere ta\u015f\u0131nmas\u0131nda her t\u00fcrl\u00fc deste\u011fe haz\u0131r olduklar\u0131n\u0131 ilettiler. \u00a0 \u0130GC Ba\u015fkan\u0131 Diyap Atar, \u0130skenderun Gazeteciler Cemiyeti\u2019nin 1963 y\u0131l\u0131ndan buyana bas\u0131n sekt\u00f6r\u00fcne aral\u0131ks\u0131z hizmet veren \u00e7ok \u00f6nemli bir STK olarak g\u00f6rev yapt\u0131\u011f\u0131n\u0131, \u00fcyelerinin de halk\u0131n haber alma \u00f6zg\u00fcrl\u00fc\u011f\u00fcne b\u00fcy\u00fck bir \u00f6zveriyle katk\u0131 sundu\u011funu s\u00f6yledi. \u0130STE \u0130skenderun Teknik \u00dcniversitesi Rekt\u00f6r\u00fc Mehmet Duruel de, Bas\u0131n, \u00f6zellikle yerel bas\u0131n\u0131n kendileri a\u00e7\u0131s\u0131ndan en \u00f6nemli payda\u015flardan birisi oldu\u011funun alt\u0131n\u0131 \u00e7izerek \u201cBiz, \u00fcniversite y\u00f6netimimizde bas\u0131n\u0131 bir bu alanda \u00f6nemli bir akt\u00f6r olarak da g\u00f6r\u00fcyor, k\u0131ymetli buluyoruz\u201d dedi. Yapt\u0131klar\u0131 hizmetlerin gerek bilinmesi, gerekse \u00f6\u011frencilere \u00f6\u011frenci ailelerine tan\u0131t\u0131lmas\u0131, a\u00e7\u0131s\u0131ndan bas\u0131n\u0131n yapt\u0131\u011f\u0131 hizmetin son derece k\u0131ymetli oldu\u011funu vurgulayan Rekt\u00f6r Duruel \u201cBu anlamda sizlerin do\u011fru bilgilendirilmesi, do\u011fru haberleri do\u011fru kanallarla iletilmesi bizim i\u00e7in \u00f6nceliklerimiz aras\u0131nda olacak. Yeniyiz, tan\u0131\u015faca\u011f\u0131z, \u00fcmit ediyorum ilerleyen s\u00fcre\u00e7lerde \u00e7ok daha yak\u0131n ili\u015fki i\u00e7erisinde hem \u00fcniversitemizde hem Memleketimizde, hizmet etme \u015fans\u0131n\u0131 yakalayaca\u011f\u0131z. Biz, sizlerle de i\u00e7 i\u00e7e olmaya haz\u0131r\u0131z. Sizden de Bizlerle beraber y\u00fcr\u00fcmeyi arzu &hellip;<\/p>","protected":false},"author":0,"featured_media":0,"comment_status":"open","ping_status":"open","sticky":false,"template":"","format":"standard","meta":{"_acf_changed":false,"footnotes":""},"categories":[24,535],"tags":[],"class_list":["post-23694","post","type-post","status-publish","format-standard","has-post-thumbnail","hentry","category-gundem","category-uncategorized-tr"],"acf":[],"yoast_head":"<!-- This site is optimized with the Yoast SEO Premium plugin v26.6 (Yoast SEO v27.1.1) - https:\/\/yoast.com\/product\/yoast-seo-premium-wordpress\/ -->\n<title>\u0130GC Y\u00f6netimi ve \u00fcyelerinden Rekt\u00f6re ziyaret - Av. Deniz Can K\u0131z\u0131l<\/title>\n<meta name=\"robots\" content=\"index, follow, max-snippet:-1, max-image-preview:large, max-video-preview:-1\" \/>\n<link rel=\"canonical\" href=\"https:\/\/denizcankizil.tr\/uk\/haberler\/gundem\/igc-yonetimi-ve-uyelerinden-rektore-ziyaret\/\" \/>\n<meta property=\"og:locale\" content=\"uk_UA\" \/>\n<meta property=\"og:type\" content=\"article\" \/>\n<meta property=\"og:title\" content=\"\u0130GC Y\u00f6netimi ve \u00fcyelerinden Rekt\u00f6re ziyaret\" \/>\n<meta property=\"og:description\" content=\"\u0130GC Ba\u015fkan\u0131 Diyap Atar, y\u00f6netimi ile \u00fcyeleri \u0130STE Rekt\u00f6rl\u00fck Binas\u0131nda Rekt\u00f6r Prof. Dr. Mehmet Duruel, Rekt\u00f6r Yard\u0131mc\u0131s\u0131 Prof. Dr. Ahmet Yap\u0131c\u0131, Rekt\u00f6r Dan\u0131\u015fman\u0131 Hamit Bas\u0131k a\u011f\u0131rlad\u0131. Ziyarette \u0130GC y\u00f6netimi ile konuk bas\u0131n mensuplar\u0131 kendini ve yay\u0131n kurulu\u015flar\u0131n\u0131 tan\u0131tt\u0131, \u0130skenderun Teknik \u00dcniversitesi\u2019nin gen\u00e7 bir e\u011fitim kurumu olan \u00fcniversitenin k\u0131sa s\u00fcrede ald\u0131\u011f\u0131 yolu daha da ilerilere ta\u015f\u0131nmas\u0131nda her t\u00fcrl\u00fc deste\u011fe haz\u0131r olduklar\u0131n\u0131 ilettiler. \u00a0 \u0130GC Ba\u015fkan\u0131 Diyap Atar, \u0130skenderun Gazeteciler Cemiyeti\u2019nin 1963 y\u0131l\u0131ndan buyana bas\u0131n sekt\u00f6r\u00fcne aral\u0131ks\u0131z hizmet veren \u00e7ok \u00f6nemli bir STK olarak g\u00f6rev yapt\u0131\u011f\u0131n\u0131, \u00fcyelerinin de halk\u0131n haber alma \u00f6zg\u00fcrl\u00fc\u011f\u00fcne b\u00fcy\u00fck bir \u00f6zveriyle katk\u0131 sundu\u011funu s\u00f6yledi. \u0130STE \u0130skenderun Teknik \u00dcniversitesi Rekt\u00f6r\u00fc Mehmet Duruel de, Bas\u0131n, \u00f6zellikle yerel bas\u0131n\u0131n kendileri a\u00e7\u0131s\u0131ndan en \u00f6nemli payda\u015flardan birisi oldu\u011funun alt\u0131n\u0131 \u00e7izerek \u201cBiz, \u00fcniversite y\u00f6netimimizde bas\u0131n\u0131 bir bu alanda \u00f6nemli bir akt\u00f6r olarak da g\u00f6r\u00fcyor, k\u0131ymetli buluyoruz\u201d dedi. Yapt\u0131klar\u0131 hizmetlerin gerek bilinmesi, gerekse \u00f6\u011frencilere \u00f6\u011frenci ailelerine tan\u0131t\u0131lmas\u0131, a\u00e7\u0131s\u0131ndan bas\u0131n\u0131n yapt\u0131\u011f\u0131 hizmetin son derece k\u0131ymetli oldu\u011funu vurgulayan Rekt\u00f6r Duruel \u201cBu anlamda sizlerin do\u011fru bilgilendirilmesi, do\u011fru haberleri do\u011fru kanallarla iletilmesi bizim i\u00e7in \u00f6nceliklerimiz aras\u0131nda olacak. Yeniyiz, tan\u0131\u015faca\u011f\u0131z, \u00fcmit ediyorum ilerleyen s\u00fcre\u00e7lerde \u00e7ok daha yak\u0131n ili\u015fki i\u00e7erisinde hem \u00fcniversitemizde hem Memleketimizde, hizmet etme \u015fans\u0131n\u0131 yakalayaca\u011f\u0131z. Biz, sizlerle de i\u00e7 i\u00e7e olmaya haz\u0131r\u0131z. Sizden de Bizlerle beraber y\u00fcr\u00fcmeyi arzu &hellip;\" \/>\n<meta property=\"og:url\" content=\"https:\/\/denizcankizil.tr\/uk\/haberler\/gundem\/igc-yonetimi-ve-uyelerinden-rektore-ziyaret\/\" \/>\n<meta property=\"og:site_name\" content=\"Av. Deniz Can K\u0131z\u0131l\" \/>\n<meta property=\"article:published_time\" content=\"2025-01-03T16:41:23+00:00\" \/>\n<meta name=\"twitter:card\" content=\"summary_large_image\" \/>\n<meta name=\"twitter:label1\" content=\"\u041f\u0440\u0438\u0431\u043b. \u0447\u0430\u0441 \u0447\u0438\u0442\u0430\u043d\u043d\u044f\" \/>\n\t<meta name=\"twitter:data1\" content=\"2 \u0445\u0432\u0438\u043b\u0438\u043d\u0438\" \/>\n<script type=\"application\/ld+json\" class=\"yoast-schema-graph\">{\"@context\":\"https:\/\/schema.org\",\"@graph\":[{\"@type\":\"Article\",\"@id\":\"https:\/\/denizcankizil.tr\/ru\/haberler\/gundem\/igc-yonetimi-ve-uyelerinden-rektore-ziyaret\/#article\",\"isPartOf\":{\"@id\":\"https:\/\/denizcankizil.tr\/ru\/haberler\/gundem\/igc-yonetimi-ve-uyelerinden-rektore-ziyaret\/\"},\"author\":{\"name\":\"\",\"@id\":\"\"},\"headline\":\"\u0130GC Y\u00f6netimi ve \u00fcyelerinden Rekt\u00f6re ziyaret\",\"datePublished\":\"2025-01-03T16:41:23+00:00\",\"mainEntityOfPage\":{\"@id\":\"https:\/\/denizcankizil.tr\/ru\/haberler\/gundem\/igc-yonetimi-ve-uyelerinden-rektore-ziyaret\/\"},\"wordCount\":338,\"commentCount\":0,\"publisher\":{\"@id\":\"https:\/\/denizcankizil.tr\/de\/#organization\"},\"articleSection\":[\"G\u00fcndem\",\"Uncategorized\"],\"inLanguage\":\"uk\",\"potentialAction\":[{\"@type\":\"CommentAction\",\"name\":\"Comment\",\"target\":[\"https:\/\/denizcankizil.tr\/ru\/haberler\/gundem\/igc-yonetimi-ve-uyelerinden-rektore-ziyaret\/#respond\"]}]},{\"@type\":\"WebPage\",\"@id\":\"https:\/\/denizcankizil.tr\/ru\/haberler\/gundem\/igc-yonetimi-ve-uyelerinden-rektore-ziyaret\/\",\"url\":\"https:\/\/denizcankizil.tr\/ru\/haberler\/gundem\/igc-yonetimi-ve-uyelerinden-rektore-ziyaret\/\",\"name\":\"\u0130GC Y\u00f6netimi ve \u00fcyelerinden Rekt\u00f6re ziyaret - Av. Deniz Can K\u0131z\u0131l\",\"isPartOf\":{\"@id\":\"https:\/\/denizcankizil.tr\/de\/#website\"},\"datePublished\":\"2025-01-03T16:41:23+00:00\",\"breadcrumb\":{\"@id\":\"https:\/\/denizcankizil.tr\/ru\/haberler\/gundem\/igc-yonetimi-ve-uyelerinden-rektore-ziyaret\/#breadcrumb\"},\"inLanguage\":\"uk\",\"potentialAction\":[{\"@type\":\"ReadAction\",\"target\":[\"https:\/\/denizcankizil.tr\/ru\/haberler\/gundem\/igc-yonetimi-ve-uyelerinden-rektore-ziyaret\/\"]}]},{\"@type\":\"BreadcrumbList\",\"@id\":\"https:\/\/denizcankizil.tr\/ru\/haberler\/gundem\/igc-yonetimi-ve-uyelerinden-rektore-ziyaret\/#breadcrumb\",\"itemListElement\":[{\"@type\":\"ListItem\",\"position\":1,\"name\":\"Home\",\"item\":\"https:\/\/denizcankizil.tr\/de\/\"},{\"@type\":\"ListItem\",\"position\":2,\"name\":\"\u0130GC Y\u00f6netimi ve \u00fcyelerinden Rekt\u00f6re ziyaret\"}]},{\"@type\":\"WebSite\",\"@id\":\"https:\/\/denizcankizil.tr\/de\/#website\",\"url\":\"https:\/\/denizcankizil.tr\/de\/\",\"name\":\"Av. Deniz Can K\u0131z\u0131l\",\"description\":\"Avukat Deniz Can K\u0131z\u0131l Antalya Barosu\",\"publisher\":{\"@id\":\"https:\/\/denizcankizil.tr\/de\/#organization\"},\"potentialAction\":[{\"@type\":\"SearchAction\",\"target\":{\"@type\":\"EntryPoint\",\"urlTemplate\":\"https:\/\/denizcankizil.tr\/de\/?s={search_term_string}\"},\"query-input\":{\"@type\":\"PropertyValueSpecification\",\"valueRequired\":true,\"valueName\":\"search_term_string\"}}],\"inLanguage\":\"uk\"},{\"@type\":\"Organization\",\"@id\":\"https:\/\/denizcankizil.tr\/de\/#organization\",\"name\":\"Av. Deniz Can K\u0131z\u0131l\",\"url\":\"https:\/\/denizcankizil.tr\/de\/\",\"logo\":{\"@type\":\"ImageObject\",\"inLanguage\":\"uk\",\"@id\":\"https:\/\/denizcankizil.tr\/de\/#\/schema\/logo\/image\/\",\"url\":\"https:\/\/denizcankizil.tr\/wp-content\/uploads\/2024\/10\/siyah-logo-svg.svg\",\"contentUrl\":\"https:\/\/denizcankizil.tr\/wp-content\/uploads\/2024\/10\/siyah-logo-svg.svg\",\"width\":1080,\"height\":1080,\"caption\":\"Av. Deniz Can K\u0131z\u0131l\"},\"image\":{\"@id\":\"https:\/\/denizcankizil.tr\/de\/#\/schema\/logo\/image\/\"}}]}<\/script>\n<!-- \/ Yoast SEO Premium plugin. -->","yoast_head_json":{"title":"\u0130GC Y\u00f6netimi ve \u00fcyelerinden Rekt\u00f6re ziyaret - Av. Deniz Can K\u0131z\u0131l","robots":{"index":"index","follow":"follow","max-snippet":"max-snippet:-1","max-image-preview":"max-image-preview:large","max-video-preview":"max-video-preview:-1"},"canonical":"https:\/\/denizcankizil.tr\/uk\/haberler\/gundem\/igc-yonetimi-ve-uyelerinden-rektore-ziyaret\/","og_locale":"uk_UA","og_type":"article","og_title":"\u0130GC Y\u00f6netimi ve \u00fcyelerinden Rekt\u00f6re ziyaret","og_description":"\u0130GC Ba\u015fkan\u0131 Diyap Atar, y\u00f6netimi ile \u00fcyeleri \u0130STE Rekt\u00f6rl\u00fck Binas\u0131nda Rekt\u00f6r Prof. Dr. Mehmet Duruel, Rekt\u00f6r Yard\u0131mc\u0131s\u0131 Prof. Dr. Ahmet Yap\u0131c\u0131, Rekt\u00f6r Dan\u0131\u015fman\u0131 Hamit Bas\u0131k a\u011f\u0131rlad\u0131. Ziyarette \u0130GC y\u00f6netimi ile konuk bas\u0131n mensuplar\u0131 kendini ve yay\u0131n kurulu\u015flar\u0131n\u0131 tan\u0131tt\u0131, \u0130skenderun Teknik \u00dcniversitesi\u2019nin gen\u00e7 bir e\u011fitim kurumu olan \u00fcniversitenin k\u0131sa s\u00fcrede ald\u0131\u011f\u0131 yolu daha da ilerilere ta\u015f\u0131nmas\u0131nda her t\u00fcrl\u00fc deste\u011fe haz\u0131r olduklar\u0131n\u0131 ilettiler. \u00a0 \u0130GC Ba\u015fkan\u0131 Diyap Atar, \u0130skenderun Gazeteciler Cemiyeti\u2019nin 1963 y\u0131l\u0131ndan buyana bas\u0131n sekt\u00f6r\u00fcne aral\u0131ks\u0131z hizmet veren \u00e7ok \u00f6nemli bir STK olarak g\u00f6rev yapt\u0131\u011f\u0131n\u0131, \u00fcyelerinin de halk\u0131n haber alma \u00f6zg\u00fcrl\u00fc\u011f\u00fcne b\u00fcy\u00fck bir \u00f6zveriyle katk\u0131 sundu\u011funu s\u00f6yledi. \u0130STE \u0130skenderun Teknik \u00dcniversitesi Rekt\u00f6r\u00fc Mehmet Duruel de, Bas\u0131n, \u00f6zellikle yerel bas\u0131n\u0131n kendileri a\u00e7\u0131s\u0131ndan en \u00f6nemli payda\u015flardan birisi oldu\u011funun alt\u0131n\u0131 \u00e7izerek \u201cBiz, \u00fcniversite y\u00f6netimimizde bas\u0131n\u0131 bir bu alanda \u00f6nemli bir akt\u00f6r olarak da g\u00f6r\u00fcyor, k\u0131ymetli buluyoruz\u201d dedi. Yapt\u0131klar\u0131 hizmetlerin gerek bilinmesi, gerekse \u00f6\u011frencilere \u00f6\u011frenci ailelerine tan\u0131t\u0131lmas\u0131, a\u00e7\u0131s\u0131ndan bas\u0131n\u0131n yapt\u0131\u011f\u0131 hizmetin son derece k\u0131ymetli oldu\u011funu vurgulayan Rekt\u00f6r Duruel \u201cBu anlamda sizlerin do\u011fru bilgilendirilmesi, do\u011fru haberleri do\u011fru kanallarla iletilmesi bizim i\u00e7in \u00f6nceliklerimiz aras\u0131nda olacak. Yeniyiz, tan\u0131\u015faca\u011f\u0131z, \u00fcmit ediyorum ilerleyen s\u00fcre\u00e7lerde \u00e7ok daha yak\u0131n ili\u015fki i\u00e7erisinde hem \u00fcniversitemizde hem Memleketimizde, hizmet etme \u015fans\u0131n\u0131 yakalayaca\u011f\u0131z. Biz, sizlerle de i\u00e7 i\u00e7e olmaya haz\u0131r\u0131z. Sizden de Bizlerle beraber y\u00fcr\u00fcmeyi arzu &hellip;","og_url":"https:\/\/denizcankizil.tr\/uk\/haberler\/gundem\/igc-yonetimi-ve-uyelerinden-rektore-ziyaret\/","og_site_name":"Av. Deniz Can K\u0131z\u0131l","article_published_time":"2025-01-03T16:41:23+00:00","twitter_card":"summary_large_image","twitter_misc":{"\u041f\u0440\u0438\u0431\u043b. \u0447\u0430\u0441 \u0447\u0438\u0442\u0430\u043d\u043d\u044f":"2 \u0445\u0432\u0438\u043b\u0438\u043d\u0438"},"schema":{"@context":"https:\/\/schema.org","@graph":[{"@type":"Article","@id":"https:\/\/denizcankizil.tr\/ru\/haberler\/gundem\/igc-yonetimi-ve-uyelerinden-rektore-ziyaret\/#article","isPartOf":{"@id":"https:\/\/denizcankizil.tr\/ru\/haberler\/gundem\/igc-yonetimi-ve-uyelerinden-rektore-ziyaret\/"},"author":{"name":"","@id":""},"headline":"\u0130GC Y\u00f6netimi ve \u00fcyelerinden Rekt\u00f6re ziyaret","datePublished":"2025-01-03T16:41:23+00:00","mainEntityOfPage":{"@id":"https:\/\/denizcankizil.tr\/ru\/haberler\/gundem\/igc-yonetimi-ve-uyelerinden-rektore-ziyaret\/"},"wordCount":338,"commentCount":0,"publisher":{"@id":"https:\/\/denizcankizil.tr\/de\/#organization"},"articleSection":["G\u00fcndem","Uncategorized"],"inLanguage":"uk","potentialAction":[{"@type":"CommentAction","name":"Comment","target":["https:\/\/denizcankizil.tr\/ru\/haberler\/gundem\/igc-yonetimi-ve-uyelerinden-rektore-ziyaret\/#respond"]}]},{"@type":"WebPage","@id":"https:\/\/denizcankizil.tr\/ru\/haberler\/gundem\/igc-yonetimi-ve-uyelerinden-rektore-ziyaret\/","url":"https:\/\/denizcankizil.tr\/ru\/haberler\/gundem\/igc-yonetimi-ve-uyelerinden-rektore-ziyaret\/","name":"\u0130GC Y\u00f6netimi ve \u00fcyelerinden Rekt\u00f6re ziyaret - Av. Deniz Can K\u0131z\u0131l","isPartOf":{"@id":"https:\/\/denizcankizil.tr\/de\/#website"},"datePublished":"2025-01-03T16:41:23+00:00","breadcrumb":{"@id":"https:\/\/denizcankizil.tr\/ru\/haberler\/gundem\/igc-yonetimi-ve-uyelerinden-rektore-ziyaret\/#breadcrumb"},"inLanguage":"uk","potentialAction":[{"@type":"ReadAction","target":["https:\/\/denizcankizil.tr\/ru\/haberler\/gundem\/igc-yonetimi-ve-uyelerinden-rektore-ziyaret\/"]}]},{"@type":"BreadcrumbList","@id":"https:\/\/denizcankizil.tr\/ru\/haberler\/gundem\/igc-yonetimi-ve-uyelerinden-rektore-ziyaret\/#breadcrumb","itemListElement":[{"@type":"ListItem","position":1,"name":"Home","item":"https:\/\/denizcankizil.tr\/de\/"},{"@type":"ListItem","position":2,"name":"\u0130GC Y\u00f6netimi ve \u00fcyelerinden Rekt\u00f6re ziyaret"}]},{"@type":"WebSite","@id":"https:\/\/denizcankizil.tr\/de\/#website","url":"https:\/\/denizcankizil.tr\/de\/","name":"Av. Deniz Can K\u0131z\u0131l","description":"Avukat Deniz Can K\u0131z\u0131l Antalya Barosu","publisher":{"@id":"https:\/\/denizcankizil.tr\/de\/#organization"},"potentialAction":[{"@type":"SearchAction","target":{"@type":"EntryPoint","urlTemplate":"https:\/\/denizcankizil.tr\/de\/?s={search_term_string}"},"query-input":{"@type":"PropertyValueSpecification","valueRequired":true,"valueName":"search_term_string"}}],"inLanguage":"uk"},{"@type":"Organization","@id":"https:\/\/denizcankizil.tr\/de\/#organization","name":"Av. Deniz Can K\u0131z\u0131l","url":"https:\/\/denizcankizil.tr\/de\/","logo":{"@type":"ImageObject","inLanguage":"uk","@id":"https:\/\/denizcankizil.tr\/de\/#\/schema\/logo\/image\/","url":"https:\/\/denizcankizil.tr\/wp-content\/uploads\/2024\/10\/siyah-logo-svg.svg","contentUrl":"https:\/\/denizcankizil.tr\/wp-content\/uploads\/2024\/10\/siyah-logo-svg.svg","width":1080,"height":1080,"caption":"Av. Deniz Can K\u0131z\u0131l"},"image":{"@id":"https:\/\/denizcankizil.tr\/de\/#\/schema\/logo\/image\/"}}]}},"_links":{"self":[{"href":"https:\/\/denizcankizil.tr\/uk\/wp-json\/wp\/v2\/posts\/23694","targetHints":{"allow":["GET"]}}],"collection":[{"href":"https:\/\/denizcankizil.tr\/uk\/wp-json\/wp\/v2\/posts"}],"about":[{"href":"https:\/\/denizcankizil.tr\/uk\/wp-json\/wp\/v2\/types\/post"}],"replies":[{"embeddable":true,"href":"https:\/\/denizcankizil.tr\/uk\/wp-json\/wp\/v2\/comments?post=23694"}],"version-history":[{"count":0,"href":"https:\/\/denizcankizil.tr\/uk\/wp-json\/wp\/v2\/posts\/23694\/revisions"}],"wp:attachment":[{"href":"https:\/\/denizcankizil.tr\/uk\/wp-json\/wp\/v2\/media?parent=23694"}],"wp:term":[{"taxonomy":"category","embeddable":true,"href":"https:\/\/denizcankizil.tr\/uk\/wp-json\/wp\/v2\/categories?post=23694"},{"taxonomy":"post_tag","embeddable":true,"href":"https:\/\/denizcankizil.tr\/uk\/wp-json\/wp\/v2\/tags?post=23694"}],"curies":[{"name":"wp","href":"https:\/\/api.w.org\/{rel}","templated":true}]}}