{"id":23445,"date":"2025-01-02T13:41:46","date_gmt":"2025-01-02T10:41:46","guid":{"rendered":"https:\/\/denizcankizil.tr\/uncategorized-tr\/antalyada-balikcilara-yonelik-buyuk-denetim\/"},"modified":"2025-01-02T13:41:46","modified_gmt":"2025-01-02T10:41:46","slug":"antalyada-balikcilara-yonelik-buyuk-denetim","status":"publish","type":"post","link":"https:\/\/denizcankizil.tr\/uk\/haberler\/gundem\/antalyada-balikcilara-yonelik-buyuk-denetim\/","title":{"rendered":"Antalya\u2019da bal\u0131k\u00e7\u0131lara y\u00f6nelik b\u00fcy\u00fck denetim"},"content":{"rendered":"<p>Su \u00dcr\u00fcnleri Denetim Seferberli\u011fi 24 saat usul\u00fcne g\u00f6re gece ve g\u00fcnd\u00fcz olarak \u0130l Tar\u0131m ve Orman M\u00fcd\u00fcrl\u00fc\u011f\u00fc ekipleri ve emniyet ve jandarma kolluk kuvvetlerinin deste\u011fi ile aral\u0131ks\u0131z devam ediyor. Bu kapsamda su \u00fcr\u00fcnleri toptan ve perakende sat\u0131\u015f yeri, hal, depolar, nakliye ara\u00e7lar\u0131, karaya \u00e7\u0131k\u0131\u015f noktalar\u0131, yol kontrolleri, deniz ve i\u00e7 su alanlar\u0131 denetlendi.\u00a0<\/p>\n<p>B\u00dcY\u00dcK DENET\u0130M<\/p>\n<p>\u0130l Tar\u0131m ve Orman M\u00fcd\u00fcrl\u00fc\u011f\u00fc Su \u00dcr\u00fcnleri ekipleri taraf\u0131ndan ger\u00e7ekle\u015ftirilen denetimlerde hem bal\u0131k\u00e7\u0131lar hem de bal\u0131k\u00e7\u0131 tezgahlar\u0131nda kurallar anlat\u0131ld\u0131, kurallara uymayanlara y\u00f6nelik i\u015flem yap\u0131ld\u0131. Bal\u0131k\u00e7\u0131 tezgahlar\u0131ndaki bal\u0131k boy ve a\u011f\u0131rl\u0131klar\u0131, bal\u0131klar\u0131n tezgahlardaki sunumundan, hijyene kadar pek \u00e7ok detay incelendi. Yetkililer, il genelindeki su \u00fcr\u00fcnleri denetimlerinin devam etti\u011fini ve bu t\u00fcr denetimlerin, deniz ve i\u00e7 su kaynaklar\u0131n\u0131n korunmas\u0131 ile s\u00fcrd\u00fcr\u00fclebilir bal\u0131k\u00e7\u0131l\u0131k faaliyetlerinin te\u015fvik edilmesi amac\u0131yla s\u00fcrd\u00fcr\u00fclece\u011fini belirtti. Denetimlerde, bal\u0131k\u00e7\u0131l\u0131k faaliyetleriyle ilgili yasal d\u00fczenlemelere uyulup, uyulmad\u0131\u011f\u0131 titizlikle kontrol ediliyor.\u00a0<\/p>\n<p>SADECE BALIK DE\u011e\u0130L T\u00dcM GIDA \u00dcR\u00dcNLER\u0130NDE YIL BOYU DENET\u0130M<\/p>\n<p>Gazipa\u015fa \u0130l\u00e7e Tar\u0131m ve Orman M\u00fcd\u00fcrl\u00fc\u011f\u00fc taraf\u0131ndan il\u00e7e genelinde ger\u00e7ekle\u015ftirilen denetimler sadece bal\u0131k ve bal\u0131k \u00fcr\u00fcnleri de\u011fil t\u00fcm g\u0131da \u00fcr\u00fcnlerinde ger\u00e7ekle\u015fti. \u0130l\u00e7e Tar\u0131m ve Orman M\u00fcd\u00fcrl\u00fc\u011f\u00fc, 2024 y\u0131l\u0131nda 2 bin 46 g\u0131da denetimi ger\u00e7ekle\u015ftirdi, 125 numune inceledi ve 16 okulda 738 \u00f6\u011frenciye g\u0131da g\u00fcvenli\u011fi, hijyen ve \u00e7evre bilinci konular\u0131nda e\u011fitim verdi. Denetimlerde g\u0131da g\u00fcvenli\u011fini tehdit eden durumlara kar\u015f\u0131 yapt\u0131r\u0131mlar uyguland\u0131. Gazipa\u015fa \u0130l\u00e7e Tar\u0131m ve Orman M\u00fcd\u00fcrl\u00fc\u011f\u00fc G\u0131da ve Yem B\u00f6l\u00fcm\u00fc ekipleri, il\u00e7ede bulunan 836 g\u0131da i\u015fletmesinde tam 2 bin 46 denetim ger\u00e7ekle\u015ftirdi. Marketlerden yemekhaneye, manavlardan sat\u0131\u015f depolar\u0131na kadar geni\u015f bir alanda y\u00fcr\u00fct\u00fclen bu denetimlerde, 77&#8217;si pestisit analizi, 3 ihracat kontrol\u00fc ve 45 g\u0131da numunesi olmak \u00fczere toplamda 125 numune incelendi. Denetimlerde 5996 say\u0131l\u0131 kanuna ayk\u0131r\u0131 durumlar tespit edildi\u011finde, idari yapt\u0131r\u0131mlar uyguland\u0131.<\/p>\n<p>\u00a0<\/p>\n<p>\u200bAntalya \u0130l Tar\u0131m ve Orman M\u00fcd\u00fcrl\u00fc\u011f\u00fc ekipleri, hem karada hem de denizde su \u00fcr\u00fcnlerine y\u00f6nelik denetimleri ger\u00e7ekle\u015ftirdi\u00a0<\/p>\n<p>\u200bHaberin Al\u0131nt\u0131land\u0131\u011f\u0131 Kaynak: www.antalyakorfez.com<\/p>","protected":false},"excerpt":{"rendered":"<p>Su \u00dcr\u00fcnleri Denetim Seferberli\u011fi 24 saat usul\u00fcne g\u00f6re gece ve g\u00fcnd\u00fcz olarak \u0130l Tar\u0131m ve Orman M\u00fcd\u00fcrl\u00fc\u011f\u00fc ekipleri ve emniyet ve jandarma kolluk kuvvetlerinin deste\u011fi ile aral\u0131ks\u0131z devam ediyor. Bu kapsamda su \u00fcr\u00fcnleri toptan ve perakende sat\u0131\u015f yeri, hal, depolar, nakliye ara\u00e7lar\u0131, karaya \u00e7\u0131k\u0131\u015f noktalar\u0131, yol kontrolleri, deniz ve i\u00e7 su alanlar\u0131 denetlendi.\u00a0 B\u00dcY\u00dcK DENET\u0130M \u0130l Tar\u0131m ve Orman M\u00fcd\u00fcrl\u00fc\u011f\u00fc Su \u00dcr\u00fcnleri ekipleri taraf\u0131ndan ger\u00e7ekle\u015ftirilen denetimlerde hem bal\u0131k\u00e7\u0131lar hem de bal\u0131k\u00e7\u0131 tezgahlar\u0131nda kurallar anlat\u0131ld\u0131, kurallara uymayanlara y\u00f6nelik i\u015flem yap\u0131ld\u0131. Bal\u0131k\u00e7\u0131 tezgahlar\u0131ndaki bal\u0131k boy ve a\u011f\u0131rl\u0131klar\u0131, bal\u0131klar\u0131n tezgahlardaki sunumundan, hijyene kadar pek \u00e7ok detay incelendi. Yetkililer, il genelindeki su \u00fcr\u00fcnleri denetimlerinin devam etti\u011fini ve bu t\u00fcr denetimlerin, deniz ve i\u00e7 su kaynaklar\u0131n\u0131n korunmas\u0131 ile s\u00fcrd\u00fcr\u00fclebilir bal\u0131k\u00e7\u0131l\u0131k faaliyetlerinin te\u015fvik edilmesi amac\u0131yla s\u00fcrd\u00fcr\u00fclece\u011fini belirtti. Denetimlerde, bal\u0131k\u00e7\u0131l\u0131k faaliyetleriyle ilgili yasal d\u00fczenlemelere uyulup, uyulmad\u0131\u011f\u0131 titizlikle kontrol ediliyor.\u00a0 SADECE BALIK DE\u011e\u0130L T\u00dcM GIDA \u00dcR\u00dcNLER\u0130NDE YIL BOYU DENET\u0130M Gazipa\u015fa \u0130l\u00e7e Tar\u0131m ve Orman M\u00fcd\u00fcrl\u00fc\u011f\u00fc taraf\u0131ndan il\u00e7e genelinde ger\u00e7ekle\u015ftirilen denetimler sadece bal\u0131k ve bal\u0131k \u00fcr\u00fcnleri de\u011fil t\u00fcm g\u0131da \u00fcr\u00fcnlerinde ger\u00e7ekle\u015fti. \u0130l\u00e7e Tar\u0131m ve Orman M\u00fcd\u00fcrl\u00fc\u011f\u00fc, 2024 y\u0131l\u0131nda 2 bin 46 g\u0131da denetimi ger\u00e7ekle\u015ftirdi, 125 numune inceledi ve 16 okulda 738 \u00f6\u011frenciye g\u0131da g\u00fcvenli\u011fi, hijyen ve \u00e7evre bilinci konular\u0131nda e\u011fitim verdi. Denetimlerde g\u0131da g\u00fcvenli\u011fini tehdit eden durumlara kar\u015f\u0131 yapt\u0131r\u0131mlar &hellip;<\/p>","protected":false},"author":0,"featured_media":0,"comment_status":"open","ping_status":"open","sticky":false,"template":"","format":"standard","meta":{"_acf_changed":false,"footnotes":""},"categories":[24,535],"tags":[],"class_list":["post-23445","post","type-post","status-publish","format-standard","has-post-thumbnail","hentry","category-gundem","category-uncategorized-tr"],"acf":[],"yoast_head":"<!-- This site is optimized with the Yoast SEO Premium plugin v26.6 (Yoast SEO v27.1.1) - https:\/\/yoast.com\/product\/yoast-seo-premium-wordpress\/ -->\n<title>Antalya\u2019da bal\u0131k\u00e7\u0131lara y\u00f6nelik b\u00fcy\u00fck denetim - Av. Deniz Can K\u0131z\u0131l<\/title>\n<meta name=\"robots\" content=\"index, follow, max-snippet:-1, max-image-preview:large, max-video-preview:-1\" \/>\n<link rel=\"canonical\" href=\"https:\/\/denizcankizil.tr\/uk\/haberler\/gundem\/antalyada-balikcilara-yonelik-buyuk-denetim\/\" \/>\n<meta property=\"og:locale\" content=\"uk_UA\" \/>\n<meta property=\"og:type\" content=\"article\" \/>\n<meta property=\"og:title\" content=\"Antalya\u2019da bal\u0131k\u00e7\u0131lara y\u00f6nelik b\u00fcy\u00fck denetim\" \/>\n<meta property=\"og:description\" content=\"Su \u00dcr\u00fcnleri Denetim Seferberli\u011fi 24 saat usul\u00fcne g\u00f6re gece ve g\u00fcnd\u00fcz olarak \u0130l Tar\u0131m ve Orman M\u00fcd\u00fcrl\u00fc\u011f\u00fc ekipleri ve emniyet ve jandarma kolluk kuvvetlerinin deste\u011fi ile aral\u0131ks\u0131z devam ediyor. Bu kapsamda su \u00fcr\u00fcnleri toptan ve perakende sat\u0131\u015f yeri, hal, depolar, nakliye ara\u00e7lar\u0131, karaya \u00e7\u0131k\u0131\u015f noktalar\u0131, yol kontrolleri, deniz ve i\u00e7 su alanlar\u0131 denetlendi.\u00a0 B\u00dcY\u00dcK DENET\u0130M \u0130l Tar\u0131m ve Orman M\u00fcd\u00fcrl\u00fc\u011f\u00fc Su \u00dcr\u00fcnleri ekipleri taraf\u0131ndan ger\u00e7ekle\u015ftirilen denetimlerde hem bal\u0131k\u00e7\u0131lar hem de bal\u0131k\u00e7\u0131 tezgahlar\u0131nda kurallar anlat\u0131ld\u0131, kurallara uymayanlara y\u00f6nelik i\u015flem yap\u0131ld\u0131. Bal\u0131k\u00e7\u0131 tezgahlar\u0131ndaki bal\u0131k boy ve a\u011f\u0131rl\u0131klar\u0131, bal\u0131klar\u0131n tezgahlardaki sunumundan, hijyene kadar pek \u00e7ok detay incelendi. Yetkililer, il genelindeki su \u00fcr\u00fcnleri denetimlerinin devam etti\u011fini ve bu t\u00fcr denetimlerin, deniz ve i\u00e7 su kaynaklar\u0131n\u0131n korunmas\u0131 ile s\u00fcrd\u00fcr\u00fclebilir bal\u0131k\u00e7\u0131l\u0131k faaliyetlerinin te\u015fvik edilmesi amac\u0131yla s\u00fcrd\u00fcr\u00fclece\u011fini belirtti. Denetimlerde, bal\u0131k\u00e7\u0131l\u0131k faaliyetleriyle ilgili yasal d\u00fczenlemelere uyulup, uyulmad\u0131\u011f\u0131 titizlikle kontrol ediliyor.\u00a0 SADECE BALIK DE\u011e\u0130L T\u00dcM GIDA \u00dcR\u00dcNLER\u0130NDE YIL BOYU DENET\u0130M Gazipa\u015fa \u0130l\u00e7e Tar\u0131m ve Orman M\u00fcd\u00fcrl\u00fc\u011f\u00fc taraf\u0131ndan il\u00e7e genelinde ger\u00e7ekle\u015ftirilen denetimler sadece bal\u0131k ve bal\u0131k \u00fcr\u00fcnleri de\u011fil t\u00fcm g\u0131da \u00fcr\u00fcnlerinde ger\u00e7ekle\u015fti. \u0130l\u00e7e Tar\u0131m ve Orman M\u00fcd\u00fcrl\u00fc\u011f\u00fc, 2024 y\u0131l\u0131nda 2 bin 46 g\u0131da denetimi ger\u00e7ekle\u015ftirdi, 125 numune inceledi ve 16 okulda 738 \u00f6\u011frenciye g\u0131da g\u00fcvenli\u011fi, hijyen ve \u00e7evre bilinci konular\u0131nda e\u011fitim verdi. Denetimlerde g\u0131da g\u00fcvenli\u011fini tehdit eden durumlara kar\u015f\u0131 yapt\u0131r\u0131mlar &hellip;\" \/>\n<meta property=\"og:url\" content=\"https:\/\/denizcankizil.tr\/uk\/haberler\/gundem\/antalyada-balikcilara-yonelik-buyuk-denetim\/\" \/>\n<meta property=\"og:site_name\" content=\"Av. Deniz Can K\u0131z\u0131l\" \/>\n<meta property=\"article:published_time\" content=\"2025-01-02T10:41:46+00:00\" \/>\n<meta name=\"twitter:card\" content=\"summary_large_image\" \/>\n<meta name=\"twitter:label1\" content=\"\u041f\u0440\u0438\u0431\u043b. \u0447\u0430\u0441 \u0447\u0438\u0442\u0430\u043d\u043d\u044f\" \/>\n\t<meta name=\"twitter:data1\" content=\"2 \u0445\u0432\u0438\u043b\u0438\u043d\u0438\" \/>\n<script type=\"application\/ld+json\" class=\"yoast-schema-graph\">{\"@context\":\"https:\/\/schema.org\",\"@graph\":[{\"@type\":\"Article\",\"@id\":\"https:\/\/denizcankizil.tr\/de\/haberler\/gundem\/antalyada-balikcilara-yonelik-buyuk-denetim\/#article\",\"isPartOf\":{\"@id\":\"https:\/\/denizcankizil.tr\/de\/haberler\/gundem\/antalyada-balikcilara-yonelik-buyuk-denetim\/\"},\"author\":{\"name\":\"\",\"@id\":\"\"},\"headline\":\"Antalya\u2019da bal\u0131k\u00e7\u0131lara y\u00f6nelik b\u00fcy\u00fck denetim\",\"datePublished\":\"2025-01-02T10:41:46+00:00\",\"mainEntityOfPage\":{\"@id\":\"https:\/\/denizcankizil.tr\/de\/haberler\/gundem\/antalyada-balikcilara-yonelik-buyuk-denetim\/\"},\"wordCount\":416,\"commentCount\":0,\"publisher\":{\"@id\":\"https:\/\/denizcankizil.tr\/de\/#organization\"},\"articleSection\":[\"G\u00fcndem\",\"Uncategorized\"],\"inLanguage\":\"uk\",\"potentialAction\":[{\"@type\":\"CommentAction\",\"name\":\"Comment\",\"target\":[\"https:\/\/denizcankizil.tr\/de\/haberler\/gundem\/antalyada-balikcilara-yonelik-buyuk-denetim\/#respond\"]}]},{\"@type\":\"WebPage\",\"@id\":\"https:\/\/denizcankizil.tr\/de\/haberler\/gundem\/antalyada-balikcilara-yonelik-buyuk-denetim\/\",\"url\":\"https:\/\/denizcankizil.tr\/de\/haberler\/gundem\/antalyada-balikcilara-yonelik-buyuk-denetim\/\",\"name\":\"Antalya\u2019da bal\u0131k\u00e7\u0131lara y\u00f6nelik b\u00fcy\u00fck denetim - Av. Deniz Can K\u0131z\u0131l\",\"isPartOf\":{\"@id\":\"https:\/\/denizcankizil.tr\/de\/#website\"},\"datePublished\":\"2025-01-02T10:41:46+00:00\",\"breadcrumb\":{\"@id\":\"https:\/\/denizcankizil.tr\/de\/haberler\/gundem\/antalyada-balikcilara-yonelik-buyuk-denetim\/#breadcrumb\"},\"inLanguage\":\"uk\",\"potentialAction\":[{\"@type\":\"ReadAction\",\"target\":[\"https:\/\/denizcankizil.tr\/de\/haberler\/gundem\/antalyada-balikcilara-yonelik-buyuk-denetim\/\"]}]},{\"@type\":\"BreadcrumbList\",\"@id\":\"https:\/\/denizcankizil.tr\/de\/haberler\/gundem\/antalyada-balikcilara-yonelik-buyuk-denetim\/#breadcrumb\",\"itemListElement\":[{\"@type\":\"ListItem\",\"position\":1,\"name\":\"Home\",\"item\":\"https:\/\/denizcankizil.tr\/de\/\"},{\"@type\":\"ListItem\",\"position\":2,\"name\":\"Antalya\u2019da bal\u0131k\u00e7\u0131lara y\u00f6nelik b\u00fcy\u00fck denetim\"}]},{\"@type\":\"WebSite\",\"@id\":\"https:\/\/denizcankizil.tr\/de\/#website\",\"url\":\"https:\/\/denizcankizil.tr\/de\/\",\"name\":\"Av. Deniz Can K\u0131z\u0131l\",\"description\":\"Avukat Deniz Can K\u0131z\u0131l Antalya Barosu\",\"publisher\":{\"@id\":\"https:\/\/denizcankizil.tr\/de\/#organization\"},\"potentialAction\":[{\"@type\":\"SearchAction\",\"target\":{\"@type\":\"EntryPoint\",\"urlTemplate\":\"https:\/\/denizcankizil.tr\/de\/?s={search_term_string}\"},\"query-input\":{\"@type\":\"PropertyValueSpecification\",\"valueRequired\":true,\"valueName\":\"search_term_string\"}}],\"inLanguage\":\"uk\"},{\"@type\":\"Organization\",\"@id\":\"https:\/\/denizcankizil.tr\/de\/#organization\",\"name\":\"Av. Deniz Can K\u0131z\u0131l\",\"url\":\"https:\/\/denizcankizil.tr\/de\/\",\"logo\":{\"@type\":\"ImageObject\",\"inLanguage\":\"uk\",\"@id\":\"https:\/\/denizcankizil.tr\/de\/#\/schema\/logo\/image\/\",\"url\":\"https:\/\/denizcankizil.tr\/wp-content\/uploads\/2024\/10\/siyah-logo-svg.svg\",\"contentUrl\":\"https:\/\/denizcankizil.tr\/wp-content\/uploads\/2024\/10\/siyah-logo-svg.svg\",\"width\":1080,\"height\":1080,\"caption\":\"Av. Deniz Can K\u0131z\u0131l\"},\"image\":{\"@id\":\"https:\/\/denizcankizil.tr\/de\/#\/schema\/logo\/image\/\"}}]}<\/script>\n<!-- \/ Yoast SEO Premium plugin. -->","yoast_head_json":{"title":"Antalya\u2019da bal\u0131k\u00e7\u0131lara y\u00f6nelik b\u00fcy\u00fck denetim - Av. Deniz Can K\u0131z\u0131l","robots":{"index":"index","follow":"follow","max-snippet":"max-snippet:-1","max-image-preview":"max-image-preview:large","max-video-preview":"max-video-preview:-1"},"canonical":"https:\/\/denizcankizil.tr\/uk\/haberler\/gundem\/antalyada-balikcilara-yonelik-buyuk-denetim\/","og_locale":"uk_UA","og_type":"article","og_title":"Antalya\u2019da bal\u0131k\u00e7\u0131lara y\u00f6nelik b\u00fcy\u00fck denetim","og_description":"Su \u00dcr\u00fcnleri Denetim Seferberli\u011fi 24 saat usul\u00fcne g\u00f6re gece ve g\u00fcnd\u00fcz olarak \u0130l Tar\u0131m ve Orman M\u00fcd\u00fcrl\u00fc\u011f\u00fc ekipleri ve emniyet ve jandarma kolluk kuvvetlerinin deste\u011fi ile aral\u0131ks\u0131z devam ediyor. Bu kapsamda su \u00fcr\u00fcnleri toptan ve perakende sat\u0131\u015f yeri, hal, depolar, nakliye ara\u00e7lar\u0131, karaya \u00e7\u0131k\u0131\u015f noktalar\u0131, yol kontrolleri, deniz ve i\u00e7 su alanlar\u0131 denetlendi.\u00a0 B\u00dcY\u00dcK DENET\u0130M \u0130l Tar\u0131m ve Orman M\u00fcd\u00fcrl\u00fc\u011f\u00fc Su \u00dcr\u00fcnleri ekipleri taraf\u0131ndan ger\u00e7ekle\u015ftirilen denetimlerde hem bal\u0131k\u00e7\u0131lar hem de bal\u0131k\u00e7\u0131 tezgahlar\u0131nda kurallar anlat\u0131ld\u0131, kurallara uymayanlara y\u00f6nelik i\u015flem yap\u0131ld\u0131. Bal\u0131k\u00e7\u0131 tezgahlar\u0131ndaki bal\u0131k boy ve a\u011f\u0131rl\u0131klar\u0131, bal\u0131klar\u0131n tezgahlardaki sunumundan, hijyene kadar pek \u00e7ok detay incelendi. Yetkililer, il genelindeki su \u00fcr\u00fcnleri denetimlerinin devam etti\u011fini ve bu t\u00fcr denetimlerin, deniz ve i\u00e7 su kaynaklar\u0131n\u0131n korunmas\u0131 ile s\u00fcrd\u00fcr\u00fclebilir bal\u0131k\u00e7\u0131l\u0131k faaliyetlerinin te\u015fvik edilmesi amac\u0131yla s\u00fcrd\u00fcr\u00fclece\u011fini belirtti. Denetimlerde, bal\u0131k\u00e7\u0131l\u0131k faaliyetleriyle ilgili yasal d\u00fczenlemelere uyulup, uyulmad\u0131\u011f\u0131 titizlikle kontrol ediliyor.\u00a0 SADECE BALIK DE\u011e\u0130L T\u00dcM GIDA \u00dcR\u00dcNLER\u0130NDE YIL BOYU DENET\u0130M Gazipa\u015fa \u0130l\u00e7e Tar\u0131m ve Orman M\u00fcd\u00fcrl\u00fc\u011f\u00fc taraf\u0131ndan il\u00e7e genelinde ger\u00e7ekle\u015ftirilen denetimler sadece bal\u0131k ve bal\u0131k \u00fcr\u00fcnleri de\u011fil t\u00fcm g\u0131da \u00fcr\u00fcnlerinde ger\u00e7ekle\u015fti. \u0130l\u00e7e Tar\u0131m ve Orman M\u00fcd\u00fcrl\u00fc\u011f\u00fc, 2024 y\u0131l\u0131nda 2 bin 46 g\u0131da denetimi ger\u00e7ekle\u015ftirdi, 125 numune inceledi ve 16 okulda 738 \u00f6\u011frenciye g\u0131da g\u00fcvenli\u011fi, hijyen ve \u00e7evre bilinci konular\u0131nda e\u011fitim verdi. Denetimlerde g\u0131da g\u00fcvenli\u011fini tehdit eden durumlara kar\u015f\u0131 yapt\u0131r\u0131mlar &hellip;","og_url":"https:\/\/denizcankizil.tr\/uk\/haberler\/gundem\/antalyada-balikcilara-yonelik-buyuk-denetim\/","og_site_name":"Av. Deniz Can K\u0131z\u0131l","article_published_time":"2025-01-02T10:41:46+00:00","twitter_card":"summary_large_image","twitter_misc":{"\u041f\u0440\u0438\u0431\u043b. \u0447\u0430\u0441 \u0447\u0438\u0442\u0430\u043d\u043d\u044f":"2 \u0445\u0432\u0438\u043b\u0438\u043d\u0438"},"schema":{"@context":"https:\/\/schema.org","@graph":[{"@type":"Article","@id":"https:\/\/denizcankizil.tr\/de\/haberler\/gundem\/antalyada-balikcilara-yonelik-buyuk-denetim\/#article","isPartOf":{"@id":"https:\/\/denizcankizil.tr\/de\/haberler\/gundem\/antalyada-balikcilara-yonelik-buyuk-denetim\/"},"author":{"name":"","@id":""},"headline":"Antalya\u2019da bal\u0131k\u00e7\u0131lara y\u00f6nelik b\u00fcy\u00fck denetim","datePublished":"2025-01-02T10:41:46+00:00","mainEntityOfPage":{"@id":"https:\/\/denizcankizil.tr\/de\/haberler\/gundem\/antalyada-balikcilara-yonelik-buyuk-denetim\/"},"wordCount":416,"commentCount":0,"publisher":{"@id":"https:\/\/denizcankizil.tr\/de\/#organization"},"articleSection":["G\u00fcndem","Uncategorized"],"inLanguage":"uk","potentialAction":[{"@type":"CommentAction","name":"Comment","target":["https:\/\/denizcankizil.tr\/de\/haberler\/gundem\/antalyada-balikcilara-yonelik-buyuk-denetim\/#respond"]}]},{"@type":"WebPage","@id":"https:\/\/denizcankizil.tr\/de\/haberler\/gundem\/antalyada-balikcilara-yonelik-buyuk-denetim\/","url":"https:\/\/denizcankizil.tr\/de\/haberler\/gundem\/antalyada-balikcilara-yonelik-buyuk-denetim\/","name":"Antalya\u2019da bal\u0131k\u00e7\u0131lara y\u00f6nelik b\u00fcy\u00fck denetim - Av. Deniz Can K\u0131z\u0131l","isPartOf":{"@id":"https:\/\/denizcankizil.tr\/de\/#website"},"datePublished":"2025-01-02T10:41:46+00:00","breadcrumb":{"@id":"https:\/\/denizcankizil.tr\/de\/haberler\/gundem\/antalyada-balikcilara-yonelik-buyuk-denetim\/#breadcrumb"},"inLanguage":"uk","potentialAction":[{"@type":"ReadAction","target":["https:\/\/denizcankizil.tr\/de\/haberler\/gundem\/antalyada-balikcilara-yonelik-buyuk-denetim\/"]}]},{"@type":"BreadcrumbList","@id":"https:\/\/denizcankizil.tr\/de\/haberler\/gundem\/antalyada-balikcilara-yonelik-buyuk-denetim\/#breadcrumb","itemListElement":[{"@type":"ListItem","position":1,"name":"Home","item":"https:\/\/denizcankizil.tr\/de\/"},{"@type":"ListItem","position":2,"name":"Antalya\u2019da bal\u0131k\u00e7\u0131lara y\u00f6nelik b\u00fcy\u00fck denetim"}]},{"@type":"WebSite","@id":"https:\/\/denizcankizil.tr\/de\/#website","url":"https:\/\/denizcankizil.tr\/de\/","name":"Av. Deniz Can K\u0131z\u0131l","description":"Avukat Deniz Can K\u0131z\u0131l Antalya Barosu","publisher":{"@id":"https:\/\/denizcankizil.tr\/de\/#organization"},"potentialAction":[{"@type":"SearchAction","target":{"@type":"EntryPoint","urlTemplate":"https:\/\/denizcankizil.tr\/de\/?s={search_term_string}"},"query-input":{"@type":"PropertyValueSpecification","valueRequired":true,"valueName":"search_term_string"}}],"inLanguage":"uk"},{"@type":"Organization","@id":"https:\/\/denizcankizil.tr\/de\/#organization","name":"Av. Deniz Can K\u0131z\u0131l","url":"https:\/\/denizcankizil.tr\/de\/","logo":{"@type":"ImageObject","inLanguage":"uk","@id":"https:\/\/denizcankizil.tr\/de\/#\/schema\/logo\/image\/","url":"https:\/\/denizcankizil.tr\/wp-content\/uploads\/2024\/10\/siyah-logo-svg.svg","contentUrl":"https:\/\/denizcankizil.tr\/wp-content\/uploads\/2024\/10\/siyah-logo-svg.svg","width":1080,"height":1080,"caption":"Av. Deniz Can K\u0131z\u0131l"},"image":{"@id":"https:\/\/denizcankizil.tr\/de\/#\/schema\/logo\/image\/"}}]}},"_links":{"self":[{"href":"https:\/\/denizcankizil.tr\/uk\/wp-json\/wp\/v2\/posts\/23445","targetHints":{"allow":["GET"]}}],"collection":[{"href":"https:\/\/denizcankizil.tr\/uk\/wp-json\/wp\/v2\/posts"}],"about":[{"href":"https:\/\/denizcankizil.tr\/uk\/wp-json\/wp\/v2\/types\/post"}],"replies":[{"embeddable":true,"href":"https:\/\/denizcankizil.tr\/uk\/wp-json\/wp\/v2\/comments?post=23445"}],"version-history":[{"count":0,"href":"https:\/\/denizcankizil.tr\/uk\/wp-json\/wp\/v2\/posts\/23445\/revisions"}],"wp:attachment":[{"href":"https:\/\/denizcankizil.tr\/uk\/wp-json\/wp\/v2\/media?parent=23445"}],"wp:term":[{"taxonomy":"category","embeddable":true,"href":"https:\/\/denizcankizil.tr\/uk\/wp-json\/wp\/v2\/categories?post=23445"},{"taxonomy":"post_tag","embeddable":true,"href":"https:\/\/denizcankizil.tr\/uk\/wp-json\/wp\/v2\/tags?post=23445"}],"curies":[{"name":"wp","href":"https:\/\/api.w.org\/{rel}","templated":true}]}}