{"id":23302,"date":"2025-01-01T14:41:41","date_gmt":"2025-01-01T11:41:41","guid":{"rendered":"https:\/\/denizcankizil.tr\/uncategorized-tr\/barinaktan-okullara-sevimli-dost-projesi-hayata-geciyor\/"},"modified":"2025-01-01T14:41:41","modified_gmt":"2025-01-01T11:41:41","slug":"barinaktan-okullara-sevimli-dost-projesi-hayata-geciyor","status":"publish","type":"post","link":"https:\/\/denizcankizil.tr\/uk\/haberler\/antalya\/barinaktan-okullara-sevimli-dost-projesi-hayata-geciyor\/","title":{"rendered":"\u201cBar\u0131naktan Okullara Sevimli Dost\u201d projesi hayata ge\u00e7iyor"},"content":{"rendered":"<p>Kumluca il\u00e7esi Mavikent Mahallesinde e\u011fitim \u00f6\u011fretim veren Mustafa &#8211; Ay\u015fe Acarbulut Anadolu Lisesi \u0130ngilizce \u00d6\u011fretmeni Seda \u0130kbal, \u201cBar\u0131naktan Okullara Sevimli Dost\u201d Projesi haz\u0131rlad\u0131. Proje kapsam\u0131nda il\u00e7ede e\u011fitim veren her okul Kumluca Belediyesine ait bar\u0131naktan bir adet k\u00f6pek sahiplenecek, sahiplenilen k\u00f6pe\u011fin bak\u0131m\u0131 \u00f6\u011frenci ve \u00f6\u011fretmenler taraf\u0131ndan yap\u0131lacakt\u0131. \u0130ngilizce \u00f6\u011fretmeni Seda \u0130kbal&#8217;\u0131n projesini olumlu bulan Kumluca \u0130l\u00e7e Milli E\u011fitim M\u00fcd\u00fcrl\u00fc\u011f\u00fc&#8217;n\u00fcn \u0130l\u00e7e kaymakaml\u0131\u011f\u0131na sevk etti\u011fi proje onayland\u0131.<br \/>\nProje \u00e7er\u00e7evesinde ilk ad\u0131m ger\u00e7ekle\u015fti. Mavikent Mustafa &#8211; Ay\u015fe Acarbulut Anadolu Lisesi \u00f6\u011frencileri \u00f6nce okul bah\u00e7esinde kul\u00fcbe yapt\u0131lar. Daha sonra da Kumluca Belediyesine ait bar\u0131na\u011f\u0131 ziyaret ettiler. Seda \u0130kbal \u00f6\u011frencileriyle birlikte Kumluca Belediyesine ait bar\u0131na\u011fa gitti. \u00d6\u011frenciler burada \u00f6zellikle yavru k\u00f6pekleri sevdiler. T\u00fcm k\u00f6pekler i\u00e7in kendi elleriyle mama haz\u0131rlay\u0131p k\u00f6peklere da\u011f\u0131tt\u0131lar. 2 adet k\u00f6pek sahiplenen \u00f6\u011frenciler, Kumluca belediyesi veteriner Hekimli\u011fi taraf\u0131ndan k\u0131s\u0131rla\u015ft\u0131r\u0131lan k\u00f6pe\u011fi bir hafta sonra okullar\u0131na g\u00f6t\u00fcrebilecekler.<br \/>\nMavikent Mustafa &#8211; Ay\u015fe Acarbulut Anadolu Lisesi \u0130ngilizce \u00f6\u011fretmeni Seda \u0130kbal, \u201cBar\u0131naktan Okullara Sevimli Dost\u201d projesi kapsam\u0131nda b\u00fct\u00fcn \u00f6\u011frencilerimizle birlikte Kumluca Bar\u0131na\u011f\u0131n\u0131 ziyaret ettik. Giderken onlar i\u00e7in, yemek, oyuncak, ya\u015f mama, yuvalar\u0131 i\u00e7in de battaniye ve k\u0131yafetler g\u00f6t\u00fcrd\u00fck. \u0130ki tane patiyi sahiplendik. B\u00fct\u00fcn okullar\u0131m\u0131za proje kapsam\u0131m\u0131zda bar\u0131naktan \u00f6\u011frencileriyle patili dost sahiplenmelerini ve bunun yayg\u0131nla\u015fmas\u0131n\u0131 diliyoruz\u201d dedi. Bar\u0131na\u011f\u0131 ziyaret eden ve iki adet yavru k\u00f6pe\u011fi sahiplenen \u00f6\u011frencilerde ayn\u0131 davran\u0131\u015f\u0131 di\u011fer okullardan da beklediklerini s\u00f6ylediler<\/p>\n<p>Kaynak: www.kanalv.com.tr Haber Sitesinden Al\u0131nm\u0131\u015ft\u0131r.<\/p>","protected":false},"excerpt":{"rendered":"<p>Kumluca il\u00e7esi Mavikent Mahallesinde e\u011fitim \u00f6\u011fretim veren Mustafa &#8211; Ay\u015fe Acarbulut Anadolu Lisesi \u0130ngilizce \u00d6\u011fretmeni Seda \u0130kbal, \u201cBar\u0131naktan Okullara Sevimli Dost\u201d Projesi haz\u0131rlad\u0131. Proje kapsam\u0131nda il\u00e7ede e\u011fitim veren her okul Kumluca Belediyesine ait bar\u0131naktan bir adet k\u00f6pek sahiplenecek, sahiplenilen k\u00f6pe\u011fin bak\u0131m\u0131 \u00f6\u011frenci ve \u00f6\u011fretmenler taraf\u0131ndan yap\u0131lacakt\u0131. \u0130ngilizce \u00f6\u011fretmeni Seda \u0130kbal&#8217;\u0131n projesini olumlu bulan Kumluca \u0130l\u00e7e Milli E\u011fitim M\u00fcd\u00fcrl\u00fc\u011f\u00fc&#8217;n\u00fcn \u0130l\u00e7e kaymakaml\u0131\u011f\u0131na sevk etti\u011fi proje onayland\u0131. Proje \u00e7er\u00e7evesinde ilk ad\u0131m ger\u00e7ekle\u015fti. Mavikent Mustafa &#8211; Ay\u015fe Acarbulut Anadolu Lisesi \u00f6\u011frencileri \u00f6nce okul bah\u00e7esinde kul\u00fcbe yapt\u0131lar. Daha sonra da Kumluca Belediyesine ait bar\u0131na\u011f\u0131 ziyaret ettiler. Seda \u0130kbal \u00f6\u011frencileriyle birlikte Kumluca Belediyesine ait bar\u0131na\u011fa gitti. \u00d6\u011frenciler burada \u00f6zellikle yavru k\u00f6pekleri sevdiler. T\u00fcm k\u00f6pekler i\u00e7in kendi elleriyle mama haz\u0131rlay\u0131p k\u00f6peklere da\u011f\u0131tt\u0131lar. 2 adet k\u00f6pek sahiplenen \u00f6\u011frenciler, Kumluca belediyesi veteriner Hekimli\u011fi taraf\u0131ndan k\u0131s\u0131rla\u015ft\u0131r\u0131lan k\u00f6pe\u011fi bir hafta sonra okullar\u0131na g\u00f6t\u00fcrebilecekler. Mavikent Mustafa &#8211; Ay\u015fe Acarbulut Anadolu Lisesi \u0130ngilizce \u00f6\u011fretmeni Seda \u0130kbal, \u201cBar\u0131naktan Okullara Sevimli Dost\u201d projesi kapsam\u0131nda b\u00fct\u00fcn \u00f6\u011frencilerimizle birlikte Kumluca Bar\u0131na\u011f\u0131n\u0131 ziyaret ettik. Giderken onlar i\u00e7in, yemek, oyuncak, ya\u015f mama, yuvalar\u0131 i\u00e7in de battaniye ve k\u0131yafetler g\u00f6t\u00fcrd\u00fck. \u0130ki tane patiyi sahiplendik. B\u00fct\u00fcn okullar\u0131m\u0131za proje kapsam\u0131m\u0131zda bar\u0131naktan \u00f6\u011frencileriyle patili dost sahiplenmelerini ve bunun yayg\u0131nla\u015fmas\u0131n\u0131 diliyoruz\u201d dedi. Bar\u0131na\u011f\u0131 ziyaret eden ve iki adet yavru k\u00f6pe\u011fi sahiplenen \u00f6\u011frencilerde ayn\u0131 davran\u0131\u015f\u0131 &hellip;<\/p>","protected":false},"author":0,"featured_media":23303,"comment_status":"open","ping_status":"open","sticky":false,"template":"","format":"standard","meta":{"_acf_changed":false,"footnotes":""},"categories":[26,535],"tags":[],"class_list":["post-23302","post","type-post","status-publish","format-standard","has-post-thumbnail","hentry","category-antalya","category-uncategorized-tr"],"acf":[],"yoast_head":"<!-- This site is optimized with the Yoast SEO Premium plugin v26.6 (Yoast SEO v27.1.1) - https:\/\/yoast.com\/product\/yoast-seo-premium-wordpress\/ -->\n<title>\u201cBar\u0131naktan Okullara Sevimli Dost\u201d projesi hayata ge\u00e7iyor - Av. Deniz Can K\u0131z\u0131l<\/title>\n<meta name=\"robots\" content=\"index, follow, max-snippet:-1, max-image-preview:large, max-video-preview:-1\" \/>\n<link rel=\"canonical\" href=\"https:\/\/denizcankizil.tr\/uk\/haberler\/antalya\/barinaktan-okullara-sevimli-dost-projesi-hayata-geciyor\/\" \/>\n<meta property=\"og:locale\" content=\"uk_UA\" \/>\n<meta property=\"og:type\" content=\"article\" \/>\n<meta property=\"og:title\" content=\"\u201cBar\u0131naktan Okullara Sevimli Dost\u201d projesi hayata ge\u00e7iyor\" \/>\n<meta property=\"og:description\" content=\"Kumluca il\u00e7esi Mavikent Mahallesinde e\u011fitim \u00f6\u011fretim veren Mustafa &#8211; Ay\u015fe Acarbulut Anadolu Lisesi \u0130ngilizce \u00d6\u011fretmeni Seda \u0130kbal, \u201cBar\u0131naktan Okullara Sevimli Dost\u201d Projesi haz\u0131rlad\u0131. Proje kapsam\u0131nda il\u00e7ede e\u011fitim veren her okul Kumluca Belediyesine ait bar\u0131naktan bir adet k\u00f6pek sahiplenecek, sahiplenilen k\u00f6pe\u011fin bak\u0131m\u0131 \u00f6\u011frenci ve \u00f6\u011fretmenler taraf\u0131ndan yap\u0131lacakt\u0131. \u0130ngilizce \u00f6\u011fretmeni Seda \u0130kbal&#8217;\u0131n projesini olumlu bulan Kumluca \u0130l\u00e7e Milli E\u011fitim M\u00fcd\u00fcrl\u00fc\u011f\u00fc&#8217;n\u00fcn \u0130l\u00e7e kaymakaml\u0131\u011f\u0131na sevk etti\u011fi proje onayland\u0131. Proje \u00e7er\u00e7evesinde ilk ad\u0131m ger\u00e7ekle\u015fti. Mavikent Mustafa &#8211; Ay\u015fe Acarbulut Anadolu Lisesi \u00f6\u011frencileri \u00f6nce okul bah\u00e7esinde kul\u00fcbe yapt\u0131lar. Daha sonra da Kumluca Belediyesine ait bar\u0131na\u011f\u0131 ziyaret ettiler. Seda \u0130kbal \u00f6\u011frencileriyle birlikte Kumluca Belediyesine ait bar\u0131na\u011fa gitti. \u00d6\u011frenciler burada \u00f6zellikle yavru k\u00f6pekleri sevdiler. T\u00fcm k\u00f6pekler i\u00e7in kendi elleriyle mama haz\u0131rlay\u0131p k\u00f6peklere da\u011f\u0131tt\u0131lar. 2 adet k\u00f6pek sahiplenen \u00f6\u011frenciler, Kumluca belediyesi veteriner Hekimli\u011fi taraf\u0131ndan k\u0131s\u0131rla\u015ft\u0131r\u0131lan k\u00f6pe\u011fi bir hafta sonra okullar\u0131na g\u00f6t\u00fcrebilecekler. Mavikent Mustafa &#8211; Ay\u015fe Acarbulut Anadolu Lisesi \u0130ngilizce \u00f6\u011fretmeni Seda \u0130kbal, \u201cBar\u0131naktan Okullara Sevimli Dost\u201d projesi kapsam\u0131nda b\u00fct\u00fcn \u00f6\u011frencilerimizle birlikte Kumluca Bar\u0131na\u011f\u0131n\u0131 ziyaret ettik. Giderken onlar i\u00e7in, yemek, oyuncak, ya\u015f mama, yuvalar\u0131 i\u00e7in de battaniye ve k\u0131yafetler g\u00f6t\u00fcrd\u00fck. \u0130ki tane patiyi sahiplendik. B\u00fct\u00fcn okullar\u0131m\u0131za proje kapsam\u0131m\u0131zda bar\u0131naktan \u00f6\u011frencileriyle patili dost sahiplenmelerini ve bunun yayg\u0131nla\u015fmas\u0131n\u0131 diliyoruz\u201d dedi. Bar\u0131na\u011f\u0131 ziyaret eden ve iki adet yavru k\u00f6pe\u011fi sahiplenen \u00f6\u011frencilerde ayn\u0131 davran\u0131\u015f\u0131 &hellip;\" \/>\n<meta property=\"og:url\" content=\"https:\/\/denizcankizil.tr\/uk\/haberler\/antalya\/barinaktan-okullara-sevimli-dost-projesi-hayata-geciyor\/\" \/>\n<meta property=\"og:site_name\" content=\"Av. Deniz Can K\u0131z\u0131l\" \/>\n<meta property=\"article:published_time\" content=\"2025-01-01T11:41:41+00:00\" \/>\n<meta property=\"og:image\" content=\"https:\/\/denizcankizil.tr\/wp-content\/uploads\/2025\/01\/3853-01-0rubLl.jpeg\" \/>\n\t<meta property=\"og:image:width\" content=\"1280\" \/>\n\t<meta property=\"og:image:height\" content=\"720\" \/>\n\t<meta property=\"og:image:type\" content=\"image\/jpeg\" \/>\n<meta name=\"twitter:card\" content=\"summary_large_image\" \/>\n<meta name=\"twitter:label1\" content=\"\u041f\u0440\u0438\u0431\u043b. \u0447\u0430\u0441 \u0447\u0438\u0442\u0430\u043d\u043d\u044f\" \/>\n\t<meta name=\"twitter:data1\" content=\"2 \u0445\u0432\u0438\u043b\u0438\u043d\u0438\" \/>\n<script type=\"application\/ld+json\" class=\"yoast-schema-graph\">{\"@context\":\"https:\/\/schema.org\",\"@graph\":[{\"@type\":\"Article\",\"@id\":\"https:\/\/denizcankizil.tr\/uk\/haberler\/antalya\/barinaktan-okullara-sevimli-dost-projesi-hayata-geciyor\/#article\",\"isPartOf\":{\"@id\":\"https:\/\/denizcankizil.tr\/uk\/haberler\/antalya\/barinaktan-okullara-sevimli-dost-projesi-hayata-geciyor\/\"},\"author\":{\"name\":\"\",\"@id\":\"\"},\"headline\":\"\u201cBar\u0131naktan Okullara Sevimli Dost\u201d projesi hayata ge\u00e7iyor\",\"datePublished\":\"2025-01-01T11:41:41+00:00\",\"mainEntityOfPage\":{\"@id\":\"https:\/\/denizcankizil.tr\/uk\/haberler\/antalya\/barinaktan-okullara-sevimli-dost-projesi-hayata-geciyor\/\"},\"wordCount\":310,\"commentCount\":0,\"publisher\":{\"@id\":\"https:\/\/denizcankizil.tr\/de\/#organization\"},\"image\":{\"@id\":\"https:\/\/denizcankizil.tr\/uk\/haberler\/antalya\/barinaktan-okullara-sevimli-dost-projesi-hayata-geciyor\/#primaryimage\"},\"thumbnailUrl\":\"https:\/\/denizcankizil.tr\/wp-content\/uploads\/2025\/01\/3853-01-0rubLl.jpeg\",\"articleSection\":[\"Antalya\",\"Uncategorized\"],\"inLanguage\":\"uk\",\"potentialAction\":[{\"@type\":\"CommentAction\",\"name\":\"Comment\",\"target\":[\"https:\/\/denizcankizil.tr\/uk\/haberler\/antalya\/barinaktan-okullara-sevimli-dost-projesi-hayata-geciyor\/#respond\"]}]},{\"@type\":\"WebPage\",\"@id\":\"https:\/\/denizcankizil.tr\/uk\/haberler\/antalya\/barinaktan-okullara-sevimli-dost-projesi-hayata-geciyor\/\",\"url\":\"https:\/\/denizcankizil.tr\/uk\/haberler\/antalya\/barinaktan-okullara-sevimli-dost-projesi-hayata-geciyor\/\",\"name\":\"\u201cBar\u0131naktan Okullara Sevimli Dost\u201d projesi hayata ge\u00e7iyor - Av. Deniz Can K\u0131z\u0131l\",\"isPartOf\":{\"@id\":\"https:\/\/denizcankizil.tr\/de\/#website\"},\"primaryImageOfPage\":{\"@id\":\"https:\/\/denizcankizil.tr\/uk\/haberler\/antalya\/barinaktan-okullara-sevimli-dost-projesi-hayata-geciyor\/#primaryimage\"},\"image\":{\"@id\":\"https:\/\/denizcankizil.tr\/uk\/haberler\/antalya\/barinaktan-okullara-sevimli-dost-projesi-hayata-geciyor\/#primaryimage\"},\"thumbnailUrl\":\"https:\/\/denizcankizil.tr\/wp-content\/uploads\/2025\/01\/3853-01-0rubLl.jpeg\",\"datePublished\":\"2025-01-01T11:41:41+00:00\",\"breadcrumb\":{\"@id\":\"https:\/\/denizcankizil.tr\/uk\/haberler\/antalya\/barinaktan-okullara-sevimli-dost-projesi-hayata-geciyor\/#breadcrumb\"},\"inLanguage\":\"uk\",\"potentialAction\":[{\"@type\":\"ReadAction\",\"target\":[\"https:\/\/denizcankizil.tr\/uk\/haberler\/antalya\/barinaktan-okullara-sevimli-dost-projesi-hayata-geciyor\/\"]}]},{\"@type\":\"ImageObject\",\"inLanguage\":\"uk\",\"@id\":\"https:\/\/denizcankizil.tr\/uk\/haberler\/antalya\/barinaktan-okullara-sevimli-dost-projesi-hayata-geciyor\/#primaryimage\",\"url\":\"https:\/\/denizcankizil.tr\/wp-content\/uploads\/2025\/01\/3853-01-0rubLl.jpeg\",\"contentUrl\":\"https:\/\/denizcankizil.tr\/wp-content\/uploads\/2025\/01\/3853-01-0rubLl.jpeg\",\"width\":1280,\"height\":720},{\"@type\":\"BreadcrumbList\",\"@id\":\"https:\/\/denizcankizil.tr\/uk\/haberler\/antalya\/barinaktan-okullara-sevimli-dost-projesi-hayata-geciyor\/#breadcrumb\",\"itemListElement\":[{\"@type\":\"ListItem\",\"position\":1,\"name\":\"Home\",\"item\":\"https:\/\/denizcankizil.tr\/de\/\"},{\"@type\":\"ListItem\",\"position\":2,\"name\":\"\u201cBar\u0131naktan Okullara Sevimli Dost\u201d projesi hayata ge\u00e7iyor\"}]},{\"@type\":\"WebSite\",\"@id\":\"https:\/\/denizcankizil.tr\/de\/#website\",\"url\":\"https:\/\/denizcankizil.tr\/de\/\",\"name\":\"Av. Deniz Can K\u0131z\u0131l\",\"description\":\"Avukat Deniz Can K\u0131z\u0131l Antalya Barosu\",\"publisher\":{\"@id\":\"https:\/\/denizcankizil.tr\/de\/#organization\"},\"potentialAction\":[{\"@type\":\"SearchAction\",\"target\":{\"@type\":\"EntryPoint\",\"urlTemplate\":\"https:\/\/denizcankizil.tr\/de\/?s={search_term_string}\"},\"query-input\":{\"@type\":\"PropertyValueSpecification\",\"valueRequired\":true,\"valueName\":\"search_term_string\"}}],\"inLanguage\":\"uk\"},{\"@type\":\"Organization\",\"@id\":\"https:\/\/denizcankizil.tr\/de\/#organization\",\"name\":\"Av. Deniz Can K\u0131z\u0131l\",\"url\":\"https:\/\/denizcankizil.tr\/de\/\",\"logo\":{\"@type\":\"ImageObject\",\"inLanguage\":\"uk\",\"@id\":\"https:\/\/denizcankizil.tr\/de\/#\/schema\/logo\/image\/\",\"url\":\"https:\/\/denizcankizil.tr\/wp-content\/uploads\/2024\/10\/siyah-logo-svg.svg\",\"contentUrl\":\"https:\/\/denizcankizil.tr\/wp-content\/uploads\/2024\/10\/siyah-logo-svg.svg\",\"width\":1080,\"height\":1080,\"caption\":\"Av. Deniz Can K\u0131z\u0131l\"},\"image\":{\"@id\":\"https:\/\/denizcankizil.tr\/de\/#\/schema\/logo\/image\/\"}}]}<\/script>\n<!-- \/ Yoast SEO Premium plugin. -->","yoast_head_json":{"title":"\u201cBar\u0131naktan Okullara Sevimli Dost\u201d projesi hayata ge\u00e7iyor - Av. Deniz Can K\u0131z\u0131l","robots":{"index":"index","follow":"follow","max-snippet":"max-snippet:-1","max-image-preview":"max-image-preview:large","max-video-preview":"max-video-preview:-1"},"canonical":"https:\/\/denizcankizil.tr\/uk\/haberler\/antalya\/barinaktan-okullara-sevimli-dost-projesi-hayata-geciyor\/","og_locale":"uk_UA","og_type":"article","og_title":"\u201cBar\u0131naktan Okullara Sevimli Dost\u201d projesi hayata ge\u00e7iyor","og_description":"Kumluca il\u00e7esi Mavikent Mahallesinde e\u011fitim \u00f6\u011fretim veren Mustafa &#8211; Ay\u015fe Acarbulut Anadolu Lisesi \u0130ngilizce \u00d6\u011fretmeni Seda \u0130kbal, \u201cBar\u0131naktan Okullara Sevimli Dost\u201d Projesi haz\u0131rlad\u0131. Proje kapsam\u0131nda il\u00e7ede e\u011fitim veren her okul Kumluca Belediyesine ait bar\u0131naktan bir adet k\u00f6pek sahiplenecek, sahiplenilen k\u00f6pe\u011fin bak\u0131m\u0131 \u00f6\u011frenci ve \u00f6\u011fretmenler taraf\u0131ndan yap\u0131lacakt\u0131. \u0130ngilizce \u00f6\u011fretmeni Seda \u0130kbal&#8217;\u0131n projesini olumlu bulan Kumluca \u0130l\u00e7e Milli E\u011fitim M\u00fcd\u00fcrl\u00fc\u011f\u00fc&#8217;n\u00fcn \u0130l\u00e7e kaymakaml\u0131\u011f\u0131na sevk etti\u011fi proje onayland\u0131. Proje \u00e7er\u00e7evesinde ilk ad\u0131m ger\u00e7ekle\u015fti. Mavikent Mustafa &#8211; Ay\u015fe Acarbulut Anadolu Lisesi \u00f6\u011frencileri \u00f6nce okul bah\u00e7esinde kul\u00fcbe yapt\u0131lar. Daha sonra da Kumluca Belediyesine ait bar\u0131na\u011f\u0131 ziyaret ettiler. Seda \u0130kbal \u00f6\u011frencileriyle birlikte Kumluca Belediyesine ait bar\u0131na\u011fa gitti. \u00d6\u011frenciler burada \u00f6zellikle yavru k\u00f6pekleri sevdiler. T\u00fcm k\u00f6pekler i\u00e7in kendi elleriyle mama haz\u0131rlay\u0131p k\u00f6peklere da\u011f\u0131tt\u0131lar. 2 adet k\u00f6pek sahiplenen \u00f6\u011frenciler, Kumluca belediyesi veteriner Hekimli\u011fi taraf\u0131ndan k\u0131s\u0131rla\u015ft\u0131r\u0131lan k\u00f6pe\u011fi bir hafta sonra okullar\u0131na g\u00f6t\u00fcrebilecekler. Mavikent Mustafa &#8211; Ay\u015fe Acarbulut Anadolu Lisesi \u0130ngilizce \u00f6\u011fretmeni Seda \u0130kbal, \u201cBar\u0131naktan Okullara Sevimli Dost\u201d projesi kapsam\u0131nda b\u00fct\u00fcn \u00f6\u011frencilerimizle birlikte Kumluca Bar\u0131na\u011f\u0131n\u0131 ziyaret ettik. Giderken onlar i\u00e7in, yemek, oyuncak, ya\u015f mama, yuvalar\u0131 i\u00e7in de battaniye ve k\u0131yafetler g\u00f6t\u00fcrd\u00fck. \u0130ki tane patiyi sahiplendik. B\u00fct\u00fcn okullar\u0131m\u0131za proje kapsam\u0131m\u0131zda bar\u0131naktan \u00f6\u011frencileriyle patili dost sahiplenmelerini ve bunun yayg\u0131nla\u015fmas\u0131n\u0131 diliyoruz\u201d dedi. Bar\u0131na\u011f\u0131 ziyaret eden ve iki adet yavru k\u00f6pe\u011fi sahiplenen \u00f6\u011frencilerde ayn\u0131 davran\u0131\u015f\u0131 &hellip;","og_url":"https:\/\/denizcankizil.tr\/uk\/haberler\/antalya\/barinaktan-okullara-sevimli-dost-projesi-hayata-geciyor\/","og_site_name":"Av. Deniz Can K\u0131z\u0131l","article_published_time":"2025-01-01T11:41:41+00:00","og_image":[{"width":1280,"height":720,"url":"https:\/\/denizcankizil.tr\/wp-content\/uploads\/2025\/01\/3853-01-0rubLl.jpeg","type":"image\/jpeg"}],"twitter_card":"summary_large_image","twitter_misc":{"\u041f\u0440\u0438\u0431\u043b. \u0447\u0430\u0441 \u0447\u0438\u0442\u0430\u043d\u043d\u044f":"2 \u0445\u0432\u0438\u043b\u0438\u043d\u0438"},"schema":{"@context":"https:\/\/schema.org","@graph":[{"@type":"Article","@id":"https:\/\/denizcankizil.tr\/uk\/haberler\/antalya\/barinaktan-okullara-sevimli-dost-projesi-hayata-geciyor\/#article","isPartOf":{"@id":"https:\/\/denizcankizil.tr\/uk\/haberler\/antalya\/barinaktan-okullara-sevimli-dost-projesi-hayata-geciyor\/"},"author":{"name":"","@id":""},"headline":"\u201cBar\u0131naktan Okullara Sevimli Dost\u201d projesi hayata ge\u00e7iyor","datePublished":"2025-01-01T11:41:41+00:00","mainEntityOfPage":{"@id":"https:\/\/denizcankizil.tr\/uk\/haberler\/antalya\/barinaktan-okullara-sevimli-dost-projesi-hayata-geciyor\/"},"wordCount":310,"commentCount":0,"publisher":{"@id":"https:\/\/denizcankizil.tr\/de\/#organization"},"image":{"@id":"https:\/\/denizcankizil.tr\/uk\/haberler\/antalya\/barinaktan-okullara-sevimli-dost-projesi-hayata-geciyor\/#primaryimage"},"thumbnailUrl":"https:\/\/denizcankizil.tr\/wp-content\/uploads\/2025\/01\/3853-01-0rubLl.jpeg","articleSection":["Antalya","Uncategorized"],"inLanguage":"uk","potentialAction":[{"@type":"CommentAction","name":"Comment","target":["https:\/\/denizcankizil.tr\/uk\/haberler\/antalya\/barinaktan-okullara-sevimli-dost-projesi-hayata-geciyor\/#respond"]}]},{"@type":"WebPage","@id":"https:\/\/denizcankizil.tr\/uk\/haberler\/antalya\/barinaktan-okullara-sevimli-dost-projesi-hayata-geciyor\/","url":"https:\/\/denizcankizil.tr\/uk\/haberler\/antalya\/barinaktan-okullara-sevimli-dost-projesi-hayata-geciyor\/","name":"\u201cBar\u0131naktan Okullara Sevimli Dost\u201d projesi hayata ge\u00e7iyor - Av. Deniz Can K\u0131z\u0131l","isPartOf":{"@id":"https:\/\/denizcankizil.tr\/de\/#website"},"primaryImageOfPage":{"@id":"https:\/\/denizcankizil.tr\/uk\/haberler\/antalya\/barinaktan-okullara-sevimli-dost-projesi-hayata-geciyor\/#primaryimage"},"image":{"@id":"https:\/\/denizcankizil.tr\/uk\/haberler\/antalya\/barinaktan-okullara-sevimli-dost-projesi-hayata-geciyor\/#primaryimage"},"thumbnailUrl":"https:\/\/denizcankizil.tr\/wp-content\/uploads\/2025\/01\/3853-01-0rubLl.jpeg","datePublished":"2025-01-01T11:41:41+00:00","breadcrumb":{"@id":"https:\/\/denizcankizil.tr\/uk\/haberler\/antalya\/barinaktan-okullara-sevimli-dost-projesi-hayata-geciyor\/#breadcrumb"},"inLanguage":"uk","potentialAction":[{"@type":"ReadAction","target":["https:\/\/denizcankizil.tr\/uk\/haberler\/antalya\/barinaktan-okullara-sevimli-dost-projesi-hayata-geciyor\/"]}]},{"@type":"ImageObject","inLanguage":"uk","@id":"https:\/\/denizcankizil.tr\/uk\/haberler\/antalya\/barinaktan-okullara-sevimli-dost-projesi-hayata-geciyor\/#primaryimage","url":"https:\/\/denizcankizil.tr\/wp-content\/uploads\/2025\/01\/3853-01-0rubLl.jpeg","contentUrl":"https:\/\/denizcankizil.tr\/wp-content\/uploads\/2025\/01\/3853-01-0rubLl.jpeg","width":1280,"height":720},{"@type":"BreadcrumbList","@id":"https:\/\/denizcankizil.tr\/uk\/haberler\/antalya\/barinaktan-okullara-sevimli-dost-projesi-hayata-geciyor\/#breadcrumb","itemListElement":[{"@type":"ListItem","position":1,"name":"Home","item":"https:\/\/denizcankizil.tr\/de\/"},{"@type":"ListItem","position":2,"name":"\u201cBar\u0131naktan Okullara Sevimli Dost\u201d projesi hayata ge\u00e7iyor"}]},{"@type":"WebSite","@id":"https:\/\/denizcankizil.tr\/de\/#website","url":"https:\/\/denizcankizil.tr\/de\/","name":"Av. Deniz Can K\u0131z\u0131l","description":"Avukat Deniz Can K\u0131z\u0131l Antalya Barosu","publisher":{"@id":"https:\/\/denizcankizil.tr\/de\/#organization"},"potentialAction":[{"@type":"SearchAction","target":{"@type":"EntryPoint","urlTemplate":"https:\/\/denizcankizil.tr\/de\/?s={search_term_string}"},"query-input":{"@type":"PropertyValueSpecification","valueRequired":true,"valueName":"search_term_string"}}],"inLanguage":"uk"},{"@type":"Organization","@id":"https:\/\/denizcankizil.tr\/de\/#organization","name":"Av. Deniz Can K\u0131z\u0131l","url":"https:\/\/denizcankizil.tr\/de\/","logo":{"@type":"ImageObject","inLanguage":"uk","@id":"https:\/\/denizcankizil.tr\/de\/#\/schema\/logo\/image\/","url":"https:\/\/denizcankizil.tr\/wp-content\/uploads\/2024\/10\/siyah-logo-svg.svg","contentUrl":"https:\/\/denizcankizil.tr\/wp-content\/uploads\/2024\/10\/siyah-logo-svg.svg","width":1080,"height":1080,"caption":"Av. Deniz Can K\u0131z\u0131l"},"image":{"@id":"https:\/\/denizcankizil.tr\/de\/#\/schema\/logo\/image\/"}}]}},"_links":{"self":[{"href":"https:\/\/denizcankizil.tr\/uk\/wp-json\/wp\/v2\/posts\/23302","targetHints":{"allow":["GET"]}}],"collection":[{"href":"https:\/\/denizcankizil.tr\/uk\/wp-json\/wp\/v2\/posts"}],"about":[{"href":"https:\/\/denizcankizil.tr\/uk\/wp-json\/wp\/v2\/types\/post"}],"replies":[{"embeddable":true,"href":"https:\/\/denizcankizil.tr\/uk\/wp-json\/wp\/v2\/comments?post=23302"}],"version-history":[{"count":0,"href":"https:\/\/denizcankizil.tr\/uk\/wp-json\/wp\/v2\/posts\/23302\/revisions"}],"wp:featuredmedia":[{"embeddable":true,"href":"https:\/\/denizcankizil.tr\/uk\/wp-json\/wp\/v2\/media\/23303"}],"wp:attachment":[{"href":"https:\/\/denizcankizil.tr\/uk\/wp-json\/wp\/v2\/media?parent=23302"}],"wp:term":[{"taxonomy":"category","embeddable":true,"href":"https:\/\/denizcankizil.tr\/uk\/wp-json\/wp\/v2\/categories?post=23302"},{"taxonomy":"post_tag","embeddable":true,"href":"https:\/\/denizcankizil.tr\/uk\/wp-json\/wp\/v2\/tags?post=23302"}],"curies":[{"name":"wp","href":"https:\/\/api.w.org\/{rel}","templated":true}]}}