{"id":2301,"date":"2024-10-14T04:09:03","date_gmt":"2024-10-14T01:09:03","guid":{"rendered":"https:\/\/denizcankizil.tr\/uncategorized\/sea-to-sky-enduro-motosiklet-yarislari-sona-erdi\/"},"modified":"2024-10-14T04:09:03","modified_gmt":"2024-10-14T01:09:03","slug":"sea-to-sky-enduro-motosiklet-yarislari-sona-erdi","status":"publish","type":"post","link":"https:\/\/denizcankizil.tr\/uk\/haberler\/gundem\/sea-to-sky-enduro-motosiklet-yarislari-sona-erdi\/","title":{"rendered":"Sea To Sky Enduro Motosiklet Yar\u0131\u015flar\u0131 sona erdi"},"content":{"rendered":"<p>Kemer&#8217;de 15 y\u0131ld\u0131r aral\u0131ks\u0131z d\u00fczenlenen Sea To Sky Enduro Motosiklet Yar\u0131\u015f\u0131, Uluslararas\u0131 Motosiklet Federasyonu (FIM) taraf\u0131ndan Hard Enduro D\u00fcnya \u015eampiyonas\u0131&#8217;na dahil edilen 6. Aya\u011f\u0131 da\u011f etab\u0131yla sona erdi.\u00a0<\/p>\n<p>\u200bKemer&#8217;de 15 y\u0131ld\u0131r aral\u0131ks\u0131z d\u00fczenlenen Sea To Sky Enduro Motosiklet Yar\u0131\u015f\u0131, Uluslararas\u0131 Motosiklet Federasyonu (FIM) taraf\u0131ndan Hard Enduro D\u00fcnya \u015eampiyonas\u0131&#8217;na dahil edilen 6. Aya\u011f\u0131 da\u011f etab\u0131yla sona erdi.\u00a0\u00a0<\/p>\n<p>\u200biskenderun<\/p>","protected":false},"excerpt":{"rendered":"<p>Kemer&#8217;de 15 y\u0131ld\u0131r aral\u0131ks\u0131z d\u00fczenlenen Sea To Sky Enduro Motosiklet Yar\u0131\u015f\u0131, Uluslararas\u0131 Motosiklet Federasyonu (FIM) taraf\u0131ndan Hard Enduro D\u00fcnya \u015eampiyonas\u0131&#8217;na dahil edilen 6. Aya\u011f\u0131 da\u011f etab\u0131yla sona erdi.\u00a0 \u200bKemer&#8217;de 15 y\u0131ld\u0131r aral\u0131ks\u0131z d\u00fczenlenen Sea To Sky Enduro Motosiklet Yar\u0131\u015f\u0131, Uluslararas\u0131 Motosiklet Federasyonu (FIM) taraf\u0131ndan Hard Enduro D\u00fcnya \u015eampiyonas\u0131&#8217;na dahil edilen 6. Aya\u011f\u0131 da\u011f etab\u0131yla sona erdi.\u00a0\u00a0 \u200biskenderun<\/p>","protected":false},"author":0,"featured_media":0,"comment_status":"open","ping_status":"open","sticky":false,"template":"","format":"standard","meta":{"_acf_changed":false,"footnotes":""},"categories":[24],"tags":[],"class_list":["post-2301","post","type-post","status-publish","format-standard","has-post-thumbnail","hentry","category-gundem"],"acf":[],"yoast_head":"<!-- This site is optimized with the Yoast SEO Premium plugin v26.6 (Yoast SEO v27.1.1) - https:\/\/yoast.com\/product\/yoast-seo-premium-wordpress\/ -->\n<title>Sea To Sky Enduro Motosiklet Yar\u0131\u015flar\u0131 sona erdi - Av. Deniz Can K\u0131z\u0131l<\/title>\n<meta name=\"robots\" content=\"index, follow, max-snippet:-1, max-image-preview:large, max-video-preview:-1\" \/>\n<link rel=\"canonical\" href=\"https:\/\/denizcankizil.tr\/uk\/haberler\/gundem\/sea-to-sky-enduro-motosiklet-yarislari-sona-erdi\/\" \/>\n<meta property=\"og:locale\" content=\"uk_UA\" \/>\n<meta property=\"og:type\" content=\"article\" \/>\n<meta property=\"og:title\" content=\"Sea To Sky Enduro Motosiklet Yar\u0131\u015flar\u0131 sona erdi\" \/>\n<meta property=\"og:description\" content=\"Kemer&#8217;de 15 y\u0131ld\u0131r aral\u0131ks\u0131z d\u00fczenlenen Sea To Sky Enduro Motosiklet Yar\u0131\u015f\u0131, Uluslararas\u0131 Motosiklet Federasyonu (FIM) taraf\u0131ndan Hard Enduro D\u00fcnya \u015eampiyonas\u0131&#8217;na dahil edilen 6. Aya\u011f\u0131 da\u011f etab\u0131yla sona erdi.\u00a0 \u200bKemer&#8217;de 15 y\u0131ld\u0131r aral\u0131ks\u0131z d\u00fczenlenen Sea To Sky Enduro Motosiklet Yar\u0131\u015f\u0131, Uluslararas\u0131 Motosiklet Federasyonu (FIM) taraf\u0131ndan Hard Enduro D\u00fcnya \u015eampiyonas\u0131&#8217;na dahil edilen 6. Aya\u011f\u0131 da\u011f etab\u0131yla sona erdi.\u00a0\u00a0 \u200biskenderun\" \/>\n<meta property=\"og:url\" content=\"https:\/\/denizcankizil.tr\/uk\/haberler\/gundem\/sea-to-sky-enduro-motosiklet-yarislari-sona-erdi\/\" \/>\n<meta property=\"og:site_name\" content=\"Av. Deniz Can K\u0131z\u0131l\" \/>\n<meta property=\"article:published_time\" content=\"2024-10-14T01:09:03+00:00\" \/>\n<meta name=\"twitter:card\" content=\"summary_large_image\" \/>\n<script type=\"application\/ld+json\" class=\"yoast-schema-graph\">{\"@context\":\"https:\/\/schema.org\",\"@graph\":[{\"@type\":\"Article\",\"@id\":\"https:\/\/denizcankizil.tr\/en\/haberler\/gundem\/sea-to-sky-enduro-motosiklet-yarislari-sona-erdi\/#article\",\"isPartOf\":{\"@id\":\"https:\/\/denizcankizil.tr\/en\/haberler\/gundem\/sea-to-sky-enduro-motosiklet-yarislari-sona-erdi\/\"},\"author\":{\"name\":\"\",\"@id\":\"\"},\"headline\":\"Sea To Sky Enduro Motosiklet Yar\u0131\u015flar\u0131 sona erdi\",\"datePublished\":\"2024-10-14T01:09:03+00:00\",\"mainEntityOfPage\":{\"@id\":\"https:\/\/denizcankizil.tr\/en\/haberler\/gundem\/sea-to-sky-enduro-motosiklet-yarislari-sona-erdi\/\"},\"wordCount\":82,\"commentCount\":0,\"publisher\":{\"@id\":\"https:\/\/denizcankizil.tr\/de\/#organization\"},\"articleSection\":[\"G\u00fcndem\"],\"inLanguage\":\"uk\",\"potentialAction\":[{\"@type\":\"CommentAction\",\"name\":\"Comment\",\"target\":[\"https:\/\/denizcankizil.tr\/en\/haberler\/gundem\/sea-to-sky-enduro-motosiklet-yarislari-sona-erdi\/#respond\"]}]},{\"@type\":\"WebPage\",\"@id\":\"https:\/\/denizcankizil.tr\/en\/haberler\/gundem\/sea-to-sky-enduro-motosiklet-yarislari-sona-erdi\/\",\"url\":\"https:\/\/denizcankizil.tr\/en\/haberler\/gundem\/sea-to-sky-enduro-motosiklet-yarislari-sona-erdi\/\",\"name\":\"Sea To Sky Enduro Motosiklet Yar\u0131\u015flar\u0131 sona erdi - Av. Deniz Can K\u0131z\u0131l\",\"isPartOf\":{\"@id\":\"https:\/\/denizcankizil.tr\/de\/#website\"},\"datePublished\":\"2024-10-14T01:09:03+00:00\",\"breadcrumb\":{\"@id\":\"https:\/\/denizcankizil.tr\/en\/haberler\/gundem\/sea-to-sky-enduro-motosiklet-yarislari-sona-erdi\/#breadcrumb\"},\"inLanguage\":\"uk\",\"potentialAction\":[{\"@type\":\"ReadAction\",\"target\":[\"https:\/\/denizcankizil.tr\/en\/haberler\/gundem\/sea-to-sky-enduro-motosiklet-yarislari-sona-erdi\/\"]}]},{\"@type\":\"BreadcrumbList\",\"@id\":\"https:\/\/denizcankizil.tr\/en\/haberler\/gundem\/sea-to-sky-enduro-motosiklet-yarislari-sona-erdi\/#breadcrumb\",\"itemListElement\":[{\"@type\":\"ListItem\",\"position\":1,\"name\":\"Home\",\"item\":\"https:\/\/denizcankizil.tr\/de\/\"},{\"@type\":\"ListItem\",\"position\":2,\"name\":\"Sea To Sky Enduro Motosiklet Yar\u0131\u015flar\u0131 sona erdi\"}]},{\"@type\":\"WebSite\",\"@id\":\"https:\/\/denizcankizil.tr\/de\/#website\",\"url\":\"https:\/\/denizcankizil.tr\/de\/\",\"name\":\"Av. Deniz Can K\u0131z\u0131l\",\"description\":\"Avukat Deniz Can K\u0131z\u0131l Antalya Barosu\",\"publisher\":{\"@id\":\"https:\/\/denizcankizil.tr\/de\/#organization\"},\"potentialAction\":[{\"@type\":\"SearchAction\",\"target\":{\"@type\":\"EntryPoint\",\"urlTemplate\":\"https:\/\/denizcankizil.tr\/de\/?s={search_term_string}\"},\"query-input\":{\"@type\":\"PropertyValueSpecification\",\"valueRequired\":true,\"valueName\":\"search_term_string\"}}],\"inLanguage\":\"uk\"},{\"@type\":\"Organization\",\"@id\":\"https:\/\/denizcankizil.tr\/de\/#organization\",\"name\":\"Av. Deniz Can K\u0131z\u0131l\",\"url\":\"https:\/\/denizcankizil.tr\/de\/\",\"logo\":{\"@type\":\"ImageObject\",\"inLanguage\":\"uk\",\"@id\":\"https:\/\/denizcankizil.tr\/de\/#\/schema\/logo\/image\/\",\"url\":\"https:\/\/denizcankizil.tr\/wp-content\/uploads\/2024\/10\/siyah-logo-svg.svg\",\"contentUrl\":\"https:\/\/denizcankizil.tr\/wp-content\/uploads\/2024\/10\/siyah-logo-svg.svg\",\"width\":1080,\"height\":1080,\"caption\":\"Av. Deniz Can K\u0131z\u0131l\"},\"image\":{\"@id\":\"https:\/\/denizcankizil.tr\/de\/#\/schema\/logo\/image\/\"}}]}<\/script>\n<!-- \/ Yoast SEO Premium plugin. -->","yoast_head_json":{"title":"Sea To Sky Enduro Motosiklet Yar\u0131\u015flar\u0131 sona erdi - Av. Deniz Can K\u0131z\u0131l","robots":{"index":"index","follow":"follow","max-snippet":"max-snippet:-1","max-image-preview":"max-image-preview:large","max-video-preview":"max-video-preview:-1"},"canonical":"https:\/\/denizcankizil.tr\/uk\/haberler\/gundem\/sea-to-sky-enduro-motosiklet-yarislari-sona-erdi\/","og_locale":"uk_UA","og_type":"article","og_title":"Sea To Sky Enduro Motosiklet Yar\u0131\u015flar\u0131 sona erdi","og_description":"Kemer&#8217;de 15 y\u0131ld\u0131r aral\u0131ks\u0131z d\u00fczenlenen Sea To Sky Enduro Motosiklet Yar\u0131\u015f\u0131, Uluslararas\u0131 Motosiklet Federasyonu (FIM) taraf\u0131ndan Hard Enduro D\u00fcnya \u015eampiyonas\u0131&#8217;na dahil edilen 6. Aya\u011f\u0131 da\u011f etab\u0131yla sona erdi.\u00a0 \u200bKemer&#8217;de 15 y\u0131ld\u0131r aral\u0131ks\u0131z d\u00fczenlenen Sea To Sky Enduro Motosiklet Yar\u0131\u015f\u0131, Uluslararas\u0131 Motosiklet Federasyonu (FIM) taraf\u0131ndan Hard Enduro D\u00fcnya \u015eampiyonas\u0131&#8217;na dahil edilen 6. Aya\u011f\u0131 da\u011f etab\u0131yla sona erdi.\u00a0\u00a0 \u200biskenderun","og_url":"https:\/\/denizcankizil.tr\/uk\/haberler\/gundem\/sea-to-sky-enduro-motosiklet-yarislari-sona-erdi\/","og_site_name":"Av. Deniz Can K\u0131z\u0131l","article_published_time":"2024-10-14T01:09:03+00:00","twitter_card":"summary_large_image","schema":{"@context":"https:\/\/schema.org","@graph":[{"@type":"Article","@id":"https:\/\/denizcankizil.tr\/en\/haberler\/gundem\/sea-to-sky-enduro-motosiklet-yarislari-sona-erdi\/#article","isPartOf":{"@id":"https:\/\/denizcankizil.tr\/en\/haberler\/gundem\/sea-to-sky-enduro-motosiklet-yarislari-sona-erdi\/"},"author":{"name":"","@id":""},"headline":"Sea To Sky Enduro Motosiklet Yar\u0131\u015flar\u0131 sona erdi","datePublished":"2024-10-14T01:09:03+00:00","mainEntityOfPage":{"@id":"https:\/\/denizcankizil.tr\/en\/haberler\/gundem\/sea-to-sky-enduro-motosiklet-yarislari-sona-erdi\/"},"wordCount":82,"commentCount":0,"publisher":{"@id":"https:\/\/denizcankizil.tr\/de\/#organization"},"articleSection":["G\u00fcndem"],"inLanguage":"uk","potentialAction":[{"@type":"CommentAction","name":"Comment","target":["https:\/\/denizcankizil.tr\/en\/haberler\/gundem\/sea-to-sky-enduro-motosiklet-yarislari-sona-erdi\/#respond"]}]},{"@type":"WebPage","@id":"https:\/\/denizcankizil.tr\/en\/haberler\/gundem\/sea-to-sky-enduro-motosiklet-yarislari-sona-erdi\/","url":"https:\/\/denizcankizil.tr\/en\/haberler\/gundem\/sea-to-sky-enduro-motosiklet-yarislari-sona-erdi\/","name":"Sea To Sky Enduro Motosiklet Yar\u0131\u015flar\u0131 sona erdi - Av. Deniz Can K\u0131z\u0131l","isPartOf":{"@id":"https:\/\/denizcankizil.tr\/de\/#website"},"datePublished":"2024-10-14T01:09:03+00:00","breadcrumb":{"@id":"https:\/\/denizcankizil.tr\/en\/haberler\/gundem\/sea-to-sky-enduro-motosiklet-yarislari-sona-erdi\/#breadcrumb"},"inLanguage":"uk","potentialAction":[{"@type":"ReadAction","target":["https:\/\/denizcankizil.tr\/en\/haberler\/gundem\/sea-to-sky-enduro-motosiklet-yarislari-sona-erdi\/"]}]},{"@type":"BreadcrumbList","@id":"https:\/\/denizcankizil.tr\/en\/haberler\/gundem\/sea-to-sky-enduro-motosiklet-yarislari-sona-erdi\/#breadcrumb","itemListElement":[{"@type":"ListItem","position":1,"name":"Home","item":"https:\/\/denizcankizil.tr\/de\/"},{"@type":"ListItem","position":2,"name":"Sea To Sky Enduro Motosiklet Yar\u0131\u015flar\u0131 sona erdi"}]},{"@type":"WebSite","@id":"https:\/\/denizcankizil.tr\/de\/#website","url":"https:\/\/denizcankizil.tr\/de\/","name":"Av. Deniz Can K\u0131z\u0131l","description":"Avukat Deniz Can K\u0131z\u0131l Antalya Barosu","publisher":{"@id":"https:\/\/denizcankizil.tr\/de\/#organization"},"potentialAction":[{"@type":"SearchAction","target":{"@type":"EntryPoint","urlTemplate":"https:\/\/denizcankizil.tr\/de\/?s={search_term_string}"},"query-input":{"@type":"PropertyValueSpecification","valueRequired":true,"valueName":"search_term_string"}}],"inLanguage":"uk"},{"@type":"Organization","@id":"https:\/\/denizcankizil.tr\/de\/#organization","name":"Av. Deniz Can K\u0131z\u0131l","url":"https:\/\/denizcankizil.tr\/de\/","logo":{"@type":"ImageObject","inLanguage":"uk","@id":"https:\/\/denizcankizil.tr\/de\/#\/schema\/logo\/image\/","url":"https:\/\/denizcankizil.tr\/wp-content\/uploads\/2024\/10\/siyah-logo-svg.svg","contentUrl":"https:\/\/denizcankizil.tr\/wp-content\/uploads\/2024\/10\/siyah-logo-svg.svg","width":1080,"height":1080,"caption":"Av. Deniz Can K\u0131z\u0131l"},"image":{"@id":"https:\/\/denizcankizil.tr\/de\/#\/schema\/logo\/image\/"}}]}},"_links":{"self":[{"href":"https:\/\/denizcankizil.tr\/uk\/wp-json\/wp\/v2\/posts\/2301","targetHints":{"allow":["GET"]}}],"collection":[{"href":"https:\/\/denizcankizil.tr\/uk\/wp-json\/wp\/v2\/posts"}],"about":[{"href":"https:\/\/denizcankizil.tr\/uk\/wp-json\/wp\/v2\/types\/post"}],"replies":[{"embeddable":true,"href":"https:\/\/denizcankizil.tr\/uk\/wp-json\/wp\/v2\/comments?post=2301"}],"version-history":[{"count":0,"href":"https:\/\/denizcankizil.tr\/uk\/wp-json\/wp\/v2\/posts\/2301\/revisions"}],"wp:attachment":[{"href":"https:\/\/denizcankizil.tr\/uk\/wp-json\/wp\/v2\/media?parent=2301"}],"wp:term":[{"taxonomy":"category","embeddable":true,"href":"https:\/\/denizcankizil.tr\/uk\/wp-json\/wp\/v2\/categories?post=2301"},{"taxonomy":"post_tag","embeddable":true,"href":"https:\/\/denizcankizil.tr\/uk\/wp-json\/wp\/v2\/tags?post=2301"}],"curies":[{"name":"wp","href":"https:\/\/api.w.org\/{rel}","templated":true}]}}