{"id":22968,"date":"2024-12-30T12:41:16","date_gmt":"2024-12-30T09:41:16","guid":{"rendered":"https:\/\/denizcankizil.tr\/uncategorized-tr\/kayak-merkezlerine-yogun-talep\/"},"modified":"2024-12-30T12:41:16","modified_gmt":"2024-12-30T09:41:16","slug":"kayak-merkezlerine-yogun-talep","status":"publish","type":"post","link":"https:\/\/denizcankizil.tr\/uk\/haberler\/antalya\/kayak-merkezlerine-yogun-talep\/","title":{"rendered":"Kayak merkezlerine yo\u011fun talep"},"content":{"rendered":"<p>T\u00fcrkiye genelinde etkili olan kar ya\u011f\u0131\u015f\u0131 bir\u00e7ok b\u00f6lgede manzaralar olu\u015ftururken, y\u0131lba\u015f\u0131 tatili \u00f6ncesi ya\u015fanan yo\u011fun kar ya\u011f\u0131\u015f\u0131yla birlikte bir\u00e7ok kayak merkezi de k\u0131\u015f sezonunu a\u00e7t\u0131. Bu y\u0131l sal\u0131 ak\u015fam\u0131 kutlanacak y\u0131lba\u015f\u0131 tatili i\u00e7in yurt i\u00e7i tatil planlamas\u0131 yapanlar, genellikle 2-3 g\u00fcnl\u00fck turlar\u0131 tercih etti. En yo\u011fun talep ise kayak merkezlerine oldu. \u00d6zellikle son 1 haftad\u0131r, kayak merkezlerinde kar ya\u011f\u0131\u015f\u0131na ba\u011fl\u0131 rezervasyonlarda art\u0131\u015f oldu.<\/p>\n<p>DOLULUKLAR Y\u00dcZDE 90&#8217;I A\u015eTI<\/p>\n<p>T\u00dcROFED Ba\u015fkan\u0131 Erkan Ya\u011fc\u0131, y\u0131lba\u015f\u0131 \u00f6ncesi kayak merkezlerindeki kar kal\u0131nl\u0131klar\u0131n\u0131n kayak yap\u0131labilir d\u00fczeylere ula\u015fmas\u0131n\u0131n, bu b\u00f6lgelerdeki tesisler a\u00e7\u0131s\u0131ndan sevindirici oldu\u011funu s\u00f6yledi. Y\u0131lba\u015f\u0131 ve k\u0131\u015f sezonunda ge\u00e7en y\u0131llara paralel oranda kayak tesislerine ilgi olu\u015ftu\u011funu s\u00f6yleyen Ya\u011fc\u0131, y\u0131lba\u015f\u0131 tatilinde en b\u00fcy\u00fck ilginin kayak merkezlerine g\u00f6sterildi\u011fini belirtti. Kayak merkezlerindeki otellerde rezervasyonlar\u0131n y\u00fczde 90&#8217;\u0131 a\u015ft\u0131\u011f\u0131n\u0131, y\u0131lba\u015f\u0131nda tam dolulu\u011fa ula\u015fmas\u0131n\u0131 beklendiklerini a\u00e7\u0131klayan Ya\u011fc\u0131, turizm sekt\u00f6r\u00fcn\u00fcn en \u00f6nemli sorunu olarak ise kur ve enflasyon makas\u0131na dikkati \u00e7ekti.<\/p>\n<p>DAVRAZ SEZONU A\u00c7TI<\/p>\n<p>Isparta&#8217;da E\u011firdir G\u00f6l\u00fc manzaral\u0131, kent merkezine 26 kilometre mesafede, 2 bin 635 metre y\u00fckseklikteki Davraz Kayak Merkezi&#8217;ndeki pistlerde kar kal\u0131nl\u0131\u011f\u0131, yo\u011fun ya\u011f\u0131\u015fla birlikte 61 santimetreye ula\u015ft\u0131. Isparta \u0130l Genel Meclisi Ba\u015fkan\u0131 Mehmet Ali Ertu\u011frul, Davraz Kayak Merkezi&#8217;nde 28 Aral\u0131k Cumartesi itibar\u0131yla kayak sezonunun a\u00e7\u0131ld\u0131\u011f\u0131n\u0131 s\u00f6yledi. Ge\u00e7en sene istenen d\u00fczeyde ya\u011f\u0131\u015f olmad\u0131\u011f\u0131 i\u00e7in k\u00f6t\u00fc bir sezon ya\u015fand\u0131\u011f\u0131n\u0131 belirten Ertu\u011frul, \u201cBu y\u0131l ise kar ya\u011f\u0131\u015f\u0131 \u00e7ok g\u00fczel, ya\u011f\u0131\u015flar\u0131n devam edece\u011fi de belirtiliyor. Bu y\u0131ldan \u00e7ok umutluyuz. Davraz&#8217;daki konaklama tesislerimiz de haz\u0131rl\u0131klar\u0131n\u0131 tamamlad\u0131. Hem g\u00fcn\u00fcbirlik hem de konaklamal\u0131 misafirlerimize hizmete haz\u0131r. Hem y\u0131lba\u015f\u0131 tatili d\u00f6nemi hem de k\u0131\u015f sezonu boyunca Isparta ve T\u00fcrkiye&#8217;nin b\u00fct\u00fcn illerinden misafirlerimizi bekliyoruz&#8221; diye konu\u015ftu.<\/p>\n<p>1500 K\u0130\u015e\u0130 KAPAS\u0130TEL\u0130 GONDOLLAR H\u0130ZMETTE<\/p>\n<p>Davraz&#8217;da saatte 1500 ki\u015fi ta\u015f\u0131ma kapasiteli 47 gondol yat\u0131r\u0131m\u0131n\u0131n da faaliyete ge\u00e7ti\u011fini belirten Ertu\u011frul, \u201cGe\u00e7en y\u0131l k\u0131smi olarak hizmete al\u0131nm\u0131\u015f olan, 8&#8217;er ki\u015filik 47 gondoldan olu\u015fan Davraz Gondol mekanik tesisini bu y\u0131l tam kapasiteyle hizmete ald\u0131k. Ayr\u0131ca kapal\u0131 bir alan i\u00e7erisinde 165 metre uzunlu\u011funda y\u00fcr\u00fcyen bant sayesinde kayak\u00e7\u0131lar\u0131n d\u00f6n\u00fc\u015flerinde yoku\u015f \u00e7\u0131kma zahmetini ortadan kald\u0131rd\u0131k&#8221; dedi.<\/p>\n<p>KAYAK MERKEZLER\u0130NDEK\u0130 SON DURUM<\/p>\n<p>Meteoroloji Genel M\u00fcd\u00fcrl\u00fc\u011f\u00fc&#8217;n\u00fcn son verilerine g\u00f6re T\u00fcrkiye&#8217;de kayak merkezlerindeki kar kal\u0131nl\u0131\u011f\u0131, en y\u00fcksek 128 santimetre ile Erzurum&#8217;daki Paland\u00f6ken Kayak Merkezi&#8217;nde olu\u015ftu. Di\u011fer kayak merkezleri \u015f\u00f6yle s\u0131ralan\u0131yor; Bitlis&#8217;teki Nemrut Kayak Merkezi 98 santim. Erzurum&#8217;daki Konakl\u0131 Kayak Merkezi 93 santim. Bolu&#8217;daki Kartalkaya Kayak Merkezi 90 santim. Erzincan&#8217;daki Ergan Kayak Merkezi 88 santim. Sivas&#8217;taki Y\u0131ld\u0131z Da\u011f\u0131 Kayak Merkezi 70 santim. Antalya&#8217;daki Sakl\u0131kent Kayak Merkezi 70 santim. Bursa&#8217;daki Uluda\u011f Kayak Merkezi 63 santim. Isparta&#8217;daki Davraz Kayak Merkezi 61 santim. Kayseri&#8217;deki Erciyes Kayak Merkezi 60 santim. G\u00fcm\u00fc\u015fhane&#8217;deki Zigana Kayak Merkezi 59 santim. Hakkari Kayak Merkezi 59 santim. Ordu&#8217;daki \u00c7amba\u015f\u0131 Kayak Merkezi 58 santim. Bayburt&#8217;taki Kop Da\u011f\u0131 Kayak Merkezi 49 santim. Artvin&#8217;deki Mersivan Kayak Merkezi 44 santim. K\u00fctahya&#8217;daki Murat Da\u011f\u0131 Kayak Merkezi 37 santim. Kastamonu&#8217;daki Ilgaz Kayak Merkezi 35 santim. Kars&#8217;taki Sar\u0131kam\u0131\u015f Kayak Merkezi 33 santim. Denizli Kayak Merkezi 30 santim. Bing\u00f6l&#8217;deki Hesarek Kayak Merkezi 21 santim.<\/p>\n<p>Kaynak: www.kanalv.com.tr Haber Sitesinden Al\u0131nm\u0131\u015ft\u0131r.<\/p>","protected":false},"excerpt":{"rendered":"<p>T\u00fcrkiye genelinde etkili olan kar ya\u011f\u0131\u015f\u0131 bir\u00e7ok b\u00f6lgede manzaralar olu\u015ftururken, y\u0131lba\u015f\u0131 tatili \u00f6ncesi ya\u015fanan yo\u011fun kar ya\u011f\u0131\u015f\u0131yla birlikte bir\u00e7ok kayak merkezi de k\u0131\u015f sezonunu a\u00e7t\u0131. Bu y\u0131l sal\u0131 ak\u015fam\u0131 kutlanacak y\u0131lba\u015f\u0131 tatili i\u00e7in yurt i\u00e7i tatil planlamas\u0131 yapanlar, genellikle 2-3 g\u00fcnl\u00fck turlar\u0131 tercih etti. En yo\u011fun talep ise kayak merkezlerine oldu. \u00d6zellikle son 1 haftad\u0131r, kayak merkezlerinde kar ya\u011f\u0131\u015f\u0131na ba\u011fl\u0131 rezervasyonlarda art\u0131\u015f oldu. DOLULUKLAR Y\u00dcZDE 90&#8217;I A\u015eTI T\u00dcROFED Ba\u015fkan\u0131 Erkan Ya\u011fc\u0131, y\u0131lba\u015f\u0131 \u00f6ncesi kayak merkezlerindeki kar kal\u0131nl\u0131klar\u0131n\u0131n kayak yap\u0131labilir d\u00fczeylere ula\u015fmas\u0131n\u0131n, bu b\u00f6lgelerdeki tesisler a\u00e7\u0131s\u0131ndan sevindirici oldu\u011funu s\u00f6yledi. Y\u0131lba\u015f\u0131 ve k\u0131\u015f sezonunda ge\u00e7en y\u0131llara paralel oranda kayak tesislerine ilgi olu\u015ftu\u011funu s\u00f6yleyen Ya\u011fc\u0131, y\u0131lba\u015f\u0131 tatilinde en b\u00fcy\u00fck ilginin kayak merkezlerine g\u00f6sterildi\u011fini belirtti. Kayak merkezlerindeki otellerde rezervasyonlar\u0131n y\u00fczde 90&#8217;\u0131 a\u015ft\u0131\u011f\u0131n\u0131, y\u0131lba\u015f\u0131nda tam dolulu\u011fa ula\u015fmas\u0131n\u0131 beklendiklerini a\u00e7\u0131klayan Ya\u011fc\u0131, turizm sekt\u00f6r\u00fcn\u00fcn en \u00f6nemli sorunu olarak ise kur ve enflasyon makas\u0131na dikkati \u00e7ekti. DAVRAZ SEZONU A\u00c7TI Isparta&#8217;da E\u011firdir G\u00f6l\u00fc manzaral\u0131, kent merkezine 26 kilometre mesafede, 2 bin 635 metre y\u00fckseklikteki Davraz Kayak Merkezi&#8217;ndeki pistlerde kar kal\u0131nl\u0131\u011f\u0131, yo\u011fun ya\u011f\u0131\u015fla birlikte 61 santimetreye ula\u015ft\u0131. Isparta \u0130l Genel Meclisi Ba\u015fkan\u0131 Mehmet Ali Ertu\u011frul, Davraz Kayak Merkezi&#8217;nde 28 Aral\u0131k Cumartesi itibar\u0131yla kayak sezonunun a\u00e7\u0131ld\u0131\u011f\u0131n\u0131 s\u00f6yledi. Ge\u00e7en sene istenen d\u00fczeyde ya\u011f\u0131\u015f olmad\u0131\u011f\u0131 i\u00e7in k\u00f6t\u00fc bir sezon ya\u015fand\u0131\u011f\u0131n\u0131 belirten Ertu\u011frul, \u201cBu &hellip;<\/p>","protected":false},"author":0,"featured_media":22969,"comment_status":"open","ping_status":"open","sticky":false,"template":"","format":"standard","meta":{"_acf_changed":false,"footnotes":""},"categories":[26,535],"tags":[],"class_list":["post-22968","post","type-post","status-publish","format-standard","has-post-thumbnail","hentry","category-antalya","category-uncategorized-tr"],"acf":[],"yoast_head":"<!-- This site is optimized with the Yoast SEO Premium plugin v26.6 (Yoast SEO v27.1.1) - https:\/\/yoast.com\/product\/yoast-seo-premium-wordpress\/ -->\n<title>Kayak merkezlerine yo\u011fun talep - Av. Deniz Can K\u0131z\u0131l<\/title>\n<meta name=\"robots\" content=\"index, follow, max-snippet:-1, max-image-preview:large, max-video-preview:-1\" \/>\n<link rel=\"canonical\" href=\"https:\/\/denizcankizil.tr\/uk\/haberler\/antalya\/kayak-merkezlerine-yogun-talep\/\" \/>\n<meta property=\"og:locale\" content=\"uk_UA\" \/>\n<meta property=\"og:type\" content=\"article\" \/>\n<meta property=\"og:title\" content=\"Kayak merkezlerine yo\u011fun talep\" \/>\n<meta property=\"og:description\" content=\"T\u00fcrkiye genelinde etkili olan kar ya\u011f\u0131\u015f\u0131 bir\u00e7ok b\u00f6lgede manzaralar olu\u015ftururken, y\u0131lba\u015f\u0131 tatili \u00f6ncesi ya\u015fanan yo\u011fun kar ya\u011f\u0131\u015f\u0131yla birlikte bir\u00e7ok kayak merkezi de k\u0131\u015f sezonunu a\u00e7t\u0131. Bu y\u0131l sal\u0131 ak\u015fam\u0131 kutlanacak y\u0131lba\u015f\u0131 tatili i\u00e7in yurt i\u00e7i tatil planlamas\u0131 yapanlar, genellikle 2-3 g\u00fcnl\u00fck turlar\u0131 tercih etti. En yo\u011fun talep ise kayak merkezlerine oldu. \u00d6zellikle son 1 haftad\u0131r, kayak merkezlerinde kar ya\u011f\u0131\u015f\u0131na ba\u011fl\u0131 rezervasyonlarda art\u0131\u015f oldu. DOLULUKLAR Y\u00dcZDE 90&#8217;I A\u015eTI T\u00dcROFED Ba\u015fkan\u0131 Erkan Ya\u011fc\u0131, y\u0131lba\u015f\u0131 \u00f6ncesi kayak merkezlerindeki kar kal\u0131nl\u0131klar\u0131n\u0131n kayak yap\u0131labilir d\u00fczeylere ula\u015fmas\u0131n\u0131n, bu b\u00f6lgelerdeki tesisler a\u00e7\u0131s\u0131ndan sevindirici oldu\u011funu s\u00f6yledi. Y\u0131lba\u015f\u0131 ve k\u0131\u015f sezonunda ge\u00e7en y\u0131llara paralel oranda kayak tesislerine ilgi olu\u015ftu\u011funu s\u00f6yleyen Ya\u011fc\u0131, y\u0131lba\u015f\u0131 tatilinde en b\u00fcy\u00fck ilginin kayak merkezlerine g\u00f6sterildi\u011fini belirtti. Kayak merkezlerindeki otellerde rezervasyonlar\u0131n y\u00fczde 90&#8217;\u0131 a\u015ft\u0131\u011f\u0131n\u0131, y\u0131lba\u015f\u0131nda tam dolulu\u011fa ula\u015fmas\u0131n\u0131 beklendiklerini a\u00e7\u0131klayan Ya\u011fc\u0131, turizm sekt\u00f6r\u00fcn\u00fcn en \u00f6nemli sorunu olarak ise kur ve enflasyon makas\u0131na dikkati \u00e7ekti. DAVRAZ SEZONU A\u00c7TI Isparta&#8217;da E\u011firdir G\u00f6l\u00fc manzaral\u0131, kent merkezine 26 kilometre mesafede, 2 bin 635 metre y\u00fckseklikteki Davraz Kayak Merkezi&#8217;ndeki pistlerde kar kal\u0131nl\u0131\u011f\u0131, yo\u011fun ya\u011f\u0131\u015fla birlikte 61 santimetreye ula\u015ft\u0131. Isparta \u0130l Genel Meclisi Ba\u015fkan\u0131 Mehmet Ali Ertu\u011frul, Davraz Kayak Merkezi&#8217;nde 28 Aral\u0131k Cumartesi itibar\u0131yla kayak sezonunun a\u00e7\u0131ld\u0131\u011f\u0131n\u0131 s\u00f6yledi. Ge\u00e7en sene istenen d\u00fczeyde ya\u011f\u0131\u015f olmad\u0131\u011f\u0131 i\u00e7in k\u00f6t\u00fc bir sezon ya\u015fand\u0131\u011f\u0131n\u0131 belirten Ertu\u011frul, \u201cBu &hellip;\" \/>\n<meta property=\"og:url\" content=\"https:\/\/denizcankizil.tr\/uk\/haberler\/antalya\/kayak-merkezlerine-yogun-talep\/\" \/>\n<meta property=\"og:site_name\" content=\"Av. Deniz Can K\u0131z\u0131l\" \/>\n<meta property=\"article:published_time\" content=\"2024-12-30T09:41:16+00:00\" \/>\n<meta property=\"og:image\" content=\"https:\/\/denizcankizil.tr\/wp-content\/uploads\/2024\/12\/3819-01-dyUX78.jpeg\" \/>\n\t<meta property=\"og:image:width\" content=\"1280\" \/>\n\t<meta property=\"og:image:height\" content=\"720\" \/>\n\t<meta property=\"og:image:type\" content=\"image\/jpeg\" \/>\n<meta name=\"twitter:card\" content=\"summary_large_image\" \/>\n<meta name=\"twitter:label1\" content=\"\u041f\u0440\u0438\u0431\u043b. \u0447\u0430\u0441 \u0447\u0438\u0442\u0430\u043d\u043d\u044f\" \/>\n\t<meta name=\"twitter:data1\" content=\"3 \u0445\u0432\u0438\u043b\u0438\u043d\u0438\" \/>\n<script type=\"application\/ld+json\" class=\"yoast-schema-graph\">{\"@context\":\"https:\/\/schema.org\",\"@graph\":[{\"@type\":\"Article\",\"@id\":\"https:\/\/denizcankizil.tr\/uk\/haberler\/antalya\/kayak-merkezlerine-yogun-talep\/#article\",\"isPartOf\":{\"@id\":\"https:\/\/denizcankizil.tr\/uk\/haberler\/antalya\/kayak-merkezlerine-yogun-talep\/\"},\"author\":{\"name\":\"\",\"@id\":\"\"},\"headline\":\"Kayak merkezlerine yo\u011fun talep\",\"datePublished\":\"2024-12-30T09:41:16+00:00\",\"mainEntityOfPage\":{\"@id\":\"https:\/\/denizcankizil.tr\/uk\/haberler\/antalya\/kayak-merkezlerine-yogun-talep\/\"},\"wordCount\":622,\"commentCount\":0,\"publisher\":{\"@id\":\"https:\/\/denizcankizil.tr\/de\/#organization\"},\"image\":{\"@id\":\"https:\/\/denizcankizil.tr\/uk\/haberler\/antalya\/kayak-merkezlerine-yogun-talep\/#primaryimage\"},\"thumbnailUrl\":\"https:\/\/denizcankizil.tr\/wp-content\/uploads\/2024\/12\/3819-01-dyUX78.jpeg\",\"articleSection\":[\"Antalya\",\"Uncategorized\"],\"inLanguage\":\"uk\",\"potentialAction\":[{\"@type\":\"CommentAction\",\"name\":\"Comment\",\"target\":[\"https:\/\/denizcankizil.tr\/uk\/haberler\/antalya\/kayak-merkezlerine-yogun-talep\/#respond\"]}]},{\"@type\":\"WebPage\",\"@id\":\"https:\/\/denizcankizil.tr\/uk\/haberler\/antalya\/kayak-merkezlerine-yogun-talep\/\",\"url\":\"https:\/\/denizcankizil.tr\/uk\/haberler\/antalya\/kayak-merkezlerine-yogun-talep\/\",\"name\":\"Kayak merkezlerine yo\u011fun talep - Av. Deniz Can K\u0131z\u0131l\",\"isPartOf\":{\"@id\":\"https:\/\/denizcankizil.tr\/de\/#website\"},\"primaryImageOfPage\":{\"@id\":\"https:\/\/denizcankizil.tr\/uk\/haberler\/antalya\/kayak-merkezlerine-yogun-talep\/#primaryimage\"},\"image\":{\"@id\":\"https:\/\/denizcankizil.tr\/uk\/haberler\/antalya\/kayak-merkezlerine-yogun-talep\/#primaryimage\"},\"thumbnailUrl\":\"https:\/\/denizcankizil.tr\/wp-content\/uploads\/2024\/12\/3819-01-dyUX78.jpeg\",\"datePublished\":\"2024-12-30T09:41:16+00:00\",\"breadcrumb\":{\"@id\":\"https:\/\/denizcankizil.tr\/uk\/haberler\/antalya\/kayak-merkezlerine-yogun-talep\/#breadcrumb\"},\"inLanguage\":\"uk\",\"potentialAction\":[{\"@type\":\"ReadAction\",\"target\":[\"https:\/\/denizcankizil.tr\/uk\/haberler\/antalya\/kayak-merkezlerine-yogun-talep\/\"]}]},{\"@type\":\"ImageObject\",\"inLanguage\":\"uk\",\"@id\":\"https:\/\/denizcankizil.tr\/uk\/haberler\/antalya\/kayak-merkezlerine-yogun-talep\/#primaryimage\",\"url\":\"https:\/\/denizcankizil.tr\/wp-content\/uploads\/2024\/12\/3819-01-dyUX78.jpeg\",\"contentUrl\":\"https:\/\/denizcankizil.tr\/wp-content\/uploads\/2024\/12\/3819-01-dyUX78.jpeg\",\"width\":1280,\"height\":720},{\"@type\":\"BreadcrumbList\",\"@id\":\"https:\/\/denizcankizil.tr\/uk\/haberler\/antalya\/kayak-merkezlerine-yogun-talep\/#breadcrumb\",\"itemListElement\":[{\"@type\":\"ListItem\",\"position\":1,\"name\":\"Home\",\"item\":\"https:\/\/denizcankizil.tr\/de\/\"},{\"@type\":\"ListItem\",\"position\":2,\"name\":\"Kayak merkezlerine yo\u011fun talep\"}]},{\"@type\":\"WebSite\",\"@id\":\"https:\/\/denizcankizil.tr\/de\/#website\",\"url\":\"https:\/\/denizcankizil.tr\/de\/\",\"name\":\"Av. Deniz Can K\u0131z\u0131l\",\"description\":\"Avukat Deniz Can K\u0131z\u0131l Antalya Barosu\",\"publisher\":{\"@id\":\"https:\/\/denizcankizil.tr\/de\/#organization\"},\"potentialAction\":[{\"@type\":\"SearchAction\",\"target\":{\"@type\":\"EntryPoint\",\"urlTemplate\":\"https:\/\/denizcankizil.tr\/de\/?s={search_term_string}\"},\"query-input\":{\"@type\":\"PropertyValueSpecification\",\"valueRequired\":true,\"valueName\":\"search_term_string\"}}],\"inLanguage\":\"uk\"},{\"@type\":\"Organization\",\"@id\":\"https:\/\/denizcankizil.tr\/de\/#organization\",\"name\":\"Av. Deniz Can K\u0131z\u0131l\",\"url\":\"https:\/\/denizcankizil.tr\/de\/\",\"logo\":{\"@type\":\"ImageObject\",\"inLanguage\":\"uk\",\"@id\":\"https:\/\/denizcankizil.tr\/de\/#\/schema\/logo\/image\/\",\"url\":\"https:\/\/denizcankizil.tr\/wp-content\/uploads\/2024\/10\/siyah-logo-svg.svg\",\"contentUrl\":\"https:\/\/denizcankizil.tr\/wp-content\/uploads\/2024\/10\/siyah-logo-svg.svg\",\"width\":1080,\"height\":1080,\"caption\":\"Av. Deniz Can K\u0131z\u0131l\"},\"image\":{\"@id\":\"https:\/\/denizcankizil.tr\/de\/#\/schema\/logo\/image\/\"}}]}<\/script>\n<!-- \/ Yoast SEO Premium plugin. -->","yoast_head_json":{"title":"Kayak merkezlerine yo\u011fun talep - Av. Deniz Can K\u0131z\u0131l","robots":{"index":"index","follow":"follow","max-snippet":"max-snippet:-1","max-image-preview":"max-image-preview:large","max-video-preview":"max-video-preview:-1"},"canonical":"https:\/\/denizcankizil.tr\/uk\/haberler\/antalya\/kayak-merkezlerine-yogun-talep\/","og_locale":"uk_UA","og_type":"article","og_title":"Kayak merkezlerine yo\u011fun talep","og_description":"T\u00fcrkiye genelinde etkili olan kar ya\u011f\u0131\u015f\u0131 bir\u00e7ok b\u00f6lgede manzaralar olu\u015ftururken, y\u0131lba\u015f\u0131 tatili \u00f6ncesi ya\u015fanan yo\u011fun kar ya\u011f\u0131\u015f\u0131yla birlikte bir\u00e7ok kayak merkezi de k\u0131\u015f sezonunu a\u00e7t\u0131. Bu y\u0131l sal\u0131 ak\u015fam\u0131 kutlanacak y\u0131lba\u015f\u0131 tatili i\u00e7in yurt i\u00e7i tatil planlamas\u0131 yapanlar, genellikle 2-3 g\u00fcnl\u00fck turlar\u0131 tercih etti. En yo\u011fun talep ise kayak merkezlerine oldu. \u00d6zellikle son 1 haftad\u0131r, kayak merkezlerinde kar ya\u011f\u0131\u015f\u0131na ba\u011fl\u0131 rezervasyonlarda art\u0131\u015f oldu. DOLULUKLAR Y\u00dcZDE 90&#8217;I A\u015eTI T\u00dcROFED Ba\u015fkan\u0131 Erkan Ya\u011fc\u0131, y\u0131lba\u015f\u0131 \u00f6ncesi kayak merkezlerindeki kar kal\u0131nl\u0131klar\u0131n\u0131n kayak yap\u0131labilir d\u00fczeylere ula\u015fmas\u0131n\u0131n, bu b\u00f6lgelerdeki tesisler a\u00e7\u0131s\u0131ndan sevindirici oldu\u011funu s\u00f6yledi. Y\u0131lba\u015f\u0131 ve k\u0131\u015f sezonunda ge\u00e7en y\u0131llara paralel oranda kayak tesislerine ilgi olu\u015ftu\u011funu s\u00f6yleyen Ya\u011fc\u0131, y\u0131lba\u015f\u0131 tatilinde en b\u00fcy\u00fck ilginin kayak merkezlerine g\u00f6sterildi\u011fini belirtti. Kayak merkezlerindeki otellerde rezervasyonlar\u0131n y\u00fczde 90&#8217;\u0131 a\u015ft\u0131\u011f\u0131n\u0131, y\u0131lba\u015f\u0131nda tam dolulu\u011fa ula\u015fmas\u0131n\u0131 beklendiklerini a\u00e7\u0131klayan Ya\u011fc\u0131, turizm sekt\u00f6r\u00fcn\u00fcn en \u00f6nemli sorunu olarak ise kur ve enflasyon makas\u0131na dikkati \u00e7ekti. DAVRAZ SEZONU A\u00c7TI Isparta&#8217;da E\u011firdir G\u00f6l\u00fc manzaral\u0131, kent merkezine 26 kilometre mesafede, 2 bin 635 metre y\u00fckseklikteki Davraz Kayak Merkezi&#8217;ndeki pistlerde kar kal\u0131nl\u0131\u011f\u0131, yo\u011fun ya\u011f\u0131\u015fla birlikte 61 santimetreye ula\u015ft\u0131. Isparta \u0130l Genel Meclisi Ba\u015fkan\u0131 Mehmet Ali Ertu\u011frul, Davraz Kayak Merkezi&#8217;nde 28 Aral\u0131k Cumartesi itibar\u0131yla kayak sezonunun a\u00e7\u0131ld\u0131\u011f\u0131n\u0131 s\u00f6yledi. Ge\u00e7en sene istenen d\u00fczeyde ya\u011f\u0131\u015f olmad\u0131\u011f\u0131 i\u00e7in k\u00f6t\u00fc bir sezon ya\u015fand\u0131\u011f\u0131n\u0131 belirten Ertu\u011frul, \u201cBu &hellip;","og_url":"https:\/\/denizcankizil.tr\/uk\/haberler\/antalya\/kayak-merkezlerine-yogun-talep\/","og_site_name":"Av. Deniz Can K\u0131z\u0131l","article_published_time":"2024-12-30T09:41:16+00:00","og_image":[{"width":1280,"height":720,"url":"https:\/\/denizcankizil.tr\/wp-content\/uploads\/2024\/12\/3819-01-dyUX78.jpeg","type":"image\/jpeg"}],"twitter_card":"summary_large_image","twitter_misc":{"\u041f\u0440\u0438\u0431\u043b. \u0447\u0430\u0441 \u0447\u0438\u0442\u0430\u043d\u043d\u044f":"3 \u0445\u0432\u0438\u043b\u0438\u043d\u0438"},"schema":{"@context":"https:\/\/schema.org","@graph":[{"@type":"Article","@id":"https:\/\/denizcankizil.tr\/uk\/haberler\/antalya\/kayak-merkezlerine-yogun-talep\/#article","isPartOf":{"@id":"https:\/\/denizcankizil.tr\/uk\/haberler\/antalya\/kayak-merkezlerine-yogun-talep\/"},"author":{"name":"","@id":""},"headline":"Kayak merkezlerine yo\u011fun talep","datePublished":"2024-12-30T09:41:16+00:00","mainEntityOfPage":{"@id":"https:\/\/denizcankizil.tr\/uk\/haberler\/antalya\/kayak-merkezlerine-yogun-talep\/"},"wordCount":622,"commentCount":0,"publisher":{"@id":"https:\/\/denizcankizil.tr\/de\/#organization"},"image":{"@id":"https:\/\/denizcankizil.tr\/uk\/haberler\/antalya\/kayak-merkezlerine-yogun-talep\/#primaryimage"},"thumbnailUrl":"https:\/\/denizcankizil.tr\/wp-content\/uploads\/2024\/12\/3819-01-dyUX78.jpeg","articleSection":["Antalya","Uncategorized"],"inLanguage":"uk","potentialAction":[{"@type":"CommentAction","name":"Comment","target":["https:\/\/denizcankizil.tr\/uk\/haberler\/antalya\/kayak-merkezlerine-yogun-talep\/#respond"]}]},{"@type":"WebPage","@id":"https:\/\/denizcankizil.tr\/uk\/haberler\/antalya\/kayak-merkezlerine-yogun-talep\/","url":"https:\/\/denizcankizil.tr\/uk\/haberler\/antalya\/kayak-merkezlerine-yogun-talep\/","name":"Kayak merkezlerine yo\u011fun talep - Av. Deniz Can K\u0131z\u0131l","isPartOf":{"@id":"https:\/\/denizcankizil.tr\/de\/#website"},"primaryImageOfPage":{"@id":"https:\/\/denizcankizil.tr\/uk\/haberler\/antalya\/kayak-merkezlerine-yogun-talep\/#primaryimage"},"image":{"@id":"https:\/\/denizcankizil.tr\/uk\/haberler\/antalya\/kayak-merkezlerine-yogun-talep\/#primaryimage"},"thumbnailUrl":"https:\/\/denizcankizil.tr\/wp-content\/uploads\/2024\/12\/3819-01-dyUX78.jpeg","datePublished":"2024-12-30T09:41:16+00:00","breadcrumb":{"@id":"https:\/\/denizcankizil.tr\/uk\/haberler\/antalya\/kayak-merkezlerine-yogun-talep\/#breadcrumb"},"inLanguage":"uk","potentialAction":[{"@type":"ReadAction","target":["https:\/\/denizcankizil.tr\/uk\/haberler\/antalya\/kayak-merkezlerine-yogun-talep\/"]}]},{"@type":"ImageObject","inLanguage":"uk","@id":"https:\/\/denizcankizil.tr\/uk\/haberler\/antalya\/kayak-merkezlerine-yogun-talep\/#primaryimage","url":"https:\/\/denizcankizil.tr\/wp-content\/uploads\/2024\/12\/3819-01-dyUX78.jpeg","contentUrl":"https:\/\/denizcankizil.tr\/wp-content\/uploads\/2024\/12\/3819-01-dyUX78.jpeg","width":1280,"height":720},{"@type":"BreadcrumbList","@id":"https:\/\/denizcankizil.tr\/uk\/haberler\/antalya\/kayak-merkezlerine-yogun-talep\/#breadcrumb","itemListElement":[{"@type":"ListItem","position":1,"name":"Home","item":"https:\/\/denizcankizil.tr\/de\/"},{"@type":"ListItem","position":2,"name":"Kayak merkezlerine yo\u011fun talep"}]},{"@type":"WebSite","@id":"https:\/\/denizcankizil.tr\/de\/#website","url":"https:\/\/denizcankizil.tr\/de\/","name":"Av. Deniz Can K\u0131z\u0131l","description":"Avukat Deniz Can K\u0131z\u0131l Antalya Barosu","publisher":{"@id":"https:\/\/denizcankizil.tr\/de\/#organization"},"potentialAction":[{"@type":"SearchAction","target":{"@type":"EntryPoint","urlTemplate":"https:\/\/denizcankizil.tr\/de\/?s={search_term_string}"},"query-input":{"@type":"PropertyValueSpecification","valueRequired":true,"valueName":"search_term_string"}}],"inLanguage":"uk"},{"@type":"Organization","@id":"https:\/\/denizcankizil.tr\/de\/#organization","name":"Av. Deniz Can K\u0131z\u0131l","url":"https:\/\/denizcankizil.tr\/de\/","logo":{"@type":"ImageObject","inLanguage":"uk","@id":"https:\/\/denizcankizil.tr\/de\/#\/schema\/logo\/image\/","url":"https:\/\/denizcankizil.tr\/wp-content\/uploads\/2024\/10\/siyah-logo-svg.svg","contentUrl":"https:\/\/denizcankizil.tr\/wp-content\/uploads\/2024\/10\/siyah-logo-svg.svg","width":1080,"height":1080,"caption":"Av. Deniz Can K\u0131z\u0131l"},"image":{"@id":"https:\/\/denizcankizil.tr\/de\/#\/schema\/logo\/image\/"}}]}},"_links":{"self":[{"href":"https:\/\/denizcankizil.tr\/uk\/wp-json\/wp\/v2\/posts\/22968","targetHints":{"allow":["GET"]}}],"collection":[{"href":"https:\/\/denizcankizil.tr\/uk\/wp-json\/wp\/v2\/posts"}],"about":[{"href":"https:\/\/denizcankizil.tr\/uk\/wp-json\/wp\/v2\/types\/post"}],"replies":[{"embeddable":true,"href":"https:\/\/denizcankizil.tr\/uk\/wp-json\/wp\/v2\/comments?post=22968"}],"version-history":[{"count":0,"href":"https:\/\/denizcankizil.tr\/uk\/wp-json\/wp\/v2\/posts\/22968\/revisions"}],"wp:featuredmedia":[{"embeddable":true,"href":"https:\/\/denizcankizil.tr\/uk\/wp-json\/wp\/v2\/media\/22969"}],"wp:attachment":[{"href":"https:\/\/denizcankizil.tr\/uk\/wp-json\/wp\/v2\/media?parent=22968"}],"wp:term":[{"taxonomy":"category","embeddable":true,"href":"https:\/\/denizcankizil.tr\/uk\/wp-json\/wp\/v2\/categories?post=22968"},{"taxonomy":"post_tag","embeddable":true,"href":"https:\/\/denizcankizil.tr\/uk\/wp-json\/wp\/v2\/tags?post=22968"}],"curies":[{"name":"wp","href":"https:\/\/api.w.org\/{rel}","templated":true}]}}