{"id":22945,"date":"2024-12-30T10:41:29","date_gmt":"2024-12-30T07:41:29","guid":{"rendered":"https:\/\/denizcankizil.tr\/uncategorized-tr\/izelmanin-2024-raporu\/"},"modified":"2024-12-30T10:41:29","modified_gmt":"2024-12-30T07:41:29","slug":"izelmanin-2024-raporu","status":"publish","type":"post","link":"https:\/\/denizcankizil.tr\/uk\/haberler\/gundem\/izelmanin-2024-raporu\/","title":{"rendered":"\u0130ZELMAN&#8217;\u0131n 2024 raporu!"},"content":{"rendered":"<p>\u0130zmir B\u00fcy\u00fck\u015fehir Belediyesi i\u015ftiraki \u0130ZELMAN A\u015e 2024 y\u0131l\u0131nda \u0130zmirlilerin hayat\u0131n\u0131 kolayla\u015ft\u0131ran pek \u00e7ok uygulamaya imza att\u0131.\u0130ZM\u0130R (\u0130GFA) &#8211;\u00a0\u0130zmir\u2019de \u00f6nemli bir ihtiyac\u0131 kar\u015f\u0131layan \u0130ZELMAN otoparklar\u0131, 2024 y\u0131l\u0131nda yeni bir alan\u0131 daha b\u00fcnyesine ekledi. Kentte ya\u015fayanlar\u0131n \u00f6nemli ihtiya\u00e7lar\u0131ndan biri olarak saptanan karavan otoparklar\u0131n\u0131n ilki 4 Nisan 2024 tarihinde \u00c2\u015f\u0131k Veysel Binek ve Karavan Park alan\u0131 olarak faaliyete ge\u00e7ti. Bornova \u00c2\u015f\u0131k Veysel Rekreasyon Alan\u0131\u2019nda bulunan otoparkta binek ara\u00e7lar i\u00e7in 163, karavanlar i\u00e7in ise 89 park yeri bulunuyor. Hem abonelik sistemine hem de g\u00fcnl\u00fck ve saatlik giri\u015flere g\u00f6re i\u015fletilen otopark, 24 saat a\u00e7\u0131k olacak \u015fekilde \u00e7al\u0131\u015f\u0131yor ve otopark g\u00f6revlileri taraf\u0131ndan kontrol ediliyor.<br \/>\n\u0130nciralt\u0131 Tekne ve Karavan Otopark\u0131<br \/>\n2024 y\u0131l\u0131n\u0131n temmuz ay\u0131nda \u0130zmir B\u00fcy\u00fck\u015fehir Belediye Ba\u015fkan\u0131 Dr. Cemil Tugay, vatanda\u015flardan gelen istekleri yerine getirdi ve verdi\u011fi talimatla \u0130nciralt\u0131 Tekne ve Karavan Otopark\u0131 faaliyete ge\u00e7ti. \u0130nciralt\u0131 Terminal alan\u0131 i\u00e7inde yer alan otopark 64 tekne, 93 karavan park yeri ile \u0130zmir\u2019in \u00f6nemli bir ihtiyac\u0131na cevap veriyor. \u0130ZELMAN A\u015e taraf\u0131ndan sadece abonelik sistemine g\u00f6re i\u015fletilen otopark\u0131n g\u00fcvenlik g\u00f6revlileri taraf\u0131ndan 24 saat kontrol\u00fc sa\u011flan\u0131yor. Ayr\u0131ca otopark alan\u0131nda ara\u00e7lar\u0131n bariyerlerden yapaca\u011f\u0131 giri\u015f ve \u00e7\u0131k\u0131\u015flar da g\u00fcvenlik kameralar\u0131 taraf\u0131ndan kay\u0131t alt\u0131na al\u0131n\u0131yor. Park etmenin yan\u0131 s\u0131ra konaklamaya da a\u00e7\u0131k olan tekne ve karavan otopark\u0131, \u015fehrin i\u00e7inde do\u011fa ile ba\u015f ba\u015fa ve g\u00fcvenli bir ortamda karavan keyfi ya\u015famak isteyenlerin tercihi.<br \/>\nOtoparklar ak\u0131lland\u0131, art\u0131k plakalar\u0131 tan\u0131yor\u00a0<br \/>\n\u0130ZELMAN A\u015e taraf\u0131ndan i\u015fletilen 28 otoparkta \u2018Ak\u0131ll\u0131 Kent, Ak\u0131ll\u0131 Otoparklar\u2019 projesi kapsam\u0131nda, tam otomasyonlu Plaka Tan\u0131ma Sistemi kurularak hem \u0130ZELMAN y\u00f6netimi hem de vatanda\u015flar i\u00e7in verimlilik art\u0131ran ak\u0131ll\u0131 otopark ve teknolojik sistemlere ge\u00e7ildi. \u0130ZELMAN A\u015e otoparklar\u0131nda bekleme \u00e7ilesini sona erdiren Plaka Tan\u0131ma Sistemi sayesinde hem otoparklar\u0131n \u00f6n\u00fcndeki kuyruklar\u0131n azalmas\u0131 hem de yo\u011fun saatlerde trafik s\u0131k\u0131\u015f\u0131kl\u0131\u011f\u0131n\u0131n \u00f6n\u00fcne ge\u00e7ilmesi bekleniyor. Manuel kontrole, bilet almaya son veren sistem, k\u00e2\u011f\u0131t kullan\u0131m\u0131n\u0131 ve ara\u00e7lar\u0131n daha az karbon emisyonu salg\u0131lamas\u0131n\u0131 sa\u011flayarak \u00e7evreyi de koruyan bir \u00f6zelli\u011fe sahip. Otoparka giren t\u00fcm ara\u00e7lar\u0131n kayd\u0131n\u0131n tutuldu\u011fu sistem sayesinde \u0130zmirliler hatas\u0131z, h\u0131zl\u0131 ve kesintisiz hizmetle zaman kaybetmeden otoparklar\u0131 daha etkin kullanabiliyor.<br \/>\nOtoparklara zam yok<br \/>\n\u0130zmir B\u00fcy\u00fck\u015fehir Belediyesi, kent genelinde a\u00e7\u0131k, kapal\u0131, yol kenar\u0131 otoparklar\u0131, karavan parklar ile Mustafa Kemal Sahil Bulvar\u0131\u2019nda yer alan abone otoparklar\u0131n\u0131n \u00fccret tarifelerine yeni y\u0131lda zam yapmayacak. \u00a0\u0130ZELMAN A\u015e b\u00fcnyesinde hizmet veren otoparklar ile karavan parklar\u0131nda, 2024 y\u0131l\u0131 \u00fccretleri 2025 y\u0131l\u0131nda da uygulanmaya devam edecek. Enflasyon nedeniyle al\u0131m g\u00fc\u00e7lerinin d\u00fc\u015ft\u00fc\u011f\u00fcn\u00fc dile getiren \u0130zmirliler de otoparklara zam yap\u0131lmama karar\u0131n\u0131 memnuniyetle kar\u015f\u0131lad\u0131.<br \/>\n\u0130zmir\u2019in \u2018Yuva\u2019lar\u0131 artt\u0131<br \/>\n\u0130zmir\u2019in pek \u00e7ok b\u00f6lgesinde \u00e7ocuklara y\u00f6nelik faaliyet g\u00f6steren \u0130zmir B\u00fcy\u00fck\u015fehir Belediyesi Yuvam\u0131z \u0130zmir \u00c7ocuk Etkinlik Merkezleri\u2019nin say\u0131s\u0131 2024-2025 e\u011fitim \u00f6\u011fretim y\u0131l\u0131 d\u00f6neminde 14\u2019ten 18\u2019e y\u00fckseldi. Bu kapsamda Buca Evka 1, Gaziemir, Bornova \u0130n\u00f6n\u00fc, \u00c7i\u011fli Egekent\u2019e olmak \u00fczere d\u00f6rt yeni Yuvam\u0131z \u0130zmir daha a\u00e7\u0131ld\u0131. Toplam bin 168 \u00f6\u011frenci, \u0130zmir genelindeki 18 Yuvam\u0131z \u0130zmir merkezinde robotik kodlama, \u0130ngilizce, g\u00f6rsel sanatlar ve jimnastik gibi etkinliklerle b\u00fcy\u00fcyor.<br \/>\nFiyatlar\u0131 yar\u0131ya indi, say\u0131s\u0131 iki kat\u0131na \u00e7\u0131kacak<br \/>\n\u0130zmir merkez ve il\u00e7elerinde Yuvam\u0131z \u0130zmir \u00c7ocuk Etkinlik Merkezleri\u2019nin \u00fccretleri konusunda da ailelere nefes ald\u0131racak bir indirime gidildi. \u0130zmir B\u00fcy\u00fck\u015fehir Belediye Ba\u015fkan\u0131 Dr. Cemil Tugay\u2019\u0131n talimat\u0131yla ayl\u0131k 10 bin lira olan fiyatlarda y\u00fczde 50 indirim yap\u0131larak 5 bin liraya d\u00fc\u015f\u00fcr\u00fcld\u00fc. Sosyal belediyecili\u011fin en g\u00fczel \u00f6rneklerinden olan hizmetlerin halk\u0131n ekonomik s\u0131k\u0131nt\u0131lar\u0131n\u0131 bir nebze olsun rahatlatmas\u0131 ama\u00e7land\u0131. \u00a0\u0130ZELMAN A\u015e \u0130zmir B\u00fcy\u00fck\u015fehir Belediye Ba\u015fkan\u0131 Cemil Tugay\u2019\u0131n \u0130zmir\u2019i \u00e7ocuk dostu kent yapma hedefine Kiraz\u2019dan Dikili\u2019ye \u0130zmir\u2019in 18 noktas\u0131ndaki Yuvam\u0131z \u0130zmir ile katk\u0131 sunuyor. Deneyimli kadrosu, \u00f6\u011frenim ve geli\u015fimi destekleyen etkinlikleri, hijyenik ko\u015fullar\u0131, g\u00fcvenilir ortam\u0131 ile \u0130ZELMAN\u2019\u0131n b\u00fcnyesindeki Yuvam\u0131z \u0130zmir merkezlerinin say\u0131s\u0131 \u00f6n\u00fcm\u00fczdeki y\u0131l iki kat\u0131na \u00e7\u0131kacak.<br \/>\n\u00d6\u011frencileri a\u011f\u0131rlayan sosyal tesislere zam yap\u0131lmad\u0131<br \/>\nEkonomik krizin en \u00e7ok etkiledi\u011fi kesimler aras\u0131nda yer alan \u00fcniversiteli gen\u00e7lere, \u0130zmir B\u00fcy\u00fck\u015fehir Belediyesi kucak a\u00e7t\u0131. Kar\u015f\u0131yaka ve Buca il\u00e7elerindeki sosyal tesisler, \u0130zmir\u2019e ilk kez gelen \u00fcniversite \u00f6\u011frencileri i\u00e7in yeni \u00f6\u011fretim d\u00f6nemine haz\u0131rland\u0131. Tadilat\u0131 yap\u0131lan tesislerde odalar\u0131na yerle\u015fen \u00f6\u011frenciler, bar\u0131nma sorunu ve ekonomik krize dikkat \u00e7ekerek ayl\u0131k 2 bin TL \u00fccret verdikleri tesislerin hijyenik ve g\u00fcvenilir bir ortam sundu\u011funu s\u00f6yledi. \u0130zmir B\u00fcy\u00fck\u015fehir Belediye Ba\u015fkan\u0131 Dr. Cemil Tugay\u2019\u0131n karar\u0131yla, sosyal tesislerde kalan \u00f6\u011frenciler 2024-2025 e\u011fitim \u00f6\u011fretim y\u0131l\u0131nda da ge\u00e7en y\u0131l\u0131n fiyatlar\u0131 olan 2 bin TL kar\u015f\u0131l\u0131\u011f\u0131nda konakl\u0131yor. Kar\u015f\u0131yaka\u2019da bulunan \u0130ZELMAN A\u015e \u00d6rnekk\u00f6y Sosyal Tesisleri Misafirhanesi 72 ki\u015filik kapasitesi ile e\u011fitim i\u00e7in \u0130zmir\u2019de ya\u015famaya ba\u015flayan k\u0131z \u00f6\u011frencileri, \u0130ZELMAN A\u015e Buca Sosyal Tesisleri Misafirhanesi ise 108 ki\u015filik kapasitesi ile erkek \u00f6\u011frencileri a\u011f\u0131rl\u0131yor.<\/p>\n<p>\u200b\u0130zmir B\u00fcy\u00fck\u015fehir Belediyesi i\u015ftiraki \u0130ZELMAN A\u015e 2024 y\u0131l\u0131nda \u0130zmirlilerin hayat\u0131n\u0131 kolayla\u015ft\u0131ran pek \u00e7ok uygulamaya imza att\u0131.\u0130ZM\u0130R (\u0130GFA) &#8211;\u00a0\u0130zmir\u2019de \u00f6nemli bir ihtiyac\u0131 kar\u015f\u0131layan \u0130ZELMAN otoparklar\u0131, 2024 y\u0131l\u0131nda yeni bir alan\u0131 daha b\u00fcnyesine ekledi. Kentte ya\u015fayanlar\u0131n \u00f6nemli ihtiya\u00e7lar\u0131ndan biri olarak saptanan karavan otoparklar\u0131n\u0131n ilki 4 Nisan 2024 tarihinde \u00c2\u015f\u0131k Veysel Binek ve Karavan Park alan\u0131 olarak faaliyete ge\u00e7ti. Bornova \u00c2\u015f\u0131k Veysel Rekreasyon Alan\u0131\u2019nda bulunan otoparkta binek ara\u00e7lar i\u00e7in 163, karavanlar i\u00e7in ise 89 park yeri bulunuyor. Hem abonelik sistemine hem de g\u00fcnl\u00fck ve saatlik giri\u015flere g\u00f6re i\u015fletilen otopark, 24 saat a\u00e7\u0131k olacak \u015fekilde \u00e7al\u0131\u015f\u0131yor ve otopark g\u00f6revlileri taraf\u0131ndan kontrol ediliyor.<br \/>\n\u0130nciralt\u0131 Tekne ve Karavan Otopark\u0131<br \/>\n2024 y\u0131l\u0131n\u0131n temmuz ay\u0131nda \u0130zmir B\u00fcy\u00fck\u015fehir Belediye Ba\u015fkan\u0131 Dr. Cemil Tugay, vatanda\u015flardan gelen istekleri yerine getirdi ve verdi\u011fi talimatla \u0130nciralt\u0131 Tekne ve Karavan Otopark\u0131 faaliyete ge\u00e7ti. \u0130nciralt\u0131 Terminal alan\u0131 i\u00e7inde yer alan otopark 64 tekne, 93 karavan park yeri ile \u0130zmir\u2019in \u00f6nemli bir ihtiyac\u0131na cevap veriyor. \u0130ZELMAN A\u015e taraf\u0131ndan sadece abonelik sistemine g\u00f6re i\u015fletilen otopark\u0131n g\u00fcvenlik g\u00f6revlileri taraf\u0131ndan 24 saat kontrol\u00fc sa\u011flan\u0131yor. Ayr\u0131ca otopark alan\u0131nda ara\u00e7lar\u0131n bariyerlerden yapaca\u011f\u0131 giri\u015f ve \u00e7\u0131k\u0131\u015flar da g\u00fcvenlik kameralar\u0131 taraf\u0131ndan kay\u0131t alt\u0131na al\u0131n\u0131yor. Park etmenin yan\u0131 s\u0131ra konaklamaya da a\u00e7\u0131k olan tekne ve karavan otopark\u0131, \u015fehrin i\u00e7inde do\u011fa ile ba\u015f ba\u015fa ve g\u00fcvenli bir ortamda karavan keyfi ya\u015famak isteyenlerin tercihi.<br \/>\nOtoparklar ak\u0131lland\u0131, art\u0131k plakalar\u0131 tan\u0131yor\u00a0<br \/>\n\u0130ZELMAN A\u015e taraf\u0131ndan i\u015fletilen 28 otoparkta \u2018Ak\u0131ll\u0131 Kent, Ak\u0131ll\u0131 Otoparklar\u2019 projesi kapsam\u0131nda, tam otomasyonlu Plaka Tan\u0131ma Sistemi kurularak hem \u0130ZELMAN y\u00f6netimi hem de vatanda\u015flar i\u00e7in verimlilik art\u0131ran ak\u0131ll\u0131 otopark ve teknolojik sistemlere ge\u00e7ildi. \u0130ZELMAN A\u015e otoparklar\u0131nda bekleme \u00e7ilesini sona erdiren Plaka Tan\u0131ma Sistemi sayesinde hem otoparklar\u0131n \u00f6n\u00fcndeki kuyruklar\u0131n azalmas\u0131 hem de yo\u011fun saatlerde trafik s\u0131k\u0131\u015f\u0131kl\u0131\u011f\u0131n\u0131n \u00f6n\u00fcne ge\u00e7ilmesi bekleniyor. Manuel kontrole, bilet almaya son veren sistem, k\u00e2\u011f\u0131t kullan\u0131m\u0131n\u0131 ve ara\u00e7lar\u0131n daha az karbon emisyonu salg\u0131lamas\u0131n\u0131 sa\u011flayarak \u00e7evreyi de koruyan bir \u00f6zelli\u011fe sahip. Otoparka giren t\u00fcm ara\u00e7lar\u0131n kayd\u0131n\u0131n tutuldu\u011fu sistem sayesinde \u0130zmirliler hatas\u0131z, h\u0131zl\u0131 ve kesintisiz hizmetle zaman kaybetmeden otoparklar\u0131 daha etkin kullanabiliyor.<br \/>\nOtoparklara zam yok<br \/>\n\u0130zmir B\u00fcy\u00fck\u015fehir Belediyesi, kent genelinde a\u00e7\u0131k, kapal\u0131, yol kenar\u0131 otoparklar\u0131, karavan parklar ile Mustafa Kemal Sahil Bulvar\u0131\u2019nda yer alan abone otoparklar\u0131n\u0131n \u00fccret tarifelerine yeni y\u0131lda zam yapmayacak. \u00a0\u0130ZELMAN A\u015e b\u00fcnyesinde hizmet veren otoparklar ile karavan parklar\u0131nda, 2024 y\u0131l\u0131 \u00fccretleri 2025 y\u0131l\u0131nda da uygulanmaya devam edecek. Enflasyon nedeniyle al\u0131m g\u00fc\u00e7lerinin d\u00fc\u015ft\u00fc\u011f\u00fcn\u00fc dile getiren \u0130zmirliler de otoparklara zam yap\u0131lmama karar\u0131n\u0131 memnuniyetle kar\u015f\u0131lad\u0131.<br \/>\n\u0130zmir\u2019in \u2018Yuva\u2019lar\u0131 artt\u0131<br \/>\n\u0130zmir\u2019in pek \u00e7ok b\u00f6lgesinde \u00e7ocuklara y\u00f6nelik faaliyet g\u00f6steren \u0130zmir B\u00fcy\u00fck\u015fehir Belediyesi Yuvam\u0131z \u0130zmir \u00c7ocuk Etkinlik Merkezleri\u2019nin say\u0131s\u0131 2024-2025 e\u011fitim \u00f6\u011fretim y\u0131l\u0131 d\u00f6neminde 14\u2019ten 18\u2019e y\u00fckseldi. Bu kapsamda Buca Evka 1, Gaziemir, Bornova \u0130n\u00f6n\u00fc, \u00c7i\u011fli Egekent\u2019e olmak \u00fczere d\u00f6rt yeni Yuvam\u0131z \u0130zmir daha a\u00e7\u0131ld\u0131. Toplam bin 168 \u00f6\u011frenci, \u0130zmir genelindeki 18 Yuvam\u0131z \u0130zmir merkezinde robotik kodlama, \u0130ngilizce, g\u00f6rsel sanatlar ve jimnastik gibi etkinliklerle b\u00fcy\u00fcyor.<br \/>\nFiyatlar\u0131 yar\u0131ya indi, say\u0131s\u0131 iki kat\u0131na \u00e7\u0131kacak<br \/>\n\u0130zmir merkez ve il\u00e7elerinde Yuvam\u0131z \u0130zmir \u00c7ocuk Etkinlik Merkezleri\u2019nin \u00fccretleri konusunda da ailelere nefes ald\u0131racak bir indirime gidildi. \u0130zmir B\u00fcy\u00fck\u015fehir Belediye Ba\u015fkan\u0131 Dr. Cemil Tugay\u2019\u0131n talimat\u0131yla ayl\u0131k 10 bin lira olan fiyatlarda y\u00fczde 50 indirim yap\u0131larak 5 bin liraya d\u00fc\u015f\u00fcr\u00fcld\u00fc. Sosyal belediyecili\u011fin en g\u00fczel \u00f6rneklerinden olan hizmetlerin halk\u0131n ekonomik s\u0131k\u0131nt\u0131lar\u0131n\u0131 bir nebze olsun rahatlatmas\u0131 ama\u00e7land\u0131. \u00a0\u0130ZELMAN A\u015e \u0130zmir B\u00fcy\u00fck\u015fehir Belediye Ba\u015fkan\u0131 Cemil Tugay\u2019\u0131n \u0130zmir\u2019i \u00e7ocuk dostu kent yapma hedefine Kiraz\u2019dan Dikili\u2019ye \u0130zmir\u2019in 18 noktas\u0131ndaki Yuvam\u0131z \u0130zmir ile katk\u0131 sunuyor. Deneyimli kadrosu, \u00f6\u011frenim ve geli\u015fimi destekleyen etkinlikleri, hijyenik ko\u015fullar\u0131, g\u00fcvenilir ortam\u0131 ile \u0130ZELMAN\u2019\u0131n b\u00fcnyesindeki Yuvam\u0131z \u0130zmir merkezlerinin say\u0131s\u0131 \u00f6n\u00fcm\u00fczdeki y\u0131l iki kat\u0131na \u00e7\u0131kacak.<br \/>\n\u00d6\u011frencileri a\u011f\u0131rlayan sosyal tesislere zam yap\u0131lmad\u0131<br \/>\nEkonomik krizin en \u00e7ok etkiledi\u011fi kesimler aras\u0131nda yer alan \u00fcniversiteli gen\u00e7lere, \u0130zmir B\u00fcy\u00fck\u015fehir Belediyesi kucak a\u00e7t\u0131. Kar\u015f\u0131yaka ve Buca il\u00e7elerindeki sosyal tesisler, \u0130zmir\u2019e ilk kez gelen \u00fcniversite \u00f6\u011frencileri i\u00e7in yeni \u00f6\u011fretim d\u00f6nemine haz\u0131rland\u0131. Tadilat\u0131 yap\u0131lan tesislerde odalar\u0131na yerle\u015fen \u00f6\u011frenciler, bar\u0131nma sorunu ve ekonomik krize dikkat \u00e7ekerek ayl\u0131k 2 bin TL \u00fccret verdikleri tesislerin hijyenik ve g\u00fcvenilir bir ortam sundu\u011funu s\u00f6yledi. \u0130zmir B\u00fcy\u00fck\u015fehir Belediye Ba\u015fkan\u0131 Dr. Cemil Tugay\u2019\u0131n karar\u0131yla, sosyal tesislerde kalan \u00f6\u011frenciler 2024-2025 e\u011fitim \u00f6\u011fretim y\u0131l\u0131nda da ge\u00e7en y\u0131l\u0131n fiyatlar\u0131 olan 2 bin TL kar\u015f\u0131l\u0131\u011f\u0131nda konakl\u0131yor. Kar\u015f\u0131yaka\u2019da bulunan \u0130ZELMAN A\u015e \u00d6rnekk\u00f6y Sosyal Tesisleri Misafirhanesi 72 ki\u015filik kapasitesi ile e\u011fitim i\u00e7in \u0130zmir\u2019de ya\u015famaya ba\u015flayan k\u0131z \u00f6\u011frencileri, \u0130ZELMAN A\u015e Buca Sosyal Tesisleri Misafirhanesi ise 108 ki\u015filik kapasitesi ile erkek \u00f6\u011frencileri a\u011f\u0131rl\u0131yor.\u00a0<\/p>\n<p>\u200bHaberin Al\u0131nt\u0131land\u0131\u011f\u0131 Kaynak: www.iskenderun.org<\/p>","protected":false},"excerpt":{"rendered":"<p>\u0130zmir B\u00fcy\u00fck\u015fehir Belediyesi i\u015ftiraki \u0130ZELMAN A\u015e 2024 y\u0131l\u0131nda \u0130zmirlilerin hayat\u0131n\u0131 kolayla\u015ft\u0131ran pek \u00e7ok uygulamaya imza att\u0131.\u0130ZM\u0130R (\u0130GFA) &#8211;\u00a0\u0130zmir\u2019de \u00f6nemli bir ihtiyac\u0131 kar\u015f\u0131layan \u0130ZELMAN otoparklar\u0131, 2024 y\u0131l\u0131nda yeni bir alan\u0131 daha b\u00fcnyesine ekledi. Kentte ya\u015fayanlar\u0131n \u00f6nemli ihtiya\u00e7lar\u0131ndan biri olarak saptanan karavan otoparklar\u0131n\u0131n ilki 4 Nisan 2024 tarihinde \u00c2\u015f\u0131k Veysel Binek ve Karavan Park alan\u0131 olarak faaliyete ge\u00e7ti. Bornova \u00c2\u015f\u0131k Veysel Rekreasyon Alan\u0131\u2019nda bulunan otoparkta binek ara\u00e7lar i\u00e7in 163, karavanlar i\u00e7in ise 89 park yeri bulunuyor. Hem abonelik sistemine hem de g\u00fcnl\u00fck ve saatlik giri\u015flere g\u00f6re i\u015fletilen otopark, 24 saat a\u00e7\u0131k olacak \u015fekilde \u00e7al\u0131\u015f\u0131yor ve otopark g\u00f6revlileri taraf\u0131ndan kontrol ediliyor. \u0130nciralt\u0131 Tekne ve Karavan Otopark\u0131 2024 y\u0131l\u0131n\u0131n temmuz ay\u0131nda \u0130zmir B\u00fcy\u00fck\u015fehir Belediye Ba\u015fkan\u0131 Dr. Cemil Tugay, vatanda\u015flardan gelen istekleri yerine getirdi ve verdi\u011fi talimatla \u0130nciralt\u0131 Tekne ve Karavan Otopark\u0131 faaliyete ge\u00e7ti. \u0130nciralt\u0131 Terminal alan\u0131 i\u00e7inde yer alan otopark 64 tekne, 93 karavan park yeri ile \u0130zmir\u2019in \u00f6nemli bir ihtiyac\u0131na cevap veriyor. \u0130ZELMAN A\u015e taraf\u0131ndan sadece abonelik sistemine g\u00f6re i\u015fletilen otopark\u0131n g\u00fcvenlik g\u00f6revlileri taraf\u0131ndan 24 saat kontrol\u00fc sa\u011flan\u0131yor. Ayr\u0131ca otopark alan\u0131nda ara\u00e7lar\u0131n bariyerlerden yapaca\u011f\u0131 giri\u015f ve \u00e7\u0131k\u0131\u015flar da g\u00fcvenlik kameralar\u0131 taraf\u0131ndan kay\u0131t alt\u0131na al\u0131n\u0131yor. Park etmenin yan\u0131 s\u0131ra konaklamaya da a\u00e7\u0131k olan tekne ve karavan otopark\u0131, \u015fehrin i\u00e7inde do\u011fa ile ba\u015f ba\u015fa ve &hellip;<\/p>","protected":false},"author":0,"featured_media":0,"comment_status":"open","ping_status":"open","sticky":false,"template":"","format":"standard","meta":{"_acf_changed":false,"footnotes":""},"categories":[24,535],"tags":[],"class_list":["post-22945","post","type-post","status-publish","format-standard","has-post-thumbnail","hentry","category-gundem","category-uncategorized-tr"],"acf":[],"yoast_head":"<!-- This site is optimized with the Yoast SEO Premium plugin v26.6 (Yoast SEO v27.1.1) - https:\/\/yoast.com\/product\/yoast-seo-premium-wordpress\/ -->\n<title>\u0130ZELMAN&#039;\u0131n 2024 raporu! - Av. Deniz Can K\u0131z\u0131l<\/title>\n<meta name=\"robots\" content=\"index, follow, max-snippet:-1, max-image-preview:large, max-video-preview:-1\" \/>\n<link rel=\"canonical\" href=\"http:\/\/denizcankizil.tr\/uk\/haberler\/gundem\/izelmanin-2024-raporu\/\" \/>\n<meta property=\"og:locale\" content=\"uk_UA\" \/>\n<meta property=\"og:type\" content=\"article\" \/>\n<meta property=\"og:title\" content=\"\u0130ZELMAN&#039;\u0131n 2024 raporu!\" \/>\n<meta property=\"og:description\" content=\"\u0130zmir B\u00fcy\u00fck\u015fehir Belediyesi i\u015ftiraki \u0130ZELMAN A\u015e 2024 y\u0131l\u0131nda \u0130zmirlilerin hayat\u0131n\u0131 kolayla\u015ft\u0131ran pek \u00e7ok uygulamaya imza att\u0131.\u0130ZM\u0130R (\u0130GFA) &#8211;\u00a0\u0130zmir\u2019de \u00f6nemli bir ihtiyac\u0131 kar\u015f\u0131layan \u0130ZELMAN otoparklar\u0131, 2024 y\u0131l\u0131nda yeni bir alan\u0131 daha b\u00fcnyesine ekledi. Kentte ya\u015fayanlar\u0131n \u00f6nemli ihtiya\u00e7lar\u0131ndan biri olarak saptanan karavan otoparklar\u0131n\u0131n ilki 4 Nisan 2024 tarihinde \u00c2\u015f\u0131k Veysel Binek ve Karavan Park alan\u0131 olarak faaliyete ge\u00e7ti. Bornova \u00c2\u015f\u0131k Veysel Rekreasyon Alan\u0131\u2019nda bulunan otoparkta binek ara\u00e7lar i\u00e7in 163, karavanlar i\u00e7in ise 89 park yeri bulunuyor. Hem abonelik sistemine hem de g\u00fcnl\u00fck ve saatlik giri\u015flere g\u00f6re i\u015fletilen otopark, 24 saat a\u00e7\u0131k olacak \u015fekilde \u00e7al\u0131\u015f\u0131yor ve otopark g\u00f6revlileri taraf\u0131ndan kontrol ediliyor. \u0130nciralt\u0131 Tekne ve Karavan Otopark\u0131 2024 y\u0131l\u0131n\u0131n temmuz ay\u0131nda \u0130zmir B\u00fcy\u00fck\u015fehir Belediye Ba\u015fkan\u0131 Dr. Cemil Tugay, vatanda\u015flardan gelen istekleri yerine getirdi ve verdi\u011fi talimatla \u0130nciralt\u0131 Tekne ve Karavan Otopark\u0131 faaliyete ge\u00e7ti. \u0130nciralt\u0131 Terminal alan\u0131 i\u00e7inde yer alan otopark 64 tekne, 93 karavan park yeri ile \u0130zmir\u2019in \u00f6nemli bir ihtiyac\u0131na cevap veriyor. \u0130ZELMAN A\u015e taraf\u0131ndan sadece abonelik sistemine g\u00f6re i\u015fletilen otopark\u0131n g\u00fcvenlik g\u00f6revlileri taraf\u0131ndan 24 saat kontrol\u00fc sa\u011flan\u0131yor. Ayr\u0131ca otopark alan\u0131nda ara\u00e7lar\u0131n bariyerlerden yapaca\u011f\u0131 giri\u015f ve \u00e7\u0131k\u0131\u015flar da g\u00fcvenlik kameralar\u0131 taraf\u0131ndan kay\u0131t alt\u0131na al\u0131n\u0131yor. Park etmenin yan\u0131 s\u0131ra konaklamaya da a\u00e7\u0131k olan tekne ve karavan otopark\u0131, \u015fehrin i\u00e7inde do\u011fa ile ba\u015f ba\u015fa ve &hellip;\" \/>\n<meta property=\"og:url\" content=\"http:\/\/denizcankizil.tr\/uk\/haberler\/gundem\/izelmanin-2024-raporu\/\" \/>\n<meta property=\"og:site_name\" content=\"Av. Deniz Can K\u0131z\u0131l\" \/>\n<meta property=\"article:published_time\" content=\"2024-12-30T07:41:29+00:00\" \/>\n<meta name=\"twitter:card\" content=\"summary_large_image\" \/>\n<meta name=\"twitter:label1\" content=\"\u041f\u0440\u0438\u0431\u043b. \u0447\u0430\u0441 \u0447\u0438\u0442\u0430\u043d\u043d\u044f\" \/>\n\t<meta name=\"twitter:data1\" content=\"9 \u0445\u0432\u0438\u043b\u0438\u043d\" \/>\n<script type=\"application\/ld+json\" class=\"yoast-schema-graph\">{\"@context\":\"https:\/\/schema.org\",\"@graph\":[{\"@type\":\"Article\",\"@id\":\"http:\/\/denizcankizil.tr\/ru\/haberler\/gundem\/izelmanin-2024-raporu\/#article\",\"isPartOf\":{\"@id\":\"http:\/\/denizcankizil.tr\/ru\/haberler\/gundem\/izelmanin-2024-raporu\/\"},\"author\":{\"name\":\"\",\"@id\":\"\"},\"headline\":\"\u0130ZELMAN&#8217;\u0131n 2024 raporu!\",\"datePublished\":\"2024-12-30T07:41:29+00:00\",\"mainEntityOfPage\":{\"@id\":\"http:\/\/denizcankizil.tr\/ru\/haberler\/gundem\/izelmanin-2024-raporu\/\"},\"wordCount\":1849,\"commentCount\":0,\"publisher\":{\"@id\":\"https:\/\/denizcankizil.tr\/de\/#organization\"},\"articleSection\":[\"G\u00fcndem\",\"Uncategorized\"],\"inLanguage\":\"uk\",\"potentialAction\":[{\"@type\":\"CommentAction\",\"name\":\"Comment\",\"target\":[\"http:\/\/denizcankizil.tr\/ru\/haberler\/gundem\/izelmanin-2024-raporu\/#respond\"]}]},{\"@type\":\"WebPage\",\"@id\":\"http:\/\/denizcankizil.tr\/ru\/haberler\/gundem\/izelmanin-2024-raporu\/\",\"url\":\"http:\/\/denizcankizil.tr\/ru\/haberler\/gundem\/izelmanin-2024-raporu\/\",\"name\":\"\u0130ZELMAN'\u0131n 2024 raporu! - Av. Deniz Can K\u0131z\u0131l\",\"isPartOf\":{\"@id\":\"https:\/\/denizcankizil.tr\/de\/#website\"},\"datePublished\":\"2024-12-30T07:41:29+00:00\",\"breadcrumb\":{\"@id\":\"http:\/\/denizcankizil.tr\/ru\/haberler\/gundem\/izelmanin-2024-raporu\/#breadcrumb\"},\"inLanguage\":\"uk\",\"potentialAction\":[{\"@type\":\"ReadAction\",\"target\":[\"http:\/\/denizcankizil.tr\/ru\/haberler\/gundem\/izelmanin-2024-raporu\/\"]}]},{\"@type\":\"BreadcrumbList\",\"@id\":\"http:\/\/denizcankizil.tr\/ru\/haberler\/gundem\/izelmanin-2024-raporu\/#breadcrumb\",\"itemListElement\":[{\"@type\":\"ListItem\",\"position\":1,\"name\":\"Home\",\"item\":\"https:\/\/denizcankizil.tr\/de\/\"},{\"@type\":\"ListItem\",\"position\":2,\"name\":\"\u0130ZELMAN&#8217;\u0131n 2024 raporu!\"}]},{\"@type\":\"WebSite\",\"@id\":\"https:\/\/denizcankizil.tr\/de\/#website\",\"url\":\"https:\/\/denizcankizil.tr\/de\/\",\"name\":\"Av. Deniz Can K\u0131z\u0131l\",\"description\":\"Avukat Deniz Can K\u0131z\u0131l Antalya Barosu\",\"publisher\":{\"@id\":\"https:\/\/denizcankizil.tr\/de\/#organization\"},\"potentialAction\":[{\"@type\":\"SearchAction\",\"target\":{\"@type\":\"EntryPoint\",\"urlTemplate\":\"https:\/\/denizcankizil.tr\/de\/?s={search_term_string}\"},\"query-input\":{\"@type\":\"PropertyValueSpecification\",\"valueRequired\":true,\"valueName\":\"search_term_string\"}}],\"inLanguage\":\"uk\"},{\"@type\":\"Organization\",\"@id\":\"https:\/\/denizcankizil.tr\/de\/#organization\",\"name\":\"Av. Deniz Can K\u0131z\u0131l\",\"url\":\"https:\/\/denizcankizil.tr\/de\/\",\"logo\":{\"@type\":\"ImageObject\",\"inLanguage\":\"uk\",\"@id\":\"https:\/\/denizcankizil.tr\/de\/#\/schema\/logo\/image\/\",\"url\":\"https:\/\/denizcankizil.tr\/wp-content\/uploads\/2024\/10\/siyah-logo-svg.svg\",\"contentUrl\":\"https:\/\/denizcankizil.tr\/wp-content\/uploads\/2024\/10\/siyah-logo-svg.svg\",\"width\":1080,\"height\":1080,\"caption\":\"Av. Deniz Can K\u0131z\u0131l\"},\"image\":{\"@id\":\"https:\/\/denizcankizil.tr\/de\/#\/schema\/logo\/image\/\"}}]}<\/script>\n<!-- \/ Yoast SEO Premium plugin. -->","yoast_head_json":{"title":"\u0130ZELMAN'\u0131n 2024 raporu! - Av. Deniz Can K\u0131z\u0131l","robots":{"index":"index","follow":"follow","max-snippet":"max-snippet:-1","max-image-preview":"max-image-preview:large","max-video-preview":"max-video-preview:-1"},"canonical":"http:\/\/denizcankizil.tr\/uk\/haberler\/gundem\/izelmanin-2024-raporu\/","og_locale":"uk_UA","og_type":"article","og_title":"\u0130ZELMAN'\u0131n 2024 raporu!","og_description":"\u0130zmir B\u00fcy\u00fck\u015fehir Belediyesi i\u015ftiraki \u0130ZELMAN A\u015e 2024 y\u0131l\u0131nda \u0130zmirlilerin hayat\u0131n\u0131 kolayla\u015ft\u0131ran pek \u00e7ok uygulamaya imza att\u0131.\u0130ZM\u0130R (\u0130GFA) &#8211;\u00a0\u0130zmir\u2019de \u00f6nemli bir ihtiyac\u0131 kar\u015f\u0131layan \u0130ZELMAN otoparklar\u0131, 2024 y\u0131l\u0131nda yeni bir alan\u0131 daha b\u00fcnyesine ekledi. Kentte ya\u015fayanlar\u0131n \u00f6nemli ihtiya\u00e7lar\u0131ndan biri olarak saptanan karavan otoparklar\u0131n\u0131n ilki 4 Nisan 2024 tarihinde \u00c2\u015f\u0131k Veysel Binek ve Karavan Park alan\u0131 olarak faaliyete ge\u00e7ti. Bornova \u00c2\u015f\u0131k Veysel Rekreasyon Alan\u0131\u2019nda bulunan otoparkta binek ara\u00e7lar i\u00e7in 163, karavanlar i\u00e7in ise 89 park yeri bulunuyor. Hem abonelik sistemine hem de g\u00fcnl\u00fck ve saatlik giri\u015flere g\u00f6re i\u015fletilen otopark, 24 saat a\u00e7\u0131k olacak \u015fekilde \u00e7al\u0131\u015f\u0131yor ve otopark g\u00f6revlileri taraf\u0131ndan kontrol ediliyor. \u0130nciralt\u0131 Tekne ve Karavan Otopark\u0131 2024 y\u0131l\u0131n\u0131n temmuz ay\u0131nda \u0130zmir B\u00fcy\u00fck\u015fehir Belediye Ba\u015fkan\u0131 Dr. Cemil Tugay, vatanda\u015flardan gelen istekleri yerine getirdi ve verdi\u011fi talimatla \u0130nciralt\u0131 Tekne ve Karavan Otopark\u0131 faaliyete ge\u00e7ti. \u0130nciralt\u0131 Terminal alan\u0131 i\u00e7inde yer alan otopark 64 tekne, 93 karavan park yeri ile \u0130zmir\u2019in \u00f6nemli bir ihtiyac\u0131na cevap veriyor. \u0130ZELMAN A\u015e taraf\u0131ndan sadece abonelik sistemine g\u00f6re i\u015fletilen otopark\u0131n g\u00fcvenlik g\u00f6revlileri taraf\u0131ndan 24 saat kontrol\u00fc sa\u011flan\u0131yor. Ayr\u0131ca otopark alan\u0131nda ara\u00e7lar\u0131n bariyerlerden yapaca\u011f\u0131 giri\u015f ve \u00e7\u0131k\u0131\u015flar da g\u00fcvenlik kameralar\u0131 taraf\u0131ndan kay\u0131t alt\u0131na al\u0131n\u0131yor. Park etmenin yan\u0131 s\u0131ra konaklamaya da a\u00e7\u0131k olan tekne ve karavan otopark\u0131, \u015fehrin i\u00e7inde do\u011fa ile ba\u015f ba\u015fa ve &hellip;","og_url":"http:\/\/denizcankizil.tr\/uk\/haberler\/gundem\/izelmanin-2024-raporu\/","og_site_name":"Av. Deniz Can K\u0131z\u0131l","article_published_time":"2024-12-30T07:41:29+00:00","twitter_card":"summary_large_image","twitter_misc":{"\u041f\u0440\u0438\u0431\u043b. \u0447\u0430\u0441 \u0447\u0438\u0442\u0430\u043d\u043d\u044f":"9 \u0445\u0432\u0438\u043b\u0438\u043d"},"schema":{"@context":"https:\/\/schema.org","@graph":[{"@type":"Article","@id":"http:\/\/denizcankizil.tr\/ru\/haberler\/gundem\/izelmanin-2024-raporu\/#article","isPartOf":{"@id":"http:\/\/denizcankizil.tr\/ru\/haberler\/gundem\/izelmanin-2024-raporu\/"},"author":{"name":"","@id":""},"headline":"\u0130ZELMAN&#8217;\u0131n 2024 raporu!","datePublished":"2024-12-30T07:41:29+00:00","mainEntityOfPage":{"@id":"http:\/\/denizcankizil.tr\/ru\/haberler\/gundem\/izelmanin-2024-raporu\/"},"wordCount":1849,"commentCount":0,"publisher":{"@id":"https:\/\/denizcankizil.tr\/de\/#organization"},"articleSection":["G\u00fcndem","Uncategorized"],"inLanguage":"uk","potentialAction":[{"@type":"CommentAction","name":"Comment","target":["http:\/\/denizcankizil.tr\/ru\/haberler\/gundem\/izelmanin-2024-raporu\/#respond"]}]},{"@type":"WebPage","@id":"http:\/\/denizcankizil.tr\/ru\/haberler\/gundem\/izelmanin-2024-raporu\/","url":"http:\/\/denizcankizil.tr\/ru\/haberler\/gundem\/izelmanin-2024-raporu\/","name":"\u0130ZELMAN'\u0131n 2024 raporu! - Av. Deniz Can K\u0131z\u0131l","isPartOf":{"@id":"https:\/\/denizcankizil.tr\/de\/#website"},"datePublished":"2024-12-30T07:41:29+00:00","breadcrumb":{"@id":"http:\/\/denizcankizil.tr\/ru\/haberler\/gundem\/izelmanin-2024-raporu\/#breadcrumb"},"inLanguage":"uk","potentialAction":[{"@type":"ReadAction","target":["http:\/\/denizcankizil.tr\/ru\/haberler\/gundem\/izelmanin-2024-raporu\/"]}]},{"@type":"BreadcrumbList","@id":"http:\/\/denizcankizil.tr\/ru\/haberler\/gundem\/izelmanin-2024-raporu\/#breadcrumb","itemListElement":[{"@type":"ListItem","position":1,"name":"Home","item":"https:\/\/denizcankizil.tr\/de\/"},{"@type":"ListItem","position":2,"name":"\u0130ZELMAN&#8217;\u0131n 2024 raporu!"}]},{"@type":"WebSite","@id":"https:\/\/denizcankizil.tr\/de\/#website","url":"https:\/\/denizcankizil.tr\/de\/","name":"Av. Deniz Can K\u0131z\u0131l","description":"Avukat Deniz Can K\u0131z\u0131l Antalya Barosu","publisher":{"@id":"https:\/\/denizcankizil.tr\/de\/#organization"},"potentialAction":[{"@type":"SearchAction","target":{"@type":"EntryPoint","urlTemplate":"https:\/\/denizcankizil.tr\/de\/?s={search_term_string}"},"query-input":{"@type":"PropertyValueSpecification","valueRequired":true,"valueName":"search_term_string"}}],"inLanguage":"uk"},{"@type":"Organization","@id":"https:\/\/denizcankizil.tr\/de\/#organization","name":"Av. Deniz Can K\u0131z\u0131l","url":"https:\/\/denizcankizil.tr\/de\/","logo":{"@type":"ImageObject","inLanguage":"uk","@id":"https:\/\/denizcankizil.tr\/de\/#\/schema\/logo\/image\/","url":"https:\/\/denizcankizil.tr\/wp-content\/uploads\/2024\/10\/siyah-logo-svg.svg","contentUrl":"https:\/\/denizcankizil.tr\/wp-content\/uploads\/2024\/10\/siyah-logo-svg.svg","width":1080,"height":1080,"caption":"Av. Deniz Can K\u0131z\u0131l"},"image":{"@id":"https:\/\/denizcankizil.tr\/de\/#\/schema\/logo\/image\/"}}]}},"_links":{"self":[{"href":"https:\/\/denizcankizil.tr\/uk\/wp-json\/wp\/v2\/posts\/22945","targetHints":{"allow":["GET"]}}],"collection":[{"href":"https:\/\/denizcankizil.tr\/uk\/wp-json\/wp\/v2\/posts"}],"about":[{"href":"https:\/\/denizcankizil.tr\/uk\/wp-json\/wp\/v2\/types\/post"}],"replies":[{"embeddable":true,"href":"https:\/\/denizcankizil.tr\/uk\/wp-json\/wp\/v2\/comments?post=22945"}],"version-history":[{"count":0,"href":"https:\/\/denizcankizil.tr\/uk\/wp-json\/wp\/v2\/posts\/22945\/revisions"}],"wp:attachment":[{"href":"https:\/\/denizcankizil.tr\/uk\/wp-json\/wp\/v2\/media?parent=22945"}],"wp:term":[{"taxonomy":"category","embeddable":true,"href":"https:\/\/denizcankizil.tr\/uk\/wp-json\/wp\/v2\/categories?post=22945"},{"taxonomy":"post_tag","embeddable":true,"href":"https:\/\/denizcankizil.tr\/uk\/wp-json\/wp\/v2\/tags?post=22945"}],"curies":[{"name":"wp","href":"https:\/\/api.w.org\/{rel}","templated":true}]}}