{"id":2277,"date":"2024-10-14T00:53:00","date_gmt":"2024-10-13T21:53:00","guid":{"rendered":"https:\/\/denizcankizil.tr\/uncategorized\/nigde-barosu-baskanligina-emin-alper-ozturk-yeniden-secildi\/"},"modified":"2024-10-14T00:53:00","modified_gmt":"2024-10-13T21:53:00","slug":"nigde-barosu-baskanligina-emin-alper-ozturk-yeniden-secildi","status":"publish","type":"post","link":"https:\/\/denizcankizil.tr\/uk\/hukukihaber\/nigde-barosu-baskanligina-emin-alper-ozturk-yeniden-secildi\/","title":{"rendered":"Ni\u011fde Barosu ba\u015fkanl\u0131\u011f\u0131na Emin Alper \u00d6zt\u00fcrk yeniden se\u00e7ildi"},"content":{"rendered":"<p>Ni\u011fde Baro Ba\u015fkanl\u0131\u011f\u0131 se\u00e7imini Avukat Emin Alper \u00d6zt\u00fcrk kazand\u0131. Ni\u011fde Barosu Ola\u011fan Genel Kurulu NESOB toplant\u0131 salonunda yap\u0131ld\u0131.<\/p>\n<p>Baro Ba\u015fkanl\u0131\u011f\u0131 i\u00e7in Mevcut Ba\u015fkan Osman \u00c7imen ve Emin Alper \u00d6zt\u00fcrk\u2019\u00fcn aday oldu\u011fu se\u00e7imlerde oylar\u0131n \u00e7o\u011funlu\u011funu alan \u00d6zt\u00fcrk yeni Baro Ba\u015fkan\u0131 oldu. Oylar\u0131n 114\u2019\u00fcn\u00fc Osman \u00c7imen,136\u2019s\u0131n\u0131 Emin Alper \u00d6zt\u00fcrk ald\u0131.<\/p>\n<p>\u200bNi\u011fde Barosu se\u00e7imlerinde mevcut Ba\u015fkan Av. Emin Alper \u00d6zt\u00fcrk yeniden kazanarak ba\u015fkan se\u00e7ildi.\u00a0Hukuki Haber<\/p>","protected":false},"excerpt":{"rendered":"<p>Ni\u011fde Baro Ba\u015fkanl\u0131\u011f\u0131 se\u00e7imini Avukat Emin Alper \u00d6zt\u00fcrk kazand\u0131. Ni\u011fde Barosu Ola\u011fan Genel Kurulu NESOB toplant\u0131 salonunda yap\u0131ld\u0131. Baro Ba\u015fkanl\u0131\u011f\u0131 i\u00e7in Mevcut Ba\u015fkan Osman \u00c7imen ve Emin Alper \u00d6zt\u00fcrk\u2019\u00fcn aday oldu\u011fu se\u00e7imlerde oylar\u0131n \u00e7o\u011funlu\u011funu alan \u00d6zt\u00fcrk yeni Baro Ba\u015fkan\u0131 oldu. Oylar\u0131n 114\u2019\u00fcn\u00fc Osman \u00c7imen,136\u2019s\u0131n\u0131 Emin Alper \u00d6zt\u00fcrk ald\u0131. \u200bNi\u011fde Barosu se\u00e7imlerinde mevcut Ba\u015fkan Av. Emin Alper \u00d6zt\u00fcrk yeniden kazanarak ba\u015fkan se\u00e7ildi.\u00a0Hukuki Haber<\/p>","protected":false},"author":0,"featured_media":0,"comment_status":"open","ping_status":"open","sticky":false,"template":"","format":"standard","meta":{"_acf_changed":false,"footnotes":""},"categories":[27],"tags":[],"class_list":["post-2277","post","type-post","status-publish","format-standard","has-post-thumbnail","hentry","category-hukukihaber"],"acf":[],"yoast_head":"<!-- This site is optimized with the Yoast SEO Premium plugin v26.6 (Yoast SEO v27.1.1) - https:\/\/yoast.com\/product\/yoast-seo-premium-wordpress\/ -->\n<title>Ni\u011fde Barosu ba\u015fkanl\u0131\u011f\u0131na Emin Alper \u00d6zt\u00fcrk yeniden se\u00e7ildi - Av. Deniz Can K\u0131z\u0131l<\/title>\n<meta name=\"robots\" content=\"index, follow, max-snippet:-1, max-image-preview:large, max-video-preview:-1\" \/>\n<link rel=\"canonical\" href=\"https:\/\/denizcankizil.tr\/uk\/hukukihaber\/nigde-barosu-baskanligina-emin-alper-ozturk-yeniden-secildi\/\" \/>\n<meta property=\"og:locale\" content=\"uk_UA\" \/>\n<meta property=\"og:type\" content=\"article\" \/>\n<meta property=\"og:title\" content=\"Ni\u011fde Barosu ba\u015fkanl\u0131\u011f\u0131na Emin Alper \u00d6zt\u00fcrk yeniden se\u00e7ildi\" \/>\n<meta property=\"og:description\" content=\"Ni\u011fde Baro Ba\u015fkanl\u0131\u011f\u0131 se\u00e7imini Avukat Emin Alper \u00d6zt\u00fcrk kazand\u0131. Ni\u011fde Barosu Ola\u011fan Genel Kurulu NESOB toplant\u0131 salonunda yap\u0131ld\u0131. Baro Ba\u015fkanl\u0131\u011f\u0131 i\u00e7in Mevcut Ba\u015fkan Osman \u00c7imen ve Emin Alper \u00d6zt\u00fcrk\u2019\u00fcn aday oldu\u011fu se\u00e7imlerde oylar\u0131n \u00e7o\u011funlu\u011funu alan \u00d6zt\u00fcrk yeni Baro Ba\u015fkan\u0131 oldu. Oylar\u0131n 114\u2019\u00fcn\u00fc Osman \u00c7imen,136\u2019s\u0131n\u0131 Emin Alper \u00d6zt\u00fcrk ald\u0131. \u200bNi\u011fde Barosu se\u00e7imlerinde mevcut Ba\u015fkan Av. Emin Alper \u00d6zt\u00fcrk yeniden kazanarak ba\u015fkan se\u00e7ildi.\u00a0Hukuki Haber\" \/>\n<meta property=\"og:url\" content=\"https:\/\/denizcankizil.tr\/uk\/hukukihaber\/nigde-barosu-baskanligina-emin-alper-ozturk-yeniden-secildi\/\" \/>\n<meta property=\"og:site_name\" content=\"Av. Deniz Can K\u0131z\u0131l\" \/>\n<meta property=\"article:published_time\" content=\"2024-10-13T21:53:00+00:00\" \/>\n<meta name=\"twitter:card\" content=\"summary_large_image\" \/>\n<script type=\"application\/ld+json\" class=\"yoast-schema-graph\">{\"@context\":\"https:\/\/schema.org\",\"@graph\":[{\"@type\":\"Article\",\"@id\":\"https:\/\/denizcankizil.tr\/uk\/hukukihaber\/nigde-barosu-baskanligina-emin-alper-ozturk-yeniden-secildi\/#article\",\"isPartOf\":{\"@id\":\"https:\/\/denizcankizil.tr\/uk\/hukukihaber\/nigde-barosu-baskanligina-emin-alper-ozturk-yeniden-secildi\/\"},\"author\":{\"name\":\"\",\"@id\":\"\"},\"headline\":\"Ni\u011fde Barosu ba\u015fkanl\u0131\u011f\u0131na Emin Alper \u00d6zt\u00fcrk yeniden se\u00e7ildi\",\"datePublished\":\"2024-10-13T21:53:00+00:00\",\"mainEntityOfPage\":{\"@id\":\"https:\/\/denizcankizil.tr\/uk\/hukukihaber\/nigde-barosu-baskanligina-emin-alper-ozturk-yeniden-secildi\/\"},\"wordCount\":105,\"commentCount\":0,\"publisher\":{\"@id\":\"https:\/\/denizcankizil.tr\/de\/#organization\"},\"articleSection\":[\"Hukuki Haberler\"],\"inLanguage\":\"uk\",\"potentialAction\":[{\"@type\":\"CommentAction\",\"name\":\"Comment\",\"target\":[\"https:\/\/denizcankizil.tr\/uk\/hukukihaber\/nigde-barosu-baskanligina-emin-alper-ozturk-yeniden-secildi\/#respond\"]}]},{\"@type\":\"WebPage\",\"@id\":\"https:\/\/denizcankizil.tr\/uk\/hukukihaber\/nigde-barosu-baskanligina-emin-alper-ozturk-yeniden-secildi\/\",\"url\":\"https:\/\/denizcankizil.tr\/uk\/hukukihaber\/nigde-barosu-baskanligina-emin-alper-ozturk-yeniden-secildi\/\",\"name\":\"Ni\u011fde Barosu ba\u015fkanl\u0131\u011f\u0131na Emin Alper \u00d6zt\u00fcrk yeniden se\u00e7ildi - Av. Deniz Can K\u0131z\u0131l\",\"isPartOf\":{\"@id\":\"https:\/\/denizcankizil.tr\/de\/#website\"},\"datePublished\":\"2024-10-13T21:53:00+00:00\",\"breadcrumb\":{\"@id\":\"https:\/\/denizcankizil.tr\/uk\/hukukihaber\/nigde-barosu-baskanligina-emin-alper-ozturk-yeniden-secildi\/#breadcrumb\"},\"inLanguage\":\"uk\",\"potentialAction\":[{\"@type\":\"ReadAction\",\"target\":[\"https:\/\/denizcankizil.tr\/uk\/hukukihaber\/nigde-barosu-baskanligina-emin-alper-ozturk-yeniden-secildi\/\"]}]},{\"@type\":\"BreadcrumbList\",\"@id\":\"https:\/\/denizcankizil.tr\/uk\/hukukihaber\/nigde-barosu-baskanligina-emin-alper-ozturk-yeniden-secildi\/#breadcrumb\",\"itemListElement\":[{\"@type\":\"ListItem\",\"position\":1,\"name\":\"Home\",\"item\":\"https:\/\/denizcankizil.tr\/de\/\"},{\"@type\":\"ListItem\",\"position\":2,\"name\":\"Ni\u011fde Barosu ba\u015fkanl\u0131\u011f\u0131na Emin Alper \u00d6zt\u00fcrk yeniden se\u00e7ildi\"}]},{\"@type\":\"WebSite\",\"@id\":\"https:\/\/denizcankizil.tr\/de\/#website\",\"url\":\"https:\/\/denizcankizil.tr\/de\/\",\"name\":\"Av. Deniz Can K\u0131z\u0131l\",\"description\":\"Avukat Deniz Can K\u0131z\u0131l Antalya Barosu\",\"publisher\":{\"@id\":\"https:\/\/denizcankizil.tr\/de\/#organization\"},\"potentialAction\":[{\"@type\":\"SearchAction\",\"target\":{\"@type\":\"EntryPoint\",\"urlTemplate\":\"https:\/\/denizcankizil.tr\/de\/?s={search_term_string}\"},\"query-input\":{\"@type\":\"PropertyValueSpecification\",\"valueRequired\":true,\"valueName\":\"search_term_string\"}}],\"inLanguage\":\"uk\"},{\"@type\":\"Organization\",\"@id\":\"https:\/\/denizcankizil.tr\/de\/#organization\",\"name\":\"Av. Deniz Can K\u0131z\u0131l\",\"url\":\"https:\/\/denizcankizil.tr\/de\/\",\"logo\":{\"@type\":\"ImageObject\",\"inLanguage\":\"uk\",\"@id\":\"https:\/\/denizcankizil.tr\/de\/#\/schema\/logo\/image\/\",\"url\":\"https:\/\/denizcankizil.tr\/wp-content\/uploads\/2024\/10\/siyah-logo-svg.svg\",\"contentUrl\":\"https:\/\/denizcankizil.tr\/wp-content\/uploads\/2024\/10\/siyah-logo-svg.svg\",\"width\":1080,\"height\":1080,\"caption\":\"Av. Deniz Can K\u0131z\u0131l\"},\"image\":{\"@id\":\"https:\/\/denizcankizil.tr\/de\/#\/schema\/logo\/image\/\"}}]}<\/script>\n<!-- \/ Yoast SEO Premium plugin. -->","yoast_head_json":{"title":"Ni\u011fde Barosu ba\u015fkanl\u0131\u011f\u0131na Emin Alper \u00d6zt\u00fcrk yeniden se\u00e7ildi - Av. Deniz Can K\u0131z\u0131l","robots":{"index":"index","follow":"follow","max-snippet":"max-snippet:-1","max-image-preview":"max-image-preview:large","max-video-preview":"max-video-preview:-1"},"canonical":"https:\/\/denizcankizil.tr\/uk\/hukukihaber\/nigde-barosu-baskanligina-emin-alper-ozturk-yeniden-secildi\/","og_locale":"uk_UA","og_type":"article","og_title":"Ni\u011fde Barosu ba\u015fkanl\u0131\u011f\u0131na Emin Alper \u00d6zt\u00fcrk yeniden se\u00e7ildi","og_description":"Ni\u011fde Baro Ba\u015fkanl\u0131\u011f\u0131 se\u00e7imini Avukat Emin Alper \u00d6zt\u00fcrk kazand\u0131. Ni\u011fde Barosu Ola\u011fan Genel Kurulu NESOB toplant\u0131 salonunda yap\u0131ld\u0131. Baro Ba\u015fkanl\u0131\u011f\u0131 i\u00e7in Mevcut Ba\u015fkan Osman \u00c7imen ve Emin Alper \u00d6zt\u00fcrk\u2019\u00fcn aday oldu\u011fu se\u00e7imlerde oylar\u0131n \u00e7o\u011funlu\u011funu alan \u00d6zt\u00fcrk yeni Baro Ba\u015fkan\u0131 oldu. Oylar\u0131n 114\u2019\u00fcn\u00fc Osman \u00c7imen,136\u2019s\u0131n\u0131 Emin Alper \u00d6zt\u00fcrk ald\u0131. \u200bNi\u011fde Barosu se\u00e7imlerinde mevcut Ba\u015fkan Av. Emin Alper \u00d6zt\u00fcrk yeniden kazanarak ba\u015fkan se\u00e7ildi.\u00a0Hukuki Haber","og_url":"https:\/\/denizcankizil.tr\/uk\/hukukihaber\/nigde-barosu-baskanligina-emin-alper-ozturk-yeniden-secildi\/","og_site_name":"Av. Deniz Can K\u0131z\u0131l","article_published_time":"2024-10-13T21:53:00+00:00","twitter_card":"summary_large_image","schema":{"@context":"https:\/\/schema.org","@graph":[{"@type":"Article","@id":"https:\/\/denizcankizil.tr\/uk\/hukukihaber\/nigde-barosu-baskanligina-emin-alper-ozturk-yeniden-secildi\/#article","isPartOf":{"@id":"https:\/\/denizcankizil.tr\/uk\/hukukihaber\/nigde-barosu-baskanligina-emin-alper-ozturk-yeniden-secildi\/"},"author":{"name":"","@id":""},"headline":"Ni\u011fde Barosu ba\u015fkanl\u0131\u011f\u0131na Emin Alper \u00d6zt\u00fcrk yeniden se\u00e7ildi","datePublished":"2024-10-13T21:53:00+00:00","mainEntityOfPage":{"@id":"https:\/\/denizcankizil.tr\/uk\/hukukihaber\/nigde-barosu-baskanligina-emin-alper-ozturk-yeniden-secildi\/"},"wordCount":105,"commentCount":0,"publisher":{"@id":"https:\/\/denizcankizil.tr\/de\/#organization"},"articleSection":["Hukuki Haberler"],"inLanguage":"uk","potentialAction":[{"@type":"CommentAction","name":"Comment","target":["https:\/\/denizcankizil.tr\/uk\/hukukihaber\/nigde-barosu-baskanligina-emin-alper-ozturk-yeniden-secildi\/#respond"]}]},{"@type":"WebPage","@id":"https:\/\/denizcankizil.tr\/uk\/hukukihaber\/nigde-barosu-baskanligina-emin-alper-ozturk-yeniden-secildi\/","url":"https:\/\/denizcankizil.tr\/uk\/hukukihaber\/nigde-barosu-baskanligina-emin-alper-ozturk-yeniden-secildi\/","name":"Ni\u011fde Barosu ba\u015fkanl\u0131\u011f\u0131na Emin Alper \u00d6zt\u00fcrk yeniden se\u00e7ildi - Av. Deniz Can K\u0131z\u0131l","isPartOf":{"@id":"https:\/\/denizcankizil.tr\/de\/#website"},"datePublished":"2024-10-13T21:53:00+00:00","breadcrumb":{"@id":"https:\/\/denizcankizil.tr\/uk\/hukukihaber\/nigde-barosu-baskanligina-emin-alper-ozturk-yeniden-secildi\/#breadcrumb"},"inLanguage":"uk","potentialAction":[{"@type":"ReadAction","target":["https:\/\/denizcankizil.tr\/uk\/hukukihaber\/nigde-barosu-baskanligina-emin-alper-ozturk-yeniden-secildi\/"]}]},{"@type":"BreadcrumbList","@id":"https:\/\/denizcankizil.tr\/uk\/hukukihaber\/nigde-barosu-baskanligina-emin-alper-ozturk-yeniden-secildi\/#breadcrumb","itemListElement":[{"@type":"ListItem","position":1,"name":"Home","item":"https:\/\/denizcankizil.tr\/de\/"},{"@type":"ListItem","position":2,"name":"Ni\u011fde Barosu ba\u015fkanl\u0131\u011f\u0131na Emin Alper \u00d6zt\u00fcrk yeniden se\u00e7ildi"}]},{"@type":"WebSite","@id":"https:\/\/denizcankizil.tr\/de\/#website","url":"https:\/\/denizcankizil.tr\/de\/","name":"Av. Deniz Can K\u0131z\u0131l","description":"Avukat Deniz Can K\u0131z\u0131l Antalya Barosu","publisher":{"@id":"https:\/\/denizcankizil.tr\/de\/#organization"},"potentialAction":[{"@type":"SearchAction","target":{"@type":"EntryPoint","urlTemplate":"https:\/\/denizcankizil.tr\/de\/?s={search_term_string}"},"query-input":{"@type":"PropertyValueSpecification","valueRequired":true,"valueName":"search_term_string"}}],"inLanguage":"uk"},{"@type":"Organization","@id":"https:\/\/denizcankizil.tr\/de\/#organization","name":"Av. Deniz Can K\u0131z\u0131l","url":"https:\/\/denizcankizil.tr\/de\/","logo":{"@type":"ImageObject","inLanguage":"uk","@id":"https:\/\/denizcankizil.tr\/de\/#\/schema\/logo\/image\/","url":"https:\/\/denizcankizil.tr\/wp-content\/uploads\/2024\/10\/siyah-logo-svg.svg","contentUrl":"https:\/\/denizcankizil.tr\/wp-content\/uploads\/2024\/10\/siyah-logo-svg.svg","width":1080,"height":1080,"caption":"Av. Deniz Can K\u0131z\u0131l"},"image":{"@id":"https:\/\/denizcankizil.tr\/de\/#\/schema\/logo\/image\/"}}]}},"_links":{"self":[{"href":"https:\/\/denizcankizil.tr\/uk\/wp-json\/wp\/v2\/posts\/2277","targetHints":{"allow":["GET"]}}],"collection":[{"href":"https:\/\/denizcankizil.tr\/uk\/wp-json\/wp\/v2\/posts"}],"about":[{"href":"https:\/\/denizcankizil.tr\/uk\/wp-json\/wp\/v2\/types\/post"}],"replies":[{"embeddable":true,"href":"https:\/\/denizcankizil.tr\/uk\/wp-json\/wp\/v2\/comments?post=2277"}],"version-history":[{"count":0,"href":"https:\/\/denizcankizil.tr\/uk\/wp-json\/wp\/v2\/posts\/2277\/revisions"}],"wp:attachment":[{"href":"https:\/\/denizcankizil.tr\/uk\/wp-json\/wp\/v2\/media?parent=2277"}],"wp:term":[{"taxonomy":"category","embeddable":true,"href":"https:\/\/denizcankizil.tr\/uk\/wp-json\/wp\/v2\/categories?post=2277"},{"taxonomy":"post_tag","embeddable":true,"href":"https:\/\/denizcankizil.tr\/uk\/wp-json\/wp\/v2\/tags?post=2277"}],"curies":[{"name":"wp","href":"https:\/\/api.w.org\/{rel}","templated":true}]}}