{"id":22742,"date":"2024-12-28T21:41:57","date_gmt":"2024-12-28T18:41:57","guid":{"rendered":"https:\/\/denizcankizil.tr\/uncategorized-tr\/nevsehir-belediyesi-sporculari-yarismaya-damga-vurdu\/"},"modified":"2024-12-28T21:41:57","modified_gmt":"2024-12-28T18:41:57","slug":"nevsehir-belediyesi-sporculari-yarismaya-damga-vurdu","status":"publish","type":"post","link":"https:\/\/denizcankizil.tr\/uk\/haberler\/gundem\/nevsehir-belediyesi-sporculari-yarismaya-damga-vurdu\/","title":{"rendered":"Nev\u015fehir Belediyesi Sporcular\u0131 Yar\u0131\u015fmaya Damga Vurdu"},"content":{"rendered":"<p>T\u00fcrkiye Halter Federasyonu taraf\u0131ndan d\u00fczenlenen Okul Sporlar\u0131 T\u00fcrkiye Halter \u015eampiyonas\u0131na Nev\u015fehir Belediyesi spor Kul\u00fcb\u00fc sporcular\u0131 damga vurdu.<\/p>\n<p>\u200bT\u00fcrkiye Halter Federasyonu taraf\u0131ndan d\u00fczenlenen Okul Sporlar\u0131 T\u00fcrkiye Halter \u015eampiyonas\u0131na Nev\u015fehir Belediyesi spor Kul\u00fcb\u00fc sporcular\u0131 damga vurdu.\u00a0<\/p>\n<p>\u200bHaberin Al\u0131nt\u0131land\u0131\u011f\u0131 Kaynak: www.iskenderun.org<\/p>","protected":false},"excerpt":{"rendered":"<p>T\u00fcrkiye Halter Federasyonu taraf\u0131ndan d\u00fczenlenen Okul Sporlar\u0131 T\u00fcrkiye Halter \u015eampiyonas\u0131na Nev\u015fehir Belediyesi spor Kul\u00fcb\u00fc sporcular\u0131 damga vurdu. \u200bT\u00fcrkiye Halter Federasyonu taraf\u0131ndan d\u00fczenlenen Okul Sporlar\u0131 T\u00fcrkiye Halter \u015eampiyonas\u0131na Nev\u015fehir Belediyesi spor Kul\u00fcb\u00fc sporcular\u0131 damga vurdu.\u00a0 \u200bHaberin Al\u0131nt\u0131land\u0131\u011f\u0131 Kaynak: www.iskenderun.org<\/p>","protected":false},"author":0,"featured_media":0,"comment_status":"open","ping_status":"open","sticky":false,"template":"","format":"standard","meta":{"_acf_changed":false,"footnotes":""},"categories":[24,535],"tags":[],"class_list":["post-22742","post","type-post","status-publish","format-standard","has-post-thumbnail","hentry","category-gundem","category-uncategorized-tr"],"acf":[],"yoast_head":"<!-- This site is optimized with the Yoast SEO Premium plugin v26.6 (Yoast SEO v27.1.1) - https:\/\/yoast.com\/product\/yoast-seo-premium-wordpress\/ -->\n<title>Nev\u015fehir Belediyesi Sporcular\u0131 Yar\u0131\u015fmaya Damga Vurdu - Av. Deniz Can K\u0131z\u0131l<\/title>\n<meta name=\"robots\" content=\"index, follow, max-snippet:-1, max-image-preview:large, max-video-preview:-1\" \/>\n<link rel=\"canonical\" href=\"https:\/\/denizcankizil.tr\/uk\/haberler\/gundem\/nevsehir-belediyesi-sporculari-yarismaya-damga-vurdu\/\" \/>\n<meta property=\"og:locale\" content=\"uk_UA\" \/>\n<meta property=\"og:type\" content=\"article\" \/>\n<meta property=\"og:title\" content=\"Nev\u015fehir Belediyesi Sporcular\u0131 Yar\u0131\u015fmaya Damga Vurdu\" \/>\n<meta property=\"og:description\" content=\"T\u00fcrkiye Halter Federasyonu taraf\u0131ndan d\u00fczenlenen Okul Sporlar\u0131 T\u00fcrkiye Halter \u015eampiyonas\u0131na Nev\u015fehir Belediyesi spor Kul\u00fcb\u00fc sporcular\u0131 damga vurdu. \u200bT\u00fcrkiye Halter Federasyonu taraf\u0131ndan d\u00fczenlenen Okul Sporlar\u0131 T\u00fcrkiye Halter \u015eampiyonas\u0131na Nev\u015fehir Belediyesi spor Kul\u00fcb\u00fc sporcular\u0131 damga vurdu.\u00a0 \u200bHaberin Al\u0131nt\u0131land\u0131\u011f\u0131 Kaynak: www.iskenderun.org\" \/>\n<meta property=\"og:url\" content=\"https:\/\/denizcankizil.tr\/uk\/haberler\/gundem\/nevsehir-belediyesi-sporculari-yarismaya-damga-vurdu\/\" \/>\n<meta property=\"og:site_name\" content=\"Av. Deniz Can K\u0131z\u0131l\" \/>\n<meta property=\"article:published_time\" content=\"2024-12-28T18:41:57+00:00\" \/>\n<meta name=\"twitter:card\" content=\"summary_large_image\" \/>\n<script type=\"application\/ld+json\" class=\"yoast-schema-graph\">{\"@context\":\"https:\/\/schema.org\",\"@graph\":[{\"@type\":\"Article\",\"@id\":\"https:\/\/denizcankizil.tr\/uk\/haberler\/gundem\/nevsehir-belediyesi-sporculari-yarismaya-damga-vurdu\/#article\",\"isPartOf\":{\"@id\":\"https:\/\/denizcankizil.tr\/uk\/haberler\/gundem\/nevsehir-belediyesi-sporculari-yarismaya-damga-vurdu\/\"},\"author\":{\"name\":\"\",\"@id\":\"\"},\"headline\":\"Nev\u015fehir Belediyesi Sporcular\u0131 Yar\u0131\u015fmaya Damga Vurdu\",\"datePublished\":\"2024-12-28T18:41:57+00:00\",\"mainEntityOfPage\":{\"@id\":\"https:\/\/denizcankizil.tr\/uk\/haberler\/gundem\/nevsehir-belediyesi-sporculari-yarismaya-damga-vurdu\/\"},\"wordCount\":64,\"commentCount\":0,\"publisher\":{\"@id\":\"https:\/\/denizcankizil.tr\/de\/#organization\"},\"articleSection\":[\"G\u00fcndem\",\"Uncategorized\"],\"inLanguage\":\"uk\",\"potentialAction\":[{\"@type\":\"CommentAction\",\"name\":\"Comment\",\"target\":[\"https:\/\/denizcankizil.tr\/uk\/haberler\/gundem\/nevsehir-belediyesi-sporculari-yarismaya-damga-vurdu\/#respond\"]}]},{\"@type\":\"WebPage\",\"@id\":\"https:\/\/denizcankizil.tr\/uk\/haberler\/gundem\/nevsehir-belediyesi-sporculari-yarismaya-damga-vurdu\/\",\"url\":\"https:\/\/denizcankizil.tr\/uk\/haberler\/gundem\/nevsehir-belediyesi-sporculari-yarismaya-damga-vurdu\/\",\"name\":\"Nev\u015fehir Belediyesi Sporcular\u0131 Yar\u0131\u015fmaya Damga Vurdu - Av. Deniz Can K\u0131z\u0131l\",\"isPartOf\":{\"@id\":\"https:\/\/denizcankizil.tr\/de\/#website\"},\"datePublished\":\"2024-12-28T18:41:57+00:00\",\"breadcrumb\":{\"@id\":\"https:\/\/denizcankizil.tr\/uk\/haberler\/gundem\/nevsehir-belediyesi-sporculari-yarismaya-damga-vurdu\/#breadcrumb\"},\"inLanguage\":\"uk\",\"potentialAction\":[{\"@type\":\"ReadAction\",\"target\":[\"https:\/\/denizcankizil.tr\/uk\/haberler\/gundem\/nevsehir-belediyesi-sporculari-yarismaya-damga-vurdu\/\"]}]},{\"@type\":\"BreadcrumbList\",\"@id\":\"https:\/\/denizcankizil.tr\/uk\/haberler\/gundem\/nevsehir-belediyesi-sporculari-yarismaya-damga-vurdu\/#breadcrumb\",\"itemListElement\":[{\"@type\":\"ListItem\",\"position\":1,\"name\":\"Home\",\"item\":\"https:\/\/denizcankizil.tr\/de\/\"},{\"@type\":\"ListItem\",\"position\":2,\"name\":\"Nev\u015fehir Belediyesi Sporcular\u0131 Yar\u0131\u015fmaya Damga Vurdu\"}]},{\"@type\":\"WebSite\",\"@id\":\"https:\/\/denizcankizil.tr\/de\/#website\",\"url\":\"https:\/\/denizcankizil.tr\/de\/\",\"name\":\"Av. Deniz Can K\u0131z\u0131l\",\"description\":\"Avukat Deniz Can K\u0131z\u0131l Antalya Barosu\",\"publisher\":{\"@id\":\"https:\/\/denizcankizil.tr\/de\/#organization\"},\"potentialAction\":[{\"@type\":\"SearchAction\",\"target\":{\"@type\":\"EntryPoint\",\"urlTemplate\":\"https:\/\/denizcankizil.tr\/de\/?s={search_term_string}\"},\"query-input\":{\"@type\":\"PropertyValueSpecification\",\"valueRequired\":true,\"valueName\":\"search_term_string\"}}],\"inLanguage\":\"uk\"},{\"@type\":\"Organization\",\"@id\":\"https:\/\/denizcankizil.tr\/de\/#organization\",\"name\":\"Av. Deniz Can K\u0131z\u0131l\",\"url\":\"https:\/\/denizcankizil.tr\/de\/\",\"logo\":{\"@type\":\"ImageObject\",\"inLanguage\":\"uk\",\"@id\":\"https:\/\/denizcankizil.tr\/de\/#\/schema\/logo\/image\/\",\"url\":\"https:\/\/denizcankizil.tr\/wp-content\/uploads\/2024\/10\/siyah-logo-svg.svg\",\"contentUrl\":\"https:\/\/denizcankizil.tr\/wp-content\/uploads\/2024\/10\/siyah-logo-svg.svg\",\"width\":1080,\"height\":1080,\"caption\":\"Av. Deniz Can K\u0131z\u0131l\"},\"image\":{\"@id\":\"https:\/\/denizcankizil.tr\/de\/#\/schema\/logo\/image\/\"}}]}<\/script>\n<!-- \/ Yoast SEO Premium plugin. -->","yoast_head_json":{"title":"Nev\u015fehir Belediyesi Sporcular\u0131 Yar\u0131\u015fmaya Damga Vurdu - Av. Deniz Can K\u0131z\u0131l","robots":{"index":"index","follow":"follow","max-snippet":"max-snippet:-1","max-image-preview":"max-image-preview:large","max-video-preview":"max-video-preview:-1"},"canonical":"https:\/\/denizcankizil.tr\/uk\/haberler\/gundem\/nevsehir-belediyesi-sporculari-yarismaya-damga-vurdu\/","og_locale":"uk_UA","og_type":"article","og_title":"Nev\u015fehir Belediyesi Sporcular\u0131 Yar\u0131\u015fmaya Damga Vurdu","og_description":"T\u00fcrkiye Halter Federasyonu taraf\u0131ndan d\u00fczenlenen Okul Sporlar\u0131 T\u00fcrkiye Halter \u015eampiyonas\u0131na Nev\u015fehir Belediyesi spor Kul\u00fcb\u00fc sporcular\u0131 damga vurdu. \u200bT\u00fcrkiye Halter Federasyonu taraf\u0131ndan d\u00fczenlenen Okul Sporlar\u0131 T\u00fcrkiye Halter \u015eampiyonas\u0131na Nev\u015fehir Belediyesi spor Kul\u00fcb\u00fc sporcular\u0131 damga vurdu.\u00a0 \u200bHaberin Al\u0131nt\u0131land\u0131\u011f\u0131 Kaynak: www.iskenderun.org","og_url":"https:\/\/denizcankizil.tr\/uk\/haberler\/gundem\/nevsehir-belediyesi-sporculari-yarismaya-damga-vurdu\/","og_site_name":"Av. Deniz Can K\u0131z\u0131l","article_published_time":"2024-12-28T18:41:57+00:00","twitter_card":"summary_large_image","schema":{"@context":"https:\/\/schema.org","@graph":[{"@type":"Article","@id":"https:\/\/denizcankizil.tr\/uk\/haberler\/gundem\/nevsehir-belediyesi-sporculari-yarismaya-damga-vurdu\/#article","isPartOf":{"@id":"https:\/\/denizcankizil.tr\/uk\/haberler\/gundem\/nevsehir-belediyesi-sporculari-yarismaya-damga-vurdu\/"},"author":{"name":"","@id":""},"headline":"Nev\u015fehir Belediyesi Sporcular\u0131 Yar\u0131\u015fmaya Damga Vurdu","datePublished":"2024-12-28T18:41:57+00:00","mainEntityOfPage":{"@id":"https:\/\/denizcankizil.tr\/uk\/haberler\/gundem\/nevsehir-belediyesi-sporculari-yarismaya-damga-vurdu\/"},"wordCount":64,"commentCount":0,"publisher":{"@id":"https:\/\/denizcankizil.tr\/de\/#organization"},"articleSection":["G\u00fcndem","Uncategorized"],"inLanguage":"uk","potentialAction":[{"@type":"CommentAction","name":"Comment","target":["https:\/\/denizcankizil.tr\/uk\/haberler\/gundem\/nevsehir-belediyesi-sporculari-yarismaya-damga-vurdu\/#respond"]}]},{"@type":"WebPage","@id":"https:\/\/denizcankizil.tr\/uk\/haberler\/gundem\/nevsehir-belediyesi-sporculari-yarismaya-damga-vurdu\/","url":"https:\/\/denizcankizil.tr\/uk\/haberler\/gundem\/nevsehir-belediyesi-sporculari-yarismaya-damga-vurdu\/","name":"Nev\u015fehir Belediyesi Sporcular\u0131 Yar\u0131\u015fmaya Damga Vurdu - Av. Deniz Can K\u0131z\u0131l","isPartOf":{"@id":"https:\/\/denizcankizil.tr\/de\/#website"},"datePublished":"2024-12-28T18:41:57+00:00","breadcrumb":{"@id":"https:\/\/denizcankizil.tr\/uk\/haberler\/gundem\/nevsehir-belediyesi-sporculari-yarismaya-damga-vurdu\/#breadcrumb"},"inLanguage":"uk","potentialAction":[{"@type":"ReadAction","target":["https:\/\/denizcankizil.tr\/uk\/haberler\/gundem\/nevsehir-belediyesi-sporculari-yarismaya-damga-vurdu\/"]}]},{"@type":"BreadcrumbList","@id":"https:\/\/denizcankizil.tr\/uk\/haberler\/gundem\/nevsehir-belediyesi-sporculari-yarismaya-damga-vurdu\/#breadcrumb","itemListElement":[{"@type":"ListItem","position":1,"name":"Home","item":"https:\/\/denizcankizil.tr\/de\/"},{"@type":"ListItem","position":2,"name":"Nev\u015fehir Belediyesi Sporcular\u0131 Yar\u0131\u015fmaya Damga Vurdu"}]},{"@type":"WebSite","@id":"https:\/\/denizcankizil.tr\/de\/#website","url":"https:\/\/denizcankizil.tr\/de\/","name":"Av. Deniz Can K\u0131z\u0131l","description":"Avukat Deniz Can K\u0131z\u0131l Antalya Barosu","publisher":{"@id":"https:\/\/denizcankizil.tr\/de\/#organization"},"potentialAction":[{"@type":"SearchAction","target":{"@type":"EntryPoint","urlTemplate":"https:\/\/denizcankizil.tr\/de\/?s={search_term_string}"},"query-input":{"@type":"PropertyValueSpecification","valueRequired":true,"valueName":"search_term_string"}}],"inLanguage":"uk"},{"@type":"Organization","@id":"https:\/\/denizcankizil.tr\/de\/#organization","name":"Av. Deniz Can K\u0131z\u0131l","url":"https:\/\/denizcankizil.tr\/de\/","logo":{"@type":"ImageObject","inLanguage":"uk","@id":"https:\/\/denizcankizil.tr\/de\/#\/schema\/logo\/image\/","url":"https:\/\/denizcankizil.tr\/wp-content\/uploads\/2024\/10\/siyah-logo-svg.svg","contentUrl":"https:\/\/denizcankizil.tr\/wp-content\/uploads\/2024\/10\/siyah-logo-svg.svg","width":1080,"height":1080,"caption":"Av. Deniz Can K\u0131z\u0131l"},"image":{"@id":"https:\/\/denizcankizil.tr\/de\/#\/schema\/logo\/image\/"}}]}},"_links":{"self":[{"href":"https:\/\/denizcankizil.tr\/uk\/wp-json\/wp\/v2\/posts\/22742","targetHints":{"allow":["GET"]}}],"collection":[{"href":"https:\/\/denizcankizil.tr\/uk\/wp-json\/wp\/v2\/posts"}],"about":[{"href":"https:\/\/denizcankizil.tr\/uk\/wp-json\/wp\/v2\/types\/post"}],"replies":[{"embeddable":true,"href":"https:\/\/denizcankizil.tr\/uk\/wp-json\/wp\/v2\/comments?post=22742"}],"version-history":[{"count":0,"href":"https:\/\/denizcankizil.tr\/uk\/wp-json\/wp\/v2\/posts\/22742\/revisions"}],"wp:attachment":[{"href":"https:\/\/denizcankizil.tr\/uk\/wp-json\/wp\/v2\/media?parent=22742"}],"wp:term":[{"taxonomy":"category","embeddable":true,"href":"https:\/\/denizcankizil.tr\/uk\/wp-json\/wp\/v2\/categories?post=22742"},{"taxonomy":"post_tag","embeddable":true,"href":"https:\/\/denizcankizil.tr\/uk\/wp-json\/wp\/v2\/tags?post=22742"}],"curies":[{"name":"wp","href":"https:\/\/api.w.org\/{rel}","templated":true}]}}