{"id":22683,"date":"2024-12-28T13:42:28","date_gmt":"2024-12-28T10:42:28","guid":{"rendered":"https:\/\/denizcankizil.tr\/uncategorized-tr\/hafif-ticari-aracla-motosiklet-carpisti-2\/"},"modified":"2024-12-28T13:42:28","modified_gmt":"2024-12-28T10:42:28","slug":"hafif-ticari-aracla-motosiklet-carpisti-2","status":"publish","type":"post","link":"https:\/\/denizcankizil.tr\/uk\/haberler\/antalya\/hafif-ticari-aracla-motosiklet-carpisti-2\/","title":{"rendered":"Hafif ticari ara\u00e7la motosiklet \u00e7arp\u0131\u015ft\u0131"},"content":{"rendered":"<p>Kaza, A\u015fa\u011f\u0131 Hisar Mahallesi\u2019nde 4517 sokakta meydana geldi. G\u00f6kmen Kocao\u011flu\u2019nun kulland\u0131\u011f\u0131 31 ADB 650 plakal\u0131 motosiklet, ayn\u0131 istikamette giden Kadir Yah\u015fi\u2019nin kulland\u0131\u011f\u0131 03 AGR 897 plakal\u0131 hafif ticari ara\u00e7la \u00e7arp\u0131\u015ft\u0131.<br \/>\nKazada yaralanan motosiklet s\u00fcr\u00fcc\u00fcs\u00fc, sa\u011fl\u0131k ekibinin olay yerindeki m\u00fcdahalesinin ard\u0131ndan ambulansla hastaneye kald\u0131r\u0131ld\u0131.<\/p>\n<p>Kaynak: www.kanalv.com.tr Haber Sitesinden Al\u0131nm\u0131\u015ft\u0131r.<\/p>","protected":false},"excerpt":{"rendered":"<p>Kaza, A\u015fa\u011f\u0131 Hisar Mahallesi\u2019nde 4517 sokakta meydana geldi. G\u00f6kmen Kocao\u011flu\u2019nun kulland\u0131\u011f\u0131 31 ADB 650 plakal\u0131 motosiklet, ayn\u0131 istikamette giden Kadir Yah\u015fi\u2019nin kulland\u0131\u011f\u0131 03 AGR 897 plakal\u0131 hafif ticari ara\u00e7la \u00e7arp\u0131\u015ft\u0131. Kazada yaralanan motosiklet s\u00fcr\u00fcc\u00fcs\u00fc, sa\u011fl\u0131k ekibinin olay yerindeki m\u00fcdahalesinin ard\u0131ndan ambulansla hastaneye kald\u0131r\u0131ld\u0131. Kaynak: www.kanalv.com.tr Haber Sitesinden Al\u0131nm\u0131\u015ft\u0131r.<\/p>","protected":false},"author":0,"featured_media":21215,"comment_status":"open","ping_status":"open","sticky":false,"template":"","format":"standard","meta":{"_acf_changed":false,"footnotes":""},"categories":[26,535],"tags":[],"class_list":["post-22683","post","type-post","status-publish","format-standard","has-post-thumbnail","hentry","category-antalya","category-uncategorized-tr"],"acf":[],"yoast_head":"<!-- This site is optimized with the Yoast SEO Premium plugin v26.6 (Yoast SEO v27.1.1) - https:\/\/yoast.com\/product\/yoast-seo-premium-wordpress\/ -->\n<title>Hafif ticari ara\u00e7la motosiklet \u00e7arp\u0131\u015ft\u0131 - Av. Deniz Can K\u0131z\u0131l<\/title>\n<meta name=\"robots\" content=\"index, follow, max-snippet:-1, max-image-preview:large, max-video-preview:-1\" \/>\n<link rel=\"canonical\" href=\"https:\/\/denizcankizil.tr\/uk\/haberler\/antalya\/hafif-ticari-aracla-motosiklet-carpisti-2\/\" \/>\n<meta property=\"og:locale\" content=\"uk_UA\" \/>\n<meta property=\"og:type\" content=\"article\" \/>\n<meta property=\"og:title\" content=\"Hafif ticari ara\u00e7la motosiklet \u00e7arp\u0131\u015ft\u0131\" \/>\n<meta property=\"og:description\" content=\"Kaza, A\u015fa\u011f\u0131 Hisar Mahallesi\u2019nde 4517 sokakta meydana geldi. G\u00f6kmen Kocao\u011flu\u2019nun kulland\u0131\u011f\u0131 31 ADB 650 plakal\u0131 motosiklet, ayn\u0131 istikamette giden Kadir Yah\u015fi\u2019nin kulland\u0131\u011f\u0131 03 AGR 897 plakal\u0131 hafif ticari ara\u00e7la \u00e7arp\u0131\u015ft\u0131. Kazada yaralanan motosiklet s\u00fcr\u00fcc\u00fcs\u00fc, sa\u011fl\u0131k ekibinin olay yerindeki m\u00fcdahalesinin ard\u0131ndan ambulansla hastaneye kald\u0131r\u0131ld\u0131. Kaynak: www.kanalv.com.tr Haber Sitesinden Al\u0131nm\u0131\u015ft\u0131r.\" \/>\n<meta property=\"og:url\" content=\"https:\/\/denizcankizil.tr\/uk\/haberler\/antalya\/hafif-ticari-aracla-motosiklet-carpisti-2\/\" \/>\n<meta property=\"og:site_name\" content=\"Av. Deniz Can K\u0131z\u0131l\" \/>\n<meta property=\"article:published_time\" content=\"2024-12-28T10:42:28+00:00\" \/>\n<meta property=\"og:image\" content=\"https:\/\/denizcankizil.tr\/wp-content\/uploads\/2024\/12\/3648-01-CJdzuu.jpeg\" \/>\n\t<meta property=\"og:image:width\" content=\"1280\" \/>\n\t<meta property=\"og:image:height\" content=\"720\" \/>\n\t<meta property=\"og:image:type\" content=\"image\/jpeg\" \/>\n<meta name=\"twitter:card\" content=\"summary_large_image\" \/>\n<script type=\"application\/ld+json\" class=\"yoast-schema-graph\">{\"@context\":\"https:\/\/schema.org\",\"@graph\":[{\"@type\":\"Article\",\"@id\":\"https:\/\/denizcankizil.tr\/uk\/haberler\/antalya\/hafif-ticari-aracla-motosiklet-carpisti-2\/#article\",\"isPartOf\":{\"@id\":\"https:\/\/denizcankizil.tr\/uk\/haberler\/antalya\/hafif-ticari-aracla-motosiklet-carpisti-2\/\"},\"author\":{\"name\":\"\",\"@id\":\"\"},\"headline\":\"Hafif ticari ara\u00e7la motosiklet \u00e7arp\u0131\u015ft\u0131\",\"datePublished\":\"2024-12-28T10:42:28+00:00\",\"mainEntityOfPage\":{\"@id\":\"https:\/\/denizcankizil.tr\/uk\/haberler\/antalya\/hafif-ticari-aracla-motosiklet-carpisti-2\/\"},\"wordCount\":74,\"commentCount\":0,\"publisher\":{\"@id\":\"https:\/\/denizcankizil.tr\/#organization\"},\"image\":{\"@id\":\"https:\/\/denizcankizil.tr\/uk\/haberler\/antalya\/hafif-ticari-aracla-motosiklet-carpisti-2\/#primaryimage\"},\"thumbnailUrl\":\"https:\/\/denizcankizil.tr\/wp-content\/uploads\/2024\/12\/3648-01-CJdzuu.jpeg\",\"articleSection\":[\"Antalya\",\"Uncategorized\"],\"inLanguage\":\"uk\",\"potentialAction\":[{\"@type\":\"CommentAction\",\"name\":\"Comment\",\"target\":[\"https:\/\/denizcankizil.tr\/uk\/haberler\/antalya\/hafif-ticari-aracla-motosiklet-carpisti-2\/#respond\"]}]},{\"@type\":\"WebPage\",\"@id\":\"https:\/\/denizcankizil.tr\/uk\/haberler\/antalya\/hafif-ticari-aracla-motosiklet-carpisti-2\/\",\"url\":\"https:\/\/denizcankizil.tr\/uk\/haberler\/antalya\/hafif-ticari-aracla-motosiklet-carpisti-2\/\",\"name\":\"Hafif ticari ara\u00e7la motosiklet \u00e7arp\u0131\u015ft\u0131 - Av. Deniz Can K\u0131z\u0131l\",\"isPartOf\":{\"@id\":\"https:\/\/denizcankizil.tr\/#website\"},\"primaryImageOfPage\":{\"@id\":\"https:\/\/denizcankizil.tr\/uk\/haberler\/antalya\/hafif-ticari-aracla-motosiklet-carpisti-2\/#primaryimage\"},\"image\":{\"@id\":\"https:\/\/denizcankizil.tr\/uk\/haberler\/antalya\/hafif-ticari-aracla-motosiklet-carpisti-2\/#primaryimage\"},\"thumbnailUrl\":\"https:\/\/denizcankizil.tr\/wp-content\/uploads\/2024\/12\/3648-01-CJdzuu.jpeg\",\"datePublished\":\"2024-12-28T10:42:28+00:00\",\"breadcrumb\":{\"@id\":\"https:\/\/denizcankizil.tr\/uk\/haberler\/antalya\/hafif-ticari-aracla-motosiklet-carpisti-2\/#breadcrumb\"},\"inLanguage\":\"uk\",\"potentialAction\":[{\"@type\":\"ReadAction\",\"target\":[\"https:\/\/denizcankizil.tr\/uk\/haberler\/antalya\/hafif-ticari-aracla-motosiklet-carpisti-2\/\"]}]},{\"@type\":\"ImageObject\",\"inLanguage\":\"uk\",\"@id\":\"https:\/\/denizcankizil.tr\/uk\/haberler\/antalya\/hafif-ticari-aracla-motosiklet-carpisti-2\/#primaryimage\",\"url\":\"https:\/\/denizcankizil.tr\/wp-content\/uploads\/2024\/12\/3648-01-CJdzuu.jpeg\",\"contentUrl\":\"https:\/\/denizcankizil.tr\/wp-content\/uploads\/2024\/12\/3648-01-CJdzuu.jpeg\",\"width\":1280,\"height\":720},{\"@type\":\"BreadcrumbList\",\"@id\":\"https:\/\/denizcankizil.tr\/uk\/haberler\/antalya\/hafif-ticari-aracla-motosiklet-carpisti-2\/#breadcrumb\",\"itemListElement\":[{\"@type\":\"ListItem\",\"position\":1,\"name\":\"Home\",\"item\":\"https:\/\/denizcankizil.tr\/de\/\"},{\"@type\":\"ListItem\",\"position\":2,\"name\":\"Hafif ticari ara\u00e7la motosiklet \u00e7arp\u0131\u015ft\u0131\"}]},{\"@type\":\"WebSite\",\"@id\":\"https:\/\/denizcankizil.tr\/#website\",\"url\":\"https:\/\/denizcankizil.tr\/\",\"name\":\"Av. Deniz Can K\u0131z\u0131l\",\"description\":\"Avukat Deniz Can K\u0131z\u0131l Antalya Barosu\",\"publisher\":{\"@id\":\"https:\/\/denizcankizil.tr\/#organization\"},\"potentialAction\":[{\"@type\":\"SearchAction\",\"target\":{\"@type\":\"EntryPoint\",\"urlTemplate\":\"https:\/\/denizcankizil.tr\/?s={search_term_string}\"},\"query-input\":{\"@type\":\"PropertyValueSpecification\",\"valueRequired\":true,\"valueName\":\"search_term_string\"}}],\"inLanguage\":\"uk\"},{\"@type\":\"Organization\",\"@id\":\"https:\/\/denizcankizil.tr\/#organization\",\"name\":\"Av. Deniz Can K\u0131z\u0131l\",\"url\":\"https:\/\/denizcankizil.tr\/\",\"logo\":{\"@type\":\"ImageObject\",\"inLanguage\":\"uk\",\"@id\":\"https:\/\/denizcankizil.tr\/#\/schema\/logo\/image\/\",\"url\":\"https:\/\/denizcankizil.tr\/wp-content\/uploads\/2024\/10\/siyah-logo-svg.svg\",\"contentUrl\":\"https:\/\/denizcankizil.tr\/wp-content\/uploads\/2024\/10\/siyah-logo-svg.svg\",\"width\":1080,\"height\":1080,\"caption\":\"Av. Deniz Can K\u0131z\u0131l\"},\"image\":{\"@id\":\"https:\/\/denizcankizil.tr\/#\/schema\/logo\/image\/\"}}]}<\/script>\n<!-- \/ Yoast SEO Premium plugin. -->","yoast_head_json":{"title":"Hafif ticari ara\u00e7la motosiklet \u00e7arp\u0131\u015ft\u0131 - Av. Deniz Can K\u0131z\u0131l","robots":{"index":"index","follow":"follow","max-snippet":"max-snippet:-1","max-image-preview":"max-image-preview:large","max-video-preview":"max-video-preview:-1"},"canonical":"https:\/\/denizcankizil.tr\/uk\/haberler\/antalya\/hafif-ticari-aracla-motosiklet-carpisti-2\/","og_locale":"uk_UA","og_type":"article","og_title":"Hafif ticari ara\u00e7la motosiklet \u00e7arp\u0131\u015ft\u0131","og_description":"Kaza, A\u015fa\u011f\u0131 Hisar Mahallesi\u2019nde 4517 sokakta meydana geldi. G\u00f6kmen Kocao\u011flu\u2019nun kulland\u0131\u011f\u0131 31 ADB 650 plakal\u0131 motosiklet, ayn\u0131 istikamette giden Kadir Yah\u015fi\u2019nin kulland\u0131\u011f\u0131 03 AGR 897 plakal\u0131 hafif ticari ara\u00e7la \u00e7arp\u0131\u015ft\u0131. Kazada yaralanan motosiklet s\u00fcr\u00fcc\u00fcs\u00fc, sa\u011fl\u0131k ekibinin olay yerindeki m\u00fcdahalesinin ard\u0131ndan ambulansla hastaneye kald\u0131r\u0131ld\u0131. Kaynak: www.kanalv.com.tr Haber Sitesinden Al\u0131nm\u0131\u015ft\u0131r.","og_url":"https:\/\/denizcankizil.tr\/uk\/haberler\/antalya\/hafif-ticari-aracla-motosiklet-carpisti-2\/","og_site_name":"Av. Deniz Can K\u0131z\u0131l","article_published_time":"2024-12-28T10:42:28+00:00","og_image":[{"width":1280,"height":720,"url":"https:\/\/denizcankizil.tr\/wp-content\/uploads\/2024\/12\/3648-01-CJdzuu.jpeg","type":"image\/jpeg"}],"twitter_card":"summary_large_image","schema":{"@context":"https:\/\/schema.org","@graph":[{"@type":"Article","@id":"https:\/\/denizcankizil.tr\/uk\/haberler\/antalya\/hafif-ticari-aracla-motosiklet-carpisti-2\/#article","isPartOf":{"@id":"https:\/\/denizcankizil.tr\/uk\/haberler\/antalya\/hafif-ticari-aracla-motosiklet-carpisti-2\/"},"author":{"name":"","@id":""},"headline":"Hafif ticari ara\u00e7la motosiklet \u00e7arp\u0131\u015ft\u0131","datePublished":"2024-12-28T10:42:28+00:00","mainEntityOfPage":{"@id":"https:\/\/denizcankizil.tr\/uk\/haberler\/antalya\/hafif-ticari-aracla-motosiklet-carpisti-2\/"},"wordCount":74,"commentCount":0,"publisher":{"@id":"https:\/\/denizcankizil.tr\/#organization"},"image":{"@id":"https:\/\/denizcankizil.tr\/uk\/haberler\/antalya\/hafif-ticari-aracla-motosiklet-carpisti-2\/#primaryimage"},"thumbnailUrl":"https:\/\/denizcankizil.tr\/wp-content\/uploads\/2024\/12\/3648-01-CJdzuu.jpeg","articleSection":["Antalya","Uncategorized"],"inLanguage":"uk","potentialAction":[{"@type":"CommentAction","name":"Comment","target":["https:\/\/denizcankizil.tr\/uk\/haberler\/antalya\/hafif-ticari-aracla-motosiklet-carpisti-2\/#respond"]}]},{"@type":"WebPage","@id":"https:\/\/denizcankizil.tr\/uk\/haberler\/antalya\/hafif-ticari-aracla-motosiklet-carpisti-2\/","url":"https:\/\/denizcankizil.tr\/uk\/haberler\/antalya\/hafif-ticari-aracla-motosiklet-carpisti-2\/","name":"Hafif ticari ara\u00e7la motosiklet \u00e7arp\u0131\u015ft\u0131 - Av. Deniz Can K\u0131z\u0131l","isPartOf":{"@id":"https:\/\/denizcankizil.tr\/#website"},"primaryImageOfPage":{"@id":"https:\/\/denizcankizil.tr\/uk\/haberler\/antalya\/hafif-ticari-aracla-motosiklet-carpisti-2\/#primaryimage"},"image":{"@id":"https:\/\/denizcankizil.tr\/uk\/haberler\/antalya\/hafif-ticari-aracla-motosiklet-carpisti-2\/#primaryimage"},"thumbnailUrl":"https:\/\/denizcankizil.tr\/wp-content\/uploads\/2024\/12\/3648-01-CJdzuu.jpeg","datePublished":"2024-12-28T10:42:28+00:00","breadcrumb":{"@id":"https:\/\/denizcankizil.tr\/uk\/haberler\/antalya\/hafif-ticari-aracla-motosiklet-carpisti-2\/#breadcrumb"},"inLanguage":"uk","potentialAction":[{"@type":"ReadAction","target":["https:\/\/denizcankizil.tr\/uk\/haberler\/antalya\/hafif-ticari-aracla-motosiklet-carpisti-2\/"]}]},{"@type":"ImageObject","inLanguage":"uk","@id":"https:\/\/denizcankizil.tr\/uk\/haberler\/antalya\/hafif-ticari-aracla-motosiklet-carpisti-2\/#primaryimage","url":"https:\/\/denizcankizil.tr\/wp-content\/uploads\/2024\/12\/3648-01-CJdzuu.jpeg","contentUrl":"https:\/\/denizcankizil.tr\/wp-content\/uploads\/2024\/12\/3648-01-CJdzuu.jpeg","width":1280,"height":720},{"@type":"BreadcrumbList","@id":"https:\/\/denizcankizil.tr\/uk\/haberler\/antalya\/hafif-ticari-aracla-motosiklet-carpisti-2\/#breadcrumb","itemListElement":[{"@type":"ListItem","position":1,"name":"Home","item":"https:\/\/denizcankizil.tr\/de\/"},{"@type":"ListItem","position":2,"name":"Hafif ticari ara\u00e7la motosiklet \u00e7arp\u0131\u015ft\u0131"}]},{"@type":"WebSite","@id":"https:\/\/denizcankizil.tr\/#website","url":"https:\/\/denizcankizil.tr\/","name":"Av. Deniz Can K\u0131z\u0131l","description":"Avukat Deniz Can K\u0131z\u0131l Antalya Barosu","publisher":{"@id":"https:\/\/denizcankizil.tr\/#organization"},"potentialAction":[{"@type":"SearchAction","target":{"@type":"EntryPoint","urlTemplate":"https:\/\/denizcankizil.tr\/?s={search_term_string}"},"query-input":{"@type":"PropertyValueSpecification","valueRequired":true,"valueName":"search_term_string"}}],"inLanguage":"uk"},{"@type":"Organization","@id":"https:\/\/denizcankizil.tr\/#organization","name":"Av. Deniz Can K\u0131z\u0131l","url":"https:\/\/denizcankizil.tr\/","logo":{"@type":"ImageObject","inLanguage":"uk","@id":"https:\/\/denizcankizil.tr\/#\/schema\/logo\/image\/","url":"https:\/\/denizcankizil.tr\/wp-content\/uploads\/2024\/10\/siyah-logo-svg.svg","contentUrl":"https:\/\/denizcankizil.tr\/wp-content\/uploads\/2024\/10\/siyah-logo-svg.svg","width":1080,"height":1080,"caption":"Av. Deniz Can K\u0131z\u0131l"},"image":{"@id":"https:\/\/denizcankizil.tr\/#\/schema\/logo\/image\/"}}]}},"_links":{"self":[{"href":"https:\/\/denizcankizil.tr\/uk\/wp-json\/wp\/v2\/posts\/22683","targetHints":{"allow":["GET"]}}],"collection":[{"href":"https:\/\/denizcankizil.tr\/uk\/wp-json\/wp\/v2\/posts"}],"about":[{"href":"https:\/\/denizcankizil.tr\/uk\/wp-json\/wp\/v2\/types\/post"}],"replies":[{"embeddable":true,"href":"https:\/\/denizcankizil.tr\/uk\/wp-json\/wp\/v2\/comments?post=22683"}],"version-history":[{"count":0,"href":"https:\/\/denizcankizil.tr\/uk\/wp-json\/wp\/v2\/posts\/22683\/revisions"}],"wp:featuredmedia":[{"embeddable":true,"href":"https:\/\/denizcankizil.tr\/uk\/wp-json\/wp\/v2\/media\/21215"}],"wp:attachment":[{"href":"https:\/\/denizcankizil.tr\/uk\/wp-json\/wp\/v2\/media?parent=22683"}],"wp:term":[{"taxonomy":"category","embeddable":true,"href":"https:\/\/denizcankizil.tr\/uk\/wp-json\/wp\/v2\/categories?post=22683"},{"taxonomy":"post_tag","embeddable":true,"href":"https:\/\/denizcankizil.tr\/uk\/wp-json\/wp\/v2\/tags?post=22683"}],"curies":[{"name":"wp","href":"https:\/\/api.w.org\/{rel}","templated":true}]}}