{"id":22522,"date":"2024-12-27T13:41:58","date_gmt":"2024-12-27T10:41:58","guid":{"rendered":"https:\/\/denizcankizil.tr\/uncategorized-tr\/izmirde-baskan-tugaydan-iklim-notr-cagrisi\/"},"modified":"2024-12-27T13:41:58","modified_gmt":"2024-12-27T10:41:58","slug":"izmirde-baskan-tugaydan-iklim-notr-cagrisi","status":"publish","type":"post","link":"https:\/\/denizcankizil.tr\/uk\/haberler\/gundem\/izmirde-baskan-tugaydan-iklim-notr-cagrisi\/","title":{"rendered":"\u0130zmir&#8217;de Ba\u015fkan Tugay&#8217;dan iklim n\u00f6tr \u00e7a\u011fr\u0131s\u0131"},"content":{"rendered":"<p>\u0130klim de\u011fi\u015fikli\u011fi ve enerji alan\u0131nda y\u00fcr\u00fctt\u00fc\u011f\u00fc \u00e7al\u0131\u015fmalar sonucunda Avrupa\u2019n\u0131n \u00f6nc\u00fc \u015fehirleri aras\u0131nda yer alarak AB \u0130klim N\u00f6tr ve Ak\u0131ll\u0131 \u015eehirler Misyonu\u2019na dahil olan \u0130zmir, 2030 y\u0131l\u0131nda s\u0131f\u0131r karbon hedefiyle \u00e7al\u0131\u015fmalar\u0131n\u0131 s\u00fcrd\u00fcr\u00fcyor. AB \u00fcyesi kentler d\u0131\u015f\u0131nda Misyon Etiketi ile \u00f6d\u00fcllendirilen ilk kent olan \u0130zmir, bir somut ad\u0131m daha att\u0131. 2024 y\u0131l\u0131n\u0131n son \u0130EKKK toplant\u0131s\u0131nda konu\u015fan Ba\u015fkan Dr. Cemil Tugay, s\u0131f\u0131r karbon hedefi i\u00e7in \u201c\u015eehrimizin di\u011fer kurumlar\u0131n\u0131n da etkili olarak bu s\u00fcrece kat\u0131lmas\u0131 gerekiyor\u201d dedi.\u0130ZM\u0130R (\u0130GFA) &#8211;\u00a0\u0130zmir B\u00fcy\u00fck\u015fehir Belediyesi iklim krizi ile m\u00fccadele \u00e7al\u0131\u015fmalar\u0131n\u0131 s\u00fcrd\u00fcr\u00fcyor. Avrupa Komisyonu\u2019nun iklim krizi ile m\u00fccadele konusundaki \u00e7a\u011fr\u0131s\u0131na kabul edilerek AB \u00fcyesi kentler d\u0131\u015f\u0131nda \u201cAB \u015eehirler Misyonu Etiketi\u201d unvan\u0131n\u0131 alan ilk kent olan \u0130zmir, do\u011fa dostu projelerle uluslararas\u0131 alandaki ba\u015far\u0131lar\u0131n\u0131 s\u00fcrd\u00fcr\u00fcyor. \u0130zmir&#8217;in bu alanda olu\u015fturdu\u011fu yol haritas\u0131, y\u0131l\u0131n son \u0130zmir Ekonomik Kalk\u0131nma ve Koordinasyon Kurulu (\u0130EKKK) toplant\u0131s\u0131nda g\u00fcndeme geldi.\u00a0<br \/>\n\u201cBuradaki zihniyetin radikal bir de\u011fi\u015fimine ihtiya\u00e7 var\u201d<br \/>\nT\u00fcrkiye\u2019nin iklim kriziyle m\u00fccadelede \u00e7ok geride kald\u0131\u011f\u0131n\u0131 belirten Ba\u015fkan Tugay, \u201cEnerji verimlili\u011fi konusunda yeterli \u00e7al\u0131\u015fma yap\u0131lmad\u0131\u011f\u0131 \u00e7ok a\u00e7\u0131k. Yurt d\u0131\u015f\u0131nda ak\u015fam belli saatten sonra sokak ayd\u0131nlatmalar\u0131n\u0131 kapatarak enerji verimlili\u011fini sa\u011flamaya \u00e7al\u0131\u015f\u0131yorlar. Burada zihniyetin radikal de\u011fi\u015fimine ihtiya\u00e7 var\u201d dedi.\u00a0<br \/>\n\u00a0\u201c\u0130zmir&#8217;i \u00e7ok farkl\u0131 yere koyacak\u201d<br \/>\n\u0130klim konusunda y\u00fcr\u00fct\u00fclen \u00e7al\u0131\u015fmalara yurtta\u015flar\u0131n da dahil edilmesinin, daha etkili sonu\u00e7lar al\u0131nmas\u0131n\u0131 sa\u011flayaca\u011f\u0131n\u0131 vurgulayan Ba\u015fkan Tugay, \u201c\u0130zmir&#8217;in motivasyona ihtiyac\u0131 var. \u015eehrimizin ve \u00fclkemizin gelece\u011fi ile ilgili \u00e7ok \u00f6nemli kararlar\u0131 al\u0131p, bunlar\u0131 uygulayan ki\u015filer oldu\u011fumuz zaman eminim kimse buna kay\u0131ts\u0131z kalmayacak. Bug\u00fcn T\u00fcrkiye&#8217;den umudunu kesmi\u015f gibi g\u00f6r\u00fcnen pek \u00e7ok ki\u015fi, kurum \u0130zmir&#8217;i \u00e7ok farkl\u0131 yere koyacak. Herkesin yarar\u0131n\u0131 g\u00f6zetecek bir eylem plan\u0131 ve yol haritas\u0131 ile y\u00fcr\u00fcyece\u011fiz. \u0130zmir&#8217;in \u00e7ok g\u00fczel g\u00fcnler ya\u015famas\u0131n\u0131 istiyoruz. Bize g\u00fcvenin. Bizler, sizlere sonuna kadar kulak vermeye, birlikte hareket etmeye, her zaman en do\u011frusunu birlikte aray\u0131p bulmaya haz\u0131r\u0131z\u201d diye konu\u015ftu.<br \/>\n\u201c2025 y\u0131l\u0131nda daha g\u00fczel geli\u015fmeleri konu\u015fal\u0131m\u201d<br \/>\n2026\u2019da \u0130zmir\u2019in ev sahipli\u011finde yap\u0131lacak EXPO etkinli\u011finin haz\u0131rl\u0131k s\u00fcrecine de de\u011finen Tugay, s\u00f6zlerini \u015f\u00f6yle tamamlad\u0131: \u201c10 \u015eubat&#8217;ta Tayland&#8217;ta EXPO&#8217;nun genel kurulu yap\u0131lacak ve kesin olarak T\u00fcrkiye ile ilgili nihai karar\u0131 beraber alaca\u011f\u0131z. Biz de \u0130zmir&#8217;in sunumunu yapmaya, plan\u0131n\u0131 anlatmaya gidece\u011fiz.\u00a02025&#8217;te bu masan\u0131n etraf\u0131nda \u00e7ok daha g\u00fczel \u015feyleri konu\u015fmay\u0131 umuyorum. Biz iyi \u015feyler oldu\u011funu d\u00fc\u015f\u00fcn\u00fcyoruz. \u00d6n\u00fcm\u00fczdeki y\u0131l \u00e7ok daha g\u00fczel \u00e7al\u0131\u015fmalar\u0131 ger\u00e7ekle\u015ftirme f\u0131rsat\u0131 olacak.\u201d Kurul \u00fcyeleri de \u00e7al\u0131\u015fmalara destek vereceklerini a\u00e7\u0131klad\u0131.\u00a0<br \/>\nTasarlanan logolar tan\u0131t\u0131ld\u0131<br \/>\n\u0130zmir Planlama Ajans\u0131 (\u0130ZPA) Ba\u015fkan\u0131 Prof. Dr. Koray Velibeyo\u011flu da\u00a0 \u201c\u0130zmir Misyon Kent 2030\u201d ba\u015fl\u0131\u011f\u0131 ile bir sunum yapt\u0131. Toplant\u0131da ayr\u0131ca \u00f6nemli bir karar daha al\u0131nd\u0131. \u0130klim N\u00f6tr kapsam\u0131nda yap\u0131lacak \u00e7al\u0131\u015fmalar\u0131n kurumsalla\u015fmas\u0131 i\u00e7in teknik komite kurulmas\u0131 karar\u0131, oy birli\u011fi ile kabul edildi.Toplant\u0131da \u0130EKKK i\u00e7in tasarlanan 3 logo ile yine Misyon Kent i\u00e7in haz\u0131rlanan 3 logo, kurul \u00fcyelerine sunuldu. \u00dcyeler, logolar\u0131 inceledikten sonra se\u00e7imi yapacak.\u00a0<br \/>\n\u00d6nceki ba\u015fkanlara te\u015fekk\u00fcr plaketi<br \/>\n\u00d6nceki d\u00f6nemde kurula ba\u015fkanl\u0131k yapanlara da te\u015fekk\u00fcr plaketi verildi. Prof. Dr. Attila Sezgin, Bet\u00fcl Elmaso\u011flu, Dr. Faruk G\u00fcler, \u0130dil Yi\u011fitba\u015f\u0131, Mehmet Tiryaki, Mehmet Ali Kasal\u0131, \u00d6ner Akgerman, Selami \u00d6zpoyraz, \u015eerife \u0130nci Eren, S\u0131tk\u0131 \u015e\u00fck\u00fcrer, Tufan \u00dcnal ve Y\u0131lmaz Temizocak plaketlerini Ba\u015fkan Tugay&#8217;dan ald\u0131.\u00a0\u00a0<\/p>\n<p>\u200b\u0130klim de\u011fi\u015fikli\u011fi ve enerji alan\u0131nda y\u00fcr\u00fctt\u00fc\u011f\u00fc \u00e7al\u0131\u015fmalar sonucunda Avrupa\u2019n\u0131n \u00f6nc\u00fc \u015fehirleri aras\u0131nda yer alarak AB \u0130klim N\u00f6tr ve Ak\u0131ll\u0131 \u015eehirler Misyonu\u2019na dahil olan \u0130zmir, 2030 y\u0131l\u0131nda s\u0131f\u0131r karbon hedefiyle \u00e7al\u0131\u015fmalar\u0131n\u0131 s\u00fcrd\u00fcr\u00fcyor. AB \u00fcyesi kentler d\u0131\u015f\u0131nda Misyon Etiketi ile \u00f6d\u00fcllendirilen ilk kent olan \u0130zmir, bir somut ad\u0131m daha att\u0131. 2024 y\u0131l\u0131n\u0131n son \u0130EKKK toplant\u0131s\u0131nda konu\u015fan Ba\u015fkan Dr. Cemil Tugay, s\u0131f\u0131r karbon hedefi i\u00e7in \u201c\u015eehrimizin di\u011fer kurumlar\u0131n\u0131n da etkili olarak bu s\u00fcrece kat\u0131lmas\u0131 gerekiyor\u201d dedi.\u0130ZM\u0130R (\u0130GFA) &#8211;\u00a0\u0130zmir B\u00fcy\u00fck\u015fehir Belediyesi iklim krizi ile m\u00fccadele \u00e7al\u0131\u015fmalar\u0131n\u0131 s\u00fcrd\u00fcr\u00fcyor. Avrupa Komisyonu\u2019nun iklim krizi ile m\u00fccadele konusundaki \u00e7a\u011fr\u0131s\u0131na kabul edilerek AB \u00fcyesi kentler d\u0131\u015f\u0131nda \u201cAB \u015eehirler Misyonu Etiketi\u201d unvan\u0131n\u0131 alan ilk kent olan \u0130zmir, do\u011fa dostu projelerle uluslararas\u0131 alandaki ba\u015far\u0131lar\u0131n\u0131 s\u00fcrd\u00fcr\u00fcyor. \u0130zmir&#8217;in bu alanda olu\u015fturdu\u011fu yol haritas\u0131, y\u0131l\u0131n son \u0130zmir Ekonomik Kalk\u0131nma ve Koordinasyon Kurulu (\u0130EKKK) toplant\u0131s\u0131nda g\u00fcndeme geldi.\u00a0<br \/>\n\u201cBuradaki zihniyetin radikal bir de\u011fi\u015fimine ihtiya\u00e7 var\u201d<br \/>\nT\u00fcrkiye\u2019nin iklim kriziyle m\u00fccadelede \u00e7ok geride kald\u0131\u011f\u0131n\u0131 belirten Ba\u015fkan Tugay, \u201cEnerji verimlili\u011fi konusunda yeterli \u00e7al\u0131\u015fma yap\u0131lmad\u0131\u011f\u0131 \u00e7ok a\u00e7\u0131k. Yurt d\u0131\u015f\u0131nda ak\u015fam belli saatten sonra sokak ayd\u0131nlatmalar\u0131n\u0131 kapatarak enerji verimlili\u011fini sa\u011flamaya \u00e7al\u0131\u015f\u0131yorlar. Burada zihniyetin radikal de\u011fi\u015fimine ihtiya\u00e7 var\u201d dedi.\u00a0<br \/>\n\u00a0\u201c\u0130zmir&#8217;i \u00e7ok farkl\u0131 yere koyacak\u201d<br \/>\n\u0130klim konusunda y\u00fcr\u00fct\u00fclen \u00e7al\u0131\u015fmalara yurtta\u015flar\u0131n da dahil edilmesinin, daha etkili sonu\u00e7lar al\u0131nmas\u0131n\u0131 sa\u011flayaca\u011f\u0131n\u0131 vurgulayan Ba\u015fkan Tugay, \u201c\u0130zmir&#8217;in motivasyona ihtiyac\u0131 var. \u015eehrimizin ve \u00fclkemizin gelece\u011fi ile ilgili \u00e7ok \u00f6nemli kararlar\u0131 al\u0131p, bunlar\u0131 uygulayan ki\u015filer oldu\u011fumuz zaman eminim kimse buna kay\u0131ts\u0131z kalmayacak. Bug\u00fcn T\u00fcrkiye&#8217;den umudunu kesmi\u015f gibi g\u00f6r\u00fcnen pek \u00e7ok ki\u015fi, kurum \u0130zmir&#8217;i \u00e7ok farkl\u0131 yere koyacak. Herkesin yarar\u0131n\u0131 g\u00f6zetecek bir eylem plan\u0131 ve yol haritas\u0131 ile y\u00fcr\u00fcyece\u011fiz. \u0130zmir&#8217;in \u00e7ok g\u00fczel g\u00fcnler ya\u015famas\u0131n\u0131 istiyoruz. Bize g\u00fcvenin. Bizler, sizlere sonuna kadar kulak vermeye, birlikte hareket etmeye, her zaman en do\u011frusunu birlikte aray\u0131p bulmaya haz\u0131r\u0131z\u201d diye konu\u015ftu.<br \/>\n\u201c2025 y\u0131l\u0131nda daha g\u00fczel geli\u015fmeleri konu\u015fal\u0131m\u201d<br \/>\n2026\u2019da \u0130zmir\u2019in ev sahipli\u011finde yap\u0131lacak EXPO etkinli\u011finin haz\u0131rl\u0131k s\u00fcrecine de de\u011finen Tugay, s\u00f6zlerini \u015f\u00f6yle tamamlad\u0131: \u201c10 \u015eubat&#8217;ta Tayland&#8217;ta EXPO&#8217;nun genel kurulu yap\u0131lacak ve kesin olarak T\u00fcrkiye ile ilgili nihai karar\u0131 beraber alaca\u011f\u0131z. Biz de \u0130zmir&#8217;in sunumunu yapmaya, plan\u0131n\u0131 anlatmaya gidece\u011fiz.\u00a02025&#8217;te bu masan\u0131n etraf\u0131nda \u00e7ok daha g\u00fczel \u015feyleri konu\u015fmay\u0131 umuyorum. Biz iyi \u015feyler oldu\u011funu d\u00fc\u015f\u00fcn\u00fcyoruz. \u00d6n\u00fcm\u00fczdeki y\u0131l \u00e7ok daha g\u00fczel \u00e7al\u0131\u015fmalar\u0131 ger\u00e7ekle\u015ftirme f\u0131rsat\u0131 olacak.\u201d Kurul \u00fcyeleri de \u00e7al\u0131\u015fmalara destek vereceklerini a\u00e7\u0131klad\u0131.\u00a0<br \/>\nTasarlanan logolar tan\u0131t\u0131ld\u0131<br \/>\n\u0130zmir Planlama Ajans\u0131 (\u0130ZPA) Ba\u015fkan\u0131 Prof. Dr. Koray Velibeyo\u011flu da\u00a0 \u201c\u0130zmir Misyon Kent 2030\u201d ba\u015fl\u0131\u011f\u0131 ile bir sunum yapt\u0131. Toplant\u0131da ayr\u0131ca \u00f6nemli bir karar daha al\u0131nd\u0131. \u0130klim N\u00f6tr kapsam\u0131nda yap\u0131lacak \u00e7al\u0131\u015fmalar\u0131n kurumsalla\u015fmas\u0131 i\u00e7in teknik komite kurulmas\u0131 karar\u0131, oy birli\u011fi ile kabul edildi.Toplant\u0131da \u0130EKKK i\u00e7in tasarlanan 3 logo ile yine Misyon Kent i\u00e7in haz\u0131rlanan 3 logo, kurul \u00fcyelerine sunuldu. \u00dcyeler, logolar\u0131 inceledikten sonra se\u00e7imi yapacak.\u00a0<br \/>\n\u00d6nceki ba\u015fkanlara te\u015fekk\u00fcr plaketi<br \/>\n\u00d6nceki d\u00f6nemde kurula ba\u015fkanl\u0131k yapanlara da te\u015fekk\u00fcr plaketi verildi. Prof. Dr. Attila Sezgin, Bet\u00fcl Elmaso\u011flu, Dr. Faruk G\u00fcler, \u0130dil Yi\u011fitba\u015f\u0131, Mehmet Tiryaki, Mehmet Ali Kasal\u0131, \u00d6ner Akgerman, Selami \u00d6zpoyraz, \u015eerife \u0130nci Eren, S\u0131tk\u0131 \u015e\u00fck\u00fcrer, Tufan \u00dcnal ve Y\u0131lmaz Temizocak plaketlerini Ba\u015fkan Tugay&#8217;dan ald\u0131.\u00a0\u00a0\u00a0<\/p>\n<p>\u200bHaberin Al\u0131nt\u0131land\u0131\u011f\u0131 Kaynak: www.iskenderun.org<\/p>","protected":false},"excerpt":{"rendered":"<p>\u0130klim de\u011fi\u015fikli\u011fi ve enerji alan\u0131nda y\u00fcr\u00fctt\u00fc\u011f\u00fc \u00e7al\u0131\u015fmalar sonucunda Avrupa\u2019n\u0131n \u00f6nc\u00fc \u015fehirleri aras\u0131nda yer alarak AB \u0130klim N\u00f6tr ve Ak\u0131ll\u0131 \u015eehirler Misyonu\u2019na dahil olan \u0130zmir, 2030 y\u0131l\u0131nda s\u0131f\u0131r karbon hedefiyle \u00e7al\u0131\u015fmalar\u0131n\u0131 s\u00fcrd\u00fcr\u00fcyor. AB \u00fcyesi kentler d\u0131\u015f\u0131nda Misyon Etiketi ile \u00f6d\u00fcllendirilen ilk kent olan \u0130zmir, bir somut ad\u0131m daha att\u0131. 2024 y\u0131l\u0131n\u0131n son \u0130EKKK toplant\u0131s\u0131nda konu\u015fan Ba\u015fkan Dr. Cemil Tugay, s\u0131f\u0131r karbon hedefi i\u00e7in \u201c\u015eehrimizin di\u011fer kurumlar\u0131n\u0131n da etkili olarak bu s\u00fcrece kat\u0131lmas\u0131 gerekiyor\u201d dedi.\u0130ZM\u0130R (\u0130GFA) &#8211;\u00a0\u0130zmir B\u00fcy\u00fck\u015fehir Belediyesi iklim krizi ile m\u00fccadele \u00e7al\u0131\u015fmalar\u0131n\u0131 s\u00fcrd\u00fcr\u00fcyor. Avrupa Komisyonu\u2019nun iklim krizi ile m\u00fccadele konusundaki \u00e7a\u011fr\u0131s\u0131na kabul edilerek AB \u00fcyesi kentler d\u0131\u015f\u0131nda \u201cAB \u015eehirler Misyonu Etiketi\u201d unvan\u0131n\u0131 alan ilk kent olan \u0130zmir, do\u011fa dostu projelerle uluslararas\u0131 alandaki ba\u015far\u0131lar\u0131n\u0131 s\u00fcrd\u00fcr\u00fcyor. \u0130zmir&#8217;in bu alanda olu\u015fturdu\u011fu yol haritas\u0131, y\u0131l\u0131n son \u0130zmir Ekonomik Kalk\u0131nma ve Koordinasyon Kurulu (\u0130EKKK) toplant\u0131s\u0131nda g\u00fcndeme geldi.\u00a0 \u201cBuradaki zihniyetin radikal bir de\u011fi\u015fimine ihtiya\u00e7 var\u201d T\u00fcrkiye\u2019nin iklim kriziyle m\u00fccadelede \u00e7ok geride kald\u0131\u011f\u0131n\u0131 belirten Ba\u015fkan Tugay, \u201cEnerji verimlili\u011fi konusunda yeterli \u00e7al\u0131\u015fma yap\u0131lmad\u0131\u011f\u0131 \u00e7ok a\u00e7\u0131k. Yurt d\u0131\u015f\u0131nda ak\u015fam belli saatten sonra sokak ayd\u0131nlatmalar\u0131n\u0131 kapatarak enerji verimlili\u011fini sa\u011flamaya \u00e7al\u0131\u015f\u0131yorlar. Burada zihniyetin radikal de\u011fi\u015fimine ihtiya\u00e7 var\u201d dedi.\u00a0 \u00a0\u201c\u0130zmir&#8217;i \u00e7ok farkl\u0131 yere koyacak\u201d \u0130klim konusunda y\u00fcr\u00fct\u00fclen \u00e7al\u0131\u015fmalara yurtta\u015flar\u0131n da dahil edilmesinin, daha etkili sonu\u00e7lar al\u0131nmas\u0131n\u0131 sa\u011flayaca\u011f\u0131n\u0131 vurgulayan Ba\u015fkan Tugay, \u201c\u0130zmir&#8217;in motivasyona &hellip;<\/p>","protected":false},"author":0,"featured_media":0,"comment_status":"open","ping_status":"open","sticky":false,"template":"","format":"standard","meta":{"_acf_changed":false,"footnotes":""},"categories":[24,535],"tags":[],"class_list":["post-22522","post","type-post","status-publish","format-standard","has-post-thumbnail","hentry","category-gundem","category-uncategorized-tr"],"acf":[],"yoast_head":"<!-- This site is optimized with the Yoast SEO Premium plugin v26.6 (Yoast SEO v27.1.1) - https:\/\/yoast.com\/product\/yoast-seo-premium-wordpress\/ -->\n<title>\u0130zmir&#039;de Ba\u015fkan Tugay&#039;dan iklim n\u00f6tr \u00e7a\u011fr\u0131s\u0131 - Av. Deniz Can K\u0131z\u0131l<\/title>\n<meta name=\"robots\" content=\"index, follow, max-snippet:-1, max-image-preview:large, max-video-preview:-1\" \/>\n<link rel=\"canonical\" href=\"https:\/\/denizcankizil.tr\/uk\/haberler\/gundem\/izmirde-baskan-tugaydan-iklim-notr-cagrisi\/\" \/>\n<meta property=\"og:locale\" content=\"uk_UA\" \/>\n<meta property=\"og:type\" content=\"article\" \/>\n<meta property=\"og:title\" content=\"\u0130zmir&#039;de Ba\u015fkan Tugay&#039;dan iklim n\u00f6tr \u00e7a\u011fr\u0131s\u0131\" \/>\n<meta property=\"og:description\" content=\"\u0130klim de\u011fi\u015fikli\u011fi ve enerji alan\u0131nda y\u00fcr\u00fctt\u00fc\u011f\u00fc \u00e7al\u0131\u015fmalar sonucunda Avrupa\u2019n\u0131n \u00f6nc\u00fc \u015fehirleri aras\u0131nda yer alarak AB \u0130klim N\u00f6tr ve Ak\u0131ll\u0131 \u015eehirler Misyonu\u2019na dahil olan \u0130zmir, 2030 y\u0131l\u0131nda s\u0131f\u0131r karbon hedefiyle \u00e7al\u0131\u015fmalar\u0131n\u0131 s\u00fcrd\u00fcr\u00fcyor. AB \u00fcyesi kentler d\u0131\u015f\u0131nda Misyon Etiketi ile \u00f6d\u00fcllendirilen ilk kent olan \u0130zmir, bir somut ad\u0131m daha att\u0131. 2024 y\u0131l\u0131n\u0131n son \u0130EKKK toplant\u0131s\u0131nda konu\u015fan Ba\u015fkan Dr. Cemil Tugay, s\u0131f\u0131r karbon hedefi i\u00e7in \u201c\u015eehrimizin di\u011fer kurumlar\u0131n\u0131n da etkili olarak bu s\u00fcrece kat\u0131lmas\u0131 gerekiyor\u201d dedi.\u0130ZM\u0130R (\u0130GFA) &#8211;\u00a0\u0130zmir B\u00fcy\u00fck\u015fehir Belediyesi iklim krizi ile m\u00fccadele \u00e7al\u0131\u015fmalar\u0131n\u0131 s\u00fcrd\u00fcr\u00fcyor. Avrupa Komisyonu\u2019nun iklim krizi ile m\u00fccadele konusundaki \u00e7a\u011fr\u0131s\u0131na kabul edilerek AB \u00fcyesi kentler d\u0131\u015f\u0131nda \u201cAB \u015eehirler Misyonu Etiketi\u201d unvan\u0131n\u0131 alan ilk kent olan \u0130zmir, do\u011fa dostu projelerle uluslararas\u0131 alandaki ba\u015far\u0131lar\u0131n\u0131 s\u00fcrd\u00fcr\u00fcyor. \u0130zmir&#8217;in bu alanda olu\u015fturdu\u011fu yol haritas\u0131, y\u0131l\u0131n son \u0130zmir Ekonomik Kalk\u0131nma ve Koordinasyon Kurulu (\u0130EKKK) toplant\u0131s\u0131nda g\u00fcndeme geldi.\u00a0 \u201cBuradaki zihniyetin radikal bir de\u011fi\u015fimine ihtiya\u00e7 var\u201d T\u00fcrkiye\u2019nin iklim kriziyle m\u00fccadelede \u00e7ok geride kald\u0131\u011f\u0131n\u0131 belirten Ba\u015fkan Tugay, \u201cEnerji verimlili\u011fi konusunda yeterli \u00e7al\u0131\u015fma yap\u0131lmad\u0131\u011f\u0131 \u00e7ok a\u00e7\u0131k. Yurt d\u0131\u015f\u0131nda ak\u015fam belli saatten sonra sokak ayd\u0131nlatmalar\u0131n\u0131 kapatarak enerji verimlili\u011fini sa\u011flamaya \u00e7al\u0131\u015f\u0131yorlar. Burada zihniyetin radikal de\u011fi\u015fimine ihtiya\u00e7 var\u201d dedi.\u00a0 \u00a0\u201c\u0130zmir&#8217;i \u00e7ok farkl\u0131 yere koyacak\u201d \u0130klim konusunda y\u00fcr\u00fct\u00fclen \u00e7al\u0131\u015fmalara yurtta\u015flar\u0131n da dahil edilmesinin, daha etkili sonu\u00e7lar al\u0131nmas\u0131n\u0131 sa\u011flayaca\u011f\u0131n\u0131 vurgulayan Ba\u015fkan Tugay, \u201c\u0130zmir&#8217;in motivasyona &hellip;\" \/>\n<meta property=\"og:url\" content=\"https:\/\/denizcankizil.tr\/uk\/haberler\/gundem\/izmirde-baskan-tugaydan-iklim-notr-cagrisi\/\" \/>\n<meta property=\"og:site_name\" content=\"Av. Deniz Can K\u0131z\u0131l\" \/>\n<meta property=\"article:published_time\" content=\"2024-12-27T10:41:58+00:00\" \/>\n<meta name=\"twitter:card\" content=\"summary_large_image\" \/>\n<meta name=\"twitter:label1\" content=\"\u041f\u0440\u0438\u0431\u043b. \u0447\u0430\u0441 \u0447\u0438\u0442\u0430\u043d\u043d\u044f\" \/>\n\t<meta name=\"twitter:data1\" content=\"7 \u0445\u0432\u0438\u043b\u0438\u043d\" \/>\n<script type=\"application\/ld+json\" class=\"yoast-schema-graph\">{\"@context\":\"https:\/\/schema.org\",\"@graph\":[{\"@type\":\"Article\",\"@id\":\"https:\/\/denizcankizil.tr\/uk\/haberler\/gundem\/izmirde-baskan-tugaydan-iklim-notr-cagrisi\/#article\",\"isPartOf\":{\"@id\":\"https:\/\/denizcankizil.tr\/uk\/haberler\/gundem\/izmirde-baskan-tugaydan-iklim-notr-cagrisi\/\"},\"author\":{\"name\":\"\",\"@id\":\"\"},\"headline\":\"\u0130zmir&#8217;de Ba\u015fkan Tugay&#8217;dan iklim n\u00f6tr \u00e7a\u011fr\u0131s\u0131\",\"datePublished\":\"2024-12-27T10:41:58+00:00\",\"mainEntityOfPage\":{\"@id\":\"https:\/\/denizcankizil.tr\/uk\/haberler\/gundem\/izmirde-baskan-tugaydan-iklim-notr-cagrisi\/\"},\"wordCount\":1374,\"commentCount\":0,\"publisher\":{\"@id\":\"https:\/\/denizcankizil.tr\/#organization\"},\"articleSection\":[\"G\u00fcndem\",\"Uncategorized\"],\"inLanguage\":\"uk\",\"potentialAction\":[{\"@type\":\"CommentAction\",\"name\":\"Comment\",\"target\":[\"https:\/\/denizcankizil.tr\/uk\/haberler\/gundem\/izmirde-baskan-tugaydan-iklim-notr-cagrisi\/#respond\"]}]},{\"@type\":\"WebPage\",\"@id\":\"https:\/\/denizcankizil.tr\/uk\/haberler\/gundem\/izmirde-baskan-tugaydan-iklim-notr-cagrisi\/\",\"url\":\"https:\/\/denizcankizil.tr\/uk\/haberler\/gundem\/izmirde-baskan-tugaydan-iklim-notr-cagrisi\/\",\"name\":\"\u0130zmir'de Ba\u015fkan Tugay'dan iklim n\u00f6tr \u00e7a\u011fr\u0131s\u0131 - Av. Deniz Can K\u0131z\u0131l\",\"isPartOf\":{\"@id\":\"https:\/\/denizcankizil.tr\/#website\"},\"datePublished\":\"2024-12-27T10:41:58+00:00\",\"breadcrumb\":{\"@id\":\"https:\/\/denizcankizil.tr\/uk\/haberler\/gundem\/izmirde-baskan-tugaydan-iklim-notr-cagrisi\/#breadcrumb\"},\"inLanguage\":\"uk\",\"potentialAction\":[{\"@type\":\"ReadAction\",\"target\":[\"https:\/\/denizcankizil.tr\/uk\/haberler\/gundem\/izmirde-baskan-tugaydan-iklim-notr-cagrisi\/\"]}]},{\"@type\":\"BreadcrumbList\",\"@id\":\"https:\/\/denizcankizil.tr\/uk\/haberler\/gundem\/izmirde-baskan-tugaydan-iklim-notr-cagrisi\/#breadcrumb\",\"itemListElement\":[{\"@type\":\"ListItem\",\"position\":1,\"name\":\"Home\",\"item\":\"https:\/\/denizcankizil.tr\/de\/\"},{\"@type\":\"ListItem\",\"position\":2,\"name\":\"\u0130zmir&#8217;de Ba\u015fkan Tugay&#8217;dan iklim n\u00f6tr \u00e7a\u011fr\u0131s\u0131\"}]},{\"@type\":\"WebSite\",\"@id\":\"https:\/\/denizcankizil.tr\/#website\",\"url\":\"https:\/\/denizcankizil.tr\/\",\"name\":\"Av. Deniz Can K\u0131z\u0131l\",\"description\":\"Avukat Deniz Can K\u0131z\u0131l Antalya Barosu\",\"publisher\":{\"@id\":\"https:\/\/denizcankizil.tr\/#organization\"},\"potentialAction\":[{\"@type\":\"SearchAction\",\"target\":{\"@type\":\"EntryPoint\",\"urlTemplate\":\"https:\/\/denizcankizil.tr\/?s={search_term_string}\"},\"query-input\":{\"@type\":\"PropertyValueSpecification\",\"valueRequired\":true,\"valueName\":\"search_term_string\"}}],\"inLanguage\":\"uk\"},{\"@type\":\"Organization\",\"@id\":\"https:\/\/denizcankizil.tr\/#organization\",\"name\":\"Av. Deniz Can K\u0131z\u0131l\",\"url\":\"https:\/\/denizcankizil.tr\/\",\"logo\":{\"@type\":\"ImageObject\",\"inLanguage\":\"uk\",\"@id\":\"https:\/\/denizcankizil.tr\/#\/schema\/logo\/image\/\",\"url\":\"https:\/\/denizcankizil.tr\/wp-content\/uploads\/2024\/10\/siyah-logo-svg.svg\",\"contentUrl\":\"https:\/\/denizcankizil.tr\/wp-content\/uploads\/2024\/10\/siyah-logo-svg.svg\",\"width\":1080,\"height\":1080,\"caption\":\"Av. Deniz Can K\u0131z\u0131l\"},\"image\":{\"@id\":\"https:\/\/denizcankizil.tr\/#\/schema\/logo\/image\/\"}}]}<\/script>\n<!-- \/ Yoast SEO Premium plugin. -->","yoast_head_json":{"title":"\u0130zmir'de Ba\u015fkan Tugay'dan iklim n\u00f6tr \u00e7a\u011fr\u0131s\u0131 - Av. Deniz Can K\u0131z\u0131l","robots":{"index":"index","follow":"follow","max-snippet":"max-snippet:-1","max-image-preview":"max-image-preview:large","max-video-preview":"max-video-preview:-1"},"canonical":"https:\/\/denizcankizil.tr\/uk\/haberler\/gundem\/izmirde-baskan-tugaydan-iklim-notr-cagrisi\/","og_locale":"uk_UA","og_type":"article","og_title":"\u0130zmir'de Ba\u015fkan Tugay'dan iklim n\u00f6tr \u00e7a\u011fr\u0131s\u0131","og_description":"\u0130klim de\u011fi\u015fikli\u011fi ve enerji alan\u0131nda y\u00fcr\u00fctt\u00fc\u011f\u00fc \u00e7al\u0131\u015fmalar sonucunda Avrupa\u2019n\u0131n \u00f6nc\u00fc \u015fehirleri aras\u0131nda yer alarak AB \u0130klim N\u00f6tr ve Ak\u0131ll\u0131 \u015eehirler Misyonu\u2019na dahil olan \u0130zmir, 2030 y\u0131l\u0131nda s\u0131f\u0131r karbon hedefiyle \u00e7al\u0131\u015fmalar\u0131n\u0131 s\u00fcrd\u00fcr\u00fcyor. AB \u00fcyesi kentler d\u0131\u015f\u0131nda Misyon Etiketi ile \u00f6d\u00fcllendirilen ilk kent olan \u0130zmir, bir somut ad\u0131m daha att\u0131. 2024 y\u0131l\u0131n\u0131n son \u0130EKKK toplant\u0131s\u0131nda konu\u015fan Ba\u015fkan Dr. Cemil Tugay, s\u0131f\u0131r karbon hedefi i\u00e7in \u201c\u015eehrimizin di\u011fer kurumlar\u0131n\u0131n da etkili olarak bu s\u00fcrece kat\u0131lmas\u0131 gerekiyor\u201d dedi.\u0130ZM\u0130R (\u0130GFA) &#8211;\u00a0\u0130zmir B\u00fcy\u00fck\u015fehir Belediyesi iklim krizi ile m\u00fccadele \u00e7al\u0131\u015fmalar\u0131n\u0131 s\u00fcrd\u00fcr\u00fcyor. Avrupa Komisyonu\u2019nun iklim krizi ile m\u00fccadele konusundaki \u00e7a\u011fr\u0131s\u0131na kabul edilerek AB \u00fcyesi kentler d\u0131\u015f\u0131nda \u201cAB \u015eehirler Misyonu Etiketi\u201d unvan\u0131n\u0131 alan ilk kent olan \u0130zmir, do\u011fa dostu projelerle uluslararas\u0131 alandaki ba\u015far\u0131lar\u0131n\u0131 s\u00fcrd\u00fcr\u00fcyor. \u0130zmir&#8217;in bu alanda olu\u015fturdu\u011fu yol haritas\u0131, y\u0131l\u0131n son \u0130zmir Ekonomik Kalk\u0131nma ve Koordinasyon Kurulu (\u0130EKKK) toplant\u0131s\u0131nda g\u00fcndeme geldi.\u00a0 \u201cBuradaki zihniyetin radikal bir de\u011fi\u015fimine ihtiya\u00e7 var\u201d T\u00fcrkiye\u2019nin iklim kriziyle m\u00fccadelede \u00e7ok geride kald\u0131\u011f\u0131n\u0131 belirten Ba\u015fkan Tugay, \u201cEnerji verimlili\u011fi konusunda yeterli \u00e7al\u0131\u015fma yap\u0131lmad\u0131\u011f\u0131 \u00e7ok a\u00e7\u0131k. Yurt d\u0131\u015f\u0131nda ak\u015fam belli saatten sonra sokak ayd\u0131nlatmalar\u0131n\u0131 kapatarak enerji verimlili\u011fini sa\u011flamaya \u00e7al\u0131\u015f\u0131yorlar. Burada zihniyetin radikal de\u011fi\u015fimine ihtiya\u00e7 var\u201d dedi.\u00a0 \u00a0\u201c\u0130zmir&#8217;i \u00e7ok farkl\u0131 yere koyacak\u201d \u0130klim konusunda y\u00fcr\u00fct\u00fclen \u00e7al\u0131\u015fmalara yurtta\u015flar\u0131n da dahil edilmesinin, daha etkili sonu\u00e7lar al\u0131nmas\u0131n\u0131 sa\u011flayaca\u011f\u0131n\u0131 vurgulayan Ba\u015fkan Tugay, \u201c\u0130zmir&#8217;in motivasyona &hellip;","og_url":"https:\/\/denizcankizil.tr\/uk\/haberler\/gundem\/izmirde-baskan-tugaydan-iklim-notr-cagrisi\/","og_site_name":"Av. Deniz Can K\u0131z\u0131l","article_published_time":"2024-12-27T10:41:58+00:00","twitter_card":"summary_large_image","twitter_misc":{"\u041f\u0440\u0438\u0431\u043b. \u0447\u0430\u0441 \u0447\u0438\u0442\u0430\u043d\u043d\u044f":"7 \u0445\u0432\u0438\u043b\u0438\u043d"},"schema":{"@context":"https:\/\/schema.org","@graph":[{"@type":"Article","@id":"https:\/\/denizcankizil.tr\/uk\/haberler\/gundem\/izmirde-baskan-tugaydan-iklim-notr-cagrisi\/#article","isPartOf":{"@id":"https:\/\/denizcankizil.tr\/uk\/haberler\/gundem\/izmirde-baskan-tugaydan-iklim-notr-cagrisi\/"},"author":{"name":"","@id":""},"headline":"\u0130zmir&#8217;de Ba\u015fkan Tugay&#8217;dan iklim n\u00f6tr \u00e7a\u011fr\u0131s\u0131","datePublished":"2024-12-27T10:41:58+00:00","mainEntityOfPage":{"@id":"https:\/\/denizcankizil.tr\/uk\/haberler\/gundem\/izmirde-baskan-tugaydan-iklim-notr-cagrisi\/"},"wordCount":1374,"commentCount":0,"publisher":{"@id":"https:\/\/denizcankizil.tr\/#organization"},"articleSection":["G\u00fcndem","Uncategorized"],"inLanguage":"uk","potentialAction":[{"@type":"CommentAction","name":"Comment","target":["https:\/\/denizcankizil.tr\/uk\/haberler\/gundem\/izmirde-baskan-tugaydan-iklim-notr-cagrisi\/#respond"]}]},{"@type":"WebPage","@id":"https:\/\/denizcankizil.tr\/uk\/haberler\/gundem\/izmirde-baskan-tugaydan-iklim-notr-cagrisi\/","url":"https:\/\/denizcankizil.tr\/uk\/haberler\/gundem\/izmirde-baskan-tugaydan-iklim-notr-cagrisi\/","name":"\u0130zmir'de Ba\u015fkan Tugay'dan iklim n\u00f6tr \u00e7a\u011fr\u0131s\u0131 - Av. Deniz Can K\u0131z\u0131l","isPartOf":{"@id":"https:\/\/denizcankizil.tr\/#website"},"datePublished":"2024-12-27T10:41:58+00:00","breadcrumb":{"@id":"https:\/\/denizcankizil.tr\/uk\/haberler\/gundem\/izmirde-baskan-tugaydan-iklim-notr-cagrisi\/#breadcrumb"},"inLanguage":"uk","potentialAction":[{"@type":"ReadAction","target":["https:\/\/denizcankizil.tr\/uk\/haberler\/gundem\/izmirde-baskan-tugaydan-iklim-notr-cagrisi\/"]}]},{"@type":"BreadcrumbList","@id":"https:\/\/denizcankizil.tr\/uk\/haberler\/gundem\/izmirde-baskan-tugaydan-iklim-notr-cagrisi\/#breadcrumb","itemListElement":[{"@type":"ListItem","position":1,"name":"Home","item":"https:\/\/denizcankizil.tr\/de\/"},{"@type":"ListItem","position":2,"name":"\u0130zmir&#8217;de Ba\u015fkan Tugay&#8217;dan iklim n\u00f6tr \u00e7a\u011fr\u0131s\u0131"}]},{"@type":"WebSite","@id":"https:\/\/denizcankizil.tr\/#website","url":"https:\/\/denizcankizil.tr\/","name":"Av. Deniz Can K\u0131z\u0131l","description":"Avukat Deniz Can K\u0131z\u0131l Antalya Barosu","publisher":{"@id":"https:\/\/denizcankizil.tr\/#organization"},"potentialAction":[{"@type":"SearchAction","target":{"@type":"EntryPoint","urlTemplate":"https:\/\/denizcankizil.tr\/?s={search_term_string}"},"query-input":{"@type":"PropertyValueSpecification","valueRequired":true,"valueName":"search_term_string"}}],"inLanguage":"uk"},{"@type":"Organization","@id":"https:\/\/denizcankizil.tr\/#organization","name":"Av. Deniz Can K\u0131z\u0131l","url":"https:\/\/denizcankizil.tr\/","logo":{"@type":"ImageObject","inLanguage":"uk","@id":"https:\/\/denizcankizil.tr\/#\/schema\/logo\/image\/","url":"https:\/\/denizcankizil.tr\/wp-content\/uploads\/2024\/10\/siyah-logo-svg.svg","contentUrl":"https:\/\/denizcankizil.tr\/wp-content\/uploads\/2024\/10\/siyah-logo-svg.svg","width":1080,"height":1080,"caption":"Av. Deniz Can K\u0131z\u0131l"},"image":{"@id":"https:\/\/denizcankizil.tr\/#\/schema\/logo\/image\/"}}]}},"_links":{"self":[{"href":"https:\/\/denizcankizil.tr\/uk\/wp-json\/wp\/v2\/posts\/22522","targetHints":{"allow":["GET"]}}],"collection":[{"href":"https:\/\/denizcankizil.tr\/uk\/wp-json\/wp\/v2\/posts"}],"about":[{"href":"https:\/\/denizcankizil.tr\/uk\/wp-json\/wp\/v2\/types\/post"}],"replies":[{"embeddable":true,"href":"https:\/\/denizcankizil.tr\/uk\/wp-json\/wp\/v2\/comments?post=22522"}],"version-history":[{"count":0,"href":"https:\/\/denizcankizil.tr\/uk\/wp-json\/wp\/v2\/posts\/22522\/revisions"}],"wp:attachment":[{"href":"https:\/\/denizcankizil.tr\/uk\/wp-json\/wp\/v2\/media?parent=22522"}],"wp:term":[{"taxonomy":"category","embeddable":true,"href":"https:\/\/denizcankizil.tr\/uk\/wp-json\/wp\/v2\/categories?post=22522"},{"taxonomy":"post_tag","embeddable":true,"href":"https:\/\/denizcankizil.tr\/uk\/wp-json\/wp\/v2\/tags?post=22522"}],"curies":[{"name":"wp","href":"https:\/\/api.w.org\/{rel}","templated":true}]}}