{"id":22400,"date":"2024-12-26T17:41:30","date_gmt":"2024-12-26T14:41:30","guid":{"rendered":"https:\/\/denizcankizil.tr\/uncategorized-tr\/sel-safari-istasyonunu-vurdu\/"},"modified":"2024-12-26T17:41:30","modified_gmt":"2024-12-26T14:41:30","slug":"sel-safari-istasyonunu-vurdu","status":"publish","type":"post","link":"https:\/\/denizcankizil.tr\/uk\/haberler\/antalya\/sel-safari-istasyonunu-vurdu\/","title":{"rendered":"Sel safari istasyonunu vurdu"},"content":{"rendered":"<p>2021 y\u0131l\u0131ndaki yang\u0131nda t\u00fcm ara\u00e7lar\u0131n\u0131n yand\u0131\u011f\u0131n\u0131 belirten Ahmet Cem Kartal, d\u00fcn ya\u015fanan sel felaketinin faturas\u0131n\u0131n 10 milyon liran\u0131n \u00fczerinde oldu\u011funu s\u00f6yledi.<br \/>\nTuruncu alarm\u0131n sonras\u0131nda d\u00fcn Manavgat genelinde etkili olan sa\u011fanak ya\u011fmur ve sel, ATV safari park\u0131n\u0131 da vurdu. Bucak \u015e\u0131hlar Mahallesi&#8217;nde bulunan safari parktaki 120 adet ATV&#8217;den 40 tanesi sel sular\u0131na kap\u0131ld\u0131. ATV safari tesisin sahibi ve \u00e7al\u0131\u015fanlar\u0131 trakt\u00f6r ve kep\u00e7elerle \u00e7evredeki dereleri kontrol ederek bulabildikleri ATV&#8217;leri r\u00f6morka y\u00fckleyerek tesise getiriyor.<\/p>\n<p>\u0130\u015fletme sahibi Ahmet Cem Kartal, 2021 y\u0131l\u0131nda meydana gelen Cumhuriyet tarihinin en b\u00fcy\u00fck yang\u0131n\u0131 olan Manavgat yang\u0131n\u0131nda tesisin tamamen yand\u0131\u011f\u0131n\u0131, 130-140 tane ATV&#8217;nin k\u00fcle d\u00f6nd\u00fc\u011f\u00fcn\u00fc belirterek, \u201c\u00c7ar\u015famba g\u00fcn\u00fc Manavgat genelinde etkili olan \u015fiddetli ya\u011fmurla birlikte bir anda arka taraf\u0131m\u0131zda bulunan tepeden gelen sel sular\u0131 tesisimizi yerle bir etti. Tesisimizde bulunan 120 adet ATV&#8217;den 40 tanesi sel sular\u0131na kap\u0131larak kayboldu. Buradakilerin de tamam\u0131 sel sular\u0131n\u0131n ard\u0131ndan g\u00f6r\u00fcld\u00fc\u011f\u00fc gibi \u00e7amur deryas\u0131n\u0131n i\u00e7erisinde zarar g\u00f6rm\u00fc\u015f durumda. ATV&#8217;lerin 1 tanesinin \u015fu an piyasa de\u011feri 150 bin lira. Tesisimizdeki toplam zarar 10 milyon liran\u0131n \u00fczerinde. Daha yang\u0131n\u0131n a\u00e7t\u0131\u011f\u0131 yaralar\u0131 saramadan b\u00f6yle bir olayla kar\u015f\u0131la\u015ft\u0131k&#8221; dedi.<\/p>\n<p>Kaynak: www.kanalv.com.tr Haber Sitesinden Al\u0131nm\u0131\u015ft\u0131r.<\/p>","protected":false},"excerpt":{"rendered":"<p>2021 y\u0131l\u0131ndaki yang\u0131nda t\u00fcm ara\u00e7lar\u0131n\u0131n yand\u0131\u011f\u0131n\u0131 belirten Ahmet Cem Kartal, d\u00fcn ya\u015fanan sel felaketinin faturas\u0131n\u0131n 10 milyon liran\u0131n \u00fczerinde oldu\u011funu s\u00f6yledi. Turuncu alarm\u0131n sonras\u0131nda d\u00fcn Manavgat genelinde etkili olan sa\u011fanak ya\u011fmur ve sel, ATV safari park\u0131n\u0131 da vurdu. Bucak \u015e\u0131hlar Mahallesi&#8217;nde bulunan safari parktaki 120 adet ATV&#8217;den 40 tanesi sel sular\u0131na kap\u0131ld\u0131. ATV safari tesisin sahibi ve \u00e7al\u0131\u015fanlar\u0131 trakt\u00f6r ve kep\u00e7elerle \u00e7evredeki dereleri kontrol ederek bulabildikleri ATV&#8217;leri r\u00f6morka y\u00fckleyerek tesise getiriyor. \u0130\u015fletme sahibi Ahmet Cem Kartal, 2021 y\u0131l\u0131nda meydana gelen Cumhuriyet tarihinin en b\u00fcy\u00fck yang\u0131n\u0131 olan Manavgat yang\u0131n\u0131nda tesisin tamamen yand\u0131\u011f\u0131n\u0131, 130-140 tane ATV&#8217;nin k\u00fcle d\u00f6nd\u00fc\u011f\u00fcn\u00fc belirterek, \u201c\u00c7ar\u015famba g\u00fcn\u00fc Manavgat genelinde etkili olan \u015fiddetli ya\u011fmurla birlikte bir anda arka taraf\u0131m\u0131zda bulunan tepeden gelen sel sular\u0131 tesisimizi yerle bir etti. Tesisimizde bulunan 120 adet ATV&#8217;den 40 tanesi sel sular\u0131na kap\u0131larak kayboldu. Buradakilerin de tamam\u0131 sel sular\u0131n\u0131n ard\u0131ndan g\u00f6r\u00fcld\u00fc\u011f\u00fc gibi \u00e7amur deryas\u0131n\u0131n i\u00e7erisinde zarar g\u00f6rm\u00fc\u015f durumda. ATV&#8217;lerin 1 tanesinin \u015fu an piyasa de\u011feri 150 bin lira. Tesisimizdeki toplam zarar 10 milyon liran\u0131n \u00fczerinde. Daha yang\u0131n\u0131n a\u00e7t\u0131\u011f\u0131 yaralar\u0131 saramadan b\u00f6yle bir olayla kar\u015f\u0131la\u015ft\u0131k&#8221; dedi. Kaynak: www.kanalv.com.tr Haber Sitesinden Al\u0131nm\u0131\u015ft\u0131r.<\/p>","protected":false},"author":0,"featured_media":22401,"comment_status":"open","ping_status":"open","sticky":false,"template":"","format":"standard","meta":{"_acf_changed":false,"footnotes":""},"categories":[26,535],"tags":[],"class_list":["post-22400","post","type-post","status-publish","format-standard","has-post-thumbnail","hentry","category-antalya","category-uncategorized-tr"],"acf":[],"yoast_head":"<!-- This site is optimized with the Yoast SEO Premium plugin v26.6 (Yoast SEO v27.1.1) - https:\/\/yoast.com\/product\/yoast-seo-premium-wordpress\/ -->\n<title>Sel safari istasyonunu vurdu - Av. Deniz Can K\u0131z\u0131l<\/title>\n<meta name=\"robots\" content=\"index, follow, max-snippet:-1, max-image-preview:large, max-video-preview:-1\" \/>\n<link rel=\"canonical\" href=\"https:\/\/denizcankizil.tr\/uk\/haberler\/antalya\/sel-safari-istasyonunu-vurdu\/\" \/>\n<meta property=\"og:locale\" content=\"uk_UA\" \/>\n<meta property=\"og:type\" content=\"article\" \/>\n<meta property=\"og:title\" content=\"Sel safari istasyonunu vurdu\" \/>\n<meta property=\"og:description\" content=\"2021 y\u0131l\u0131ndaki yang\u0131nda t\u00fcm ara\u00e7lar\u0131n\u0131n yand\u0131\u011f\u0131n\u0131 belirten Ahmet Cem Kartal, d\u00fcn ya\u015fanan sel felaketinin faturas\u0131n\u0131n 10 milyon liran\u0131n \u00fczerinde oldu\u011funu s\u00f6yledi. Turuncu alarm\u0131n sonras\u0131nda d\u00fcn Manavgat genelinde etkili olan sa\u011fanak ya\u011fmur ve sel, ATV safari park\u0131n\u0131 da vurdu. Bucak \u015e\u0131hlar Mahallesi&#8217;nde bulunan safari parktaki 120 adet ATV&#8217;den 40 tanesi sel sular\u0131na kap\u0131ld\u0131. ATV safari tesisin sahibi ve \u00e7al\u0131\u015fanlar\u0131 trakt\u00f6r ve kep\u00e7elerle \u00e7evredeki dereleri kontrol ederek bulabildikleri ATV&#8217;leri r\u00f6morka y\u00fckleyerek tesise getiriyor. \u0130\u015fletme sahibi Ahmet Cem Kartal, 2021 y\u0131l\u0131nda meydana gelen Cumhuriyet tarihinin en b\u00fcy\u00fck yang\u0131n\u0131 olan Manavgat yang\u0131n\u0131nda tesisin tamamen yand\u0131\u011f\u0131n\u0131, 130-140 tane ATV&#8217;nin k\u00fcle d\u00f6nd\u00fc\u011f\u00fcn\u00fc belirterek, \u201c\u00c7ar\u015famba g\u00fcn\u00fc Manavgat genelinde etkili olan \u015fiddetli ya\u011fmurla birlikte bir anda arka taraf\u0131m\u0131zda bulunan tepeden gelen sel sular\u0131 tesisimizi yerle bir etti. Tesisimizde bulunan 120 adet ATV&#8217;den 40 tanesi sel sular\u0131na kap\u0131larak kayboldu. Buradakilerin de tamam\u0131 sel sular\u0131n\u0131n ard\u0131ndan g\u00f6r\u00fcld\u00fc\u011f\u00fc gibi \u00e7amur deryas\u0131n\u0131n i\u00e7erisinde zarar g\u00f6rm\u00fc\u015f durumda. ATV&#8217;lerin 1 tanesinin \u015fu an piyasa de\u011feri 150 bin lira. Tesisimizdeki toplam zarar 10 milyon liran\u0131n \u00fczerinde. Daha yang\u0131n\u0131n a\u00e7t\u0131\u011f\u0131 yaralar\u0131 saramadan b\u00f6yle bir olayla kar\u015f\u0131la\u015ft\u0131k&#8221; dedi. Kaynak: www.kanalv.com.tr Haber Sitesinden Al\u0131nm\u0131\u015ft\u0131r.\" \/>\n<meta property=\"og:url\" content=\"https:\/\/denizcankizil.tr\/uk\/haberler\/antalya\/sel-safari-istasyonunu-vurdu\/\" \/>\n<meta property=\"og:site_name\" content=\"Av. Deniz Can K\u0131z\u0131l\" \/>\n<meta property=\"article:published_time\" content=\"2024-12-26T14:41:30+00:00\" \/>\n<meta property=\"og:image\" content=\"https:\/\/denizcankizil.tr\/wp-content\/uploads\/2024\/12\/3784-01-rgRQof.jpeg\" \/>\n\t<meta property=\"og:image:width\" content=\"1280\" \/>\n\t<meta property=\"og:image:height\" content=\"720\" \/>\n\t<meta property=\"og:image:type\" content=\"image\/jpeg\" \/>\n<meta name=\"twitter:card\" content=\"summary_large_image\" \/>\n<meta name=\"twitter:label1\" content=\"\u041f\u0440\u0438\u0431\u043b. \u0447\u0430\u0441 \u0447\u0438\u0442\u0430\u043d\u043d\u044f\" \/>\n\t<meta name=\"twitter:data1\" content=\"1 \u0445\u0432\u0438\u043b\u0438\u043d\u0430\" \/>\n<script type=\"application\/ld+json\" class=\"yoast-schema-graph\">{\"@context\":\"https:\/\/schema.org\",\"@graph\":[{\"@type\":\"Article\",\"@id\":\"https:\/\/denizcankizil.tr\/en\/haberler\/antalya\/sel-safari-istasyonunu-vurdu\/#article\",\"isPartOf\":{\"@id\":\"https:\/\/denizcankizil.tr\/en\/haberler\/antalya\/sel-safari-istasyonunu-vurdu\/\"},\"author\":{\"name\":\"\",\"@id\":\"\"},\"headline\":\"Sel safari istasyonunu vurdu\",\"datePublished\":\"2024-12-26T14:41:30+00:00\",\"mainEntityOfPage\":{\"@id\":\"https:\/\/denizcankizil.tr\/en\/haberler\/antalya\/sel-safari-istasyonunu-vurdu\/\"},\"wordCount\":246,\"commentCount\":0,\"publisher\":{\"@id\":\"https:\/\/denizcankizil.tr\/de\/#organization\"},\"image\":{\"@id\":\"https:\/\/denizcankizil.tr\/en\/haberler\/antalya\/sel-safari-istasyonunu-vurdu\/#primaryimage\"},\"thumbnailUrl\":\"https:\/\/denizcankizil.tr\/wp-content\/uploads\/2024\/12\/3784-01-rgRQof.jpeg\",\"articleSection\":[\"Antalya\",\"Uncategorized\"],\"inLanguage\":\"uk\",\"potentialAction\":[{\"@type\":\"CommentAction\",\"name\":\"Comment\",\"target\":[\"https:\/\/denizcankizil.tr\/en\/haberler\/antalya\/sel-safari-istasyonunu-vurdu\/#respond\"]}]},{\"@type\":\"WebPage\",\"@id\":\"https:\/\/denizcankizil.tr\/en\/haberler\/antalya\/sel-safari-istasyonunu-vurdu\/\",\"url\":\"https:\/\/denizcankizil.tr\/en\/haberler\/antalya\/sel-safari-istasyonunu-vurdu\/\",\"name\":\"Sel safari istasyonunu vurdu - Av. Deniz Can K\u0131z\u0131l\",\"isPartOf\":{\"@id\":\"https:\/\/denizcankizil.tr\/de\/#website\"},\"primaryImageOfPage\":{\"@id\":\"https:\/\/denizcankizil.tr\/en\/haberler\/antalya\/sel-safari-istasyonunu-vurdu\/#primaryimage\"},\"image\":{\"@id\":\"https:\/\/denizcankizil.tr\/en\/haberler\/antalya\/sel-safari-istasyonunu-vurdu\/#primaryimage\"},\"thumbnailUrl\":\"https:\/\/denizcankizil.tr\/wp-content\/uploads\/2024\/12\/3784-01-rgRQof.jpeg\",\"datePublished\":\"2024-12-26T14:41:30+00:00\",\"breadcrumb\":{\"@id\":\"https:\/\/denizcankizil.tr\/en\/haberler\/antalya\/sel-safari-istasyonunu-vurdu\/#breadcrumb\"},\"inLanguage\":\"uk\",\"potentialAction\":[{\"@type\":\"ReadAction\",\"target\":[\"https:\/\/denizcankizil.tr\/en\/haberler\/antalya\/sel-safari-istasyonunu-vurdu\/\"]}]},{\"@type\":\"ImageObject\",\"inLanguage\":\"uk\",\"@id\":\"https:\/\/denizcankizil.tr\/en\/haberler\/antalya\/sel-safari-istasyonunu-vurdu\/#primaryimage\",\"url\":\"https:\/\/denizcankizil.tr\/wp-content\/uploads\/2024\/12\/3784-01-rgRQof.jpeg\",\"contentUrl\":\"https:\/\/denizcankizil.tr\/wp-content\/uploads\/2024\/12\/3784-01-rgRQof.jpeg\",\"width\":1280,\"height\":720},{\"@type\":\"BreadcrumbList\",\"@id\":\"https:\/\/denizcankizil.tr\/en\/haberler\/antalya\/sel-safari-istasyonunu-vurdu\/#breadcrumb\",\"itemListElement\":[{\"@type\":\"ListItem\",\"position\":1,\"name\":\"Home\",\"item\":\"https:\/\/denizcankizil.tr\/de\/\"},{\"@type\":\"ListItem\",\"position\":2,\"name\":\"Sel safari istasyonunu vurdu\"}]},{\"@type\":\"WebSite\",\"@id\":\"https:\/\/denizcankizil.tr\/de\/#website\",\"url\":\"https:\/\/denizcankizil.tr\/de\/\",\"name\":\"Av. Deniz Can K\u0131z\u0131l\",\"description\":\"Avukat Deniz Can K\u0131z\u0131l Antalya Barosu\",\"publisher\":{\"@id\":\"https:\/\/denizcankizil.tr\/de\/#organization\"},\"potentialAction\":[{\"@type\":\"SearchAction\",\"target\":{\"@type\":\"EntryPoint\",\"urlTemplate\":\"https:\/\/denizcankizil.tr\/de\/?s={search_term_string}\"},\"query-input\":{\"@type\":\"PropertyValueSpecification\",\"valueRequired\":true,\"valueName\":\"search_term_string\"}}],\"inLanguage\":\"uk\"},{\"@type\":\"Organization\",\"@id\":\"https:\/\/denizcankizil.tr\/de\/#organization\",\"name\":\"Av. Deniz Can K\u0131z\u0131l\",\"url\":\"https:\/\/denizcankizil.tr\/de\/\",\"logo\":{\"@type\":\"ImageObject\",\"inLanguage\":\"uk\",\"@id\":\"https:\/\/denizcankizil.tr\/de\/#\/schema\/logo\/image\/\",\"url\":\"https:\/\/denizcankizil.tr\/wp-content\/uploads\/2024\/10\/siyah-logo-svg.svg\",\"contentUrl\":\"https:\/\/denizcankizil.tr\/wp-content\/uploads\/2024\/10\/siyah-logo-svg.svg\",\"width\":1080,\"height\":1080,\"caption\":\"Av. Deniz Can K\u0131z\u0131l\"},\"image\":{\"@id\":\"https:\/\/denizcankizil.tr\/de\/#\/schema\/logo\/image\/\"}}]}<\/script>\n<!-- \/ Yoast SEO Premium plugin. -->","yoast_head_json":{"title":"Sel safari istasyonunu vurdu - Av. Deniz Can K\u0131z\u0131l","robots":{"index":"index","follow":"follow","max-snippet":"max-snippet:-1","max-image-preview":"max-image-preview:large","max-video-preview":"max-video-preview:-1"},"canonical":"https:\/\/denizcankizil.tr\/uk\/haberler\/antalya\/sel-safari-istasyonunu-vurdu\/","og_locale":"uk_UA","og_type":"article","og_title":"Sel safari istasyonunu vurdu","og_description":"2021 y\u0131l\u0131ndaki yang\u0131nda t\u00fcm ara\u00e7lar\u0131n\u0131n yand\u0131\u011f\u0131n\u0131 belirten Ahmet Cem Kartal, d\u00fcn ya\u015fanan sel felaketinin faturas\u0131n\u0131n 10 milyon liran\u0131n \u00fczerinde oldu\u011funu s\u00f6yledi. Turuncu alarm\u0131n sonras\u0131nda d\u00fcn Manavgat genelinde etkili olan sa\u011fanak ya\u011fmur ve sel, ATV safari park\u0131n\u0131 da vurdu. Bucak \u015e\u0131hlar Mahallesi&#8217;nde bulunan safari parktaki 120 adet ATV&#8217;den 40 tanesi sel sular\u0131na kap\u0131ld\u0131. ATV safari tesisin sahibi ve \u00e7al\u0131\u015fanlar\u0131 trakt\u00f6r ve kep\u00e7elerle \u00e7evredeki dereleri kontrol ederek bulabildikleri ATV&#8217;leri r\u00f6morka y\u00fckleyerek tesise getiriyor. \u0130\u015fletme sahibi Ahmet Cem Kartal, 2021 y\u0131l\u0131nda meydana gelen Cumhuriyet tarihinin en b\u00fcy\u00fck yang\u0131n\u0131 olan Manavgat yang\u0131n\u0131nda tesisin tamamen yand\u0131\u011f\u0131n\u0131, 130-140 tane ATV&#8217;nin k\u00fcle d\u00f6nd\u00fc\u011f\u00fcn\u00fc belirterek, \u201c\u00c7ar\u015famba g\u00fcn\u00fc Manavgat genelinde etkili olan \u015fiddetli ya\u011fmurla birlikte bir anda arka taraf\u0131m\u0131zda bulunan tepeden gelen sel sular\u0131 tesisimizi yerle bir etti. Tesisimizde bulunan 120 adet ATV&#8217;den 40 tanesi sel sular\u0131na kap\u0131larak kayboldu. Buradakilerin de tamam\u0131 sel sular\u0131n\u0131n ard\u0131ndan g\u00f6r\u00fcld\u00fc\u011f\u00fc gibi \u00e7amur deryas\u0131n\u0131n i\u00e7erisinde zarar g\u00f6rm\u00fc\u015f durumda. ATV&#8217;lerin 1 tanesinin \u015fu an piyasa de\u011feri 150 bin lira. Tesisimizdeki toplam zarar 10 milyon liran\u0131n \u00fczerinde. Daha yang\u0131n\u0131n a\u00e7t\u0131\u011f\u0131 yaralar\u0131 saramadan b\u00f6yle bir olayla kar\u015f\u0131la\u015ft\u0131k&#8221; dedi. Kaynak: www.kanalv.com.tr Haber Sitesinden Al\u0131nm\u0131\u015ft\u0131r.","og_url":"https:\/\/denizcankizil.tr\/uk\/haberler\/antalya\/sel-safari-istasyonunu-vurdu\/","og_site_name":"Av. Deniz Can K\u0131z\u0131l","article_published_time":"2024-12-26T14:41:30+00:00","og_image":[{"width":1280,"height":720,"url":"https:\/\/denizcankizil.tr\/wp-content\/uploads\/2024\/12\/3784-01-rgRQof.jpeg","type":"image\/jpeg"}],"twitter_card":"summary_large_image","twitter_misc":{"\u041f\u0440\u0438\u0431\u043b. \u0447\u0430\u0441 \u0447\u0438\u0442\u0430\u043d\u043d\u044f":"1 \u0445\u0432\u0438\u043b\u0438\u043d\u0430"},"schema":{"@context":"https:\/\/schema.org","@graph":[{"@type":"Article","@id":"https:\/\/denizcankizil.tr\/en\/haberler\/antalya\/sel-safari-istasyonunu-vurdu\/#article","isPartOf":{"@id":"https:\/\/denizcankizil.tr\/en\/haberler\/antalya\/sel-safari-istasyonunu-vurdu\/"},"author":{"name":"","@id":""},"headline":"Sel safari istasyonunu vurdu","datePublished":"2024-12-26T14:41:30+00:00","mainEntityOfPage":{"@id":"https:\/\/denizcankizil.tr\/en\/haberler\/antalya\/sel-safari-istasyonunu-vurdu\/"},"wordCount":246,"commentCount":0,"publisher":{"@id":"https:\/\/denizcankizil.tr\/de\/#organization"},"image":{"@id":"https:\/\/denizcankizil.tr\/en\/haberler\/antalya\/sel-safari-istasyonunu-vurdu\/#primaryimage"},"thumbnailUrl":"https:\/\/denizcankizil.tr\/wp-content\/uploads\/2024\/12\/3784-01-rgRQof.jpeg","articleSection":["Antalya","Uncategorized"],"inLanguage":"uk","potentialAction":[{"@type":"CommentAction","name":"Comment","target":["https:\/\/denizcankizil.tr\/en\/haberler\/antalya\/sel-safari-istasyonunu-vurdu\/#respond"]}]},{"@type":"WebPage","@id":"https:\/\/denizcankizil.tr\/en\/haberler\/antalya\/sel-safari-istasyonunu-vurdu\/","url":"https:\/\/denizcankizil.tr\/en\/haberler\/antalya\/sel-safari-istasyonunu-vurdu\/","name":"Sel safari istasyonunu vurdu - Av. Deniz Can K\u0131z\u0131l","isPartOf":{"@id":"https:\/\/denizcankizil.tr\/de\/#website"},"primaryImageOfPage":{"@id":"https:\/\/denizcankizil.tr\/en\/haberler\/antalya\/sel-safari-istasyonunu-vurdu\/#primaryimage"},"image":{"@id":"https:\/\/denizcankizil.tr\/en\/haberler\/antalya\/sel-safari-istasyonunu-vurdu\/#primaryimage"},"thumbnailUrl":"https:\/\/denizcankizil.tr\/wp-content\/uploads\/2024\/12\/3784-01-rgRQof.jpeg","datePublished":"2024-12-26T14:41:30+00:00","breadcrumb":{"@id":"https:\/\/denizcankizil.tr\/en\/haberler\/antalya\/sel-safari-istasyonunu-vurdu\/#breadcrumb"},"inLanguage":"uk","potentialAction":[{"@type":"ReadAction","target":["https:\/\/denizcankizil.tr\/en\/haberler\/antalya\/sel-safari-istasyonunu-vurdu\/"]}]},{"@type":"ImageObject","inLanguage":"uk","@id":"https:\/\/denizcankizil.tr\/en\/haberler\/antalya\/sel-safari-istasyonunu-vurdu\/#primaryimage","url":"https:\/\/denizcankizil.tr\/wp-content\/uploads\/2024\/12\/3784-01-rgRQof.jpeg","contentUrl":"https:\/\/denizcankizil.tr\/wp-content\/uploads\/2024\/12\/3784-01-rgRQof.jpeg","width":1280,"height":720},{"@type":"BreadcrumbList","@id":"https:\/\/denizcankizil.tr\/en\/haberler\/antalya\/sel-safari-istasyonunu-vurdu\/#breadcrumb","itemListElement":[{"@type":"ListItem","position":1,"name":"Home","item":"https:\/\/denizcankizil.tr\/de\/"},{"@type":"ListItem","position":2,"name":"Sel safari istasyonunu vurdu"}]},{"@type":"WebSite","@id":"https:\/\/denizcankizil.tr\/de\/#website","url":"https:\/\/denizcankizil.tr\/de\/","name":"Av. Deniz Can K\u0131z\u0131l","description":"Avukat Deniz Can K\u0131z\u0131l Antalya Barosu","publisher":{"@id":"https:\/\/denizcankizil.tr\/de\/#organization"},"potentialAction":[{"@type":"SearchAction","target":{"@type":"EntryPoint","urlTemplate":"https:\/\/denizcankizil.tr\/de\/?s={search_term_string}"},"query-input":{"@type":"PropertyValueSpecification","valueRequired":true,"valueName":"search_term_string"}}],"inLanguage":"uk"},{"@type":"Organization","@id":"https:\/\/denizcankizil.tr\/de\/#organization","name":"Av. Deniz Can K\u0131z\u0131l","url":"https:\/\/denizcankizil.tr\/de\/","logo":{"@type":"ImageObject","inLanguage":"uk","@id":"https:\/\/denizcankizil.tr\/de\/#\/schema\/logo\/image\/","url":"https:\/\/denizcankizil.tr\/wp-content\/uploads\/2024\/10\/siyah-logo-svg.svg","contentUrl":"https:\/\/denizcankizil.tr\/wp-content\/uploads\/2024\/10\/siyah-logo-svg.svg","width":1080,"height":1080,"caption":"Av. Deniz Can K\u0131z\u0131l"},"image":{"@id":"https:\/\/denizcankizil.tr\/de\/#\/schema\/logo\/image\/"}}]}},"_links":{"self":[{"href":"https:\/\/denizcankizil.tr\/uk\/wp-json\/wp\/v2\/posts\/22400","targetHints":{"allow":["GET"]}}],"collection":[{"href":"https:\/\/denizcankizil.tr\/uk\/wp-json\/wp\/v2\/posts"}],"about":[{"href":"https:\/\/denizcankizil.tr\/uk\/wp-json\/wp\/v2\/types\/post"}],"replies":[{"embeddable":true,"href":"https:\/\/denizcankizil.tr\/uk\/wp-json\/wp\/v2\/comments?post=22400"}],"version-history":[{"count":0,"href":"https:\/\/denizcankizil.tr\/uk\/wp-json\/wp\/v2\/posts\/22400\/revisions"}],"wp:featuredmedia":[{"embeddable":true,"href":"https:\/\/denizcankizil.tr\/uk\/wp-json\/wp\/v2\/media\/22401"}],"wp:attachment":[{"href":"https:\/\/denizcankizil.tr\/uk\/wp-json\/wp\/v2\/media?parent=22400"}],"wp:term":[{"taxonomy":"category","embeddable":true,"href":"https:\/\/denizcankizil.tr\/uk\/wp-json\/wp\/v2\/categories?post=22400"},{"taxonomy":"post_tag","embeddable":true,"href":"https:\/\/denizcankizil.tr\/uk\/wp-json\/wp\/v2\/tags?post=22400"}],"curies":[{"name":"wp","href":"https:\/\/api.w.org\/{rel}","templated":true}]}}