{"id":22350,"date":"2024-12-26T13:42:00","date_gmt":"2024-12-26T10:42:00","guid":{"rendered":"https:\/\/denizcankizil.tr\/uncategorized-tr\/eude-ogrencilere-yurt-disi-egitim-olanaklari-anlatildi\/"},"modified":"2024-12-26T13:42:00","modified_gmt":"2024-12-26T10:42:00","slug":"eude-ogrencilere-yurt-disi-egitim-olanaklari-anlatildi","status":"publish","type":"post","link":"https:\/\/denizcankizil.tr\/uk\/haberler\/gundem\/eude-ogrencilere-yurt-disi-egitim-olanaklari-anlatildi\/","title":{"rendered":"E\u00dc\u2019de \u00f6\u011frencilere yurt d\u0131\u015f\u0131 e\u011fitim olanaklar\u0131 anlat\u0131ld\u0131"},"content":{"rendered":"<p>Ege \u00dcniversitesi (E\u00dc) Emel Ak\u0131n Meslek Y\u00fcksekokulunda, Dr. \u00d6\u011fr. \u00dcyesi Alime Asl\u0131 \u0130lleez koordinat\u00f6rl\u00fc\u011f\u00fcnde \u201cYurt D\u0131\u015f\u0131 E\u011fitim Olanaklar\u0131 ve Giri\u015fimcilik\u201d ba\u015fl\u0131kl\u0131 s\u00f6yle\u015fi ger\u00e7ekle\u015ftirildi.<\/p>\n<p>\u200bEge \u00dcniversitesi (E\u00dc) Emel Ak\u0131n Meslek Y\u00fcksekokulunda, Dr. \u00d6\u011fr. \u00dcyesi Alime Asl\u0131 \u0130lleez koordinat\u00f6rl\u00fc\u011f\u00fcnde \u201cYurt D\u0131\u015f\u0131 E\u011fitim Olanaklar\u0131 ve Giri\u015fimcilik\u201d ba\u015fl\u0131kl\u0131 s\u00f6yle\u015fi ger\u00e7ekle\u015ftirildi.\u00a0<\/p>\n<p>\u200bHaberin Al\u0131nt\u0131land\u0131\u011f\u0131 Kaynak: www.iskenderun.org<\/p>","protected":false},"excerpt":{"rendered":"<p>Ege \u00dcniversitesi (E\u00dc) Emel Ak\u0131n Meslek Y\u00fcksekokulunda, Dr. \u00d6\u011fr. \u00dcyesi Alime Asl\u0131 \u0130lleez koordinat\u00f6rl\u00fc\u011f\u00fcnde \u201cYurt D\u0131\u015f\u0131 E\u011fitim Olanaklar\u0131 ve Giri\u015fimcilik\u201d ba\u015fl\u0131kl\u0131 s\u00f6yle\u015fi ger\u00e7ekle\u015ftirildi. \u200bEge \u00dcniversitesi (E\u00dc) Emel Ak\u0131n Meslek Y\u00fcksekokulunda, Dr. \u00d6\u011fr. \u00dcyesi Alime Asl\u0131 \u0130lleez koordinat\u00f6rl\u00fc\u011f\u00fcnde \u201cYurt D\u0131\u015f\u0131 E\u011fitim Olanaklar\u0131 ve Giri\u015fimcilik\u201d ba\u015fl\u0131kl\u0131 s\u00f6yle\u015fi ger\u00e7ekle\u015ftirildi.\u00a0 \u200bHaberin Al\u0131nt\u0131land\u0131\u011f\u0131 Kaynak: www.iskenderun.org<\/p>","protected":false},"author":0,"featured_media":0,"comment_status":"open","ping_status":"open","sticky":false,"template":"","format":"standard","meta":{"_acf_changed":false,"footnotes":""},"categories":[24,535],"tags":[],"class_list":["post-22350","post","type-post","status-publish","format-standard","has-post-thumbnail","hentry","category-gundem","category-uncategorized-tr"],"acf":[],"yoast_head":"<!-- This site is optimized with the Yoast SEO Premium plugin v26.6 (Yoast SEO v27.1.1) - https:\/\/yoast.com\/product\/yoast-seo-premium-wordpress\/ -->\n<title>E\u00dc\u2019de \u00f6\u011frencilere yurt d\u0131\u015f\u0131 e\u011fitim olanaklar\u0131 anlat\u0131ld\u0131 - Av. Deniz Can K\u0131z\u0131l<\/title>\n<meta name=\"robots\" content=\"index, follow, max-snippet:-1, max-image-preview:large, max-video-preview:-1\" \/>\n<link rel=\"canonical\" href=\"https:\/\/denizcankizil.tr\/uk\/haberler\/gundem\/eude-ogrencilere-yurt-disi-egitim-olanaklari-anlatildi\/\" \/>\n<meta property=\"og:locale\" content=\"uk_UA\" \/>\n<meta property=\"og:type\" content=\"article\" \/>\n<meta property=\"og:title\" content=\"E\u00dc\u2019de \u00f6\u011frencilere yurt d\u0131\u015f\u0131 e\u011fitim olanaklar\u0131 anlat\u0131ld\u0131\" \/>\n<meta property=\"og:description\" content=\"Ege \u00dcniversitesi (E\u00dc) Emel Ak\u0131n Meslek Y\u00fcksekokulunda, Dr. \u00d6\u011fr. \u00dcyesi Alime Asl\u0131 \u0130lleez koordinat\u00f6rl\u00fc\u011f\u00fcnde \u201cYurt D\u0131\u015f\u0131 E\u011fitim Olanaklar\u0131 ve Giri\u015fimcilik\u201d ba\u015fl\u0131kl\u0131 s\u00f6yle\u015fi ger\u00e7ekle\u015ftirildi. \u200bEge \u00dcniversitesi (E\u00dc) Emel Ak\u0131n Meslek Y\u00fcksekokulunda, Dr. \u00d6\u011fr. \u00dcyesi Alime Asl\u0131 \u0130lleez koordinat\u00f6rl\u00fc\u011f\u00fcnde \u201cYurt D\u0131\u015f\u0131 E\u011fitim Olanaklar\u0131 ve Giri\u015fimcilik\u201d ba\u015fl\u0131kl\u0131 s\u00f6yle\u015fi ger\u00e7ekle\u015ftirildi.\u00a0 \u200bHaberin Al\u0131nt\u0131land\u0131\u011f\u0131 Kaynak: www.iskenderun.org\" \/>\n<meta property=\"og:url\" content=\"https:\/\/denizcankizil.tr\/uk\/haberler\/gundem\/eude-ogrencilere-yurt-disi-egitim-olanaklari-anlatildi\/\" \/>\n<meta property=\"og:site_name\" content=\"Av. Deniz Can K\u0131z\u0131l\" \/>\n<meta property=\"article:published_time\" content=\"2024-12-26T10:42:00+00:00\" \/>\n<meta name=\"twitter:card\" content=\"summary_large_image\" \/>\n<script type=\"application\/ld+json\" class=\"yoast-schema-graph\">{\"@context\":\"https:\/\/schema.org\",\"@graph\":[{\"@type\":\"Article\",\"@id\":\"https:\/\/denizcankizil.tr\/uk\/haberler\/gundem\/eude-ogrencilere-yurt-disi-egitim-olanaklari-anlatildi\/#article\",\"isPartOf\":{\"@id\":\"https:\/\/denizcankizil.tr\/uk\/haberler\/gundem\/eude-ogrencilere-yurt-disi-egitim-olanaklari-anlatildi\/\"},\"author\":{\"name\":\"\",\"@id\":\"\"},\"headline\":\"E\u00dc\u2019de \u00f6\u011frencilere yurt d\u0131\u015f\u0131 e\u011fitim olanaklar\u0131 anlat\u0131ld\u0131\",\"datePublished\":\"2024-12-26T10:42:00+00:00\",\"mainEntityOfPage\":{\"@id\":\"https:\/\/denizcankizil.tr\/uk\/haberler\/gundem\/eude-ogrencilere-yurt-disi-egitim-olanaklari-anlatildi\/\"},\"wordCount\":88,\"commentCount\":0,\"publisher\":{\"@id\":\"https:\/\/denizcankizil.tr\/#organization\"},\"articleSection\":[\"G\u00fcndem\",\"Uncategorized\"],\"inLanguage\":\"uk\",\"potentialAction\":[{\"@type\":\"CommentAction\",\"name\":\"Comment\",\"target\":[\"https:\/\/denizcankizil.tr\/uk\/haberler\/gundem\/eude-ogrencilere-yurt-disi-egitim-olanaklari-anlatildi\/#respond\"]}]},{\"@type\":\"WebPage\",\"@id\":\"https:\/\/denizcankizil.tr\/uk\/haberler\/gundem\/eude-ogrencilere-yurt-disi-egitim-olanaklari-anlatildi\/\",\"url\":\"https:\/\/denizcankizil.tr\/uk\/haberler\/gundem\/eude-ogrencilere-yurt-disi-egitim-olanaklari-anlatildi\/\",\"name\":\"E\u00dc\u2019de \u00f6\u011frencilere yurt d\u0131\u015f\u0131 e\u011fitim olanaklar\u0131 anlat\u0131ld\u0131 - Av. Deniz Can K\u0131z\u0131l\",\"isPartOf\":{\"@id\":\"https:\/\/denizcankizil.tr\/#website\"},\"datePublished\":\"2024-12-26T10:42:00+00:00\",\"breadcrumb\":{\"@id\":\"https:\/\/denizcankizil.tr\/uk\/haberler\/gundem\/eude-ogrencilere-yurt-disi-egitim-olanaklari-anlatildi\/#breadcrumb\"},\"inLanguage\":\"uk\",\"potentialAction\":[{\"@type\":\"ReadAction\",\"target\":[\"https:\/\/denizcankizil.tr\/uk\/haberler\/gundem\/eude-ogrencilere-yurt-disi-egitim-olanaklari-anlatildi\/\"]}]},{\"@type\":\"BreadcrumbList\",\"@id\":\"https:\/\/denizcankizil.tr\/uk\/haberler\/gundem\/eude-ogrencilere-yurt-disi-egitim-olanaklari-anlatildi\/#breadcrumb\",\"itemListElement\":[{\"@type\":\"ListItem\",\"position\":1,\"name\":\"Home\",\"item\":\"https:\/\/denizcankizil.tr\/de\/\"},{\"@type\":\"ListItem\",\"position\":2,\"name\":\"E\u00dc\u2019de \u00f6\u011frencilere yurt d\u0131\u015f\u0131 e\u011fitim olanaklar\u0131 anlat\u0131ld\u0131\"}]},{\"@type\":\"WebSite\",\"@id\":\"https:\/\/denizcankizil.tr\/#website\",\"url\":\"https:\/\/denizcankizil.tr\/\",\"name\":\"Av. Deniz Can K\u0131z\u0131l\",\"description\":\"Avukat Deniz Can K\u0131z\u0131l Antalya Barosu\",\"publisher\":{\"@id\":\"https:\/\/denizcankizil.tr\/#organization\"},\"potentialAction\":[{\"@type\":\"SearchAction\",\"target\":{\"@type\":\"EntryPoint\",\"urlTemplate\":\"https:\/\/denizcankizil.tr\/?s={search_term_string}\"},\"query-input\":{\"@type\":\"PropertyValueSpecification\",\"valueRequired\":true,\"valueName\":\"search_term_string\"}}],\"inLanguage\":\"uk\"},{\"@type\":\"Organization\",\"@id\":\"https:\/\/denizcankizil.tr\/#organization\",\"name\":\"Av. Deniz Can K\u0131z\u0131l\",\"url\":\"https:\/\/denizcankizil.tr\/\",\"logo\":{\"@type\":\"ImageObject\",\"inLanguage\":\"uk\",\"@id\":\"https:\/\/denizcankizil.tr\/#\/schema\/logo\/image\/\",\"url\":\"https:\/\/denizcankizil.tr\/wp-content\/uploads\/2024\/10\/siyah-logo-svg.svg\",\"contentUrl\":\"https:\/\/denizcankizil.tr\/wp-content\/uploads\/2024\/10\/siyah-logo-svg.svg\",\"width\":1080,\"height\":1080,\"caption\":\"Av. Deniz Can K\u0131z\u0131l\"},\"image\":{\"@id\":\"https:\/\/denizcankizil.tr\/#\/schema\/logo\/image\/\"}}]}<\/script>\n<!-- \/ Yoast SEO Premium plugin. -->","yoast_head_json":{"title":"E\u00dc\u2019de \u00f6\u011frencilere yurt d\u0131\u015f\u0131 e\u011fitim olanaklar\u0131 anlat\u0131ld\u0131 - Av. Deniz Can K\u0131z\u0131l","robots":{"index":"index","follow":"follow","max-snippet":"max-snippet:-1","max-image-preview":"max-image-preview:large","max-video-preview":"max-video-preview:-1"},"canonical":"https:\/\/denizcankizil.tr\/uk\/haberler\/gundem\/eude-ogrencilere-yurt-disi-egitim-olanaklari-anlatildi\/","og_locale":"uk_UA","og_type":"article","og_title":"E\u00dc\u2019de \u00f6\u011frencilere yurt d\u0131\u015f\u0131 e\u011fitim olanaklar\u0131 anlat\u0131ld\u0131","og_description":"Ege \u00dcniversitesi (E\u00dc) Emel Ak\u0131n Meslek Y\u00fcksekokulunda, Dr. \u00d6\u011fr. \u00dcyesi Alime Asl\u0131 \u0130lleez koordinat\u00f6rl\u00fc\u011f\u00fcnde \u201cYurt D\u0131\u015f\u0131 E\u011fitim Olanaklar\u0131 ve Giri\u015fimcilik\u201d ba\u015fl\u0131kl\u0131 s\u00f6yle\u015fi ger\u00e7ekle\u015ftirildi. \u200bEge \u00dcniversitesi (E\u00dc) Emel Ak\u0131n Meslek Y\u00fcksekokulunda, Dr. \u00d6\u011fr. \u00dcyesi Alime Asl\u0131 \u0130lleez koordinat\u00f6rl\u00fc\u011f\u00fcnde \u201cYurt D\u0131\u015f\u0131 E\u011fitim Olanaklar\u0131 ve Giri\u015fimcilik\u201d ba\u015fl\u0131kl\u0131 s\u00f6yle\u015fi ger\u00e7ekle\u015ftirildi.\u00a0 \u200bHaberin Al\u0131nt\u0131land\u0131\u011f\u0131 Kaynak: www.iskenderun.org","og_url":"https:\/\/denizcankizil.tr\/uk\/haberler\/gundem\/eude-ogrencilere-yurt-disi-egitim-olanaklari-anlatildi\/","og_site_name":"Av. Deniz Can K\u0131z\u0131l","article_published_time":"2024-12-26T10:42:00+00:00","twitter_card":"summary_large_image","schema":{"@context":"https:\/\/schema.org","@graph":[{"@type":"Article","@id":"https:\/\/denizcankizil.tr\/uk\/haberler\/gundem\/eude-ogrencilere-yurt-disi-egitim-olanaklari-anlatildi\/#article","isPartOf":{"@id":"https:\/\/denizcankizil.tr\/uk\/haberler\/gundem\/eude-ogrencilere-yurt-disi-egitim-olanaklari-anlatildi\/"},"author":{"name":"","@id":""},"headline":"E\u00dc\u2019de \u00f6\u011frencilere yurt d\u0131\u015f\u0131 e\u011fitim olanaklar\u0131 anlat\u0131ld\u0131","datePublished":"2024-12-26T10:42:00+00:00","mainEntityOfPage":{"@id":"https:\/\/denizcankizil.tr\/uk\/haberler\/gundem\/eude-ogrencilere-yurt-disi-egitim-olanaklari-anlatildi\/"},"wordCount":88,"commentCount":0,"publisher":{"@id":"https:\/\/denizcankizil.tr\/#organization"},"articleSection":["G\u00fcndem","Uncategorized"],"inLanguage":"uk","potentialAction":[{"@type":"CommentAction","name":"Comment","target":["https:\/\/denizcankizil.tr\/uk\/haberler\/gundem\/eude-ogrencilere-yurt-disi-egitim-olanaklari-anlatildi\/#respond"]}]},{"@type":"WebPage","@id":"https:\/\/denizcankizil.tr\/uk\/haberler\/gundem\/eude-ogrencilere-yurt-disi-egitim-olanaklari-anlatildi\/","url":"https:\/\/denizcankizil.tr\/uk\/haberler\/gundem\/eude-ogrencilere-yurt-disi-egitim-olanaklari-anlatildi\/","name":"E\u00dc\u2019de \u00f6\u011frencilere yurt d\u0131\u015f\u0131 e\u011fitim olanaklar\u0131 anlat\u0131ld\u0131 - Av. Deniz Can K\u0131z\u0131l","isPartOf":{"@id":"https:\/\/denizcankizil.tr\/#website"},"datePublished":"2024-12-26T10:42:00+00:00","breadcrumb":{"@id":"https:\/\/denizcankizil.tr\/uk\/haberler\/gundem\/eude-ogrencilere-yurt-disi-egitim-olanaklari-anlatildi\/#breadcrumb"},"inLanguage":"uk","potentialAction":[{"@type":"ReadAction","target":["https:\/\/denizcankizil.tr\/uk\/haberler\/gundem\/eude-ogrencilere-yurt-disi-egitim-olanaklari-anlatildi\/"]}]},{"@type":"BreadcrumbList","@id":"https:\/\/denizcankizil.tr\/uk\/haberler\/gundem\/eude-ogrencilere-yurt-disi-egitim-olanaklari-anlatildi\/#breadcrumb","itemListElement":[{"@type":"ListItem","position":1,"name":"Home","item":"https:\/\/denizcankizil.tr\/de\/"},{"@type":"ListItem","position":2,"name":"E\u00dc\u2019de \u00f6\u011frencilere yurt d\u0131\u015f\u0131 e\u011fitim olanaklar\u0131 anlat\u0131ld\u0131"}]},{"@type":"WebSite","@id":"https:\/\/denizcankizil.tr\/#website","url":"https:\/\/denizcankizil.tr\/","name":"Av. Deniz Can K\u0131z\u0131l","description":"Avukat Deniz Can K\u0131z\u0131l Antalya Barosu","publisher":{"@id":"https:\/\/denizcankizil.tr\/#organization"},"potentialAction":[{"@type":"SearchAction","target":{"@type":"EntryPoint","urlTemplate":"https:\/\/denizcankizil.tr\/?s={search_term_string}"},"query-input":{"@type":"PropertyValueSpecification","valueRequired":true,"valueName":"search_term_string"}}],"inLanguage":"uk"},{"@type":"Organization","@id":"https:\/\/denizcankizil.tr\/#organization","name":"Av. Deniz Can K\u0131z\u0131l","url":"https:\/\/denizcankizil.tr\/","logo":{"@type":"ImageObject","inLanguage":"uk","@id":"https:\/\/denizcankizil.tr\/#\/schema\/logo\/image\/","url":"https:\/\/denizcankizil.tr\/wp-content\/uploads\/2024\/10\/siyah-logo-svg.svg","contentUrl":"https:\/\/denizcankizil.tr\/wp-content\/uploads\/2024\/10\/siyah-logo-svg.svg","width":1080,"height":1080,"caption":"Av. Deniz Can K\u0131z\u0131l"},"image":{"@id":"https:\/\/denizcankizil.tr\/#\/schema\/logo\/image\/"}}]}},"_links":{"self":[{"href":"https:\/\/denizcankizil.tr\/uk\/wp-json\/wp\/v2\/posts\/22350","targetHints":{"allow":["GET"]}}],"collection":[{"href":"https:\/\/denizcankizil.tr\/uk\/wp-json\/wp\/v2\/posts"}],"about":[{"href":"https:\/\/denizcankizil.tr\/uk\/wp-json\/wp\/v2\/types\/post"}],"replies":[{"embeddable":true,"href":"https:\/\/denizcankizil.tr\/uk\/wp-json\/wp\/v2\/comments?post=22350"}],"version-history":[{"count":0,"href":"https:\/\/denizcankizil.tr\/uk\/wp-json\/wp\/v2\/posts\/22350\/revisions"}],"wp:attachment":[{"href":"https:\/\/denizcankizil.tr\/uk\/wp-json\/wp\/v2\/media?parent=22350"}],"wp:term":[{"taxonomy":"category","embeddable":true,"href":"https:\/\/denizcankizil.tr\/uk\/wp-json\/wp\/v2\/categories?post=22350"},{"taxonomy":"post_tag","embeddable":true,"href":"https:\/\/denizcankizil.tr\/uk\/wp-json\/wp\/v2\/tags?post=22350"}],"curies":[{"name":"wp","href":"https:\/\/api.w.org\/{rel}","templated":true}]}}