{"id":22345,"date":"2024-12-26T13:41:53","date_gmt":"2024-12-26T10:41:53","guid":{"rendered":"https:\/\/denizcankizil.tr\/uncategorized-tr\/antalyada-saganak-altinda-en-aci-bekleyis-mektubu-yurek-yakti\/"},"modified":"2024-12-26T13:41:53","modified_gmt":"2024-12-26T10:41:53","slug":"antalyada-saganak-altinda-en-aci-bekleyis-mektubu-yurek-yakti","status":"publish","type":"post","link":"https:\/\/denizcankizil.tr\/uk\/haberler\/gundem\/antalyada-saganak-altinda-en-aci-bekleyis-mektubu-yurek-yakti\/","title":{"rendered":"Antalya\u2019da sa\u011fanak alt\u0131nda en ac\u0131 bekleyi\u015f, mektubu y\u00fcrek yakt\u0131!"},"content":{"rendered":"<p>Antalya\u2019n\u0131n Muratpa\u015fa il\u00e7esi \u015eirinyal\u0131 Mahallesi\u2019nde, Eski Lara Caddesi yak\u0131nlar\u0131nda d\u00fcn ak\u015fam saat 19.30 s\u0131ralar\u0131nda ya\u015fanan trajik olayda bir otomobil falezlerden h\u0131zla denize u\u00e7tu. G\u00f6rg\u00fc tan\u0131klar\u0131n\u0131n ihbar\u0131 \u00fczerine olay yerine itfaiye, polis, AFAD, Deniz Polisi, Sahil G\u00fcvenlik ve sa\u011fl\u0131k ekipleri sevk edildi. K\u00f6t\u00fc hava \u015fartlar\u0131na ra\u011fmen ekipler, hem karadan hem de denizden yo\u011fun bir arama \u00e7al\u0131\u015fmas\u0131 ba\u015flatt\u0131.<\/p>\n<p>\u00dcN\u0130VERS\u0130TE \u00d6\u011eRENC\u0130S\u0130<\/p>\n<p>Falezlerin denize u\u00e7tu\u011fu noktada itfaiye ve AFAD ekipleri ip d\u00fczene\u011fi kurarak kara aramas\u0131 yaparken, Deniz Polisi ve Sahil G\u00fcvenlik ekipleri deniz \u00fczerinde aramalar\u0131n\u0131 s\u00fcrd\u00fcrd\u00fc. Uzun s\u00fcren \u00e7al\u0131\u015fmalar sonucunda dalgalar aras\u0131nda otomobile ait plaka ve tampon par\u00e7alar\u0131 bulundu. Plakan\u0131n 34 CHK 531 oldu\u011fu tespit edilirken, arac\u0131n 27 ya\u015f\u0131ndaki \u00fcniversite \u00f6\u011frencisi E. \u015e.\u2019ye ait oldu\u011fu de\u011ferlendiriliyor.<\/p>\n<p>\u00c7ALI\u015eMALARI ZORLA\u015eTIRIYOR<\/p>\n<p>Antalya\u2019da etkili olan sa\u011fanak ya\u011fmur ve sert r\u00fczgar, ekiplerin \u00e7al\u0131\u015fmalar\u0131n\u0131 olumsuz etkiliyor. Denizin alt\u0131ndaki d\u00fc\u015f\u00fck g\u00f6r\u00fc\u015f mesafesi ve sert dalgalar nedeniyle dalg\u0131\u00e7lar arama yapmakta zorluk \u00e7ekti. Dalg\u0131\u00e7 ekiplerinin g\u00fcvenli\u011fi i\u00e7in d\u00fcn ak\u015fam ara verilen \u00e7al\u0131\u015fmalara sabah saatlerinde yeniden ba\u015fland\u0131. Termal kameral\u0131 drone kullan\u0131larak b\u00f6lgede detayl\u0131 aramalar ger\u00e7ekle\u015ftirildi. Ayr\u0131ca m\u0131knat\u0131slarla deniz alt\u0131ndaki par\u00e7alar\u0131n tespitine y\u00f6nelik \u00e7al\u0131\u015fmalar devam ediyor.<\/p>\n<p>ACILI A\u0130LEN\u0130N UMUTLU BEKLEY\u0130\u015e\u0130<\/p>\n<p>Otomobilde oldu\u011fu tahmin edilen Engin \u015e.\u2019nin ailesi, sa\u011fanak ya\u011f\u0131\u015f alt\u0131nda ekiplerin arama \u00e7al\u0131\u015fmalar\u0131n\u0131 endi\u015feyle izledi. \u00c7ocuklar\u0131ndan gelecek bir haber bekleyen anne ve baba, zaman zaman fenal\u0131k ge\u00e7irdi. Olay yerinde haz\u0131r bulunan sa\u011fl\u0131k ekipleri, aileye destek oldu. Antalya \u0130l Emniyet M\u00fcd\u00fcr\u00fc \u0130lker Arslan, sabah saatlerinde olay yerine gelerek \u00e7al\u0131\u015fmalar\u0131 yerinde inceledi ve gazetecilere a\u00e7\u0131klamalarda bulundu. Arslan, \u201cD\u00fcnden beri yo\u011fun bir arama \u00e7al\u0131\u015fmas\u0131 i\u00e7indeyiz. Antalya\u2019da hava \u015fartlar\u0131 olduk\u00e7a zorlu, ancak devletimizin t\u00fcm imk\u00e2nlar\u0131 seferber edilmi\u015ftir. \u015eu ana kadar arac\u0131n plakas\u0131 ve tamponu bulundu. G\u00fcn i\u00e7inde sonu\u00e7 almay\u0131 hedefliyoruz\u201d dedi.<\/p>\n<p>EN ACI MEKTUP<\/p>\n<p>Di\u011fer taraftan sosyal medyada otomobilde bulundu\u011fu iddia edilen E.\u015e.\u2019ye ait oldu\u011fu iddia edilen bir intihar mektubu ortaya \u00e7\u0131kt\u0131. Mektupta, \u201cBu sat\u0131rlar\u0131 binlerce kez kafamda tasarlad\u0131m ve yazd\u0131m. O g\u00fcn bug\u00fcnm\u00fc\u015f \u00e7\u00fcnk\u00fc ben tamam\u0131yla bittim. Bir\u00e7ok eksi\u011fim olacak ama yapacak bir \u015fey yok \u00e7\u00fcnk\u00fc buna endi\u015felenecek kadar hayatta olmayaca\u011f\u0131m. Ben maj\u00f6r depresyon ve borderline (ki\u015filijk bozuklu\u011fu) hastas\u0131 bir insan\u0131m tedavi almay\u0131 \u00e7ok kez denedim. Hi\u00e7bir yere varamad\u0131k bununla ya\u015famam gerekti\u011fini \u00f6\u011frendim. Ben ba\u015faramad\u0131m yani hayata tutunam\u0131yorum ve ya\u015famakta zorunda de\u011filim. \u0130stedi\u011fim bir hayat d\u00fczeni vard\u0131 eri\u015femiyorum. Olmuyor o halde ya\u015famak istemiyorum. Kendi s\u00f6zlerimle size veda etmek istiyorum\u201d s\u00f6zlerine yer verdi.\u00a0<\/p>\n<p>\u200bAntalya\u2019da s\u0131k s\u0131k int*har olaylar\u0131n\u0131n ya\u015fand\u0131\u011f\u0131 falezlerden bu kez de bir ara\u00e7 s\u00fcratle denize u\u00e7tu. Otomobilin \u015fu ana kadar plakas\u0131yla birlikte tamponuna ula\u015f\u0131l\u0131rken, ekiplerin otomobilin b\u00fct\u00fcn\u00fcne ula\u015fmaya y\u00f6nelik \u00e7al\u0131\u015fmalar\u0131 devam ediyor. Otomobilde oldu\u011fu d\u00fc\u015f\u00fcn\u00fclen \u00fcniversite \u00f6\u011frencisinin geride b\u0131rakt\u0131\u011f\u0131 mektup ise sevenlerini bir kez daha g\u00f6zya\u015f\u0131na bo\u011fdu\u00a0<\/p>\n<p>\u200bHaberin Al\u0131nt\u0131land\u0131\u011f\u0131 Kaynak: www.antalyakorfez.com<\/p>","protected":false},"excerpt":{"rendered":"<p>Antalya\u2019n\u0131n Muratpa\u015fa il\u00e7esi \u015eirinyal\u0131 Mahallesi\u2019nde, Eski Lara Caddesi yak\u0131nlar\u0131nda d\u00fcn ak\u015fam saat 19.30 s\u0131ralar\u0131nda ya\u015fanan trajik olayda bir otomobil falezlerden h\u0131zla denize u\u00e7tu. G\u00f6rg\u00fc tan\u0131klar\u0131n\u0131n ihbar\u0131 \u00fczerine olay yerine itfaiye, polis, AFAD, Deniz Polisi, Sahil G\u00fcvenlik ve sa\u011fl\u0131k ekipleri sevk edildi. K\u00f6t\u00fc hava \u015fartlar\u0131na ra\u011fmen ekipler, hem karadan hem de denizden yo\u011fun bir arama \u00e7al\u0131\u015fmas\u0131 ba\u015flatt\u0131. \u00dcN\u0130VERS\u0130TE \u00d6\u011eRENC\u0130S\u0130 Falezlerin denize u\u00e7tu\u011fu noktada itfaiye ve AFAD ekipleri ip d\u00fczene\u011fi kurarak kara aramas\u0131 yaparken, Deniz Polisi ve Sahil G\u00fcvenlik ekipleri deniz \u00fczerinde aramalar\u0131n\u0131 s\u00fcrd\u00fcrd\u00fc. Uzun s\u00fcren \u00e7al\u0131\u015fmalar sonucunda dalgalar aras\u0131nda otomobile ait plaka ve tampon par\u00e7alar\u0131 bulundu. Plakan\u0131n 34 CHK 531 oldu\u011fu tespit edilirken, arac\u0131n 27 ya\u015f\u0131ndaki \u00fcniversite \u00f6\u011frencisi E. \u015e.\u2019ye ait oldu\u011fu de\u011ferlendiriliyor. \u00c7ALI\u015eMALARI ZORLA\u015eTIRIYOR Antalya\u2019da etkili olan sa\u011fanak ya\u011fmur ve sert r\u00fczgar, ekiplerin \u00e7al\u0131\u015fmalar\u0131n\u0131 olumsuz etkiliyor. Denizin alt\u0131ndaki d\u00fc\u015f\u00fck g\u00f6r\u00fc\u015f mesafesi ve sert dalgalar nedeniyle dalg\u0131\u00e7lar arama yapmakta zorluk \u00e7ekti. Dalg\u0131\u00e7 ekiplerinin g\u00fcvenli\u011fi i\u00e7in d\u00fcn ak\u015fam ara verilen \u00e7al\u0131\u015fmalara sabah saatlerinde yeniden ba\u015fland\u0131. Termal kameral\u0131 drone kullan\u0131larak b\u00f6lgede detayl\u0131 aramalar ger\u00e7ekle\u015ftirildi. Ayr\u0131ca m\u0131knat\u0131slarla deniz alt\u0131ndaki par\u00e7alar\u0131n tespitine y\u00f6nelik \u00e7al\u0131\u015fmalar devam ediyor. ACILI A\u0130LEN\u0130N UMUTLU BEKLEY\u0130\u015e\u0130 Otomobilde oldu\u011fu tahmin edilen Engin \u015e.\u2019nin ailesi, sa\u011fanak ya\u011f\u0131\u015f alt\u0131nda ekiplerin arama \u00e7al\u0131\u015fmalar\u0131n\u0131 endi\u015feyle izledi. \u00c7ocuklar\u0131ndan gelecek bir haber bekleyen anne ve baba, zaman zaman &hellip;<\/p>","protected":false},"author":0,"featured_media":0,"comment_status":"open","ping_status":"open","sticky":false,"template":"","format":"standard","meta":{"_acf_changed":false,"footnotes":""},"categories":[24,535],"tags":[],"class_list":["post-22345","post","type-post","status-publish","format-standard","has-post-thumbnail","hentry","category-gundem","category-uncategorized-tr"],"acf":[],"yoast_head":"<!-- This site is optimized with the Yoast SEO Premium plugin v26.6 (Yoast SEO v27.1.1) - https:\/\/yoast.com\/product\/yoast-seo-premium-wordpress\/ -->\n<title>Antalya\u2019da sa\u011fanak alt\u0131nda en ac\u0131 bekleyi\u015f, mektubu y\u00fcrek yakt\u0131! - Av. Deniz Can K\u0131z\u0131l<\/title>\n<meta name=\"robots\" content=\"index, follow, max-snippet:-1, max-image-preview:large, max-video-preview:-1\" \/>\n<link rel=\"canonical\" href=\"https:\/\/denizcankizil.tr\/uk\/haberler\/gundem\/antalyada-saganak-altinda-en-aci-bekleyis-mektubu-yurek-yakti\/\" \/>\n<meta property=\"og:locale\" content=\"uk_UA\" \/>\n<meta property=\"og:type\" content=\"article\" \/>\n<meta property=\"og:title\" content=\"Antalya\u2019da sa\u011fanak alt\u0131nda en ac\u0131 bekleyi\u015f, mektubu y\u00fcrek yakt\u0131!\" \/>\n<meta property=\"og:description\" content=\"Antalya\u2019n\u0131n Muratpa\u015fa il\u00e7esi \u015eirinyal\u0131 Mahallesi\u2019nde, Eski Lara Caddesi yak\u0131nlar\u0131nda d\u00fcn ak\u015fam saat 19.30 s\u0131ralar\u0131nda ya\u015fanan trajik olayda bir otomobil falezlerden h\u0131zla denize u\u00e7tu. G\u00f6rg\u00fc tan\u0131klar\u0131n\u0131n ihbar\u0131 \u00fczerine olay yerine itfaiye, polis, AFAD, Deniz Polisi, Sahil G\u00fcvenlik ve sa\u011fl\u0131k ekipleri sevk edildi. K\u00f6t\u00fc hava \u015fartlar\u0131na ra\u011fmen ekipler, hem karadan hem de denizden yo\u011fun bir arama \u00e7al\u0131\u015fmas\u0131 ba\u015flatt\u0131. \u00dcN\u0130VERS\u0130TE \u00d6\u011eRENC\u0130S\u0130 Falezlerin denize u\u00e7tu\u011fu noktada itfaiye ve AFAD ekipleri ip d\u00fczene\u011fi kurarak kara aramas\u0131 yaparken, Deniz Polisi ve Sahil G\u00fcvenlik ekipleri deniz \u00fczerinde aramalar\u0131n\u0131 s\u00fcrd\u00fcrd\u00fc. Uzun s\u00fcren \u00e7al\u0131\u015fmalar sonucunda dalgalar aras\u0131nda otomobile ait plaka ve tampon par\u00e7alar\u0131 bulundu. Plakan\u0131n 34 CHK 531 oldu\u011fu tespit edilirken, arac\u0131n 27 ya\u015f\u0131ndaki \u00fcniversite \u00f6\u011frencisi E. \u015e.\u2019ye ait oldu\u011fu de\u011ferlendiriliyor. \u00c7ALI\u015eMALARI ZORLA\u015eTIRIYOR Antalya\u2019da etkili olan sa\u011fanak ya\u011fmur ve sert r\u00fczgar, ekiplerin \u00e7al\u0131\u015fmalar\u0131n\u0131 olumsuz etkiliyor. Denizin alt\u0131ndaki d\u00fc\u015f\u00fck g\u00f6r\u00fc\u015f mesafesi ve sert dalgalar nedeniyle dalg\u0131\u00e7lar arama yapmakta zorluk \u00e7ekti. Dalg\u0131\u00e7 ekiplerinin g\u00fcvenli\u011fi i\u00e7in d\u00fcn ak\u015fam ara verilen \u00e7al\u0131\u015fmalara sabah saatlerinde yeniden ba\u015fland\u0131. Termal kameral\u0131 drone kullan\u0131larak b\u00f6lgede detayl\u0131 aramalar ger\u00e7ekle\u015ftirildi. Ayr\u0131ca m\u0131knat\u0131slarla deniz alt\u0131ndaki par\u00e7alar\u0131n tespitine y\u00f6nelik \u00e7al\u0131\u015fmalar devam ediyor. ACILI A\u0130LEN\u0130N UMUTLU BEKLEY\u0130\u015e\u0130 Otomobilde oldu\u011fu tahmin edilen Engin \u015e.\u2019nin ailesi, sa\u011fanak ya\u011f\u0131\u015f alt\u0131nda ekiplerin arama \u00e7al\u0131\u015fmalar\u0131n\u0131 endi\u015feyle izledi. \u00c7ocuklar\u0131ndan gelecek bir haber bekleyen anne ve baba, zaman zaman &hellip;\" \/>\n<meta property=\"og:url\" content=\"https:\/\/denizcankizil.tr\/uk\/haberler\/gundem\/antalyada-saganak-altinda-en-aci-bekleyis-mektubu-yurek-yakti\/\" \/>\n<meta property=\"og:site_name\" content=\"Av. Deniz Can K\u0131z\u0131l\" \/>\n<meta property=\"article:published_time\" content=\"2024-12-26T10:41:53+00:00\" \/>\n<meta name=\"twitter:card\" content=\"summary_large_image\" \/>\n<meta name=\"twitter:label1\" content=\"\u041f\u0440\u0438\u0431\u043b. \u0447\u0430\u0441 \u0447\u0438\u0442\u0430\u043d\u043d\u044f\" \/>\n\t<meta name=\"twitter:data1\" content=\"3 \u0445\u0432\u0438\u043b\u0438\u043d\u0438\" \/>\n<script type=\"application\/ld+json\" class=\"yoast-schema-graph\">{\"@context\":\"https:\/\/schema.org\",\"@graph\":[{\"@type\":\"Article\",\"@id\":\"https:\/\/denizcankizil.tr\/uk\/haberler\/gundem\/antalyada-saganak-altinda-en-aci-bekleyis-mektubu-yurek-yakti\/#article\",\"isPartOf\":{\"@id\":\"https:\/\/denizcankizil.tr\/uk\/haberler\/gundem\/antalyada-saganak-altinda-en-aci-bekleyis-mektubu-yurek-yakti\/\"},\"author\":{\"name\":\"\",\"@id\":\"\"},\"headline\":\"Antalya\u2019da sa\u011fanak alt\u0131nda en ac\u0131 bekleyi\u015f, mektubu y\u00fcrek yakt\u0131!\",\"datePublished\":\"2024-12-26T10:41:53+00:00\",\"mainEntityOfPage\":{\"@id\":\"https:\/\/denizcankizil.tr\/uk\/haberler\/gundem\/antalyada-saganak-altinda-en-aci-bekleyis-mektubu-yurek-yakti\/\"},\"wordCount\":594,\"commentCount\":0,\"publisher\":{\"@id\":\"https:\/\/denizcankizil.tr\/de\/#organization\"},\"articleSection\":[\"G\u00fcndem\",\"Uncategorized\"],\"inLanguage\":\"uk\",\"potentialAction\":[{\"@type\":\"CommentAction\",\"name\":\"Comment\",\"target\":[\"https:\/\/denizcankizil.tr\/uk\/haberler\/gundem\/antalyada-saganak-altinda-en-aci-bekleyis-mektubu-yurek-yakti\/#respond\"]}]},{\"@type\":\"WebPage\",\"@id\":\"https:\/\/denizcankizil.tr\/uk\/haberler\/gundem\/antalyada-saganak-altinda-en-aci-bekleyis-mektubu-yurek-yakti\/\",\"url\":\"https:\/\/denizcankizil.tr\/uk\/haberler\/gundem\/antalyada-saganak-altinda-en-aci-bekleyis-mektubu-yurek-yakti\/\",\"name\":\"Antalya\u2019da sa\u011fanak alt\u0131nda en ac\u0131 bekleyi\u015f, mektubu y\u00fcrek yakt\u0131! - Av. Deniz Can K\u0131z\u0131l\",\"isPartOf\":{\"@id\":\"https:\/\/denizcankizil.tr\/de\/#website\"},\"datePublished\":\"2024-12-26T10:41:53+00:00\",\"breadcrumb\":{\"@id\":\"https:\/\/denizcankizil.tr\/uk\/haberler\/gundem\/antalyada-saganak-altinda-en-aci-bekleyis-mektubu-yurek-yakti\/#breadcrumb\"},\"inLanguage\":\"uk\",\"potentialAction\":[{\"@type\":\"ReadAction\",\"target\":[\"https:\/\/denizcankizil.tr\/uk\/haberler\/gundem\/antalyada-saganak-altinda-en-aci-bekleyis-mektubu-yurek-yakti\/\"]}]},{\"@type\":\"BreadcrumbList\",\"@id\":\"https:\/\/denizcankizil.tr\/uk\/haberler\/gundem\/antalyada-saganak-altinda-en-aci-bekleyis-mektubu-yurek-yakti\/#breadcrumb\",\"itemListElement\":[{\"@type\":\"ListItem\",\"position\":1,\"name\":\"Home\",\"item\":\"https:\/\/denizcankizil.tr\/de\/\"},{\"@type\":\"ListItem\",\"position\":2,\"name\":\"Antalya\u2019da sa\u011fanak alt\u0131nda en ac\u0131 bekleyi\u015f, mektubu y\u00fcrek yakt\u0131!\"}]},{\"@type\":\"WebSite\",\"@id\":\"https:\/\/denizcankizil.tr\/de\/#website\",\"url\":\"https:\/\/denizcankizil.tr\/de\/\",\"name\":\"Av. Deniz Can K\u0131z\u0131l\",\"description\":\"Avukat Deniz Can K\u0131z\u0131l Antalya Barosu\",\"publisher\":{\"@id\":\"https:\/\/denizcankizil.tr\/de\/#organization\"},\"potentialAction\":[{\"@type\":\"SearchAction\",\"target\":{\"@type\":\"EntryPoint\",\"urlTemplate\":\"https:\/\/denizcankizil.tr\/de\/?s={search_term_string}\"},\"query-input\":{\"@type\":\"PropertyValueSpecification\",\"valueRequired\":true,\"valueName\":\"search_term_string\"}}],\"inLanguage\":\"uk\"},{\"@type\":\"Organization\",\"@id\":\"https:\/\/denizcankizil.tr\/de\/#organization\",\"name\":\"Av. Deniz Can K\u0131z\u0131l\",\"url\":\"https:\/\/denizcankizil.tr\/de\/\",\"logo\":{\"@type\":\"ImageObject\",\"inLanguage\":\"uk\",\"@id\":\"https:\/\/denizcankizil.tr\/de\/#\/schema\/logo\/image\/\",\"url\":\"https:\/\/denizcankizil.tr\/wp-content\/uploads\/2024\/10\/siyah-logo-svg.svg\",\"contentUrl\":\"https:\/\/denizcankizil.tr\/wp-content\/uploads\/2024\/10\/siyah-logo-svg.svg\",\"width\":1080,\"height\":1080,\"caption\":\"Av. Deniz Can K\u0131z\u0131l\"},\"image\":{\"@id\":\"https:\/\/denizcankizil.tr\/de\/#\/schema\/logo\/image\/\"}}]}<\/script>\n<!-- \/ Yoast SEO Premium plugin. -->","yoast_head_json":{"title":"Antalya\u2019da sa\u011fanak alt\u0131nda en ac\u0131 bekleyi\u015f, mektubu y\u00fcrek yakt\u0131! - Av. Deniz Can K\u0131z\u0131l","robots":{"index":"index","follow":"follow","max-snippet":"max-snippet:-1","max-image-preview":"max-image-preview:large","max-video-preview":"max-video-preview:-1"},"canonical":"https:\/\/denizcankizil.tr\/uk\/haberler\/gundem\/antalyada-saganak-altinda-en-aci-bekleyis-mektubu-yurek-yakti\/","og_locale":"uk_UA","og_type":"article","og_title":"Antalya\u2019da sa\u011fanak alt\u0131nda en ac\u0131 bekleyi\u015f, mektubu y\u00fcrek yakt\u0131!","og_description":"Antalya\u2019n\u0131n Muratpa\u015fa il\u00e7esi \u015eirinyal\u0131 Mahallesi\u2019nde, Eski Lara Caddesi yak\u0131nlar\u0131nda d\u00fcn ak\u015fam saat 19.30 s\u0131ralar\u0131nda ya\u015fanan trajik olayda bir otomobil falezlerden h\u0131zla denize u\u00e7tu. G\u00f6rg\u00fc tan\u0131klar\u0131n\u0131n ihbar\u0131 \u00fczerine olay yerine itfaiye, polis, AFAD, Deniz Polisi, Sahil G\u00fcvenlik ve sa\u011fl\u0131k ekipleri sevk edildi. K\u00f6t\u00fc hava \u015fartlar\u0131na ra\u011fmen ekipler, hem karadan hem de denizden yo\u011fun bir arama \u00e7al\u0131\u015fmas\u0131 ba\u015flatt\u0131. \u00dcN\u0130VERS\u0130TE \u00d6\u011eRENC\u0130S\u0130 Falezlerin denize u\u00e7tu\u011fu noktada itfaiye ve AFAD ekipleri ip d\u00fczene\u011fi kurarak kara aramas\u0131 yaparken, Deniz Polisi ve Sahil G\u00fcvenlik ekipleri deniz \u00fczerinde aramalar\u0131n\u0131 s\u00fcrd\u00fcrd\u00fc. Uzun s\u00fcren \u00e7al\u0131\u015fmalar sonucunda dalgalar aras\u0131nda otomobile ait plaka ve tampon par\u00e7alar\u0131 bulundu. Plakan\u0131n 34 CHK 531 oldu\u011fu tespit edilirken, arac\u0131n 27 ya\u015f\u0131ndaki \u00fcniversite \u00f6\u011frencisi E. \u015e.\u2019ye ait oldu\u011fu de\u011ferlendiriliyor. \u00c7ALI\u015eMALARI ZORLA\u015eTIRIYOR Antalya\u2019da etkili olan sa\u011fanak ya\u011fmur ve sert r\u00fczgar, ekiplerin \u00e7al\u0131\u015fmalar\u0131n\u0131 olumsuz etkiliyor. Denizin alt\u0131ndaki d\u00fc\u015f\u00fck g\u00f6r\u00fc\u015f mesafesi ve sert dalgalar nedeniyle dalg\u0131\u00e7lar arama yapmakta zorluk \u00e7ekti. Dalg\u0131\u00e7 ekiplerinin g\u00fcvenli\u011fi i\u00e7in d\u00fcn ak\u015fam ara verilen \u00e7al\u0131\u015fmalara sabah saatlerinde yeniden ba\u015fland\u0131. Termal kameral\u0131 drone kullan\u0131larak b\u00f6lgede detayl\u0131 aramalar ger\u00e7ekle\u015ftirildi. Ayr\u0131ca m\u0131knat\u0131slarla deniz alt\u0131ndaki par\u00e7alar\u0131n tespitine y\u00f6nelik \u00e7al\u0131\u015fmalar devam ediyor. ACILI A\u0130LEN\u0130N UMUTLU BEKLEY\u0130\u015e\u0130 Otomobilde oldu\u011fu tahmin edilen Engin \u015e.\u2019nin ailesi, sa\u011fanak ya\u011f\u0131\u015f alt\u0131nda ekiplerin arama \u00e7al\u0131\u015fmalar\u0131n\u0131 endi\u015feyle izledi. \u00c7ocuklar\u0131ndan gelecek bir haber bekleyen anne ve baba, zaman zaman &hellip;","og_url":"https:\/\/denizcankizil.tr\/uk\/haberler\/gundem\/antalyada-saganak-altinda-en-aci-bekleyis-mektubu-yurek-yakti\/","og_site_name":"Av. Deniz Can K\u0131z\u0131l","article_published_time":"2024-12-26T10:41:53+00:00","twitter_card":"summary_large_image","twitter_misc":{"\u041f\u0440\u0438\u0431\u043b. \u0447\u0430\u0441 \u0447\u0438\u0442\u0430\u043d\u043d\u044f":"3 \u0445\u0432\u0438\u043b\u0438\u043d\u0438"},"schema":{"@context":"https:\/\/schema.org","@graph":[{"@type":"Article","@id":"https:\/\/denizcankizil.tr\/uk\/haberler\/gundem\/antalyada-saganak-altinda-en-aci-bekleyis-mektubu-yurek-yakti\/#article","isPartOf":{"@id":"https:\/\/denizcankizil.tr\/uk\/haberler\/gundem\/antalyada-saganak-altinda-en-aci-bekleyis-mektubu-yurek-yakti\/"},"author":{"name":"","@id":""},"headline":"Antalya\u2019da sa\u011fanak alt\u0131nda en ac\u0131 bekleyi\u015f, mektubu y\u00fcrek yakt\u0131!","datePublished":"2024-12-26T10:41:53+00:00","mainEntityOfPage":{"@id":"https:\/\/denizcankizil.tr\/uk\/haberler\/gundem\/antalyada-saganak-altinda-en-aci-bekleyis-mektubu-yurek-yakti\/"},"wordCount":594,"commentCount":0,"publisher":{"@id":"https:\/\/denizcankizil.tr\/de\/#organization"},"articleSection":["G\u00fcndem","Uncategorized"],"inLanguage":"uk","potentialAction":[{"@type":"CommentAction","name":"Comment","target":["https:\/\/denizcankizil.tr\/uk\/haberler\/gundem\/antalyada-saganak-altinda-en-aci-bekleyis-mektubu-yurek-yakti\/#respond"]}]},{"@type":"WebPage","@id":"https:\/\/denizcankizil.tr\/uk\/haberler\/gundem\/antalyada-saganak-altinda-en-aci-bekleyis-mektubu-yurek-yakti\/","url":"https:\/\/denizcankizil.tr\/uk\/haberler\/gundem\/antalyada-saganak-altinda-en-aci-bekleyis-mektubu-yurek-yakti\/","name":"Antalya\u2019da sa\u011fanak alt\u0131nda en ac\u0131 bekleyi\u015f, mektubu y\u00fcrek yakt\u0131! - Av. Deniz Can K\u0131z\u0131l","isPartOf":{"@id":"https:\/\/denizcankizil.tr\/de\/#website"},"datePublished":"2024-12-26T10:41:53+00:00","breadcrumb":{"@id":"https:\/\/denizcankizil.tr\/uk\/haberler\/gundem\/antalyada-saganak-altinda-en-aci-bekleyis-mektubu-yurek-yakti\/#breadcrumb"},"inLanguage":"uk","potentialAction":[{"@type":"ReadAction","target":["https:\/\/denizcankizil.tr\/uk\/haberler\/gundem\/antalyada-saganak-altinda-en-aci-bekleyis-mektubu-yurek-yakti\/"]}]},{"@type":"BreadcrumbList","@id":"https:\/\/denizcankizil.tr\/uk\/haberler\/gundem\/antalyada-saganak-altinda-en-aci-bekleyis-mektubu-yurek-yakti\/#breadcrumb","itemListElement":[{"@type":"ListItem","position":1,"name":"Home","item":"https:\/\/denizcankizil.tr\/de\/"},{"@type":"ListItem","position":2,"name":"Antalya\u2019da sa\u011fanak alt\u0131nda en ac\u0131 bekleyi\u015f, mektubu y\u00fcrek yakt\u0131!"}]},{"@type":"WebSite","@id":"https:\/\/denizcankizil.tr\/de\/#website","url":"https:\/\/denizcankizil.tr\/de\/","name":"Av. Deniz Can K\u0131z\u0131l","description":"Avukat Deniz Can K\u0131z\u0131l Antalya Barosu","publisher":{"@id":"https:\/\/denizcankizil.tr\/de\/#organization"},"potentialAction":[{"@type":"SearchAction","target":{"@type":"EntryPoint","urlTemplate":"https:\/\/denizcankizil.tr\/de\/?s={search_term_string}"},"query-input":{"@type":"PropertyValueSpecification","valueRequired":true,"valueName":"search_term_string"}}],"inLanguage":"uk"},{"@type":"Organization","@id":"https:\/\/denizcankizil.tr\/de\/#organization","name":"Av. Deniz Can K\u0131z\u0131l","url":"https:\/\/denizcankizil.tr\/de\/","logo":{"@type":"ImageObject","inLanguage":"uk","@id":"https:\/\/denizcankizil.tr\/de\/#\/schema\/logo\/image\/","url":"https:\/\/denizcankizil.tr\/wp-content\/uploads\/2024\/10\/siyah-logo-svg.svg","contentUrl":"https:\/\/denizcankizil.tr\/wp-content\/uploads\/2024\/10\/siyah-logo-svg.svg","width":1080,"height":1080,"caption":"Av. Deniz Can K\u0131z\u0131l"},"image":{"@id":"https:\/\/denizcankizil.tr\/de\/#\/schema\/logo\/image\/"}}]}},"_links":{"self":[{"href":"https:\/\/denizcankizil.tr\/uk\/wp-json\/wp\/v2\/posts\/22345","targetHints":{"allow":["GET"]}}],"collection":[{"href":"https:\/\/denizcankizil.tr\/uk\/wp-json\/wp\/v2\/posts"}],"about":[{"href":"https:\/\/denizcankizil.tr\/uk\/wp-json\/wp\/v2\/types\/post"}],"replies":[{"embeddable":true,"href":"https:\/\/denizcankizil.tr\/uk\/wp-json\/wp\/v2\/comments?post=22345"}],"version-history":[{"count":0,"href":"https:\/\/denizcankizil.tr\/uk\/wp-json\/wp\/v2\/posts\/22345\/revisions"}],"wp:attachment":[{"href":"https:\/\/denizcankizil.tr\/uk\/wp-json\/wp\/v2\/media?parent=22345"}],"wp:term":[{"taxonomy":"category","embeddable":true,"href":"https:\/\/denizcankizil.tr\/uk\/wp-json\/wp\/v2\/categories?post=22345"},{"taxonomy":"post_tag","embeddable":true,"href":"https:\/\/denizcankizil.tr\/uk\/wp-json\/wp\/v2\/tags?post=22345"}],"curies":[{"name":"wp","href":"https:\/\/api.w.org\/{rel}","templated":true}]}}