{"id":22226,"date":"2024-12-25T16:41:38","date_gmt":"2024-12-25T13:41:38","guid":{"rendered":"https:\/\/denizcankizil.tr\/uncategorized-tr\/yanan-evi-kullanilmaz-hale-gelen-aile-caresiz\/"},"modified":"2024-12-25T16:41:38","modified_gmt":"2024-12-25T13:41:38","slug":"yanan-evi-kullanilmaz-hale-gelen-aile-caresiz","status":"publish","type":"post","link":"https:\/\/denizcankizil.tr\/uk\/haberler\/gundem\/yanan-evi-kullanilmaz-hale-gelen-aile-caresiz\/","title":{"rendered":"Yanan evi kullan\u0131lmaz hale gelen aile \u00e7aresiz"},"content":{"rendered":"<p>Anne G\u00fclnur Soylu, yang\u0131n s\u0131ras\u0131nda \u00e7ocuklar\u0131n\u0131n evde uyudu\u011funu belirterek, b\u00fcy\u00fck bir faciadan kurtulduklar\u0131n\u0131 ifade etti. Yang\u0131n\u0131n nas\u0131l \u00e7\u0131kt\u0131\u011f\u0131 hen\u00fcz belirlenemezken, evde bulunan \u00e7o\u011fu e\u015fyan\u0131n kullan\u0131lmaz hale geldi\u011fi bildirildi.<\/p>\n<p>\u00c7ocuklar\u0131yla birlikte b\u00fcy\u00fck bir facia atlatt\u0131klar\u0131n\u0131 ifade eden Anne G\u00fclnur Soylu, &#8220;\u00c7ocuklar\u0131m\u0131 kurtard\u0131\u011f\u0131m i\u00e7in \u00e7ok mutluyum, ancak evimizdeki bir\u00e7ok e\u015fya tamamen yand\u0131 ve kullan\u0131lamaz hale geldi. Kom\u015fular\u0131m\u0131z\u0131n yard\u0131mlar\u0131yla ilk etapta bir \u015feyler yapmaya \u00e7al\u0131\u015ft\u0131k. Ama evimizin yeniden ya\u015fanabilir hale gelmesi i\u00e7in deste\u011fe ihtiyac\u0131m\u0131z var. K\u0131\u015f \u015fartlar\u0131nda bu evde \u00e7ocuklar\u0131mla birlikte ya\u015famak \u00e7ok zor. Hay\u0131rseverlerin deste\u011fini bekliyoruz\u201d dedi.<\/p>\n<p>\u200bHatay&#8217;\u0131n \u0130skenderun il\u00e7esi Muradiye Mahallesi\u2019nde sabah saatlerinde meydana gelen yang\u0131n, bir ailenin evini kullan\u0131lmaz hale getirdi.\u00a0<\/p>\n<p>\u200bHaberin Al\u0131nt\u0131land\u0131\u011f\u0131 Kaynak: www.iskenderun.org<\/p>","protected":false},"excerpt":{"rendered":"<p>Anne G\u00fclnur Soylu, yang\u0131n s\u0131ras\u0131nda \u00e7ocuklar\u0131n\u0131n evde uyudu\u011funu belirterek, b\u00fcy\u00fck bir faciadan kurtulduklar\u0131n\u0131 ifade etti. Yang\u0131n\u0131n nas\u0131l \u00e7\u0131kt\u0131\u011f\u0131 hen\u00fcz belirlenemezken, evde bulunan \u00e7o\u011fu e\u015fyan\u0131n kullan\u0131lmaz hale geldi\u011fi bildirildi. \u00c7ocuklar\u0131yla birlikte b\u00fcy\u00fck bir facia atlatt\u0131klar\u0131n\u0131 ifade eden Anne G\u00fclnur Soylu, &#8220;\u00c7ocuklar\u0131m\u0131 kurtard\u0131\u011f\u0131m i\u00e7in \u00e7ok mutluyum, ancak evimizdeki bir\u00e7ok e\u015fya tamamen yand\u0131 ve kullan\u0131lamaz hale geldi. Kom\u015fular\u0131m\u0131z\u0131n yard\u0131mlar\u0131yla ilk etapta bir \u015feyler yapmaya \u00e7al\u0131\u015ft\u0131k. Ama evimizin yeniden ya\u015fanabilir hale gelmesi i\u00e7in deste\u011fe ihtiyac\u0131m\u0131z var. K\u0131\u015f \u015fartlar\u0131nda bu evde \u00e7ocuklar\u0131mla birlikte ya\u015famak \u00e7ok zor. Hay\u0131rseverlerin deste\u011fini bekliyoruz\u201d dedi. \u200bHatay&#8217;\u0131n \u0130skenderun il\u00e7esi Muradiye Mahallesi\u2019nde sabah saatlerinde meydana gelen yang\u0131n, bir ailenin evini kullan\u0131lmaz hale getirdi.\u00a0 \u200bHaberin Al\u0131nt\u0131land\u0131\u011f\u0131 Kaynak: www.iskenderun.org<\/p>","protected":false},"author":0,"featured_media":0,"comment_status":"open","ping_status":"open","sticky":false,"template":"","format":"standard","meta":{"_acf_changed":false,"footnotes":""},"categories":[24,535],"tags":[],"class_list":["post-22226","post","type-post","status-publish","format-standard","has-post-thumbnail","hentry","category-gundem","category-uncategorized-tr"],"acf":[],"yoast_head":"<!-- This site is optimized with the Yoast SEO Premium plugin v26.6 (Yoast SEO v27.1.1) - https:\/\/yoast.com\/product\/yoast-seo-premium-wordpress\/ -->\n<title>Yanan evi kullan\u0131lmaz hale gelen aile \u00e7aresiz - Av. Deniz Can K\u0131z\u0131l<\/title>\n<meta name=\"robots\" content=\"index, follow, max-snippet:-1, max-image-preview:large, max-video-preview:-1\" \/>\n<link rel=\"canonical\" href=\"https:\/\/denizcankizil.tr\/uk\/haberler\/gundem\/yanan-evi-kullanilmaz-hale-gelen-aile-caresiz\/\" \/>\n<meta property=\"og:locale\" content=\"uk_UA\" \/>\n<meta property=\"og:type\" content=\"article\" \/>\n<meta property=\"og:title\" content=\"Yanan evi kullan\u0131lmaz hale gelen aile \u00e7aresiz\" \/>\n<meta property=\"og:description\" content=\"Anne G\u00fclnur Soylu, yang\u0131n s\u0131ras\u0131nda \u00e7ocuklar\u0131n\u0131n evde uyudu\u011funu belirterek, b\u00fcy\u00fck bir faciadan kurtulduklar\u0131n\u0131 ifade etti. Yang\u0131n\u0131n nas\u0131l \u00e7\u0131kt\u0131\u011f\u0131 hen\u00fcz belirlenemezken, evde bulunan \u00e7o\u011fu e\u015fyan\u0131n kullan\u0131lmaz hale geldi\u011fi bildirildi. \u00c7ocuklar\u0131yla birlikte b\u00fcy\u00fck bir facia atlatt\u0131klar\u0131n\u0131 ifade eden Anne G\u00fclnur Soylu, &#8220;\u00c7ocuklar\u0131m\u0131 kurtard\u0131\u011f\u0131m i\u00e7in \u00e7ok mutluyum, ancak evimizdeki bir\u00e7ok e\u015fya tamamen yand\u0131 ve kullan\u0131lamaz hale geldi. Kom\u015fular\u0131m\u0131z\u0131n yard\u0131mlar\u0131yla ilk etapta bir \u015feyler yapmaya \u00e7al\u0131\u015ft\u0131k. Ama evimizin yeniden ya\u015fanabilir hale gelmesi i\u00e7in deste\u011fe ihtiyac\u0131m\u0131z var. K\u0131\u015f \u015fartlar\u0131nda bu evde \u00e7ocuklar\u0131mla birlikte ya\u015famak \u00e7ok zor. Hay\u0131rseverlerin deste\u011fini bekliyoruz\u201d dedi. \u200bHatay&#8217;\u0131n \u0130skenderun il\u00e7esi Muradiye Mahallesi\u2019nde sabah saatlerinde meydana gelen yang\u0131n, bir ailenin evini kullan\u0131lmaz hale getirdi.\u00a0 \u200bHaberin Al\u0131nt\u0131land\u0131\u011f\u0131 Kaynak: www.iskenderun.org\" \/>\n<meta property=\"og:url\" content=\"https:\/\/denizcankizil.tr\/uk\/haberler\/gundem\/yanan-evi-kullanilmaz-hale-gelen-aile-caresiz\/\" \/>\n<meta property=\"og:site_name\" content=\"Av. Deniz Can K\u0131z\u0131l\" \/>\n<meta property=\"article:published_time\" content=\"2024-12-25T13:41:38+00:00\" \/>\n<meta name=\"twitter:card\" content=\"summary_large_image\" \/>\n<meta name=\"twitter:label1\" content=\"\u041f\u0440\u0438\u0431\u043b. \u0447\u0430\u0441 \u0447\u0438\u0442\u0430\u043d\u043d\u044f\" \/>\n\t<meta name=\"twitter:data1\" content=\"1 \u0445\u0432\u0438\u043b\u0438\u043d\u0430\" \/>\n<script type=\"application\/ld+json\" class=\"yoast-schema-graph\">{\"@context\":\"https:\/\/schema.org\",\"@graph\":[{\"@type\":\"Article\",\"@id\":\"https:\/\/denizcankizil.tr\/uk\/haberler\/gundem\/yanan-evi-kullanilmaz-hale-gelen-aile-caresiz\/#article\",\"isPartOf\":{\"@id\":\"https:\/\/denizcankizil.tr\/uk\/haberler\/gundem\/yanan-evi-kullanilmaz-hale-gelen-aile-caresiz\/\"},\"author\":{\"name\":\"\",\"@id\":\"\"},\"headline\":\"Yanan evi kullan\u0131lmaz hale gelen aile \u00e7aresiz\",\"datePublished\":\"2024-12-25T13:41:38+00:00\",\"mainEntityOfPage\":{\"@id\":\"https:\/\/denizcankizil.tr\/uk\/haberler\/gundem\/yanan-evi-kullanilmaz-hale-gelen-aile-caresiz\/\"},\"wordCount\":171,\"commentCount\":0,\"publisher\":{\"@id\":\"https:\/\/denizcankizil.tr\/de\/#organization\"},\"articleSection\":[\"G\u00fcndem\",\"Uncategorized\"],\"inLanguage\":\"uk\",\"potentialAction\":[{\"@type\":\"CommentAction\",\"name\":\"Comment\",\"target\":[\"https:\/\/denizcankizil.tr\/uk\/haberler\/gundem\/yanan-evi-kullanilmaz-hale-gelen-aile-caresiz\/#respond\"]}]},{\"@type\":\"WebPage\",\"@id\":\"https:\/\/denizcankizil.tr\/uk\/haberler\/gundem\/yanan-evi-kullanilmaz-hale-gelen-aile-caresiz\/\",\"url\":\"https:\/\/denizcankizil.tr\/uk\/haberler\/gundem\/yanan-evi-kullanilmaz-hale-gelen-aile-caresiz\/\",\"name\":\"Yanan evi kullan\u0131lmaz hale gelen aile \u00e7aresiz - Av. Deniz Can K\u0131z\u0131l\",\"isPartOf\":{\"@id\":\"https:\/\/denizcankizil.tr\/de\/#website\"},\"datePublished\":\"2024-12-25T13:41:38+00:00\",\"breadcrumb\":{\"@id\":\"https:\/\/denizcankizil.tr\/uk\/haberler\/gundem\/yanan-evi-kullanilmaz-hale-gelen-aile-caresiz\/#breadcrumb\"},\"inLanguage\":\"uk\",\"potentialAction\":[{\"@type\":\"ReadAction\",\"target\":[\"https:\/\/denizcankizil.tr\/uk\/haberler\/gundem\/yanan-evi-kullanilmaz-hale-gelen-aile-caresiz\/\"]}]},{\"@type\":\"BreadcrumbList\",\"@id\":\"https:\/\/denizcankizil.tr\/uk\/haberler\/gundem\/yanan-evi-kullanilmaz-hale-gelen-aile-caresiz\/#breadcrumb\",\"itemListElement\":[{\"@type\":\"ListItem\",\"position\":1,\"name\":\"Home\",\"item\":\"https:\/\/denizcankizil.tr\/de\/\"},{\"@type\":\"ListItem\",\"position\":2,\"name\":\"Yanan evi kullan\u0131lmaz hale gelen aile \u00e7aresiz\"}]},{\"@type\":\"WebSite\",\"@id\":\"https:\/\/denizcankizil.tr\/de\/#website\",\"url\":\"https:\/\/denizcankizil.tr\/de\/\",\"name\":\"Av. Deniz Can K\u0131z\u0131l\",\"description\":\"Avukat Deniz Can K\u0131z\u0131l Antalya Barosu\",\"publisher\":{\"@id\":\"https:\/\/denizcankizil.tr\/de\/#organization\"},\"potentialAction\":[{\"@type\":\"SearchAction\",\"target\":{\"@type\":\"EntryPoint\",\"urlTemplate\":\"https:\/\/denizcankizil.tr\/de\/?s={search_term_string}\"},\"query-input\":{\"@type\":\"PropertyValueSpecification\",\"valueRequired\":true,\"valueName\":\"search_term_string\"}}],\"inLanguage\":\"uk\"},{\"@type\":\"Organization\",\"@id\":\"https:\/\/denizcankizil.tr\/de\/#organization\",\"name\":\"Av. Deniz Can K\u0131z\u0131l\",\"url\":\"https:\/\/denizcankizil.tr\/de\/\",\"logo\":{\"@type\":\"ImageObject\",\"inLanguage\":\"uk\",\"@id\":\"https:\/\/denizcankizil.tr\/de\/#\/schema\/logo\/image\/\",\"url\":\"https:\/\/denizcankizil.tr\/wp-content\/uploads\/2024\/10\/siyah-logo-svg.svg\",\"contentUrl\":\"https:\/\/denizcankizil.tr\/wp-content\/uploads\/2024\/10\/siyah-logo-svg.svg\",\"width\":1080,\"height\":1080,\"caption\":\"Av. Deniz Can K\u0131z\u0131l\"},\"image\":{\"@id\":\"https:\/\/denizcankizil.tr\/de\/#\/schema\/logo\/image\/\"}}]}<\/script>\n<!-- \/ Yoast SEO Premium plugin. -->","yoast_head_json":{"title":"Yanan evi kullan\u0131lmaz hale gelen aile \u00e7aresiz - Av. Deniz Can K\u0131z\u0131l","robots":{"index":"index","follow":"follow","max-snippet":"max-snippet:-1","max-image-preview":"max-image-preview:large","max-video-preview":"max-video-preview:-1"},"canonical":"https:\/\/denizcankizil.tr\/uk\/haberler\/gundem\/yanan-evi-kullanilmaz-hale-gelen-aile-caresiz\/","og_locale":"uk_UA","og_type":"article","og_title":"Yanan evi kullan\u0131lmaz hale gelen aile \u00e7aresiz","og_description":"Anne G\u00fclnur Soylu, yang\u0131n s\u0131ras\u0131nda \u00e7ocuklar\u0131n\u0131n evde uyudu\u011funu belirterek, b\u00fcy\u00fck bir faciadan kurtulduklar\u0131n\u0131 ifade etti. Yang\u0131n\u0131n nas\u0131l \u00e7\u0131kt\u0131\u011f\u0131 hen\u00fcz belirlenemezken, evde bulunan \u00e7o\u011fu e\u015fyan\u0131n kullan\u0131lmaz hale geldi\u011fi bildirildi. \u00c7ocuklar\u0131yla birlikte b\u00fcy\u00fck bir facia atlatt\u0131klar\u0131n\u0131 ifade eden Anne G\u00fclnur Soylu, &#8220;\u00c7ocuklar\u0131m\u0131 kurtard\u0131\u011f\u0131m i\u00e7in \u00e7ok mutluyum, ancak evimizdeki bir\u00e7ok e\u015fya tamamen yand\u0131 ve kullan\u0131lamaz hale geldi. Kom\u015fular\u0131m\u0131z\u0131n yard\u0131mlar\u0131yla ilk etapta bir \u015feyler yapmaya \u00e7al\u0131\u015ft\u0131k. Ama evimizin yeniden ya\u015fanabilir hale gelmesi i\u00e7in deste\u011fe ihtiyac\u0131m\u0131z var. K\u0131\u015f \u015fartlar\u0131nda bu evde \u00e7ocuklar\u0131mla birlikte ya\u015famak \u00e7ok zor. Hay\u0131rseverlerin deste\u011fini bekliyoruz\u201d dedi. \u200bHatay&#8217;\u0131n \u0130skenderun il\u00e7esi Muradiye Mahallesi\u2019nde sabah saatlerinde meydana gelen yang\u0131n, bir ailenin evini kullan\u0131lmaz hale getirdi.\u00a0 \u200bHaberin Al\u0131nt\u0131land\u0131\u011f\u0131 Kaynak: www.iskenderun.org","og_url":"https:\/\/denizcankizil.tr\/uk\/haberler\/gundem\/yanan-evi-kullanilmaz-hale-gelen-aile-caresiz\/","og_site_name":"Av. Deniz Can K\u0131z\u0131l","article_published_time":"2024-12-25T13:41:38+00:00","twitter_card":"summary_large_image","twitter_misc":{"\u041f\u0440\u0438\u0431\u043b. \u0447\u0430\u0441 \u0447\u0438\u0442\u0430\u043d\u043d\u044f":"1 \u0445\u0432\u0438\u043b\u0438\u043d\u0430"},"schema":{"@context":"https:\/\/schema.org","@graph":[{"@type":"Article","@id":"https:\/\/denizcankizil.tr\/uk\/haberler\/gundem\/yanan-evi-kullanilmaz-hale-gelen-aile-caresiz\/#article","isPartOf":{"@id":"https:\/\/denizcankizil.tr\/uk\/haberler\/gundem\/yanan-evi-kullanilmaz-hale-gelen-aile-caresiz\/"},"author":{"name":"","@id":""},"headline":"Yanan evi kullan\u0131lmaz hale gelen aile \u00e7aresiz","datePublished":"2024-12-25T13:41:38+00:00","mainEntityOfPage":{"@id":"https:\/\/denizcankizil.tr\/uk\/haberler\/gundem\/yanan-evi-kullanilmaz-hale-gelen-aile-caresiz\/"},"wordCount":171,"commentCount":0,"publisher":{"@id":"https:\/\/denizcankizil.tr\/de\/#organization"},"articleSection":["G\u00fcndem","Uncategorized"],"inLanguage":"uk","potentialAction":[{"@type":"CommentAction","name":"Comment","target":["https:\/\/denizcankizil.tr\/uk\/haberler\/gundem\/yanan-evi-kullanilmaz-hale-gelen-aile-caresiz\/#respond"]}]},{"@type":"WebPage","@id":"https:\/\/denizcankizil.tr\/uk\/haberler\/gundem\/yanan-evi-kullanilmaz-hale-gelen-aile-caresiz\/","url":"https:\/\/denizcankizil.tr\/uk\/haberler\/gundem\/yanan-evi-kullanilmaz-hale-gelen-aile-caresiz\/","name":"Yanan evi kullan\u0131lmaz hale gelen aile \u00e7aresiz - Av. Deniz Can K\u0131z\u0131l","isPartOf":{"@id":"https:\/\/denizcankizil.tr\/de\/#website"},"datePublished":"2024-12-25T13:41:38+00:00","breadcrumb":{"@id":"https:\/\/denizcankizil.tr\/uk\/haberler\/gundem\/yanan-evi-kullanilmaz-hale-gelen-aile-caresiz\/#breadcrumb"},"inLanguage":"uk","potentialAction":[{"@type":"ReadAction","target":["https:\/\/denizcankizil.tr\/uk\/haberler\/gundem\/yanan-evi-kullanilmaz-hale-gelen-aile-caresiz\/"]}]},{"@type":"BreadcrumbList","@id":"https:\/\/denizcankizil.tr\/uk\/haberler\/gundem\/yanan-evi-kullanilmaz-hale-gelen-aile-caresiz\/#breadcrumb","itemListElement":[{"@type":"ListItem","position":1,"name":"Home","item":"https:\/\/denizcankizil.tr\/de\/"},{"@type":"ListItem","position":2,"name":"Yanan evi kullan\u0131lmaz hale gelen aile \u00e7aresiz"}]},{"@type":"WebSite","@id":"https:\/\/denizcankizil.tr\/de\/#website","url":"https:\/\/denizcankizil.tr\/de\/","name":"Av. Deniz Can K\u0131z\u0131l","description":"Avukat Deniz Can K\u0131z\u0131l Antalya Barosu","publisher":{"@id":"https:\/\/denizcankizil.tr\/de\/#organization"},"potentialAction":[{"@type":"SearchAction","target":{"@type":"EntryPoint","urlTemplate":"https:\/\/denizcankizil.tr\/de\/?s={search_term_string}"},"query-input":{"@type":"PropertyValueSpecification","valueRequired":true,"valueName":"search_term_string"}}],"inLanguage":"uk"},{"@type":"Organization","@id":"https:\/\/denizcankizil.tr\/de\/#organization","name":"Av. Deniz Can K\u0131z\u0131l","url":"https:\/\/denizcankizil.tr\/de\/","logo":{"@type":"ImageObject","inLanguage":"uk","@id":"https:\/\/denizcankizil.tr\/de\/#\/schema\/logo\/image\/","url":"https:\/\/denizcankizil.tr\/wp-content\/uploads\/2024\/10\/siyah-logo-svg.svg","contentUrl":"https:\/\/denizcankizil.tr\/wp-content\/uploads\/2024\/10\/siyah-logo-svg.svg","width":1080,"height":1080,"caption":"Av. Deniz Can K\u0131z\u0131l"},"image":{"@id":"https:\/\/denizcankizil.tr\/de\/#\/schema\/logo\/image\/"}}]}},"_links":{"self":[{"href":"https:\/\/denizcankizil.tr\/uk\/wp-json\/wp\/v2\/posts\/22226","targetHints":{"allow":["GET"]}}],"collection":[{"href":"https:\/\/denizcankizil.tr\/uk\/wp-json\/wp\/v2\/posts"}],"about":[{"href":"https:\/\/denizcankizil.tr\/uk\/wp-json\/wp\/v2\/types\/post"}],"replies":[{"embeddable":true,"href":"https:\/\/denizcankizil.tr\/uk\/wp-json\/wp\/v2\/comments?post=22226"}],"version-history":[{"count":0,"href":"https:\/\/denizcankizil.tr\/uk\/wp-json\/wp\/v2\/posts\/22226\/revisions"}],"wp:attachment":[{"href":"https:\/\/denizcankizil.tr\/uk\/wp-json\/wp\/v2\/media?parent=22226"}],"wp:term":[{"taxonomy":"category","embeddable":true,"href":"https:\/\/denizcankizil.tr\/uk\/wp-json\/wp\/v2\/categories?post=22226"},{"taxonomy":"post_tag","embeddable":true,"href":"https:\/\/denizcankizil.tr\/uk\/wp-json\/wp\/v2\/tags?post=22226"}],"curies":[{"name":"wp","href":"https:\/\/api.w.org\/{rel}","templated":true}]}}