{"id":22201,"date":"2024-12-25T13:41:52","date_gmt":"2024-12-25T10:41:52","guid":{"rendered":"https:\/\/denizcankizil.tr\/uncategorized-tr\/ar-ge-yatirimi-milli-sorumlulugumuz\/"},"modified":"2024-12-25T13:41:52","modified_gmt":"2024-12-25T10:41:52","slug":"ar-ge-yatirimi-milli-sorumlulugumuz","status":"publish","type":"post","link":"https:\/\/denizcankizil.tr\/uk\/haberler\/gundem\/ar-ge-yatirimi-milli-sorumlulugumuz\/","title":{"rendered":"Ar-Ge yat\u0131r\u0131m\u0131 milli sorumlulu\u011fumuz"},"content":{"rendered":"<p>Organize Sanayi B\u00f6lgeleri \u00dcst Kurulu\u015fu (OSB\u00dcK) taraf\u0131ndan bu y\u0131l d\u00f6rd\u00fcnc\u00fcs\u00fc d\u00fczenlenen OSB Y\u0131ld\u0131zlar\u0131 Ara\u015ft\u0131rmas\u0131 \u00d6d\u00fcl T\u00f6reni, ge\u00e7ti\u011fimiz g\u00fcnlerde ger\u00e7ekle\u015ftirildi. \u0130la\u00e7 ihracat\u0131nda son iki y\u0131l\u0131n \u015fampiyonu World Medicine,<\/p>\n<p>\u200bOrganize Sanayi B\u00f6lgeleri \u00dcst Kurulu\u015fu (OSB\u00dcK) taraf\u0131ndan bu y\u0131l d\u00f6rd\u00fcnc\u00fcs\u00fc d\u00fczenlenen OSB Y\u0131ld\u0131zlar\u0131 Ara\u015ft\u0131rmas\u0131 \u00d6d\u00fcl T\u00f6reni, ge\u00e7ti\u011fimiz g\u00fcnlerde ger\u00e7ekle\u015ftirildi. \u0130la\u00e7 ihracat\u0131nda son iki y\u0131l\u0131n \u015fampiyonu World Medicine,\u00a0<\/p>\n<p>\u200bHaberin Al\u0131nt\u0131land\u0131\u011f\u0131 Kaynak: www.iskenderun.org<\/p>","protected":false},"excerpt":{"rendered":"<p>Organize Sanayi B\u00f6lgeleri \u00dcst Kurulu\u015fu (OSB\u00dcK) taraf\u0131ndan bu y\u0131l d\u00f6rd\u00fcnc\u00fcs\u00fc d\u00fczenlenen OSB Y\u0131ld\u0131zlar\u0131 Ara\u015ft\u0131rmas\u0131 \u00d6d\u00fcl T\u00f6reni, ge\u00e7ti\u011fimiz g\u00fcnlerde ger\u00e7ekle\u015ftirildi. \u0130la\u00e7 ihracat\u0131nda son iki y\u0131l\u0131n \u015fampiyonu World Medicine, \u200bOrganize Sanayi B\u00f6lgeleri \u00dcst Kurulu\u015fu (OSB\u00dcK) taraf\u0131ndan bu y\u0131l d\u00f6rd\u00fcnc\u00fcs\u00fc d\u00fczenlenen OSB Y\u0131ld\u0131zlar\u0131 Ara\u015ft\u0131rmas\u0131 \u00d6d\u00fcl T\u00f6reni, ge\u00e7ti\u011fimiz g\u00fcnlerde ger\u00e7ekle\u015ftirildi. \u0130la\u00e7 ihracat\u0131nda son iki y\u0131l\u0131n \u015fampiyonu World Medicine,\u00a0 \u200bHaberin Al\u0131nt\u0131land\u0131\u011f\u0131 Kaynak: www.iskenderun.org<\/p>","protected":false},"author":0,"featured_media":0,"comment_status":"open","ping_status":"open","sticky":false,"template":"","format":"standard","meta":{"_acf_changed":false,"footnotes":""},"categories":[24,535],"tags":[],"class_list":["post-22201","post","type-post","status-publish","format-standard","has-post-thumbnail","hentry","category-gundem","category-uncategorized-tr"],"acf":[],"yoast_head":"<!-- This site is optimized with the Yoast SEO Premium plugin v26.6 (Yoast SEO v27.1.1) - https:\/\/yoast.com\/product\/yoast-seo-premium-wordpress\/ -->\n<title>Ar-Ge yat\u0131r\u0131m\u0131 milli sorumlulu\u011fumuz - Av. Deniz Can K\u0131z\u0131l<\/title>\n<meta name=\"robots\" content=\"index, follow, max-snippet:-1, max-image-preview:large, max-video-preview:-1\" \/>\n<link rel=\"canonical\" href=\"https:\/\/denizcankizil.tr\/uk\/haberler\/gundem\/ar-ge-yatirimi-milli-sorumlulugumuz\/\" \/>\n<meta property=\"og:locale\" content=\"uk_UA\" \/>\n<meta property=\"og:type\" content=\"article\" \/>\n<meta property=\"og:title\" content=\"Ar-Ge yat\u0131r\u0131m\u0131 milli sorumlulu\u011fumuz\" \/>\n<meta property=\"og:description\" content=\"Organize Sanayi B\u00f6lgeleri \u00dcst Kurulu\u015fu (OSB\u00dcK) taraf\u0131ndan bu y\u0131l d\u00f6rd\u00fcnc\u00fcs\u00fc d\u00fczenlenen OSB Y\u0131ld\u0131zlar\u0131 Ara\u015ft\u0131rmas\u0131 \u00d6d\u00fcl T\u00f6reni, ge\u00e7ti\u011fimiz g\u00fcnlerde ger\u00e7ekle\u015ftirildi. \u0130la\u00e7 ihracat\u0131nda son iki y\u0131l\u0131n \u015fampiyonu World Medicine, \u200bOrganize Sanayi B\u00f6lgeleri \u00dcst Kurulu\u015fu (OSB\u00dcK) taraf\u0131ndan bu y\u0131l d\u00f6rd\u00fcnc\u00fcs\u00fc d\u00fczenlenen OSB Y\u0131ld\u0131zlar\u0131 Ara\u015ft\u0131rmas\u0131 \u00d6d\u00fcl T\u00f6reni, ge\u00e7ti\u011fimiz g\u00fcnlerde ger\u00e7ekle\u015ftirildi. \u0130la\u00e7 ihracat\u0131nda son iki y\u0131l\u0131n \u015fampiyonu World Medicine,\u00a0 \u200bHaberin Al\u0131nt\u0131land\u0131\u011f\u0131 Kaynak: www.iskenderun.org\" \/>\n<meta property=\"og:url\" content=\"https:\/\/denizcankizil.tr\/uk\/haberler\/gundem\/ar-ge-yatirimi-milli-sorumlulugumuz\/\" \/>\n<meta property=\"og:site_name\" content=\"Av. Deniz Can K\u0131z\u0131l\" \/>\n<meta property=\"article:published_time\" content=\"2024-12-25T10:41:52+00:00\" \/>\n<meta name=\"twitter:card\" content=\"summary_large_image\" \/>\n<meta name=\"twitter:label1\" content=\"\u041f\u0440\u0438\u0431\u043b. \u0447\u0430\u0441 \u0447\u0438\u0442\u0430\u043d\u043d\u044f\" \/>\n\t<meta name=\"twitter:data1\" content=\"1 \u0445\u0432\u0438\u043b\u0438\u043d\u0430\" \/>\n<script type=\"application\/ld+json\" class=\"yoast-schema-graph\">{\"@context\":\"https:\/\/schema.org\",\"@graph\":[{\"@type\":\"Article\",\"@id\":\"https:\/\/denizcankizil.tr\/uk\/haberler\/gundem\/ar-ge-yatirimi-milli-sorumlulugumuz\/#article\",\"isPartOf\":{\"@id\":\"https:\/\/denizcankizil.tr\/uk\/haberler\/gundem\/ar-ge-yatirimi-milli-sorumlulugumuz\/\"},\"author\":{\"name\":\"\",\"@id\":\"\"},\"headline\":\"Ar-Ge yat\u0131r\u0131m\u0131 milli sorumlulu\u011fumuz\",\"datePublished\":\"2024-12-25T10:41:52+00:00\",\"mainEntityOfPage\":{\"@id\":\"https:\/\/denizcankizil.tr\/uk\/haberler\/gundem\/ar-ge-yatirimi-milli-sorumlulugumuz\/\"},\"wordCount\":115,\"commentCount\":0,\"publisher\":{\"@id\":\"https:\/\/denizcankizil.tr\/de\/#organization\"},\"articleSection\":[\"G\u00fcndem\",\"Uncategorized\"],\"inLanguage\":\"uk\",\"potentialAction\":[{\"@type\":\"CommentAction\",\"name\":\"Comment\",\"target\":[\"https:\/\/denizcankizil.tr\/uk\/haberler\/gundem\/ar-ge-yatirimi-milli-sorumlulugumuz\/#respond\"]}]},{\"@type\":\"WebPage\",\"@id\":\"https:\/\/denizcankizil.tr\/uk\/haberler\/gundem\/ar-ge-yatirimi-milli-sorumlulugumuz\/\",\"url\":\"https:\/\/denizcankizil.tr\/uk\/haberler\/gundem\/ar-ge-yatirimi-milli-sorumlulugumuz\/\",\"name\":\"Ar-Ge yat\u0131r\u0131m\u0131 milli sorumlulu\u011fumuz - Av. Deniz Can K\u0131z\u0131l\",\"isPartOf\":{\"@id\":\"https:\/\/denizcankizil.tr\/de\/#website\"},\"datePublished\":\"2024-12-25T10:41:52+00:00\",\"breadcrumb\":{\"@id\":\"https:\/\/denizcankizil.tr\/uk\/haberler\/gundem\/ar-ge-yatirimi-milli-sorumlulugumuz\/#breadcrumb\"},\"inLanguage\":\"uk\",\"potentialAction\":[{\"@type\":\"ReadAction\",\"target\":[\"https:\/\/denizcankizil.tr\/uk\/haberler\/gundem\/ar-ge-yatirimi-milli-sorumlulugumuz\/\"]}]},{\"@type\":\"BreadcrumbList\",\"@id\":\"https:\/\/denizcankizil.tr\/uk\/haberler\/gundem\/ar-ge-yatirimi-milli-sorumlulugumuz\/#breadcrumb\",\"itemListElement\":[{\"@type\":\"ListItem\",\"position\":1,\"name\":\"Home\",\"item\":\"https:\/\/denizcankizil.tr\/de\/\"},{\"@type\":\"ListItem\",\"position\":2,\"name\":\"Ar-Ge yat\u0131r\u0131m\u0131 milli sorumlulu\u011fumuz\"}]},{\"@type\":\"WebSite\",\"@id\":\"https:\/\/denizcankizil.tr\/de\/#website\",\"url\":\"https:\/\/denizcankizil.tr\/de\/\",\"name\":\"Av. Deniz Can K\u0131z\u0131l\",\"description\":\"Avukat Deniz Can K\u0131z\u0131l Antalya Barosu\",\"publisher\":{\"@id\":\"https:\/\/denizcankizil.tr\/de\/#organization\"},\"potentialAction\":[{\"@type\":\"SearchAction\",\"target\":{\"@type\":\"EntryPoint\",\"urlTemplate\":\"https:\/\/denizcankizil.tr\/de\/?s={search_term_string}\"},\"query-input\":{\"@type\":\"PropertyValueSpecification\",\"valueRequired\":true,\"valueName\":\"search_term_string\"}}],\"inLanguage\":\"uk\"},{\"@type\":\"Organization\",\"@id\":\"https:\/\/denizcankizil.tr\/de\/#organization\",\"name\":\"Av. Deniz Can K\u0131z\u0131l\",\"url\":\"https:\/\/denizcankizil.tr\/de\/\",\"logo\":{\"@type\":\"ImageObject\",\"inLanguage\":\"uk\",\"@id\":\"https:\/\/denizcankizil.tr\/de\/#\/schema\/logo\/image\/\",\"url\":\"https:\/\/denizcankizil.tr\/wp-content\/uploads\/2024\/10\/siyah-logo-svg.svg\",\"contentUrl\":\"https:\/\/denizcankizil.tr\/wp-content\/uploads\/2024\/10\/siyah-logo-svg.svg\",\"width\":1080,\"height\":1080,\"caption\":\"Av. Deniz Can K\u0131z\u0131l\"},\"image\":{\"@id\":\"https:\/\/denizcankizil.tr\/de\/#\/schema\/logo\/image\/\"}}]}<\/script>\n<!-- \/ Yoast SEO Premium plugin. -->","yoast_head_json":{"title":"Ar-Ge yat\u0131r\u0131m\u0131 milli sorumlulu\u011fumuz - Av. Deniz Can K\u0131z\u0131l","robots":{"index":"index","follow":"follow","max-snippet":"max-snippet:-1","max-image-preview":"max-image-preview:large","max-video-preview":"max-video-preview:-1"},"canonical":"https:\/\/denizcankizil.tr\/uk\/haberler\/gundem\/ar-ge-yatirimi-milli-sorumlulugumuz\/","og_locale":"uk_UA","og_type":"article","og_title":"Ar-Ge yat\u0131r\u0131m\u0131 milli sorumlulu\u011fumuz","og_description":"Organize Sanayi B\u00f6lgeleri \u00dcst Kurulu\u015fu (OSB\u00dcK) taraf\u0131ndan bu y\u0131l d\u00f6rd\u00fcnc\u00fcs\u00fc d\u00fczenlenen OSB Y\u0131ld\u0131zlar\u0131 Ara\u015ft\u0131rmas\u0131 \u00d6d\u00fcl T\u00f6reni, ge\u00e7ti\u011fimiz g\u00fcnlerde ger\u00e7ekle\u015ftirildi. \u0130la\u00e7 ihracat\u0131nda son iki y\u0131l\u0131n \u015fampiyonu World Medicine, \u200bOrganize Sanayi B\u00f6lgeleri \u00dcst Kurulu\u015fu (OSB\u00dcK) taraf\u0131ndan bu y\u0131l d\u00f6rd\u00fcnc\u00fcs\u00fc d\u00fczenlenen OSB Y\u0131ld\u0131zlar\u0131 Ara\u015ft\u0131rmas\u0131 \u00d6d\u00fcl T\u00f6reni, ge\u00e7ti\u011fimiz g\u00fcnlerde ger\u00e7ekle\u015ftirildi. \u0130la\u00e7 ihracat\u0131nda son iki y\u0131l\u0131n \u015fampiyonu World Medicine,\u00a0 \u200bHaberin Al\u0131nt\u0131land\u0131\u011f\u0131 Kaynak: www.iskenderun.org","og_url":"https:\/\/denizcankizil.tr\/uk\/haberler\/gundem\/ar-ge-yatirimi-milli-sorumlulugumuz\/","og_site_name":"Av. Deniz Can K\u0131z\u0131l","article_published_time":"2024-12-25T10:41:52+00:00","twitter_card":"summary_large_image","twitter_misc":{"\u041f\u0440\u0438\u0431\u043b. \u0447\u0430\u0441 \u0447\u0438\u0442\u0430\u043d\u043d\u044f":"1 \u0445\u0432\u0438\u043b\u0438\u043d\u0430"},"schema":{"@context":"https:\/\/schema.org","@graph":[{"@type":"Article","@id":"https:\/\/denizcankizil.tr\/uk\/haberler\/gundem\/ar-ge-yatirimi-milli-sorumlulugumuz\/#article","isPartOf":{"@id":"https:\/\/denizcankizil.tr\/uk\/haberler\/gundem\/ar-ge-yatirimi-milli-sorumlulugumuz\/"},"author":{"name":"","@id":""},"headline":"Ar-Ge yat\u0131r\u0131m\u0131 milli sorumlulu\u011fumuz","datePublished":"2024-12-25T10:41:52+00:00","mainEntityOfPage":{"@id":"https:\/\/denizcankizil.tr\/uk\/haberler\/gundem\/ar-ge-yatirimi-milli-sorumlulugumuz\/"},"wordCount":115,"commentCount":0,"publisher":{"@id":"https:\/\/denizcankizil.tr\/de\/#organization"},"articleSection":["G\u00fcndem","Uncategorized"],"inLanguage":"uk","potentialAction":[{"@type":"CommentAction","name":"Comment","target":["https:\/\/denizcankizil.tr\/uk\/haberler\/gundem\/ar-ge-yatirimi-milli-sorumlulugumuz\/#respond"]}]},{"@type":"WebPage","@id":"https:\/\/denizcankizil.tr\/uk\/haberler\/gundem\/ar-ge-yatirimi-milli-sorumlulugumuz\/","url":"https:\/\/denizcankizil.tr\/uk\/haberler\/gundem\/ar-ge-yatirimi-milli-sorumlulugumuz\/","name":"Ar-Ge yat\u0131r\u0131m\u0131 milli sorumlulu\u011fumuz - Av. Deniz Can K\u0131z\u0131l","isPartOf":{"@id":"https:\/\/denizcankizil.tr\/de\/#website"},"datePublished":"2024-12-25T10:41:52+00:00","breadcrumb":{"@id":"https:\/\/denizcankizil.tr\/uk\/haberler\/gundem\/ar-ge-yatirimi-milli-sorumlulugumuz\/#breadcrumb"},"inLanguage":"uk","potentialAction":[{"@type":"ReadAction","target":["https:\/\/denizcankizil.tr\/uk\/haberler\/gundem\/ar-ge-yatirimi-milli-sorumlulugumuz\/"]}]},{"@type":"BreadcrumbList","@id":"https:\/\/denizcankizil.tr\/uk\/haberler\/gundem\/ar-ge-yatirimi-milli-sorumlulugumuz\/#breadcrumb","itemListElement":[{"@type":"ListItem","position":1,"name":"Home","item":"https:\/\/denizcankizil.tr\/de\/"},{"@type":"ListItem","position":2,"name":"Ar-Ge yat\u0131r\u0131m\u0131 milli sorumlulu\u011fumuz"}]},{"@type":"WebSite","@id":"https:\/\/denizcankizil.tr\/de\/#website","url":"https:\/\/denizcankizil.tr\/de\/","name":"Av. Deniz Can K\u0131z\u0131l","description":"Avukat Deniz Can K\u0131z\u0131l Antalya Barosu","publisher":{"@id":"https:\/\/denizcankizil.tr\/de\/#organization"},"potentialAction":[{"@type":"SearchAction","target":{"@type":"EntryPoint","urlTemplate":"https:\/\/denizcankizil.tr\/de\/?s={search_term_string}"},"query-input":{"@type":"PropertyValueSpecification","valueRequired":true,"valueName":"search_term_string"}}],"inLanguage":"uk"},{"@type":"Organization","@id":"https:\/\/denizcankizil.tr\/de\/#organization","name":"Av. Deniz Can K\u0131z\u0131l","url":"https:\/\/denizcankizil.tr\/de\/","logo":{"@type":"ImageObject","inLanguage":"uk","@id":"https:\/\/denizcankizil.tr\/de\/#\/schema\/logo\/image\/","url":"https:\/\/denizcankizil.tr\/wp-content\/uploads\/2024\/10\/siyah-logo-svg.svg","contentUrl":"https:\/\/denizcankizil.tr\/wp-content\/uploads\/2024\/10\/siyah-logo-svg.svg","width":1080,"height":1080,"caption":"Av. Deniz Can K\u0131z\u0131l"},"image":{"@id":"https:\/\/denizcankizil.tr\/de\/#\/schema\/logo\/image\/"}}]}},"_links":{"self":[{"href":"https:\/\/denizcankizil.tr\/uk\/wp-json\/wp\/v2\/posts\/22201","targetHints":{"allow":["GET"]}}],"collection":[{"href":"https:\/\/denizcankizil.tr\/uk\/wp-json\/wp\/v2\/posts"}],"about":[{"href":"https:\/\/denizcankizil.tr\/uk\/wp-json\/wp\/v2\/types\/post"}],"replies":[{"embeddable":true,"href":"https:\/\/denizcankizil.tr\/uk\/wp-json\/wp\/v2\/comments?post=22201"}],"version-history":[{"count":0,"href":"https:\/\/denizcankizil.tr\/uk\/wp-json\/wp\/v2\/posts\/22201\/revisions"}],"wp:attachment":[{"href":"https:\/\/denizcankizil.tr\/uk\/wp-json\/wp\/v2\/media?parent=22201"}],"wp:term":[{"taxonomy":"category","embeddable":true,"href":"https:\/\/denizcankizil.tr\/uk\/wp-json\/wp\/v2\/categories?post=22201"},{"taxonomy":"post_tag","embeddable":true,"href":"https:\/\/denizcankizil.tr\/uk\/wp-json\/wp\/v2\/tags?post=22201"}],"curies":[{"name":"wp","href":"https:\/\/api.w.org\/{rel}","templated":true}]}}