{"id":22080,"date":"2024-12-24T23:41:28","date_gmt":"2024-12-24T20:41:28","guid":{"rendered":"https:\/\/denizcankizil.tr\/uncategorized-tr\/ciner-medya-sektorunden-cekildi\/"},"modified":"2024-12-24T23:41:28","modified_gmt":"2024-12-24T20:41:28","slug":"ciner-medya-sektorunden-cekildi","status":"publish","type":"post","link":"https:\/\/denizcankizil.tr\/uk\/haberler\/gundem\/ciner-medya-sektorunden-cekildi\/","title":{"rendered":"Ciner medya sekt\u00f6r\u00fcnden \u00e7ekildi"},"content":{"rendered":"<p>Bloomberg-HT, Habert\u00fcrk ve Show TV\u2019nin de i\u00e7inde bulundu\u011fu Ciner Yay\u0131n Holding\u2019de hisselerin devriyle birlikte Turgay Ciner medya sekt\u00f6r\u00fcnden \u00e7ekildi.  Ciner Medya Grubu&#8217;nun yeni sahibi Bilgi \u00dcniversitesi ve Do\u011fa Kolejleri&#8217;nin de sahibi Can Grup oldu.\u0130STANBUL (\u0130GFA) &#8211; Bloomberg-HT, Show tv ve Habert\u00fcrk de dahil, Ciner grubunun medyadaki t\u00fcm hisselerini Can Grup sat\u0131n ald\u0131.<br \/>\nCiner Yay\u0131n Holding\u2019de hisse sat\u0131\u015f\u0131 ger\u00e7ekle\u015fti. Hisselerin devriyle birlikte Turgay Ciner medya sekt\u00f6r\u00fcnden \u00e7ekilmi\u015f oldu.<\/p>\n<p>Park Grubu&#8217;ndan yap\u0131lan a\u00e7\u0131klamada, &#8220;Park Grubu ana sekt\u00f6r\u00fc olarak maden end\u00fcstrisi alan\u0131nda global liderlik hedefine odaklanma do\u011frultusunda medya yat\u0131r\u0131mlar\u0131n\u0131 sonland\u0131rmaya karar vermi\u015ftir. Bu karar \u00e7er\u00e7evesinde Park Grubu&#8217;nun Ciner Yay\u0131n Holding&#8217;deki hisselerinin tamam\u0131n\u0131n, Bilgi \u00dcniversitesi ve Do\u011fa Kolejleri gibi \u00fclkemizin \u00f6nemli e\u011fitim\/k\u00fclt\u00fcr kurumlar\u0131n\u0131 da b\u00fcnyesinde bulunduran Can Grubu&#8217;na devredilmesine dair s\u00f6zle\u015fme imzalanm\u0131\u015ft\u0131r. Devir, Rekabet Kurulu&#8217;nun onay\u0131ndan sonra y\u00fcr\u00fcrl\u00fc\u011fe girecektir&#8221; ifadeleri yer ald\u0131.<\/p>\n<p>\u200bBloomberg-HT, Habert\u00fcrk ve Show TV\u2019nin de i\u00e7inde bulundu\u011fu Ciner Yay\u0131n Holding\u2019de hisselerin devriyle birlikte Turgay Ciner medya sekt\u00f6r\u00fcnden \u00e7ekildi.  Ciner Medya Grubu&#8217;nun yeni sahibi Bilgi \u00dcniversitesi ve Do\u011fa Kolejleri&#8217;nin de sahibi Can Grup oldu.\u0130STANBUL (\u0130GFA) &#8211; Bloomberg-HT, Show tv ve Habert\u00fcrk de dahil, Ciner grubunun medyadaki t\u00fcm hisselerini Can Grup sat\u0131n ald\u0131.<br \/>\nCiner Yay\u0131n Holding\u2019de hisse sat\u0131\u015f\u0131 ger\u00e7ekle\u015fti. Hisselerin devriyle birlikte Turgay Ciner medya sekt\u00f6r\u00fcnden \u00e7ekilmi\u015f oldu.<\/p>\n<p>Park Grubu&#8217;ndan yap\u0131lan a\u00e7\u0131klamada, &#8220;Park Grubu ana sekt\u00f6r\u00fc olarak maden end\u00fcstrisi alan\u0131nda global liderlik hedefine odaklanma do\u011frultusunda medya yat\u0131r\u0131mlar\u0131n\u0131 sonland\u0131rmaya karar vermi\u015ftir. Bu karar \u00e7er\u00e7evesinde Park Grubu&#8217;nun Ciner Yay\u0131n Holding&#8217;deki hisselerinin tamam\u0131n\u0131n, Bilgi \u00dcniversitesi ve Do\u011fa Kolejleri gibi \u00fclkemizin \u00f6nemli e\u011fitim\/k\u00fclt\u00fcr kurumlar\u0131n\u0131 da b\u00fcnyesinde bulunduran Can Grubu&#8217;na devredilmesine dair s\u00f6zle\u015fme imzalanm\u0131\u015ft\u0131r. Devir, Rekabet Kurulu&#8217;nun onay\u0131ndan sonra y\u00fcr\u00fcrl\u00fc\u011fe girecektir&#8221; ifadeleri yer ald\u0131.\u00a0<\/p>\n<p>\u200bHaberin Al\u0131nt\u0131land\u0131\u011f\u0131 Kaynak: www.iskenderun.org<\/p>","protected":false},"excerpt":{"rendered":"<p>Bloomberg-HT, Habert\u00fcrk ve Show TV\u2019nin de i\u00e7inde bulundu\u011fu Ciner Yay\u0131n Holding\u2019de hisselerin devriyle birlikte Turgay Ciner medya sekt\u00f6r\u00fcnden \u00e7ekildi. Ciner Medya Grubu&#8217;nun yeni sahibi Bilgi \u00dcniversitesi ve Do\u011fa Kolejleri&#8217;nin de sahibi Can Grup oldu.\u0130STANBUL (\u0130GFA) &#8211; Bloomberg-HT, Show tv ve Habert\u00fcrk de dahil, Ciner grubunun medyadaki t\u00fcm hisselerini Can Grup sat\u0131n ald\u0131. Ciner Yay\u0131n Holding\u2019de hisse sat\u0131\u015f\u0131 ger\u00e7ekle\u015fti. Hisselerin devriyle birlikte Turgay Ciner medya sekt\u00f6r\u00fcnden \u00e7ekilmi\u015f oldu. Park Grubu&#8217;ndan yap\u0131lan a\u00e7\u0131klamada, &#8220;Park Grubu ana sekt\u00f6r\u00fc olarak maden end\u00fcstrisi alan\u0131nda global liderlik hedefine odaklanma do\u011frultusunda medya yat\u0131r\u0131mlar\u0131n\u0131 sonland\u0131rmaya karar vermi\u015ftir. Bu karar \u00e7er\u00e7evesinde Park Grubu&#8217;nun Ciner Yay\u0131n Holding&#8217;deki hisselerinin tamam\u0131n\u0131n, Bilgi \u00dcniversitesi ve Do\u011fa Kolejleri gibi \u00fclkemizin \u00f6nemli e\u011fitim\/k\u00fclt\u00fcr kurumlar\u0131n\u0131 da b\u00fcnyesinde bulunduran Can Grubu&#8217;na devredilmesine dair s\u00f6zle\u015fme imzalanm\u0131\u015ft\u0131r. Devir, Rekabet Kurulu&#8217;nun onay\u0131ndan sonra y\u00fcr\u00fcrl\u00fc\u011fe girecektir&#8221; ifadeleri yer ald\u0131. \u200bBloomberg-HT, Habert\u00fcrk ve Show TV\u2019nin de i\u00e7inde bulundu\u011fu Ciner Yay\u0131n Holding\u2019de hisselerin devriyle birlikte Turgay Ciner medya sekt\u00f6r\u00fcnden \u00e7ekildi. Ciner Medya Grubu&#8217;nun yeni sahibi Bilgi \u00dcniversitesi ve Do\u011fa Kolejleri&#8217;nin de sahibi Can Grup oldu.\u0130STANBUL (\u0130GFA) &#8211; Bloomberg-HT, Show tv ve Habert\u00fcrk de dahil, Ciner grubunun medyadaki t\u00fcm hisselerini Can Grup sat\u0131n ald\u0131. Ciner Yay\u0131n Holding\u2019de hisse sat\u0131\u015f\u0131 ger\u00e7ekle\u015fti. Hisselerin devriyle birlikte Turgay Ciner medya sekt\u00f6r\u00fcnden \u00e7ekilmi\u015f oldu. Park Grubu&#8217;ndan yap\u0131lan a\u00e7\u0131klamada, &#8220;Park &hellip;<\/p>","protected":false},"author":0,"featured_media":0,"comment_status":"open","ping_status":"open","sticky":false,"template":"","format":"standard","meta":{"_acf_changed":false,"footnotes":""},"categories":[24,535],"tags":[],"class_list":["post-22080","post","type-post","status-publish","format-standard","has-post-thumbnail","hentry","category-gundem","category-uncategorized-tr"],"acf":[],"yoast_head":"<!-- This site is optimized with the Yoast SEO Premium plugin v26.6 (Yoast SEO v27.1.1) - https:\/\/yoast.com\/product\/yoast-seo-premium-wordpress\/ -->\n<title>Ciner medya sekt\u00f6r\u00fcnden \u00e7ekildi - Av. Deniz Can K\u0131z\u0131l<\/title>\n<meta name=\"robots\" content=\"index, follow, max-snippet:-1, max-image-preview:large, max-video-preview:-1\" \/>\n<link rel=\"canonical\" href=\"https:\/\/denizcankizil.tr\/uk\/haberler\/gundem\/ciner-medya-sektorunden-cekildi\/\" \/>\n<meta property=\"og:locale\" content=\"uk_UA\" \/>\n<meta property=\"og:type\" content=\"article\" \/>\n<meta property=\"og:title\" content=\"Ciner medya sekt\u00f6r\u00fcnden \u00e7ekildi\" \/>\n<meta property=\"og:description\" content=\"Bloomberg-HT, Habert\u00fcrk ve Show TV\u2019nin de i\u00e7inde bulundu\u011fu Ciner Yay\u0131n Holding\u2019de hisselerin devriyle birlikte Turgay Ciner medya sekt\u00f6r\u00fcnden \u00e7ekildi. Ciner Medya Grubu&#8217;nun yeni sahibi Bilgi \u00dcniversitesi ve Do\u011fa Kolejleri&#8217;nin de sahibi Can Grup oldu.\u0130STANBUL (\u0130GFA) &#8211; Bloomberg-HT, Show tv ve Habert\u00fcrk de dahil, Ciner grubunun medyadaki t\u00fcm hisselerini Can Grup sat\u0131n ald\u0131. Ciner Yay\u0131n Holding\u2019de hisse sat\u0131\u015f\u0131 ger\u00e7ekle\u015fti. Hisselerin devriyle birlikte Turgay Ciner medya sekt\u00f6r\u00fcnden \u00e7ekilmi\u015f oldu. Park Grubu&#8217;ndan yap\u0131lan a\u00e7\u0131klamada, &#8220;Park Grubu ana sekt\u00f6r\u00fc olarak maden end\u00fcstrisi alan\u0131nda global liderlik hedefine odaklanma do\u011frultusunda medya yat\u0131r\u0131mlar\u0131n\u0131 sonland\u0131rmaya karar vermi\u015ftir. Bu karar \u00e7er\u00e7evesinde Park Grubu&#8217;nun Ciner Yay\u0131n Holding&#8217;deki hisselerinin tamam\u0131n\u0131n, Bilgi \u00dcniversitesi ve Do\u011fa Kolejleri gibi \u00fclkemizin \u00f6nemli e\u011fitim\/k\u00fclt\u00fcr kurumlar\u0131n\u0131 da b\u00fcnyesinde bulunduran Can Grubu&#8217;na devredilmesine dair s\u00f6zle\u015fme imzalanm\u0131\u015ft\u0131r. Devir, Rekabet Kurulu&#8217;nun onay\u0131ndan sonra y\u00fcr\u00fcrl\u00fc\u011fe girecektir&#8221; ifadeleri yer ald\u0131. \u200bBloomberg-HT, Habert\u00fcrk ve Show TV\u2019nin de i\u00e7inde bulundu\u011fu Ciner Yay\u0131n Holding\u2019de hisselerin devriyle birlikte Turgay Ciner medya sekt\u00f6r\u00fcnden \u00e7ekildi. Ciner Medya Grubu&#8217;nun yeni sahibi Bilgi \u00dcniversitesi ve Do\u011fa Kolejleri&#8217;nin de sahibi Can Grup oldu.\u0130STANBUL (\u0130GFA) &#8211; Bloomberg-HT, Show tv ve Habert\u00fcrk de dahil, Ciner grubunun medyadaki t\u00fcm hisselerini Can Grup sat\u0131n ald\u0131. Ciner Yay\u0131n Holding\u2019de hisse sat\u0131\u015f\u0131 ger\u00e7ekle\u015fti. Hisselerin devriyle birlikte Turgay Ciner medya sekt\u00f6r\u00fcnden \u00e7ekilmi\u015f oldu. Park Grubu&#8217;ndan yap\u0131lan a\u00e7\u0131klamada, &#8220;Park &hellip;\" \/>\n<meta property=\"og:url\" content=\"https:\/\/denizcankizil.tr\/uk\/haberler\/gundem\/ciner-medya-sektorunden-cekildi\/\" \/>\n<meta property=\"og:site_name\" content=\"Av. Deniz Can K\u0131z\u0131l\" \/>\n<meta property=\"article:published_time\" content=\"2024-12-24T20:41:28+00:00\" \/>\n<meta name=\"twitter:card\" content=\"summary_large_image\" \/>\n<meta name=\"twitter:label1\" content=\"\u041f\u0440\u0438\u0431\u043b. \u0447\u0430\u0441 \u0447\u0438\u0442\u0430\u043d\u043d\u044f\" \/>\n\t<meta name=\"twitter:data1\" content=\"2 \u0445\u0432\u0438\u043b\u0438\u043d\u0438\" \/>\n<script type=\"application\/ld+json\" class=\"yoast-schema-graph\">{\"@context\":\"https:\/\/schema.org\",\"@graph\":[{\"@type\":\"Article\",\"@id\":\"https:\/\/denizcankizil.tr\/uk\/haberler\/gundem\/ciner-medya-sektorunden-cekildi\/#article\",\"isPartOf\":{\"@id\":\"https:\/\/denizcankizil.tr\/uk\/haberler\/gundem\/ciner-medya-sektorunden-cekildi\/\"},\"author\":{\"name\":\"\",\"@id\":\"\"},\"headline\":\"Ciner medya sekt\u00f6r\u00fcnden \u00e7ekildi\",\"datePublished\":\"2024-12-24T20:41:28+00:00\",\"mainEntityOfPage\":{\"@id\":\"https:\/\/denizcankizil.tr\/uk\/haberler\/gundem\/ciner-medya-sektorunden-cekildi\/\"},\"wordCount\":382,\"commentCount\":0,\"publisher\":{\"@id\":\"https:\/\/denizcankizil.tr\/de\/#organization\"},\"articleSection\":[\"G\u00fcndem\",\"Uncategorized\"],\"inLanguage\":\"uk\",\"potentialAction\":[{\"@type\":\"CommentAction\",\"name\":\"Comment\",\"target\":[\"https:\/\/denizcankizil.tr\/uk\/haberler\/gundem\/ciner-medya-sektorunden-cekildi\/#respond\"]}]},{\"@type\":\"WebPage\",\"@id\":\"https:\/\/denizcankizil.tr\/uk\/haberler\/gundem\/ciner-medya-sektorunden-cekildi\/\",\"url\":\"https:\/\/denizcankizil.tr\/uk\/haberler\/gundem\/ciner-medya-sektorunden-cekildi\/\",\"name\":\"Ciner medya sekt\u00f6r\u00fcnden \u00e7ekildi - Av. Deniz Can K\u0131z\u0131l\",\"isPartOf\":{\"@id\":\"https:\/\/denizcankizil.tr\/de\/#website\"},\"datePublished\":\"2024-12-24T20:41:28+00:00\",\"breadcrumb\":{\"@id\":\"https:\/\/denizcankizil.tr\/uk\/haberler\/gundem\/ciner-medya-sektorunden-cekildi\/#breadcrumb\"},\"inLanguage\":\"uk\",\"potentialAction\":[{\"@type\":\"ReadAction\",\"target\":[\"https:\/\/denizcankizil.tr\/uk\/haberler\/gundem\/ciner-medya-sektorunden-cekildi\/\"]}]},{\"@type\":\"BreadcrumbList\",\"@id\":\"https:\/\/denizcankizil.tr\/uk\/haberler\/gundem\/ciner-medya-sektorunden-cekildi\/#breadcrumb\",\"itemListElement\":[{\"@type\":\"ListItem\",\"position\":1,\"name\":\"Home\",\"item\":\"https:\/\/denizcankizil.tr\/de\/\"},{\"@type\":\"ListItem\",\"position\":2,\"name\":\"Ciner medya sekt\u00f6r\u00fcnden \u00e7ekildi\"}]},{\"@type\":\"WebSite\",\"@id\":\"https:\/\/denizcankizil.tr\/de\/#website\",\"url\":\"https:\/\/denizcankizil.tr\/de\/\",\"name\":\"Av. Deniz Can K\u0131z\u0131l\",\"description\":\"Avukat Deniz Can K\u0131z\u0131l Antalya Barosu\",\"publisher\":{\"@id\":\"https:\/\/denizcankizil.tr\/de\/#organization\"},\"potentialAction\":[{\"@type\":\"SearchAction\",\"target\":{\"@type\":\"EntryPoint\",\"urlTemplate\":\"https:\/\/denizcankizil.tr\/de\/?s={search_term_string}\"},\"query-input\":{\"@type\":\"PropertyValueSpecification\",\"valueRequired\":true,\"valueName\":\"search_term_string\"}}],\"inLanguage\":\"uk\"},{\"@type\":\"Organization\",\"@id\":\"https:\/\/denizcankizil.tr\/de\/#organization\",\"name\":\"Av. Deniz Can K\u0131z\u0131l\",\"url\":\"https:\/\/denizcankizil.tr\/de\/\",\"logo\":{\"@type\":\"ImageObject\",\"inLanguage\":\"uk\",\"@id\":\"https:\/\/denizcankizil.tr\/de\/#\/schema\/logo\/image\/\",\"url\":\"https:\/\/denizcankizil.tr\/wp-content\/uploads\/2024\/10\/siyah-logo-svg.svg\",\"contentUrl\":\"https:\/\/denizcankizil.tr\/wp-content\/uploads\/2024\/10\/siyah-logo-svg.svg\",\"width\":1080,\"height\":1080,\"caption\":\"Av. Deniz Can K\u0131z\u0131l\"},\"image\":{\"@id\":\"https:\/\/denizcankizil.tr\/de\/#\/schema\/logo\/image\/\"}}]}<\/script>\n<!-- \/ Yoast SEO Premium plugin. -->","yoast_head_json":{"title":"Ciner medya sekt\u00f6r\u00fcnden \u00e7ekildi - Av. Deniz Can K\u0131z\u0131l","robots":{"index":"index","follow":"follow","max-snippet":"max-snippet:-1","max-image-preview":"max-image-preview:large","max-video-preview":"max-video-preview:-1"},"canonical":"https:\/\/denizcankizil.tr\/uk\/haberler\/gundem\/ciner-medya-sektorunden-cekildi\/","og_locale":"uk_UA","og_type":"article","og_title":"Ciner medya sekt\u00f6r\u00fcnden \u00e7ekildi","og_description":"Bloomberg-HT, Habert\u00fcrk ve Show TV\u2019nin de i\u00e7inde bulundu\u011fu Ciner Yay\u0131n Holding\u2019de hisselerin devriyle birlikte Turgay Ciner medya sekt\u00f6r\u00fcnden \u00e7ekildi. Ciner Medya Grubu&#8217;nun yeni sahibi Bilgi \u00dcniversitesi ve Do\u011fa Kolejleri&#8217;nin de sahibi Can Grup oldu.\u0130STANBUL (\u0130GFA) &#8211; Bloomberg-HT, Show tv ve Habert\u00fcrk de dahil, Ciner grubunun medyadaki t\u00fcm hisselerini Can Grup sat\u0131n ald\u0131. Ciner Yay\u0131n Holding\u2019de hisse sat\u0131\u015f\u0131 ger\u00e7ekle\u015fti. Hisselerin devriyle birlikte Turgay Ciner medya sekt\u00f6r\u00fcnden \u00e7ekilmi\u015f oldu. Park Grubu&#8217;ndan yap\u0131lan a\u00e7\u0131klamada, &#8220;Park Grubu ana sekt\u00f6r\u00fc olarak maden end\u00fcstrisi alan\u0131nda global liderlik hedefine odaklanma do\u011frultusunda medya yat\u0131r\u0131mlar\u0131n\u0131 sonland\u0131rmaya karar vermi\u015ftir. Bu karar \u00e7er\u00e7evesinde Park Grubu&#8217;nun Ciner Yay\u0131n Holding&#8217;deki hisselerinin tamam\u0131n\u0131n, Bilgi \u00dcniversitesi ve Do\u011fa Kolejleri gibi \u00fclkemizin \u00f6nemli e\u011fitim\/k\u00fclt\u00fcr kurumlar\u0131n\u0131 da b\u00fcnyesinde bulunduran Can Grubu&#8217;na devredilmesine dair s\u00f6zle\u015fme imzalanm\u0131\u015ft\u0131r. Devir, Rekabet Kurulu&#8217;nun onay\u0131ndan sonra y\u00fcr\u00fcrl\u00fc\u011fe girecektir&#8221; ifadeleri yer ald\u0131. \u200bBloomberg-HT, Habert\u00fcrk ve Show TV\u2019nin de i\u00e7inde bulundu\u011fu Ciner Yay\u0131n Holding\u2019de hisselerin devriyle birlikte Turgay Ciner medya sekt\u00f6r\u00fcnden \u00e7ekildi. Ciner Medya Grubu&#8217;nun yeni sahibi Bilgi \u00dcniversitesi ve Do\u011fa Kolejleri&#8217;nin de sahibi Can Grup oldu.\u0130STANBUL (\u0130GFA) &#8211; Bloomberg-HT, Show tv ve Habert\u00fcrk de dahil, Ciner grubunun medyadaki t\u00fcm hisselerini Can Grup sat\u0131n ald\u0131. Ciner Yay\u0131n Holding\u2019de hisse sat\u0131\u015f\u0131 ger\u00e7ekle\u015fti. Hisselerin devriyle birlikte Turgay Ciner medya sekt\u00f6r\u00fcnden \u00e7ekilmi\u015f oldu. Park Grubu&#8217;ndan yap\u0131lan a\u00e7\u0131klamada, &#8220;Park &hellip;","og_url":"https:\/\/denizcankizil.tr\/uk\/haberler\/gundem\/ciner-medya-sektorunden-cekildi\/","og_site_name":"Av. Deniz Can K\u0131z\u0131l","article_published_time":"2024-12-24T20:41:28+00:00","twitter_card":"summary_large_image","twitter_misc":{"\u041f\u0440\u0438\u0431\u043b. \u0447\u0430\u0441 \u0447\u0438\u0442\u0430\u043d\u043d\u044f":"2 \u0445\u0432\u0438\u043b\u0438\u043d\u0438"},"schema":{"@context":"https:\/\/schema.org","@graph":[{"@type":"Article","@id":"https:\/\/denizcankizil.tr\/uk\/haberler\/gundem\/ciner-medya-sektorunden-cekildi\/#article","isPartOf":{"@id":"https:\/\/denizcankizil.tr\/uk\/haberler\/gundem\/ciner-medya-sektorunden-cekildi\/"},"author":{"name":"","@id":""},"headline":"Ciner medya sekt\u00f6r\u00fcnden \u00e7ekildi","datePublished":"2024-12-24T20:41:28+00:00","mainEntityOfPage":{"@id":"https:\/\/denizcankizil.tr\/uk\/haberler\/gundem\/ciner-medya-sektorunden-cekildi\/"},"wordCount":382,"commentCount":0,"publisher":{"@id":"https:\/\/denizcankizil.tr\/de\/#organization"},"articleSection":["G\u00fcndem","Uncategorized"],"inLanguage":"uk","potentialAction":[{"@type":"CommentAction","name":"Comment","target":["https:\/\/denizcankizil.tr\/uk\/haberler\/gundem\/ciner-medya-sektorunden-cekildi\/#respond"]}]},{"@type":"WebPage","@id":"https:\/\/denizcankizil.tr\/uk\/haberler\/gundem\/ciner-medya-sektorunden-cekildi\/","url":"https:\/\/denizcankizil.tr\/uk\/haberler\/gundem\/ciner-medya-sektorunden-cekildi\/","name":"Ciner medya sekt\u00f6r\u00fcnden \u00e7ekildi - Av. Deniz Can K\u0131z\u0131l","isPartOf":{"@id":"https:\/\/denizcankizil.tr\/de\/#website"},"datePublished":"2024-12-24T20:41:28+00:00","breadcrumb":{"@id":"https:\/\/denizcankizil.tr\/uk\/haberler\/gundem\/ciner-medya-sektorunden-cekildi\/#breadcrumb"},"inLanguage":"uk","potentialAction":[{"@type":"ReadAction","target":["https:\/\/denizcankizil.tr\/uk\/haberler\/gundem\/ciner-medya-sektorunden-cekildi\/"]}]},{"@type":"BreadcrumbList","@id":"https:\/\/denizcankizil.tr\/uk\/haberler\/gundem\/ciner-medya-sektorunden-cekildi\/#breadcrumb","itemListElement":[{"@type":"ListItem","position":1,"name":"Home","item":"https:\/\/denizcankizil.tr\/de\/"},{"@type":"ListItem","position":2,"name":"Ciner medya sekt\u00f6r\u00fcnden \u00e7ekildi"}]},{"@type":"WebSite","@id":"https:\/\/denizcankizil.tr\/de\/#website","url":"https:\/\/denizcankizil.tr\/de\/","name":"Av. Deniz Can K\u0131z\u0131l","description":"Avukat Deniz Can K\u0131z\u0131l Antalya Barosu","publisher":{"@id":"https:\/\/denizcankizil.tr\/de\/#organization"},"potentialAction":[{"@type":"SearchAction","target":{"@type":"EntryPoint","urlTemplate":"https:\/\/denizcankizil.tr\/de\/?s={search_term_string}"},"query-input":{"@type":"PropertyValueSpecification","valueRequired":true,"valueName":"search_term_string"}}],"inLanguage":"uk"},{"@type":"Organization","@id":"https:\/\/denizcankizil.tr\/de\/#organization","name":"Av. Deniz Can K\u0131z\u0131l","url":"https:\/\/denizcankizil.tr\/de\/","logo":{"@type":"ImageObject","inLanguage":"uk","@id":"https:\/\/denizcankizil.tr\/de\/#\/schema\/logo\/image\/","url":"https:\/\/denizcankizil.tr\/wp-content\/uploads\/2024\/10\/siyah-logo-svg.svg","contentUrl":"https:\/\/denizcankizil.tr\/wp-content\/uploads\/2024\/10\/siyah-logo-svg.svg","width":1080,"height":1080,"caption":"Av. Deniz Can K\u0131z\u0131l"},"image":{"@id":"https:\/\/denizcankizil.tr\/de\/#\/schema\/logo\/image\/"}}]}},"_links":{"self":[{"href":"https:\/\/denizcankizil.tr\/uk\/wp-json\/wp\/v2\/posts\/22080","targetHints":{"allow":["GET"]}}],"collection":[{"href":"https:\/\/denizcankizil.tr\/uk\/wp-json\/wp\/v2\/posts"}],"about":[{"href":"https:\/\/denizcankizil.tr\/uk\/wp-json\/wp\/v2\/types\/post"}],"replies":[{"embeddable":true,"href":"https:\/\/denizcankizil.tr\/uk\/wp-json\/wp\/v2\/comments?post=22080"}],"version-history":[{"count":0,"href":"https:\/\/denizcankizil.tr\/uk\/wp-json\/wp\/v2\/posts\/22080\/revisions"}],"wp:attachment":[{"href":"https:\/\/denizcankizil.tr\/uk\/wp-json\/wp\/v2\/media?parent=22080"}],"wp:term":[{"taxonomy":"category","embeddable":true,"href":"https:\/\/denizcankizil.tr\/uk\/wp-json\/wp\/v2\/categories?post=22080"},{"taxonomy":"post_tag","embeddable":true,"href":"https:\/\/denizcankizil.tr\/uk\/wp-json\/wp\/v2\/tags?post=22080"}],"curies":[{"name":"wp","href":"https:\/\/api.w.org\/{rel}","templated":true}]}}